{"id":31912,"date":"2020-10-02T13:30:11","date_gmt":"2020-10-02T11:30:11","guid":{"rendered":"https:\/\/www.psib-psoe.org\/eivissa\/?p=31912"},"modified":"2020-10-02T14:02:02","modified_gmt":"2020-10-02T12:02:02","slug":"josep-mari-ribas-cumplimos-nuestros-compromisos-extension-de-los-erte-y-de-las-ayudas-a-autonomos-hasta-el-31-de-enero-de-2021","status":"publish","type":"post","link":"https:\/\/www.psib-psoe.org\/eivissa\/josep-mari-ribas-cumplimos-nuestros-compromisos-extension-de-los-erte-y-de-las-ayudas-a-autonomos-hasta-el-31-de-enero-de-2021\/","title":{"rendered":"Josep Mar\u00ed Ribas: \u201cCumplimos nuestros compromisos: extensi\u00f3n de los ERTE y de las ayudas a aut\u00f3nomos hasta el 31 de enero de 2021\u201d"},"content":{"rendered":"<p><span style=\"font-weight: 400;\">El secretario general de la Federaci\u00f3n Socialista de Eivissa (FSE-PSOE), Josep Mar\u00ed Ribas, ha valorado muy positivamente el anuncio del Consejo de Ministros de esta semana en favor de los trabajadores y trabajadoras de este pa\u00eds: \u201cCumplimos nuestros compromisos: el Gobierno ha aprobado la extensi\u00f3n de los ERTE y las ayudas a aut\u00f3nomos hasta el 31 de enero de 2021\u201d. El acuerdo alcanzado con los agentes sociales \u201cser\u00e1 especialmente beneficioso para territorios como nuestra isla, donde el impacto de la crisis por la paralizaci\u00f3n del turismo est\u00e1 siendo muy grave\u201d.<\/span><\/p>\n<p><span style=\"font-weight: 400;\">El objetivo del PSOE es claro, seg\u00fan el secretario general de la FSE: \u201cTenemos que superar el oto\u00f1o y el invierno, con la vista puesta en iniciar en 2021 el camino de la recuperaci\u00f3n\u201d y con la confianza \u201cque cada vez estemos m\u00e1s cerca de una soluci\u00f3n m\u00e9dica definitiva en la lucha contra el virus\u201d.<\/span><\/p>\n<p><b>Apoyo al municipio de Eivissa<\/b><\/p>\n<p><span style=\"font-weight: 400;\">Josep Mar\u00ed Ribas ha tenido unas palabras de \u201cespecial apoyo\u201d a la zonas m\u00e1s afectadas por la enfermedad, como est\u00e1 siendo el municipio de Eivissa: \u201cDesde la FSE quiero manifestar mi apoyo, en nombre de todo el partido, a la ciudadan\u00eda de Eivissa. El alcalde, Rafa Ruiz, est\u00e1 trabajando con las autoridades sanitarias del Govern Balear para poner todos los recursos p\u00fablicos que sean necesarios al servicio de la lucha contra el virus. Esta batalla la ganaremos entre todos y todas, pero para conseguirlo necesitamos unidad, apoyo y ser muy responsables con el cumplimiento de las normas, a pesar de que supongan un enorme esfuerzo y sacrificio\u201d.<\/span><\/p>\n<p><span style=\"font-weight: 400;\">La mejora de los datos epidemiol\u00f3gicos de Sant Antoni de Portmany, que permitir\u00e1 a partir de este s\u00e1bado levantar las restricciones en esta zona, \u201ces una muy buena noticia, que demuestra que las medidas est\u00e1n bien encaminadas\u201d.<\/span><\/p>\n<p><span style=\"font-weight: 400;\">Josep Mar\u00ed Ribas afirma que vivimos una \u00e9poca \u201cmuy dif\u00edcil\u201d que \u201cdesde el PSOE abordamos con el compromiso y la prioridad de ayudar a las personas que peor lo est\u00e1n pasando, para que nadie se quede atras, y de garantizar un sistema p\u00fablico de salud al servicio del conjunto de la ciudadan\u00eda, con un personal sanitario del que estamos sintiendo un orgullo inmenso\u201d.<\/span><\/p>\n<p><span style=\"font-weight: 400;\">El secretario general de la FSE tambi\u00e9n ha lanzado un mensaje de \u201capoyo a todas las personas que sufren la enfermedad&#8221; y \u201cmuy especialmente a aquellos que han perdido un ser querido\u201d.\u00a0<\/span><\/p>\n<div class=\"flex-video widescreen youtube\"><iframe loading=\"lazy\" title=\"Josep Mar\u00ed Ribas, missatge del secretari general FSE-PSOE\" width=\"1170\" height=\"658\" src=\"https:\/\/www.youtube.com\/embed\/R_9otknNY-8?feature=oembed&#038;showinfo=0&#038;rel=0&#038;modestbranding=1\" frameborder=\"0\" allow=\"accelerometer; autoplay; clipboard-write; encrypted-media; gyroscope; picture-in-picture\" allowfullscreen><\/iframe><\/div>\n","protected":false},"excerpt":{"rendered":"<p>El secretario general de la Federaci\u00f3n Socialista de Eivissa (FSE-PSOE), Josep Mar\u00ed Ribas, ha valorado muy positivamente el anuncio del Consejo de Ministros de esta semana en favor de los trabajadores y trabajadoras de este pa\u00eds: \u201cCumplimos nuestros compromisos: el Gobierno ha aprobado la extensi\u00f3n de los ERTE y las ayudas a aut\u00f3nomos hasta el&hellip;<\/p>\n","protected":false},"author":7,"featured_media":31918,"comment_status":"closed","ping_status":"closed","sticky":false,"template":"","format":"standard","meta":{"footnotes":""},"categories":[212],"tags":[],"class_list":["post-31912","post","type-post","status-publish","format-standard","has-post-thumbnail","hentry","category-fse-psoe"],"yoast_head":"<!-- This site is optimized with the Yoast SEO plugin v26.9 - https:\/\/yoast.com\/product\/yoast-seo-wordpress\/ -->\n<title>Josep Mar\u00ed Ribas: \u201cCumplimos nuestros compromisos: extensi\u00f3n de los ERTE y de las ayudas a aut\u00f3nomos hasta el 31 de enero de 2021\u201d - Federaci\u00f3 Socialista d&#039;Eivissa<\/title>\n<meta name=\"robots\" content=\"index, follow, max-snippet:-1, max-image-preview:large, max-video-preview:-1\" \/>\n<link rel=\"canonical\" href=\"https:\/\/www.psib-psoe.org\/eivissa\/josep-mari-ribas-cumplimos-nuestros-compromisos-extension-de-los-erte-y-de-las-ayudas-a-autonomos-hasta-el-31-de-enero-de-2021\/\" \/>\n<meta property=\"og:locale\" content=\"ca_ES\" \/>\n<meta property=\"og:type\" content=\"article\" \/>\n<meta property=\"og:title\" content=\"Josep Mar\u00ed Ribas: \u201cCumplimos nuestros compromisos: extensi\u00f3n de los ERTE y de las ayudas a aut\u00f3nomos hasta el 31 de enero de 2021\u201d - Federaci\u00f3 Socialista d&#039;Eivissa\" \/>\n<meta property=\"og:description\" content=\"El secretario general de la Federaci\u00f3n Socialista de Eivissa (FSE-PSOE), Josep Mar\u00ed Ribas, ha valorado muy positivamente el anuncio del Consejo de Ministros de esta semana en favor de los trabajadores y trabajadoras de este pa\u00eds: \u201cCumplimos nuestros compromisos: el Gobierno ha aprobado la extensi\u00f3n de los ERTE y las ayudas a aut\u00f3nomos hasta el&hellip;\" \/>\n<meta property=\"og:url\" content=\"https:\/\/www.psib-psoe.org\/eivissa\/josep-mari-ribas-cumplimos-nuestros-compromisos-extension-de-los-erte-y-de-las-ayudas-a-autonomos-hasta-el-31-de-enero-de-2021\/\" \/>\n<meta property=\"og:site_name\" content=\"Federaci\u00f3 Socialista d&#039;Eivissa\" \/>\n<meta property=\"article:published_time\" content=\"2020-10-02T11:30:11+00:00\" \/>\n<meta property=\"article:modified_time\" content=\"2020-10-02T12:02:02+00:00\" \/>\n<meta property=\"og:image\" content=\"https:\/\/www.psib-psoe.org\/eivissa\/wp-content\/uploads\/IMG_0432-e1601637868733.png\" \/>\n\t<meta property=\"og:image:width\" content=\"1334\" \/>\n\t<meta property=\"og:image:height\" content=\"750\" \/>\n\t<meta property=\"og:image:type\" content=\"image\/png\" \/>\n<meta name=\"author\" content=\"Josep Ripoll\" \/>\n<meta name=\"twitter:card\" content=\"summary_large_image\" \/>\n<meta name=\"twitter:label1\" content=\"Escrit per\" \/>\n\t<meta name=\"twitter:data1\" content=\"Josep Ripoll\" \/>\n\t<meta name=\"twitter:label2\" content=\"Temps estimat de lectura\" \/>\n\t<meta name=\"twitter:data2\" content=\"2 minuts\" \/>\n<script type=\"application\/ld+json\" class=\"yoast-schema-graph\">{\"@context\":\"https:\/\/schema.org\",\"@graph\":[{\"@type\":[\"Article\",\"BlogPosting\"],\"@id\":\"https:\/\/www.psib-psoe.org\/eivissa\/josep-mari-ribas-cumplimos-nuestros-compromisos-extension-de-los-erte-y-de-las-ayudas-a-autonomos-hasta-el-31-de-enero-de-2021\/#article\",\"isPartOf\":{\"@id\":\"https:\/\/www.psib-psoe.org\/eivissa\/josep-mari-ribas-cumplimos-nuestros-compromisos-extension-de-los-erte-y-de-las-ayudas-a-autonomos-hasta-el-31-de-enero-de-2021\/\"},\"author\":{\"name\":\"Josep Ripoll\",\"@id\":\"https:\/\/www.psib-psoe.org\/eivissa\/#\/schema\/person\/7a9d2841fb36f32e34fc0e9b245e8117\"},\"headline\":\"Josep Mar\u00ed Ribas: \u201cCumplimos nuestros compromisos: extensi\u00f3n de los ERTE y de las ayudas a aut\u00f3nomos hasta el 31 de enero de 2021\u201d\",\"datePublished\":\"2020-10-02T11:30:11+00:00\",\"dateModified\":\"2020-10-02T12:02:02+00:00\",\"mainEntityOfPage\":{\"@id\":\"https:\/\/www.psib-psoe.org\/eivissa\/josep-mari-ribas-cumplimos-nuestros-compromisos-extension-de-los-erte-y-de-las-ayudas-a-autonomos-hasta-el-31-de-enero-de-2021\/\"},\"wordCount\":438,\"publisher\":{\"@id\":\"https:\/\/www.psib-psoe.org\/eivissa\/#organization\"},\"image\":{\"@id\":\"https:\/\/www.psib-psoe.org\/eivissa\/josep-mari-ribas-cumplimos-nuestros-compromisos-extension-de-los-erte-y-de-las-ayudas-a-autonomos-hasta-el-31-de-enero-de-2021\/#primaryimage\"},\"thumbnailUrl\":\"https:\/\/www.psib-psoe.org\/eivissa\/wp-content\/uploads\/IMG_0432-e1601637868733.png\",\"articleSection\":[\"FSE-PSOE\"],\"inLanguage\":\"ca\"},{\"@type\":\"WebPage\",\"@id\":\"https:\/\/www.psib-psoe.org\/eivissa\/josep-mari-ribas-cumplimos-nuestros-compromisos-extension-de-los-erte-y-de-las-ayudas-a-autonomos-hasta-el-31-de-enero-de-2021\/\",\"url\":\"https:\/\/www.psib-psoe.org\/eivissa\/josep-mari-ribas-cumplimos-nuestros-compromisos-extension-de-los-erte-y-de-las-ayudas-a-autonomos-hasta-el-31-de-enero-de-2021\/\",\"name\":\"Josep Mar\u00ed Ribas: \u201cCumplimos nuestros compromisos: extensi\u00f3n de los ERTE y de las ayudas a aut\u00f3nomos hasta el 31 de enero de 2021\u201d - Federaci\u00f3 Socialista d&#039;Eivissa\",\"isPartOf\":{\"@id\":\"https:\/\/www.psib-psoe.org\/eivissa\/#website\"},\"primaryImageOfPage\":{\"@id\":\"https:\/\/www.psib-psoe.org\/eivissa\/josep-mari-ribas-cumplimos-nuestros-compromisos-extension-de-los-erte-y-de-las-ayudas-a-autonomos-hasta-el-31-de-enero-de-2021\/#primaryimage\"},\"image\":{\"@id\":\"https:\/\/www.psib-psoe.org\/eivissa\/josep-mari-ribas-cumplimos-nuestros-compromisos-extension-de-los-erte-y-de-las-ayudas-a-autonomos-hasta-el-31-de-enero-de-2021\/#primaryimage\"},\"thumbnailUrl\":\"https:\/\/www.psib-psoe.org\/eivissa\/wp-content\/uploads\/IMG_0432-e1601637868733.png\",\"datePublished\":\"2020-10-02T11:30:11+00:00\",\"dateModified\":\"2020-10-02T12:02:02+00:00\",\"breadcrumb\":{\"@id\":\"https:\/\/www.psib-psoe.org\/eivissa\/josep-mari-ribas-cumplimos-nuestros-compromisos-extension-de-los-erte-y-de-las-ayudas-a-autonomos-hasta-el-31-de-enero-de-2021\/#breadcrumb\"},\"inLanguage\":\"ca\",\"potentialAction\":[{\"@type\":\"ReadAction\",\"target\":[\"https:\/\/www.psib-psoe.org\/eivissa\/josep-mari-ribas-cumplimos-nuestros-compromisos-extension-de-los-erte-y-de-las-ayudas-a-autonomos-hasta-el-31-de-enero-de-2021\/\"]}]},{\"@type\":\"ImageObject\",\"inLanguage\":\"ca\",\"@id\":\"https:\/\/www.psib-psoe.org\/eivissa\/josep-mari-ribas-cumplimos-nuestros-compromisos-extension-de-los-erte-y-de-las-ayudas-a-autonomos-hasta-el-31-de-enero-de-2021\/#primaryimage\",\"url\":\"https:\/\/www.psib-psoe.org\/eivissa\/wp-content\/uploads\/IMG_0432-e1601637868733.png\",\"contentUrl\":\"https:\/\/www.psib-psoe.org\/eivissa\/wp-content\/uploads\/IMG_0432-e1601637868733.png\",\"width\":1334,\"height\":750},{\"@type\":\"BreadcrumbList\",\"@id\":\"https:\/\/www.psib-psoe.org\/eivissa\/josep-mari-ribas-cumplimos-nuestros-compromisos-extension-de-los-erte-y-de-las-ayudas-a-autonomos-hasta-el-31-de-enero-de-2021\/#breadcrumb\",\"itemListElement\":[{\"@type\":\"ListItem\",\"position\":1,\"name\":\"Inici\",\"item\":\"https:\/\/www.psib-psoe.org\/eivissa\/\"},{\"@type\":\"ListItem\",\"position\":2,\"name\":\"Josep Mar\u00ed Ribas: \u201cCumplimos nuestros compromisos: extensi\u00f3n de los ERTE y de las ayudas a aut\u00f3nomos hasta el 31 de enero de 2021\u201d\"}]},{\"@type\":\"WebSite\",\"@id\":\"https:\/\/www.psib-psoe.org\/eivissa\/#website\",\"url\":\"https:\/\/www.psib-psoe.org\/eivissa\/\",\"name\":\"Federaci\u00f3 Socialista d'Eivissa\",\"description\":\"Socialistes d&#039;Eivissa\",\"publisher\":{\"@id\":\"https:\/\/www.psib-psoe.org\/eivissa\/#organization\"},\"potentialAction\":[{\"@type\":\"SearchAction\",\"target\":{\"@type\":\"EntryPoint\",\"urlTemplate\":\"https:\/\/www.psib-psoe.org\/eivissa\/?s={search_term_string}\"},\"query-input\":{\"@type\":\"PropertyValueSpecification\",\"valueRequired\":true,\"valueName\":\"search_term_string\"}}],\"inLanguage\":\"ca\"},{\"@type\":\"Organization\",\"@id\":\"https:\/\/www.psib-psoe.org\/eivissa\/#organization\",\"name\":\"Federaci\u00f3 Socialista d'Eivissa\",\"url\":\"https:\/\/www.psib-psoe.org\/eivissa\/\",\"logo\":{\"@type\":\"ImageObject\",\"inLanguage\":\"ca\",\"@id\":\"https:\/\/www.psib-psoe.org\/eivissa\/#\/schema\/logo\/image\/\",\"url\":\"https:\/\/www.psib-psoe.org\/eivissa\/wp-content\/uploads\/LOGO-FSE-SOCIALISTA-DEIVISSA-HORI.png\",\"contentUrl\":\"https:\/\/www.psib-psoe.org\/eivissa\/wp-content\/uploads\/LOGO-FSE-SOCIALISTA-DEIVISSA-HORI.png\",\"width\":6000,\"height\":3104,\"caption\":\"Federaci\u00f3 Socialista d'Eivissa\"},\"image\":{\"@id\":\"https:\/\/www.psib-psoe.org\/eivissa\/#\/schema\/logo\/image\/\"}},{\"@type\":\"Person\",\"@id\":\"https:\/\/www.psib-psoe.org\/eivissa\/#\/schema\/person\/7a9d2841fb36f32e34fc0e9b245e8117\",\"name\":\"Josep Ripoll\",\"sameAs\":[\"http:\/\/www.psib-psoe.org\/eivissa\/wp-login.php\"],\"url\":\"https:\/\/www.psib-psoe.org\/eivissa\/author\/josep\/\"}]}<\/script>\n<!-- \/ Yoast SEO plugin. -->","yoast_head_json":{"title":"Josep Mar\u00ed Ribas: \u201cCumplimos nuestros compromisos: extensi\u00f3n de los ERTE y de las ayudas a aut\u00f3nomos hasta el 31 de enero de 2021\u201d - Federaci\u00f3 Socialista d&#039;Eivissa","robots":{"index":"index","follow":"follow","max-snippet":"max-snippet:-1","max-image-preview":"max-image-preview:large","max-video-preview":"max-video-preview:-1"},"canonical":"https:\/\/www.psib-psoe.org\/eivissa\/josep-mari-ribas-cumplimos-nuestros-compromisos-extension-de-los-erte-y-de-las-ayudas-a-autonomos-hasta-el-31-de-enero-de-2021\/","og_locale":"ca_ES","og_type":"article","og_title":"Josep Mar\u00ed Ribas: \u201cCumplimos nuestros compromisos: extensi\u00f3n de los ERTE y de las ayudas a aut\u00f3nomos hasta el 31 de enero de 2021\u201d - Federaci\u00f3 Socialista d&#039;Eivissa","og_description":"El secretario general de la Federaci\u00f3n Socialista de Eivissa (FSE-PSOE), Josep Mar\u00ed Ribas, ha valorado muy positivamente el anuncio del Consejo de Ministros de esta semana en favor de los trabajadores y trabajadoras de este pa\u00eds: \u201cCumplimos nuestros compromisos: el Gobierno ha aprobado la extensi\u00f3n de los ERTE y las ayudas a aut\u00f3nomos hasta el&hellip;","og_url":"https:\/\/www.psib-psoe.org\/eivissa\/josep-mari-ribas-cumplimos-nuestros-compromisos-extension-de-los-erte-y-de-las-ayudas-a-autonomos-hasta-el-31-de-enero-de-2021\/","og_site_name":"Federaci\u00f3 Socialista d&#039;Eivissa","article_published_time":"2020-10-02T11:30:11+00:00","article_modified_time":"2020-10-02T12:02:02+00:00","og_image":[{"width":1334,"height":750,"url":"https:\/\/www.psib-psoe.org\/eivissa\/wp-content\/uploads\/IMG_0432-e1601637868733.png","type":"image\/png"}],"author":"Josep Ripoll","twitter_card":"summary_large_image","twitter_misc":{"Escrit per":"Josep Ripoll","Temps estimat de lectura":"2 minuts"},"schema":{"@context":"https:\/\/schema.org","@graph":[{"@type":["Article","BlogPosting"],"@id":"https:\/\/www.psib-psoe.org\/eivissa\/josep-mari-ribas-cumplimos-nuestros-compromisos-extension-de-los-erte-y-de-las-ayudas-a-autonomos-hasta-el-31-de-enero-de-2021\/#article","isPartOf":{"@id":"https:\/\/www.psib-psoe.org\/eivissa\/josep-mari-ribas-cumplimos-nuestros-compromisos-extension-de-los-erte-y-de-las-ayudas-a-autonomos-hasta-el-31-de-enero-de-2021\/"},"author":{"name":"Josep Ripoll","@id":"https:\/\/www.psib-psoe.org\/eivissa\/#\/schema\/person\/7a9d2841fb36f32e34fc0e9b245e8117"},"headline":"Josep Mar\u00ed Ribas: \u201cCumplimos nuestros compromisos: extensi\u00f3n de los ERTE y de las ayudas a aut\u00f3nomos hasta el 31 de enero de 2021\u201d","datePublished":"2020-10-02T11:30:11+00:00","dateModified":"2020-10-02T12:02:02+00:00","mainEntityOfPage":{"@id":"https:\/\/www.psib-psoe.org\/eivissa\/josep-mari-ribas-cumplimos-nuestros-compromisos-extension-de-los-erte-y-de-las-ayudas-a-autonomos-hasta-el-31-de-enero-de-2021\/"},"wordCount":438,"publisher":{"@id":"https:\/\/www.psib-psoe.org\/eivissa\/#organization"},"image":{"@id":"https:\/\/www.psib-psoe.org\/eivissa\/josep-mari-ribas-cumplimos-nuestros-compromisos-extension-de-los-erte-y-de-las-ayudas-a-autonomos-hasta-el-31-de-enero-de-2021\/#primaryimage"},"thumbnailUrl":"https:\/\/www.psib-psoe.org\/eivissa\/wp-content\/uploads\/IMG_0432-e1601637868733.png","articleSection":["FSE-PSOE"],"inLanguage":"ca"},{"@type":"WebPage","@id":"https:\/\/www.psib-psoe.org\/eivissa\/josep-mari-ribas-cumplimos-nuestros-compromisos-extension-de-los-erte-y-de-las-ayudas-a-autonomos-hasta-el-31-de-enero-de-2021\/","url":"https:\/\/www.psib-psoe.org\/eivissa\/josep-mari-ribas-cumplimos-nuestros-compromisos-extension-de-los-erte-y-de-las-ayudas-a-autonomos-hasta-el-31-de-enero-de-2021\/","name":"Josep Mar\u00ed Ribas: \u201cCumplimos nuestros compromisos: extensi\u00f3n de los ERTE y de las ayudas a aut\u00f3nomos hasta el 31 de enero de 2021\u201d - Federaci\u00f3 Socialista d&#039;Eivissa","isPartOf":{"@id":"https:\/\/www.psib-psoe.org\/eivissa\/#website"},"primaryImageOfPage":{"@id":"https:\/\/www.psib-psoe.org\/eivissa\/josep-mari-ribas-cumplimos-nuestros-compromisos-extension-de-los-erte-y-de-las-ayudas-a-autonomos-hasta-el-31-de-enero-de-2021\/#primaryimage"},"image":{"@id":"https:\/\/www.psib-psoe.org\/eivissa\/josep-mari-ribas-cumplimos-nuestros-compromisos-extension-de-los-erte-y-de-las-ayudas-a-autonomos-hasta-el-31-de-enero-de-2021\/#primaryimage"},"thumbnailUrl":"https:\/\/www.psib-psoe.org\/eivissa\/wp-content\/uploads\/IMG_0432-e1601637868733.png","datePublished":"2020-10-02T11:30:11+00:00","dateModified":"2020-10-02T12:02:02+00:00","breadcrumb":{"@id":"https:\/\/www.psib-psoe.org\/eivissa\/josep-mari-ribas-cumplimos-nuestros-compromisos-extension-de-los-erte-y-de-las-ayudas-a-autonomos-hasta-el-31-de-enero-de-2021\/#breadcrumb"},"inLanguage":"ca","potentialAction":[{"@type":"ReadAction","target":["https:\/\/www.psib-psoe.org\/eivissa\/josep-mari-ribas-cumplimos-nuestros-compromisos-extension-de-los-erte-y-de-las-ayudas-a-autonomos-hasta-el-31-de-enero-de-2021\/"]}]},{"@type":"ImageObject","inLanguage":"ca","@id":"https:\/\/www.psib-psoe.org\/eivissa\/josep-mari-ribas-cumplimos-nuestros-compromisos-extension-de-los-erte-y-de-las-ayudas-a-autonomos-hasta-el-31-de-enero-de-2021\/#primaryimage","url":"https:\/\/www.psib-psoe.org\/eivissa\/wp-content\/uploads\/IMG_0432-e1601637868733.png","contentUrl":"https:\/\/www.psib-psoe.org\/eivissa\/wp-content\/uploads\/IMG_0432-e1601637868733.png","width":1334,"height":750},{"@type":"BreadcrumbList","@id":"https:\/\/www.psib-psoe.org\/eivissa\/josep-mari-ribas-cumplimos-nuestros-compromisos-extension-de-los-erte-y-de-las-ayudas-a-autonomos-hasta-el-31-de-enero-de-2021\/#breadcrumb","itemListElement":[{"@type":"ListItem","position":1,"name":"Inici","item":"https:\/\/www.psib-psoe.org\/eivissa\/"},{"@type":"ListItem","position":2,"name":"Josep Mar\u00ed Ribas: \u201cCumplimos nuestros compromisos: extensi\u00f3n de los ERTE y de las ayudas a aut\u00f3nomos hasta el 31 de enero de 2021\u201d"}]},{"@type":"WebSite","@id":"https:\/\/www.psib-psoe.org\/eivissa\/#website","url":"https:\/\/www.psib-psoe.org\/eivissa\/","name":"Federaci\u00f3 Socialista d'Eivissa","description":"Socialistes d&#039;Eivissa","publisher":{"@id":"https:\/\/www.psib-psoe.org\/eivissa\/#organization"},"potentialAction":[{"@type":"SearchAction","target":{"@type":"EntryPoint","urlTemplate":"https:\/\/www.psib-psoe.org\/eivissa\/?s={search_term_string}"},"query-input":{"@type":"PropertyValueSpecification","valueRequired":true,"valueName":"search_term_string"}}],"inLanguage":"ca"},{"@type":"Organization","@id":"https:\/\/www.psib-psoe.org\/eivissa\/#organization","name":"Federaci\u00f3 Socialista d'Eivissa","url":"https:\/\/www.psib-psoe.org\/eivissa\/","logo":{"@type":"ImageObject","inLanguage":"ca","@id":"https:\/\/www.psib-psoe.org\/eivissa\/#\/schema\/logo\/image\/","url":"https:\/\/www.psib-psoe.org\/eivissa\/wp-content\/uploads\/LOGO-FSE-SOCIALISTA-DEIVISSA-HORI.png","contentUrl":"https:\/\/www.psib-psoe.org\/eivissa\/wp-content\/uploads\/LOGO-FSE-SOCIALISTA-DEIVISSA-HORI.png","width":6000,"height":3104,"caption":"Federaci\u00f3 Socialista d'Eivissa"},"image":{"@id":"https:\/\/www.psib-psoe.org\/eivissa\/#\/schema\/logo\/image\/"}},{"@type":"Person","@id":"https:\/\/www.psib-psoe.org\/eivissa\/#\/schema\/person\/7a9d2841fb36f32e34fc0e9b245e8117","name":"Josep Ripoll","sameAs":["http:\/\/www.psib-psoe.org\/eivissa\/wp-login.php"],"url":"https:\/\/www.psib-psoe.org\/eivissa\/author\/josep\/"}]}},"_links":{"self":[{"href":"https:\/\/www.psib-psoe.org\/eivissa\/wp-json\/wp\/v2\/posts\/31912","targetHints":{"allow":["GET"]}}],"collection":[{"href":"https:\/\/www.psib-psoe.org\/eivissa\/wp-json\/wp\/v2\/posts"}],"about":[{"href":"https:\/\/www.psib-psoe.org\/eivissa\/wp-json\/wp\/v2\/types\/post"}],"author":[{"embeddable":true,"href":"https:\/\/www.psib-psoe.org\/eivissa\/wp-json\/wp\/v2\/users\/7"}],"replies":[{"embeddable":true,"href":"https:\/\/www.psib-psoe.org\/eivissa\/wp-json\/wp\/v2\/comments?post=31912"}],"version-history":[{"count":2,"href":"https:\/\/www.psib-psoe.org\/eivissa\/wp-json\/wp\/v2\/posts\/31912\/revisions"}],"predecessor-version":[{"id":31924,"href":"https:\/\/www.psib-psoe.org\/eivissa\/wp-json\/wp\/v2\/posts\/31912\/revisions\/31924"}],"wp:featuredmedia":[{"embeddable":true,"href":"https:\/\/www.psib-psoe.org\/eivissa\/wp-json\/wp\/v2\/media\/31918"}],"wp:attachment":[{"href":"https:\/\/www.psib-psoe.org\/eivissa\/wp-json\/wp\/v2\/media?parent=31912"}],"wp:term":[{"taxonomy":"category","embeddable":true,"href":"https:\/\/www.psib-psoe.org\/eivissa\/wp-json\/wp\/v2\/categories?post=31912"},{"taxonomy":"post_tag","embeddable":true,"href":"https:\/\/www.psib-psoe.org\/eivissa\/wp-json\/wp\/v2\/tags?post=31912"}],"curies":[{"name":"wp","href":"https:\/\/api.w.org\/{rel}","templated":true}]}}