{"id":31932,"date":"2020-10-07T13:14:46","date_gmt":"2020-10-07T11:14:46","guid":{"rendered":"https:\/\/www.psib-psoe.org\/eivissa\/?p=31932"},"modified":"2020-10-07T13:14:46","modified_gmt":"2020-10-07T11:14:46","slug":"el-grup-psoe-exigeix-a-vicent-mari-que-restauri-la-legalitat-en-el-consell-insular-i-que-demani-disculpes-pels-745-000-euros-de-promocio-turistica-adjudicats-sense-cap-empara-legal","status":"publish","type":"post","link":"https:\/\/www.psib-psoe.org\/eivissa\/el-grup-psoe-exigeix-a-vicent-mari-que-restauri-la-legalitat-en-el-consell-insular-i-que-demani-disculpes-pels-745-000-euros-de-promocio-turistica-adjudicats-sense-cap-empara-legal\/","title":{"rendered":"El grup PSOE exigeix a Vicent Mar\u00ed que restauri la legalitat en el Consell Insular i que demani &#8220;disculpes&#8221; pels 745.000 euros de promoci\u00f3 tur\u00edstica adjudicats &#8220;sense cap empara legal&#8221;"},"content":{"rendered":"<p>El grup PSOE ha registrat avui un recurs de reposici\u00f3 contra el decret del president de 8 de setembre pel qual s&#8217;aixecava l&#8217;objecci\u00f3 de la Intervenci\u00f3 del Consell d&#8217;Eivissa al pagament dels contractes de 745.000 euros adjudicats sense concurs p\u00fablic i sense seguir el procediment d&#8217;emerg\u00e8ncia que marca la Llei de contractes. El grup PSOE exigeix que es procedeixi a la nul\u00b7litat dels contractes, tal com havia demanat la Intervenci\u00f3 General del Consell, m\u00e0xim \u00f2rgan de control de la legalitat en la despesa econ\u00f2mica de l&#8217;administraci\u00f3 insular.<\/p>\n<p>L&#8217;anterior president del Consell Insular i portaveu del PSOE, Vicent Torres, acompanyat del conseller i de la consellera socialistes V\u00edctor Torres i Silvia Limones, ha presentat en roda de premsa el recurs de reposici\u00f3, afirmant que l&#8217;assumpte &#8220;\u00e9s molt greu&#8221; i que &#8220;no recordam en aquest Consell Insular una situaci\u00f3 com la que s&#8217;ha produ\u00eft&#8221;, de contractaci\u00f3 de 745.000 euros &#8220;sense cap garantia legal&#8221;.<\/p>\n<p>Vicent Torres ha insistit que &#8220;aix\u00f2 no ho diu el grup PSOE, aix\u00f2 \u00e9s el que diu l&#8217;informe d&#8217;Intervenci\u00f3 General&#8221;, que &#8220;no \u00e9s un \u00f2rgan m\u00e9s, no \u00e9s un informe m\u00e9s, \u00e9s l&#8217;informe m\u00e9s important de tot l&#8217;expedient, i no d\u00f3na lloc a cap dubte&#8221;.<\/p>\n<p>&#8220;No podem permetre un Consell Insular que se salta totes les Lleis &#8216;a la torera&#8217;, adjudicant &#8220;centenars de milers d&#8217;euros sense concurs ni cap procediment legal&#8221;. Amb aquest recurs &#8220;li exigim la nul\u00b7litat del decret que aixeca l&#8217;objecci\u00f3 d&#8217;Intervenci\u00f3 i que es restauri la legalitat en aquest Consell Insular. \u00c9s a dir, que s&#8217;inici\u00ef tamb\u00e9 la nul\u00b7litat de Ple Dret de tots aquests contractes&#8221;, ha manifestat Torres.<\/p>\n<p><strong>Disculpes p\u00fabliques de Vicent Mar\u00ed<\/strong><br \/>\nEl portaveu socialista tamb\u00e9 ha exigit a Vicent Mar\u00ed &#8220;que es disculpi p\u00fablicament davant dels treballadors i les treballadores d&#8217;aquest Consell Insular, la Intervenci\u00f3 primer de tot, i davant del conjunt de la ciutadania de l&#8217;illa, que espera molt m\u00e9s dels nostres governants, crec jo&#8221;. Segons ha dit, &#8220;est\u00e0 en joc el bon nom, no ja d&#8217;aquest equip de govern i del president Vicent Mar\u00ed, sin\u00f3 de tota la instituci\u00f3 del Consell Insular, que no s&#8217;havia trobat amb un expedient aix\u00ed en quaranta anys&#8221;.<\/p>\n<p>Una vegada m\u00e9s, Vicent Torres els ha advertit &#8220;que no li donin la culpa a la pand\u00e8mia, ni als funcionaris d&#8217;aquesta casa. Aqu\u00ed nom\u00e9s hi ha un responsable, i \u00e9s a temps de rectificar.&#8221;<\/p>\n<p>La resposta de Vicent Mar\u00ed &#8220;carregant contra la Intervenci\u00f3 del Consell, \u00e9s inaudita&#8221;, ha afirmat el portaveu del PSOE. Vicent Torres ha citat el comunicat p\u00fablic del Col\u00b7legi d&#8217;Interventors, qui ha qualificat els atacs de Vicent Mar\u00ed com a &#8220;pressions i coaccions&#8221; al funcionariat que vetlla pel compliment de la legalitat de les administracions p\u00fabliques.<\/p>\n<p>&#8220;Atacar a la Intervenci\u00f3 del Consell Insular, m\u00e0xim \u00f2rgan de control de la legalitat d&#8217;aquesta instituci\u00f3, per tapar un expedient que \u00e9s una farsa de principi a final, \u00e9s una sortida lamentable i impr\u00f2pia de la responsabilitat que tenim com a servidors p\u00fablics&#8221;, ha dit Torres.<\/p>\n<p>Segons el portaveu del PSOE, &#8220;la Covid-19 no \u00e9s una excusa perqu\u00e8 el PP i Ciutadans contractin el que vulguin, amb qui vulguin, per l&#8217;import que vulguin. Amb la Covid-19 continuen havent-hi unes lleis i uns procediments que s&#8217;han de complir.&#8221;<\/p>\n<p>En el seu recurs, el grup PSOE recorda que &#8220;la contractaci\u00f3 per la via d&#8217;emerg\u00e8ncia est\u00e0 prevista en la Llei de contractes del sector p\u00fablic, que marca uns procediments legals que en aquest cas no es varen seguir&#8221;.<\/p>\n<p>El portaveu del PSOE tamb\u00e9 s&#8217;ha referit als &#8220;enganys i mentides, un darrere l&#8217;altre&#8221;, per part de l&#8217;equip de govern: &#8220;Per qu\u00e8 diu el president que no es va contractar verbalment, si abans d&#8217;iniciar-se l&#8217;expedient ja s&#8217;estaven buscant localitzacions pel v\u00eddeo?&#8221; &#8220;Com sabia aquesta productora que havia de fer un v\u00eddeo, si l&#8217;expedient no estava ni comen\u00e7at?&#8221;, ha manifestat.<\/p>\n<p>Vicent Torres ha criticat que &#8220;varen muntar l&#8217;expedient despr\u00e9s de parlar amb ells&#8221;. &#8220;Va ser un contracte verbal de llibre&#8221;, fet amb &#8220;maniobres tan rid\u00edcules com demanar un segon pressupost a una productora que no pot treballar amb les administracions p\u00fabliques, per fer veure que l&#8217;altre pressupost era m\u00e9s barat i m\u00e9s convenient&#8221;.<\/p>\n<p>El portaveu del PSOE ha concl\u00f2s que &#8220;\u00e9s molt preocupant veure com es munta una farsa d&#8217;expedient per donar 745.000 euros en contractes p\u00fablics&#8221;, el que suposa &#8220;un esc\u00e0ndol&#8221; de l&#8217;equip de Vicent Mar\u00ed de PP i Ciutadans.<\/p>\n<p>Registrat el recurs de reposici\u00f3 per part del grup PSOE, el Consell Insular t\u00e9 un termini d&#8217;un mes per donar-hi resposta.<\/p>\n","protected":false},"excerpt":{"rendered":"<p>El grup PSOE ha registrat avui un recurs de reposici\u00f3 contra el decret del president de 8 de setembre pel qual s&#8217;aixecava l&#8217;objecci\u00f3 de la Intervenci\u00f3 del Consell d&#8217;Eivissa al pagament dels contractes de 745.000 euros adjudicats sense concurs p\u00fablic i sense seguir el procediment d&#8217;emerg\u00e8ncia que marca la Llei de contractes. El grup PSOE&hellip;<\/p>\n","protected":false},"author":7,"featured_media":31933,"comment_status":"closed","ping_status":"closed","sticky":false,"template":"","format":"standard","meta":{"footnotes":""},"categories":[192,1],"tags":[],"class_list":["post-31932","post","type-post","status-publish","format-standard","has-post-thumbnail","hentry","category-consell-deivissa","category-federacio-de-eivissa-portada"],"yoast_head":"<!-- This site is optimized with the Yoast SEO plugin v26.9 - https:\/\/yoast.com\/product\/yoast-seo-wordpress\/ -->\n<title>El grup PSOE exigeix a Vicent Mar\u00ed que restauri la legalitat en el Consell Insular i que demani &quot;disculpes&quot; pels 745.000 euros de promoci\u00f3 tur\u00edstica adjudicats &quot;sense cap empara legal&quot; - Federaci\u00f3 Socialista d&#039;Eivissa<\/title>\n<meta name=\"robots\" content=\"index, follow, max-snippet:-1, max-image-preview:large, max-video-preview:-1\" \/>\n<link rel=\"canonical\" href=\"https:\/\/www.psib-psoe.org\/eivissa\/el-grup-psoe-exigeix-a-vicent-mari-que-restauri-la-legalitat-en-el-consell-insular-i-que-demani-disculpes-pels-745-000-euros-de-promocio-turistica-adjudicats-sense-cap-empara-legal\/\" \/>\n<meta property=\"og:locale\" content=\"ca_ES\" \/>\n<meta property=\"og:type\" content=\"article\" \/>\n<meta property=\"og:title\" content=\"El grup PSOE exigeix a Vicent Mar\u00ed que restauri la legalitat en el Consell Insular i que demani &quot;disculpes&quot; pels 745.000 euros de promoci\u00f3 tur\u00edstica adjudicats &quot;sense cap empara legal&quot; - Federaci\u00f3 Socialista d&#039;Eivissa\" \/>\n<meta property=\"og:description\" content=\"El grup PSOE ha registrat avui un recurs de reposici\u00f3 contra el decret del president de 8 de setembre pel qual s&#8217;aixecava l&#8217;objecci\u00f3 de la Intervenci\u00f3 del Consell d&#8217;Eivissa al pagament dels contractes de 745.000 euros adjudicats sense concurs p\u00fablic i sense seguir el procediment d&#8217;emerg\u00e8ncia que marca la Llei de contractes. El grup PSOE&hellip;\" \/>\n<meta property=\"og:url\" content=\"https:\/\/www.psib-psoe.org\/eivissa\/el-grup-psoe-exigeix-a-vicent-mari-que-restauri-la-legalitat-en-el-consell-insular-i-que-demani-disculpes-pels-745-000-euros-de-promocio-turistica-adjudicats-sense-cap-empara-legal\/\" \/>\n<meta property=\"og:site_name\" content=\"Federaci\u00f3 Socialista d&#039;Eivissa\" \/>\n<meta property=\"article:published_time\" content=\"2020-10-07T11:14:46+00:00\" \/>\n<meta property=\"og:image\" content=\"https:\/\/www.psib-psoe.org\/eivissa\/wp-content\/uploads\/rdp-recurs.jpg\" \/>\n\t<meta property=\"og:image:width\" content=\"1920\" \/>\n\t<meta property=\"og:image:height\" content=\"1080\" \/>\n\t<meta property=\"og:image:type\" content=\"image\/jpeg\" \/>\n<meta name=\"author\" content=\"Josep Ripoll\" \/>\n<meta name=\"twitter:card\" content=\"summary_large_image\" \/>\n<meta name=\"twitter:label1\" content=\"Escrit per\" \/>\n\t<meta name=\"twitter:data1\" content=\"Josep Ripoll\" \/>\n\t<meta name=\"twitter:label2\" content=\"Temps estimat de lectura\" \/>\n\t<meta name=\"twitter:data2\" content=\"4 minuts\" \/>\n<script type=\"application\/ld+json\" class=\"yoast-schema-graph\">{\"@context\":\"https:\/\/schema.org\",\"@graph\":[{\"@type\":[\"Article\",\"BlogPosting\"],\"@id\":\"https:\/\/www.psib-psoe.org\/eivissa\/el-grup-psoe-exigeix-a-vicent-mari-que-restauri-la-legalitat-en-el-consell-insular-i-que-demani-disculpes-pels-745-000-euros-de-promocio-turistica-adjudicats-sense-cap-empara-legal\/#article\",\"isPartOf\":{\"@id\":\"https:\/\/www.psib-psoe.org\/eivissa\/el-grup-psoe-exigeix-a-vicent-mari-que-restauri-la-legalitat-en-el-consell-insular-i-que-demani-disculpes-pels-745-000-euros-de-promocio-turistica-adjudicats-sense-cap-empara-legal\/\"},\"author\":{\"name\":\"Josep Ripoll\",\"@id\":\"https:\/\/www.psib-psoe.org\/eivissa\/#\/schema\/person\/7a9d2841fb36f32e34fc0e9b245e8117\"},\"headline\":\"El grup PSOE exigeix a Vicent Mar\u00ed que restauri la legalitat en el Consell Insular i que demani &#8220;disculpes&#8221; pels 745.000 euros de promoci\u00f3 tur\u00edstica adjudicats &#8220;sense cap empara legal&#8221;\",\"datePublished\":\"2020-10-07T11:14:46+00:00\",\"mainEntityOfPage\":{\"@id\":\"https:\/\/www.psib-psoe.org\/eivissa\/el-grup-psoe-exigeix-a-vicent-mari-que-restauri-la-legalitat-en-el-consell-insular-i-que-demani-disculpes-pels-745-000-euros-de-promocio-turistica-adjudicats-sense-cap-empara-legal\/\"},\"wordCount\":801,\"publisher\":{\"@id\":\"https:\/\/www.psib-psoe.org\/eivissa\/#organization\"},\"image\":{\"@id\":\"https:\/\/www.psib-psoe.org\/eivissa\/el-grup-psoe-exigeix-a-vicent-mari-que-restauri-la-legalitat-en-el-consell-insular-i-que-demani-disculpes-pels-745-000-euros-de-promocio-turistica-adjudicats-sense-cap-empara-legal\/#primaryimage\"},\"thumbnailUrl\":\"https:\/\/www.psib-psoe.org\/eivissa\/wp-content\/uploads\/rdp-recurs.jpg\",\"articleSection\":[\"Consell d'Eivissa\",\"Federaci\u00f3 d'Eivissa - Portada\"],\"inLanguage\":\"ca\"},{\"@type\":\"WebPage\",\"@id\":\"https:\/\/www.psib-psoe.org\/eivissa\/el-grup-psoe-exigeix-a-vicent-mari-que-restauri-la-legalitat-en-el-consell-insular-i-que-demani-disculpes-pels-745-000-euros-de-promocio-turistica-adjudicats-sense-cap-empara-legal\/\",\"url\":\"https:\/\/www.psib-psoe.org\/eivissa\/el-grup-psoe-exigeix-a-vicent-mari-que-restauri-la-legalitat-en-el-consell-insular-i-que-demani-disculpes-pels-745-000-euros-de-promocio-turistica-adjudicats-sense-cap-empara-legal\/\",\"name\":\"El grup PSOE exigeix a Vicent Mar\u00ed que restauri la legalitat en el Consell Insular i que demani \\\"disculpes\\\" pels 745.000 euros de promoci\u00f3 tur\u00edstica adjudicats \\\"sense cap empara legal\\\" - Federaci\u00f3 Socialista d&#039;Eivissa\",\"isPartOf\":{\"@id\":\"https:\/\/www.psib-psoe.org\/eivissa\/#website\"},\"primaryImageOfPage\":{\"@id\":\"https:\/\/www.psib-psoe.org\/eivissa\/el-grup-psoe-exigeix-a-vicent-mari-que-restauri-la-legalitat-en-el-consell-insular-i-que-demani-disculpes-pels-745-000-euros-de-promocio-turistica-adjudicats-sense-cap-empara-legal\/#primaryimage\"},\"image\":{\"@id\":\"https:\/\/www.psib-psoe.org\/eivissa\/el-grup-psoe-exigeix-a-vicent-mari-que-restauri-la-legalitat-en-el-consell-insular-i-que-demani-disculpes-pels-745-000-euros-de-promocio-turistica-adjudicats-sense-cap-empara-legal\/#primaryimage\"},\"thumbnailUrl\":\"https:\/\/www.psib-psoe.org\/eivissa\/wp-content\/uploads\/rdp-recurs.jpg\",\"datePublished\":\"2020-10-07T11:14:46+00:00\",\"breadcrumb\":{\"@id\":\"https:\/\/www.psib-psoe.org\/eivissa\/el-grup-psoe-exigeix-a-vicent-mari-que-restauri-la-legalitat-en-el-consell-insular-i-que-demani-disculpes-pels-745-000-euros-de-promocio-turistica-adjudicats-sense-cap-empara-legal\/#breadcrumb\"},\"inLanguage\":\"ca\",\"potentialAction\":[{\"@type\":\"ReadAction\",\"target\":[\"https:\/\/www.psib-psoe.org\/eivissa\/el-grup-psoe-exigeix-a-vicent-mari-que-restauri-la-legalitat-en-el-consell-insular-i-que-demani-disculpes-pels-745-000-euros-de-promocio-turistica-adjudicats-sense-cap-empara-legal\/\"]}]},{\"@type\":\"ImageObject\",\"inLanguage\":\"ca\",\"@id\":\"https:\/\/www.psib-psoe.org\/eivissa\/el-grup-psoe-exigeix-a-vicent-mari-que-restauri-la-legalitat-en-el-consell-insular-i-que-demani-disculpes-pels-745-000-euros-de-promocio-turistica-adjudicats-sense-cap-empara-legal\/#primaryimage\",\"url\":\"https:\/\/www.psib-psoe.org\/eivissa\/wp-content\/uploads\/rdp-recurs.jpg\",\"contentUrl\":\"https:\/\/www.psib-psoe.org\/eivissa\/wp-content\/uploads\/rdp-recurs.jpg\",\"width\":1920,\"height\":1080},{\"@type\":\"BreadcrumbList\",\"@id\":\"https:\/\/www.psib-psoe.org\/eivissa\/el-grup-psoe-exigeix-a-vicent-mari-que-restauri-la-legalitat-en-el-consell-insular-i-que-demani-disculpes-pels-745-000-euros-de-promocio-turistica-adjudicats-sense-cap-empara-legal\/#breadcrumb\",\"itemListElement\":[{\"@type\":\"ListItem\",\"position\":1,\"name\":\"Inici\",\"item\":\"https:\/\/www.psib-psoe.org\/eivissa\/\"},{\"@type\":\"ListItem\",\"position\":2,\"name\":\"El grup PSOE exigeix a Vicent Mar\u00ed que restauri la legalitat en el Consell Insular i que demani &#8220;disculpes&#8221; pels 745.000 euros de promoci\u00f3 tur\u00edstica adjudicats &#8220;sense cap empara legal&#8221;\"}]},{\"@type\":\"WebSite\",\"@id\":\"https:\/\/www.psib-psoe.org\/eivissa\/#website\",\"url\":\"https:\/\/www.psib-psoe.org\/eivissa\/\",\"name\":\"Federaci\u00f3 Socialista d'Eivissa\",\"description\":\"Socialistes d&#039;Eivissa\",\"publisher\":{\"@id\":\"https:\/\/www.psib-psoe.org\/eivissa\/#organization\"},\"potentialAction\":[{\"@type\":\"SearchAction\",\"target\":{\"@type\":\"EntryPoint\",\"urlTemplate\":\"https:\/\/www.psib-psoe.org\/eivissa\/?s={search_term_string}\"},\"query-input\":{\"@type\":\"PropertyValueSpecification\",\"valueRequired\":true,\"valueName\":\"search_term_string\"}}],\"inLanguage\":\"ca\"},{\"@type\":\"Organization\",\"@id\":\"https:\/\/www.psib-psoe.org\/eivissa\/#organization\",\"name\":\"Federaci\u00f3 Socialista d'Eivissa\",\"url\":\"https:\/\/www.psib-psoe.org\/eivissa\/\",\"logo\":{\"@type\":\"ImageObject\",\"inLanguage\":\"ca\",\"@id\":\"https:\/\/www.psib-psoe.org\/eivissa\/#\/schema\/logo\/image\/\",\"url\":\"https:\/\/www.psib-psoe.org\/eivissa\/wp-content\/uploads\/LOGO-FSE-SOCIALISTA-DEIVISSA-HORI.png\",\"contentUrl\":\"https:\/\/www.psib-psoe.org\/eivissa\/wp-content\/uploads\/LOGO-FSE-SOCIALISTA-DEIVISSA-HORI.png\",\"width\":6000,\"height\":3104,\"caption\":\"Federaci\u00f3 Socialista d'Eivissa\"},\"image\":{\"@id\":\"https:\/\/www.psib-psoe.org\/eivissa\/#\/schema\/logo\/image\/\"}},{\"@type\":\"Person\",\"@id\":\"https:\/\/www.psib-psoe.org\/eivissa\/#\/schema\/person\/7a9d2841fb36f32e34fc0e9b245e8117\",\"name\":\"Josep Ripoll\",\"sameAs\":[\"http:\/\/www.psib-psoe.org\/eivissa\/wp-login.php\"],\"url\":\"https:\/\/www.psib-psoe.org\/eivissa\/author\/josep\/\"}]}<\/script>\n<!-- \/ Yoast SEO plugin. -->","yoast_head_json":{"title":"El grup PSOE exigeix a Vicent Mar\u00ed que restauri la legalitat en el Consell Insular i que demani \"disculpes\" pels 745.000 euros de promoci\u00f3 tur\u00edstica adjudicats \"sense cap empara legal\" - Federaci\u00f3 Socialista d&#039;Eivissa","robots":{"index":"index","follow":"follow","max-snippet":"max-snippet:-1","max-image-preview":"max-image-preview:large","max-video-preview":"max-video-preview:-1"},"canonical":"https:\/\/www.psib-psoe.org\/eivissa\/el-grup-psoe-exigeix-a-vicent-mari-que-restauri-la-legalitat-en-el-consell-insular-i-que-demani-disculpes-pels-745-000-euros-de-promocio-turistica-adjudicats-sense-cap-empara-legal\/","og_locale":"ca_ES","og_type":"article","og_title":"El grup PSOE exigeix a Vicent Mar\u00ed que restauri la legalitat en el Consell Insular i que demani \"disculpes\" pels 745.000 euros de promoci\u00f3 tur\u00edstica adjudicats \"sense cap empara legal\" - Federaci\u00f3 Socialista d&#039;Eivissa","og_description":"El grup PSOE ha registrat avui un recurs de reposici\u00f3 contra el decret del president de 8 de setembre pel qual s&#8217;aixecava l&#8217;objecci\u00f3 de la Intervenci\u00f3 del Consell d&#8217;Eivissa al pagament dels contractes de 745.000 euros adjudicats sense concurs p\u00fablic i sense seguir el procediment d&#8217;emerg\u00e8ncia que marca la Llei de contractes. El grup PSOE&hellip;","og_url":"https:\/\/www.psib-psoe.org\/eivissa\/el-grup-psoe-exigeix-a-vicent-mari-que-restauri-la-legalitat-en-el-consell-insular-i-que-demani-disculpes-pels-745-000-euros-de-promocio-turistica-adjudicats-sense-cap-empara-legal\/","og_site_name":"Federaci\u00f3 Socialista d&#039;Eivissa","article_published_time":"2020-10-07T11:14:46+00:00","og_image":[{"width":1920,"height":1080,"url":"https:\/\/www.psib-psoe.org\/eivissa\/wp-content\/uploads\/rdp-recurs.jpg","type":"image\/jpeg"}],"author":"Josep Ripoll","twitter_card":"summary_large_image","twitter_misc":{"Escrit per":"Josep Ripoll","Temps estimat de lectura":"4 minuts"},"schema":{"@context":"https:\/\/schema.org","@graph":[{"@type":["Article","BlogPosting"],"@id":"https:\/\/www.psib-psoe.org\/eivissa\/el-grup-psoe-exigeix-a-vicent-mari-que-restauri-la-legalitat-en-el-consell-insular-i-que-demani-disculpes-pels-745-000-euros-de-promocio-turistica-adjudicats-sense-cap-empara-legal\/#article","isPartOf":{"@id":"https:\/\/www.psib-psoe.org\/eivissa\/el-grup-psoe-exigeix-a-vicent-mari-que-restauri-la-legalitat-en-el-consell-insular-i-que-demani-disculpes-pels-745-000-euros-de-promocio-turistica-adjudicats-sense-cap-empara-legal\/"},"author":{"name":"Josep Ripoll","@id":"https:\/\/www.psib-psoe.org\/eivissa\/#\/schema\/person\/7a9d2841fb36f32e34fc0e9b245e8117"},"headline":"El grup PSOE exigeix a Vicent Mar\u00ed que restauri la legalitat en el Consell Insular i que demani &#8220;disculpes&#8221; pels 745.000 euros de promoci\u00f3 tur\u00edstica adjudicats &#8220;sense cap empara legal&#8221;","datePublished":"2020-10-07T11:14:46+00:00","mainEntityOfPage":{"@id":"https:\/\/www.psib-psoe.org\/eivissa\/el-grup-psoe-exigeix-a-vicent-mari-que-restauri-la-legalitat-en-el-consell-insular-i-que-demani-disculpes-pels-745-000-euros-de-promocio-turistica-adjudicats-sense-cap-empara-legal\/"},"wordCount":801,"publisher":{"@id":"https:\/\/www.psib-psoe.org\/eivissa\/#organization"},"image":{"@id":"https:\/\/www.psib-psoe.org\/eivissa\/el-grup-psoe-exigeix-a-vicent-mari-que-restauri-la-legalitat-en-el-consell-insular-i-que-demani-disculpes-pels-745-000-euros-de-promocio-turistica-adjudicats-sense-cap-empara-legal\/#primaryimage"},"thumbnailUrl":"https:\/\/www.psib-psoe.org\/eivissa\/wp-content\/uploads\/rdp-recurs.jpg","articleSection":["Consell d'Eivissa","Federaci\u00f3 d'Eivissa - Portada"],"inLanguage":"ca"},{"@type":"WebPage","@id":"https:\/\/www.psib-psoe.org\/eivissa\/el-grup-psoe-exigeix-a-vicent-mari-que-restauri-la-legalitat-en-el-consell-insular-i-que-demani-disculpes-pels-745-000-euros-de-promocio-turistica-adjudicats-sense-cap-empara-legal\/","url":"https:\/\/www.psib-psoe.org\/eivissa\/el-grup-psoe-exigeix-a-vicent-mari-que-restauri-la-legalitat-en-el-consell-insular-i-que-demani-disculpes-pels-745-000-euros-de-promocio-turistica-adjudicats-sense-cap-empara-legal\/","name":"El grup PSOE exigeix a Vicent Mar\u00ed que restauri la legalitat en el Consell Insular i que demani \"disculpes\" pels 745.000 euros de promoci\u00f3 tur\u00edstica adjudicats \"sense cap empara legal\" - Federaci\u00f3 Socialista d&#039;Eivissa","isPartOf":{"@id":"https:\/\/www.psib-psoe.org\/eivissa\/#website"},"primaryImageOfPage":{"@id":"https:\/\/www.psib-psoe.org\/eivissa\/el-grup-psoe-exigeix-a-vicent-mari-que-restauri-la-legalitat-en-el-consell-insular-i-que-demani-disculpes-pels-745-000-euros-de-promocio-turistica-adjudicats-sense-cap-empara-legal\/#primaryimage"},"image":{"@id":"https:\/\/www.psib-psoe.org\/eivissa\/el-grup-psoe-exigeix-a-vicent-mari-que-restauri-la-legalitat-en-el-consell-insular-i-que-demani-disculpes-pels-745-000-euros-de-promocio-turistica-adjudicats-sense-cap-empara-legal\/#primaryimage"},"thumbnailUrl":"https:\/\/www.psib-psoe.org\/eivissa\/wp-content\/uploads\/rdp-recurs.jpg","datePublished":"2020-10-07T11:14:46+00:00","breadcrumb":{"@id":"https:\/\/www.psib-psoe.org\/eivissa\/el-grup-psoe-exigeix-a-vicent-mari-que-restauri-la-legalitat-en-el-consell-insular-i-que-demani-disculpes-pels-745-000-euros-de-promocio-turistica-adjudicats-sense-cap-empara-legal\/#breadcrumb"},"inLanguage":"ca","potentialAction":[{"@type":"ReadAction","target":["https:\/\/www.psib-psoe.org\/eivissa\/el-grup-psoe-exigeix-a-vicent-mari-que-restauri-la-legalitat-en-el-consell-insular-i-que-demani-disculpes-pels-745-000-euros-de-promocio-turistica-adjudicats-sense-cap-empara-legal\/"]}]},{"@type":"ImageObject","inLanguage":"ca","@id":"https:\/\/www.psib-psoe.org\/eivissa\/el-grup-psoe-exigeix-a-vicent-mari-que-restauri-la-legalitat-en-el-consell-insular-i-que-demani-disculpes-pels-745-000-euros-de-promocio-turistica-adjudicats-sense-cap-empara-legal\/#primaryimage","url":"https:\/\/www.psib-psoe.org\/eivissa\/wp-content\/uploads\/rdp-recurs.jpg","contentUrl":"https:\/\/www.psib-psoe.org\/eivissa\/wp-content\/uploads\/rdp-recurs.jpg","width":1920,"height":1080},{"@type":"BreadcrumbList","@id":"https:\/\/www.psib-psoe.org\/eivissa\/el-grup-psoe-exigeix-a-vicent-mari-que-restauri-la-legalitat-en-el-consell-insular-i-que-demani-disculpes-pels-745-000-euros-de-promocio-turistica-adjudicats-sense-cap-empara-legal\/#breadcrumb","itemListElement":[{"@type":"ListItem","position":1,"name":"Inici","item":"https:\/\/www.psib-psoe.org\/eivissa\/"},{"@type":"ListItem","position":2,"name":"El grup PSOE exigeix a Vicent Mar\u00ed que restauri la legalitat en el Consell Insular i que demani &#8220;disculpes&#8221; pels 745.000 euros de promoci\u00f3 tur\u00edstica adjudicats &#8220;sense cap empara legal&#8221;"}]},{"@type":"WebSite","@id":"https:\/\/www.psib-psoe.org\/eivissa\/#website","url":"https:\/\/www.psib-psoe.org\/eivissa\/","name":"Federaci\u00f3 Socialista d'Eivissa","description":"Socialistes d&#039;Eivissa","publisher":{"@id":"https:\/\/www.psib-psoe.org\/eivissa\/#organization"},"potentialAction":[{"@type":"SearchAction","target":{"@type":"EntryPoint","urlTemplate":"https:\/\/www.psib-psoe.org\/eivissa\/?s={search_term_string}"},"query-input":{"@type":"PropertyValueSpecification","valueRequired":true,"valueName":"search_term_string"}}],"inLanguage":"ca"},{"@type":"Organization","@id":"https:\/\/www.psib-psoe.org\/eivissa\/#organization","name":"Federaci\u00f3 Socialista d'Eivissa","url":"https:\/\/www.psib-psoe.org\/eivissa\/","logo":{"@type":"ImageObject","inLanguage":"ca","@id":"https:\/\/www.psib-psoe.org\/eivissa\/#\/schema\/logo\/image\/","url":"https:\/\/www.psib-psoe.org\/eivissa\/wp-content\/uploads\/LOGO-FSE-SOCIALISTA-DEIVISSA-HORI.png","contentUrl":"https:\/\/www.psib-psoe.org\/eivissa\/wp-content\/uploads\/LOGO-FSE-SOCIALISTA-DEIVISSA-HORI.png","width":6000,"height":3104,"caption":"Federaci\u00f3 Socialista d'Eivissa"},"image":{"@id":"https:\/\/www.psib-psoe.org\/eivissa\/#\/schema\/logo\/image\/"}},{"@type":"Person","@id":"https:\/\/www.psib-psoe.org\/eivissa\/#\/schema\/person\/7a9d2841fb36f32e34fc0e9b245e8117","name":"Josep Ripoll","sameAs":["http:\/\/www.psib-psoe.org\/eivissa\/wp-login.php"],"url":"https:\/\/www.psib-psoe.org\/eivissa\/author\/josep\/"}]}},"_links":{"self":[{"href":"https:\/\/www.psib-psoe.org\/eivissa\/wp-json\/wp\/v2\/posts\/31932","targetHints":{"allow":["GET"]}}],"collection":[{"href":"https:\/\/www.psib-psoe.org\/eivissa\/wp-json\/wp\/v2\/posts"}],"about":[{"href":"https:\/\/www.psib-psoe.org\/eivissa\/wp-json\/wp\/v2\/types\/post"}],"author":[{"embeddable":true,"href":"https:\/\/www.psib-psoe.org\/eivissa\/wp-json\/wp\/v2\/users\/7"}],"replies":[{"embeddable":true,"href":"https:\/\/www.psib-psoe.org\/eivissa\/wp-json\/wp\/v2\/comments?post=31932"}],"version-history":[{"count":1,"href":"https:\/\/www.psib-psoe.org\/eivissa\/wp-json\/wp\/v2\/posts\/31932\/revisions"}],"predecessor-version":[{"id":31935,"href":"https:\/\/www.psib-psoe.org\/eivissa\/wp-json\/wp\/v2\/posts\/31932\/revisions\/31935"}],"wp:featuredmedia":[{"embeddable":true,"href":"https:\/\/www.psib-psoe.org\/eivissa\/wp-json\/wp\/v2\/media\/31933"}],"wp:attachment":[{"href":"https:\/\/www.psib-psoe.org\/eivissa\/wp-json\/wp\/v2\/media?parent=31932"}],"wp:term":[{"taxonomy":"category","embeddable":true,"href":"https:\/\/www.psib-psoe.org\/eivissa\/wp-json\/wp\/v2\/categories?post=31932"},{"taxonomy":"post_tag","embeddable":true,"href":"https:\/\/www.psib-psoe.org\/eivissa\/wp-json\/wp\/v2\/tags?post=31932"}],"curies":[{"name":"wp","href":"https:\/\/api.w.org\/{rel}","templated":true}]}}