{"id":31970,"date":"2020-10-15T13:15:22","date_gmt":"2020-10-15T11:15:22","guid":{"rendered":"https:\/\/www.psib-psoe.org\/eivissa\/?p=31970"},"modified":"2020-10-15T09:50:56","modified_gmt":"2020-10-15T07:50:56","slug":"francina-armengol-pacta-amb-el-govern-despanya-els-protocols-per-obrir-corredors-turistics-segurs","status":"publish","type":"post","link":"https:\/\/www.psib-psoe.org\/eivissa\/francina-armengol-pacta-amb-el-govern-despanya-els-protocols-per-obrir-corredors-turistics-segurs\/","title":{"rendered":"Francina Armengol pacta amb el Govern d&#8217;Espanya els protocols per obrir corredors tur\u00edstics segurs"},"content":{"rendered":"<p>El Govern d&#8217;Espanya ha pactat amb el Govern de les Illes Balears els protocols que s&#8217;exigiran a tercers pa\u00efsos quan sigui possible l&#8217;obertura de corredors tur\u00edstics segurs, i que permetin recuperar el turisme internacional. L&#8217;acord s&#8217;ha produ\u00eft despr\u00e9s d&#8217;una reuni\u00f3 que ha tingut lloc avui horabaixa per videoconfer\u00e8ncia en el si del grup de treball integrat pels tres ministeris implicats del Govern d&#8217;Espanya, i els governs de les Balears i les Can\u00e0ries.<\/p>\n<p>La presidenta del Govern, Francina Armengol, ha participat a la reuni\u00f3 acompanyada pel conseller de Model Econ\u00f2mic, Turisme i Treball, Iago Negueruela, i la directora general de Turisme, Rosana Morillo. Per part del Govern d&#8217;Espanya han participat la ministra d&#8217;Ind\u00fastria, Comer\u00e7 i Turisme, Reyes Maroto, i el secretari d&#8217;Estat de Turisme, Fernando Vald\u00e9s, a m\u00e9s de representants dels ministeris d&#8217;Afers Exteriors, Uni\u00f3 Europea i Cooperaci\u00f3, i de Sanitat; i per part de Govern de Can\u00e0ries, el seu president \u00c1ngel V\u00edctor Torres.<\/p>\n<p>Amb aquesta reuni\u00f3 es d\u00f3na per concl\u00f2s el treball iniciat setmanes enrere per establir les condicions i els protocols necessaris que permetin desenvolupar un turisme segur, quan sigui possible i les taxes d&#8217;incid\u00e8ncia epidemiol\u00f2gica ho permetin.<\/p>\n<p>A partir dels protocols pactats avui, el Govern d&#8217;Espanya comen\u00e7ar\u00e0 a negociar l&#8217;establiment de corredors segurs, quan sigui possible, amb els governs dels mercats emissors de turistes de Balears. En principi, els mercats que es contemplen per iniciar les negociacions inclouen a Regne Unit i Alemanya, tot i que tamb\u00e9 es focalitzaran esfor\u00e7os en altres molt importants com It\u00e0lia.<\/p>\n<p>En el cas de Balears, la negociaci\u00f3 es realitzar\u00e0 de manera diferenciada per illes, tal com va plantejar el conseller de Model Econ\u00f2mic, Turisme i Treball, Iago Negueruela, a l&#8217;secretari d&#8217;Estat de Turisme, Fernando Vald\u00e9s, durant la seva visita oficial a Balears fa dues setmanes, cosa que el Govern d&#8217;Espanya ha valorat i acceptat.<\/p>\n<p>&#8220;\u00c9s un gran acord i un primer pas molt important&#8221;, ha destacat Negueruela despr\u00e9s de la reuni\u00f3. &#8220;Ara hem de centrar-nos en baixar la nostra taxa d&#8217;incid\u00e8ncia&#8221;, ha afegit, &#8220;per\u00f2 ja tenim un acord sobre el qual negociar la recuperaci\u00f3 de cara a la temporada de 2021\u201d.<\/p>\n<p>El responsable de Turisme tamb\u00e9 ha remarcat que &#8220;el que ha fet avui el Govern d&#8217;Espanya \u00e9s diferenciar els territoris insulars de la pen\u00ednsula per a l&#8217;establiment de corredors segurs, fet que suposa un reconeixement de la nostra singularitat, tamb\u00e9 en l&#8217;\u00e0mbit tur\u00edstic&#8221;.<\/p>\n<p><strong>Mesures en origen i destinaci\u00f3<\/strong><\/p>\n<p>Els termes de l&#8217;acord inclouen que el Govern d&#8217;Espanya pacti amb altres pa\u00efsos les mesures que han de complir els seus turistes, tant a l&#8217;arribada a la destinaci\u00f3 tur\u00edstica com quan tornin a casa seva. En aquest sentit, es fa refer\u00e8ncia a la situaci\u00f3 epidemiol\u00f2gica del pa\u00eds emissor de turistes en el moment de el viatge.<\/p>\n<p>Si el territori en q\u00fcesti\u00f3 compta amb una incid\u00e8ncia acumulada de 50 o menys casos per cada 100.000 habitants, el visitant podr\u00e0 despla\u00e7ar-se a l&#8217;arxip\u00e8lag sense necessitat d&#8217;aportar cap tipus de prova m\u00e8dica diagn\u00f2stica addicional.<\/p>\n<p>No obstant aix\u00f2, en el cas que el territori amb el qual el Govern d&#8217;Espanya acordi establir amb corredor tur\u00edstic es trobi en una situaci\u00f3 epidemiol\u00f2gica superior a l&#8217;esmentada anteriorment, el viatger haur\u00e0 d&#8217;arribar amb una prova PCR realitzada en origen que indiqui que no est\u00e0 contagiat per COVID-19.<\/p>\n<p>En aquests casos, tots aquests viatgers hauran de realitzar aquesta prova 48 hores abans de el vol i el resultat d&#8217;aquest test ha de ser negatiu o en cas contrari no podr\u00e0 viatjar. A m\u00e9s, tamb\u00e9 s\u2019haur\u00e0 de pactar algun tipus de control abans que aquests viatgers abandonin territori insular.<\/p>\n<p>El conseller Negueruela ha explicat que durant aquest divendres des del Govern s&#8217;ha mantingut contactes amb els agents econ\u00f2mics i socials de totes les illes, aix\u00ed com amb els Consells insulars i les federacions hoteleres, per mantenir-los a l&#8217;corrent de les converses, tal com s&#8217;ha vingut fent des que es constitu\u00eds aquest grup de treball setmanes enrere.<\/p>\n","protected":false},"excerpt":{"rendered":"<p>El Govern d&#8217;Espanya ha pactat amb el Govern de les Illes Balears els protocols que s&#8217;exigiran a tercers pa\u00efsos quan sigui possible l&#8217;obertura de corredors tur\u00edstics segurs, i que permetin recuperar el turisme internacional. L&#8217;acord s&#8217;ha produ\u00eft despr\u00e9s d&#8217;una reuni\u00f3 que ha tingut lloc avui horabaixa per videoconfer\u00e8ncia en el si del grup de treball&hellip;<\/p>\n","protected":false},"author":7,"featured_media":31971,"comment_status":"closed","ping_status":"closed","sticky":false,"template":"","format":"standard","meta":{"footnotes":""},"categories":[254,1,191],"tags":[],"class_list":["post-31970","post","type-post","status-publish","format-standard","has-post-thumbnail","hentry","category-covid-19","category-federacio-de-eivissa-portada","category-govern-de-les-illes-balears-parlament"],"yoast_head":"<!-- This site is optimized with the Yoast SEO plugin v26.9 - https:\/\/yoast.com\/product\/yoast-seo-wordpress\/ -->\n<title>Francina Armengol pacta amb el Govern d&#039;Espanya els protocols per obrir corredors tur\u00edstics segurs - Federaci\u00f3 Socialista d&#039;Eivissa<\/title>\n<meta name=\"robots\" content=\"index, follow, max-snippet:-1, max-image-preview:large, max-video-preview:-1\" \/>\n<link rel=\"canonical\" href=\"https:\/\/www.psib-psoe.org\/eivissa\/francina-armengol-pacta-amb-el-govern-despanya-els-protocols-per-obrir-corredors-turistics-segurs\/\" \/>\n<meta property=\"og:locale\" content=\"ca_ES\" \/>\n<meta property=\"og:type\" content=\"article\" \/>\n<meta property=\"og:title\" content=\"Francina Armengol pacta amb el Govern d&#039;Espanya els protocols per obrir corredors tur\u00edstics segurs - Federaci\u00f3 Socialista d&#039;Eivissa\" \/>\n<meta property=\"og:description\" content=\"El Govern d&#8217;Espanya ha pactat amb el Govern de les Illes Balears els protocols que s&#8217;exigiran a tercers pa\u00efsos quan sigui possible l&#8217;obertura de corredors tur\u00edstics segurs, i que permetin recuperar el turisme internacional. L&#8217;acord s&#8217;ha produ\u00eft despr\u00e9s d&#8217;una reuni\u00f3 que ha tingut lloc avui horabaixa per videoconfer\u00e8ncia en el si del grup de treball&hellip;\" \/>\n<meta property=\"og:url\" content=\"https:\/\/www.psib-psoe.org\/eivissa\/francina-armengol-pacta-amb-el-govern-despanya-els-protocols-per-obrir-corredors-turistics-segurs\/\" \/>\n<meta property=\"og:site_name\" content=\"Federaci\u00f3 Socialista d&#039;Eivissa\" \/>\n<meta property=\"article:published_time\" content=\"2020-10-15T11:15:22+00:00\" \/>\n<meta property=\"og:image\" content=\"https:\/\/www.psib-psoe.org\/eivissa\/wp-content\/uploads\/francina-i-iago-1024x683.jpg\" \/>\n\t<meta property=\"og:image:width\" content=\"1024\" \/>\n\t<meta property=\"og:image:height\" content=\"683\" \/>\n\t<meta property=\"og:image:type\" content=\"image\/jpeg\" \/>\n<meta name=\"author\" content=\"Josep Ripoll\" \/>\n<meta name=\"twitter:card\" content=\"summary_large_image\" \/>\n<meta name=\"twitter:label1\" content=\"Escrit per\" \/>\n\t<meta name=\"twitter:data1\" content=\"Josep Ripoll\" \/>\n\t<meta name=\"twitter:label2\" content=\"Temps estimat de lectura\" \/>\n\t<meta name=\"twitter:data2\" content=\"3 minuts\" \/>\n<script type=\"application\/ld+json\" class=\"yoast-schema-graph\">{\"@context\":\"https:\/\/schema.org\",\"@graph\":[{\"@type\":[\"Article\",\"BlogPosting\"],\"@id\":\"https:\/\/www.psib-psoe.org\/eivissa\/francina-armengol-pacta-amb-el-govern-despanya-els-protocols-per-obrir-corredors-turistics-segurs\/#article\",\"isPartOf\":{\"@id\":\"https:\/\/www.psib-psoe.org\/eivissa\/francina-armengol-pacta-amb-el-govern-despanya-els-protocols-per-obrir-corredors-turistics-segurs\/\"},\"author\":{\"name\":\"Josep Ripoll\",\"@id\":\"https:\/\/www.psib-psoe.org\/eivissa\/#\/schema\/person\/7a9d2841fb36f32e34fc0e9b245e8117\"},\"headline\":\"Francina Armengol pacta amb el Govern d&#8217;Espanya els protocols per obrir corredors tur\u00edstics segurs\",\"datePublished\":\"2020-10-15T11:15:22+00:00\",\"mainEntityOfPage\":{\"@id\":\"https:\/\/www.psib-psoe.org\/eivissa\/francina-armengol-pacta-amb-el-govern-despanya-els-protocols-per-obrir-corredors-turistics-segurs\/\"},\"wordCount\":698,\"publisher\":{\"@id\":\"https:\/\/www.psib-psoe.org\/eivissa\/#organization\"},\"image\":{\"@id\":\"https:\/\/www.psib-psoe.org\/eivissa\/francina-armengol-pacta-amb-el-govern-despanya-els-protocols-per-obrir-corredors-turistics-segurs\/#primaryimage\"},\"thumbnailUrl\":\"https:\/\/www.psib-psoe.org\/eivissa\/wp-content\/uploads\/francina-i-iago.jpg\",\"articleSection\":[\"Covid-19\",\"Federaci\u00f3 d'Eivissa - Portada\",\"Govern de les Illes Balears - Parlament - PSIB-PSOE\"],\"inLanguage\":\"ca\"},{\"@type\":\"WebPage\",\"@id\":\"https:\/\/www.psib-psoe.org\/eivissa\/francina-armengol-pacta-amb-el-govern-despanya-els-protocols-per-obrir-corredors-turistics-segurs\/\",\"url\":\"https:\/\/www.psib-psoe.org\/eivissa\/francina-armengol-pacta-amb-el-govern-despanya-els-protocols-per-obrir-corredors-turistics-segurs\/\",\"name\":\"Francina Armengol pacta amb el Govern d'Espanya els protocols per obrir corredors tur\u00edstics segurs - Federaci\u00f3 Socialista d&#039;Eivissa\",\"isPartOf\":{\"@id\":\"https:\/\/www.psib-psoe.org\/eivissa\/#website\"},\"primaryImageOfPage\":{\"@id\":\"https:\/\/www.psib-psoe.org\/eivissa\/francina-armengol-pacta-amb-el-govern-despanya-els-protocols-per-obrir-corredors-turistics-segurs\/#primaryimage\"},\"image\":{\"@id\":\"https:\/\/www.psib-psoe.org\/eivissa\/francina-armengol-pacta-amb-el-govern-despanya-els-protocols-per-obrir-corredors-turistics-segurs\/#primaryimage\"},\"thumbnailUrl\":\"https:\/\/www.psib-psoe.org\/eivissa\/wp-content\/uploads\/francina-i-iago.jpg\",\"datePublished\":\"2020-10-15T11:15:22+00:00\",\"breadcrumb\":{\"@id\":\"https:\/\/www.psib-psoe.org\/eivissa\/francina-armengol-pacta-amb-el-govern-despanya-els-protocols-per-obrir-corredors-turistics-segurs\/#breadcrumb\"},\"inLanguage\":\"ca\",\"potentialAction\":[{\"@type\":\"ReadAction\",\"target\":[\"https:\/\/www.psib-psoe.org\/eivissa\/francina-armengol-pacta-amb-el-govern-despanya-els-protocols-per-obrir-corredors-turistics-segurs\/\"]}]},{\"@type\":\"ImageObject\",\"inLanguage\":\"ca\",\"@id\":\"https:\/\/www.psib-psoe.org\/eivissa\/francina-armengol-pacta-amb-el-govern-despanya-els-protocols-per-obrir-corredors-turistics-segurs\/#primaryimage\",\"url\":\"https:\/\/www.psib-psoe.org\/eivissa\/wp-content\/uploads\/francina-i-iago.jpg\",\"contentUrl\":\"https:\/\/www.psib-psoe.org\/eivissa\/wp-content\/uploads\/francina-i-iago.jpg\",\"width\":4263,\"height\":2842},{\"@type\":\"BreadcrumbList\",\"@id\":\"https:\/\/www.psib-psoe.org\/eivissa\/francina-armengol-pacta-amb-el-govern-despanya-els-protocols-per-obrir-corredors-turistics-segurs\/#breadcrumb\",\"itemListElement\":[{\"@type\":\"ListItem\",\"position\":1,\"name\":\"Inici\",\"item\":\"https:\/\/www.psib-psoe.org\/eivissa\/\"},{\"@type\":\"ListItem\",\"position\":2,\"name\":\"Francina Armengol pacta amb el Govern d&#8217;Espanya els protocols per obrir corredors tur\u00edstics segurs\"}]},{\"@type\":\"WebSite\",\"@id\":\"https:\/\/www.psib-psoe.org\/eivissa\/#website\",\"url\":\"https:\/\/www.psib-psoe.org\/eivissa\/\",\"name\":\"Federaci\u00f3 Socialista d'Eivissa\",\"description\":\"Socialistes d&#039;Eivissa\",\"publisher\":{\"@id\":\"https:\/\/www.psib-psoe.org\/eivissa\/#organization\"},\"potentialAction\":[{\"@type\":\"SearchAction\",\"target\":{\"@type\":\"EntryPoint\",\"urlTemplate\":\"https:\/\/www.psib-psoe.org\/eivissa\/?s={search_term_string}\"},\"query-input\":{\"@type\":\"PropertyValueSpecification\",\"valueRequired\":true,\"valueName\":\"search_term_string\"}}],\"inLanguage\":\"ca\"},{\"@type\":\"Organization\",\"@id\":\"https:\/\/www.psib-psoe.org\/eivissa\/#organization\",\"name\":\"Federaci\u00f3 Socialista d'Eivissa\",\"url\":\"https:\/\/www.psib-psoe.org\/eivissa\/\",\"logo\":{\"@type\":\"ImageObject\",\"inLanguage\":\"ca\",\"@id\":\"https:\/\/www.psib-psoe.org\/eivissa\/#\/schema\/logo\/image\/\",\"url\":\"https:\/\/www.psib-psoe.org\/eivissa\/wp-content\/uploads\/LOGO-FSE-SOCIALISTA-DEIVISSA-HORI.png\",\"contentUrl\":\"https:\/\/www.psib-psoe.org\/eivissa\/wp-content\/uploads\/LOGO-FSE-SOCIALISTA-DEIVISSA-HORI.png\",\"width\":6000,\"height\":3104,\"caption\":\"Federaci\u00f3 Socialista d'Eivissa\"},\"image\":{\"@id\":\"https:\/\/www.psib-psoe.org\/eivissa\/#\/schema\/logo\/image\/\"}},{\"@type\":\"Person\",\"@id\":\"https:\/\/www.psib-psoe.org\/eivissa\/#\/schema\/person\/7a9d2841fb36f32e34fc0e9b245e8117\",\"name\":\"Josep Ripoll\",\"sameAs\":[\"http:\/\/www.psib-psoe.org\/eivissa\/wp-login.php\"],\"url\":\"https:\/\/www.psib-psoe.org\/eivissa\/author\/josep\/\"}]}<\/script>\n<!-- \/ Yoast SEO plugin. -->","yoast_head_json":{"title":"Francina Armengol pacta amb el Govern d'Espanya els protocols per obrir corredors tur\u00edstics segurs - Federaci\u00f3 Socialista d&#039;Eivissa","robots":{"index":"index","follow":"follow","max-snippet":"max-snippet:-1","max-image-preview":"max-image-preview:large","max-video-preview":"max-video-preview:-1"},"canonical":"https:\/\/www.psib-psoe.org\/eivissa\/francina-armengol-pacta-amb-el-govern-despanya-els-protocols-per-obrir-corredors-turistics-segurs\/","og_locale":"ca_ES","og_type":"article","og_title":"Francina Armengol pacta amb el Govern d'Espanya els protocols per obrir corredors tur\u00edstics segurs - Federaci\u00f3 Socialista d&#039;Eivissa","og_description":"El Govern d&#8217;Espanya ha pactat amb el Govern de les Illes Balears els protocols que s&#8217;exigiran a tercers pa\u00efsos quan sigui possible l&#8217;obertura de corredors tur\u00edstics segurs, i que permetin recuperar el turisme internacional. L&#8217;acord s&#8217;ha produ\u00eft despr\u00e9s d&#8217;una reuni\u00f3 que ha tingut lloc avui horabaixa per videoconfer\u00e8ncia en el si del grup de treball&hellip;","og_url":"https:\/\/www.psib-psoe.org\/eivissa\/francina-armengol-pacta-amb-el-govern-despanya-els-protocols-per-obrir-corredors-turistics-segurs\/","og_site_name":"Federaci\u00f3 Socialista d&#039;Eivissa","article_published_time":"2020-10-15T11:15:22+00:00","og_image":[{"width":1024,"height":683,"url":"https:\/\/www.psib-psoe.org\/eivissa\/wp-content\/uploads\/francina-i-iago-1024x683.jpg","type":"image\/jpeg"}],"author":"Josep Ripoll","twitter_card":"summary_large_image","twitter_misc":{"Escrit per":"Josep Ripoll","Temps estimat de lectura":"3 minuts"},"schema":{"@context":"https:\/\/schema.org","@graph":[{"@type":["Article","BlogPosting"],"@id":"https:\/\/www.psib-psoe.org\/eivissa\/francina-armengol-pacta-amb-el-govern-despanya-els-protocols-per-obrir-corredors-turistics-segurs\/#article","isPartOf":{"@id":"https:\/\/www.psib-psoe.org\/eivissa\/francina-armengol-pacta-amb-el-govern-despanya-els-protocols-per-obrir-corredors-turistics-segurs\/"},"author":{"name":"Josep Ripoll","@id":"https:\/\/www.psib-psoe.org\/eivissa\/#\/schema\/person\/7a9d2841fb36f32e34fc0e9b245e8117"},"headline":"Francina Armengol pacta amb el Govern d&#8217;Espanya els protocols per obrir corredors tur\u00edstics segurs","datePublished":"2020-10-15T11:15:22+00:00","mainEntityOfPage":{"@id":"https:\/\/www.psib-psoe.org\/eivissa\/francina-armengol-pacta-amb-el-govern-despanya-els-protocols-per-obrir-corredors-turistics-segurs\/"},"wordCount":698,"publisher":{"@id":"https:\/\/www.psib-psoe.org\/eivissa\/#organization"},"image":{"@id":"https:\/\/www.psib-psoe.org\/eivissa\/francina-armengol-pacta-amb-el-govern-despanya-els-protocols-per-obrir-corredors-turistics-segurs\/#primaryimage"},"thumbnailUrl":"https:\/\/www.psib-psoe.org\/eivissa\/wp-content\/uploads\/francina-i-iago.jpg","articleSection":["Covid-19","Federaci\u00f3 d'Eivissa - Portada","Govern de les Illes Balears - Parlament - PSIB-PSOE"],"inLanguage":"ca"},{"@type":"WebPage","@id":"https:\/\/www.psib-psoe.org\/eivissa\/francina-armengol-pacta-amb-el-govern-despanya-els-protocols-per-obrir-corredors-turistics-segurs\/","url":"https:\/\/www.psib-psoe.org\/eivissa\/francina-armengol-pacta-amb-el-govern-despanya-els-protocols-per-obrir-corredors-turistics-segurs\/","name":"Francina Armengol pacta amb el Govern d'Espanya els protocols per obrir corredors tur\u00edstics segurs - Federaci\u00f3 Socialista d&#039;Eivissa","isPartOf":{"@id":"https:\/\/www.psib-psoe.org\/eivissa\/#website"},"primaryImageOfPage":{"@id":"https:\/\/www.psib-psoe.org\/eivissa\/francina-armengol-pacta-amb-el-govern-despanya-els-protocols-per-obrir-corredors-turistics-segurs\/#primaryimage"},"image":{"@id":"https:\/\/www.psib-psoe.org\/eivissa\/francina-armengol-pacta-amb-el-govern-despanya-els-protocols-per-obrir-corredors-turistics-segurs\/#primaryimage"},"thumbnailUrl":"https:\/\/www.psib-psoe.org\/eivissa\/wp-content\/uploads\/francina-i-iago.jpg","datePublished":"2020-10-15T11:15:22+00:00","breadcrumb":{"@id":"https:\/\/www.psib-psoe.org\/eivissa\/francina-armengol-pacta-amb-el-govern-despanya-els-protocols-per-obrir-corredors-turistics-segurs\/#breadcrumb"},"inLanguage":"ca","potentialAction":[{"@type":"ReadAction","target":["https:\/\/www.psib-psoe.org\/eivissa\/francina-armengol-pacta-amb-el-govern-despanya-els-protocols-per-obrir-corredors-turistics-segurs\/"]}]},{"@type":"ImageObject","inLanguage":"ca","@id":"https:\/\/www.psib-psoe.org\/eivissa\/francina-armengol-pacta-amb-el-govern-despanya-els-protocols-per-obrir-corredors-turistics-segurs\/#primaryimage","url":"https:\/\/www.psib-psoe.org\/eivissa\/wp-content\/uploads\/francina-i-iago.jpg","contentUrl":"https:\/\/www.psib-psoe.org\/eivissa\/wp-content\/uploads\/francina-i-iago.jpg","width":4263,"height":2842},{"@type":"BreadcrumbList","@id":"https:\/\/www.psib-psoe.org\/eivissa\/francina-armengol-pacta-amb-el-govern-despanya-els-protocols-per-obrir-corredors-turistics-segurs\/#breadcrumb","itemListElement":[{"@type":"ListItem","position":1,"name":"Inici","item":"https:\/\/www.psib-psoe.org\/eivissa\/"},{"@type":"ListItem","position":2,"name":"Francina Armengol pacta amb el Govern d&#8217;Espanya els protocols per obrir corredors tur\u00edstics segurs"}]},{"@type":"WebSite","@id":"https:\/\/www.psib-psoe.org\/eivissa\/#website","url":"https:\/\/www.psib-psoe.org\/eivissa\/","name":"Federaci\u00f3 Socialista d'Eivissa","description":"Socialistes d&#039;Eivissa","publisher":{"@id":"https:\/\/www.psib-psoe.org\/eivissa\/#organization"},"potentialAction":[{"@type":"SearchAction","target":{"@type":"EntryPoint","urlTemplate":"https:\/\/www.psib-psoe.org\/eivissa\/?s={search_term_string}"},"query-input":{"@type":"PropertyValueSpecification","valueRequired":true,"valueName":"search_term_string"}}],"inLanguage":"ca"},{"@type":"Organization","@id":"https:\/\/www.psib-psoe.org\/eivissa\/#organization","name":"Federaci\u00f3 Socialista d'Eivissa","url":"https:\/\/www.psib-psoe.org\/eivissa\/","logo":{"@type":"ImageObject","inLanguage":"ca","@id":"https:\/\/www.psib-psoe.org\/eivissa\/#\/schema\/logo\/image\/","url":"https:\/\/www.psib-psoe.org\/eivissa\/wp-content\/uploads\/LOGO-FSE-SOCIALISTA-DEIVISSA-HORI.png","contentUrl":"https:\/\/www.psib-psoe.org\/eivissa\/wp-content\/uploads\/LOGO-FSE-SOCIALISTA-DEIVISSA-HORI.png","width":6000,"height":3104,"caption":"Federaci\u00f3 Socialista d'Eivissa"},"image":{"@id":"https:\/\/www.psib-psoe.org\/eivissa\/#\/schema\/logo\/image\/"}},{"@type":"Person","@id":"https:\/\/www.psib-psoe.org\/eivissa\/#\/schema\/person\/7a9d2841fb36f32e34fc0e9b245e8117","name":"Josep Ripoll","sameAs":["http:\/\/www.psib-psoe.org\/eivissa\/wp-login.php"],"url":"https:\/\/www.psib-psoe.org\/eivissa\/author\/josep\/"}]}},"_links":{"self":[{"href":"https:\/\/www.psib-psoe.org\/eivissa\/wp-json\/wp\/v2\/posts\/31970","targetHints":{"allow":["GET"]}}],"collection":[{"href":"https:\/\/www.psib-psoe.org\/eivissa\/wp-json\/wp\/v2\/posts"}],"about":[{"href":"https:\/\/www.psib-psoe.org\/eivissa\/wp-json\/wp\/v2\/types\/post"}],"author":[{"embeddable":true,"href":"https:\/\/www.psib-psoe.org\/eivissa\/wp-json\/wp\/v2\/users\/7"}],"replies":[{"embeddable":true,"href":"https:\/\/www.psib-psoe.org\/eivissa\/wp-json\/wp\/v2\/comments?post=31970"}],"version-history":[{"count":2,"href":"https:\/\/www.psib-psoe.org\/eivissa\/wp-json\/wp\/v2\/posts\/31970\/revisions"}],"predecessor-version":[{"id":31976,"href":"https:\/\/www.psib-psoe.org\/eivissa\/wp-json\/wp\/v2\/posts\/31970\/revisions\/31976"}],"wp:featuredmedia":[{"embeddable":true,"href":"https:\/\/www.psib-psoe.org\/eivissa\/wp-json\/wp\/v2\/media\/31971"}],"wp:attachment":[{"href":"https:\/\/www.psib-psoe.org\/eivissa\/wp-json\/wp\/v2\/media?parent=31970"}],"wp:term":[{"taxonomy":"category","embeddable":true,"href":"https:\/\/www.psib-psoe.org\/eivissa\/wp-json\/wp\/v2\/categories?post=31970"},{"taxonomy":"post_tag","embeddable":true,"href":"https:\/\/www.psib-psoe.org\/eivissa\/wp-json\/wp\/v2\/tags?post=31970"}],"curies":[{"name":"wp","href":"https:\/\/api.w.org\/{rel}","templated":true}]}}