{"id":32218,"date":"2020-11-10T13:22:21","date_gmt":"2020-11-10T11:22:21","guid":{"rendered":"https:\/\/www.psib-psoe.org\/eivissa\/?p=32218"},"modified":"2020-11-19T11:40:42","modified_gmt":"2020-11-19T09:40:42","slug":"el-grup-psoe-demana-al-consell-insular-lampliacio-del-termini-dajudes-per-la-covid-i-lincrement-de-la-partida-economica","status":"publish","type":"post","link":"https:\/\/www.psib-psoe.org\/eivissa\/el-grup-psoe-demana-al-consell-insular-lampliacio-del-termini-dajudes-per-la-covid-i-lincrement-de-la-partida-economica\/","title":{"rendered":"El grup PSOE demana al Consell Insular l&#8217;ampliaci\u00f3 del termini d&#8217;ajudes per la Covid i l&#8217;increment de la partida econ\u00f2mica"},"content":{"rendered":"<p>El grup PSOE demana p\u00fablicament al Consell Insular l&#8217;ampliaci\u00f3 del termini per sol\u00b7licitar les ajudes socials per la Covid aix\u00ed com l&#8217;increment de la partida econ\u00f2mica, en el cas que sigui insuficient per atendre totes les demandes. Tamb\u00e9 considera que s&#8217;ha de refor\u00e7ar urgentment el servei de l&#8217;Oficina d&#8217;Atenci\u00f3 a la Ciutadania, per evitar que es tornin a repetir les llargues coues que s&#8217;estan produint des de fa dies a les portes del Consell Insular.<\/p>\n<p>El portaveu del PSOE i anterior president, Vicent Torres, lamenta que la mala gesti\u00f3 del Consell en la tramitaci\u00f3 de les ajudes \u201cest\u00e0 provocant una situaci\u00f3 ca\u00f2tica al carrer, d&#8217;aglomeracions de desenes de persones, que s&#8217;hauria d&#8217;evitar en l&#8217;actual situaci\u00f3 de pand\u00e8mia\u201d. Una situaci\u00f3 que es veu agreujada per les dificultats per formalitzar la sol\u00b7licitud a trav\u00e9s de la Seu electr\u00f2nica, ja que \u201cla tramitaci\u00f3 per Internet \u00e9s massa complicada per a moltes persones\u201d.<\/p>\n<p>Vicent Torres considera que \u201ctampoc es pot permetre que hi hagi persones que es quedin fora de termini per sol\u00b7licitar l&#8217;ajut, que acaba avui, per aquesta falta de previsi\u00f3 del govern del Consell Insular\u201d.<\/p>\n<p>Les ajudes, que \u00e9s una de les propostes presentades pel grup PSOE dins del pla per fer front a la crisi provocada per la pand\u00e8mia, \u201cs\u00f3n molt necess\u00e0ries per a les fam\u00edlies que passen m\u00e9s dificultats, i s&#8217;hauria d&#8217;haver fet un esfor\u00e7 en gestionar-les correctament\u201d.<\/p>\n<p>Pel que fa a la quantia assignada a la l\u00ednia d&#8217;ajudes, que en total \u00e9s de 600.000 euros, podria ser insuficient per atendre totes les demandes. \u00c9s per aix\u00f2 que el PSOE considera que el Consell Insular \u201cha de preveure la seua ampliaci\u00f3 en el cas que s&#8217;acabi esgotant\u201d. A m\u00e9s a m\u00e9s, tampoc s&#8217;ha fet suficient publicitat de la convocat\u00f2ria, com ho demostra que \u201cles coues s&#8217;han fet m\u00e9s llargues a mesura que passaven els dies, ja que les persones interessades ho han anat sabent pel boca a boca\u201d, ha explicat el portaveu del PSOE.<\/p>\n","protected":false},"excerpt":{"rendered":"<p>El grup PSOE demana p\u00fablicament al Consell Insular l&#8217;ampliaci\u00f3 del termini per sol\u00b7licitar les ajudes socials per la Covid aix\u00ed com l&#8217;increment de la partida econ\u00f2mica, en el cas que sigui insuficient per atendre totes les demandes. Tamb\u00e9 considera que s&#8217;ha de refor\u00e7ar urgentment el servei de l&#8217;Oficina d&#8217;Atenci\u00f3 a la Ciutadania, per evitar que&hellip;<\/p>\n","protected":false},"author":7,"featured_media":32219,"comment_status":"closed","ping_status":"closed","sticky":false,"template":"","format":"standard","meta":{"footnotes":""},"categories":[192,254],"tags":[],"class_list":["post-32218","post","type-post","status-publish","format-standard","has-post-thumbnail","hentry","category-consell-deivissa","category-covid-19"],"yoast_head":"<!-- This site is optimized with the Yoast SEO plugin v26.9 - https:\/\/yoast.com\/product\/yoast-seo-wordpress\/ -->\n<title>El grup PSOE demana al Consell Insular l&#039;ampliaci\u00f3 del termini d&#039;ajudes per la Covid i l&#039;increment de la partida econ\u00f2mica - Federaci\u00f3 Socialista d&#039;Eivissa<\/title>\n<meta name=\"robots\" content=\"index, follow, max-snippet:-1, max-image-preview:large, max-video-preview:-1\" \/>\n<link rel=\"canonical\" href=\"https:\/\/www.psib-psoe.org\/eivissa\/el-grup-psoe-demana-al-consell-insular-lampliacio-del-termini-dajudes-per-la-covid-i-lincrement-de-la-partida-economica\/\" \/>\n<meta property=\"og:locale\" content=\"ca_ES\" \/>\n<meta property=\"og:type\" content=\"article\" \/>\n<meta property=\"og:title\" content=\"El grup PSOE demana al Consell Insular l&#039;ampliaci\u00f3 del termini d&#039;ajudes per la Covid i l&#039;increment de la partida econ\u00f2mica - Federaci\u00f3 Socialista d&#039;Eivissa\" \/>\n<meta property=\"og:description\" content=\"El grup PSOE demana p\u00fablicament al Consell Insular l&#8217;ampliaci\u00f3 del termini per sol\u00b7licitar les ajudes socials per la Covid aix\u00ed com l&#8217;increment de la partida econ\u00f2mica, en el cas que sigui insuficient per atendre totes les demandes. Tamb\u00e9 considera que s&#8217;ha de refor\u00e7ar urgentment el servei de l&#8217;Oficina d&#8217;Atenci\u00f3 a la Ciutadania, per evitar que&hellip;\" \/>\n<meta property=\"og:url\" content=\"https:\/\/www.psib-psoe.org\/eivissa\/el-grup-psoe-demana-al-consell-insular-lampliacio-del-termini-dajudes-per-la-covid-i-lincrement-de-la-partida-economica\/\" \/>\n<meta property=\"og:site_name\" content=\"Federaci\u00f3 Socialista d&#039;Eivissa\" \/>\n<meta property=\"article:published_time\" content=\"2020-11-10T11:22:21+00:00\" \/>\n<meta property=\"article:modified_time\" content=\"2020-11-19T09:40:42+00:00\" \/>\n<meta property=\"og:image\" content=\"https:\/\/www.psib-psoe.org\/eivissa\/wp-content\/uploads\/IMG_4864-2.jpg\" \/>\n\t<meta property=\"og:image:width\" content=\"1948\" \/>\n\t<meta property=\"og:image:height\" content=\"1355\" \/>\n\t<meta property=\"og:image:type\" content=\"image\/jpeg\" \/>\n<meta name=\"author\" content=\"Josep Ripoll\" \/>\n<meta name=\"twitter:card\" content=\"summary_large_image\" \/>\n<meta name=\"twitter:label1\" content=\"Escrit per\" \/>\n\t<meta name=\"twitter:data1\" content=\"Josep Ripoll\" \/>\n\t<meta name=\"twitter:label2\" content=\"Temps estimat de lectura\" \/>\n\t<meta name=\"twitter:data2\" content=\"2 minuts\" \/>\n<script type=\"application\/ld+json\" class=\"yoast-schema-graph\">{\"@context\":\"https:\/\/schema.org\",\"@graph\":[{\"@type\":[\"Article\",\"BlogPosting\"],\"@id\":\"https:\/\/www.psib-psoe.org\/eivissa\/el-grup-psoe-demana-al-consell-insular-lampliacio-del-termini-dajudes-per-la-covid-i-lincrement-de-la-partida-economica\/#article\",\"isPartOf\":{\"@id\":\"https:\/\/www.psib-psoe.org\/eivissa\/el-grup-psoe-demana-al-consell-insular-lampliacio-del-termini-dajudes-per-la-covid-i-lincrement-de-la-partida-economica\/\"},\"author\":{\"name\":\"Josep Ripoll\",\"@id\":\"https:\/\/www.psib-psoe.org\/eivissa\/#\/schema\/person\/7a9d2841fb36f32e34fc0e9b245e8117\"},\"headline\":\"El grup PSOE demana al Consell Insular l&#8217;ampliaci\u00f3 del termini d&#8217;ajudes per la Covid i l&#8217;increment de la partida econ\u00f2mica\",\"datePublished\":\"2020-11-10T11:22:21+00:00\",\"dateModified\":\"2020-11-19T09:40:42+00:00\",\"mainEntityOfPage\":{\"@id\":\"https:\/\/www.psib-psoe.org\/eivissa\/el-grup-psoe-demana-al-consell-insular-lampliacio-del-termini-dajudes-per-la-covid-i-lincrement-de-la-partida-economica\/\"},\"wordCount\":364,\"publisher\":{\"@id\":\"https:\/\/www.psib-psoe.org\/eivissa\/#organization\"},\"image\":{\"@id\":\"https:\/\/www.psib-psoe.org\/eivissa\/el-grup-psoe-demana-al-consell-insular-lampliacio-del-termini-dajudes-per-la-covid-i-lincrement-de-la-partida-economica\/#primaryimage\"},\"thumbnailUrl\":\"https:\/\/www.psib-psoe.org\/eivissa\/wp-content\/uploads\/IMG_4864-2.jpg\",\"articleSection\":[\"Consell d'Eivissa\",\"Covid-19\"],\"inLanguage\":\"ca\"},{\"@type\":\"WebPage\",\"@id\":\"https:\/\/www.psib-psoe.org\/eivissa\/el-grup-psoe-demana-al-consell-insular-lampliacio-del-termini-dajudes-per-la-covid-i-lincrement-de-la-partida-economica\/\",\"url\":\"https:\/\/www.psib-psoe.org\/eivissa\/el-grup-psoe-demana-al-consell-insular-lampliacio-del-termini-dajudes-per-la-covid-i-lincrement-de-la-partida-economica\/\",\"name\":\"El grup PSOE demana al Consell Insular l'ampliaci\u00f3 del termini d'ajudes per la Covid i l'increment de la partida econ\u00f2mica - Federaci\u00f3 Socialista d&#039;Eivissa\",\"isPartOf\":{\"@id\":\"https:\/\/www.psib-psoe.org\/eivissa\/#website\"},\"primaryImageOfPage\":{\"@id\":\"https:\/\/www.psib-psoe.org\/eivissa\/el-grup-psoe-demana-al-consell-insular-lampliacio-del-termini-dajudes-per-la-covid-i-lincrement-de-la-partida-economica\/#primaryimage\"},\"image\":{\"@id\":\"https:\/\/www.psib-psoe.org\/eivissa\/el-grup-psoe-demana-al-consell-insular-lampliacio-del-termini-dajudes-per-la-covid-i-lincrement-de-la-partida-economica\/#primaryimage\"},\"thumbnailUrl\":\"https:\/\/www.psib-psoe.org\/eivissa\/wp-content\/uploads\/IMG_4864-2.jpg\",\"datePublished\":\"2020-11-10T11:22:21+00:00\",\"dateModified\":\"2020-11-19T09:40:42+00:00\",\"breadcrumb\":{\"@id\":\"https:\/\/www.psib-psoe.org\/eivissa\/el-grup-psoe-demana-al-consell-insular-lampliacio-del-termini-dajudes-per-la-covid-i-lincrement-de-la-partida-economica\/#breadcrumb\"},\"inLanguage\":\"ca\",\"potentialAction\":[{\"@type\":\"ReadAction\",\"target\":[\"https:\/\/www.psib-psoe.org\/eivissa\/el-grup-psoe-demana-al-consell-insular-lampliacio-del-termini-dajudes-per-la-covid-i-lincrement-de-la-partida-economica\/\"]}]},{\"@type\":\"ImageObject\",\"inLanguage\":\"ca\",\"@id\":\"https:\/\/www.psib-psoe.org\/eivissa\/el-grup-psoe-demana-al-consell-insular-lampliacio-del-termini-dajudes-per-la-covid-i-lincrement-de-la-partida-economica\/#primaryimage\",\"url\":\"https:\/\/www.psib-psoe.org\/eivissa\/wp-content\/uploads\/IMG_4864-2.jpg\",\"contentUrl\":\"https:\/\/www.psib-psoe.org\/eivissa\/wp-content\/uploads\/IMG_4864-2.jpg\",\"width\":1948,\"height\":1355},{\"@type\":\"BreadcrumbList\",\"@id\":\"https:\/\/www.psib-psoe.org\/eivissa\/el-grup-psoe-demana-al-consell-insular-lampliacio-del-termini-dajudes-per-la-covid-i-lincrement-de-la-partida-economica\/#breadcrumb\",\"itemListElement\":[{\"@type\":\"ListItem\",\"position\":1,\"name\":\"Inici\",\"item\":\"https:\/\/www.psib-psoe.org\/eivissa\/\"},{\"@type\":\"ListItem\",\"position\":2,\"name\":\"El grup PSOE demana al Consell Insular l&#8217;ampliaci\u00f3 del termini d&#8217;ajudes per la Covid i l&#8217;increment de la partida econ\u00f2mica\"}]},{\"@type\":\"WebSite\",\"@id\":\"https:\/\/www.psib-psoe.org\/eivissa\/#website\",\"url\":\"https:\/\/www.psib-psoe.org\/eivissa\/\",\"name\":\"Federaci\u00f3 Socialista d'Eivissa\",\"description\":\"Socialistes d&#039;Eivissa\",\"publisher\":{\"@id\":\"https:\/\/www.psib-psoe.org\/eivissa\/#organization\"},\"potentialAction\":[{\"@type\":\"SearchAction\",\"target\":{\"@type\":\"EntryPoint\",\"urlTemplate\":\"https:\/\/www.psib-psoe.org\/eivissa\/?s={search_term_string}\"},\"query-input\":{\"@type\":\"PropertyValueSpecification\",\"valueRequired\":true,\"valueName\":\"search_term_string\"}}],\"inLanguage\":\"ca\"},{\"@type\":\"Organization\",\"@id\":\"https:\/\/www.psib-psoe.org\/eivissa\/#organization\",\"name\":\"Federaci\u00f3 Socialista d'Eivissa\",\"url\":\"https:\/\/www.psib-psoe.org\/eivissa\/\",\"logo\":{\"@type\":\"ImageObject\",\"inLanguage\":\"ca\",\"@id\":\"https:\/\/www.psib-psoe.org\/eivissa\/#\/schema\/logo\/image\/\",\"url\":\"https:\/\/www.psib-psoe.org\/eivissa\/wp-content\/uploads\/LOGO-FSE-SOCIALISTA-DEIVISSA-HORI.png\",\"contentUrl\":\"https:\/\/www.psib-psoe.org\/eivissa\/wp-content\/uploads\/LOGO-FSE-SOCIALISTA-DEIVISSA-HORI.png\",\"width\":6000,\"height\":3104,\"caption\":\"Federaci\u00f3 Socialista d'Eivissa\"},\"image\":{\"@id\":\"https:\/\/www.psib-psoe.org\/eivissa\/#\/schema\/logo\/image\/\"}},{\"@type\":\"Person\",\"@id\":\"https:\/\/www.psib-psoe.org\/eivissa\/#\/schema\/person\/7a9d2841fb36f32e34fc0e9b245e8117\",\"name\":\"Josep Ripoll\",\"sameAs\":[\"http:\/\/www.psib-psoe.org\/eivissa\/wp-login.php\"],\"url\":\"https:\/\/www.psib-psoe.org\/eivissa\/author\/josep\/\"}]}<\/script>\n<!-- \/ Yoast SEO plugin. -->","yoast_head_json":{"title":"El grup PSOE demana al Consell Insular l'ampliaci\u00f3 del termini d'ajudes per la Covid i l'increment de la partida econ\u00f2mica - Federaci\u00f3 Socialista d&#039;Eivissa","robots":{"index":"index","follow":"follow","max-snippet":"max-snippet:-1","max-image-preview":"max-image-preview:large","max-video-preview":"max-video-preview:-1"},"canonical":"https:\/\/www.psib-psoe.org\/eivissa\/el-grup-psoe-demana-al-consell-insular-lampliacio-del-termini-dajudes-per-la-covid-i-lincrement-de-la-partida-economica\/","og_locale":"ca_ES","og_type":"article","og_title":"El grup PSOE demana al Consell Insular l'ampliaci\u00f3 del termini d'ajudes per la Covid i l'increment de la partida econ\u00f2mica - Federaci\u00f3 Socialista d&#039;Eivissa","og_description":"El grup PSOE demana p\u00fablicament al Consell Insular l&#8217;ampliaci\u00f3 del termini per sol\u00b7licitar les ajudes socials per la Covid aix\u00ed com l&#8217;increment de la partida econ\u00f2mica, en el cas que sigui insuficient per atendre totes les demandes. Tamb\u00e9 considera que s&#8217;ha de refor\u00e7ar urgentment el servei de l&#8217;Oficina d&#8217;Atenci\u00f3 a la Ciutadania, per evitar que&hellip;","og_url":"https:\/\/www.psib-psoe.org\/eivissa\/el-grup-psoe-demana-al-consell-insular-lampliacio-del-termini-dajudes-per-la-covid-i-lincrement-de-la-partida-economica\/","og_site_name":"Federaci\u00f3 Socialista d&#039;Eivissa","article_published_time":"2020-11-10T11:22:21+00:00","article_modified_time":"2020-11-19T09:40:42+00:00","og_image":[{"width":1948,"height":1355,"url":"https:\/\/www.psib-psoe.org\/eivissa\/wp-content\/uploads\/IMG_4864-2.jpg","type":"image\/jpeg"}],"author":"Josep Ripoll","twitter_card":"summary_large_image","twitter_misc":{"Escrit per":"Josep Ripoll","Temps estimat de lectura":"2 minuts"},"schema":{"@context":"https:\/\/schema.org","@graph":[{"@type":["Article","BlogPosting"],"@id":"https:\/\/www.psib-psoe.org\/eivissa\/el-grup-psoe-demana-al-consell-insular-lampliacio-del-termini-dajudes-per-la-covid-i-lincrement-de-la-partida-economica\/#article","isPartOf":{"@id":"https:\/\/www.psib-psoe.org\/eivissa\/el-grup-psoe-demana-al-consell-insular-lampliacio-del-termini-dajudes-per-la-covid-i-lincrement-de-la-partida-economica\/"},"author":{"name":"Josep Ripoll","@id":"https:\/\/www.psib-psoe.org\/eivissa\/#\/schema\/person\/7a9d2841fb36f32e34fc0e9b245e8117"},"headline":"El grup PSOE demana al Consell Insular l&#8217;ampliaci\u00f3 del termini d&#8217;ajudes per la Covid i l&#8217;increment de la partida econ\u00f2mica","datePublished":"2020-11-10T11:22:21+00:00","dateModified":"2020-11-19T09:40:42+00:00","mainEntityOfPage":{"@id":"https:\/\/www.psib-psoe.org\/eivissa\/el-grup-psoe-demana-al-consell-insular-lampliacio-del-termini-dajudes-per-la-covid-i-lincrement-de-la-partida-economica\/"},"wordCount":364,"publisher":{"@id":"https:\/\/www.psib-psoe.org\/eivissa\/#organization"},"image":{"@id":"https:\/\/www.psib-psoe.org\/eivissa\/el-grup-psoe-demana-al-consell-insular-lampliacio-del-termini-dajudes-per-la-covid-i-lincrement-de-la-partida-economica\/#primaryimage"},"thumbnailUrl":"https:\/\/www.psib-psoe.org\/eivissa\/wp-content\/uploads\/IMG_4864-2.jpg","articleSection":["Consell d'Eivissa","Covid-19"],"inLanguage":"ca"},{"@type":"WebPage","@id":"https:\/\/www.psib-psoe.org\/eivissa\/el-grup-psoe-demana-al-consell-insular-lampliacio-del-termini-dajudes-per-la-covid-i-lincrement-de-la-partida-economica\/","url":"https:\/\/www.psib-psoe.org\/eivissa\/el-grup-psoe-demana-al-consell-insular-lampliacio-del-termini-dajudes-per-la-covid-i-lincrement-de-la-partida-economica\/","name":"El grup PSOE demana al Consell Insular l'ampliaci\u00f3 del termini d'ajudes per la Covid i l'increment de la partida econ\u00f2mica - Federaci\u00f3 Socialista d&#039;Eivissa","isPartOf":{"@id":"https:\/\/www.psib-psoe.org\/eivissa\/#website"},"primaryImageOfPage":{"@id":"https:\/\/www.psib-psoe.org\/eivissa\/el-grup-psoe-demana-al-consell-insular-lampliacio-del-termini-dajudes-per-la-covid-i-lincrement-de-la-partida-economica\/#primaryimage"},"image":{"@id":"https:\/\/www.psib-psoe.org\/eivissa\/el-grup-psoe-demana-al-consell-insular-lampliacio-del-termini-dajudes-per-la-covid-i-lincrement-de-la-partida-economica\/#primaryimage"},"thumbnailUrl":"https:\/\/www.psib-psoe.org\/eivissa\/wp-content\/uploads\/IMG_4864-2.jpg","datePublished":"2020-11-10T11:22:21+00:00","dateModified":"2020-11-19T09:40:42+00:00","breadcrumb":{"@id":"https:\/\/www.psib-psoe.org\/eivissa\/el-grup-psoe-demana-al-consell-insular-lampliacio-del-termini-dajudes-per-la-covid-i-lincrement-de-la-partida-economica\/#breadcrumb"},"inLanguage":"ca","potentialAction":[{"@type":"ReadAction","target":["https:\/\/www.psib-psoe.org\/eivissa\/el-grup-psoe-demana-al-consell-insular-lampliacio-del-termini-dajudes-per-la-covid-i-lincrement-de-la-partida-economica\/"]}]},{"@type":"ImageObject","inLanguage":"ca","@id":"https:\/\/www.psib-psoe.org\/eivissa\/el-grup-psoe-demana-al-consell-insular-lampliacio-del-termini-dajudes-per-la-covid-i-lincrement-de-la-partida-economica\/#primaryimage","url":"https:\/\/www.psib-psoe.org\/eivissa\/wp-content\/uploads\/IMG_4864-2.jpg","contentUrl":"https:\/\/www.psib-psoe.org\/eivissa\/wp-content\/uploads\/IMG_4864-2.jpg","width":1948,"height":1355},{"@type":"BreadcrumbList","@id":"https:\/\/www.psib-psoe.org\/eivissa\/el-grup-psoe-demana-al-consell-insular-lampliacio-del-termini-dajudes-per-la-covid-i-lincrement-de-la-partida-economica\/#breadcrumb","itemListElement":[{"@type":"ListItem","position":1,"name":"Inici","item":"https:\/\/www.psib-psoe.org\/eivissa\/"},{"@type":"ListItem","position":2,"name":"El grup PSOE demana al Consell Insular l&#8217;ampliaci\u00f3 del termini d&#8217;ajudes per la Covid i l&#8217;increment de la partida econ\u00f2mica"}]},{"@type":"WebSite","@id":"https:\/\/www.psib-psoe.org\/eivissa\/#website","url":"https:\/\/www.psib-psoe.org\/eivissa\/","name":"Federaci\u00f3 Socialista d'Eivissa","description":"Socialistes d&#039;Eivissa","publisher":{"@id":"https:\/\/www.psib-psoe.org\/eivissa\/#organization"},"potentialAction":[{"@type":"SearchAction","target":{"@type":"EntryPoint","urlTemplate":"https:\/\/www.psib-psoe.org\/eivissa\/?s={search_term_string}"},"query-input":{"@type":"PropertyValueSpecification","valueRequired":true,"valueName":"search_term_string"}}],"inLanguage":"ca"},{"@type":"Organization","@id":"https:\/\/www.psib-psoe.org\/eivissa\/#organization","name":"Federaci\u00f3 Socialista d'Eivissa","url":"https:\/\/www.psib-psoe.org\/eivissa\/","logo":{"@type":"ImageObject","inLanguage":"ca","@id":"https:\/\/www.psib-psoe.org\/eivissa\/#\/schema\/logo\/image\/","url":"https:\/\/www.psib-psoe.org\/eivissa\/wp-content\/uploads\/LOGO-FSE-SOCIALISTA-DEIVISSA-HORI.png","contentUrl":"https:\/\/www.psib-psoe.org\/eivissa\/wp-content\/uploads\/LOGO-FSE-SOCIALISTA-DEIVISSA-HORI.png","width":6000,"height":3104,"caption":"Federaci\u00f3 Socialista d'Eivissa"},"image":{"@id":"https:\/\/www.psib-psoe.org\/eivissa\/#\/schema\/logo\/image\/"}},{"@type":"Person","@id":"https:\/\/www.psib-psoe.org\/eivissa\/#\/schema\/person\/7a9d2841fb36f32e34fc0e9b245e8117","name":"Josep Ripoll","sameAs":["http:\/\/www.psib-psoe.org\/eivissa\/wp-login.php"],"url":"https:\/\/www.psib-psoe.org\/eivissa\/author\/josep\/"}]}},"_links":{"self":[{"href":"https:\/\/www.psib-psoe.org\/eivissa\/wp-json\/wp\/v2\/posts\/32218","targetHints":{"allow":["GET"]}}],"collection":[{"href":"https:\/\/www.psib-psoe.org\/eivissa\/wp-json\/wp\/v2\/posts"}],"about":[{"href":"https:\/\/www.psib-psoe.org\/eivissa\/wp-json\/wp\/v2\/types\/post"}],"author":[{"embeddable":true,"href":"https:\/\/www.psib-psoe.org\/eivissa\/wp-json\/wp\/v2\/users\/7"}],"replies":[{"embeddable":true,"href":"https:\/\/www.psib-psoe.org\/eivissa\/wp-json\/wp\/v2\/comments?post=32218"}],"version-history":[{"count":2,"href":"https:\/\/www.psib-psoe.org\/eivissa\/wp-json\/wp\/v2\/posts\/32218\/revisions"}],"predecessor-version":[{"id":32224,"href":"https:\/\/www.psib-psoe.org\/eivissa\/wp-json\/wp\/v2\/posts\/32218\/revisions\/32224"}],"wp:featuredmedia":[{"embeddable":true,"href":"https:\/\/www.psib-psoe.org\/eivissa\/wp-json\/wp\/v2\/media\/32219"}],"wp:attachment":[{"href":"https:\/\/www.psib-psoe.org\/eivissa\/wp-json\/wp\/v2\/media?parent=32218"}],"wp:term":[{"taxonomy":"category","embeddable":true,"href":"https:\/\/www.psib-psoe.org\/eivissa\/wp-json\/wp\/v2\/categories?post=32218"},{"taxonomy":"post_tag","embeddable":true,"href":"https:\/\/www.psib-psoe.org\/eivissa\/wp-json\/wp\/v2\/tags?post=32218"}],"curies":[{"name":"wp","href":"https:\/\/api.w.org\/{rel}","templated":true}]}}