{"id":32242,"date":"2020-11-11T14:39:26","date_gmt":"2020-11-11T12:39:26","guid":{"rendered":"https:\/\/www.psib-psoe.org\/eivissa\/?p=32242"},"modified":"2020-11-11T14:39:26","modified_gmt":"2020-11-11T12:39:26","slug":"el-grup-psoe-presentara-una-mocio-per-demanar-al-consell-insular-una-segona-convocatoria-dajuts-socials-per-la-covid","status":"publish","type":"post","link":"https:\/\/www.psib-psoe.org\/eivissa\/el-grup-psoe-presentara-una-mocio-per-demanar-al-consell-insular-una-segona-convocatoria-dajuts-socials-per-la-covid\/","title":{"rendered":"El grup PSOE presentar\u00e0 una moci\u00f3 per demanar al Consell Insular una segona convocat\u00f2ria d\u2019ajuts socials per la Covid"},"content":{"rendered":"<p>El grup PSOE presentar\u00e0 al pr\u00f2xim Ple una moci\u00f3 per demanar al Consell Insular d\u2019Eivissa una segona convocat\u00f2ria d\u2019ajuts socials per la Covid-19, ja que moltes persones s\u2019han quedat fora per la falta d\u2019informaci\u00f3 i de previsi\u00f3 per part de l\u2019executiu insular. Avui mateix, a pesar que ja s\u2019ha acabat el termini de sol\u00b7licitud, hi ha persones segueixen acudint al Consell Insular per demanar informaci\u00f3, ja que han arribat tard en la sol\u00b7licitud. El miler de peticions registrades, i que la meitat d&#8217;elles s\u2019hagin produ\u00eft en nom\u00e9s un dia, mostra una falta total de previsi\u00f3 per part del Consell Insular, que ha provocat una enorme frustraci\u00f3 entre les persones demandants.<\/p>\n<p>El portaveu del grup PSOE i anterior president del Consell Insular, Vicent Torres, considera tamb\u00e9 que la consellera de Benestar Social, Carolina Escandell, \u201cs\u2019hauria de disculpar per la situaci\u00f3 provocada, en comptes de responsabilitzar de les coues a les persones sol\u00b7licitants\u201d. En tractar-se de la primera convocat\u00f2ria, \u201centenem que es puguin produir errors i falta de previsi\u00f3, per\u00f2 el que s\u2019ha de fer \u00e9s disculpar-se i rectificar, en comptes de criticar la gent que feia coua, acusant-los d\u2019esperar a l\u2019\u00faltim dia, o de criticar al grup de l\u2019oposici\u00f3\u201d.<\/p>\n<p>Vicent Torres ha afirmat que \u201cl\u2019administraci\u00f3 insular ha de donar les m\u00e0ximes facilitats i ajudar la gent\u201d. \u00c9s per aix\u00f2 que el PSOE presentar\u00e0 en el pr\u00f2xim Ple una moci\u00f3 \u201cper demanar una segona convocat\u00f2ria dels ajuts, ja que probablement moltes persones no han arribat a temps per demanar-la, i per ampliar la partida econ\u00f2mica de l\u2019actual, en el cas que sigui necessari per no deixar fora a cap dels sol\u00b7licitants que compleixin amb els requisits\u201d.<\/p>\n<p>La convocat\u00f2ria d\u2019ajuts socials per la Covid-19, que va ser una iniciativa proposada pel grup PSOE el passat mes d\u2019abril dins del Pla de recuperaci\u00f3 social i econ\u00f2mica, ha de servir \u201cper ajudar al m\u00e0xim nombre de persones\u201d, ha insistit Vicent Torres, qui considera que aquesta primera convocat\u00f2ria \u201cno es va publicitar prou, com ho demostra que els primers dies hi havia molt poques persones sol\u00b7licitant-les\u201d. El grup PSOE demanar\u00e0 tamb\u00e9 que es faci \u201csuficient publicitat de la convocat\u00f2ria i que es disposin dels recursos necessaris per evitar les llargues coues que s\u2019han vist en l\u2019\u00faltima setmana\u201d.<\/p>\n<p>Respecte a la \u201ccomplicada tramitaci\u00f3 \u2018online\u2019\u201d, el portaveu del grup PSOE considera que \u201cs\u2019ha de simplificar i facilitar el registre de la sol\u00b7licitud a trav\u00e9s d\u2019Internet\u201d, per tal que una majoria de persones les puguin demanar sense haver-se de despla\u00e7ar a la seu del Consell. <\/p>\n<p><strong>Queixa formal per l\u2019\u00fas partidista del web i Twitter del Consell<\/strong><br \/>\nEl grup PSOE tamb\u00e9 elevar\u00e0 una queixa formal per escrit a la Presid\u00e8ncia del Consell Insular i al Departament de Transpar\u00e8ncia per l\u2019\u00fas partidista del web institucional i del compte de Twitter de la instituci\u00f3, on encara no s\u2019han retirat les publicacions en qu\u00e8 el govern insular critica al grup de l\u2019oposici\u00f3. <\/p>\n<p>El grup PSOE exigeix que aquestos continguts siguin esborrats i que no es tornin a utilitzar els canals institucionals per criticar als grups de l\u2019oposici\u00f3.<\/p>\n","protected":false},"excerpt":{"rendered":"<p>El grup PSOE presentar\u00e0 al pr\u00f2xim Ple una moci\u00f3 per demanar al Consell Insular d\u2019Eivissa una segona convocat\u00f2ria d\u2019ajuts socials per la Covid-19, ja que moltes persones s\u2019han quedat fora per la falta d\u2019informaci\u00f3 i de previsi\u00f3 per part de l\u2019executiu insular. Avui mateix, a pesar que ja s\u2019ha acabat el termini de sol\u00b7licitud, hi&hellip;<\/p>\n","protected":false},"author":7,"featured_media":32202,"comment_status":"closed","ping_status":"closed","sticky":false,"template":"","format":"standard","meta":{"footnotes":""},"categories":[192,254,1],"tags":[],"class_list":["post-32242","post","type-post","status-publish","format-standard","has-post-thumbnail","hentry","category-consell-deivissa","category-covid-19","category-federacio-de-eivissa-portada"],"yoast_head":"<!-- This site is optimized with the Yoast SEO plugin v26.9 - https:\/\/yoast.com\/product\/yoast-seo-wordpress\/ -->\n<title>El grup PSOE presentar\u00e0 una moci\u00f3 per demanar al Consell Insular una segona convocat\u00f2ria d\u2019ajuts socials per la Covid - Federaci\u00f3 Socialista d&#039;Eivissa<\/title>\n<meta name=\"robots\" content=\"index, follow, max-snippet:-1, max-image-preview:large, max-video-preview:-1\" \/>\n<link rel=\"canonical\" href=\"https:\/\/www.psib-psoe.org\/eivissa\/el-grup-psoe-presentara-una-mocio-per-demanar-al-consell-insular-una-segona-convocatoria-dajuts-socials-per-la-covid\/\" \/>\n<meta property=\"og:locale\" content=\"ca_ES\" \/>\n<meta property=\"og:type\" content=\"article\" \/>\n<meta property=\"og:title\" content=\"El grup PSOE presentar\u00e0 una moci\u00f3 per demanar al Consell Insular una segona convocat\u00f2ria d\u2019ajuts socials per la Covid - Federaci\u00f3 Socialista d&#039;Eivissa\" \/>\n<meta property=\"og:description\" content=\"El grup PSOE presentar\u00e0 al pr\u00f2xim Ple una moci\u00f3 per demanar al Consell Insular d\u2019Eivissa una segona convocat\u00f2ria d\u2019ajuts socials per la Covid-19, ja que moltes persones s\u2019han quedat fora per la falta d\u2019informaci\u00f3 i de previsi\u00f3 per part de l\u2019executiu insular. Avui mateix, a pesar que ja s\u2019ha acabat el termini de sol\u00b7licitud, hi&hellip;\" \/>\n<meta property=\"og:url\" content=\"https:\/\/www.psib-psoe.org\/eivissa\/el-grup-psoe-presentara-una-mocio-per-demanar-al-consell-insular-una-segona-convocatoria-dajuts-socials-per-la-covid\/\" \/>\n<meta property=\"og:site_name\" content=\"Federaci\u00f3 Socialista d&#039;Eivissa\" \/>\n<meta property=\"article:published_time\" content=\"2020-11-11T12:39:26+00:00\" \/>\n<meta property=\"og:image\" content=\"https:\/\/www.psib-psoe.org\/eivissa\/wp-content\/uploads\/FOTO-OAC.jpg\" \/>\n\t<meta property=\"og:image:width\" content=\"2000\" \/>\n\t<meta property=\"og:image:height\" content=\"1500\" \/>\n\t<meta property=\"og:image:type\" content=\"image\/jpeg\" \/>\n<meta name=\"author\" content=\"Josep Ripoll\" \/>\n<meta name=\"twitter:card\" content=\"summary_large_image\" \/>\n<meta name=\"twitter:label1\" content=\"Escrit per\" \/>\n\t<meta name=\"twitter:data1\" content=\"Josep Ripoll\" \/>\n\t<meta name=\"twitter:label2\" content=\"Temps estimat de lectura\" \/>\n\t<meta name=\"twitter:data2\" content=\"3 minuts\" \/>\n<script type=\"application\/ld+json\" class=\"yoast-schema-graph\">{\"@context\":\"https:\/\/schema.org\",\"@graph\":[{\"@type\":[\"Article\",\"BlogPosting\"],\"@id\":\"https:\/\/www.psib-psoe.org\/eivissa\/el-grup-psoe-presentara-una-mocio-per-demanar-al-consell-insular-una-segona-convocatoria-dajuts-socials-per-la-covid\/#article\",\"isPartOf\":{\"@id\":\"https:\/\/www.psib-psoe.org\/eivissa\/el-grup-psoe-presentara-una-mocio-per-demanar-al-consell-insular-una-segona-convocatoria-dajuts-socials-per-la-covid\/\"},\"author\":{\"name\":\"Josep Ripoll\",\"@id\":\"https:\/\/www.psib-psoe.org\/eivissa\/#\/schema\/person\/7a9d2841fb36f32e34fc0e9b245e8117\"},\"headline\":\"El grup PSOE presentar\u00e0 una moci\u00f3 per demanar al Consell Insular una segona convocat\u00f2ria d\u2019ajuts socials per la Covid\",\"datePublished\":\"2020-11-11T12:39:26+00:00\",\"mainEntityOfPage\":{\"@id\":\"https:\/\/www.psib-psoe.org\/eivissa\/el-grup-psoe-presentara-una-mocio-per-demanar-al-consell-insular-una-segona-convocatoria-dajuts-socials-per-la-covid\/\"},\"wordCount\":574,\"publisher\":{\"@id\":\"https:\/\/www.psib-psoe.org\/eivissa\/#organization\"},\"image\":{\"@id\":\"https:\/\/www.psib-psoe.org\/eivissa\/el-grup-psoe-presentara-una-mocio-per-demanar-al-consell-insular-una-segona-convocatoria-dajuts-socials-per-la-covid\/#primaryimage\"},\"thumbnailUrl\":\"https:\/\/www.psib-psoe.org\/eivissa\/wp-content\/uploads\/FOTO-OAC.jpg\",\"articleSection\":[\"Consell d'Eivissa\",\"Covid-19\",\"Federaci\u00f3 d'Eivissa - Portada\"],\"inLanguage\":\"ca\"},{\"@type\":\"WebPage\",\"@id\":\"https:\/\/www.psib-psoe.org\/eivissa\/el-grup-psoe-presentara-una-mocio-per-demanar-al-consell-insular-una-segona-convocatoria-dajuts-socials-per-la-covid\/\",\"url\":\"https:\/\/www.psib-psoe.org\/eivissa\/el-grup-psoe-presentara-una-mocio-per-demanar-al-consell-insular-una-segona-convocatoria-dajuts-socials-per-la-covid\/\",\"name\":\"El grup PSOE presentar\u00e0 una moci\u00f3 per demanar al Consell Insular una segona convocat\u00f2ria d\u2019ajuts socials per la Covid - Federaci\u00f3 Socialista d&#039;Eivissa\",\"isPartOf\":{\"@id\":\"https:\/\/www.psib-psoe.org\/eivissa\/#website\"},\"primaryImageOfPage\":{\"@id\":\"https:\/\/www.psib-psoe.org\/eivissa\/el-grup-psoe-presentara-una-mocio-per-demanar-al-consell-insular-una-segona-convocatoria-dajuts-socials-per-la-covid\/#primaryimage\"},\"image\":{\"@id\":\"https:\/\/www.psib-psoe.org\/eivissa\/el-grup-psoe-presentara-una-mocio-per-demanar-al-consell-insular-una-segona-convocatoria-dajuts-socials-per-la-covid\/#primaryimage\"},\"thumbnailUrl\":\"https:\/\/www.psib-psoe.org\/eivissa\/wp-content\/uploads\/FOTO-OAC.jpg\",\"datePublished\":\"2020-11-11T12:39:26+00:00\",\"breadcrumb\":{\"@id\":\"https:\/\/www.psib-psoe.org\/eivissa\/el-grup-psoe-presentara-una-mocio-per-demanar-al-consell-insular-una-segona-convocatoria-dajuts-socials-per-la-covid\/#breadcrumb\"},\"inLanguage\":\"ca\",\"potentialAction\":[{\"@type\":\"ReadAction\",\"target\":[\"https:\/\/www.psib-psoe.org\/eivissa\/el-grup-psoe-presentara-una-mocio-per-demanar-al-consell-insular-una-segona-convocatoria-dajuts-socials-per-la-covid\/\"]}]},{\"@type\":\"ImageObject\",\"inLanguage\":\"ca\",\"@id\":\"https:\/\/www.psib-psoe.org\/eivissa\/el-grup-psoe-presentara-una-mocio-per-demanar-al-consell-insular-una-segona-convocatoria-dajuts-socials-per-la-covid\/#primaryimage\",\"url\":\"https:\/\/www.psib-psoe.org\/eivissa\/wp-content\/uploads\/FOTO-OAC.jpg\",\"contentUrl\":\"https:\/\/www.psib-psoe.org\/eivissa\/wp-content\/uploads\/FOTO-OAC.jpg\",\"width\":2000,\"height\":1500},{\"@type\":\"BreadcrumbList\",\"@id\":\"https:\/\/www.psib-psoe.org\/eivissa\/el-grup-psoe-presentara-una-mocio-per-demanar-al-consell-insular-una-segona-convocatoria-dajuts-socials-per-la-covid\/#breadcrumb\",\"itemListElement\":[{\"@type\":\"ListItem\",\"position\":1,\"name\":\"Inici\",\"item\":\"https:\/\/www.psib-psoe.org\/eivissa\/\"},{\"@type\":\"ListItem\",\"position\":2,\"name\":\"El grup PSOE presentar\u00e0 una moci\u00f3 per demanar al Consell Insular una segona convocat\u00f2ria d\u2019ajuts socials per la Covid\"}]},{\"@type\":\"WebSite\",\"@id\":\"https:\/\/www.psib-psoe.org\/eivissa\/#website\",\"url\":\"https:\/\/www.psib-psoe.org\/eivissa\/\",\"name\":\"Federaci\u00f3 Socialista d'Eivissa\",\"description\":\"Socialistes d&#039;Eivissa\",\"publisher\":{\"@id\":\"https:\/\/www.psib-psoe.org\/eivissa\/#organization\"},\"potentialAction\":[{\"@type\":\"SearchAction\",\"target\":{\"@type\":\"EntryPoint\",\"urlTemplate\":\"https:\/\/www.psib-psoe.org\/eivissa\/?s={search_term_string}\"},\"query-input\":{\"@type\":\"PropertyValueSpecification\",\"valueRequired\":true,\"valueName\":\"search_term_string\"}}],\"inLanguage\":\"ca\"},{\"@type\":\"Organization\",\"@id\":\"https:\/\/www.psib-psoe.org\/eivissa\/#organization\",\"name\":\"Federaci\u00f3 Socialista d'Eivissa\",\"url\":\"https:\/\/www.psib-psoe.org\/eivissa\/\",\"logo\":{\"@type\":\"ImageObject\",\"inLanguage\":\"ca\",\"@id\":\"https:\/\/www.psib-psoe.org\/eivissa\/#\/schema\/logo\/image\/\",\"url\":\"https:\/\/www.psib-psoe.org\/eivissa\/wp-content\/uploads\/LOGO-FSE-SOCIALISTA-DEIVISSA-HORI.png\",\"contentUrl\":\"https:\/\/www.psib-psoe.org\/eivissa\/wp-content\/uploads\/LOGO-FSE-SOCIALISTA-DEIVISSA-HORI.png\",\"width\":6000,\"height\":3104,\"caption\":\"Federaci\u00f3 Socialista d'Eivissa\"},\"image\":{\"@id\":\"https:\/\/www.psib-psoe.org\/eivissa\/#\/schema\/logo\/image\/\"}},{\"@type\":\"Person\",\"@id\":\"https:\/\/www.psib-psoe.org\/eivissa\/#\/schema\/person\/7a9d2841fb36f32e34fc0e9b245e8117\",\"name\":\"Josep Ripoll\",\"sameAs\":[\"http:\/\/www.psib-psoe.org\/eivissa\/wp-login.php\"],\"url\":\"https:\/\/www.psib-psoe.org\/eivissa\/author\/josep\/\"}]}<\/script>\n<!-- \/ Yoast SEO plugin. -->","yoast_head_json":{"title":"El grup PSOE presentar\u00e0 una moci\u00f3 per demanar al Consell Insular una segona convocat\u00f2ria d\u2019ajuts socials per la Covid - Federaci\u00f3 Socialista d&#039;Eivissa","robots":{"index":"index","follow":"follow","max-snippet":"max-snippet:-1","max-image-preview":"max-image-preview:large","max-video-preview":"max-video-preview:-1"},"canonical":"https:\/\/www.psib-psoe.org\/eivissa\/el-grup-psoe-presentara-una-mocio-per-demanar-al-consell-insular-una-segona-convocatoria-dajuts-socials-per-la-covid\/","og_locale":"ca_ES","og_type":"article","og_title":"El grup PSOE presentar\u00e0 una moci\u00f3 per demanar al Consell Insular una segona convocat\u00f2ria d\u2019ajuts socials per la Covid - Federaci\u00f3 Socialista d&#039;Eivissa","og_description":"El grup PSOE presentar\u00e0 al pr\u00f2xim Ple una moci\u00f3 per demanar al Consell Insular d\u2019Eivissa una segona convocat\u00f2ria d\u2019ajuts socials per la Covid-19, ja que moltes persones s\u2019han quedat fora per la falta d\u2019informaci\u00f3 i de previsi\u00f3 per part de l\u2019executiu insular. Avui mateix, a pesar que ja s\u2019ha acabat el termini de sol\u00b7licitud, hi&hellip;","og_url":"https:\/\/www.psib-psoe.org\/eivissa\/el-grup-psoe-presentara-una-mocio-per-demanar-al-consell-insular-una-segona-convocatoria-dajuts-socials-per-la-covid\/","og_site_name":"Federaci\u00f3 Socialista d&#039;Eivissa","article_published_time":"2020-11-11T12:39:26+00:00","og_image":[{"width":2000,"height":1500,"url":"https:\/\/www.psib-psoe.org\/eivissa\/wp-content\/uploads\/FOTO-OAC.jpg","type":"image\/jpeg"}],"author":"Josep Ripoll","twitter_card":"summary_large_image","twitter_misc":{"Escrit per":"Josep Ripoll","Temps estimat de lectura":"3 minuts"},"schema":{"@context":"https:\/\/schema.org","@graph":[{"@type":["Article","BlogPosting"],"@id":"https:\/\/www.psib-psoe.org\/eivissa\/el-grup-psoe-presentara-una-mocio-per-demanar-al-consell-insular-una-segona-convocatoria-dajuts-socials-per-la-covid\/#article","isPartOf":{"@id":"https:\/\/www.psib-psoe.org\/eivissa\/el-grup-psoe-presentara-una-mocio-per-demanar-al-consell-insular-una-segona-convocatoria-dajuts-socials-per-la-covid\/"},"author":{"name":"Josep Ripoll","@id":"https:\/\/www.psib-psoe.org\/eivissa\/#\/schema\/person\/7a9d2841fb36f32e34fc0e9b245e8117"},"headline":"El grup PSOE presentar\u00e0 una moci\u00f3 per demanar al Consell Insular una segona convocat\u00f2ria d\u2019ajuts socials per la Covid","datePublished":"2020-11-11T12:39:26+00:00","mainEntityOfPage":{"@id":"https:\/\/www.psib-psoe.org\/eivissa\/el-grup-psoe-presentara-una-mocio-per-demanar-al-consell-insular-una-segona-convocatoria-dajuts-socials-per-la-covid\/"},"wordCount":574,"publisher":{"@id":"https:\/\/www.psib-psoe.org\/eivissa\/#organization"},"image":{"@id":"https:\/\/www.psib-psoe.org\/eivissa\/el-grup-psoe-presentara-una-mocio-per-demanar-al-consell-insular-una-segona-convocatoria-dajuts-socials-per-la-covid\/#primaryimage"},"thumbnailUrl":"https:\/\/www.psib-psoe.org\/eivissa\/wp-content\/uploads\/FOTO-OAC.jpg","articleSection":["Consell d'Eivissa","Covid-19","Federaci\u00f3 d'Eivissa - Portada"],"inLanguage":"ca"},{"@type":"WebPage","@id":"https:\/\/www.psib-psoe.org\/eivissa\/el-grup-psoe-presentara-una-mocio-per-demanar-al-consell-insular-una-segona-convocatoria-dajuts-socials-per-la-covid\/","url":"https:\/\/www.psib-psoe.org\/eivissa\/el-grup-psoe-presentara-una-mocio-per-demanar-al-consell-insular-una-segona-convocatoria-dajuts-socials-per-la-covid\/","name":"El grup PSOE presentar\u00e0 una moci\u00f3 per demanar al Consell Insular una segona convocat\u00f2ria d\u2019ajuts socials per la Covid - Federaci\u00f3 Socialista d&#039;Eivissa","isPartOf":{"@id":"https:\/\/www.psib-psoe.org\/eivissa\/#website"},"primaryImageOfPage":{"@id":"https:\/\/www.psib-psoe.org\/eivissa\/el-grup-psoe-presentara-una-mocio-per-demanar-al-consell-insular-una-segona-convocatoria-dajuts-socials-per-la-covid\/#primaryimage"},"image":{"@id":"https:\/\/www.psib-psoe.org\/eivissa\/el-grup-psoe-presentara-una-mocio-per-demanar-al-consell-insular-una-segona-convocatoria-dajuts-socials-per-la-covid\/#primaryimage"},"thumbnailUrl":"https:\/\/www.psib-psoe.org\/eivissa\/wp-content\/uploads\/FOTO-OAC.jpg","datePublished":"2020-11-11T12:39:26+00:00","breadcrumb":{"@id":"https:\/\/www.psib-psoe.org\/eivissa\/el-grup-psoe-presentara-una-mocio-per-demanar-al-consell-insular-una-segona-convocatoria-dajuts-socials-per-la-covid\/#breadcrumb"},"inLanguage":"ca","potentialAction":[{"@type":"ReadAction","target":["https:\/\/www.psib-psoe.org\/eivissa\/el-grup-psoe-presentara-una-mocio-per-demanar-al-consell-insular-una-segona-convocatoria-dajuts-socials-per-la-covid\/"]}]},{"@type":"ImageObject","inLanguage":"ca","@id":"https:\/\/www.psib-psoe.org\/eivissa\/el-grup-psoe-presentara-una-mocio-per-demanar-al-consell-insular-una-segona-convocatoria-dajuts-socials-per-la-covid\/#primaryimage","url":"https:\/\/www.psib-psoe.org\/eivissa\/wp-content\/uploads\/FOTO-OAC.jpg","contentUrl":"https:\/\/www.psib-psoe.org\/eivissa\/wp-content\/uploads\/FOTO-OAC.jpg","width":2000,"height":1500},{"@type":"BreadcrumbList","@id":"https:\/\/www.psib-psoe.org\/eivissa\/el-grup-psoe-presentara-una-mocio-per-demanar-al-consell-insular-una-segona-convocatoria-dajuts-socials-per-la-covid\/#breadcrumb","itemListElement":[{"@type":"ListItem","position":1,"name":"Inici","item":"https:\/\/www.psib-psoe.org\/eivissa\/"},{"@type":"ListItem","position":2,"name":"El grup PSOE presentar\u00e0 una moci\u00f3 per demanar al Consell Insular una segona convocat\u00f2ria d\u2019ajuts socials per la Covid"}]},{"@type":"WebSite","@id":"https:\/\/www.psib-psoe.org\/eivissa\/#website","url":"https:\/\/www.psib-psoe.org\/eivissa\/","name":"Federaci\u00f3 Socialista d'Eivissa","description":"Socialistes d&#039;Eivissa","publisher":{"@id":"https:\/\/www.psib-psoe.org\/eivissa\/#organization"},"potentialAction":[{"@type":"SearchAction","target":{"@type":"EntryPoint","urlTemplate":"https:\/\/www.psib-psoe.org\/eivissa\/?s={search_term_string}"},"query-input":{"@type":"PropertyValueSpecification","valueRequired":true,"valueName":"search_term_string"}}],"inLanguage":"ca"},{"@type":"Organization","@id":"https:\/\/www.psib-psoe.org\/eivissa\/#organization","name":"Federaci\u00f3 Socialista d'Eivissa","url":"https:\/\/www.psib-psoe.org\/eivissa\/","logo":{"@type":"ImageObject","inLanguage":"ca","@id":"https:\/\/www.psib-psoe.org\/eivissa\/#\/schema\/logo\/image\/","url":"https:\/\/www.psib-psoe.org\/eivissa\/wp-content\/uploads\/LOGO-FSE-SOCIALISTA-DEIVISSA-HORI.png","contentUrl":"https:\/\/www.psib-psoe.org\/eivissa\/wp-content\/uploads\/LOGO-FSE-SOCIALISTA-DEIVISSA-HORI.png","width":6000,"height":3104,"caption":"Federaci\u00f3 Socialista d'Eivissa"},"image":{"@id":"https:\/\/www.psib-psoe.org\/eivissa\/#\/schema\/logo\/image\/"}},{"@type":"Person","@id":"https:\/\/www.psib-psoe.org\/eivissa\/#\/schema\/person\/7a9d2841fb36f32e34fc0e9b245e8117","name":"Josep Ripoll","sameAs":["http:\/\/www.psib-psoe.org\/eivissa\/wp-login.php"],"url":"https:\/\/www.psib-psoe.org\/eivissa\/author\/josep\/"}]}},"_links":{"self":[{"href":"https:\/\/www.psib-psoe.org\/eivissa\/wp-json\/wp\/v2\/posts\/32242","targetHints":{"allow":["GET"]}}],"collection":[{"href":"https:\/\/www.psib-psoe.org\/eivissa\/wp-json\/wp\/v2\/posts"}],"about":[{"href":"https:\/\/www.psib-psoe.org\/eivissa\/wp-json\/wp\/v2\/types\/post"}],"author":[{"embeddable":true,"href":"https:\/\/www.psib-psoe.org\/eivissa\/wp-json\/wp\/v2\/users\/7"}],"replies":[{"embeddable":true,"href":"https:\/\/www.psib-psoe.org\/eivissa\/wp-json\/wp\/v2\/comments?post=32242"}],"version-history":[{"count":1,"href":"https:\/\/www.psib-psoe.org\/eivissa\/wp-json\/wp\/v2\/posts\/32242\/revisions"}],"predecessor-version":[{"id":32243,"href":"https:\/\/www.psib-psoe.org\/eivissa\/wp-json\/wp\/v2\/posts\/32242\/revisions\/32243"}],"wp:featuredmedia":[{"embeddable":true,"href":"https:\/\/www.psib-psoe.org\/eivissa\/wp-json\/wp\/v2\/media\/32202"}],"wp:attachment":[{"href":"https:\/\/www.psib-psoe.org\/eivissa\/wp-json\/wp\/v2\/media?parent=32242"}],"wp:term":[{"taxonomy":"category","embeddable":true,"href":"https:\/\/www.psib-psoe.org\/eivissa\/wp-json\/wp\/v2\/categories?post=32242"},{"taxonomy":"post_tag","embeddable":true,"href":"https:\/\/www.psib-psoe.org\/eivissa\/wp-json\/wp\/v2\/tags?post=32242"}],"curies":[{"name":"wp","href":"https:\/\/api.w.org\/{rel}","templated":true}]}}