{"id":32258,"date":"2020-11-20T13:30:56","date_gmt":"2020-11-20T11:30:56","guid":{"rendered":"https:\/\/www.psib-psoe.org\/eivissa\/?p=32258"},"modified":"2020-11-19T19:09:24","modified_gmt":"2020-11-19T17:09:24","slug":"pedro-sanchez-pide-a-la-militancia-explicar-sin-cesar-el-alcance-historico-de-unos-presupuestos-indispensables","status":"publish","type":"post","link":"https:\/\/www.psib-psoe.org\/eivissa\/pedro-sanchez-pide-a-la-militancia-explicar-sin-cesar-el-alcance-historico-de-unos-presupuestos-indispensables\/","title":{"rendered":"Pedro S\u00e1nchez pide a la militancia &#8220;explicar sin cesar el alcance hist\u00f3rico&#8221; de unos Presupuestos &#8220;indispensables&#8221;"},"content":{"rendered":"<p>El secretario general del PSOE y presidente del Gobierno, Pedro S\u00e1nchez, ha dirigido este jueves una carta a la militancia socialista, en la que ha subrayado que \u201cnecesitamos unos Presupuestos progresistas y de pa\u00eds. Es decir, una nueva Ley que permita movilizar tanto los recursos nacionales como los aportados por Europa para proteger a nuestros compatriotas m\u00e1s golpeados\u201d por la pandemia y sus consecuencias sociales y econ\u00f3micas, as\u00ed como \u201cpara reactivar nuestras empresas, para generar empleo y actividad y para transformar nuestra econom\u00eda\u201d.<\/p>\n<blockquote class=\"twitter-tweet\">\n<p dir=\"ltr\" lang=\"es\">&#x1f58b;&#xfe0f; Carta del secretario general del <a href=\"https:\/\/twitter.com\/hashtag\/PSOE?src=hash&amp;ref_src=twsrc%5Etfw\">#PSOE<\/a>, <a href=\"https:\/\/twitter.com\/sanchezcastejon?ref_src=twsrc%5Etfw\">@sanchezcastejon<\/a>, a la militancia:<\/p>\n<p>&#x1f449; Necesitamos unos <a href=\"https:\/\/twitter.com\/hashtag\/PGEDePa%C3%ADs2021?src=hash&amp;ref_src=twsrc%5Etfw\">#PGEDePa\u00eds2021<\/a>. &#8220;\u00c9sta es nuestra tarea, \u00e9ste es nuestro momento y \u00e9ste es nuestro proyecto&#8221;.<\/p>\n<p>Sigamos trabajando para construir la &#x1f1ea;&#x1f1f8; que queremos sin dejar a nadie atr\u00e1s. <a href=\"https:\/\/t.co\/Qj9ISyrRkV\">pic.twitter.com\/Qj9ISyrRkV<\/a><\/p>\n<p>\u2014 PSOE (@PSOE) <a href=\"https:\/\/twitter.com\/PSOE\/status\/1329375066790957056?ref_src=twsrc%5Etfw\">November 19, 2020<\/a><\/p><\/blockquote>\n<p><script async src=\"https:\/\/platform.twitter.com\/widgets.js\" charset=\"utf-8\"><\/script><\/p>\n<p>S\u00e1nchez asegura que \u201cla crisis ha creado nuevas prioridades, pero ha hecho m\u00e1s apremiantes las cuatro transformaciones que nuestro pa\u00eds deb\u00eda acometer\u201d y que \u201ccoinciden plenamente con las prioridades marcadas por la Uni\u00f3n Europea\u201d: Una transici\u00f3n ecol\u00f3gica justa para lograr una Espa\u00f1a verde, la transformaci\u00f3n digital de nuestro pa\u00eds, la cohesi\u00f3n social y territorial, y la igualdad de g\u00e9nero.<\/p>\n<p>Cada una de ellas, explica el l\u00edder socialista, \u201ctiene un calado suficiente como para dar sentido a una legislatura completa\u201d y \u201cdebemos acometerlas todas a la vez\u201d. La tarea \u2013contin\u00faa- \u201ces de una envergadura enorme, comparable al desaf\u00edo que acometi\u00f3 nuestro partido hace 40 a\u00f1os cuando particip\u00f3 y despu\u00e9s complet\u00f3 la transici\u00f3n desde la dictadura a la democracia\u201d.<\/p>\n<p>De hecho, \u201cson tan indispensables y su orientaci\u00f3n es tan indiscutible que los adversarios del Gobierno progresista evitan hablar de ellos y desv\u00edan la atenci\u00f3n hacia pol\u00e9micas artificiales y noticias inventadas\u201d, tal y como hace \u201cel populismo reaccionario que se extendi\u00f3 en a\u00f1os pasados en el mundo occidental y que acaba de recibir una estrepitosa derrota en Estados Unidos\u201d.<\/p>\n<p>Por eso, \u201cnuestra obligaci\u00f3n como socialistas es explicar sin cesar el alcance hist\u00f3rico de estos presupuestos. Reiterar una vez y otra que nuestro pa\u00eds necesita salir adelante con el concurso de todos. Que no hay excusa que justifique desentenderse de este esfuerzo y menos a\u00fan oponerse a \u00e9l\u201d, afirma.<\/p>\n<p>Una misi\u00f3n que \u201cno es sencilla\u201d, ya que \u201cla atenci\u00f3n se desv\u00eda hacia asuntos del pasado, como la lucha antiterrorista, que nada tienen que ver con los Presupuestos ni figuran por fortuna desde hace a\u00f1os entre los problemas de Espa\u00f1a y los espa\u00f1oles\u201d.<\/p>\n<p>S\u00e1nchez concluye trasladando a los militantes que \u201cestamos a la vez frente al mayor reto que ha vivido nuestro pa\u00eds en un siglo y ante una oportunidad hist\u00f3rica\u201d, por lo que \u201cdebemos estar a la altura\u201d. \u201cM\u00e1s all\u00e1 del griter\u00edo partidista hay una sociedad golpeada y maltrecha que espera respuestas y soluciones. Una sociedad de mujeres y hombres de buena fe que ha resistido a la embestida de la pandemia y de la crisis econ\u00f3mica y social. Entre declinar responsabilidades y ser responsables, los socialistas elegimos ser responsables. Entre desentenderse de los dem\u00e1s y fortalecer nuestros servicios p\u00fablicos, el PSOE elige lo segundo. Entre los privilegios y la justicia, elegimos la justicia. Sabemos que en esa posici\u00f3n coincidimos con una ampl\u00edsima mayor\u00eda social. Sigamos trabajando en la direcci\u00f3n correcta, desde la democracia, con humildad. Sigamos avanzando para construir la Espa\u00f1a que queremos sin dejar a nadie atr\u00e1s\u201d.<\/p>\n[vc_btn title=&#8221;Carta de Pedro S\u00e1nchez&#8221; style=&#8221;outline-custom&#8221; outline_custom_color=&#8221;#e30613&#8243; outline_custom_hover_background=&#8221;#e30613&#8243; outline_custom_hover_text=&#8221;#ffffff&#8221; shape=&#8221;square&#8221; align=&#8221;center&#8221; link=&#8221;url:https:\/\/www.psoe.es\/media-content\/2020\/11\/Carta-de-Pedro-S%C3%A1nchez-a-la-militancia-del-PSOE-191120.pdf&#8221;]\n","protected":false},"excerpt":{"rendered":"<p>El secretario general del PSOE y presidente del Gobierno, Pedro S\u00e1nchez, ha dirigido este jueves una carta a la militancia socialista, en la que ha subrayado que \u201cnecesitamos unos Presupuestos progresistas y de pa\u00eds. Es decir, una nueva Ley que permita movilizar tanto los recursos nacionales como los aportados por Europa para proteger a nuestros&hellip;<\/p>\n","protected":false},"author":7,"featured_media":32261,"comment_status":"closed","ping_status":"closed","sticky":false,"template":"","format":"standard","meta":{"footnotes":""},"categories":[1,190],"tags":[],"class_list":["post-32258","post","type-post","status-publish","format-standard","has-post-thumbnail","hentry","category-federacio-de-eivissa-portada","category-govern-despanya-congres-senat"],"yoast_head":"<!-- This site is optimized with the Yoast SEO plugin v26.9 - https:\/\/yoast.com\/product\/yoast-seo-wordpress\/ -->\n<title>Pedro S\u00e1nchez pide a la militancia &quot;explicar sin cesar el alcance hist\u00f3rico&quot; de unos Presupuestos &quot;indispensables&quot; - Federaci\u00f3 Socialista d&#039;Eivissa<\/title>\n<meta name=\"robots\" content=\"index, follow, max-snippet:-1, max-image-preview:large, max-video-preview:-1\" \/>\n<link rel=\"canonical\" href=\"https:\/\/www.psib-psoe.org\/eivissa\/pedro-sanchez-pide-a-la-militancia-explicar-sin-cesar-el-alcance-historico-de-unos-presupuestos-indispensables\/\" \/>\n<meta property=\"og:locale\" content=\"ca_ES\" \/>\n<meta property=\"og:type\" content=\"article\" \/>\n<meta property=\"og:title\" content=\"Pedro S\u00e1nchez pide a la militancia &quot;explicar sin cesar el alcance hist\u00f3rico&quot; de unos Presupuestos &quot;indispensables&quot; - Federaci\u00f3 Socialista d&#039;Eivissa\" \/>\n<meta property=\"og:description\" content=\"El secretario general del PSOE y presidente del Gobierno, Pedro S\u00e1nchez, ha dirigido este jueves una carta a la militancia socialista, en la que ha subrayado que \u201cnecesitamos unos Presupuestos progresistas y de pa\u00eds. Es decir, una nueva Ley que permita movilizar tanto los recursos nacionales como los aportados por Europa para proteger a nuestros&hellip;\" \/>\n<meta property=\"og:url\" content=\"https:\/\/www.psib-psoe.org\/eivissa\/pedro-sanchez-pide-a-la-militancia-explicar-sin-cesar-el-alcance-historico-de-unos-presupuestos-indispensables\/\" \/>\n<meta property=\"og:site_name\" content=\"Federaci\u00f3 Socialista d&#039;Eivissa\" \/>\n<meta property=\"article:published_time\" content=\"2020-11-20T11:30:56+00:00\" \/>\n<meta property=\"og:image\" content=\"https:\/\/www.psib-psoe.org\/eivissa\/wp-content\/uploads\/Pedro-Sa\u0301nchez-630x354.jpg\" \/>\n\t<meta property=\"og:image:width\" content=\"630\" \/>\n\t<meta property=\"og:image:height\" content=\"354\" \/>\n\t<meta property=\"og:image:type\" content=\"image\/jpeg\" \/>\n<meta name=\"author\" content=\"Josep Ripoll\" \/>\n<meta name=\"twitter:card\" content=\"summary_large_image\" \/>\n<meta name=\"twitter:label1\" content=\"Escrit per\" \/>\n\t<meta name=\"twitter:data1\" content=\"Josep Ripoll\" \/>\n\t<meta name=\"twitter:label2\" content=\"Temps estimat de lectura\" \/>\n\t<meta name=\"twitter:data2\" content=\"3 minuts\" \/>\n<script type=\"application\/ld+json\" class=\"yoast-schema-graph\">{\"@context\":\"https:\/\/schema.org\",\"@graph\":[{\"@type\":[\"Article\",\"BlogPosting\"],\"@id\":\"https:\/\/www.psib-psoe.org\/eivissa\/pedro-sanchez-pide-a-la-militancia-explicar-sin-cesar-el-alcance-historico-de-unos-presupuestos-indispensables\/#article\",\"isPartOf\":{\"@id\":\"https:\/\/www.psib-psoe.org\/eivissa\/pedro-sanchez-pide-a-la-militancia-explicar-sin-cesar-el-alcance-historico-de-unos-presupuestos-indispensables\/\"},\"author\":{\"name\":\"Josep Ripoll\",\"@id\":\"https:\/\/www.psib-psoe.org\/eivissa\/#\/schema\/person\/7a9d2841fb36f32e34fc0e9b245e8117\"},\"headline\":\"Pedro S\u00e1nchez pide a la militancia &#8220;explicar sin cesar el alcance hist\u00f3rico&#8221; de unos Presupuestos &#8220;indispensables&#8221;\",\"datePublished\":\"2020-11-20T11:30:56+00:00\",\"mainEntityOfPage\":{\"@id\":\"https:\/\/www.psib-psoe.org\/eivissa\/pedro-sanchez-pide-a-la-militancia-explicar-sin-cesar-el-alcance-historico-de-unos-presupuestos-indispensables\/\"},\"wordCount\":668,\"publisher\":{\"@id\":\"https:\/\/www.psib-psoe.org\/eivissa\/#organization\"},\"image\":{\"@id\":\"https:\/\/www.psib-psoe.org\/eivissa\/pedro-sanchez-pide-a-la-militancia-explicar-sin-cesar-el-alcance-historico-de-unos-presupuestos-indispensables\/#primaryimage\"},\"thumbnailUrl\":\"https:\/\/www.psib-psoe.org\/eivissa\/wp-content\/uploads\/Pedro-Sa\u0301nchez-630x354.jpg\",\"articleSection\":[\"Federaci\u00f3 d'Eivissa - Portada\",\"Govern d'Espanya - Congr\u00e9s - Senat - PSOE Federal\"],\"inLanguage\":\"ca\"},{\"@type\":\"WebPage\",\"@id\":\"https:\/\/www.psib-psoe.org\/eivissa\/pedro-sanchez-pide-a-la-militancia-explicar-sin-cesar-el-alcance-historico-de-unos-presupuestos-indispensables\/\",\"url\":\"https:\/\/www.psib-psoe.org\/eivissa\/pedro-sanchez-pide-a-la-militancia-explicar-sin-cesar-el-alcance-historico-de-unos-presupuestos-indispensables\/\",\"name\":\"Pedro S\u00e1nchez pide a la militancia \\\"explicar sin cesar el alcance hist\u00f3rico\\\" de unos Presupuestos \\\"indispensables\\\" - Federaci\u00f3 Socialista d&#039;Eivissa\",\"isPartOf\":{\"@id\":\"https:\/\/www.psib-psoe.org\/eivissa\/#website\"},\"primaryImageOfPage\":{\"@id\":\"https:\/\/www.psib-psoe.org\/eivissa\/pedro-sanchez-pide-a-la-militancia-explicar-sin-cesar-el-alcance-historico-de-unos-presupuestos-indispensables\/#primaryimage\"},\"image\":{\"@id\":\"https:\/\/www.psib-psoe.org\/eivissa\/pedro-sanchez-pide-a-la-militancia-explicar-sin-cesar-el-alcance-historico-de-unos-presupuestos-indispensables\/#primaryimage\"},\"thumbnailUrl\":\"https:\/\/www.psib-psoe.org\/eivissa\/wp-content\/uploads\/Pedro-Sa\u0301nchez-630x354.jpg\",\"datePublished\":\"2020-11-20T11:30:56+00:00\",\"breadcrumb\":{\"@id\":\"https:\/\/www.psib-psoe.org\/eivissa\/pedro-sanchez-pide-a-la-militancia-explicar-sin-cesar-el-alcance-historico-de-unos-presupuestos-indispensables\/#breadcrumb\"},\"inLanguage\":\"ca\",\"potentialAction\":[{\"@type\":\"ReadAction\",\"target\":[\"https:\/\/www.psib-psoe.org\/eivissa\/pedro-sanchez-pide-a-la-militancia-explicar-sin-cesar-el-alcance-historico-de-unos-presupuestos-indispensables\/\"]}]},{\"@type\":\"ImageObject\",\"inLanguage\":\"ca\",\"@id\":\"https:\/\/www.psib-psoe.org\/eivissa\/pedro-sanchez-pide-a-la-militancia-explicar-sin-cesar-el-alcance-historico-de-unos-presupuestos-indispensables\/#primaryimage\",\"url\":\"https:\/\/www.psib-psoe.org\/eivissa\/wp-content\/uploads\/Pedro-Sa\u0301nchez-630x354.jpg\",\"contentUrl\":\"https:\/\/www.psib-psoe.org\/eivissa\/wp-content\/uploads\/Pedro-Sa\u0301nchez-630x354.jpg\",\"width\":630,\"height\":354},{\"@type\":\"BreadcrumbList\",\"@id\":\"https:\/\/www.psib-psoe.org\/eivissa\/pedro-sanchez-pide-a-la-militancia-explicar-sin-cesar-el-alcance-historico-de-unos-presupuestos-indispensables\/#breadcrumb\",\"itemListElement\":[{\"@type\":\"ListItem\",\"position\":1,\"name\":\"Inici\",\"item\":\"https:\/\/www.psib-psoe.org\/eivissa\/\"},{\"@type\":\"ListItem\",\"position\":2,\"name\":\"Pedro S\u00e1nchez pide a la militancia &#8220;explicar sin cesar el alcance hist\u00f3rico&#8221; de unos Presupuestos &#8220;indispensables&#8221;\"}]},{\"@type\":\"WebSite\",\"@id\":\"https:\/\/www.psib-psoe.org\/eivissa\/#website\",\"url\":\"https:\/\/www.psib-psoe.org\/eivissa\/\",\"name\":\"Federaci\u00f3 Socialista d'Eivissa\",\"description\":\"Socialistes d&#039;Eivissa\",\"publisher\":{\"@id\":\"https:\/\/www.psib-psoe.org\/eivissa\/#organization\"},\"potentialAction\":[{\"@type\":\"SearchAction\",\"target\":{\"@type\":\"EntryPoint\",\"urlTemplate\":\"https:\/\/www.psib-psoe.org\/eivissa\/?s={search_term_string}\"},\"query-input\":{\"@type\":\"PropertyValueSpecification\",\"valueRequired\":true,\"valueName\":\"search_term_string\"}}],\"inLanguage\":\"ca\"},{\"@type\":\"Organization\",\"@id\":\"https:\/\/www.psib-psoe.org\/eivissa\/#organization\",\"name\":\"Federaci\u00f3 Socialista d'Eivissa\",\"url\":\"https:\/\/www.psib-psoe.org\/eivissa\/\",\"logo\":{\"@type\":\"ImageObject\",\"inLanguage\":\"ca\",\"@id\":\"https:\/\/www.psib-psoe.org\/eivissa\/#\/schema\/logo\/image\/\",\"url\":\"https:\/\/www.psib-psoe.org\/eivissa\/wp-content\/uploads\/LOGO-FSE-SOCIALISTA-DEIVISSA-HORI.png\",\"contentUrl\":\"https:\/\/www.psib-psoe.org\/eivissa\/wp-content\/uploads\/LOGO-FSE-SOCIALISTA-DEIVISSA-HORI.png\",\"width\":6000,\"height\":3104,\"caption\":\"Federaci\u00f3 Socialista d'Eivissa\"},\"image\":{\"@id\":\"https:\/\/www.psib-psoe.org\/eivissa\/#\/schema\/logo\/image\/\"}},{\"@type\":\"Person\",\"@id\":\"https:\/\/www.psib-psoe.org\/eivissa\/#\/schema\/person\/7a9d2841fb36f32e34fc0e9b245e8117\",\"name\":\"Josep Ripoll\",\"sameAs\":[\"http:\/\/www.psib-psoe.org\/eivissa\/wp-login.php\"],\"url\":\"https:\/\/www.psib-psoe.org\/eivissa\/author\/josep\/\"}]}<\/script>\n<!-- \/ Yoast SEO plugin. -->","yoast_head_json":{"title":"Pedro S\u00e1nchez pide a la militancia \"explicar sin cesar el alcance hist\u00f3rico\" de unos Presupuestos \"indispensables\" - Federaci\u00f3 Socialista d&#039;Eivissa","robots":{"index":"index","follow":"follow","max-snippet":"max-snippet:-1","max-image-preview":"max-image-preview:large","max-video-preview":"max-video-preview:-1"},"canonical":"https:\/\/www.psib-psoe.org\/eivissa\/pedro-sanchez-pide-a-la-militancia-explicar-sin-cesar-el-alcance-historico-de-unos-presupuestos-indispensables\/","og_locale":"ca_ES","og_type":"article","og_title":"Pedro S\u00e1nchez pide a la militancia \"explicar sin cesar el alcance hist\u00f3rico\" de unos Presupuestos \"indispensables\" - Federaci\u00f3 Socialista d&#039;Eivissa","og_description":"El secretario general del PSOE y presidente del Gobierno, Pedro S\u00e1nchez, ha dirigido este jueves una carta a la militancia socialista, en la que ha subrayado que \u201cnecesitamos unos Presupuestos progresistas y de pa\u00eds. Es decir, una nueva Ley que permita movilizar tanto los recursos nacionales como los aportados por Europa para proteger a nuestros&hellip;","og_url":"https:\/\/www.psib-psoe.org\/eivissa\/pedro-sanchez-pide-a-la-militancia-explicar-sin-cesar-el-alcance-historico-de-unos-presupuestos-indispensables\/","og_site_name":"Federaci\u00f3 Socialista d&#039;Eivissa","article_published_time":"2020-11-20T11:30:56+00:00","og_image":[{"width":630,"height":354,"url":"https:\/\/www.psib-psoe.org\/eivissa\/wp-content\/uploads\/Pedro-Sa\u0301nchez-630x354.jpg","type":"image\/jpeg"}],"author":"Josep Ripoll","twitter_card":"summary_large_image","twitter_misc":{"Escrit per":"Josep Ripoll","Temps estimat de lectura":"3 minuts"},"schema":{"@context":"https:\/\/schema.org","@graph":[{"@type":["Article","BlogPosting"],"@id":"https:\/\/www.psib-psoe.org\/eivissa\/pedro-sanchez-pide-a-la-militancia-explicar-sin-cesar-el-alcance-historico-de-unos-presupuestos-indispensables\/#article","isPartOf":{"@id":"https:\/\/www.psib-psoe.org\/eivissa\/pedro-sanchez-pide-a-la-militancia-explicar-sin-cesar-el-alcance-historico-de-unos-presupuestos-indispensables\/"},"author":{"name":"Josep Ripoll","@id":"https:\/\/www.psib-psoe.org\/eivissa\/#\/schema\/person\/7a9d2841fb36f32e34fc0e9b245e8117"},"headline":"Pedro S\u00e1nchez pide a la militancia &#8220;explicar sin cesar el alcance hist\u00f3rico&#8221; de unos Presupuestos &#8220;indispensables&#8221;","datePublished":"2020-11-20T11:30:56+00:00","mainEntityOfPage":{"@id":"https:\/\/www.psib-psoe.org\/eivissa\/pedro-sanchez-pide-a-la-militancia-explicar-sin-cesar-el-alcance-historico-de-unos-presupuestos-indispensables\/"},"wordCount":668,"publisher":{"@id":"https:\/\/www.psib-psoe.org\/eivissa\/#organization"},"image":{"@id":"https:\/\/www.psib-psoe.org\/eivissa\/pedro-sanchez-pide-a-la-militancia-explicar-sin-cesar-el-alcance-historico-de-unos-presupuestos-indispensables\/#primaryimage"},"thumbnailUrl":"https:\/\/www.psib-psoe.org\/eivissa\/wp-content\/uploads\/Pedro-Sa\u0301nchez-630x354.jpg","articleSection":["Federaci\u00f3 d'Eivissa - Portada","Govern d'Espanya - Congr\u00e9s - Senat - PSOE Federal"],"inLanguage":"ca"},{"@type":"WebPage","@id":"https:\/\/www.psib-psoe.org\/eivissa\/pedro-sanchez-pide-a-la-militancia-explicar-sin-cesar-el-alcance-historico-de-unos-presupuestos-indispensables\/","url":"https:\/\/www.psib-psoe.org\/eivissa\/pedro-sanchez-pide-a-la-militancia-explicar-sin-cesar-el-alcance-historico-de-unos-presupuestos-indispensables\/","name":"Pedro S\u00e1nchez pide a la militancia \"explicar sin cesar el alcance hist\u00f3rico\" de unos Presupuestos \"indispensables\" - Federaci\u00f3 Socialista d&#039;Eivissa","isPartOf":{"@id":"https:\/\/www.psib-psoe.org\/eivissa\/#website"},"primaryImageOfPage":{"@id":"https:\/\/www.psib-psoe.org\/eivissa\/pedro-sanchez-pide-a-la-militancia-explicar-sin-cesar-el-alcance-historico-de-unos-presupuestos-indispensables\/#primaryimage"},"image":{"@id":"https:\/\/www.psib-psoe.org\/eivissa\/pedro-sanchez-pide-a-la-militancia-explicar-sin-cesar-el-alcance-historico-de-unos-presupuestos-indispensables\/#primaryimage"},"thumbnailUrl":"https:\/\/www.psib-psoe.org\/eivissa\/wp-content\/uploads\/Pedro-Sa\u0301nchez-630x354.jpg","datePublished":"2020-11-20T11:30:56+00:00","breadcrumb":{"@id":"https:\/\/www.psib-psoe.org\/eivissa\/pedro-sanchez-pide-a-la-militancia-explicar-sin-cesar-el-alcance-historico-de-unos-presupuestos-indispensables\/#breadcrumb"},"inLanguage":"ca","potentialAction":[{"@type":"ReadAction","target":["https:\/\/www.psib-psoe.org\/eivissa\/pedro-sanchez-pide-a-la-militancia-explicar-sin-cesar-el-alcance-historico-de-unos-presupuestos-indispensables\/"]}]},{"@type":"ImageObject","inLanguage":"ca","@id":"https:\/\/www.psib-psoe.org\/eivissa\/pedro-sanchez-pide-a-la-militancia-explicar-sin-cesar-el-alcance-historico-de-unos-presupuestos-indispensables\/#primaryimage","url":"https:\/\/www.psib-psoe.org\/eivissa\/wp-content\/uploads\/Pedro-Sa\u0301nchez-630x354.jpg","contentUrl":"https:\/\/www.psib-psoe.org\/eivissa\/wp-content\/uploads\/Pedro-Sa\u0301nchez-630x354.jpg","width":630,"height":354},{"@type":"BreadcrumbList","@id":"https:\/\/www.psib-psoe.org\/eivissa\/pedro-sanchez-pide-a-la-militancia-explicar-sin-cesar-el-alcance-historico-de-unos-presupuestos-indispensables\/#breadcrumb","itemListElement":[{"@type":"ListItem","position":1,"name":"Inici","item":"https:\/\/www.psib-psoe.org\/eivissa\/"},{"@type":"ListItem","position":2,"name":"Pedro S\u00e1nchez pide a la militancia &#8220;explicar sin cesar el alcance hist\u00f3rico&#8221; de unos Presupuestos &#8220;indispensables&#8221;"}]},{"@type":"WebSite","@id":"https:\/\/www.psib-psoe.org\/eivissa\/#website","url":"https:\/\/www.psib-psoe.org\/eivissa\/","name":"Federaci\u00f3 Socialista d'Eivissa","description":"Socialistes d&#039;Eivissa","publisher":{"@id":"https:\/\/www.psib-psoe.org\/eivissa\/#organization"},"potentialAction":[{"@type":"SearchAction","target":{"@type":"EntryPoint","urlTemplate":"https:\/\/www.psib-psoe.org\/eivissa\/?s={search_term_string}"},"query-input":{"@type":"PropertyValueSpecification","valueRequired":true,"valueName":"search_term_string"}}],"inLanguage":"ca"},{"@type":"Organization","@id":"https:\/\/www.psib-psoe.org\/eivissa\/#organization","name":"Federaci\u00f3 Socialista d'Eivissa","url":"https:\/\/www.psib-psoe.org\/eivissa\/","logo":{"@type":"ImageObject","inLanguage":"ca","@id":"https:\/\/www.psib-psoe.org\/eivissa\/#\/schema\/logo\/image\/","url":"https:\/\/www.psib-psoe.org\/eivissa\/wp-content\/uploads\/LOGO-FSE-SOCIALISTA-DEIVISSA-HORI.png","contentUrl":"https:\/\/www.psib-psoe.org\/eivissa\/wp-content\/uploads\/LOGO-FSE-SOCIALISTA-DEIVISSA-HORI.png","width":6000,"height":3104,"caption":"Federaci\u00f3 Socialista d'Eivissa"},"image":{"@id":"https:\/\/www.psib-psoe.org\/eivissa\/#\/schema\/logo\/image\/"}},{"@type":"Person","@id":"https:\/\/www.psib-psoe.org\/eivissa\/#\/schema\/person\/7a9d2841fb36f32e34fc0e9b245e8117","name":"Josep Ripoll","sameAs":["http:\/\/www.psib-psoe.org\/eivissa\/wp-login.php"],"url":"https:\/\/www.psib-psoe.org\/eivissa\/author\/josep\/"}]}},"_links":{"self":[{"href":"https:\/\/www.psib-psoe.org\/eivissa\/wp-json\/wp\/v2\/posts\/32258","targetHints":{"allow":["GET"]}}],"collection":[{"href":"https:\/\/www.psib-psoe.org\/eivissa\/wp-json\/wp\/v2\/posts"}],"about":[{"href":"https:\/\/www.psib-psoe.org\/eivissa\/wp-json\/wp\/v2\/types\/post"}],"author":[{"embeddable":true,"href":"https:\/\/www.psib-psoe.org\/eivissa\/wp-json\/wp\/v2\/users\/7"}],"replies":[{"embeddable":true,"href":"https:\/\/www.psib-psoe.org\/eivissa\/wp-json\/wp\/v2\/comments?post=32258"}],"version-history":[{"count":2,"href":"https:\/\/www.psib-psoe.org\/eivissa\/wp-json\/wp\/v2\/posts\/32258\/revisions"}],"predecessor-version":[{"id":32260,"href":"https:\/\/www.psib-psoe.org\/eivissa\/wp-json\/wp\/v2\/posts\/32258\/revisions\/32260"}],"wp:featuredmedia":[{"embeddable":true,"href":"https:\/\/www.psib-psoe.org\/eivissa\/wp-json\/wp\/v2\/media\/32261"}],"wp:attachment":[{"href":"https:\/\/www.psib-psoe.org\/eivissa\/wp-json\/wp\/v2\/media?parent=32258"}],"wp:term":[{"taxonomy":"category","embeddable":true,"href":"https:\/\/www.psib-psoe.org\/eivissa\/wp-json\/wp\/v2\/categories?post=32258"},{"taxonomy":"post_tag","embeddable":true,"href":"https:\/\/www.psib-psoe.org\/eivissa\/wp-json\/wp\/v2\/tags?post=32258"}],"curies":[{"name":"wp","href":"https:\/\/api.w.org\/{rel}","templated":true}]}}