{"id":32319,"date":"2020-11-23T13:33:28","date_gmt":"2020-11-23T11:33:28","guid":{"rendered":"https:\/\/www.psib-psoe.org\/eivissa\/?p=32319"},"modified":"2020-11-23T13:33:28","modified_gmt":"2020-11-23T11:33:28","slug":"les-joventuts-socialistes-deivissa-inicien-la-campanya-solidaria-de-recollida-de-jugarois","status":"publish","type":"post","link":"https:\/\/www.psib-psoe.org\/eivissa\/les-joventuts-socialistes-deivissa-inicien-la-campanya-solidaria-de-recollida-de-jugarois\/","title":{"rendered":"Les Joventuts Socialistes d&#8217;Eivissa inicien la campanya solid\u00e0ria de recollida de jugarois"},"content":{"rendered":"<div dir=\"ltr\"><span style=\"font-size: large;\">Les Joventuts Socialistes d&#8217;Eivissa (JSEi) han iniciat la campanya solid\u00e0ria de recollida de jugarois a benefici de Creu Roja, que des de fa uns anys organitzen durant les dates nadalenques. Enguany &#8220;l&#8217;ajuda de la ciutadania d&#8217;Eivissa \u00e9s m\u00e9s important que mai, ja que la crisi provocada per la pand\u00e8mia ha agreujat la situaci\u00f3 de les fam\u00edlies m\u00e9s vulnerables&#8221;, recorda la secret\u00e0ria general de les JSEi, Azahara Pe\u00f1a.<\/p>\n<p>Les Joventuts Socialistes d&#8217;Eivissa recorden que han de ser jugarois nous, i es prega que siguin no sexistes i no violents. L&#8217;entrega es pot fer de dilluns a divendres a la seu de la FSE-PSOE, a la via Romana 15 de la ciutat d&#8217;Eivissa, fins al 20 de desembre.<br \/>\n<\/span><\/div>\n<div dir=\"ltr\"><span style=\"font-size: large;\"><br \/>\nEl programa d&#8217;aliments de Creu Roja Eivissa at\u00e9n m\u00e9s de mig miler de fam\u00edlies, una xifra que s&#8217;ha incrementat per la Covid-19, moltes de les quals tenen fills i filles que &#8220;han de poder viure les festes nadalenques amb la mateixa il\u00b7lusi\u00f3 que la resta de boixos i boixes d&#8217;Eivissa&#8221;. Tot el material recollit per les Joventuts Socialistes es repartir\u00e0 entre aquestes fam\u00edlies.<\/span><\/div>\n","protected":false},"excerpt":{"rendered":"<p>Les Joventuts Socialistes d&#8217;Eivissa (JSEi) han iniciat la campanya solid\u00e0ria de recollida de jugarois a benefici de Creu Roja, que des de fa uns anys organitzen durant les dates nadalenques. Enguany &#8220;l&#8217;ajuda de la ciutadania d&#8217;Eivissa \u00e9s m\u00e9s important que mai, ja que la crisi provocada per la pand\u00e8mia ha agreujat la situaci\u00f3 de les&hellip;<\/p>\n","protected":false},"author":12,"featured_media":32320,"comment_status":"closed","ping_status":"closed","sticky":false,"template":"","format":"standard","meta":{"footnotes":""},"categories":[1,260],"tags":[],"class_list":["post-32319","post","type-post","status-publish","format-standard","has-post-thumbnail","hentry","category-federacio-de-eivissa-portada","category-joventuts-socialistes-deivissa"],"yoast_head":"<!-- This site is optimized with the Yoast SEO plugin v26.9 - https:\/\/yoast.com\/product\/yoast-seo-wordpress\/ -->\n<title>Les Joventuts Socialistes d&#039;Eivissa inicien la campanya solid\u00e0ria de recollida de jugarois - Federaci\u00f3 Socialista d&#039;Eivissa<\/title>\n<meta name=\"robots\" content=\"index, follow, max-snippet:-1, max-image-preview:large, max-video-preview:-1\" \/>\n<link rel=\"canonical\" href=\"https:\/\/www.psib-psoe.org\/eivissa\/les-joventuts-socialistes-deivissa-inicien-la-campanya-solidaria-de-recollida-de-jugarois\/\" \/>\n<meta property=\"og:locale\" content=\"ca_ES\" \/>\n<meta property=\"og:type\" content=\"article\" \/>\n<meta property=\"og:title\" content=\"Les Joventuts Socialistes d&#039;Eivissa inicien la campanya solid\u00e0ria de recollida de jugarois - Federaci\u00f3 Socialista d&#039;Eivissa\" \/>\n<meta property=\"og:description\" content=\"Les Joventuts Socialistes d&#8217;Eivissa (JSEi) han iniciat la campanya solid\u00e0ria de recollida de jugarois a benefici de Creu Roja, que des de fa uns anys organitzen durant les dates nadalenques. Enguany &#8220;l&#8217;ajuda de la ciutadania d&#8217;Eivissa \u00e9s m\u00e9s important que mai, ja que la crisi provocada per la pand\u00e8mia ha agreujat la situaci\u00f3 de les&hellip;\" \/>\n<meta property=\"og:url\" content=\"https:\/\/www.psib-psoe.org\/eivissa\/les-joventuts-socialistes-deivissa-inicien-la-campanya-solidaria-de-recollida-de-jugarois\/\" \/>\n<meta property=\"og:site_name\" content=\"Federaci\u00f3 Socialista d&#039;Eivissa\" \/>\n<meta property=\"article:published_time\" content=\"2020-11-23T11:33:28+00:00\" \/>\n<meta property=\"og:image\" content=\"https:\/\/www.psib-psoe.org\/eivissa\/wp-content\/uploads\/WhatsApp-Image-2020-11-23-at-12.24.34.jpeg\" \/>\n\t<meta property=\"og:image:width\" content=\"942\" \/>\n\t<meta property=\"og:image:height\" content=\"482\" \/>\n\t<meta property=\"og:image:type\" content=\"image\/jpeg\" \/>\n<meta name=\"author\" content=\"Azahara\" \/>\n<meta name=\"twitter:card\" content=\"summary_large_image\" \/>\n<meta name=\"twitter:label1\" content=\"Escrit per\" \/>\n\t<meta name=\"twitter:data1\" content=\"Azahara\" \/>\n\t<meta name=\"twitter:label2\" content=\"Temps estimat de lectura\" \/>\n\t<meta name=\"twitter:data2\" content=\"1 minut\" \/>\n<script type=\"application\/ld+json\" class=\"yoast-schema-graph\">{\"@context\":\"https:\/\/schema.org\",\"@graph\":[{\"@type\":[\"Article\",\"BlogPosting\"],\"@id\":\"https:\/\/www.psib-psoe.org\/eivissa\/les-joventuts-socialistes-deivissa-inicien-la-campanya-solidaria-de-recollida-de-jugarois\/#article\",\"isPartOf\":{\"@id\":\"https:\/\/www.psib-psoe.org\/eivissa\/les-joventuts-socialistes-deivissa-inicien-la-campanya-solidaria-de-recollida-de-jugarois\/\"},\"author\":{\"name\":\"Azahara\",\"@id\":\"https:\/\/www.psib-psoe.org\/eivissa\/#\/schema\/person\/68066b276b53995e2bd8dac00f0bc415\"},\"headline\":\"Les Joventuts Socialistes d&#8217;Eivissa inicien la campanya solid\u00e0ria de recollida de jugarois\",\"datePublished\":\"2020-11-23T11:33:28+00:00\",\"mainEntityOfPage\":{\"@id\":\"https:\/\/www.psib-psoe.org\/eivissa\/les-joventuts-socialistes-deivissa-inicien-la-campanya-solidaria-de-recollida-de-jugarois\/\"},\"wordCount\":202,\"publisher\":{\"@id\":\"https:\/\/www.psib-psoe.org\/eivissa\/#organization\"},\"image\":{\"@id\":\"https:\/\/www.psib-psoe.org\/eivissa\/les-joventuts-socialistes-deivissa-inicien-la-campanya-solidaria-de-recollida-de-jugarois\/#primaryimage\"},\"thumbnailUrl\":\"https:\/\/www.psib-psoe.org\/eivissa\/wp-content\/uploads\/WhatsApp-Image-2020-11-23-at-12.24.34.jpeg\",\"articleSection\":[\"Federaci\u00f3 d'Eivissa - Portada\",\"Joventuts Socialistes d'Eivissa\"],\"inLanguage\":\"ca\"},{\"@type\":\"WebPage\",\"@id\":\"https:\/\/www.psib-psoe.org\/eivissa\/les-joventuts-socialistes-deivissa-inicien-la-campanya-solidaria-de-recollida-de-jugarois\/\",\"url\":\"https:\/\/www.psib-psoe.org\/eivissa\/les-joventuts-socialistes-deivissa-inicien-la-campanya-solidaria-de-recollida-de-jugarois\/\",\"name\":\"Les Joventuts Socialistes d'Eivissa inicien la campanya solid\u00e0ria de recollida de jugarois - Federaci\u00f3 Socialista d&#039;Eivissa\",\"isPartOf\":{\"@id\":\"https:\/\/www.psib-psoe.org\/eivissa\/#website\"},\"primaryImageOfPage\":{\"@id\":\"https:\/\/www.psib-psoe.org\/eivissa\/les-joventuts-socialistes-deivissa-inicien-la-campanya-solidaria-de-recollida-de-jugarois\/#primaryimage\"},\"image\":{\"@id\":\"https:\/\/www.psib-psoe.org\/eivissa\/les-joventuts-socialistes-deivissa-inicien-la-campanya-solidaria-de-recollida-de-jugarois\/#primaryimage\"},\"thumbnailUrl\":\"https:\/\/www.psib-psoe.org\/eivissa\/wp-content\/uploads\/WhatsApp-Image-2020-11-23-at-12.24.34.jpeg\",\"datePublished\":\"2020-11-23T11:33:28+00:00\",\"breadcrumb\":{\"@id\":\"https:\/\/www.psib-psoe.org\/eivissa\/les-joventuts-socialistes-deivissa-inicien-la-campanya-solidaria-de-recollida-de-jugarois\/#breadcrumb\"},\"inLanguage\":\"ca\",\"potentialAction\":[{\"@type\":\"ReadAction\",\"target\":[\"https:\/\/www.psib-psoe.org\/eivissa\/les-joventuts-socialistes-deivissa-inicien-la-campanya-solidaria-de-recollida-de-jugarois\/\"]}]},{\"@type\":\"ImageObject\",\"inLanguage\":\"ca\",\"@id\":\"https:\/\/www.psib-psoe.org\/eivissa\/les-joventuts-socialistes-deivissa-inicien-la-campanya-solidaria-de-recollida-de-jugarois\/#primaryimage\",\"url\":\"https:\/\/www.psib-psoe.org\/eivissa\/wp-content\/uploads\/WhatsApp-Image-2020-11-23-at-12.24.34.jpeg\",\"contentUrl\":\"https:\/\/www.psib-psoe.org\/eivissa\/wp-content\/uploads\/WhatsApp-Image-2020-11-23-at-12.24.34.jpeg\",\"width\":942,\"height\":482},{\"@type\":\"BreadcrumbList\",\"@id\":\"https:\/\/www.psib-psoe.org\/eivissa\/les-joventuts-socialistes-deivissa-inicien-la-campanya-solidaria-de-recollida-de-jugarois\/#breadcrumb\",\"itemListElement\":[{\"@type\":\"ListItem\",\"position\":1,\"name\":\"Inici\",\"item\":\"https:\/\/www.psib-psoe.org\/eivissa\/\"},{\"@type\":\"ListItem\",\"position\":2,\"name\":\"Les Joventuts Socialistes d&#8217;Eivissa inicien la campanya solid\u00e0ria de recollida de jugarois\"}]},{\"@type\":\"WebSite\",\"@id\":\"https:\/\/www.psib-psoe.org\/eivissa\/#website\",\"url\":\"https:\/\/www.psib-psoe.org\/eivissa\/\",\"name\":\"Federaci\u00f3 Socialista d'Eivissa\",\"description\":\"Socialistes d&#039;Eivissa\",\"publisher\":{\"@id\":\"https:\/\/www.psib-psoe.org\/eivissa\/#organization\"},\"potentialAction\":[{\"@type\":\"SearchAction\",\"target\":{\"@type\":\"EntryPoint\",\"urlTemplate\":\"https:\/\/www.psib-psoe.org\/eivissa\/?s={search_term_string}\"},\"query-input\":{\"@type\":\"PropertyValueSpecification\",\"valueRequired\":true,\"valueName\":\"search_term_string\"}}],\"inLanguage\":\"ca\"},{\"@type\":\"Organization\",\"@id\":\"https:\/\/www.psib-psoe.org\/eivissa\/#organization\",\"name\":\"Federaci\u00f3 Socialista d'Eivissa\",\"url\":\"https:\/\/www.psib-psoe.org\/eivissa\/\",\"logo\":{\"@type\":\"ImageObject\",\"inLanguage\":\"ca\",\"@id\":\"https:\/\/www.psib-psoe.org\/eivissa\/#\/schema\/logo\/image\/\",\"url\":\"https:\/\/www.psib-psoe.org\/eivissa\/wp-content\/uploads\/LOGO-FSE-SOCIALISTA-DEIVISSA-HORI.png\",\"contentUrl\":\"https:\/\/www.psib-psoe.org\/eivissa\/wp-content\/uploads\/LOGO-FSE-SOCIALISTA-DEIVISSA-HORI.png\",\"width\":6000,\"height\":3104,\"caption\":\"Federaci\u00f3 Socialista d'Eivissa\"},\"image\":{\"@id\":\"https:\/\/www.psib-psoe.org\/eivissa\/#\/schema\/logo\/image\/\"}},{\"@type\":\"Person\",\"@id\":\"https:\/\/www.psib-psoe.org\/eivissa\/#\/schema\/person\/68066b276b53995e2bd8dac00f0bc415\",\"name\":\"Azahara\",\"url\":\"https:\/\/www.psib-psoe.org\/eivissa\/author\/azahara\/\"}]}<\/script>\n<!-- \/ Yoast SEO plugin. -->","yoast_head_json":{"title":"Les Joventuts Socialistes d'Eivissa inicien la campanya solid\u00e0ria de recollida de jugarois - Federaci\u00f3 Socialista d&#039;Eivissa","robots":{"index":"index","follow":"follow","max-snippet":"max-snippet:-1","max-image-preview":"max-image-preview:large","max-video-preview":"max-video-preview:-1"},"canonical":"https:\/\/www.psib-psoe.org\/eivissa\/les-joventuts-socialistes-deivissa-inicien-la-campanya-solidaria-de-recollida-de-jugarois\/","og_locale":"ca_ES","og_type":"article","og_title":"Les Joventuts Socialistes d'Eivissa inicien la campanya solid\u00e0ria de recollida de jugarois - Federaci\u00f3 Socialista d&#039;Eivissa","og_description":"Les Joventuts Socialistes d&#8217;Eivissa (JSEi) han iniciat la campanya solid\u00e0ria de recollida de jugarois a benefici de Creu Roja, que des de fa uns anys organitzen durant les dates nadalenques. Enguany &#8220;l&#8217;ajuda de la ciutadania d&#8217;Eivissa \u00e9s m\u00e9s important que mai, ja que la crisi provocada per la pand\u00e8mia ha agreujat la situaci\u00f3 de les&hellip;","og_url":"https:\/\/www.psib-psoe.org\/eivissa\/les-joventuts-socialistes-deivissa-inicien-la-campanya-solidaria-de-recollida-de-jugarois\/","og_site_name":"Federaci\u00f3 Socialista d&#039;Eivissa","article_published_time":"2020-11-23T11:33:28+00:00","og_image":[{"width":942,"height":482,"url":"https:\/\/www.psib-psoe.org\/eivissa\/wp-content\/uploads\/WhatsApp-Image-2020-11-23-at-12.24.34.jpeg","type":"image\/jpeg"}],"author":"Azahara","twitter_card":"summary_large_image","twitter_misc":{"Escrit per":"Azahara","Temps estimat de lectura":"1 minut"},"schema":{"@context":"https:\/\/schema.org","@graph":[{"@type":["Article","BlogPosting"],"@id":"https:\/\/www.psib-psoe.org\/eivissa\/les-joventuts-socialistes-deivissa-inicien-la-campanya-solidaria-de-recollida-de-jugarois\/#article","isPartOf":{"@id":"https:\/\/www.psib-psoe.org\/eivissa\/les-joventuts-socialistes-deivissa-inicien-la-campanya-solidaria-de-recollida-de-jugarois\/"},"author":{"name":"Azahara","@id":"https:\/\/www.psib-psoe.org\/eivissa\/#\/schema\/person\/68066b276b53995e2bd8dac00f0bc415"},"headline":"Les Joventuts Socialistes d&#8217;Eivissa inicien la campanya solid\u00e0ria de recollida de jugarois","datePublished":"2020-11-23T11:33:28+00:00","mainEntityOfPage":{"@id":"https:\/\/www.psib-psoe.org\/eivissa\/les-joventuts-socialistes-deivissa-inicien-la-campanya-solidaria-de-recollida-de-jugarois\/"},"wordCount":202,"publisher":{"@id":"https:\/\/www.psib-psoe.org\/eivissa\/#organization"},"image":{"@id":"https:\/\/www.psib-psoe.org\/eivissa\/les-joventuts-socialistes-deivissa-inicien-la-campanya-solidaria-de-recollida-de-jugarois\/#primaryimage"},"thumbnailUrl":"https:\/\/www.psib-psoe.org\/eivissa\/wp-content\/uploads\/WhatsApp-Image-2020-11-23-at-12.24.34.jpeg","articleSection":["Federaci\u00f3 d'Eivissa - Portada","Joventuts Socialistes d'Eivissa"],"inLanguage":"ca"},{"@type":"WebPage","@id":"https:\/\/www.psib-psoe.org\/eivissa\/les-joventuts-socialistes-deivissa-inicien-la-campanya-solidaria-de-recollida-de-jugarois\/","url":"https:\/\/www.psib-psoe.org\/eivissa\/les-joventuts-socialistes-deivissa-inicien-la-campanya-solidaria-de-recollida-de-jugarois\/","name":"Les Joventuts Socialistes d'Eivissa inicien la campanya solid\u00e0ria de recollida de jugarois - Federaci\u00f3 Socialista d&#039;Eivissa","isPartOf":{"@id":"https:\/\/www.psib-psoe.org\/eivissa\/#website"},"primaryImageOfPage":{"@id":"https:\/\/www.psib-psoe.org\/eivissa\/les-joventuts-socialistes-deivissa-inicien-la-campanya-solidaria-de-recollida-de-jugarois\/#primaryimage"},"image":{"@id":"https:\/\/www.psib-psoe.org\/eivissa\/les-joventuts-socialistes-deivissa-inicien-la-campanya-solidaria-de-recollida-de-jugarois\/#primaryimage"},"thumbnailUrl":"https:\/\/www.psib-psoe.org\/eivissa\/wp-content\/uploads\/WhatsApp-Image-2020-11-23-at-12.24.34.jpeg","datePublished":"2020-11-23T11:33:28+00:00","breadcrumb":{"@id":"https:\/\/www.psib-psoe.org\/eivissa\/les-joventuts-socialistes-deivissa-inicien-la-campanya-solidaria-de-recollida-de-jugarois\/#breadcrumb"},"inLanguage":"ca","potentialAction":[{"@type":"ReadAction","target":["https:\/\/www.psib-psoe.org\/eivissa\/les-joventuts-socialistes-deivissa-inicien-la-campanya-solidaria-de-recollida-de-jugarois\/"]}]},{"@type":"ImageObject","inLanguage":"ca","@id":"https:\/\/www.psib-psoe.org\/eivissa\/les-joventuts-socialistes-deivissa-inicien-la-campanya-solidaria-de-recollida-de-jugarois\/#primaryimage","url":"https:\/\/www.psib-psoe.org\/eivissa\/wp-content\/uploads\/WhatsApp-Image-2020-11-23-at-12.24.34.jpeg","contentUrl":"https:\/\/www.psib-psoe.org\/eivissa\/wp-content\/uploads\/WhatsApp-Image-2020-11-23-at-12.24.34.jpeg","width":942,"height":482},{"@type":"BreadcrumbList","@id":"https:\/\/www.psib-psoe.org\/eivissa\/les-joventuts-socialistes-deivissa-inicien-la-campanya-solidaria-de-recollida-de-jugarois\/#breadcrumb","itemListElement":[{"@type":"ListItem","position":1,"name":"Inici","item":"https:\/\/www.psib-psoe.org\/eivissa\/"},{"@type":"ListItem","position":2,"name":"Les Joventuts Socialistes d&#8217;Eivissa inicien la campanya solid\u00e0ria de recollida de jugarois"}]},{"@type":"WebSite","@id":"https:\/\/www.psib-psoe.org\/eivissa\/#website","url":"https:\/\/www.psib-psoe.org\/eivissa\/","name":"Federaci\u00f3 Socialista d'Eivissa","description":"Socialistes d&#039;Eivissa","publisher":{"@id":"https:\/\/www.psib-psoe.org\/eivissa\/#organization"},"potentialAction":[{"@type":"SearchAction","target":{"@type":"EntryPoint","urlTemplate":"https:\/\/www.psib-psoe.org\/eivissa\/?s={search_term_string}"},"query-input":{"@type":"PropertyValueSpecification","valueRequired":true,"valueName":"search_term_string"}}],"inLanguage":"ca"},{"@type":"Organization","@id":"https:\/\/www.psib-psoe.org\/eivissa\/#organization","name":"Federaci\u00f3 Socialista d'Eivissa","url":"https:\/\/www.psib-psoe.org\/eivissa\/","logo":{"@type":"ImageObject","inLanguage":"ca","@id":"https:\/\/www.psib-psoe.org\/eivissa\/#\/schema\/logo\/image\/","url":"https:\/\/www.psib-psoe.org\/eivissa\/wp-content\/uploads\/LOGO-FSE-SOCIALISTA-DEIVISSA-HORI.png","contentUrl":"https:\/\/www.psib-psoe.org\/eivissa\/wp-content\/uploads\/LOGO-FSE-SOCIALISTA-DEIVISSA-HORI.png","width":6000,"height":3104,"caption":"Federaci\u00f3 Socialista d'Eivissa"},"image":{"@id":"https:\/\/www.psib-psoe.org\/eivissa\/#\/schema\/logo\/image\/"}},{"@type":"Person","@id":"https:\/\/www.psib-psoe.org\/eivissa\/#\/schema\/person\/68066b276b53995e2bd8dac00f0bc415","name":"Azahara","url":"https:\/\/www.psib-psoe.org\/eivissa\/author\/azahara\/"}]}},"_links":{"self":[{"href":"https:\/\/www.psib-psoe.org\/eivissa\/wp-json\/wp\/v2\/posts\/32319","targetHints":{"allow":["GET"]}}],"collection":[{"href":"https:\/\/www.psib-psoe.org\/eivissa\/wp-json\/wp\/v2\/posts"}],"about":[{"href":"https:\/\/www.psib-psoe.org\/eivissa\/wp-json\/wp\/v2\/types\/post"}],"author":[{"embeddable":true,"href":"https:\/\/www.psib-psoe.org\/eivissa\/wp-json\/wp\/v2\/users\/12"}],"replies":[{"embeddable":true,"href":"https:\/\/www.psib-psoe.org\/eivissa\/wp-json\/wp\/v2\/comments?post=32319"}],"version-history":[{"count":1,"href":"https:\/\/www.psib-psoe.org\/eivissa\/wp-json\/wp\/v2\/posts\/32319\/revisions"}],"predecessor-version":[{"id":32322,"href":"https:\/\/www.psib-psoe.org\/eivissa\/wp-json\/wp\/v2\/posts\/32319\/revisions\/32322"}],"wp:featuredmedia":[{"embeddable":true,"href":"https:\/\/www.psib-psoe.org\/eivissa\/wp-json\/wp\/v2\/media\/32320"}],"wp:attachment":[{"href":"https:\/\/www.psib-psoe.org\/eivissa\/wp-json\/wp\/v2\/media?parent=32319"}],"wp:term":[{"taxonomy":"category","embeddable":true,"href":"https:\/\/www.psib-psoe.org\/eivissa\/wp-json\/wp\/v2\/categories?post=32319"},{"taxonomy":"post_tag","embeddable":true,"href":"https:\/\/www.psib-psoe.org\/eivissa\/wp-json\/wp\/v2\/tags?post=32319"}],"curies":[{"name":"wp","href":"https:\/\/api.w.org\/{rel}","templated":true}]}}