{"id":32376,"date":"2020-11-30T15:00:51","date_gmt":"2020-11-30T13:00:51","guid":{"rendered":"https:\/\/www.psib-psoe.org\/eivissa\/?p=32376"},"modified":"2020-11-30T15:00:51","modified_gmt":"2020-11-30T13:00:51","slug":"el-psoe-de-sant-joan-denuncia-lacumulacio-de-fems-a-la-zona-de-la-torre-de-portinatx","status":"publish","type":"post","link":"https:\/\/www.psib-psoe.org\/eivissa\/el-psoe-de-sant-joan-denuncia-lacumulacio-de-fems-a-la-zona-de-la-torre-de-portinatx\/","title":{"rendered":"El PSOE de Sant Joan denuncia l&#8217;acumulaci\u00f3 de fems a la zona de la torre de Portinatx"},"content":{"rendered":"<div dir=\"ltr\"><span style=\"font-size: large;\">El grup PSOE de Sant Joan de Labritja ha denunciat davant l&#8217;ajuntament l&#8217;acumulaci\u00f3 de fems la zona de la torre de Portinatx, on s&#8217;est\u00e0 construint la megaobra del complex tur\u00edstic Xarraca Bay. El portaveu socialista, Pep Torres &#8216;Peret&#8217;, ha explicat que la zona boscosa dels voltants de la torre est\u00e0 ple de residus de tota classe: mascaretes, envasos, pl\u00e0stics i elements que clarament provenen de l&#8217;obra del complex hoteler.<\/span><\/div>\n<div dir=\"ltr\"><span style=\"font-size: large;\"><br \/>\nEl PSOE considera que l&#8217;alcalde, Antoni Mar\u00ed &#8216;Carraca&#8217;, ha de prendre mesures. &#8216;Peret&#8217; demana a l&#8217;ajuntament &#8220;que netegi tot el voltant de la torre, i que persegueixi i sancioni els responsables d&#8217;haver convertit tota aquella zona en un munt de brutor&#8221;.<\/span><\/div>\n","protected":false},"excerpt":{"rendered":"<p>El grup PSOE de Sant Joan de Labritja ha denunciat davant l&#8217;ajuntament l&#8217;acumulaci\u00f3 de fems la zona de la torre de Portinatx, on s&#8217;est\u00e0 construint la megaobra del complex tur\u00edstic Xarraca Bay. El portaveu socialista, Pep Torres &#8216;Peret&#8217;, ha explicat que la zona boscosa dels voltants de la torre est\u00e0 ple de residus de tota&hellip;<\/p>\n","protected":false},"author":12,"featured_media":32377,"comment_status":"closed","ping_status":"closed","sticky":false,"template":"","format":"standard","meta":{"footnotes":""},"categories":[1,189],"tags":[],"class_list":["post-32376","post","type-post","status-publish","format-standard","has-post-thumbnail","hentry","category-federacio-de-eivissa-portada","category-sant-joan-de-labritja"],"yoast_head":"<!-- This site is optimized with the Yoast SEO plugin v26.9 - https:\/\/yoast.com\/product\/yoast-seo-wordpress\/ -->\n<title>El PSOE de Sant Joan denuncia l&#039;acumulaci\u00f3 de fems a la zona de la torre de Portinatx - Federaci\u00f3 Socialista d&#039;Eivissa<\/title>\n<meta name=\"robots\" content=\"index, follow, max-snippet:-1, max-image-preview:large, max-video-preview:-1\" \/>\n<link rel=\"canonical\" href=\"https:\/\/www.psib-psoe.org\/eivissa\/el-psoe-de-sant-joan-denuncia-lacumulacio-de-fems-a-la-zona-de-la-torre-de-portinatx\/\" \/>\n<meta property=\"og:locale\" content=\"ca_ES\" \/>\n<meta property=\"og:type\" content=\"article\" \/>\n<meta property=\"og:title\" content=\"El PSOE de Sant Joan denuncia l&#039;acumulaci\u00f3 de fems a la zona de la torre de Portinatx - Federaci\u00f3 Socialista d&#039;Eivissa\" \/>\n<meta property=\"og:description\" content=\"El grup PSOE de Sant Joan de Labritja ha denunciat davant l&#8217;ajuntament l&#8217;acumulaci\u00f3 de fems la zona de la torre de Portinatx, on s&#8217;est\u00e0 construint la megaobra del complex tur\u00edstic Xarraca Bay. El portaveu socialista, Pep Torres &#8216;Peret&#8217;, ha explicat que la zona boscosa dels voltants de la torre est\u00e0 ple de residus de tota&hellip;\" \/>\n<meta property=\"og:url\" content=\"https:\/\/www.psib-psoe.org\/eivissa\/el-psoe-de-sant-joan-denuncia-lacumulacio-de-fems-a-la-zona-de-la-torre-de-portinatx\/\" \/>\n<meta property=\"og:site_name\" content=\"Federaci\u00f3 Socialista d&#039;Eivissa\" \/>\n<meta property=\"article:published_time\" content=\"2020-11-30T13:00:51+00:00\" \/>\n<meta property=\"og:image\" content=\"https:\/\/www.psib-psoe.org\/eivissa\/wp-content\/uploads\/portinatx-2.jpg\" \/>\n\t<meta property=\"og:image:width\" content=\"2048\" \/>\n\t<meta property=\"og:image:height\" content=\"1534\" \/>\n\t<meta property=\"og:image:type\" content=\"image\/jpeg\" \/>\n<meta name=\"author\" content=\"Azahara\" \/>\n<meta name=\"twitter:card\" content=\"summary_large_image\" \/>\n<meta name=\"twitter:label1\" content=\"Escrit per\" \/>\n\t<meta name=\"twitter:data1\" content=\"Azahara\" \/>\n\t<meta name=\"twitter:label2\" content=\"Temps estimat de lectura\" \/>\n\t<meta name=\"twitter:data2\" content=\"1 minut\" \/>\n<script type=\"application\/ld+json\" class=\"yoast-schema-graph\">{\"@context\":\"https:\/\/schema.org\",\"@graph\":[{\"@type\":[\"Article\",\"BlogPosting\"],\"@id\":\"https:\/\/www.psib-psoe.org\/eivissa\/el-psoe-de-sant-joan-denuncia-lacumulacio-de-fems-a-la-zona-de-la-torre-de-portinatx\/#article\",\"isPartOf\":{\"@id\":\"https:\/\/www.psib-psoe.org\/eivissa\/el-psoe-de-sant-joan-denuncia-lacumulacio-de-fems-a-la-zona-de-la-torre-de-portinatx\/\"},\"author\":{\"name\":\"Azahara\",\"@id\":\"https:\/\/www.psib-psoe.org\/eivissa\/#\/schema\/person\/68066b276b53995e2bd8dac00f0bc415\"},\"headline\":\"El PSOE de Sant Joan denuncia l&#8217;acumulaci\u00f3 de fems a la zona de la torre de Portinatx\",\"datePublished\":\"2020-11-30T13:00:51+00:00\",\"mainEntityOfPage\":{\"@id\":\"https:\/\/www.psib-psoe.org\/eivissa\/el-psoe-de-sant-joan-denuncia-lacumulacio-de-fems-a-la-zona-de-la-torre-de-portinatx\/\"},\"wordCount\":129,\"publisher\":{\"@id\":\"https:\/\/www.psib-psoe.org\/eivissa\/#organization\"},\"image\":{\"@id\":\"https:\/\/www.psib-psoe.org\/eivissa\/el-psoe-de-sant-joan-denuncia-lacumulacio-de-fems-a-la-zona-de-la-torre-de-portinatx\/#primaryimage\"},\"thumbnailUrl\":\"https:\/\/www.psib-psoe.org\/eivissa\/wp-content\/uploads\/portinatx-2.jpg\",\"articleSection\":[\"Federaci\u00f3 d'Eivissa - Portada\",\"Sant Joan de Labritja\"],\"inLanguage\":\"ca\"},{\"@type\":\"WebPage\",\"@id\":\"https:\/\/www.psib-psoe.org\/eivissa\/el-psoe-de-sant-joan-denuncia-lacumulacio-de-fems-a-la-zona-de-la-torre-de-portinatx\/\",\"url\":\"https:\/\/www.psib-psoe.org\/eivissa\/el-psoe-de-sant-joan-denuncia-lacumulacio-de-fems-a-la-zona-de-la-torre-de-portinatx\/\",\"name\":\"El PSOE de Sant Joan denuncia l'acumulaci\u00f3 de fems a la zona de la torre de Portinatx - Federaci\u00f3 Socialista d&#039;Eivissa\",\"isPartOf\":{\"@id\":\"https:\/\/www.psib-psoe.org\/eivissa\/#website\"},\"primaryImageOfPage\":{\"@id\":\"https:\/\/www.psib-psoe.org\/eivissa\/el-psoe-de-sant-joan-denuncia-lacumulacio-de-fems-a-la-zona-de-la-torre-de-portinatx\/#primaryimage\"},\"image\":{\"@id\":\"https:\/\/www.psib-psoe.org\/eivissa\/el-psoe-de-sant-joan-denuncia-lacumulacio-de-fems-a-la-zona-de-la-torre-de-portinatx\/#primaryimage\"},\"thumbnailUrl\":\"https:\/\/www.psib-psoe.org\/eivissa\/wp-content\/uploads\/portinatx-2.jpg\",\"datePublished\":\"2020-11-30T13:00:51+00:00\",\"breadcrumb\":{\"@id\":\"https:\/\/www.psib-psoe.org\/eivissa\/el-psoe-de-sant-joan-denuncia-lacumulacio-de-fems-a-la-zona-de-la-torre-de-portinatx\/#breadcrumb\"},\"inLanguage\":\"ca\",\"potentialAction\":[{\"@type\":\"ReadAction\",\"target\":[\"https:\/\/www.psib-psoe.org\/eivissa\/el-psoe-de-sant-joan-denuncia-lacumulacio-de-fems-a-la-zona-de-la-torre-de-portinatx\/\"]}]},{\"@type\":\"ImageObject\",\"inLanguage\":\"ca\",\"@id\":\"https:\/\/www.psib-psoe.org\/eivissa\/el-psoe-de-sant-joan-denuncia-lacumulacio-de-fems-a-la-zona-de-la-torre-de-portinatx\/#primaryimage\",\"url\":\"https:\/\/www.psib-psoe.org\/eivissa\/wp-content\/uploads\/portinatx-2.jpg\",\"contentUrl\":\"https:\/\/www.psib-psoe.org\/eivissa\/wp-content\/uploads\/portinatx-2.jpg\",\"width\":2048,\"height\":1534},{\"@type\":\"BreadcrumbList\",\"@id\":\"https:\/\/www.psib-psoe.org\/eivissa\/el-psoe-de-sant-joan-denuncia-lacumulacio-de-fems-a-la-zona-de-la-torre-de-portinatx\/#breadcrumb\",\"itemListElement\":[{\"@type\":\"ListItem\",\"position\":1,\"name\":\"Inici\",\"item\":\"https:\/\/www.psib-psoe.org\/eivissa\/\"},{\"@type\":\"ListItem\",\"position\":2,\"name\":\"El PSOE de Sant Joan denuncia l&#8217;acumulaci\u00f3 de fems a la zona de la torre de Portinatx\"}]},{\"@type\":\"WebSite\",\"@id\":\"https:\/\/www.psib-psoe.org\/eivissa\/#website\",\"url\":\"https:\/\/www.psib-psoe.org\/eivissa\/\",\"name\":\"Federaci\u00f3 Socialista d'Eivissa\",\"description\":\"Socialistes d&#039;Eivissa\",\"publisher\":{\"@id\":\"https:\/\/www.psib-psoe.org\/eivissa\/#organization\"},\"potentialAction\":[{\"@type\":\"SearchAction\",\"target\":{\"@type\":\"EntryPoint\",\"urlTemplate\":\"https:\/\/www.psib-psoe.org\/eivissa\/?s={search_term_string}\"},\"query-input\":{\"@type\":\"PropertyValueSpecification\",\"valueRequired\":true,\"valueName\":\"search_term_string\"}}],\"inLanguage\":\"ca\"},{\"@type\":\"Organization\",\"@id\":\"https:\/\/www.psib-psoe.org\/eivissa\/#organization\",\"name\":\"Federaci\u00f3 Socialista d'Eivissa\",\"url\":\"https:\/\/www.psib-psoe.org\/eivissa\/\",\"logo\":{\"@type\":\"ImageObject\",\"inLanguage\":\"ca\",\"@id\":\"https:\/\/www.psib-psoe.org\/eivissa\/#\/schema\/logo\/image\/\",\"url\":\"https:\/\/www.psib-psoe.org\/eivissa\/wp-content\/uploads\/LOGO-FSE-SOCIALISTA-DEIVISSA-HORI.png\",\"contentUrl\":\"https:\/\/www.psib-psoe.org\/eivissa\/wp-content\/uploads\/LOGO-FSE-SOCIALISTA-DEIVISSA-HORI.png\",\"width\":6000,\"height\":3104,\"caption\":\"Federaci\u00f3 Socialista d'Eivissa\"},\"image\":{\"@id\":\"https:\/\/www.psib-psoe.org\/eivissa\/#\/schema\/logo\/image\/\"}},{\"@type\":\"Person\",\"@id\":\"https:\/\/www.psib-psoe.org\/eivissa\/#\/schema\/person\/68066b276b53995e2bd8dac00f0bc415\",\"name\":\"Azahara\",\"url\":\"https:\/\/www.psib-psoe.org\/eivissa\/author\/azahara\/\"}]}<\/script>\n<!-- \/ Yoast SEO plugin. -->","yoast_head_json":{"title":"El PSOE de Sant Joan denuncia l'acumulaci\u00f3 de fems a la zona de la torre de Portinatx - Federaci\u00f3 Socialista d&#039;Eivissa","robots":{"index":"index","follow":"follow","max-snippet":"max-snippet:-1","max-image-preview":"max-image-preview:large","max-video-preview":"max-video-preview:-1"},"canonical":"https:\/\/www.psib-psoe.org\/eivissa\/el-psoe-de-sant-joan-denuncia-lacumulacio-de-fems-a-la-zona-de-la-torre-de-portinatx\/","og_locale":"ca_ES","og_type":"article","og_title":"El PSOE de Sant Joan denuncia l'acumulaci\u00f3 de fems a la zona de la torre de Portinatx - Federaci\u00f3 Socialista d&#039;Eivissa","og_description":"El grup PSOE de Sant Joan de Labritja ha denunciat davant l&#8217;ajuntament l&#8217;acumulaci\u00f3 de fems la zona de la torre de Portinatx, on s&#8217;est\u00e0 construint la megaobra del complex tur\u00edstic Xarraca Bay. El portaveu socialista, Pep Torres &#8216;Peret&#8217;, ha explicat que la zona boscosa dels voltants de la torre est\u00e0 ple de residus de tota&hellip;","og_url":"https:\/\/www.psib-psoe.org\/eivissa\/el-psoe-de-sant-joan-denuncia-lacumulacio-de-fems-a-la-zona-de-la-torre-de-portinatx\/","og_site_name":"Federaci\u00f3 Socialista d&#039;Eivissa","article_published_time":"2020-11-30T13:00:51+00:00","og_image":[{"width":2048,"height":1534,"url":"https:\/\/www.psib-psoe.org\/eivissa\/wp-content\/uploads\/portinatx-2.jpg","type":"image\/jpeg"}],"author":"Azahara","twitter_card":"summary_large_image","twitter_misc":{"Escrit per":"Azahara","Temps estimat de lectura":"1 minut"},"schema":{"@context":"https:\/\/schema.org","@graph":[{"@type":["Article","BlogPosting"],"@id":"https:\/\/www.psib-psoe.org\/eivissa\/el-psoe-de-sant-joan-denuncia-lacumulacio-de-fems-a-la-zona-de-la-torre-de-portinatx\/#article","isPartOf":{"@id":"https:\/\/www.psib-psoe.org\/eivissa\/el-psoe-de-sant-joan-denuncia-lacumulacio-de-fems-a-la-zona-de-la-torre-de-portinatx\/"},"author":{"name":"Azahara","@id":"https:\/\/www.psib-psoe.org\/eivissa\/#\/schema\/person\/68066b276b53995e2bd8dac00f0bc415"},"headline":"El PSOE de Sant Joan denuncia l&#8217;acumulaci\u00f3 de fems a la zona de la torre de Portinatx","datePublished":"2020-11-30T13:00:51+00:00","mainEntityOfPage":{"@id":"https:\/\/www.psib-psoe.org\/eivissa\/el-psoe-de-sant-joan-denuncia-lacumulacio-de-fems-a-la-zona-de-la-torre-de-portinatx\/"},"wordCount":129,"publisher":{"@id":"https:\/\/www.psib-psoe.org\/eivissa\/#organization"},"image":{"@id":"https:\/\/www.psib-psoe.org\/eivissa\/el-psoe-de-sant-joan-denuncia-lacumulacio-de-fems-a-la-zona-de-la-torre-de-portinatx\/#primaryimage"},"thumbnailUrl":"https:\/\/www.psib-psoe.org\/eivissa\/wp-content\/uploads\/portinatx-2.jpg","articleSection":["Federaci\u00f3 d'Eivissa - Portada","Sant Joan de Labritja"],"inLanguage":"ca"},{"@type":"WebPage","@id":"https:\/\/www.psib-psoe.org\/eivissa\/el-psoe-de-sant-joan-denuncia-lacumulacio-de-fems-a-la-zona-de-la-torre-de-portinatx\/","url":"https:\/\/www.psib-psoe.org\/eivissa\/el-psoe-de-sant-joan-denuncia-lacumulacio-de-fems-a-la-zona-de-la-torre-de-portinatx\/","name":"El PSOE de Sant Joan denuncia l'acumulaci\u00f3 de fems a la zona de la torre de Portinatx - Federaci\u00f3 Socialista d&#039;Eivissa","isPartOf":{"@id":"https:\/\/www.psib-psoe.org\/eivissa\/#website"},"primaryImageOfPage":{"@id":"https:\/\/www.psib-psoe.org\/eivissa\/el-psoe-de-sant-joan-denuncia-lacumulacio-de-fems-a-la-zona-de-la-torre-de-portinatx\/#primaryimage"},"image":{"@id":"https:\/\/www.psib-psoe.org\/eivissa\/el-psoe-de-sant-joan-denuncia-lacumulacio-de-fems-a-la-zona-de-la-torre-de-portinatx\/#primaryimage"},"thumbnailUrl":"https:\/\/www.psib-psoe.org\/eivissa\/wp-content\/uploads\/portinatx-2.jpg","datePublished":"2020-11-30T13:00:51+00:00","breadcrumb":{"@id":"https:\/\/www.psib-psoe.org\/eivissa\/el-psoe-de-sant-joan-denuncia-lacumulacio-de-fems-a-la-zona-de-la-torre-de-portinatx\/#breadcrumb"},"inLanguage":"ca","potentialAction":[{"@type":"ReadAction","target":["https:\/\/www.psib-psoe.org\/eivissa\/el-psoe-de-sant-joan-denuncia-lacumulacio-de-fems-a-la-zona-de-la-torre-de-portinatx\/"]}]},{"@type":"ImageObject","inLanguage":"ca","@id":"https:\/\/www.psib-psoe.org\/eivissa\/el-psoe-de-sant-joan-denuncia-lacumulacio-de-fems-a-la-zona-de-la-torre-de-portinatx\/#primaryimage","url":"https:\/\/www.psib-psoe.org\/eivissa\/wp-content\/uploads\/portinatx-2.jpg","contentUrl":"https:\/\/www.psib-psoe.org\/eivissa\/wp-content\/uploads\/portinatx-2.jpg","width":2048,"height":1534},{"@type":"BreadcrumbList","@id":"https:\/\/www.psib-psoe.org\/eivissa\/el-psoe-de-sant-joan-denuncia-lacumulacio-de-fems-a-la-zona-de-la-torre-de-portinatx\/#breadcrumb","itemListElement":[{"@type":"ListItem","position":1,"name":"Inici","item":"https:\/\/www.psib-psoe.org\/eivissa\/"},{"@type":"ListItem","position":2,"name":"El PSOE de Sant Joan denuncia l&#8217;acumulaci\u00f3 de fems a la zona de la torre de Portinatx"}]},{"@type":"WebSite","@id":"https:\/\/www.psib-psoe.org\/eivissa\/#website","url":"https:\/\/www.psib-psoe.org\/eivissa\/","name":"Federaci\u00f3 Socialista d'Eivissa","description":"Socialistes d&#039;Eivissa","publisher":{"@id":"https:\/\/www.psib-psoe.org\/eivissa\/#organization"},"potentialAction":[{"@type":"SearchAction","target":{"@type":"EntryPoint","urlTemplate":"https:\/\/www.psib-psoe.org\/eivissa\/?s={search_term_string}"},"query-input":{"@type":"PropertyValueSpecification","valueRequired":true,"valueName":"search_term_string"}}],"inLanguage":"ca"},{"@type":"Organization","@id":"https:\/\/www.psib-psoe.org\/eivissa\/#organization","name":"Federaci\u00f3 Socialista d'Eivissa","url":"https:\/\/www.psib-psoe.org\/eivissa\/","logo":{"@type":"ImageObject","inLanguage":"ca","@id":"https:\/\/www.psib-psoe.org\/eivissa\/#\/schema\/logo\/image\/","url":"https:\/\/www.psib-psoe.org\/eivissa\/wp-content\/uploads\/LOGO-FSE-SOCIALISTA-DEIVISSA-HORI.png","contentUrl":"https:\/\/www.psib-psoe.org\/eivissa\/wp-content\/uploads\/LOGO-FSE-SOCIALISTA-DEIVISSA-HORI.png","width":6000,"height":3104,"caption":"Federaci\u00f3 Socialista d'Eivissa"},"image":{"@id":"https:\/\/www.psib-psoe.org\/eivissa\/#\/schema\/logo\/image\/"}},{"@type":"Person","@id":"https:\/\/www.psib-psoe.org\/eivissa\/#\/schema\/person\/68066b276b53995e2bd8dac00f0bc415","name":"Azahara","url":"https:\/\/www.psib-psoe.org\/eivissa\/author\/azahara\/"}]}},"_links":{"self":[{"href":"https:\/\/www.psib-psoe.org\/eivissa\/wp-json\/wp\/v2\/posts\/32376","targetHints":{"allow":["GET"]}}],"collection":[{"href":"https:\/\/www.psib-psoe.org\/eivissa\/wp-json\/wp\/v2\/posts"}],"about":[{"href":"https:\/\/www.psib-psoe.org\/eivissa\/wp-json\/wp\/v2\/types\/post"}],"author":[{"embeddable":true,"href":"https:\/\/www.psib-psoe.org\/eivissa\/wp-json\/wp\/v2\/users\/12"}],"replies":[{"embeddable":true,"href":"https:\/\/www.psib-psoe.org\/eivissa\/wp-json\/wp\/v2\/comments?post=32376"}],"version-history":[{"count":1,"href":"https:\/\/www.psib-psoe.org\/eivissa\/wp-json\/wp\/v2\/posts\/32376\/revisions"}],"predecessor-version":[{"id":32379,"href":"https:\/\/www.psib-psoe.org\/eivissa\/wp-json\/wp\/v2\/posts\/32376\/revisions\/32379"}],"wp:featuredmedia":[{"embeddable":true,"href":"https:\/\/www.psib-psoe.org\/eivissa\/wp-json\/wp\/v2\/media\/32377"}],"wp:attachment":[{"href":"https:\/\/www.psib-psoe.org\/eivissa\/wp-json\/wp\/v2\/media?parent=32376"}],"wp:term":[{"taxonomy":"category","embeddable":true,"href":"https:\/\/www.psib-psoe.org\/eivissa\/wp-json\/wp\/v2\/categories?post=32376"},{"taxonomy":"post_tag","embeddable":true,"href":"https:\/\/www.psib-psoe.org\/eivissa\/wp-json\/wp\/v2\/tags?post=32376"}],"curies":[{"name":"wp","href":"https:\/\/api.w.org\/{rel}","templated":true}]}}