{"id":32462,"date":"2020-12-11T09:01:00","date_gmt":"2020-12-11T07:01:00","guid":{"rendered":"https:\/\/www.psib-psoe.org\/eivissa\/?p=32462"},"modified":"2020-12-11T21:01:57","modified_gmt":"2020-12-11T19:01:57","slug":"el-psoe-de-sant-joan-proposa-la-reconversio-dels-tobogans-de-portinatx-en-un-parc-public-i-la-construccio-duna-nova-zona-daparcaments-amb-pergoles-solars","status":"publish","type":"post","link":"https:\/\/www.psib-psoe.org\/eivissa\/el-psoe-de-sant-joan-proposa-la-reconversio-dels-tobogans-de-portinatx-en-un-parc-public-i-la-construccio-duna-nova-zona-daparcaments-amb-pergoles-solars\/","title":{"rendered":"El PSOE de Sant Joan proposa la reconversi\u00f3 dels tobogans de Portinatx en un parc p\u00fablic i la construcci\u00f3 d&#8217;una nou p\u00e0rquing amb p\u00e8rgoles solars"},"content":{"rendered":"<p>El grup PSOE de Sant Joan de Labritja demana a l&#8217;ajuntament la reconversi\u00f3 del recinte dels tobogans d&#8217;aigua de Portinatx en un parc recreatiu i esportiu i la creaci\u00f3 d&#8217;una zona d&#8217;aparcament de vehicles a l&#8217;entrada del nucli. El portaveu del PSOE, Pep Torres &#8216;Peret&#8217;, explica que Portinatx &#8220;\u00e9s una de les zones tur\u00edstiques m\u00e9s importants de l&#8217;illa&#8221; i que necessita &#8220;una millora de les seues infraestructures i dotacions p\u00fabliques&#8221;. Segons &#8216;Peret&#8217;, Portinatx t\u00e9 necessitat d&#8217;un parc p\u00fablic on es puguin fer activitats esportives i recreatives i d&#8217;una zona d&#8217;aparcaments de vehicles.<\/p>\n<p>Aprofitant que l&#8217;ajuntament ha hagut de fer front a l&#8217;expropiaci\u00f3 de la parcel\u00b7la dels tobogans, que ha costat 1,6 milions d&#8217;euros, el grup Socialista proposa la seua reconversi\u00f3 en un parc p\u00fablic &#8220;per a la ciutadania del municipi, els seus visitants, i en especial pels vesins i les vesines de Portinatx. El PSOE demana que es faci un estudi de l&#8217;estat dels tobogans d&#8217;aigua, en des\u00fas des de fa uns anys, per si alguna d&#8217;aquestes instal\u00b7lacions es pot seguir aprofitant.<\/p>\n<p>El grup PSOE tamb\u00e9 proposa que l&#8217;ajuntament demani finan\u00e7ament al Consell Insular per poder redactar el projecte i executar les obres del parc p\u00fablic i del nou aparcament.<\/p>\n<p>Per tal que la inversi\u00f3 sigui m\u00e9s eficient i sostenible, el grup PSOE proposa que l&#8217;aparcament estigui dotat de p\u00e8rgoles solars per donar sortida a la demanda de c\u00e0rregues el\u00e8ctriques per a vehicles i que l&#8217;energia sobrant es pugui aprofitar per al recinte recreatiu.<\/p>\n<p>Al costat tamb\u00e9 hi ha una escala que d\u00f3na acc\u00e9s a la platja de s&#8217;Arenal i a les mateixes instal\u00b7lacions i, segons el portaveu del PSOE, &#8220;el seu condicionament tamb\u00e9 \u00e9s molt important per a una millor accessibilitat a la platja&#8221;.<\/p>\n<p>La creaci\u00f3 d&#8217;un parc recreatiu i esportiu i un nou p\u00e0rquing suposar\u00e0 &#8220;una important millora de les infraestructures p\u00fabliques del nucli de Portinatx, el que redunda positivament tant en la qualitat de vida dels seus vesins i vesines com en la millora de la qualitat i la competitivitat de la zona com a nucli tur\u00edstic de refer\u00e8ncia en el nord de l&#8217;illa&#8221;, ha manifestat el portaveu socialista.<\/p>\n<p>&#8216;Peret&#8217; tamb\u00e9 recorda que hi ha altres inversions p\u00fabliques que s&#8217;han d&#8217;executar a Portinatx, com \u00e9s la nova Estaci\u00f3 Depuradora d&#8217;Aig\u00fces Residuals (EDAR), que est\u00e0 &#8220;m\u00e9s a prop de ser una realitat&#8221;, gr\u00e0cies al finan\u00e7ament de l&#8217;Impost Tur\u00edstic.<\/p>\n","protected":false},"excerpt":{"rendered":"<p>El grup PSOE de Sant Joan de Labritja demana a l&#8217;ajuntament la reconversi\u00f3 del recinte dels tobogans d&#8217;aigua de Portinatx en un parc recreatiu i esportiu i la creaci\u00f3 d&#8217;una zona d&#8217;aparcament de vehicles a l&#8217;entrada del nucli. El portaveu del PSOE, Pep Torres &#8216;Peret&#8217;, explica que Portinatx &#8220;\u00e9s una de les zones tur\u00edstiques m\u00e9s&hellip;<\/p>\n","protected":false},"author":7,"featured_media":32463,"comment_status":"closed","ping_status":"closed","sticky":false,"template":"","format":"standard","meta":{"footnotes":""},"categories":[1,234,189],"tags":[],"class_list":["post-32462","post","type-post","status-publish","format-standard","has-post-thumbnail","hentry","category-federacio-de-eivissa-portada","category-municipis","category-sant-joan-de-labritja"],"yoast_head":"<!-- This site is optimized with the Yoast SEO plugin v26.9 - https:\/\/yoast.com\/product\/yoast-seo-wordpress\/ -->\n<title>El PSOE de Sant Joan proposa la reconversi\u00f3 dels tobogans de Portinatx en un parc p\u00fablic i la construcci\u00f3 d&#039;una nou p\u00e0rquing amb p\u00e8rgoles solars - Federaci\u00f3 Socialista d&#039;Eivissa<\/title>\n<meta name=\"robots\" content=\"index, follow, max-snippet:-1, max-image-preview:large, max-video-preview:-1\" \/>\n<link rel=\"canonical\" href=\"https:\/\/www.psib-psoe.org\/eivissa\/el-psoe-de-sant-joan-proposa-la-reconversio-dels-tobogans-de-portinatx-en-un-parc-public-i-la-construccio-duna-nova-zona-daparcaments-amb-pergoles-solars\/\" \/>\n<meta property=\"og:locale\" content=\"ca_ES\" \/>\n<meta property=\"og:type\" content=\"article\" \/>\n<meta property=\"og:title\" content=\"El PSOE de Sant Joan proposa la reconversi\u00f3 dels tobogans de Portinatx en un parc p\u00fablic i la construcci\u00f3 d&#039;una nou p\u00e0rquing amb p\u00e8rgoles solars - Federaci\u00f3 Socialista d&#039;Eivissa\" \/>\n<meta property=\"og:description\" content=\"El grup PSOE de Sant Joan de Labritja demana a l&#8217;ajuntament la reconversi\u00f3 del recinte dels tobogans d&#8217;aigua de Portinatx en un parc recreatiu i esportiu i la creaci\u00f3 d&#8217;una zona d&#8217;aparcament de vehicles a l&#8217;entrada del nucli. El portaveu del PSOE, Pep Torres &#8216;Peret&#8217;, explica que Portinatx &#8220;\u00e9s una de les zones tur\u00edstiques m\u00e9s&hellip;\" \/>\n<meta property=\"og:url\" content=\"https:\/\/www.psib-psoe.org\/eivissa\/el-psoe-de-sant-joan-proposa-la-reconversio-dels-tobogans-de-portinatx-en-un-parc-public-i-la-construccio-duna-nova-zona-daparcaments-amb-pergoles-solars\/\" \/>\n<meta property=\"og:site_name\" content=\"Federaci\u00f3 Socialista d&#039;Eivissa\" \/>\n<meta property=\"article:published_time\" content=\"2020-12-11T07:01:00+00:00\" \/>\n<meta property=\"article:modified_time\" content=\"2020-12-11T19:01:57+00:00\" \/>\n<meta property=\"og:image\" content=\"https:\/\/www.psib-psoe.org\/eivissa\/wp-content\/uploads\/tobogans-portinatx-1024x768.jpg\" \/>\n\t<meta property=\"og:image:width\" content=\"1024\" \/>\n\t<meta property=\"og:image:height\" content=\"768\" \/>\n\t<meta property=\"og:image:type\" content=\"image\/jpeg\" \/>\n<meta name=\"author\" content=\"Josep Ripoll\" \/>\n<meta name=\"twitter:card\" content=\"summary_large_image\" \/>\n<meta name=\"twitter:label1\" content=\"Escrit per\" \/>\n\t<meta name=\"twitter:data1\" content=\"Josep Ripoll\" \/>\n\t<meta name=\"twitter:label2\" content=\"Temps estimat de lectura\" \/>\n\t<meta name=\"twitter:data2\" content=\"2 minuts\" \/>\n<script type=\"application\/ld+json\" class=\"yoast-schema-graph\">{\"@context\":\"https:\/\/schema.org\",\"@graph\":[{\"@type\":[\"Article\",\"BlogPosting\"],\"@id\":\"https:\/\/www.psib-psoe.org\/eivissa\/el-psoe-de-sant-joan-proposa-la-reconversio-dels-tobogans-de-portinatx-en-un-parc-public-i-la-construccio-duna-nova-zona-daparcaments-amb-pergoles-solars\/#article\",\"isPartOf\":{\"@id\":\"https:\/\/www.psib-psoe.org\/eivissa\/el-psoe-de-sant-joan-proposa-la-reconversio-dels-tobogans-de-portinatx-en-un-parc-public-i-la-construccio-duna-nova-zona-daparcaments-amb-pergoles-solars\/\"},\"author\":{\"name\":\"Josep Ripoll\",\"@id\":\"https:\/\/www.psib-psoe.org\/eivissa\/#\/schema\/person\/7a9d2841fb36f32e34fc0e9b245e8117\"},\"headline\":\"El PSOE de Sant Joan proposa la reconversi\u00f3 dels tobogans de Portinatx en un parc p\u00fablic i la construcci\u00f3 d&#8217;una nou p\u00e0rquing amb p\u00e8rgoles solars\",\"datePublished\":\"2020-12-11T07:01:00+00:00\",\"dateModified\":\"2020-12-11T19:01:57+00:00\",\"mainEntityOfPage\":{\"@id\":\"https:\/\/www.psib-psoe.org\/eivissa\/el-psoe-de-sant-joan-proposa-la-reconversio-dels-tobogans-de-portinatx-en-un-parc-public-i-la-construccio-duna-nova-zona-daparcaments-amb-pergoles-solars\/\"},\"wordCount\":444,\"publisher\":{\"@id\":\"https:\/\/www.psib-psoe.org\/eivissa\/#organization\"},\"image\":{\"@id\":\"https:\/\/www.psib-psoe.org\/eivissa\/el-psoe-de-sant-joan-proposa-la-reconversio-dels-tobogans-de-portinatx-en-un-parc-public-i-la-construccio-duna-nova-zona-daparcaments-amb-pergoles-solars\/#primaryimage\"},\"thumbnailUrl\":\"https:\/\/www.psib-psoe.org\/eivissa\/wp-content\/uploads\/tobogans-portinatx.jpg\",\"articleSection\":[\"Federaci\u00f3 d'Eivissa - Portada\",\"Municipis\",\"Sant Joan de Labritja\"],\"inLanguage\":\"ca\"},{\"@type\":\"WebPage\",\"@id\":\"https:\/\/www.psib-psoe.org\/eivissa\/el-psoe-de-sant-joan-proposa-la-reconversio-dels-tobogans-de-portinatx-en-un-parc-public-i-la-construccio-duna-nova-zona-daparcaments-amb-pergoles-solars\/\",\"url\":\"https:\/\/www.psib-psoe.org\/eivissa\/el-psoe-de-sant-joan-proposa-la-reconversio-dels-tobogans-de-portinatx-en-un-parc-public-i-la-construccio-duna-nova-zona-daparcaments-amb-pergoles-solars\/\",\"name\":\"El PSOE de Sant Joan proposa la reconversi\u00f3 dels tobogans de Portinatx en un parc p\u00fablic i la construcci\u00f3 d'una nou p\u00e0rquing amb p\u00e8rgoles solars - Federaci\u00f3 Socialista d&#039;Eivissa\",\"isPartOf\":{\"@id\":\"https:\/\/www.psib-psoe.org\/eivissa\/#website\"},\"primaryImageOfPage\":{\"@id\":\"https:\/\/www.psib-psoe.org\/eivissa\/el-psoe-de-sant-joan-proposa-la-reconversio-dels-tobogans-de-portinatx-en-un-parc-public-i-la-construccio-duna-nova-zona-daparcaments-amb-pergoles-solars\/#primaryimage\"},\"image\":{\"@id\":\"https:\/\/www.psib-psoe.org\/eivissa\/el-psoe-de-sant-joan-proposa-la-reconversio-dels-tobogans-de-portinatx-en-un-parc-public-i-la-construccio-duna-nova-zona-daparcaments-amb-pergoles-solars\/#primaryimage\"},\"thumbnailUrl\":\"https:\/\/www.psib-psoe.org\/eivissa\/wp-content\/uploads\/tobogans-portinatx.jpg\",\"datePublished\":\"2020-12-11T07:01:00+00:00\",\"dateModified\":\"2020-12-11T19:01:57+00:00\",\"breadcrumb\":{\"@id\":\"https:\/\/www.psib-psoe.org\/eivissa\/el-psoe-de-sant-joan-proposa-la-reconversio-dels-tobogans-de-portinatx-en-un-parc-public-i-la-construccio-duna-nova-zona-daparcaments-amb-pergoles-solars\/#breadcrumb\"},\"inLanguage\":\"ca\",\"potentialAction\":[{\"@type\":\"ReadAction\",\"target\":[\"https:\/\/www.psib-psoe.org\/eivissa\/el-psoe-de-sant-joan-proposa-la-reconversio-dels-tobogans-de-portinatx-en-un-parc-public-i-la-construccio-duna-nova-zona-daparcaments-amb-pergoles-solars\/\"]}]},{\"@type\":\"ImageObject\",\"inLanguage\":\"ca\",\"@id\":\"https:\/\/www.psib-psoe.org\/eivissa\/el-psoe-de-sant-joan-proposa-la-reconversio-dels-tobogans-de-portinatx-en-un-parc-public-i-la-construccio-duna-nova-zona-daparcaments-amb-pergoles-solars\/#primaryimage\",\"url\":\"https:\/\/www.psib-psoe.org\/eivissa\/wp-content\/uploads\/tobogans-portinatx.jpg\",\"contentUrl\":\"https:\/\/www.psib-psoe.org\/eivissa\/wp-content\/uploads\/tobogans-portinatx.jpg\",\"width\":4032,\"height\":3024},{\"@type\":\"BreadcrumbList\",\"@id\":\"https:\/\/www.psib-psoe.org\/eivissa\/el-psoe-de-sant-joan-proposa-la-reconversio-dels-tobogans-de-portinatx-en-un-parc-public-i-la-construccio-duna-nova-zona-daparcaments-amb-pergoles-solars\/#breadcrumb\",\"itemListElement\":[{\"@type\":\"ListItem\",\"position\":1,\"name\":\"Inici\",\"item\":\"https:\/\/www.psib-psoe.org\/eivissa\/\"},{\"@type\":\"ListItem\",\"position\":2,\"name\":\"El PSOE de Sant Joan proposa la reconversi\u00f3 dels tobogans de Portinatx en un parc p\u00fablic i la construcci\u00f3 d&#8217;una nou p\u00e0rquing amb p\u00e8rgoles solars\"}]},{\"@type\":\"WebSite\",\"@id\":\"https:\/\/www.psib-psoe.org\/eivissa\/#website\",\"url\":\"https:\/\/www.psib-psoe.org\/eivissa\/\",\"name\":\"Federaci\u00f3 Socialista d'Eivissa\",\"description\":\"Socialistes d&#039;Eivissa\",\"publisher\":{\"@id\":\"https:\/\/www.psib-psoe.org\/eivissa\/#organization\"},\"potentialAction\":[{\"@type\":\"SearchAction\",\"target\":{\"@type\":\"EntryPoint\",\"urlTemplate\":\"https:\/\/www.psib-psoe.org\/eivissa\/?s={search_term_string}\"},\"query-input\":{\"@type\":\"PropertyValueSpecification\",\"valueRequired\":true,\"valueName\":\"search_term_string\"}}],\"inLanguage\":\"ca\"},{\"@type\":\"Organization\",\"@id\":\"https:\/\/www.psib-psoe.org\/eivissa\/#organization\",\"name\":\"Federaci\u00f3 Socialista d'Eivissa\",\"url\":\"https:\/\/www.psib-psoe.org\/eivissa\/\",\"logo\":{\"@type\":\"ImageObject\",\"inLanguage\":\"ca\",\"@id\":\"https:\/\/www.psib-psoe.org\/eivissa\/#\/schema\/logo\/image\/\",\"url\":\"https:\/\/www.psib-psoe.org\/eivissa\/wp-content\/uploads\/LOGO-FSE-SOCIALISTA-DEIVISSA-HORI.png\",\"contentUrl\":\"https:\/\/www.psib-psoe.org\/eivissa\/wp-content\/uploads\/LOGO-FSE-SOCIALISTA-DEIVISSA-HORI.png\",\"width\":6000,\"height\":3104,\"caption\":\"Federaci\u00f3 Socialista d'Eivissa\"},\"image\":{\"@id\":\"https:\/\/www.psib-psoe.org\/eivissa\/#\/schema\/logo\/image\/\"}},{\"@type\":\"Person\",\"@id\":\"https:\/\/www.psib-psoe.org\/eivissa\/#\/schema\/person\/7a9d2841fb36f32e34fc0e9b245e8117\",\"name\":\"Josep Ripoll\",\"sameAs\":[\"http:\/\/www.psib-psoe.org\/eivissa\/wp-login.php\"],\"url\":\"https:\/\/www.psib-psoe.org\/eivissa\/author\/josep\/\"}]}<\/script>\n<!-- \/ Yoast SEO plugin. -->","yoast_head_json":{"title":"El PSOE de Sant Joan proposa la reconversi\u00f3 dels tobogans de Portinatx en un parc p\u00fablic i la construcci\u00f3 d'una nou p\u00e0rquing amb p\u00e8rgoles solars - Federaci\u00f3 Socialista d&#039;Eivissa","robots":{"index":"index","follow":"follow","max-snippet":"max-snippet:-1","max-image-preview":"max-image-preview:large","max-video-preview":"max-video-preview:-1"},"canonical":"https:\/\/www.psib-psoe.org\/eivissa\/el-psoe-de-sant-joan-proposa-la-reconversio-dels-tobogans-de-portinatx-en-un-parc-public-i-la-construccio-duna-nova-zona-daparcaments-amb-pergoles-solars\/","og_locale":"ca_ES","og_type":"article","og_title":"El PSOE de Sant Joan proposa la reconversi\u00f3 dels tobogans de Portinatx en un parc p\u00fablic i la construcci\u00f3 d'una nou p\u00e0rquing amb p\u00e8rgoles solars - Federaci\u00f3 Socialista d&#039;Eivissa","og_description":"El grup PSOE de Sant Joan de Labritja demana a l&#8217;ajuntament la reconversi\u00f3 del recinte dels tobogans d&#8217;aigua de Portinatx en un parc recreatiu i esportiu i la creaci\u00f3 d&#8217;una zona d&#8217;aparcament de vehicles a l&#8217;entrada del nucli. El portaveu del PSOE, Pep Torres &#8216;Peret&#8217;, explica que Portinatx &#8220;\u00e9s una de les zones tur\u00edstiques m\u00e9s&hellip;","og_url":"https:\/\/www.psib-psoe.org\/eivissa\/el-psoe-de-sant-joan-proposa-la-reconversio-dels-tobogans-de-portinatx-en-un-parc-public-i-la-construccio-duna-nova-zona-daparcaments-amb-pergoles-solars\/","og_site_name":"Federaci\u00f3 Socialista d&#039;Eivissa","article_published_time":"2020-12-11T07:01:00+00:00","article_modified_time":"2020-12-11T19:01:57+00:00","og_image":[{"width":1024,"height":768,"url":"https:\/\/www.psib-psoe.org\/eivissa\/wp-content\/uploads\/tobogans-portinatx-1024x768.jpg","type":"image\/jpeg"}],"author":"Josep Ripoll","twitter_card":"summary_large_image","twitter_misc":{"Escrit per":"Josep Ripoll","Temps estimat de lectura":"2 minuts"},"schema":{"@context":"https:\/\/schema.org","@graph":[{"@type":["Article","BlogPosting"],"@id":"https:\/\/www.psib-psoe.org\/eivissa\/el-psoe-de-sant-joan-proposa-la-reconversio-dels-tobogans-de-portinatx-en-un-parc-public-i-la-construccio-duna-nova-zona-daparcaments-amb-pergoles-solars\/#article","isPartOf":{"@id":"https:\/\/www.psib-psoe.org\/eivissa\/el-psoe-de-sant-joan-proposa-la-reconversio-dels-tobogans-de-portinatx-en-un-parc-public-i-la-construccio-duna-nova-zona-daparcaments-amb-pergoles-solars\/"},"author":{"name":"Josep Ripoll","@id":"https:\/\/www.psib-psoe.org\/eivissa\/#\/schema\/person\/7a9d2841fb36f32e34fc0e9b245e8117"},"headline":"El PSOE de Sant Joan proposa la reconversi\u00f3 dels tobogans de Portinatx en un parc p\u00fablic i la construcci\u00f3 d&#8217;una nou p\u00e0rquing amb p\u00e8rgoles solars","datePublished":"2020-12-11T07:01:00+00:00","dateModified":"2020-12-11T19:01:57+00:00","mainEntityOfPage":{"@id":"https:\/\/www.psib-psoe.org\/eivissa\/el-psoe-de-sant-joan-proposa-la-reconversio-dels-tobogans-de-portinatx-en-un-parc-public-i-la-construccio-duna-nova-zona-daparcaments-amb-pergoles-solars\/"},"wordCount":444,"publisher":{"@id":"https:\/\/www.psib-psoe.org\/eivissa\/#organization"},"image":{"@id":"https:\/\/www.psib-psoe.org\/eivissa\/el-psoe-de-sant-joan-proposa-la-reconversio-dels-tobogans-de-portinatx-en-un-parc-public-i-la-construccio-duna-nova-zona-daparcaments-amb-pergoles-solars\/#primaryimage"},"thumbnailUrl":"https:\/\/www.psib-psoe.org\/eivissa\/wp-content\/uploads\/tobogans-portinatx.jpg","articleSection":["Federaci\u00f3 d'Eivissa - Portada","Municipis","Sant Joan de Labritja"],"inLanguage":"ca"},{"@type":"WebPage","@id":"https:\/\/www.psib-psoe.org\/eivissa\/el-psoe-de-sant-joan-proposa-la-reconversio-dels-tobogans-de-portinatx-en-un-parc-public-i-la-construccio-duna-nova-zona-daparcaments-amb-pergoles-solars\/","url":"https:\/\/www.psib-psoe.org\/eivissa\/el-psoe-de-sant-joan-proposa-la-reconversio-dels-tobogans-de-portinatx-en-un-parc-public-i-la-construccio-duna-nova-zona-daparcaments-amb-pergoles-solars\/","name":"El PSOE de Sant Joan proposa la reconversi\u00f3 dels tobogans de Portinatx en un parc p\u00fablic i la construcci\u00f3 d'una nou p\u00e0rquing amb p\u00e8rgoles solars - Federaci\u00f3 Socialista d&#039;Eivissa","isPartOf":{"@id":"https:\/\/www.psib-psoe.org\/eivissa\/#website"},"primaryImageOfPage":{"@id":"https:\/\/www.psib-psoe.org\/eivissa\/el-psoe-de-sant-joan-proposa-la-reconversio-dels-tobogans-de-portinatx-en-un-parc-public-i-la-construccio-duna-nova-zona-daparcaments-amb-pergoles-solars\/#primaryimage"},"image":{"@id":"https:\/\/www.psib-psoe.org\/eivissa\/el-psoe-de-sant-joan-proposa-la-reconversio-dels-tobogans-de-portinatx-en-un-parc-public-i-la-construccio-duna-nova-zona-daparcaments-amb-pergoles-solars\/#primaryimage"},"thumbnailUrl":"https:\/\/www.psib-psoe.org\/eivissa\/wp-content\/uploads\/tobogans-portinatx.jpg","datePublished":"2020-12-11T07:01:00+00:00","dateModified":"2020-12-11T19:01:57+00:00","breadcrumb":{"@id":"https:\/\/www.psib-psoe.org\/eivissa\/el-psoe-de-sant-joan-proposa-la-reconversio-dels-tobogans-de-portinatx-en-un-parc-public-i-la-construccio-duna-nova-zona-daparcaments-amb-pergoles-solars\/#breadcrumb"},"inLanguage":"ca","potentialAction":[{"@type":"ReadAction","target":["https:\/\/www.psib-psoe.org\/eivissa\/el-psoe-de-sant-joan-proposa-la-reconversio-dels-tobogans-de-portinatx-en-un-parc-public-i-la-construccio-duna-nova-zona-daparcaments-amb-pergoles-solars\/"]}]},{"@type":"ImageObject","inLanguage":"ca","@id":"https:\/\/www.psib-psoe.org\/eivissa\/el-psoe-de-sant-joan-proposa-la-reconversio-dels-tobogans-de-portinatx-en-un-parc-public-i-la-construccio-duna-nova-zona-daparcaments-amb-pergoles-solars\/#primaryimage","url":"https:\/\/www.psib-psoe.org\/eivissa\/wp-content\/uploads\/tobogans-portinatx.jpg","contentUrl":"https:\/\/www.psib-psoe.org\/eivissa\/wp-content\/uploads\/tobogans-portinatx.jpg","width":4032,"height":3024},{"@type":"BreadcrumbList","@id":"https:\/\/www.psib-psoe.org\/eivissa\/el-psoe-de-sant-joan-proposa-la-reconversio-dels-tobogans-de-portinatx-en-un-parc-public-i-la-construccio-duna-nova-zona-daparcaments-amb-pergoles-solars\/#breadcrumb","itemListElement":[{"@type":"ListItem","position":1,"name":"Inici","item":"https:\/\/www.psib-psoe.org\/eivissa\/"},{"@type":"ListItem","position":2,"name":"El PSOE de Sant Joan proposa la reconversi\u00f3 dels tobogans de Portinatx en un parc p\u00fablic i la construcci\u00f3 d&#8217;una nou p\u00e0rquing amb p\u00e8rgoles solars"}]},{"@type":"WebSite","@id":"https:\/\/www.psib-psoe.org\/eivissa\/#website","url":"https:\/\/www.psib-psoe.org\/eivissa\/","name":"Federaci\u00f3 Socialista d'Eivissa","description":"Socialistes d&#039;Eivissa","publisher":{"@id":"https:\/\/www.psib-psoe.org\/eivissa\/#organization"},"potentialAction":[{"@type":"SearchAction","target":{"@type":"EntryPoint","urlTemplate":"https:\/\/www.psib-psoe.org\/eivissa\/?s={search_term_string}"},"query-input":{"@type":"PropertyValueSpecification","valueRequired":true,"valueName":"search_term_string"}}],"inLanguage":"ca"},{"@type":"Organization","@id":"https:\/\/www.psib-psoe.org\/eivissa\/#organization","name":"Federaci\u00f3 Socialista d'Eivissa","url":"https:\/\/www.psib-psoe.org\/eivissa\/","logo":{"@type":"ImageObject","inLanguage":"ca","@id":"https:\/\/www.psib-psoe.org\/eivissa\/#\/schema\/logo\/image\/","url":"https:\/\/www.psib-psoe.org\/eivissa\/wp-content\/uploads\/LOGO-FSE-SOCIALISTA-DEIVISSA-HORI.png","contentUrl":"https:\/\/www.psib-psoe.org\/eivissa\/wp-content\/uploads\/LOGO-FSE-SOCIALISTA-DEIVISSA-HORI.png","width":6000,"height":3104,"caption":"Federaci\u00f3 Socialista d'Eivissa"},"image":{"@id":"https:\/\/www.psib-psoe.org\/eivissa\/#\/schema\/logo\/image\/"}},{"@type":"Person","@id":"https:\/\/www.psib-psoe.org\/eivissa\/#\/schema\/person\/7a9d2841fb36f32e34fc0e9b245e8117","name":"Josep Ripoll","sameAs":["http:\/\/www.psib-psoe.org\/eivissa\/wp-login.php"],"url":"https:\/\/www.psib-psoe.org\/eivissa\/author\/josep\/"}]}},"_links":{"self":[{"href":"https:\/\/www.psib-psoe.org\/eivissa\/wp-json\/wp\/v2\/posts\/32462","targetHints":{"allow":["GET"]}}],"collection":[{"href":"https:\/\/www.psib-psoe.org\/eivissa\/wp-json\/wp\/v2\/posts"}],"about":[{"href":"https:\/\/www.psib-psoe.org\/eivissa\/wp-json\/wp\/v2\/types\/post"}],"author":[{"embeddable":true,"href":"https:\/\/www.psib-psoe.org\/eivissa\/wp-json\/wp\/v2\/users\/7"}],"replies":[{"embeddable":true,"href":"https:\/\/www.psib-psoe.org\/eivissa\/wp-json\/wp\/v2\/comments?post=32462"}],"version-history":[{"count":2,"href":"https:\/\/www.psib-psoe.org\/eivissa\/wp-json\/wp\/v2\/posts\/32462\/revisions"}],"predecessor-version":[{"id":32468,"href":"https:\/\/www.psib-psoe.org\/eivissa\/wp-json\/wp\/v2\/posts\/32462\/revisions\/32468"}],"wp:featuredmedia":[{"embeddable":true,"href":"https:\/\/www.psib-psoe.org\/eivissa\/wp-json\/wp\/v2\/media\/32463"}],"wp:attachment":[{"href":"https:\/\/www.psib-psoe.org\/eivissa\/wp-json\/wp\/v2\/media?parent=32462"}],"wp:term":[{"taxonomy":"category","embeddable":true,"href":"https:\/\/www.psib-psoe.org\/eivissa\/wp-json\/wp\/v2\/categories?post=32462"},{"taxonomy":"post_tag","embeddable":true,"href":"https:\/\/www.psib-psoe.org\/eivissa\/wp-json\/wp\/v2\/tags?post=32462"}],"curies":[{"name":"wp","href":"https:\/\/api.w.org\/{rel}","templated":true}]}}