{"id":32504,"date":"2020-12-15T14:00:44","date_gmt":"2020-12-15T12:00:44","guid":{"rendered":"https:\/\/www.psib-psoe.org\/eivissa\/?p=32504"},"modified":"2020-12-15T14:00:44","modified_gmt":"2020-12-15T12:00:44","slug":"el-grup-psoe-de-santa-eularia-denuncia-que-vicent-mari-i-carmen-ferrer-incompleixen-el-compromis-diniciar-la-reforma-de-la-travessia-de-ca-na-negreta-despres-dacabar-se-les-obres-de-la-variant","status":"publish","type":"post","link":"https:\/\/www.psib-psoe.org\/eivissa\/el-grup-psoe-de-santa-eularia-denuncia-que-vicent-mari-i-carmen-ferrer-incompleixen-el-compromis-diniciar-la-reforma-de-la-travessia-de-ca-na-negreta-despres-dacabar-se-les-obres-de-la-variant\/","title":{"rendered":"El grup PSOE de Santa Eul\u00e0ria denuncia que Vicent Mar\u00ed i Carmen Ferrer incompleixen el comprom\u00eds d&#8217;iniciar la reforma de la travessia de Ca na Negreta despr\u00e9s d&#8217;acabar-se les obres de la variant"},"content":{"rendered":"<p>El grup PSOE de Santa Eul\u00e0ria des Riu denuncia que Vicent Mar\u00ed i Carmen Ferrer s&#8217;han oblidat de la travessia de Ca na Negreta, ara que el Partit Popular governa al Consell Insular. La passada legislatura el PP de Santa Eul\u00e0ria, aleshores encap\u00e7alat per Vicent Mar\u00ed, exigia a l&#8217;equip de govern progressista del Consell Insular la redacci\u00f3 del projecte de la travessia de Ca Na Negreta per tal que, una volta finalitzada l&#8217;obra de desdoblament de carretera i la nova variant, es pogu\u00e9s iniciar la reforma de la travessia que creua el barri. Ara que Vicent Mar\u00ed governa al Consell Insular, &#8220;tant un com l&#8217;altra s&#8217;han oblidat de les seues reivindicacions i compromisos&#8221;, ha criticat el portaveu del PSOE, Vicent Torres &#8216;Benet&#8217;.<\/p>\n<p>&#8220;Aquesta carretera ha de ser arreglada de forma urgent, ja que es troba en molt mal estat despr\u00e9s de molts anys amb funcions de carretera interurbana, amb un tr\u00e0nsit de milers de vehicles diaris&#8221;, ha explicat el portaveu del PSOE, recordant a m\u00e9s a m\u00e9s &#8220;que \u00e9s una important zona industrial i comercial del municipi, i un nucli de poblaci\u00f3 on resideixen molts de vesins i vesines&#8221;. Ca Na Negreta &#8220;ha patit durant molts d&#8217;anys retencions, contaminaci\u00f3 ac\u00fastica i de l&#8217;aire, i en general unes condicions que han provocat una qualitat de vida molt desfavorable tant per a les persones residents com les que hi treballen.&#8221;<\/p>\n<p>El grup PSOE considera que el projecte de reforma ja hauria d&#8217;estar &#8220;redactat i aprovat&#8221;, en el m\u00e9s d&#8217;un any i mig que duim de legislatura, mentre s&#8217;acabaven les obres de la variant. No obstant aix\u00f2, l&#8217;Ajuntament de Santa Eul\u00e0ria &#8220;ha traslladat als pressupostos del 2021 una partida de 50.000 euros per a la redacci\u00f3 d&#8217;un projecte, mentre que el Consell Insular no hi ha posat ni un euro ni per al projecte ni per a l&#8217;execuci\u00f3 d&#8217;una obra &#8220;tan important i tan esperada&#8221;.<\/p>\n<p>&#8220;Pareix mentida com han renunciat als seus compromisos Vicent Mar\u00ed i Carmen Ferrer&#8221;, ha criticat &#8216;Benet&#8217;, recordant que tant un com l&#8217;altre deien que les obres de la travessia s&#8217;havien d&#8217;executar en el moment que la nova variant entr\u00e0s en funcionament.<\/p>\n<p>&#8220;Gr\u00e0cies a l&#8217;anterior govern progressista del Consell Insular, que va aprovar el projecte i va iniciar les obres de la variant, Ca na Negreta s&#8217;ha pogut llevar de damunt la carretera i els vesins i les vesines han pogut aconseguir de la pau i la tranquil\u00b7litat de la que gaudeixen el dia d&#8217;avui. Per\u00f2 Vicent Mar\u00ed, despr\u00e9s de dir que s&#8217;havien d&#8217;accelerar els tr\u00e0mits perqu\u00e8 s&#8217;arregl\u00e0s la travessia al m\u00e9s prompte possible, ara d\u00f3na l&#8217;esquena a la gent, ja que no posa ni un c\u00e8ntim per al projecte de reforma integral de la via&#8221;, ha criticat el portaveu progressista.<\/p>\n<p>Pel que fa a l&#8217;alcaldessa, &#8220;Carmen Ferrer una vegada m\u00e9s fa gala de la seua submissi\u00f3 a Vicent Mar\u00ed, acotant el cap i fent pagar a la ciutadania de Santa Eul\u00e0ria el cost econ\u00f2mic de la redacci\u00f3 del projecte, que hauria de correspondre al Consell Insular, ja que \u00e9s una carretera d&#8217;aquesta instituci\u00f3&#8221;. Aquest fet demostra que &#8220;Carmen Ferrer no defensa els interessos dels ciutadans i de les ciutadanes de Santa Eul\u00e0ria, i qu\u00e8 no \u00e9s ella qui mana, sin\u00f3 Vicent Mar\u00ed&#8221;.<\/p>\n<p>El portaveu socialista lamenta que &#8220;el to reivindicatiu de l&#8217;Ajuntament de Santa Eul\u00e0ria cap al Consell Insular, que va caracteritzar la passada legislatura, ha desaparegut per complet, amb Carmen Ferrer com a alcaldessa, ja que \u00e9s incapa\u00e7 de plantar cara a Vicent Mar\u00ed en la defensa dels interessos del nostre municipi&#8221;.<\/p>\n","protected":false},"excerpt":{"rendered":"<p>El grup PSOE de Santa Eul\u00e0ria des Riu denuncia que Vicent Mar\u00ed i Carmen Ferrer s&#8217;han oblidat de la travessia de Ca na Negreta, ara que el Partit Popular governa al Consell Insular. La passada legislatura el PP de Santa Eul\u00e0ria, aleshores encap\u00e7alat per Vicent Mar\u00ed, exigia a l&#8217;equip de govern progressista del Consell Insular&hellip;<\/p>\n","protected":false},"author":6,"featured_media":30417,"comment_status":"closed","ping_status":"closed","sticky":false,"template":"","format":"standard","meta":{"footnotes":""},"categories":[1,234,186],"tags":[],"class_list":["post-32504","post","type-post","status-publish","format-standard","has-post-thumbnail","hentry","category-federacio-de-eivissa-portada","category-municipis","category-santa-eularia-des-riu"],"yoast_head":"<!-- This site is optimized with the Yoast SEO plugin v26.9 - https:\/\/yoast.com\/product\/yoast-seo-wordpress\/ -->\n<title>El grup PSOE de Santa Eul\u00e0ria denuncia que Vicent Mar\u00ed i Carmen Ferrer incompleixen el comprom\u00eds d&#039;iniciar la reforma de la travessia de Ca na Negreta despr\u00e9s d&#039;acabar-se les obres de la variant - Federaci\u00f3 Socialista d&#039;Eivissa<\/title>\n<meta name=\"robots\" content=\"index, follow, max-snippet:-1, max-image-preview:large, max-video-preview:-1\" \/>\n<link rel=\"canonical\" href=\"https:\/\/www.psib-psoe.org\/eivissa\/el-grup-psoe-de-santa-eularia-denuncia-que-vicent-mari-i-carmen-ferrer-incompleixen-el-compromis-diniciar-la-reforma-de-la-travessia-de-ca-na-negreta-despres-dacabar-se-les-obres-de-la-variant\/\" \/>\n<meta property=\"og:locale\" content=\"ca_ES\" \/>\n<meta property=\"og:type\" content=\"article\" \/>\n<meta property=\"og:title\" content=\"El grup PSOE de Santa Eul\u00e0ria denuncia que Vicent Mar\u00ed i Carmen Ferrer incompleixen el comprom\u00eds d&#039;iniciar la reforma de la travessia de Ca na Negreta despr\u00e9s d&#039;acabar-se les obres de la variant - Federaci\u00f3 Socialista d&#039;Eivissa\" \/>\n<meta property=\"og:description\" content=\"El grup PSOE de Santa Eul\u00e0ria des Riu denuncia que Vicent Mar\u00ed i Carmen Ferrer s&#8217;han oblidat de la travessia de Ca na Negreta, ara que el Partit Popular governa al Consell Insular. La passada legislatura el PP de Santa Eul\u00e0ria, aleshores encap\u00e7alat per Vicent Mar\u00ed, exigia a l&#8217;equip de govern progressista del Consell Insular&hellip;\" \/>\n<meta property=\"og:url\" content=\"https:\/\/www.psib-psoe.org\/eivissa\/el-grup-psoe-de-santa-eularia-denuncia-que-vicent-mari-i-carmen-ferrer-incompleixen-el-compromis-diniciar-la-reforma-de-la-travessia-de-ca-na-negreta-despres-dacabar-se-les-obres-de-la-variant\/\" \/>\n<meta property=\"og:site_name\" content=\"Federaci\u00f3 Socialista d&#039;Eivissa\" \/>\n<meta property=\"article:published_time\" content=\"2020-12-15T12:00:44+00:00\" \/>\n<meta property=\"og:image\" content=\"https:\/\/www.psib-psoe.org\/eivissa\/wp-content\/uploads\/WhatsApp-Image-2019-11-25-at-15.29.56-1-2000x1200.jpeg\" \/>\n\t<meta property=\"og:image:width\" content=\"2000\" \/>\n\t<meta property=\"og:image:height\" content=\"1200\" \/>\n\t<meta property=\"og:image:type\" content=\"image\/jpeg\" \/>\n<meta name=\"author\" content=\"alan\" \/>\n<meta name=\"twitter:card\" content=\"summary_large_image\" \/>\n<meta name=\"twitter:label1\" content=\"Escrit per\" \/>\n\t<meta name=\"twitter:data1\" content=\"alan\" \/>\n\t<meta name=\"twitter:label2\" content=\"Temps estimat de lectura\" \/>\n\t<meta name=\"twitter:data2\" content=\"3 minuts\" \/>\n<script type=\"application\/ld+json\" class=\"yoast-schema-graph\">{\"@context\":\"https:\/\/schema.org\",\"@graph\":[{\"@type\":[\"Article\",\"BlogPosting\"],\"@id\":\"https:\/\/www.psib-psoe.org\/eivissa\/el-grup-psoe-de-santa-eularia-denuncia-que-vicent-mari-i-carmen-ferrer-incompleixen-el-compromis-diniciar-la-reforma-de-la-travessia-de-ca-na-negreta-despres-dacabar-se-les-obres-de-la-variant\/#article\",\"isPartOf\":{\"@id\":\"https:\/\/www.psib-psoe.org\/eivissa\/el-grup-psoe-de-santa-eularia-denuncia-que-vicent-mari-i-carmen-ferrer-incompleixen-el-compromis-diniciar-la-reforma-de-la-travessia-de-ca-na-negreta-despres-dacabar-se-les-obres-de-la-variant\/\"},\"author\":{\"name\":\"alan\",\"@id\":\"https:\/\/www.psib-psoe.org\/eivissa\/#\/schema\/person\/9925a91b477314bd337b45177caee45d\"},\"headline\":\"El grup PSOE de Santa Eul\u00e0ria denuncia que Vicent Mar\u00ed i Carmen Ferrer incompleixen el comprom\u00eds d&#8217;iniciar la reforma de la travessia de Ca na Negreta despr\u00e9s d&#8217;acabar-se les obres de la variant\",\"datePublished\":\"2020-12-15T12:00:44+00:00\",\"mainEntityOfPage\":{\"@id\":\"https:\/\/www.psib-psoe.org\/eivissa\/el-grup-psoe-de-santa-eularia-denuncia-que-vicent-mari-i-carmen-ferrer-incompleixen-el-compromis-diniciar-la-reforma-de-la-travessia-de-ca-na-negreta-despres-dacabar-se-les-obres-de-la-variant\/\"},\"wordCount\":644,\"publisher\":{\"@id\":\"https:\/\/www.psib-psoe.org\/eivissa\/#organization\"},\"image\":{\"@id\":\"https:\/\/www.psib-psoe.org\/eivissa\/el-grup-psoe-de-santa-eularia-denuncia-que-vicent-mari-i-carmen-ferrer-incompleixen-el-compromis-diniciar-la-reforma-de-la-travessia-de-ca-na-negreta-despres-dacabar-se-les-obres-de-la-variant\/#primaryimage\"},\"thumbnailUrl\":\"https:\/\/www.psib-psoe.org\/eivissa\/wp-content\/uploads\/WhatsApp-Image-2019-11-25-at-15.29.56-1-2000x1200.jpeg\",\"articleSection\":[\"Federaci\u00f3 d'Eivissa - Portada\",\"Municipis\",\"Santa Eul\u00e0ria des Riu\"],\"inLanguage\":\"ca\"},{\"@type\":\"WebPage\",\"@id\":\"https:\/\/www.psib-psoe.org\/eivissa\/el-grup-psoe-de-santa-eularia-denuncia-que-vicent-mari-i-carmen-ferrer-incompleixen-el-compromis-diniciar-la-reforma-de-la-travessia-de-ca-na-negreta-despres-dacabar-se-les-obres-de-la-variant\/\",\"url\":\"https:\/\/www.psib-psoe.org\/eivissa\/el-grup-psoe-de-santa-eularia-denuncia-que-vicent-mari-i-carmen-ferrer-incompleixen-el-compromis-diniciar-la-reforma-de-la-travessia-de-ca-na-negreta-despres-dacabar-se-les-obres-de-la-variant\/\",\"name\":\"El grup PSOE de Santa Eul\u00e0ria denuncia que Vicent Mar\u00ed i Carmen Ferrer incompleixen el comprom\u00eds d'iniciar la reforma de la travessia de Ca na Negreta despr\u00e9s d'acabar-se les obres de la variant - Federaci\u00f3 Socialista d&#039;Eivissa\",\"isPartOf\":{\"@id\":\"https:\/\/www.psib-psoe.org\/eivissa\/#website\"},\"primaryImageOfPage\":{\"@id\":\"https:\/\/www.psib-psoe.org\/eivissa\/el-grup-psoe-de-santa-eularia-denuncia-que-vicent-mari-i-carmen-ferrer-incompleixen-el-compromis-diniciar-la-reforma-de-la-travessia-de-ca-na-negreta-despres-dacabar-se-les-obres-de-la-variant\/#primaryimage\"},\"image\":{\"@id\":\"https:\/\/www.psib-psoe.org\/eivissa\/el-grup-psoe-de-santa-eularia-denuncia-que-vicent-mari-i-carmen-ferrer-incompleixen-el-compromis-diniciar-la-reforma-de-la-travessia-de-ca-na-negreta-despres-dacabar-se-les-obres-de-la-variant\/#primaryimage\"},\"thumbnailUrl\":\"https:\/\/www.psib-psoe.org\/eivissa\/wp-content\/uploads\/WhatsApp-Image-2019-11-25-at-15.29.56-1-2000x1200.jpeg\",\"datePublished\":\"2020-12-15T12:00:44+00:00\",\"breadcrumb\":{\"@id\":\"https:\/\/www.psib-psoe.org\/eivissa\/el-grup-psoe-de-santa-eularia-denuncia-que-vicent-mari-i-carmen-ferrer-incompleixen-el-compromis-diniciar-la-reforma-de-la-travessia-de-ca-na-negreta-despres-dacabar-se-les-obres-de-la-variant\/#breadcrumb\"},\"inLanguage\":\"ca\",\"potentialAction\":[{\"@type\":\"ReadAction\",\"target\":[\"https:\/\/www.psib-psoe.org\/eivissa\/el-grup-psoe-de-santa-eularia-denuncia-que-vicent-mari-i-carmen-ferrer-incompleixen-el-compromis-diniciar-la-reforma-de-la-travessia-de-ca-na-negreta-despres-dacabar-se-les-obres-de-la-variant\/\"]}]},{\"@type\":\"ImageObject\",\"inLanguage\":\"ca\",\"@id\":\"https:\/\/www.psib-psoe.org\/eivissa\/el-grup-psoe-de-santa-eularia-denuncia-que-vicent-mari-i-carmen-ferrer-incompleixen-el-compromis-diniciar-la-reforma-de-la-travessia-de-ca-na-negreta-despres-dacabar-se-les-obres-de-la-variant\/#primaryimage\",\"url\":\"https:\/\/www.psib-psoe.org\/eivissa\/wp-content\/uploads\/WhatsApp-Image-2019-11-25-at-15.29.56-1-2000x1200.jpeg\",\"contentUrl\":\"https:\/\/www.psib-psoe.org\/eivissa\/wp-content\/uploads\/WhatsApp-Image-2019-11-25-at-15.29.56-1-2000x1200.jpeg\",\"width\":2000,\"height\":1200},{\"@type\":\"BreadcrumbList\",\"@id\":\"https:\/\/www.psib-psoe.org\/eivissa\/el-grup-psoe-de-santa-eularia-denuncia-que-vicent-mari-i-carmen-ferrer-incompleixen-el-compromis-diniciar-la-reforma-de-la-travessia-de-ca-na-negreta-despres-dacabar-se-les-obres-de-la-variant\/#breadcrumb\",\"itemListElement\":[{\"@type\":\"ListItem\",\"position\":1,\"name\":\"Inici\",\"item\":\"https:\/\/www.psib-psoe.org\/eivissa\/\"},{\"@type\":\"ListItem\",\"position\":2,\"name\":\"El grup PSOE de Santa Eul\u00e0ria denuncia que Vicent Mar\u00ed i Carmen Ferrer incompleixen el comprom\u00eds d&#8217;iniciar la reforma de la travessia de Ca na Negreta despr\u00e9s d&#8217;acabar-se les obres de la variant\"}]},{\"@type\":\"WebSite\",\"@id\":\"https:\/\/www.psib-psoe.org\/eivissa\/#website\",\"url\":\"https:\/\/www.psib-psoe.org\/eivissa\/\",\"name\":\"Federaci\u00f3 Socialista d'Eivissa\",\"description\":\"Socialistes d&#039;Eivissa\",\"publisher\":{\"@id\":\"https:\/\/www.psib-psoe.org\/eivissa\/#organization\"},\"potentialAction\":[{\"@type\":\"SearchAction\",\"target\":{\"@type\":\"EntryPoint\",\"urlTemplate\":\"https:\/\/www.psib-psoe.org\/eivissa\/?s={search_term_string}\"},\"query-input\":{\"@type\":\"PropertyValueSpecification\",\"valueRequired\":true,\"valueName\":\"search_term_string\"}}],\"inLanguage\":\"ca\"},{\"@type\":\"Organization\",\"@id\":\"https:\/\/www.psib-psoe.org\/eivissa\/#organization\",\"name\":\"Federaci\u00f3 Socialista d'Eivissa\",\"url\":\"https:\/\/www.psib-psoe.org\/eivissa\/\",\"logo\":{\"@type\":\"ImageObject\",\"inLanguage\":\"ca\",\"@id\":\"https:\/\/www.psib-psoe.org\/eivissa\/#\/schema\/logo\/image\/\",\"url\":\"https:\/\/www.psib-psoe.org\/eivissa\/wp-content\/uploads\/LOGO-FSE-SOCIALISTA-DEIVISSA-HORI.png\",\"contentUrl\":\"https:\/\/www.psib-psoe.org\/eivissa\/wp-content\/uploads\/LOGO-FSE-SOCIALISTA-DEIVISSA-HORI.png\",\"width\":6000,\"height\":3104,\"caption\":\"Federaci\u00f3 Socialista d'Eivissa\"},\"image\":{\"@id\":\"https:\/\/www.psib-psoe.org\/eivissa\/#\/schema\/logo\/image\/\"}},{\"@type\":\"Person\",\"@id\":\"https:\/\/www.psib-psoe.org\/eivissa\/#\/schema\/person\/9925a91b477314bd337b45177caee45d\",\"name\":\"alan\",\"url\":\"https:\/\/www.psib-psoe.org\/eivissa\/author\/alan\/\"}]}<\/script>\n<!-- \/ Yoast SEO plugin. -->","yoast_head_json":{"title":"El grup PSOE de Santa Eul\u00e0ria denuncia que Vicent Mar\u00ed i Carmen Ferrer incompleixen el comprom\u00eds d'iniciar la reforma de la travessia de Ca na Negreta despr\u00e9s d'acabar-se les obres de la variant - Federaci\u00f3 Socialista d&#039;Eivissa","robots":{"index":"index","follow":"follow","max-snippet":"max-snippet:-1","max-image-preview":"max-image-preview:large","max-video-preview":"max-video-preview:-1"},"canonical":"https:\/\/www.psib-psoe.org\/eivissa\/el-grup-psoe-de-santa-eularia-denuncia-que-vicent-mari-i-carmen-ferrer-incompleixen-el-compromis-diniciar-la-reforma-de-la-travessia-de-ca-na-negreta-despres-dacabar-se-les-obres-de-la-variant\/","og_locale":"ca_ES","og_type":"article","og_title":"El grup PSOE de Santa Eul\u00e0ria denuncia que Vicent Mar\u00ed i Carmen Ferrer incompleixen el comprom\u00eds d'iniciar la reforma de la travessia de Ca na Negreta despr\u00e9s d'acabar-se les obres de la variant - Federaci\u00f3 Socialista d&#039;Eivissa","og_description":"El grup PSOE de Santa Eul\u00e0ria des Riu denuncia que Vicent Mar\u00ed i Carmen Ferrer s&#8217;han oblidat de la travessia de Ca na Negreta, ara que el Partit Popular governa al Consell Insular. La passada legislatura el PP de Santa Eul\u00e0ria, aleshores encap\u00e7alat per Vicent Mar\u00ed, exigia a l&#8217;equip de govern progressista del Consell Insular&hellip;","og_url":"https:\/\/www.psib-psoe.org\/eivissa\/el-grup-psoe-de-santa-eularia-denuncia-que-vicent-mari-i-carmen-ferrer-incompleixen-el-compromis-diniciar-la-reforma-de-la-travessia-de-ca-na-negreta-despres-dacabar-se-les-obres-de-la-variant\/","og_site_name":"Federaci\u00f3 Socialista d&#039;Eivissa","article_published_time":"2020-12-15T12:00:44+00:00","og_image":[{"width":2000,"height":1200,"url":"https:\/\/www.psib-psoe.org\/eivissa\/wp-content\/uploads\/WhatsApp-Image-2019-11-25-at-15.29.56-1-2000x1200.jpeg","type":"image\/jpeg"}],"author":"alan","twitter_card":"summary_large_image","twitter_misc":{"Escrit per":"alan","Temps estimat de lectura":"3 minuts"},"schema":{"@context":"https:\/\/schema.org","@graph":[{"@type":["Article","BlogPosting"],"@id":"https:\/\/www.psib-psoe.org\/eivissa\/el-grup-psoe-de-santa-eularia-denuncia-que-vicent-mari-i-carmen-ferrer-incompleixen-el-compromis-diniciar-la-reforma-de-la-travessia-de-ca-na-negreta-despres-dacabar-se-les-obres-de-la-variant\/#article","isPartOf":{"@id":"https:\/\/www.psib-psoe.org\/eivissa\/el-grup-psoe-de-santa-eularia-denuncia-que-vicent-mari-i-carmen-ferrer-incompleixen-el-compromis-diniciar-la-reforma-de-la-travessia-de-ca-na-negreta-despres-dacabar-se-les-obres-de-la-variant\/"},"author":{"name":"alan","@id":"https:\/\/www.psib-psoe.org\/eivissa\/#\/schema\/person\/9925a91b477314bd337b45177caee45d"},"headline":"El grup PSOE de Santa Eul\u00e0ria denuncia que Vicent Mar\u00ed i Carmen Ferrer incompleixen el comprom\u00eds d&#8217;iniciar la reforma de la travessia de Ca na Negreta despr\u00e9s d&#8217;acabar-se les obres de la variant","datePublished":"2020-12-15T12:00:44+00:00","mainEntityOfPage":{"@id":"https:\/\/www.psib-psoe.org\/eivissa\/el-grup-psoe-de-santa-eularia-denuncia-que-vicent-mari-i-carmen-ferrer-incompleixen-el-compromis-diniciar-la-reforma-de-la-travessia-de-ca-na-negreta-despres-dacabar-se-les-obres-de-la-variant\/"},"wordCount":644,"publisher":{"@id":"https:\/\/www.psib-psoe.org\/eivissa\/#organization"},"image":{"@id":"https:\/\/www.psib-psoe.org\/eivissa\/el-grup-psoe-de-santa-eularia-denuncia-que-vicent-mari-i-carmen-ferrer-incompleixen-el-compromis-diniciar-la-reforma-de-la-travessia-de-ca-na-negreta-despres-dacabar-se-les-obres-de-la-variant\/#primaryimage"},"thumbnailUrl":"https:\/\/www.psib-psoe.org\/eivissa\/wp-content\/uploads\/WhatsApp-Image-2019-11-25-at-15.29.56-1-2000x1200.jpeg","articleSection":["Federaci\u00f3 d'Eivissa - Portada","Municipis","Santa Eul\u00e0ria des Riu"],"inLanguage":"ca"},{"@type":"WebPage","@id":"https:\/\/www.psib-psoe.org\/eivissa\/el-grup-psoe-de-santa-eularia-denuncia-que-vicent-mari-i-carmen-ferrer-incompleixen-el-compromis-diniciar-la-reforma-de-la-travessia-de-ca-na-negreta-despres-dacabar-se-les-obres-de-la-variant\/","url":"https:\/\/www.psib-psoe.org\/eivissa\/el-grup-psoe-de-santa-eularia-denuncia-que-vicent-mari-i-carmen-ferrer-incompleixen-el-compromis-diniciar-la-reforma-de-la-travessia-de-ca-na-negreta-despres-dacabar-se-les-obres-de-la-variant\/","name":"El grup PSOE de Santa Eul\u00e0ria denuncia que Vicent Mar\u00ed i Carmen Ferrer incompleixen el comprom\u00eds d'iniciar la reforma de la travessia de Ca na Negreta despr\u00e9s d'acabar-se les obres de la variant - Federaci\u00f3 Socialista d&#039;Eivissa","isPartOf":{"@id":"https:\/\/www.psib-psoe.org\/eivissa\/#website"},"primaryImageOfPage":{"@id":"https:\/\/www.psib-psoe.org\/eivissa\/el-grup-psoe-de-santa-eularia-denuncia-que-vicent-mari-i-carmen-ferrer-incompleixen-el-compromis-diniciar-la-reforma-de-la-travessia-de-ca-na-negreta-despres-dacabar-se-les-obres-de-la-variant\/#primaryimage"},"image":{"@id":"https:\/\/www.psib-psoe.org\/eivissa\/el-grup-psoe-de-santa-eularia-denuncia-que-vicent-mari-i-carmen-ferrer-incompleixen-el-compromis-diniciar-la-reforma-de-la-travessia-de-ca-na-negreta-despres-dacabar-se-les-obres-de-la-variant\/#primaryimage"},"thumbnailUrl":"https:\/\/www.psib-psoe.org\/eivissa\/wp-content\/uploads\/WhatsApp-Image-2019-11-25-at-15.29.56-1-2000x1200.jpeg","datePublished":"2020-12-15T12:00:44+00:00","breadcrumb":{"@id":"https:\/\/www.psib-psoe.org\/eivissa\/el-grup-psoe-de-santa-eularia-denuncia-que-vicent-mari-i-carmen-ferrer-incompleixen-el-compromis-diniciar-la-reforma-de-la-travessia-de-ca-na-negreta-despres-dacabar-se-les-obres-de-la-variant\/#breadcrumb"},"inLanguage":"ca","potentialAction":[{"@type":"ReadAction","target":["https:\/\/www.psib-psoe.org\/eivissa\/el-grup-psoe-de-santa-eularia-denuncia-que-vicent-mari-i-carmen-ferrer-incompleixen-el-compromis-diniciar-la-reforma-de-la-travessia-de-ca-na-negreta-despres-dacabar-se-les-obres-de-la-variant\/"]}]},{"@type":"ImageObject","inLanguage":"ca","@id":"https:\/\/www.psib-psoe.org\/eivissa\/el-grup-psoe-de-santa-eularia-denuncia-que-vicent-mari-i-carmen-ferrer-incompleixen-el-compromis-diniciar-la-reforma-de-la-travessia-de-ca-na-negreta-despres-dacabar-se-les-obres-de-la-variant\/#primaryimage","url":"https:\/\/www.psib-psoe.org\/eivissa\/wp-content\/uploads\/WhatsApp-Image-2019-11-25-at-15.29.56-1-2000x1200.jpeg","contentUrl":"https:\/\/www.psib-psoe.org\/eivissa\/wp-content\/uploads\/WhatsApp-Image-2019-11-25-at-15.29.56-1-2000x1200.jpeg","width":2000,"height":1200},{"@type":"BreadcrumbList","@id":"https:\/\/www.psib-psoe.org\/eivissa\/el-grup-psoe-de-santa-eularia-denuncia-que-vicent-mari-i-carmen-ferrer-incompleixen-el-compromis-diniciar-la-reforma-de-la-travessia-de-ca-na-negreta-despres-dacabar-se-les-obres-de-la-variant\/#breadcrumb","itemListElement":[{"@type":"ListItem","position":1,"name":"Inici","item":"https:\/\/www.psib-psoe.org\/eivissa\/"},{"@type":"ListItem","position":2,"name":"El grup PSOE de Santa Eul\u00e0ria denuncia que Vicent Mar\u00ed i Carmen Ferrer incompleixen el comprom\u00eds d&#8217;iniciar la reforma de la travessia de Ca na Negreta despr\u00e9s d&#8217;acabar-se les obres de la variant"}]},{"@type":"WebSite","@id":"https:\/\/www.psib-psoe.org\/eivissa\/#website","url":"https:\/\/www.psib-psoe.org\/eivissa\/","name":"Federaci\u00f3 Socialista d'Eivissa","description":"Socialistes d&#039;Eivissa","publisher":{"@id":"https:\/\/www.psib-psoe.org\/eivissa\/#organization"},"potentialAction":[{"@type":"SearchAction","target":{"@type":"EntryPoint","urlTemplate":"https:\/\/www.psib-psoe.org\/eivissa\/?s={search_term_string}"},"query-input":{"@type":"PropertyValueSpecification","valueRequired":true,"valueName":"search_term_string"}}],"inLanguage":"ca"},{"@type":"Organization","@id":"https:\/\/www.psib-psoe.org\/eivissa\/#organization","name":"Federaci\u00f3 Socialista d'Eivissa","url":"https:\/\/www.psib-psoe.org\/eivissa\/","logo":{"@type":"ImageObject","inLanguage":"ca","@id":"https:\/\/www.psib-psoe.org\/eivissa\/#\/schema\/logo\/image\/","url":"https:\/\/www.psib-psoe.org\/eivissa\/wp-content\/uploads\/LOGO-FSE-SOCIALISTA-DEIVISSA-HORI.png","contentUrl":"https:\/\/www.psib-psoe.org\/eivissa\/wp-content\/uploads\/LOGO-FSE-SOCIALISTA-DEIVISSA-HORI.png","width":6000,"height":3104,"caption":"Federaci\u00f3 Socialista d'Eivissa"},"image":{"@id":"https:\/\/www.psib-psoe.org\/eivissa\/#\/schema\/logo\/image\/"}},{"@type":"Person","@id":"https:\/\/www.psib-psoe.org\/eivissa\/#\/schema\/person\/9925a91b477314bd337b45177caee45d","name":"alan","url":"https:\/\/www.psib-psoe.org\/eivissa\/author\/alan\/"}]}},"_links":{"self":[{"href":"https:\/\/www.psib-psoe.org\/eivissa\/wp-json\/wp\/v2\/posts\/32504","targetHints":{"allow":["GET"]}}],"collection":[{"href":"https:\/\/www.psib-psoe.org\/eivissa\/wp-json\/wp\/v2\/posts"}],"about":[{"href":"https:\/\/www.psib-psoe.org\/eivissa\/wp-json\/wp\/v2\/types\/post"}],"author":[{"embeddable":true,"href":"https:\/\/www.psib-psoe.org\/eivissa\/wp-json\/wp\/v2\/users\/6"}],"replies":[{"embeddable":true,"href":"https:\/\/www.psib-psoe.org\/eivissa\/wp-json\/wp\/v2\/comments?post=32504"}],"version-history":[{"count":1,"href":"https:\/\/www.psib-psoe.org\/eivissa\/wp-json\/wp\/v2\/posts\/32504\/revisions"}],"predecessor-version":[{"id":32507,"href":"https:\/\/www.psib-psoe.org\/eivissa\/wp-json\/wp\/v2\/posts\/32504\/revisions\/32507"}],"wp:featuredmedia":[{"embeddable":true,"href":"https:\/\/www.psib-psoe.org\/eivissa\/wp-json\/wp\/v2\/media\/30417"}],"wp:attachment":[{"href":"https:\/\/www.psib-psoe.org\/eivissa\/wp-json\/wp\/v2\/media?parent=32504"}],"wp:term":[{"taxonomy":"category","embeddable":true,"href":"https:\/\/www.psib-psoe.org\/eivissa\/wp-json\/wp\/v2\/categories?post=32504"},{"taxonomy":"post_tag","embeddable":true,"href":"https:\/\/www.psib-psoe.org\/eivissa\/wp-json\/wp\/v2\/tags?post=32504"}],"curies":[{"name":"wp","href":"https:\/\/api.w.org\/{rel}","templated":true}]}}