{"id":32622,"date":"2021-01-22T14:00:29","date_gmt":"2021-01-22T12:00:29","guid":{"rendered":"https:\/\/www.psib-psoe.org\/eivissa\/?p=32622"},"modified":"2021-01-22T19:42:49","modified_gmt":"2021-01-22T17:42:49","slug":"32622","status":"publish","type":"post","link":"https:\/\/www.psib-psoe.org\/eivissa\/32622\/","title":{"rendered":"Mensaje del secretario general: &#8220;Con fuerza y \u200b\u200bconvicci\u00f3n superaremos todas las dificultades&#8221;"},"content":{"rendered":"<p>Estimado compa\u00f1ero, estimada compa\u00f1era.<\/p>\n<p>Estamos viviendo los momentos m\u00e1s complicados de esta pandemia, con una incidencia alt\u00edsima en nuestra isla, al igual que en todo el pa\u00eds, que tenemos que detener como sea. El sistema sanitario est\u00e1 muy tensado, con unos niveles de infecci\u00f3n como no hab\u00edamos visto en Eivissa desde el inicio de la pandemia. Esto nos obliga a todos y a todas a hacer un gran esfuerzo y sacrificio, cumpliendo las normas sanitarias, extremando las precauciones y siguiendo todas las recomendaciones al pie de la letra. La prioridad es la salud del conjunto de la ciudadan\u00eda, y en esto hay que centrarse, al tiempo que trabajamos para paliar las consecuencias negativas que estas restricciones provocan en las actividades econ\u00f3micas, como estamos demostrando los gobiernos socialistas desde la inicio de la pandemia.<\/p>\n<p>Quisiera muy especialmente destacar el compromiso de la ciudadan\u00eda de Eivissa en la convocatoria de las jornadas de cribado, a las que est\u00e1n asistiendo much\u00edsima gente. Ya se han hecho en Vila y ahora se trasladan a los otros municipios, empezando por Sant Antoni. Os animo a participar.<\/p>\n<p>Al mismo tiempo, la vacunaci\u00f3n contra la Covid avanza de acuerdo con el ritmo previsto. Entiendo que muchas personas digan que deber\u00eda ir m\u00e1s deprisa, pero se ha de explicar que la planificaci\u00f3n la marca Europa y el Gobierno de Espa\u00f1a de acuerdo con las dosis que llegan, y con unos protocolos muy estrictos de car\u00e1cter m\u00e9dico. Ahora mismo, en Balears ya se est\u00e1 suministrando la segunda dosis a las residencias, mientras que los profesionales sanitarios que trabajan en primera l\u00ednea ya han recibido la primera. Que en menos de un a\u00f1o de la aparici\u00f3n de la pandemia ya se est\u00e9 administrando una vacuna, es un hito mundial de car\u00e1cter cient\u00edfico que debemos agradecer y que nos da la esperanza de que pronto podremos derrotar definitivamente el virus.<\/p>\n<p>Con fuerza y \u200b\u200bconvicci\u00f3n superaremos todas las dificultades. Como socialistas lo hemos demostrado muchas veces, porque tenemos un compromiso con la sociedad irrompible, que nos hace levantar y seguir luchando, por muy complicado que sea el camino. La derecha est\u00e1 intentando, tanto en el conjunto de Espa\u00f1a como en Eivissa, utilizar las dificultades que pasamos para atacar a los gobiernos socialistas. Demuestran, una vez m\u00e1s, cu\u00e1les son sus valores y sus prioridades. Ante esto, como partido, nos toca seguir trabajando y explicar a la ciudadan\u00eda las pol\u00edticas socialistas en favor de la protecci\u00f3n de la salud y de las personas.<\/p>\n<p>Muchas veces no es f\u00e1cil, sobre todo cuando pasamos por momentos como los vividos en los \u00faltimos d\u00edas, de mucho dolor. Los y las socialistas de Eivissa hemos perdido a un compa\u00f1ero, un amigo, un referente. Vicent Tur nos ha dejado, provocando un vac\u00edo que costar\u00e1 mucho de llenar. Le echaremos mucho de menos y nunca lo olvidaremos. Os animo a mantener vivo su recuerdo, para que sea una luz que nos ayude a seguir adelante, como hac\u00eda \u00e9l, pensando siempre en hacer el bien, pensando siempre a ayudar a los dem\u00e1s.<\/p>\n<p>En paz descanse.<\/p>\n<p>Josep Mar\u00ed Ribas<\/p>\n<p>Secretario general de la FSE-PSOE<\/p>\n","protected":false},"excerpt":{"rendered":"<p>Estimado compa\u00f1ero, estimada compa\u00f1era. Estamos viviendo los momentos m\u00e1s complicados de esta pandemia, con una incidencia alt\u00edsima en nuestra isla, al igual que en todo el pa\u00eds, que tenemos que detener como sea. El sistema sanitario est\u00e1 muy tensado, con unos niveles de infecci\u00f3n como no hab\u00edamos visto en Eivissa desde el inicio de la&hellip;<\/p>\n","protected":false},"author":7,"featured_media":32478,"comment_status":"closed","ping_status":"closed","sticky":false,"template":"","format":"standard","meta":{"footnotes":""},"categories":[212],"tags":[],"class_list":["post-32622","post","type-post","status-publish","format-standard","has-post-thumbnail","hentry","category-fse-psoe"],"yoast_head":"<!-- This site is optimized with the Yoast SEO plugin v26.9 - https:\/\/yoast.com\/product\/yoast-seo-wordpress\/ -->\n<title>Mensaje del secretario general: &quot;Con fuerza y \u200b\u200bconvicci\u00f3n superaremos todas las dificultades&quot; - Federaci\u00f3 Socialista d&#039;Eivissa<\/title>\n<meta name=\"robots\" content=\"index, follow, max-snippet:-1, max-image-preview:large, max-video-preview:-1\" \/>\n<link rel=\"canonical\" href=\"https:\/\/www.psib-psoe.org\/eivissa\/32622\/\" \/>\n<meta property=\"og:locale\" content=\"ca_ES\" \/>\n<meta property=\"og:type\" content=\"article\" \/>\n<meta property=\"og:title\" content=\"Mensaje del secretario general: &quot;Con fuerza y \u200b\u200bconvicci\u00f3n superaremos todas las dificultades&quot; - Federaci\u00f3 Socialista d&#039;Eivissa\" \/>\n<meta property=\"og:description\" content=\"Estimado compa\u00f1ero, estimada compa\u00f1era. Estamos viviendo los momentos m\u00e1s complicados de esta pandemia, con una incidencia alt\u00edsima en nuestra isla, al igual que en todo el pa\u00eds, que tenemos que detener como sea. El sistema sanitario est\u00e1 muy tensado, con unos niveles de infecci\u00f3n como no hab\u00edamos visto en Eivissa desde el inicio de la&hellip;\" \/>\n<meta property=\"og:url\" content=\"https:\/\/www.psib-psoe.org\/eivissa\/32622\/\" \/>\n<meta property=\"og:site_name\" content=\"Federaci\u00f3 Socialista d&#039;Eivissa\" \/>\n<meta property=\"article:published_time\" content=\"2021-01-22T12:00:29+00:00\" \/>\n<meta property=\"article:modified_time\" content=\"2021-01-22T17:42:49+00:00\" \/>\n<meta property=\"og:image\" content=\"https:\/\/www.psib-psoe.org\/eivissa\/wp-content\/uploads\/IMG_1407-e1607710648632.png\" \/>\n\t<meta property=\"og:image:width\" content=\"1317\" \/>\n\t<meta property=\"og:image:height\" content=\"750\" \/>\n\t<meta property=\"og:image:type\" content=\"image\/png\" \/>\n<meta name=\"author\" content=\"Josep Ripoll\" \/>\n<meta name=\"twitter:card\" content=\"summary_large_image\" \/>\n<meta name=\"twitter:label1\" content=\"Escrit per\" \/>\n\t<meta name=\"twitter:data1\" content=\"Josep Ripoll\" \/>\n\t<meta name=\"twitter:label2\" content=\"Temps estimat de lectura\" \/>\n\t<meta name=\"twitter:data2\" content=\"3 minuts\" \/>\n<script type=\"application\/ld+json\" class=\"yoast-schema-graph\">{\"@context\":\"https:\/\/schema.org\",\"@graph\":[{\"@type\":[\"Article\",\"BlogPosting\"],\"@id\":\"https:\/\/www.psib-psoe.org\/eivissa\/32622\/#article\",\"isPartOf\":{\"@id\":\"https:\/\/www.psib-psoe.org\/eivissa\/32622\/\"},\"author\":{\"name\":\"Josep Ripoll\",\"@id\":\"https:\/\/www.psib-psoe.org\/eivissa\/#\/schema\/person\/7a9d2841fb36f32e34fc0e9b245e8117\"},\"headline\":\"Mensaje del secretario general: &#8220;Con fuerza y \u200b\u200bconvicci\u00f3n superaremos todas las dificultades&#8221;\",\"datePublished\":\"2021-01-22T12:00:29+00:00\",\"dateModified\":\"2021-01-22T17:42:49+00:00\",\"mainEntityOfPage\":{\"@id\":\"https:\/\/www.psib-psoe.org\/eivissa\/32622\/\"},\"wordCount\":562,\"publisher\":{\"@id\":\"https:\/\/www.psib-psoe.org\/eivissa\/#organization\"},\"image\":{\"@id\":\"https:\/\/www.psib-psoe.org\/eivissa\/32622\/#primaryimage\"},\"thumbnailUrl\":\"https:\/\/www.psib-psoe.org\/eivissa\/wp-content\/uploads\/IMG_1407-e1607710648632.png\",\"articleSection\":[\"FSE-PSOE\"],\"inLanguage\":\"ca\"},{\"@type\":\"WebPage\",\"@id\":\"https:\/\/www.psib-psoe.org\/eivissa\/32622\/\",\"url\":\"https:\/\/www.psib-psoe.org\/eivissa\/32622\/\",\"name\":\"Mensaje del secretario general: \\\"Con fuerza y \u200b\u200bconvicci\u00f3n superaremos todas las dificultades\\\" - Federaci\u00f3 Socialista d&#039;Eivissa\",\"isPartOf\":{\"@id\":\"https:\/\/www.psib-psoe.org\/eivissa\/#website\"},\"primaryImageOfPage\":{\"@id\":\"https:\/\/www.psib-psoe.org\/eivissa\/32622\/#primaryimage\"},\"image\":{\"@id\":\"https:\/\/www.psib-psoe.org\/eivissa\/32622\/#primaryimage\"},\"thumbnailUrl\":\"https:\/\/www.psib-psoe.org\/eivissa\/wp-content\/uploads\/IMG_1407-e1607710648632.png\",\"datePublished\":\"2021-01-22T12:00:29+00:00\",\"dateModified\":\"2021-01-22T17:42:49+00:00\",\"breadcrumb\":{\"@id\":\"https:\/\/www.psib-psoe.org\/eivissa\/32622\/#breadcrumb\"},\"inLanguage\":\"ca\",\"potentialAction\":[{\"@type\":\"ReadAction\",\"target\":[\"https:\/\/www.psib-psoe.org\/eivissa\/32622\/\"]}]},{\"@type\":\"ImageObject\",\"inLanguage\":\"ca\",\"@id\":\"https:\/\/www.psib-psoe.org\/eivissa\/32622\/#primaryimage\",\"url\":\"https:\/\/www.psib-psoe.org\/eivissa\/wp-content\/uploads\/IMG_1407-e1607710648632.png\",\"contentUrl\":\"https:\/\/www.psib-psoe.org\/eivissa\/wp-content\/uploads\/IMG_1407-e1607710648632.png\",\"width\":1317,\"height\":750},{\"@type\":\"BreadcrumbList\",\"@id\":\"https:\/\/www.psib-psoe.org\/eivissa\/32622\/#breadcrumb\",\"itemListElement\":[{\"@type\":\"ListItem\",\"position\":1,\"name\":\"Inici\",\"item\":\"https:\/\/www.psib-psoe.org\/eivissa\/\"},{\"@type\":\"ListItem\",\"position\":2,\"name\":\"Mensaje del secretario general: &#8220;Con fuerza y \u200b\u200bconvicci\u00f3n superaremos todas las dificultades&#8221;\"}]},{\"@type\":\"WebSite\",\"@id\":\"https:\/\/www.psib-psoe.org\/eivissa\/#website\",\"url\":\"https:\/\/www.psib-psoe.org\/eivissa\/\",\"name\":\"Federaci\u00f3 Socialista d'Eivissa\",\"description\":\"Socialistes d&#039;Eivissa\",\"publisher\":{\"@id\":\"https:\/\/www.psib-psoe.org\/eivissa\/#organization\"},\"potentialAction\":[{\"@type\":\"SearchAction\",\"target\":{\"@type\":\"EntryPoint\",\"urlTemplate\":\"https:\/\/www.psib-psoe.org\/eivissa\/?s={search_term_string}\"},\"query-input\":{\"@type\":\"PropertyValueSpecification\",\"valueRequired\":true,\"valueName\":\"search_term_string\"}}],\"inLanguage\":\"ca\"},{\"@type\":\"Organization\",\"@id\":\"https:\/\/www.psib-psoe.org\/eivissa\/#organization\",\"name\":\"Federaci\u00f3 Socialista d'Eivissa\",\"url\":\"https:\/\/www.psib-psoe.org\/eivissa\/\",\"logo\":{\"@type\":\"ImageObject\",\"inLanguage\":\"ca\",\"@id\":\"https:\/\/www.psib-psoe.org\/eivissa\/#\/schema\/logo\/image\/\",\"url\":\"https:\/\/www.psib-psoe.org\/eivissa\/wp-content\/uploads\/LOGO-FSE-SOCIALISTA-DEIVISSA-HORI.png\",\"contentUrl\":\"https:\/\/www.psib-psoe.org\/eivissa\/wp-content\/uploads\/LOGO-FSE-SOCIALISTA-DEIVISSA-HORI.png\",\"width\":6000,\"height\":3104,\"caption\":\"Federaci\u00f3 Socialista d'Eivissa\"},\"image\":{\"@id\":\"https:\/\/www.psib-psoe.org\/eivissa\/#\/schema\/logo\/image\/\"}},{\"@type\":\"Person\",\"@id\":\"https:\/\/www.psib-psoe.org\/eivissa\/#\/schema\/person\/7a9d2841fb36f32e34fc0e9b245e8117\",\"name\":\"Josep Ripoll\",\"sameAs\":[\"http:\/\/www.psib-psoe.org\/eivissa\/wp-login.php\"],\"url\":\"https:\/\/www.psib-psoe.org\/eivissa\/author\/josep\/\"}]}<\/script>\n<!-- \/ Yoast SEO plugin. -->","yoast_head_json":{"title":"Mensaje del secretario general: \"Con fuerza y \u200b\u200bconvicci\u00f3n superaremos todas las dificultades\" - Federaci\u00f3 Socialista d&#039;Eivissa","robots":{"index":"index","follow":"follow","max-snippet":"max-snippet:-1","max-image-preview":"max-image-preview:large","max-video-preview":"max-video-preview:-1"},"canonical":"https:\/\/www.psib-psoe.org\/eivissa\/32622\/","og_locale":"ca_ES","og_type":"article","og_title":"Mensaje del secretario general: \"Con fuerza y \u200b\u200bconvicci\u00f3n superaremos todas las dificultades\" - Federaci\u00f3 Socialista d&#039;Eivissa","og_description":"Estimado compa\u00f1ero, estimada compa\u00f1era. Estamos viviendo los momentos m\u00e1s complicados de esta pandemia, con una incidencia alt\u00edsima en nuestra isla, al igual que en todo el pa\u00eds, que tenemos que detener como sea. El sistema sanitario est\u00e1 muy tensado, con unos niveles de infecci\u00f3n como no hab\u00edamos visto en Eivissa desde el inicio de la&hellip;","og_url":"https:\/\/www.psib-psoe.org\/eivissa\/32622\/","og_site_name":"Federaci\u00f3 Socialista d&#039;Eivissa","article_published_time":"2021-01-22T12:00:29+00:00","article_modified_time":"2021-01-22T17:42:49+00:00","og_image":[{"width":1317,"height":750,"url":"https:\/\/www.psib-psoe.org\/eivissa\/wp-content\/uploads\/IMG_1407-e1607710648632.png","type":"image\/png"}],"author":"Josep Ripoll","twitter_card":"summary_large_image","twitter_misc":{"Escrit per":"Josep Ripoll","Temps estimat de lectura":"3 minuts"},"schema":{"@context":"https:\/\/schema.org","@graph":[{"@type":["Article","BlogPosting"],"@id":"https:\/\/www.psib-psoe.org\/eivissa\/32622\/#article","isPartOf":{"@id":"https:\/\/www.psib-psoe.org\/eivissa\/32622\/"},"author":{"name":"Josep Ripoll","@id":"https:\/\/www.psib-psoe.org\/eivissa\/#\/schema\/person\/7a9d2841fb36f32e34fc0e9b245e8117"},"headline":"Mensaje del secretario general: &#8220;Con fuerza y \u200b\u200bconvicci\u00f3n superaremos todas las dificultades&#8221;","datePublished":"2021-01-22T12:00:29+00:00","dateModified":"2021-01-22T17:42:49+00:00","mainEntityOfPage":{"@id":"https:\/\/www.psib-psoe.org\/eivissa\/32622\/"},"wordCount":562,"publisher":{"@id":"https:\/\/www.psib-psoe.org\/eivissa\/#organization"},"image":{"@id":"https:\/\/www.psib-psoe.org\/eivissa\/32622\/#primaryimage"},"thumbnailUrl":"https:\/\/www.psib-psoe.org\/eivissa\/wp-content\/uploads\/IMG_1407-e1607710648632.png","articleSection":["FSE-PSOE"],"inLanguage":"ca"},{"@type":"WebPage","@id":"https:\/\/www.psib-psoe.org\/eivissa\/32622\/","url":"https:\/\/www.psib-psoe.org\/eivissa\/32622\/","name":"Mensaje del secretario general: \"Con fuerza y \u200b\u200bconvicci\u00f3n superaremos todas las dificultades\" - Federaci\u00f3 Socialista d&#039;Eivissa","isPartOf":{"@id":"https:\/\/www.psib-psoe.org\/eivissa\/#website"},"primaryImageOfPage":{"@id":"https:\/\/www.psib-psoe.org\/eivissa\/32622\/#primaryimage"},"image":{"@id":"https:\/\/www.psib-psoe.org\/eivissa\/32622\/#primaryimage"},"thumbnailUrl":"https:\/\/www.psib-psoe.org\/eivissa\/wp-content\/uploads\/IMG_1407-e1607710648632.png","datePublished":"2021-01-22T12:00:29+00:00","dateModified":"2021-01-22T17:42:49+00:00","breadcrumb":{"@id":"https:\/\/www.psib-psoe.org\/eivissa\/32622\/#breadcrumb"},"inLanguage":"ca","potentialAction":[{"@type":"ReadAction","target":["https:\/\/www.psib-psoe.org\/eivissa\/32622\/"]}]},{"@type":"ImageObject","inLanguage":"ca","@id":"https:\/\/www.psib-psoe.org\/eivissa\/32622\/#primaryimage","url":"https:\/\/www.psib-psoe.org\/eivissa\/wp-content\/uploads\/IMG_1407-e1607710648632.png","contentUrl":"https:\/\/www.psib-psoe.org\/eivissa\/wp-content\/uploads\/IMG_1407-e1607710648632.png","width":1317,"height":750},{"@type":"BreadcrumbList","@id":"https:\/\/www.psib-psoe.org\/eivissa\/32622\/#breadcrumb","itemListElement":[{"@type":"ListItem","position":1,"name":"Inici","item":"https:\/\/www.psib-psoe.org\/eivissa\/"},{"@type":"ListItem","position":2,"name":"Mensaje del secretario general: &#8220;Con fuerza y \u200b\u200bconvicci\u00f3n superaremos todas las dificultades&#8221;"}]},{"@type":"WebSite","@id":"https:\/\/www.psib-psoe.org\/eivissa\/#website","url":"https:\/\/www.psib-psoe.org\/eivissa\/","name":"Federaci\u00f3 Socialista d'Eivissa","description":"Socialistes d&#039;Eivissa","publisher":{"@id":"https:\/\/www.psib-psoe.org\/eivissa\/#organization"},"potentialAction":[{"@type":"SearchAction","target":{"@type":"EntryPoint","urlTemplate":"https:\/\/www.psib-psoe.org\/eivissa\/?s={search_term_string}"},"query-input":{"@type":"PropertyValueSpecification","valueRequired":true,"valueName":"search_term_string"}}],"inLanguage":"ca"},{"@type":"Organization","@id":"https:\/\/www.psib-psoe.org\/eivissa\/#organization","name":"Federaci\u00f3 Socialista d'Eivissa","url":"https:\/\/www.psib-psoe.org\/eivissa\/","logo":{"@type":"ImageObject","inLanguage":"ca","@id":"https:\/\/www.psib-psoe.org\/eivissa\/#\/schema\/logo\/image\/","url":"https:\/\/www.psib-psoe.org\/eivissa\/wp-content\/uploads\/LOGO-FSE-SOCIALISTA-DEIVISSA-HORI.png","contentUrl":"https:\/\/www.psib-psoe.org\/eivissa\/wp-content\/uploads\/LOGO-FSE-SOCIALISTA-DEIVISSA-HORI.png","width":6000,"height":3104,"caption":"Federaci\u00f3 Socialista d'Eivissa"},"image":{"@id":"https:\/\/www.psib-psoe.org\/eivissa\/#\/schema\/logo\/image\/"}},{"@type":"Person","@id":"https:\/\/www.psib-psoe.org\/eivissa\/#\/schema\/person\/7a9d2841fb36f32e34fc0e9b245e8117","name":"Josep Ripoll","sameAs":["http:\/\/www.psib-psoe.org\/eivissa\/wp-login.php"],"url":"https:\/\/www.psib-psoe.org\/eivissa\/author\/josep\/"}]}},"_links":{"self":[{"href":"https:\/\/www.psib-psoe.org\/eivissa\/wp-json\/wp\/v2\/posts\/32622","targetHints":{"allow":["GET"]}}],"collection":[{"href":"https:\/\/www.psib-psoe.org\/eivissa\/wp-json\/wp\/v2\/posts"}],"about":[{"href":"https:\/\/www.psib-psoe.org\/eivissa\/wp-json\/wp\/v2\/types\/post"}],"author":[{"embeddable":true,"href":"https:\/\/www.psib-psoe.org\/eivissa\/wp-json\/wp\/v2\/users\/7"}],"replies":[{"embeddable":true,"href":"https:\/\/www.psib-psoe.org\/eivissa\/wp-json\/wp\/v2\/comments?post=32622"}],"version-history":[{"count":2,"href":"https:\/\/www.psib-psoe.org\/eivissa\/wp-json\/wp\/v2\/posts\/32622\/revisions"}],"predecessor-version":[{"id":32624,"href":"https:\/\/www.psib-psoe.org\/eivissa\/wp-json\/wp\/v2\/posts\/32622\/revisions\/32624"}],"wp:featuredmedia":[{"embeddable":true,"href":"https:\/\/www.psib-psoe.org\/eivissa\/wp-json\/wp\/v2\/media\/32478"}],"wp:attachment":[{"href":"https:\/\/www.psib-psoe.org\/eivissa\/wp-json\/wp\/v2\/media?parent=32622"}],"wp:term":[{"taxonomy":"category","embeddable":true,"href":"https:\/\/www.psib-psoe.org\/eivissa\/wp-json\/wp\/v2\/categories?post=32622"},{"taxonomy":"post_tag","embeddable":true,"href":"https:\/\/www.psib-psoe.org\/eivissa\/wp-json\/wp\/v2\/tags?post=32622"}],"curies":[{"name":"wp","href":"https:\/\/api.w.org\/{rel}","templated":true}]}}