{"id":32660,"date":"2021-01-27T14:31:22","date_gmt":"2021-01-27T12:31:22","guid":{"rendered":"https:\/\/www.psib-psoe.org\/eivissa\/?p=32660"},"modified":"2021-01-27T14:33:09","modified_gmt":"2021-01-27T12:33:09","slug":"la-fse-psoe-rechaza-la-campana-de-desinformacion-del-pp-sobre-el-derecho-civil-propio-de-eivissa","status":"publish","type":"post","link":"https:\/\/www.psib-psoe.org\/eivissa\/la-fse-psoe-rechaza-la-campana-de-desinformacion-del-pp-sobre-el-derecho-civil-propio-de-eivissa\/","title":{"rendered":"La FSE-PSOE rechaza la campa\u00f1a de desinformaci\u00f3n del PP sobre el derecho civil propio de Eivissa"},"content":{"rendered":"<p><span style=\"font-weight: 400;\">La Federaci\u00f3n Socialista de Eivissa (FSE-PSOE) rechaza la campa\u00f1a de desinformaci\u00f3n que ha puesto en marcha el Partido Popular sobre el derecho civil propio de Illes Balears. La tributaci\u00f3n del impuesto de sucesiones de las herencias en vida continuar\u00e1 en un 1% y con las mismas condiciones para la transmisi\u00f3n y disposici\u00f3n de los bienes, por lo tanto, sin ninguna modificaci\u00f3n, en contra de lo que quiere hacer creer el Partido popular. En todo caso, la nueva ley de prevenci\u00f3n y lucha contra el fraude fiscal protege a los pactos sucesorios, ya que evita su mal uso consistente en eludir el pago de tributos en los casos de un beneficio econ\u00f3mico.<\/span><\/p>\n<p><span style=\"font-weight: 400;\">Se trata de una ley de fiscalidad, no de derecho civil, y de ninguna manera ni ataca ni desnaturaliza los pactos sucesorios, sino que evita el mal uso fiscal. Desde la FSE-PSOE consideramos que defender el buen uso de nuestras figuras de derecho civil es, precisamente, defenderlas. La campa\u00f1a del PP, intentando crear una alarma social sobre este asunto, est\u00e1 cargada de enga\u00f1os y manipulaci\u00f3n.<\/span><\/p>\n<p><span style=\"font-weight: 400;\">Lo que pretende el PP es que haya beneficios que no tributen lo que corresponde al Impuesto de la Renta de las Personas F\u00edsicas (IRPF). Detr\u00e1s de esta campa\u00f1a se esconde la pol\u00edtica habitual de la derecha, de utilizar de forma demag\u00f3gica el pago de impuestos y promover que no se paguen, como hizo Crist\u00f3bal Montoro con su decreto de amnist\u00eda fiscal del 2012.<\/span><\/p>\n<p><span style=\"font-weight: 400;\">Los y las socialistas estamos en contra de que existan mecanismos que permitan eludir la tributaci\u00f3n de una ganancia patrimonial, es decir, de un beneficio econ\u00f3mico. La sostenibilidad del sistema p\u00fablico (sanidad, educaci\u00f3n, etc.) se basa en un sistema de tributos, y desde el PSOE seguiremos defendiendo el refuerzo de las leyes antifraude y un sistema tributario progresivo, en el que contribuye m\u00e1s quien m\u00e1s tiene. Especialmente en la actual crisis por la pandemia, asegurar los recursos p\u00fablicos en sanidad, en la defensa de las familias, trabajadores y empresas afectadas, y en la recuperaci\u00f3n econ\u00f3mica es absolutamente fundamental.<\/span><\/p>\n<p>&nbsp;<\/p>\n<p><b>\u00bfPor qu\u00e9 la ley antifraude?<\/b><\/p>\n<p><span style=\"font-weight: 400;\">Esta modificaci\u00f3n se hace para corregir una distorsi\u00f3n generada en 2016 a ra\u00edz de una sentencia del Tribunal Supremo, que permit\u00eda hacer un mal uso de la figura del Pacto sucesorio en el IRPF. Corrige una pr\u00e1ctica incorrecta consistente en aumentar el valor de adquisici\u00f3n de una propiedad a trav\u00e9s de la herencia (tributando al 1% como pacto sucesorio entre familiares) para inmediatamente venderla a precio de mercado, por lo que el beneficio de la posterior venta (ganancia patrimonial) sea m\u00ednimo, ya que este beneficio tributa en IRPF al tipo del 20% como base imponible del ahorro.<\/span><\/p>\n<p><span style=\"font-weight: 400;\">Hasta el 9 de febrero de 2016, la simple transmisi\u00f3n por pacto sucesorio generaba una ganancia patrimonial al donante que deb\u00eda tributar en IRPF al 20%, lo que representaba una situaci\u00f3n injusta dado que se grababa la simple transmisi\u00f3n del patrimonio sin existir una ganancia patrimonial &#8220;real&#8221; ni &#8220;monetario&#8221;. En esta fecha, una Sentencia del Tribunal Supremo declara exentas de tributaci\u00f3n por IRPF las herencias en vida a trav\u00e9s de Pacto Sucesorio.<\/span><\/p>\n<p><span style=\"font-weight: 400;\">Pero a la vez que resolv\u00eda una injusticia, esta sentencia cre\u00f3 una distorsi\u00f3n, ya que permit\u00eda la utilizaci\u00f3n del pacto sucesorio como una v\u00eda de evitar tributaci\u00f3n en IRPF, a trav\u00e9s del aumento de los valores de las propiedades tributando a un 1% , para posteriormente vender las propiedades a casi el mismo precio, minimizando as\u00ed la ganancia patrimonial a IRPF que tributa al 20%. De esta manera, la ganancia patrimonial de la operaci\u00f3n elude la tributaci\u00f3n por IRPF, dado que desde 2016 no tributa ni el donante ni por el beneficiario cuando vende, y esa es la correcci\u00f3n necesaria que incluye el proyecto de ley para evitar estos casos de fraude fiscal.<\/span><\/p>\n<p><span style=\"font-weight: 400;\">La FSE-PSOE remarca que la nueva ley antifraude no es una modificaci\u00f3n de ning\u00fan derecho civil, sino la correcci\u00f3n de una distorsi\u00f3n en la fiscalidad que hab\u00eda que resolver desde 2016.<\/span><\/p>\n<p><span style=\"font-weight: 400;\">Adem\u00e1s, el IRPF es un impuesto estatal, por lo que la nueva ley antifraude en nada afecta la autonom\u00eda fiscal de las Islas Baleares.<\/span><\/p>\n<p><span style=\"font-weight: 400;\">Respecto a la retroactividad fiscal, \u00e9sta est\u00e1 expresamente prohibida por sentencia del Tribunal Constitucional, por lo que el PP tambi\u00e9n miente cuando intenta hacer creer que habr\u00e1 una retroactividad en este impuesto.<\/span><\/p>\n<p>&nbsp;<\/p>\n<p><b>Consejo Asesor del derecho civil propio<\/b><\/p>\n<p><span style=\"font-weight: 400;\">En relaci\u00f3n con el dictamen del Consejo Asesor del derecho civil propio de Eivissa y Formentera, desde la FSE-PSOE respetamos su pronunciamiento, pero no podemos compartir su valoraci\u00f3n cuando dice que la nueva ley antifraude desincentivar\u00e1 los pactos sucesorios. Las herencias en vida continuar\u00e1n tributando al 1%, y por tanto como pacto sucesorio no se encuentran amenazadas. Las familias pueden estar tranquilas con la aprobaci\u00f3n del Proyecto de Ley de prevenci\u00f3n y lucha contra el fraude fiscal, ya que en nada afecta a la donaci\u00f3n entre familiares de las fincas e inmuebles por los que tanto han trabajado toda la vida.<\/span><\/p>\n<p><span style=\"font-weight: 400;\">Lamentamos tambi\u00e9n que el PP haga una utilizaci\u00f3n partidista e intente apropiarse del Consejo Asesor del derecho civil, manipulando de manera demag\u00f3gica sus argumentos y conclusiones en su campa\u00f1a de desinformaci\u00f3n.<\/span><\/p>\n<p><span style=\"font-weight: 400;\">Finalmente, la FSE-PSOE recuerda tambi\u00e9n que se trata de un Proyecto de Ley que se encuentra en tramitaci\u00f3n parlamentaria y que a\u00fan podr\u00eda ser objeto de modificaciones hasta el texto legislativo definitivo. La FSE-PSOE siempre estar\u00e1 a favor de la ciudadan\u00eda de Eivissa y de su derecho civil, al tiempo que firme en contra de cualquier clase de fraude fiscal.<\/span><\/p>\n","protected":false},"excerpt":{"rendered":"<p>La Federaci\u00f3n Socialista de Eivissa (FSE-PSOE) rechaza la campa\u00f1a de desinformaci\u00f3n que ha puesto en marcha el Partido Popular sobre el derecho civil propio de Illes Balears. La tributaci\u00f3n del impuesto de sucesiones de las herencias en vida continuar\u00e1 en un 1% y con las mismas condiciones para la transmisi\u00f3n y disposici\u00f3n de los bienes,&hellip;<\/p>\n","protected":false},"author":7,"featured_media":32658,"comment_status":"closed","ping_status":"closed","sticky":false,"template":"","format":"standard","meta":{"footnotes":""},"categories":[212],"tags":[],"class_list":["post-32660","post","type-post","status-publish","format-standard","has-post-thumbnail","hentry","category-fse-psoe"],"yoast_head":"<!-- This site is optimized with the Yoast SEO plugin v26.9 - https:\/\/yoast.com\/product\/yoast-seo-wordpress\/ -->\n<title>La FSE-PSOE rechaza la campa\u00f1a de desinformaci\u00f3n del PP sobre el derecho civil propio de Eivissa - Federaci\u00f3 Socialista d&#039;Eivissa<\/title>\n<meta name=\"robots\" content=\"index, follow, max-snippet:-1, max-image-preview:large, max-video-preview:-1\" \/>\n<link rel=\"canonical\" href=\"https:\/\/www.psib-psoe.org\/eivissa\/la-fse-psoe-rechaza-la-campana-de-desinformacion-del-pp-sobre-el-derecho-civil-propio-de-eivissa\/\" \/>\n<meta property=\"og:locale\" content=\"ca_ES\" \/>\n<meta property=\"og:type\" content=\"article\" \/>\n<meta property=\"og:title\" content=\"La FSE-PSOE rechaza la campa\u00f1a de desinformaci\u00f3n del PP sobre el derecho civil propio de Eivissa - Federaci\u00f3 Socialista d&#039;Eivissa\" \/>\n<meta property=\"og:description\" content=\"La Federaci\u00f3n Socialista de Eivissa (FSE-PSOE) rechaza la campa\u00f1a de desinformaci\u00f3n que ha puesto en marcha el Partido Popular sobre el derecho civil propio de Illes Balears. La tributaci\u00f3n del impuesto de sucesiones de las herencias en vida continuar\u00e1 en un 1% y con las mismas condiciones para la transmisi\u00f3n y disposici\u00f3n de los bienes,&hellip;\" \/>\n<meta property=\"og:url\" content=\"https:\/\/www.psib-psoe.org\/eivissa\/la-fse-psoe-rechaza-la-campana-de-desinformacion-del-pp-sobre-el-derecho-civil-propio-de-eivissa\/\" \/>\n<meta property=\"og:site_name\" content=\"Federaci\u00f3 Socialista d&#039;Eivissa\" \/>\n<meta property=\"article:published_time\" content=\"2021-01-27T12:31:22+00:00\" \/>\n<meta property=\"article:modified_time\" content=\"2021-01-27T12:33:09+00:00\" \/>\n<meta property=\"og:image\" content=\"https:\/\/www.psib-psoe.org\/eivissa\/wp-content\/uploads\/paisatge-eivissa.png\" \/>\n\t<meta property=\"og:image:width\" content=\"1746\" \/>\n\t<meta property=\"og:image:height\" content=\"912\" \/>\n\t<meta property=\"og:image:type\" content=\"image\/png\" \/>\n<meta name=\"author\" content=\"Josep Ripoll\" \/>\n<meta name=\"twitter:card\" content=\"summary_large_image\" \/>\n<meta name=\"twitter:label1\" content=\"Escrit per\" \/>\n\t<meta name=\"twitter:data1\" content=\"Josep Ripoll\" \/>\n\t<meta name=\"twitter:label2\" content=\"Temps estimat de lectura\" \/>\n\t<meta name=\"twitter:data2\" content=\"5 minuts\" \/>\n<script type=\"application\/ld+json\" class=\"yoast-schema-graph\">{\"@context\":\"https:\/\/schema.org\",\"@graph\":[{\"@type\":[\"Article\",\"BlogPosting\"],\"@id\":\"https:\/\/www.psib-psoe.org\/eivissa\/la-fse-psoe-rechaza-la-campana-de-desinformacion-del-pp-sobre-el-derecho-civil-propio-de-eivissa\/#article\",\"isPartOf\":{\"@id\":\"https:\/\/www.psib-psoe.org\/eivissa\/la-fse-psoe-rechaza-la-campana-de-desinformacion-del-pp-sobre-el-derecho-civil-propio-de-eivissa\/\"},\"author\":{\"name\":\"Josep Ripoll\",\"@id\":\"https:\/\/www.psib-psoe.org\/eivissa\/#\/schema\/person\/7a9d2841fb36f32e34fc0e9b245e8117\"},\"headline\":\"La FSE-PSOE rechaza la campa\u00f1a de desinformaci\u00f3n del PP sobre el derecho civil propio de Eivissa\",\"datePublished\":\"2021-01-27T12:31:22+00:00\",\"dateModified\":\"2021-01-27T12:33:09+00:00\",\"mainEntityOfPage\":{\"@id\":\"https:\/\/www.psib-psoe.org\/eivissa\/la-fse-psoe-rechaza-la-campana-de-desinformacion-del-pp-sobre-el-derecho-civil-propio-de-eivissa\/\"},\"wordCount\":992,\"publisher\":{\"@id\":\"https:\/\/www.psib-psoe.org\/eivissa\/#organization\"},\"image\":{\"@id\":\"https:\/\/www.psib-psoe.org\/eivissa\/la-fse-psoe-rechaza-la-campana-de-desinformacion-del-pp-sobre-el-derecho-civil-propio-de-eivissa\/#primaryimage\"},\"thumbnailUrl\":\"https:\/\/www.psib-psoe.org\/eivissa\/wp-content\/uploads\/paisatge-eivissa.png\",\"articleSection\":[\"FSE-PSOE\"],\"inLanguage\":\"ca\"},{\"@type\":\"WebPage\",\"@id\":\"https:\/\/www.psib-psoe.org\/eivissa\/la-fse-psoe-rechaza-la-campana-de-desinformacion-del-pp-sobre-el-derecho-civil-propio-de-eivissa\/\",\"url\":\"https:\/\/www.psib-psoe.org\/eivissa\/la-fse-psoe-rechaza-la-campana-de-desinformacion-del-pp-sobre-el-derecho-civil-propio-de-eivissa\/\",\"name\":\"La FSE-PSOE rechaza la campa\u00f1a de desinformaci\u00f3n del PP sobre el derecho civil propio de Eivissa - Federaci\u00f3 Socialista d&#039;Eivissa\",\"isPartOf\":{\"@id\":\"https:\/\/www.psib-psoe.org\/eivissa\/#website\"},\"primaryImageOfPage\":{\"@id\":\"https:\/\/www.psib-psoe.org\/eivissa\/la-fse-psoe-rechaza-la-campana-de-desinformacion-del-pp-sobre-el-derecho-civil-propio-de-eivissa\/#primaryimage\"},\"image\":{\"@id\":\"https:\/\/www.psib-psoe.org\/eivissa\/la-fse-psoe-rechaza-la-campana-de-desinformacion-del-pp-sobre-el-derecho-civil-propio-de-eivissa\/#primaryimage\"},\"thumbnailUrl\":\"https:\/\/www.psib-psoe.org\/eivissa\/wp-content\/uploads\/paisatge-eivissa.png\",\"datePublished\":\"2021-01-27T12:31:22+00:00\",\"dateModified\":\"2021-01-27T12:33:09+00:00\",\"breadcrumb\":{\"@id\":\"https:\/\/www.psib-psoe.org\/eivissa\/la-fse-psoe-rechaza-la-campana-de-desinformacion-del-pp-sobre-el-derecho-civil-propio-de-eivissa\/#breadcrumb\"},\"inLanguage\":\"ca\",\"potentialAction\":[{\"@type\":\"ReadAction\",\"target\":[\"https:\/\/www.psib-psoe.org\/eivissa\/la-fse-psoe-rechaza-la-campana-de-desinformacion-del-pp-sobre-el-derecho-civil-propio-de-eivissa\/\"]}]},{\"@type\":\"ImageObject\",\"inLanguage\":\"ca\",\"@id\":\"https:\/\/www.psib-psoe.org\/eivissa\/la-fse-psoe-rechaza-la-campana-de-desinformacion-del-pp-sobre-el-derecho-civil-propio-de-eivissa\/#primaryimage\",\"url\":\"https:\/\/www.psib-psoe.org\/eivissa\/wp-content\/uploads\/paisatge-eivissa.png\",\"contentUrl\":\"https:\/\/www.psib-psoe.org\/eivissa\/wp-content\/uploads\/paisatge-eivissa.png\",\"width\":1746,\"height\":912},{\"@type\":\"BreadcrumbList\",\"@id\":\"https:\/\/www.psib-psoe.org\/eivissa\/la-fse-psoe-rechaza-la-campana-de-desinformacion-del-pp-sobre-el-derecho-civil-propio-de-eivissa\/#breadcrumb\",\"itemListElement\":[{\"@type\":\"ListItem\",\"position\":1,\"name\":\"Inici\",\"item\":\"https:\/\/www.psib-psoe.org\/eivissa\/\"},{\"@type\":\"ListItem\",\"position\":2,\"name\":\"La FSE-PSOE rechaza la campa\u00f1a de desinformaci\u00f3n del PP sobre el derecho civil propio de Eivissa\"}]},{\"@type\":\"WebSite\",\"@id\":\"https:\/\/www.psib-psoe.org\/eivissa\/#website\",\"url\":\"https:\/\/www.psib-psoe.org\/eivissa\/\",\"name\":\"Federaci\u00f3 Socialista d'Eivissa\",\"description\":\"Socialistes d&#039;Eivissa\",\"publisher\":{\"@id\":\"https:\/\/www.psib-psoe.org\/eivissa\/#organization\"},\"potentialAction\":[{\"@type\":\"SearchAction\",\"target\":{\"@type\":\"EntryPoint\",\"urlTemplate\":\"https:\/\/www.psib-psoe.org\/eivissa\/?s={search_term_string}\"},\"query-input\":{\"@type\":\"PropertyValueSpecification\",\"valueRequired\":true,\"valueName\":\"search_term_string\"}}],\"inLanguage\":\"ca\"},{\"@type\":\"Organization\",\"@id\":\"https:\/\/www.psib-psoe.org\/eivissa\/#organization\",\"name\":\"Federaci\u00f3 Socialista d'Eivissa\",\"url\":\"https:\/\/www.psib-psoe.org\/eivissa\/\",\"logo\":{\"@type\":\"ImageObject\",\"inLanguage\":\"ca\",\"@id\":\"https:\/\/www.psib-psoe.org\/eivissa\/#\/schema\/logo\/image\/\",\"url\":\"https:\/\/www.psib-psoe.org\/eivissa\/wp-content\/uploads\/LOGO-FSE-SOCIALISTA-DEIVISSA-HORI.png\",\"contentUrl\":\"https:\/\/www.psib-psoe.org\/eivissa\/wp-content\/uploads\/LOGO-FSE-SOCIALISTA-DEIVISSA-HORI.png\",\"width\":6000,\"height\":3104,\"caption\":\"Federaci\u00f3 Socialista d'Eivissa\"},\"image\":{\"@id\":\"https:\/\/www.psib-psoe.org\/eivissa\/#\/schema\/logo\/image\/\"}},{\"@type\":\"Person\",\"@id\":\"https:\/\/www.psib-psoe.org\/eivissa\/#\/schema\/person\/7a9d2841fb36f32e34fc0e9b245e8117\",\"name\":\"Josep Ripoll\",\"sameAs\":[\"http:\/\/www.psib-psoe.org\/eivissa\/wp-login.php\"],\"url\":\"https:\/\/www.psib-psoe.org\/eivissa\/author\/josep\/\"}]}<\/script>\n<!-- \/ Yoast SEO plugin. -->","yoast_head_json":{"title":"La FSE-PSOE rechaza la campa\u00f1a de desinformaci\u00f3n del PP sobre el derecho civil propio de Eivissa - Federaci\u00f3 Socialista d&#039;Eivissa","robots":{"index":"index","follow":"follow","max-snippet":"max-snippet:-1","max-image-preview":"max-image-preview:large","max-video-preview":"max-video-preview:-1"},"canonical":"https:\/\/www.psib-psoe.org\/eivissa\/la-fse-psoe-rechaza-la-campana-de-desinformacion-del-pp-sobre-el-derecho-civil-propio-de-eivissa\/","og_locale":"ca_ES","og_type":"article","og_title":"La FSE-PSOE rechaza la campa\u00f1a de desinformaci\u00f3n del PP sobre el derecho civil propio de Eivissa - Federaci\u00f3 Socialista d&#039;Eivissa","og_description":"La Federaci\u00f3n Socialista de Eivissa (FSE-PSOE) rechaza la campa\u00f1a de desinformaci\u00f3n que ha puesto en marcha el Partido Popular sobre el derecho civil propio de Illes Balears. La tributaci\u00f3n del impuesto de sucesiones de las herencias en vida continuar\u00e1 en un 1% y con las mismas condiciones para la transmisi\u00f3n y disposici\u00f3n de los bienes,&hellip;","og_url":"https:\/\/www.psib-psoe.org\/eivissa\/la-fse-psoe-rechaza-la-campana-de-desinformacion-del-pp-sobre-el-derecho-civil-propio-de-eivissa\/","og_site_name":"Federaci\u00f3 Socialista d&#039;Eivissa","article_published_time":"2021-01-27T12:31:22+00:00","article_modified_time":"2021-01-27T12:33:09+00:00","og_image":[{"width":1746,"height":912,"url":"https:\/\/www.psib-psoe.org\/eivissa\/wp-content\/uploads\/paisatge-eivissa.png","type":"image\/png"}],"author":"Josep Ripoll","twitter_card":"summary_large_image","twitter_misc":{"Escrit per":"Josep Ripoll","Temps estimat de lectura":"5 minuts"},"schema":{"@context":"https:\/\/schema.org","@graph":[{"@type":["Article","BlogPosting"],"@id":"https:\/\/www.psib-psoe.org\/eivissa\/la-fse-psoe-rechaza-la-campana-de-desinformacion-del-pp-sobre-el-derecho-civil-propio-de-eivissa\/#article","isPartOf":{"@id":"https:\/\/www.psib-psoe.org\/eivissa\/la-fse-psoe-rechaza-la-campana-de-desinformacion-del-pp-sobre-el-derecho-civil-propio-de-eivissa\/"},"author":{"name":"Josep Ripoll","@id":"https:\/\/www.psib-psoe.org\/eivissa\/#\/schema\/person\/7a9d2841fb36f32e34fc0e9b245e8117"},"headline":"La FSE-PSOE rechaza la campa\u00f1a de desinformaci\u00f3n del PP sobre el derecho civil propio de Eivissa","datePublished":"2021-01-27T12:31:22+00:00","dateModified":"2021-01-27T12:33:09+00:00","mainEntityOfPage":{"@id":"https:\/\/www.psib-psoe.org\/eivissa\/la-fse-psoe-rechaza-la-campana-de-desinformacion-del-pp-sobre-el-derecho-civil-propio-de-eivissa\/"},"wordCount":992,"publisher":{"@id":"https:\/\/www.psib-psoe.org\/eivissa\/#organization"},"image":{"@id":"https:\/\/www.psib-psoe.org\/eivissa\/la-fse-psoe-rechaza-la-campana-de-desinformacion-del-pp-sobre-el-derecho-civil-propio-de-eivissa\/#primaryimage"},"thumbnailUrl":"https:\/\/www.psib-psoe.org\/eivissa\/wp-content\/uploads\/paisatge-eivissa.png","articleSection":["FSE-PSOE"],"inLanguage":"ca"},{"@type":"WebPage","@id":"https:\/\/www.psib-psoe.org\/eivissa\/la-fse-psoe-rechaza-la-campana-de-desinformacion-del-pp-sobre-el-derecho-civil-propio-de-eivissa\/","url":"https:\/\/www.psib-psoe.org\/eivissa\/la-fse-psoe-rechaza-la-campana-de-desinformacion-del-pp-sobre-el-derecho-civil-propio-de-eivissa\/","name":"La FSE-PSOE rechaza la campa\u00f1a de desinformaci\u00f3n del PP sobre el derecho civil propio de Eivissa - Federaci\u00f3 Socialista d&#039;Eivissa","isPartOf":{"@id":"https:\/\/www.psib-psoe.org\/eivissa\/#website"},"primaryImageOfPage":{"@id":"https:\/\/www.psib-psoe.org\/eivissa\/la-fse-psoe-rechaza-la-campana-de-desinformacion-del-pp-sobre-el-derecho-civil-propio-de-eivissa\/#primaryimage"},"image":{"@id":"https:\/\/www.psib-psoe.org\/eivissa\/la-fse-psoe-rechaza-la-campana-de-desinformacion-del-pp-sobre-el-derecho-civil-propio-de-eivissa\/#primaryimage"},"thumbnailUrl":"https:\/\/www.psib-psoe.org\/eivissa\/wp-content\/uploads\/paisatge-eivissa.png","datePublished":"2021-01-27T12:31:22+00:00","dateModified":"2021-01-27T12:33:09+00:00","breadcrumb":{"@id":"https:\/\/www.psib-psoe.org\/eivissa\/la-fse-psoe-rechaza-la-campana-de-desinformacion-del-pp-sobre-el-derecho-civil-propio-de-eivissa\/#breadcrumb"},"inLanguage":"ca","potentialAction":[{"@type":"ReadAction","target":["https:\/\/www.psib-psoe.org\/eivissa\/la-fse-psoe-rechaza-la-campana-de-desinformacion-del-pp-sobre-el-derecho-civil-propio-de-eivissa\/"]}]},{"@type":"ImageObject","inLanguage":"ca","@id":"https:\/\/www.psib-psoe.org\/eivissa\/la-fse-psoe-rechaza-la-campana-de-desinformacion-del-pp-sobre-el-derecho-civil-propio-de-eivissa\/#primaryimage","url":"https:\/\/www.psib-psoe.org\/eivissa\/wp-content\/uploads\/paisatge-eivissa.png","contentUrl":"https:\/\/www.psib-psoe.org\/eivissa\/wp-content\/uploads\/paisatge-eivissa.png","width":1746,"height":912},{"@type":"BreadcrumbList","@id":"https:\/\/www.psib-psoe.org\/eivissa\/la-fse-psoe-rechaza-la-campana-de-desinformacion-del-pp-sobre-el-derecho-civil-propio-de-eivissa\/#breadcrumb","itemListElement":[{"@type":"ListItem","position":1,"name":"Inici","item":"https:\/\/www.psib-psoe.org\/eivissa\/"},{"@type":"ListItem","position":2,"name":"La FSE-PSOE rechaza la campa\u00f1a de desinformaci\u00f3n del PP sobre el derecho civil propio de Eivissa"}]},{"@type":"WebSite","@id":"https:\/\/www.psib-psoe.org\/eivissa\/#website","url":"https:\/\/www.psib-psoe.org\/eivissa\/","name":"Federaci\u00f3 Socialista d'Eivissa","description":"Socialistes d&#039;Eivissa","publisher":{"@id":"https:\/\/www.psib-psoe.org\/eivissa\/#organization"},"potentialAction":[{"@type":"SearchAction","target":{"@type":"EntryPoint","urlTemplate":"https:\/\/www.psib-psoe.org\/eivissa\/?s={search_term_string}"},"query-input":{"@type":"PropertyValueSpecification","valueRequired":true,"valueName":"search_term_string"}}],"inLanguage":"ca"},{"@type":"Organization","@id":"https:\/\/www.psib-psoe.org\/eivissa\/#organization","name":"Federaci\u00f3 Socialista d'Eivissa","url":"https:\/\/www.psib-psoe.org\/eivissa\/","logo":{"@type":"ImageObject","inLanguage":"ca","@id":"https:\/\/www.psib-psoe.org\/eivissa\/#\/schema\/logo\/image\/","url":"https:\/\/www.psib-psoe.org\/eivissa\/wp-content\/uploads\/LOGO-FSE-SOCIALISTA-DEIVISSA-HORI.png","contentUrl":"https:\/\/www.psib-psoe.org\/eivissa\/wp-content\/uploads\/LOGO-FSE-SOCIALISTA-DEIVISSA-HORI.png","width":6000,"height":3104,"caption":"Federaci\u00f3 Socialista d'Eivissa"},"image":{"@id":"https:\/\/www.psib-psoe.org\/eivissa\/#\/schema\/logo\/image\/"}},{"@type":"Person","@id":"https:\/\/www.psib-psoe.org\/eivissa\/#\/schema\/person\/7a9d2841fb36f32e34fc0e9b245e8117","name":"Josep Ripoll","sameAs":["http:\/\/www.psib-psoe.org\/eivissa\/wp-login.php"],"url":"https:\/\/www.psib-psoe.org\/eivissa\/author\/josep\/"}]}},"_links":{"self":[{"href":"https:\/\/www.psib-psoe.org\/eivissa\/wp-json\/wp\/v2\/posts\/32660","targetHints":{"allow":["GET"]}}],"collection":[{"href":"https:\/\/www.psib-psoe.org\/eivissa\/wp-json\/wp\/v2\/posts"}],"about":[{"href":"https:\/\/www.psib-psoe.org\/eivissa\/wp-json\/wp\/v2\/types\/post"}],"author":[{"embeddable":true,"href":"https:\/\/www.psib-psoe.org\/eivissa\/wp-json\/wp\/v2\/users\/7"}],"replies":[{"embeddable":true,"href":"https:\/\/www.psib-psoe.org\/eivissa\/wp-json\/wp\/v2\/comments?post=32660"}],"version-history":[{"count":1,"href":"https:\/\/www.psib-psoe.org\/eivissa\/wp-json\/wp\/v2\/posts\/32660\/revisions"}],"predecessor-version":[{"id":32661,"href":"https:\/\/www.psib-psoe.org\/eivissa\/wp-json\/wp\/v2\/posts\/32660\/revisions\/32661"}],"wp:featuredmedia":[{"embeddable":true,"href":"https:\/\/www.psib-psoe.org\/eivissa\/wp-json\/wp\/v2\/media\/32658"}],"wp:attachment":[{"href":"https:\/\/www.psib-psoe.org\/eivissa\/wp-json\/wp\/v2\/media?parent=32660"}],"wp:term":[{"taxonomy":"category","embeddable":true,"href":"https:\/\/www.psib-psoe.org\/eivissa\/wp-json\/wp\/v2\/categories?post=32660"},{"taxonomy":"post_tag","embeddable":true,"href":"https:\/\/www.psib-psoe.org\/eivissa\/wp-json\/wp\/v2\/tags?post=32660"}],"curies":[{"name":"wp","href":"https:\/\/api.w.org\/{rel}","templated":true}]}}