{"id":32662,"date":"2021-01-29T18:48:33","date_gmt":"2021-01-29T16:48:33","guid":{"rendered":"https:\/\/www.psib-psoe.org\/eivissa\/?p=32662"},"modified":"2021-01-29T18:50:27","modified_gmt":"2021-01-29T16:50:27","slug":"el-grup-psoe-del-consell-insular-denuncia-la-campanya-de-la-por-i-la-manipulacio-del-pp-deivissa-respecte-als-pactes-successoris","status":"publish","type":"post","link":"https:\/\/www.psib-psoe.org\/eivissa\/el-grup-psoe-del-consell-insular-denuncia-la-campanya-de-la-por-i-la-manipulacio-del-pp-deivissa-respecte-als-pactes-successoris\/","title":{"rendered":"El grup PSOE del Consell Insular denuncia la &#8220;campanya de la por i la manipulaci\u00f3&#8221; del PP d&#8217;Eivissa respecte als pactes successoris"},"content":{"rendered":"<p><span style=\"font-size: large;\">El grup PSOE del Consell Insular d&#8217;Eivissa ha denunciat la &#8220;campanya de la por i la manipulaci\u00f3&#8221; del PP respecte als pactes successoris. La llei antifrau &#8220;no toca les her\u00e8ncies en vida, que se seguiran fent i tributant a l&#8217;1%&#8221;, ha remarcat l&#8217;anterior president i portaveu socialista, Vicent Torres en el ple de la instituci\u00f3 celebrat avui.<\/span><\/p>\n<p>El portaveu socialista ha criticat els &#8220;enganys a la ciutadania&#8221; que fa l&#8217;equip de govern de Vicent Mar\u00ed i el seu partit, que &#8220;va pels pobles dient que ja no es podran fer her\u00e8ncies en vida&#8221;. &#8220;Aix\u00f2 \u00e9s fals, les her\u00e8ncies en vida no es toquen&#8221;, ha insistit Torres. El PP &#8220;intenta crear una alarma social infundada&#8221;, ha criticat.<\/p>\n<p>Com ha explicat, la llei antifrau no afecta l&#8217;impost de successions, que continua a l&#8217;1%, sin\u00f3 a l&#8217;IRPF, ja que corregir\u00e0 un &#8220;mal \u00fas&#8221; que es podia fer amb els pactes successoris des del 2016, arran d&#8217;una sent\u00e8ncia del Tribunal Suprem, consistent a no pagar els impostos que corresponen en el cas de benefici econ\u00f2mic per la venda del b\u00e9 heretat. &#8220;El bon \u00fas de les nostres figures de dret civil \u00e9s, precisament, defensar-les&#8221;, ha remarcat el portaveu del PSOE.<\/p>\n<p>Vicent Torres ha manifestat que &#8220;el veritable debat que tenim damunt la taula&#8221; \u00e9s respecte al &#8220;model de la dreta, de reduir impostos i per tant, retallar en igualtat&#8221;, i de l&#8217;altre el &#8220;model d&#8217;esquerres, d&#8217;assegurar una societat solid\u00e0ria i igualit\u00e0ria, en la qual qui m\u00e9s t\u00e9, m\u00e9s contribueix&#8221;.<\/p>\n<p>&#8220;El Partit Socialista sempre estar\u00e0 a favor de la ciutadania d&#8217;Eivissa i del seu dret civil, com tamb\u00e9 serem ferms en la defensa d&#8217;un sistema tributari just i progressiu, que asseguri el nostre estat del benestar&#8221;, ha concl\u00f2s.<\/p>\n<p><b>\u00das partidista del Consell Insular<br \/>\n<\/b>En el ple d&#8217;avui, el grup PSOE ha criticat la utilitzaci\u00f3 partidista del Consell Insular per part de l&#8217;equip de Vicent Mar\u00ed: &#8220;Deixin de fer oposici\u00f3 als governs socialistes, deixin d&#8217;utilitzar el Consell d&#8217;Eivissa com a instrument al servei del Partit Popular, i li prec que se centrin a governar aquesta illa, que bona falta ens fa&#8221;, ha dit Vicent Torres durant el debat.<\/p>\n<p>El grup PSOE ha criticat que el PP demani recalcular el finan\u00e7ament que rebr\u00e0 el Consell Insular en 2021 per part del Govern Balear, incorporant en els pressupostos de la Comunitat com a transfer\u00e8ncia corrent de l&#8217;Estat els 295 milions d&#8217;euros que aquesta rebr\u00e0 per fer front a la COVID-19.<\/p>\n<p>Vicent Torres ha criticat que el PP, en el debat celebrat al Parlament, afirm\u00e0s que el fons Covid &#8220;inflava&#8221; els pressupostos de la Comunitat, i que ara reclamin tot el contrari, demanat que s&#8217;incorpori com a transfer\u00e8ncia corrent de l&#8217;Estat: &#8220;A veure si ens aclarim, a qui hem de fer cas? Al diputat del PP d&#8217;Eivissa, que diu que aquestos sous no haurien d&#8217;estar en els pressupostos de la Comunitat, o a vost\u00e8s que diuen que s\u00ed, i que a damunt han de figurar com a transfer\u00e8ncia corrent?&#8221;, ha preguntat el portaveu del PSOE.<\/p>\n<p><b>PP i Cs, en contra de la proposta del PSOE pel teletreball<br \/>\n<\/b>La majoria formada pel PP i Cs ha rebutjat la moci\u00f3 del grup PSOE en qu\u00e8 demanava la redacci\u00f3 d&#8217;un reglament de teletreball del Consell Insular, com ja han fet els consells de Mallorca i Menorca. Vicent Torres ha dit no entendre el vot en contra de la dreta a la proposta, que demanava &#8220;acordar la regulaci\u00f3 del treball a dist\u00e0ncia en el marc de la Mesa General de Negociaci\u00f3 i portar-ho per a la seua aprovaci\u00f3 en el Ple abans que finalitzi el primer semestre de 2021&#8221; i &#8220;incloure en la regulaci\u00f3 del treball a dist\u00e0ncia propostes que assegurin el seu car\u00e0cter voluntari i reversible, la igualtat de condicions i retribucions, la compensaci\u00f3 de despeses, la promoci\u00f3, el temps de descans, els riscos laborals que suposa i tota la resta de q\u00fcestions que es considerin referides a assegurar la correcta prestaci\u00f3 de la feina i garantir els drets dels treballadors i de les treballadores&#8221;.<\/p>\n<p>Incompliments de Vicent Mar\u00ed respecte al centre provisional de baixa exig\u00e8ncia<br \/>\nLa consellera socialista Silvia Limones ha interpel\u00b7lat la consellera de Benestar Social, Carolina Escandell, respecte al projecte de centre provisional de baixa exig\u00e8ncia, que el Consell Insular vol construir en el Recinte Firal. El govern de Vicent Mar\u00ed est\u00e0 incomplint tots els terminis de la seua posada en marxa, com ha denunciat Silvia Limones: &#8220;La q\u00fcesti\u00f3 \u00e9s que ni a la fi de 2020, ni a principis de 2021. El dia d&#8217;avui, en plena tercera onada, no sabem res sobre la construcci\u00f3 de centre de Sa Joveria&#8221;, ha criticat.<\/p>\n<p>La consellera socialista ha preguntat &#8220;com expliquen que hagin tramitat amb car\u00e0cter d&#8217;emerg\u00e8ncia un v\u00eddeo promocional de l&#8217;illa i hagin efectuat nombrosos pagaments a programes de televisi\u00f3, per\u00f2 no hagin estat capa\u00e7os de tramitar per emerg\u00e8ncia l&#8217;expedient per fer realitat el centre provisional, que donaria cobertura a moltes persones que realment s\u00ed que estan patint situacions molt greus per l&#8217;efecte de la pand\u00e8mia&#8221;.<\/p>\n<p><b>Minut de silenci per Vicent Tur<br \/>\n<\/b>El Ple del Consell Insular d&#8217;Eivissa ha comen\u00e7at amb un minut de silenci de condol per la mort, el passat 17 de gener, de l&#8217;exconseller socialista Vicent Tur Torres. El portaveu del PSOE, Vicent Torres, ha manifestat davant del Ple la &#8220;tristesa i el dolor&#8221; del grup socialista per la desaparici\u00f3 d&#8217;un &#8220;company i amic&#8221; i n&#8217;ha destacat la seua traject\u00f2ria durant un total de cinc legislatures a la instituci\u00f3 insular: &#8220;Voldria que qued\u00e0s const\u00e0ncia de l&#8217;admiraci\u00f3 i de l&#8217;agra\u00efment per tot el que ens ha donat. Si Eivissa \u00e9s una miqueta millor que fa 30 o 40 anys, que jo crec que s\u00ed, \u00e9s en part gr\u00e0cies a haver tengut la sort de comptar amb servidors p\u00fablics com en Vicent Tur.&#8221;<\/p>\n<p>El minut de silenci ha finalitzat amb els aplaudiments de tots els conseller i les conselleres del Ple del Consell Insular.<\/p>\n","protected":false},"excerpt":{"rendered":"<p>El grup PSOE del Consell Insular d&#8217;Eivissa ha denunciat la &#8220;campanya de la por i la manipulaci\u00f3&#8221; del PP respecte als pactes successoris. La llei antifrau &#8220;no toca les her\u00e8ncies en vida, que se seguiran fent i tributant a l&#8217;1%&#8221;, ha remarcat l&#8217;anterior president i portaveu socialista, Vicent Torres en el ple de la instituci\u00f3&hellip;<\/p>\n","protected":false},"author":7,"featured_media":32663,"comment_status":"closed","ping_status":"closed","sticky":false,"template":"","format":"standard","meta":{"footnotes":""},"categories":[192,1],"tags":[],"class_list":["post-32662","post","type-post","status-publish","format-standard","has-post-thumbnail","hentry","category-consell-deivissa","category-federacio-de-eivissa-portada"],"yoast_head":"<!-- This site is optimized with the Yoast SEO plugin v26.9 - https:\/\/yoast.com\/product\/yoast-seo-wordpress\/ -->\n<title>El grup PSOE del Consell Insular denuncia la &quot;campanya de la por i la manipulaci\u00f3&quot; del PP d&#039;Eivissa respecte als pactes successoris - Federaci\u00f3 Socialista d&#039;Eivissa<\/title>\n<meta name=\"robots\" content=\"index, follow, max-snippet:-1, max-image-preview:large, max-video-preview:-1\" \/>\n<link rel=\"canonical\" href=\"https:\/\/www.psib-psoe.org\/eivissa\/el-grup-psoe-del-consell-insular-denuncia-la-campanya-de-la-por-i-la-manipulacio-del-pp-deivissa-respecte-als-pactes-successoris\/\" \/>\n<meta property=\"og:locale\" content=\"ca_ES\" \/>\n<meta property=\"og:type\" content=\"article\" \/>\n<meta property=\"og:title\" content=\"El grup PSOE del Consell Insular denuncia la &quot;campanya de la por i la manipulaci\u00f3&quot; del PP d&#039;Eivissa respecte als pactes successoris - Federaci\u00f3 Socialista d&#039;Eivissa\" \/>\n<meta property=\"og:description\" content=\"El grup PSOE del Consell Insular d&#8217;Eivissa ha denunciat la &#8220;campanya de la por i la manipulaci\u00f3&#8221; del PP respecte als pactes successoris. La llei antifrau &#8220;no toca les her\u00e8ncies en vida, que se seguiran fent i tributant a l&#8217;1%&#8221;, ha remarcat l&#8217;anterior president i portaveu socialista, Vicent Torres en el ple de la instituci\u00f3&hellip;\" \/>\n<meta property=\"og:url\" content=\"https:\/\/www.psib-psoe.org\/eivissa\/el-grup-psoe-del-consell-insular-denuncia-la-campanya-de-la-por-i-la-manipulacio-del-pp-deivissa-respecte-als-pactes-successoris\/\" \/>\n<meta property=\"og:site_name\" content=\"Federaci\u00f3 Socialista d&#039;Eivissa\" \/>\n<meta property=\"article:published_time\" content=\"2021-01-29T16:48:33+00:00\" \/>\n<meta property=\"article:modified_time\" content=\"2021-01-29T16:50:27+00:00\" \/>\n<meta property=\"og:image\" content=\"https:\/\/www.psib-psoe.org\/eivissa\/wp-content\/uploads\/Captura-de-Pantalla-2021-01-29-a-les-17.36.42.png\" \/>\n\t<meta property=\"og:image:width\" content=\"1808\" \/>\n\t<meta property=\"og:image:height\" content=\"1018\" \/>\n\t<meta property=\"og:image:type\" content=\"image\/png\" \/>\n<meta name=\"author\" content=\"Josep Ripoll\" \/>\n<meta name=\"twitter:card\" content=\"summary_large_image\" \/>\n<meta name=\"twitter:label1\" content=\"Escrit per\" \/>\n\t<meta name=\"twitter:data1\" content=\"Josep Ripoll\" \/>\n\t<meta name=\"twitter:label2\" content=\"Temps estimat de lectura\" \/>\n\t<meta name=\"twitter:data2\" content=\"5 minuts\" \/>\n<script type=\"application\/ld+json\" class=\"yoast-schema-graph\">{\"@context\":\"https:\/\/schema.org\",\"@graph\":[{\"@type\":[\"Article\",\"BlogPosting\"],\"@id\":\"https:\/\/www.psib-psoe.org\/eivissa\/el-grup-psoe-del-consell-insular-denuncia-la-campanya-de-la-por-i-la-manipulacio-del-pp-deivissa-respecte-als-pactes-successoris\/#article\",\"isPartOf\":{\"@id\":\"https:\/\/www.psib-psoe.org\/eivissa\/el-grup-psoe-del-consell-insular-denuncia-la-campanya-de-la-por-i-la-manipulacio-del-pp-deivissa-respecte-als-pactes-successoris\/\"},\"author\":{\"name\":\"Josep Ripoll\",\"@id\":\"https:\/\/www.psib-psoe.org\/eivissa\/#\/schema\/person\/7a9d2841fb36f32e34fc0e9b245e8117\"},\"headline\":\"El grup PSOE del Consell Insular denuncia la &#8220;campanya de la por i la manipulaci\u00f3&#8221; del PP d&#8217;Eivissa respecte als pactes successoris\",\"datePublished\":\"2021-01-29T16:48:33+00:00\",\"dateModified\":\"2021-01-29T16:50:27+00:00\",\"mainEntityOfPage\":{\"@id\":\"https:\/\/www.psib-psoe.org\/eivissa\/el-grup-psoe-del-consell-insular-denuncia-la-campanya-de-la-por-i-la-manipulacio-del-pp-deivissa-respecte-als-pactes-successoris\/\"},\"wordCount\":1025,\"publisher\":{\"@id\":\"https:\/\/www.psib-psoe.org\/eivissa\/#organization\"},\"image\":{\"@id\":\"https:\/\/www.psib-psoe.org\/eivissa\/el-grup-psoe-del-consell-insular-denuncia-la-campanya-de-la-por-i-la-manipulacio-del-pp-deivissa-respecte-als-pactes-successoris\/#primaryimage\"},\"thumbnailUrl\":\"https:\/\/www.psib-psoe.org\/eivissa\/wp-content\/uploads\/Captura-de-Pantalla-2021-01-29-a-les-17.36.42.png\",\"articleSection\":[\"Consell d'Eivissa\",\"Federaci\u00f3 d'Eivissa - Portada\"],\"inLanguage\":\"ca\"},{\"@type\":\"WebPage\",\"@id\":\"https:\/\/www.psib-psoe.org\/eivissa\/el-grup-psoe-del-consell-insular-denuncia-la-campanya-de-la-por-i-la-manipulacio-del-pp-deivissa-respecte-als-pactes-successoris\/\",\"url\":\"https:\/\/www.psib-psoe.org\/eivissa\/el-grup-psoe-del-consell-insular-denuncia-la-campanya-de-la-por-i-la-manipulacio-del-pp-deivissa-respecte-als-pactes-successoris\/\",\"name\":\"El grup PSOE del Consell Insular denuncia la \\\"campanya de la por i la manipulaci\u00f3\\\" del PP d'Eivissa respecte als pactes successoris - Federaci\u00f3 Socialista d&#039;Eivissa\",\"isPartOf\":{\"@id\":\"https:\/\/www.psib-psoe.org\/eivissa\/#website\"},\"primaryImageOfPage\":{\"@id\":\"https:\/\/www.psib-psoe.org\/eivissa\/el-grup-psoe-del-consell-insular-denuncia-la-campanya-de-la-por-i-la-manipulacio-del-pp-deivissa-respecte-als-pactes-successoris\/#primaryimage\"},\"image\":{\"@id\":\"https:\/\/www.psib-psoe.org\/eivissa\/el-grup-psoe-del-consell-insular-denuncia-la-campanya-de-la-por-i-la-manipulacio-del-pp-deivissa-respecte-als-pactes-successoris\/#primaryimage\"},\"thumbnailUrl\":\"https:\/\/www.psib-psoe.org\/eivissa\/wp-content\/uploads\/Captura-de-Pantalla-2021-01-29-a-les-17.36.42.png\",\"datePublished\":\"2021-01-29T16:48:33+00:00\",\"dateModified\":\"2021-01-29T16:50:27+00:00\",\"breadcrumb\":{\"@id\":\"https:\/\/www.psib-psoe.org\/eivissa\/el-grup-psoe-del-consell-insular-denuncia-la-campanya-de-la-por-i-la-manipulacio-del-pp-deivissa-respecte-als-pactes-successoris\/#breadcrumb\"},\"inLanguage\":\"ca\",\"potentialAction\":[{\"@type\":\"ReadAction\",\"target\":[\"https:\/\/www.psib-psoe.org\/eivissa\/el-grup-psoe-del-consell-insular-denuncia-la-campanya-de-la-por-i-la-manipulacio-del-pp-deivissa-respecte-als-pactes-successoris\/\"]}]},{\"@type\":\"ImageObject\",\"inLanguage\":\"ca\",\"@id\":\"https:\/\/www.psib-psoe.org\/eivissa\/el-grup-psoe-del-consell-insular-denuncia-la-campanya-de-la-por-i-la-manipulacio-del-pp-deivissa-respecte-als-pactes-successoris\/#primaryimage\",\"url\":\"https:\/\/www.psib-psoe.org\/eivissa\/wp-content\/uploads\/Captura-de-Pantalla-2021-01-29-a-les-17.36.42.png\",\"contentUrl\":\"https:\/\/www.psib-psoe.org\/eivissa\/wp-content\/uploads\/Captura-de-Pantalla-2021-01-29-a-les-17.36.42.png\",\"width\":1808,\"height\":1018},{\"@type\":\"BreadcrumbList\",\"@id\":\"https:\/\/www.psib-psoe.org\/eivissa\/el-grup-psoe-del-consell-insular-denuncia-la-campanya-de-la-por-i-la-manipulacio-del-pp-deivissa-respecte-als-pactes-successoris\/#breadcrumb\",\"itemListElement\":[{\"@type\":\"ListItem\",\"position\":1,\"name\":\"Inici\",\"item\":\"https:\/\/www.psib-psoe.org\/eivissa\/\"},{\"@type\":\"ListItem\",\"position\":2,\"name\":\"El grup PSOE del Consell Insular denuncia la &#8220;campanya de la por i la manipulaci\u00f3&#8221; del PP d&#8217;Eivissa respecte als pactes successoris\"}]},{\"@type\":\"WebSite\",\"@id\":\"https:\/\/www.psib-psoe.org\/eivissa\/#website\",\"url\":\"https:\/\/www.psib-psoe.org\/eivissa\/\",\"name\":\"Federaci\u00f3 Socialista d'Eivissa\",\"description\":\"Socialistes d&#039;Eivissa\",\"publisher\":{\"@id\":\"https:\/\/www.psib-psoe.org\/eivissa\/#organization\"},\"potentialAction\":[{\"@type\":\"SearchAction\",\"target\":{\"@type\":\"EntryPoint\",\"urlTemplate\":\"https:\/\/www.psib-psoe.org\/eivissa\/?s={search_term_string}\"},\"query-input\":{\"@type\":\"PropertyValueSpecification\",\"valueRequired\":true,\"valueName\":\"search_term_string\"}}],\"inLanguage\":\"ca\"},{\"@type\":\"Organization\",\"@id\":\"https:\/\/www.psib-psoe.org\/eivissa\/#organization\",\"name\":\"Federaci\u00f3 Socialista d'Eivissa\",\"url\":\"https:\/\/www.psib-psoe.org\/eivissa\/\",\"logo\":{\"@type\":\"ImageObject\",\"inLanguage\":\"ca\",\"@id\":\"https:\/\/www.psib-psoe.org\/eivissa\/#\/schema\/logo\/image\/\",\"url\":\"https:\/\/www.psib-psoe.org\/eivissa\/wp-content\/uploads\/LOGO-FSE-SOCIALISTA-DEIVISSA-HORI.png\",\"contentUrl\":\"https:\/\/www.psib-psoe.org\/eivissa\/wp-content\/uploads\/LOGO-FSE-SOCIALISTA-DEIVISSA-HORI.png\",\"width\":6000,\"height\":3104,\"caption\":\"Federaci\u00f3 Socialista d'Eivissa\"},\"image\":{\"@id\":\"https:\/\/www.psib-psoe.org\/eivissa\/#\/schema\/logo\/image\/\"}},{\"@type\":\"Person\",\"@id\":\"https:\/\/www.psib-psoe.org\/eivissa\/#\/schema\/person\/7a9d2841fb36f32e34fc0e9b245e8117\",\"name\":\"Josep Ripoll\",\"sameAs\":[\"http:\/\/www.psib-psoe.org\/eivissa\/wp-login.php\"],\"url\":\"https:\/\/www.psib-psoe.org\/eivissa\/author\/josep\/\"}]}<\/script>\n<!-- \/ Yoast SEO plugin. -->","yoast_head_json":{"title":"El grup PSOE del Consell Insular denuncia la \"campanya de la por i la manipulaci\u00f3\" del PP d'Eivissa respecte als pactes successoris - Federaci\u00f3 Socialista d&#039;Eivissa","robots":{"index":"index","follow":"follow","max-snippet":"max-snippet:-1","max-image-preview":"max-image-preview:large","max-video-preview":"max-video-preview:-1"},"canonical":"https:\/\/www.psib-psoe.org\/eivissa\/el-grup-psoe-del-consell-insular-denuncia-la-campanya-de-la-por-i-la-manipulacio-del-pp-deivissa-respecte-als-pactes-successoris\/","og_locale":"ca_ES","og_type":"article","og_title":"El grup PSOE del Consell Insular denuncia la \"campanya de la por i la manipulaci\u00f3\" del PP d'Eivissa respecte als pactes successoris - Federaci\u00f3 Socialista d&#039;Eivissa","og_description":"El grup PSOE del Consell Insular d&#8217;Eivissa ha denunciat la &#8220;campanya de la por i la manipulaci\u00f3&#8221; del PP respecte als pactes successoris. La llei antifrau &#8220;no toca les her\u00e8ncies en vida, que se seguiran fent i tributant a l&#8217;1%&#8221;, ha remarcat l&#8217;anterior president i portaveu socialista, Vicent Torres en el ple de la instituci\u00f3&hellip;","og_url":"https:\/\/www.psib-psoe.org\/eivissa\/el-grup-psoe-del-consell-insular-denuncia-la-campanya-de-la-por-i-la-manipulacio-del-pp-deivissa-respecte-als-pactes-successoris\/","og_site_name":"Federaci\u00f3 Socialista d&#039;Eivissa","article_published_time":"2021-01-29T16:48:33+00:00","article_modified_time":"2021-01-29T16:50:27+00:00","og_image":[{"width":1808,"height":1018,"url":"https:\/\/www.psib-psoe.org\/eivissa\/wp-content\/uploads\/Captura-de-Pantalla-2021-01-29-a-les-17.36.42.png","type":"image\/png"}],"author":"Josep Ripoll","twitter_card":"summary_large_image","twitter_misc":{"Escrit per":"Josep Ripoll","Temps estimat de lectura":"5 minuts"},"schema":{"@context":"https:\/\/schema.org","@graph":[{"@type":["Article","BlogPosting"],"@id":"https:\/\/www.psib-psoe.org\/eivissa\/el-grup-psoe-del-consell-insular-denuncia-la-campanya-de-la-por-i-la-manipulacio-del-pp-deivissa-respecte-als-pactes-successoris\/#article","isPartOf":{"@id":"https:\/\/www.psib-psoe.org\/eivissa\/el-grup-psoe-del-consell-insular-denuncia-la-campanya-de-la-por-i-la-manipulacio-del-pp-deivissa-respecte-als-pactes-successoris\/"},"author":{"name":"Josep Ripoll","@id":"https:\/\/www.psib-psoe.org\/eivissa\/#\/schema\/person\/7a9d2841fb36f32e34fc0e9b245e8117"},"headline":"El grup PSOE del Consell Insular denuncia la &#8220;campanya de la por i la manipulaci\u00f3&#8221; del PP d&#8217;Eivissa respecte als pactes successoris","datePublished":"2021-01-29T16:48:33+00:00","dateModified":"2021-01-29T16:50:27+00:00","mainEntityOfPage":{"@id":"https:\/\/www.psib-psoe.org\/eivissa\/el-grup-psoe-del-consell-insular-denuncia-la-campanya-de-la-por-i-la-manipulacio-del-pp-deivissa-respecte-als-pactes-successoris\/"},"wordCount":1025,"publisher":{"@id":"https:\/\/www.psib-psoe.org\/eivissa\/#organization"},"image":{"@id":"https:\/\/www.psib-psoe.org\/eivissa\/el-grup-psoe-del-consell-insular-denuncia-la-campanya-de-la-por-i-la-manipulacio-del-pp-deivissa-respecte-als-pactes-successoris\/#primaryimage"},"thumbnailUrl":"https:\/\/www.psib-psoe.org\/eivissa\/wp-content\/uploads\/Captura-de-Pantalla-2021-01-29-a-les-17.36.42.png","articleSection":["Consell d'Eivissa","Federaci\u00f3 d'Eivissa - Portada"],"inLanguage":"ca"},{"@type":"WebPage","@id":"https:\/\/www.psib-psoe.org\/eivissa\/el-grup-psoe-del-consell-insular-denuncia-la-campanya-de-la-por-i-la-manipulacio-del-pp-deivissa-respecte-als-pactes-successoris\/","url":"https:\/\/www.psib-psoe.org\/eivissa\/el-grup-psoe-del-consell-insular-denuncia-la-campanya-de-la-por-i-la-manipulacio-del-pp-deivissa-respecte-als-pactes-successoris\/","name":"El grup PSOE del Consell Insular denuncia la \"campanya de la por i la manipulaci\u00f3\" del PP d'Eivissa respecte als pactes successoris - Federaci\u00f3 Socialista d&#039;Eivissa","isPartOf":{"@id":"https:\/\/www.psib-psoe.org\/eivissa\/#website"},"primaryImageOfPage":{"@id":"https:\/\/www.psib-psoe.org\/eivissa\/el-grup-psoe-del-consell-insular-denuncia-la-campanya-de-la-por-i-la-manipulacio-del-pp-deivissa-respecte-als-pactes-successoris\/#primaryimage"},"image":{"@id":"https:\/\/www.psib-psoe.org\/eivissa\/el-grup-psoe-del-consell-insular-denuncia-la-campanya-de-la-por-i-la-manipulacio-del-pp-deivissa-respecte-als-pactes-successoris\/#primaryimage"},"thumbnailUrl":"https:\/\/www.psib-psoe.org\/eivissa\/wp-content\/uploads\/Captura-de-Pantalla-2021-01-29-a-les-17.36.42.png","datePublished":"2021-01-29T16:48:33+00:00","dateModified":"2021-01-29T16:50:27+00:00","breadcrumb":{"@id":"https:\/\/www.psib-psoe.org\/eivissa\/el-grup-psoe-del-consell-insular-denuncia-la-campanya-de-la-por-i-la-manipulacio-del-pp-deivissa-respecte-als-pactes-successoris\/#breadcrumb"},"inLanguage":"ca","potentialAction":[{"@type":"ReadAction","target":["https:\/\/www.psib-psoe.org\/eivissa\/el-grup-psoe-del-consell-insular-denuncia-la-campanya-de-la-por-i-la-manipulacio-del-pp-deivissa-respecte-als-pactes-successoris\/"]}]},{"@type":"ImageObject","inLanguage":"ca","@id":"https:\/\/www.psib-psoe.org\/eivissa\/el-grup-psoe-del-consell-insular-denuncia-la-campanya-de-la-por-i-la-manipulacio-del-pp-deivissa-respecte-als-pactes-successoris\/#primaryimage","url":"https:\/\/www.psib-psoe.org\/eivissa\/wp-content\/uploads\/Captura-de-Pantalla-2021-01-29-a-les-17.36.42.png","contentUrl":"https:\/\/www.psib-psoe.org\/eivissa\/wp-content\/uploads\/Captura-de-Pantalla-2021-01-29-a-les-17.36.42.png","width":1808,"height":1018},{"@type":"BreadcrumbList","@id":"https:\/\/www.psib-psoe.org\/eivissa\/el-grup-psoe-del-consell-insular-denuncia-la-campanya-de-la-por-i-la-manipulacio-del-pp-deivissa-respecte-als-pactes-successoris\/#breadcrumb","itemListElement":[{"@type":"ListItem","position":1,"name":"Inici","item":"https:\/\/www.psib-psoe.org\/eivissa\/"},{"@type":"ListItem","position":2,"name":"El grup PSOE del Consell Insular denuncia la &#8220;campanya de la por i la manipulaci\u00f3&#8221; del PP d&#8217;Eivissa respecte als pactes successoris"}]},{"@type":"WebSite","@id":"https:\/\/www.psib-psoe.org\/eivissa\/#website","url":"https:\/\/www.psib-psoe.org\/eivissa\/","name":"Federaci\u00f3 Socialista d'Eivissa","description":"Socialistes d&#039;Eivissa","publisher":{"@id":"https:\/\/www.psib-psoe.org\/eivissa\/#organization"},"potentialAction":[{"@type":"SearchAction","target":{"@type":"EntryPoint","urlTemplate":"https:\/\/www.psib-psoe.org\/eivissa\/?s={search_term_string}"},"query-input":{"@type":"PropertyValueSpecification","valueRequired":true,"valueName":"search_term_string"}}],"inLanguage":"ca"},{"@type":"Organization","@id":"https:\/\/www.psib-psoe.org\/eivissa\/#organization","name":"Federaci\u00f3 Socialista d'Eivissa","url":"https:\/\/www.psib-psoe.org\/eivissa\/","logo":{"@type":"ImageObject","inLanguage":"ca","@id":"https:\/\/www.psib-psoe.org\/eivissa\/#\/schema\/logo\/image\/","url":"https:\/\/www.psib-psoe.org\/eivissa\/wp-content\/uploads\/LOGO-FSE-SOCIALISTA-DEIVISSA-HORI.png","contentUrl":"https:\/\/www.psib-psoe.org\/eivissa\/wp-content\/uploads\/LOGO-FSE-SOCIALISTA-DEIVISSA-HORI.png","width":6000,"height":3104,"caption":"Federaci\u00f3 Socialista d'Eivissa"},"image":{"@id":"https:\/\/www.psib-psoe.org\/eivissa\/#\/schema\/logo\/image\/"}},{"@type":"Person","@id":"https:\/\/www.psib-psoe.org\/eivissa\/#\/schema\/person\/7a9d2841fb36f32e34fc0e9b245e8117","name":"Josep Ripoll","sameAs":["http:\/\/www.psib-psoe.org\/eivissa\/wp-login.php"],"url":"https:\/\/www.psib-psoe.org\/eivissa\/author\/josep\/"}]}},"_links":{"self":[{"href":"https:\/\/www.psib-psoe.org\/eivissa\/wp-json\/wp\/v2\/posts\/32662","targetHints":{"allow":["GET"]}}],"collection":[{"href":"https:\/\/www.psib-psoe.org\/eivissa\/wp-json\/wp\/v2\/posts"}],"about":[{"href":"https:\/\/www.psib-psoe.org\/eivissa\/wp-json\/wp\/v2\/types\/post"}],"author":[{"embeddable":true,"href":"https:\/\/www.psib-psoe.org\/eivissa\/wp-json\/wp\/v2\/users\/7"}],"replies":[{"embeddable":true,"href":"https:\/\/www.psib-psoe.org\/eivissa\/wp-json\/wp\/v2\/comments?post=32662"}],"version-history":[{"count":2,"href":"https:\/\/www.psib-psoe.org\/eivissa\/wp-json\/wp\/v2\/posts\/32662\/revisions"}],"predecessor-version":[{"id":32668,"href":"https:\/\/www.psib-psoe.org\/eivissa\/wp-json\/wp\/v2\/posts\/32662\/revisions\/32668"}],"wp:featuredmedia":[{"embeddable":true,"href":"https:\/\/www.psib-psoe.org\/eivissa\/wp-json\/wp\/v2\/media\/32663"}],"wp:attachment":[{"href":"https:\/\/www.psib-psoe.org\/eivissa\/wp-json\/wp\/v2\/media?parent=32662"}],"wp:term":[{"taxonomy":"category","embeddable":true,"href":"https:\/\/www.psib-psoe.org\/eivissa\/wp-json\/wp\/v2\/categories?post=32662"},{"taxonomy":"post_tag","embeddable":true,"href":"https:\/\/www.psib-psoe.org\/eivissa\/wp-json\/wp\/v2\/tags?post=32662"}],"curies":[{"name":"wp","href":"https:\/\/api.w.org\/{rel}","templated":true}]}}