{"id":32681,"date":"2021-02-03T18:33:13","date_gmt":"2021-02-03T16:33:13","guid":{"rendered":"https:\/\/www.psib-psoe.org\/eivissa\/?p=32681"},"modified":"2021-02-03T18:33:13","modified_gmt":"2021-02-03T16:33:13","slug":"la-fse-psoe-exigeix-a-vicent-mari-que-deixi-de-protegir-a-la-consellera-transfuga-i-a-aquesta-que-retorni-lacta-del-grup-socialista","status":"publish","type":"post","link":"https:\/\/www.psib-psoe.org\/eivissa\/la-fse-psoe-exigeix-a-vicent-mari-que-deixi-de-protegir-a-la-consellera-transfuga-i-a-aquesta-que-retorni-lacta-del-grup-socialista\/","title":{"rendered":"La FSE-PSOE exigeix a Vicent Mar\u00ed que deixi de protegir a la consellera tr\u00e0nsfuga i a aquesta que retorni l&#8217;acta del grup Socialista"},"content":{"rendered":"<p>La Federaci\u00f3 Socialista d&#8217;Eivissa (FSE-PSOE) exigeix al president del Consell Insular, Vicent Mar\u00ed, que deixi de protegir a la consellera tr\u00e0nsfuga, Marta D\u00edaz, i que li retiri el salari que correspon al grup socialista. Consideram un frau a la ciutadania que un c\u00e0rrec pol\u00edtic escollit amb vots socialistes s&#8217;utilitzi en contra del PSOE. Vicent Mar\u00ed protegeix Marta D\u00edaz perqu\u00e8 li interessa que continu\u00ef al Ple del Consell d&#8217;Eivissa donant suport al seu executiu i atacant els governs socialistes, que \u00e9s l&#8217;\u00fanic que es dedica a fer Marta D\u00edaz d&#8217;en\u00e7\u00e0 que el partit li va obrir expedient d&#8217;expulsi\u00f3 i va abandonar el PSOE.<\/p>\n<p>La FSE-PSOE confia que la investigaci\u00f3 oberta per l&#8217;Oficina de Prevenci\u00f3 i Lluita contra la Corrupci\u00f3 arribi fins al fons i aclareixi absolutament totes les acusacions contra D\u00edaz. Al mateix temps, mentre es fa la investigaci\u00f3, exigim al Partit Popular que deixi de protegir a la consellera, qui utilitza el sou posat per Vicent Mar\u00ed i aprofita l&#8217;acta de consellera, escollida amb els vots del PSOE, per atacar als governs socialistes i donar suport al govern del PP i Ciutadans.<\/p>\n<p>La FSE-PSOE insisteix que el Ple \u00e9s l&#8217;\u00f2rgan que t\u00e9 la potestat d&#8217;assignar les retribucions econ\u00f2miques i que, el sou assignat a Marta D\u00edaz, s&#8217;hauria de retornar al grup Socialista. No obstant aix\u00f2, el PP i Cs han pactat amb la consellera tr\u00e0nsfuga mantenir-li la retribuci\u00f3 econ\u00f2mica a canvi del seu suport en el Ple, com s&#8217;ha vist en totes les votacions de l&#8217;\u00faltim any, i perqu\u00e8 ataqui al Partit Socialista.<\/p>\n<p>La consellera va dir, en el seu moment, que mantenia l&#8217;acta perqu\u00e8 volia &#8220;defensar el seu honor&#8221;. Res d&#8217;aix\u00f2 est\u00e0 fent, ja que el seu \u00fanic paper al Ple del Consell Insular \u00e9s el d&#8217;atacar als governs socialistes i donar suport a les pol\u00edtiques de Vicent Mar\u00ed. La FSE-PSOE exigeix una vegada m\u00e9s a D\u00edaz que dimiteixi perqu\u00e8 l&#8217;acta la pugui ocupar un conseller o consellera socialista, com aix\u00ed varen decidir els i les votants en les eleccions insulars del 2019.<\/p>\n","protected":false},"excerpt":{"rendered":"<p>La Federaci\u00f3 Socialista d&#8217;Eivissa (FSE-PSOE) exigeix al president del Consell Insular, Vicent Mar\u00ed, que deixi de protegir a la consellera tr\u00e0nsfuga, Marta D\u00edaz, i que li retiri el salari que correspon al grup socialista. Consideram un frau a la ciutadania que un c\u00e0rrec pol\u00edtic escollit amb vots socialistes s&#8217;utilitzi en contra del PSOE. Vicent Mar\u00ed&hellip;<\/p>\n","protected":false},"author":7,"featured_media":31713,"comment_status":"closed","ping_status":"closed","sticky":false,"template":"","format":"standard","meta":{"footnotes":""},"categories":[192,1],"tags":[],"class_list":["post-32681","post","type-post","status-publish","format-standard","has-post-thumbnail","hentry","category-consell-deivissa","category-federacio-de-eivissa-portada"],"yoast_head":"<!-- This site is optimized with the Yoast SEO plugin v26.9 - https:\/\/yoast.com\/product\/yoast-seo-wordpress\/ -->\n<title>La FSE-PSOE exigeix a Vicent Mar\u00ed que deixi de protegir a la consellera tr\u00e0nsfuga i a aquesta que retorni l&#039;acta del grup Socialista - Federaci\u00f3 Socialista d&#039;Eivissa<\/title>\n<meta name=\"robots\" content=\"index, follow, max-snippet:-1, max-image-preview:large, max-video-preview:-1\" \/>\n<link rel=\"canonical\" href=\"https:\/\/www.psib-psoe.org\/eivissa\/la-fse-psoe-exigeix-a-vicent-mari-que-deixi-de-protegir-a-la-consellera-transfuga-i-a-aquesta-que-retorni-lacta-del-grup-socialista\/\" \/>\n<meta property=\"og:locale\" content=\"ca_ES\" \/>\n<meta property=\"og:type\" content=\"article\" \/>\n<meta property=\"og:title\" content=\"La FSE-PSOE exigeix a Vicent Mar\u00ed que deixi de protegir a la consellera tr\u00e0nsfuga i a aquesta que retorni l&#039;acta del grup Socialista - Federaci\u00f3 Socialista d&#039;Eivissa\" \/>\n<meta property=\"og:description\" content=\"La Federaci\u00f3 Socialista d&#8217;Eivissa (FSE-PSOE) exigeix al president del Consell Insular, Vicent Mar\u00ed, que deixi de protegir a la consellera tr\u00e0nsfuga, Marta D\u00edaz, i que li retiri el salari que correspon al grup socialista. Consideram un frau a la ciutadania que un c\u00e0rrec pol\u00edtic escollit amb vots socialistes s&#8217;utilitzi en contra del PSOE. Vicent Mar\u00ed&hellip;\" \/>\n<meta property=\"og:url\" content=\"https:\/\/www.psib-psoe.org\/eivissa\/la-fse-psoe-exigeix-a-vicent-mari-que-deixi-de-protegir-a-la-consellera-transfuga-i-a-aquesta-que-retorni-lacta-del-grup-socialista\/\" \/>\n<meta property=\"og:site_name\" content=\"Federaci\u00f3 Socialista d&#039;Eivissa\" \/>\n<meta property=\"article:published_time\" content=\"2021-02-03T16:33:13+00:00\" \/>\n<meta property=\"og:image\" content=\"https:\/\/www.psib-psoe.org\/eivissa\/wp-content\/uploads\/foto-edifici-consell-transparencia.jpg\" \/>\n\t<meta property=\"og:image:width\" content=\"746\" \/>\n\t<meta property=\"og:image:height\" content=\"381\" \/>\n\t<meta property=\"og:image:type\" content=\"image\/jpeg\" \/>\n<meta name=\"author\" content=\"Josep Ripoll\" \/>\n<meta name=\"twitter:card\" content=\"summary_large_image\" \/>\n<meta name=\"twitter:label1\" content=\"Escrit per\" \/>\n\t<meta name=\"twitter:data1\" content=\"Josep Ripoll\" \/>\n\t<meta name=\"twitter:label2\" content=\"Temps estimat de lectura\" \/>\n\t<meta name=\"twitter:data2\" content=\"2 minuts\" \/>\n<script type=\"application\/ld+json\" class=\"yoast-schema-graph\">{\"@context\":\"https:\/\/schema.org\",\"@graph\":[{\"@type\":[\"Article\",\"BlogPosting\"],\"@id\":\"https:\/\/www.psib-psoe.org\/eivissa\/la-fse-psoe-exigeix-a-vicent-mari-que-deixi-de-protegir-a-la-consellera-transfuga-i-a-aquesta-que-retorni-lacta-del-grup-socialista\/#article\",\"isPartOf\":{\"@id\":\"https:\/\/www.psib-psoe.org\/eivissa\/la-fse-psoe-exigeix-a-vicent-mari-que-deixi-de-protegir-a-la-consellera-transfuga-i-a-aquesta-que-retorni-lacta-del-grup-socialista\/\"},\"author\":{\"name\":\"Josep Ripoll\",\"@id\":\"https:\/\/www.psib-psoe.org\/eivissa\/#\/schema\/person\/7a9d2841fb36f32e34fc0e9b245e8117\"},\"headline\":\"La FSE-PSOE exigeix a Vicent Mar\u00ed que deixi de protegir a la consellera tr\u00e0nsfuga i a aquesta que retorni l&#8217;acta del grup Socialista\",\"datePublished\":\"2021-02-03T16:33:13+00:00\",\"mainEntityOfPage\":{\"@id\":\"https:\/\/www.psib-psoe.org\/eivissa\/la-fse-psoe-exigeix-a-vicent-mari-que-deixi-de-protegir-a-la-consellera-transfuga-i-a-aquesta-que-retorni-lacta-del-grup-socialista\/\"},\"wordCount\":374,\"publisher\":{\"@id\":\"https:\/\/www.psib-psoe.org\/eivissa\/#organization\"},\"image\":{\"@id\":\"https:\/\/www.psib-psoe.org\/eivissa\/la-fse-psoe-exigeix-a-vicent-mari-que-deixi-de-protegir-a-la-consellera-transfuga-i-a-aquesta-que-retorni-lacta-del-grup-socialista\/#primaryimage\"},\"thumbnailUrl\":\"https:\/\/www.psib-psoe.org\/eivissa\/wp-content\/uploads\/foto-edifici-consell-transparencia.jpg\",\"articleSection\":[\"Consell d'Eivissa\",\"Federaci\u00f3 d'Eivissa - Portada\"],\"inLanguage\":\"ca\"},{\"@type\":\"WebPage\",\"@id\":\"https:\/\/www.psib-psoe.org\/eivissa\/la-fse-psoe-exigeix-a-vicent-mari-que-deixi-de-protegir-a-la-consellera-transfuga-i-a-aquesta-que-retorni-lacta-del-grup-socialista\/\",\"url\":\"https:\/\/www.psib-psoe.org\/eivissa\/la-fse-psoe-exigeix-a-vicent-mari-que-deixi-de-protegir-a-la-consellera-transfuga-i-a-aquesta-que-retorni-lacta-del-grup-socialista\/\",\"name\":\"La FSE-PSOE exigeix a Vicent Mar\u00ed que deixi de protegir a la consellera tr\u00e0nsfuga i a aquesta que retorni l'acta del grup Socialista - Federaci\u00f3 Socialista d&#039;Eivissa\",\"isPartOf\":{\"@id\":\"https:\/\/www.psib-psoe.org\/eivissa\/#website\"},\"primaryImageOfPage\":{\"@id\":\"https:\/\/www.psib-psoe.org\/eivissa\/la-fse-psoe-exigeix-a-vicent-mari-que-deixi-de-protegir-a-la-consellera-transfuga-i-a-aquesta-que-retorni-lacta-del-grup-socialista\/#primaryimage\"},\"image\":{\"@id\":\"https:\/\/www.psib-psoe.org\/eivissa\/la-fse-psoe-exigeix-a-vicent-mari-que-deixi-de-protegir-a-la-consellera-transfuga-i-a-aquesta-que-retorni-lacta-del-grup-socialista\/#primaryimage\"},\"thumbnailUrl\":\"https:\/\/www.psib-psoe.org\/eivissa\/wp-content\/uploads\/foto-edifici-consell-transparencia.jpg\",\"datePublished\":\"2021-02-03T16:33:13+00:00\",\"breadcrumb\":{\"@id\":\"https:\/\/www.psib-psoe.org\/eivissa\/la-fse-psoe-exigeix-a-vicent-mari-que-deixi-de-protegir-a-la-consellera-transfuga-i-a-aquesta-que-retorni-lacta-del-grup-socialista\/#breadcrumb\"},\"inLanguage\":\"ca\",\"potentialAction\":[{\"@type\":\"ReadAction\",\"target\":[\"https:\/\/www.psib-psoe.org\/eivissa\/la-fse-psoe-exigeix-a-vicent-mari-que-deixi-de-protegir-a-la-consellera-transfuga-i-a-aquesta-que-retorni-lacta-del-grup-socialista\/\"]}]},{\"@type\":\"ImageObject\",\"inLanguage\":\"ca\",\"@id\":\"https:\/\/www.psib-psoe.org\/eivissa\/la-fse-psoe-exigeix-a-vicent-mari-que-deixi-de-protegir-a-la-consellera-transfuga-i-a-aquesta-que-retorni-lacta-del-grup-socialista\/#primaryimage\",\"url\":\"https:\/\/www.psib-psoe.org\/eivissa\/wp-content\/uploads\/foto-edifici-consell-transparencia.jpg\",\"contentUrl\":\"https:\/\/www.psib-psoe.org\/eivissa\/wp-content\/uploads\/foto-edifici-consell-transparencia.jpg\",\"width\":746,\"height\":381},{\"@type\":\"BreadcrumbList\",\"@id\":\"https:\/\/www.psib-psoe.org\/eivissa\/la-fse-psoe-exigeix-a-vicent-mari-que-deixi-de-protegir-a-la-consellera-transfuga-i-a-aquesta-que-retorni-lacta-del-grup-socialista\/#breadcrumb\",\"itemListElement\":[{\"@type\":\"ListItem\",\"position\":1,\"name\":\"Inici\",\"item\":\"https:\/\/www.psib-psoe.org\/eivissa\/\"},{\"@type\":\"ListItem\",\"position\":2,\"name\":\"La FSE-PSOE exigeix a Vicent Mar\u00ed que deixi de protegir a la consellera tr\u00e0nsfuga i a aquesta que retorni l&#8217;acta del grup Socialista\"}]},{\"@type\":\"WebSite\",\"@id\":\"https:\/\/www.psib-psoe.org\/eivissa\/#website\",\"url\":\"https:\/\/www.psib-psoe.org\/eivissa\/\",\"name\":\"Federaci\u00f3 Socialista d'Eivissa\",\"description\":\"Socialistes d&#039;Eivissa\",\"publisher\":{\"@id\":\"https:\/\/www.psib-psoe.org\/eivissa\/#organization\"},\"potentialAction\":[{\"@type\":\"SearchAction\",\"target\":{\"@type\":\"EntryPoint\",\"urlTemplate\":\"https:\/\/www.psib-psoe.org\/eivissa\/?s={search_term_string}\"},\"query-input\":{\"@type\":\"PropertyValueSpecification\",\"valueRequired\":true,\"valueName\":\"search_term_string\"}}],\"inLanguage\":\"ca\"},{\"@type\":\"Organization\",\"@id\":\"https:\/\/www.psib-psoe.org\/eivissa\/#organization\",\"name\":\"Federaci\u00f3 Socialista d'Eivissa\",\"url\":\"https:\/\/www.psib-psoe.org\/eivissa\/\",\"logo\":{\"@type\":\"ImageObject\",\"inLanguage\":\"ca\",\"@id\":\"https:\/\/www.psib-psoe.org\/eivissa\/#\/schema\/logo\/image\/\",\"url\":\"https:\/\/www.psib-psoe.org\/eivissa\/wp-content\/uploads\/LOGO-FSE-SOCIALISTA-DEIVISSA-HORI.png\",\"contentUrl\":\"https:\/\/www.psib-psoe.org\/eivissa\/wp-content\/uploads\/LOGO-FSE-SOCIALISTA-DEIVISSA-HORI.png\",\"width\":6000,\"height\":3104,\"caption\":\"Federaci\u00f3 Socialista d'Eivissa\"},\"image\":{\"@id\":\"https:\/\/www.psib-psoe.org\/eivissa\/#\/schema\/logo\/image\/\"}},{\"@type\":\"Person\",\"@id\":\"https:\/\/www.psib-psoe.org\/eivissa\/#\/schema\/person\/7a9d2841fb36f32e34fc0e9b245e8117\",\"name\":\"Josep Ripoll\",\"sameAs\":[\"http:\/\/www.psib-psoe.org\/eivissa\/wp-login.php\"],\"url\":\"https:\/\/www.psib-psoe.org\/eivissa\/author\/josep\/\"}]}<\/script>\n<!-- \/ Yoast SEO plugin. -->","yoast_head_json":{"title":"La FSE-PSOE exigeix a Vicent Mar\u00ed que deixi de protegir a la consellera tr\u00e0nsfuga i a aquesta que retorni l'acta del grup Socialista - Federaci\u00f3 Socialista d&#039;Eivissa","robots":{"index":"index","follow":"follow","max-snippet":"max-snippet:-1","max-image-preview":"max-image-preview:large","max-video-preview":"max-video-preview:-1"},"canonical":"https:\/\/www.psib-psoe.org\/eivissa\/la-fse-psoe-exigeix-a-vicent-mari-que-deixi-de-protegir-a-la-consellera-transfuga-i-a-aquesta-que-retorni-lacta-del-grup-socialista\/","og_locale":"ca_ES","og_type":"article","og_title":"La FSE-PSOE exigeix a Vicent Mar\u00ed que deixi de protegir a la consellera tr\u00e0nsfuga i a aquesta que retorni l'acta del grup Socialista - Federaci\u00f3 Socialista d&#039;Eivissa","og_description":"La Federaci\u00f3 Socialista d&#8217;Eivissa (FSE-PSOE) exigeix al president del Consell Insular, Vicent Mar\u00ed, que deixi de protegir a la consellera tr\u00e0nsfuga, Marta D\u00edaz, i que li retiri el salari que correspon al grup socialista. Consideram un frau a la ciutadania que un c\u00e0rrec pol\u00edtic escollit amb vots socialistes s&#8217;utilitzi en contra del PSOE. Vicent Mar\u00ed&hellip;","og_url":"https:\/\/www.psib-psoe.org\/eivissa\/la-fse-psoe-exigeix-a-vicent-mari-que-deixi-de-protegir-a-la-consellera-transfuga-i-a-aquesta-que-retorni-lacta-del-grup-socialista\/","og_site_name":"Federaci\u00f3 Socialista d&#039;Eivissa","article_published_time":"2021-02-03T16:33:13+00:00","og_image":[{"width":746,"height":381,"url":"https:\/\/www.psib-psoe.org\/eivissa\/wp-content\/uploads\/foto-edifici-consell-transparencia.jpg","type":"image\/jpeg"}],"author":"Josep Ripoll","twitter_card":"summary_large_image","twitter_misc":{"Escrit per":"Josep Ripoll","Temps estimat de lectura":"2 minuts"},"schema":{"@context":"https:\/\/schema.org","@graph":[{"@type":["Article","BlogPosting"],"@id":"https:\/\/www.psib-psoe.org\/eivissa\/la-fse-psoe-exigeix-a-vicent-mari-que-deixi-de-protegir-a-la-consellera-transfuga-i-a-aquesta-que-retorni-lacta-del-grup-socialista\/#article","isPartOf":{"@id":"https:\/\/www.psib-psoe.org\/eivissa\/la-fse-psoe-exigeix-a-vicent-mari-que-deixi-de-protegir-a-la-consellera-transfuga-i-a-aquesta-que-retorni-lacta-del-grup-socialista\/"},"author":{"name":"Josep Ripoll","@id":"https:\/\/www.psib-psoe.org\/eivissa\/#\/schema\/person\/7a9d2841fb36f32e34fc0e9b245e8117"},"headline":"La FSE-PSOE exigeix a Vicent Mar\u00ed que deixi de protegir a la consellera tr\u00e0nsfuga i a aquesta que retorni l&#8217;acta del grup Socialista","datePublished":"2021-02-03T16:33:13+00:00","mainEntityOfPage":{"@id":"https:\/\/www.psib-psoe.org\/eivissa\/la-fse-psoe-exigeix-a-vicent-mari-que-deixi-de-protegir-a-la-consellera-transfuga-i-a-aquesta-que-retorni-lacta-del-grup-socialista\/"},"wordCount":374,"publisher":{"@id":"https:\/\/www.psib-psoe.org\/eivissa\/#organization"},"image":{"@id":"https:\/\/www.psib-psoe.org\/eivissa\/la-fse-psoe-exigeix-a-vicent-mari-que-deixi-de-protegir-a-la-consellera-transfuga-i-a-aquesta-que-retorni-lacta-del-grup-socialista\/#primaryimage"},"thumbnailUrl":"https:\/\/www.psib-psoe.org\/eivissa\/wp-content\/uploads\/foto-edifici-consell-transparencia.jpg","articleSection":["Consell d'Eivissa","Federaci\u00f3 d'Eivissa - Portada"],"inLanguage":"ca"},{"@type":"WebPage","@id":"https:\/\/www.psib-psoe.org\/eivissa\/la-fse-psoe-exigeix-a-vicent-mari-que-deixi-de-protegir-a-la-consellera-transfuga-i-a-aquesta-que-retorni-lacta-del-grup-socialista\/","url":"https:\/\/www.psib-psoe.org\/eivissa\/la-fse-psoe-exigeix-a-vicent-mari-que-deixi-de-protegir-a-la-consellera-transfuga-i-a-aquesta-que-retorni-lacta-del-grup-socialista\/","name":"La FSE-PSOE exigeix a Vicent Mar\u00ed que deixi de protegir a la consellera tr\u00e0nsfuga i a aquesta que retorni l'acta del grup Socialista - Federaci\u00f3 Socialista d&#039;Eivissa","isPartOf":{"@id":"https:\/\/www.psib-psoe.org\/eivissa\/#website"},"primaryImageOfPage":{"@id":"https:\/\/www.psib-psoe.org\/eivissa\/la-fse-psoe-exigeix-a-vicent-mari-que-deixi-de-protegir-a-la-consellera-transfuga-i-a-aquesta-que-retorni-lacta-del-grup-socialista\/#primaryimage"},"image":{"@id":"https:\/\/www.psib-psoe.org\/eivissa\/la-fse-psoe-exigeix-a-vicent-mari-que-deixi-de-protegir-a-la-consellera-transfuga-i-a-aquesta-que-retorni-lacta-del-grup-socialista\/#primaryimage"},"thumbnailUrl":"https:\/\/www.psib-psoe.org\/eivissa\/wp-content\/uploads\/foto-edifici-consell-transparencia.jpg","datePublished":"2021-02-03T16:33:13+00:00","breadcrumb":{"@id":"https:\/\/www.psib-psoe.org\/eivissa\/la-fse-psoe-exigeix-a-vicent-mari-que-deixi-de-protegir-a-la-consellera-transfuga-i-a-aquesta-que-retorni-lacta-del-grup-socialista\/#breadcrumb"},"inLanguage":"ca","potentialAction":[{"@type":"ReadAction","target":["https:\/\/www.psib-psoe.org\/eivissa\/la-fse-psoe-exigeix-a-vicent-mari-que-deixi-de-protegir-a-la-consellera-transfuga-i-a-aquesta-que-retorni-lacta-del-grup-socialista\/"]}]},{"@type":"ImageObject","inLanguage":"ca","@id":"https:\/\/www.psib-psoe.org\/eivissa\/la-fse-psoe-exigeix-a-vicent-mari-que-deixi-de-protegir-a-la-consellera-transfuga-i-a-aquesta-que-retorni-lacta-del-grup-socialista\/#primaryimage","url":"https:\/\/www.psib-psoe.org\/eivissa\/wp-content\/uploads\/foto-edifici-consell-transparencia.jpg","contentUrl":"https:\/\/www.psib-psoe.org\/eivissa\/wp-content\/uploads\/foto-edifici-consell-transparencia.jpg","width":746,"height":381},{"@type":"BreadcrumbList","@id":"https:\/\/www.psib-psoe.org\/eivissa\/la-fse-psoe-exigeix-a-vicent-mari-que-deixi-de-protegir-a-la-consellera-transfuga-i-a-aquesta-que-retorni-lacta-del-grup-socialista\/#breadcrumb","itemListElement":[{"@type":"ListItem","position":1,"name":"Inici","item":"https:\/\/www.psib-psoe.org\/eivissa\/"},{"@type":"ListItem","position":2,"name":"La FSE-PSOE exigeix a Vicent Mar\u00ed que deixi de protegir a la consellera tr\u00e0nsfuga i a aquesta que retorni l&#8217;acta del grup Socialista"}]},{"@type":"WebSite","@id":"https:\/\/www.psib-psoe.org\/eivissa\/#website","url":"https:\/\/www.psib-psoe.org\/eivissa\/","name":"Federaci\u00f3 Socialista d'Eivissa","description":"Socialistes d&#039;Eivissa","publisher":{"@id":"https:\/\/www.psib-psoe.org\/eivissa\/#organization"},"potentialAction":[{"@type":"SearchAction","target":{"@type":"EntryPoint","urlTemplate":"https:\/\/www.psib-psoe.org\/eivissa\/?s={search_term_string}"},"query-input":{"@type":"PropertyValueSpecification","valueRequired":true,"valueName":"search_term_string"}}],"inLanguage":"ca"},{"@type":"Organization","@id":"https:\/\/www.psib-psoe.org\/eivissa\/#organization","name":"Federaci\u00f3 Socialista d'Eivissa","url":"https:\/\/www.psib-psoe.org\/eivissa\/","logo":{"@type":"ImageObject","inLanguage":"ca","@id":"https:\/\/www.psib-psoe.org\/eivissa\/#\/schema\/logo\/image\/","url":"https:\/\/www.psib-psoe.org\/eivissa\/wp-content\/uploads\/LOGO-FSE-SOCIALISTA-DEIVISSA-HORI.png","contentUrl":"https:\/\/www.psib-psoe.org\/eivissa\/wp-content\/uploads\/LOGO-FSE-SOCIALISTA-DEIVISSA-HORI.png","width":6000,"height":3104,"caption":"Federaci\u00f3 Socialista d'Eivissa"},"image":{"@id":"https:\/\/www.psib-psoe.org\/eivissa\/#\/schema\/logo\/image\/"}},{"@type":"Person","@id":"https:\/\/www.psib-psoe.org\/eivissa\/#\/schema\/person\/7a9d2841fb36f32e34fc0e9b245e8117","name":"Josep Ripoll","sameAs":["http:\/\/www.psib-psoe.org\/eivissa\/wp-login.php"],"url":"https:\/\/www.psib-psoe.org\/eivissa\/author\/josep\/"}]}},"_links":{"self":[{"href":"https:\/\/www.psib-psoe.org\/eivissa\/wp-json\/wp\/v2\/posts\/32681","targetHints":{"allow":["GET"]}}],"collection":[{"href":"https:\/\/www.psib-psoe.org\/eivissa\/wp-json\/wp\/v2\/posts"}],"about":[{"href":"https:\/\/www.psib-psoe.org\/eivissa\/wp-json\/wp\/v2\/types\/post"}],"author":[{"embeddable":true,"href":"https:\/\/www.psib-psoe.org\/eivissa\/wp-json\/wp\/v2\/users\/7"}],"replies":[{"embeddable":true,"href":"https:\/\/www.psib-psoe.org\/eivissa\/wp-json\/wp\/v2\/comments?post=32681"}],"version-history":[{"count":2,"href":"https:\/\/www.psib-psoe.org\/eivissa\/wp-json\/wp\/v2\/posts\/32681\/revisions"}],"predecessor-version":[{"id":32685,"href":"https:\/\/www.psib-psoe.org\/eivissa\/wp-json\/wp\/v2\/posts\/32681\/revisions\/32685"}],"wp:featuredmedia":[{"embeddable":true,"href":"https:\/\/www.psib-psoe.org\/eivissa\/wp-json\/wp\/v2\/media\/31713"}],"wp:attachment":[{"href":"https:\/\/www.psib-psoe.org\/eivissa\/wp-json\/wp\/v2\/media?parent=32681"}],"wp:term":[{"taxonomy":"category","embeddable":true,"href":"https:\/\/www.psib-psoe.org\/eivissa\/wp-json\/wp\/v2\/categories?post=32681"},{"taxonomy":"post_tag","embeddable":true,"href":"https:\/\/www.psib-psoe.org\/eivissa\/wp-json\/wp\/v2\/tags?post=32681"}],"curies":[{"name":"wp","href":"https:\/\/api.w.org\/{rel}","templated":true}]}}