{"id":32838,"date":"2021-03-08T09:03:45","date_gmt":"2021-03-08T07:03:45","guid":{"rendered":"https:\/\/www.psib-psoe.org\/eivissa\/?p=32838"},"modified":"2021-03-08T10:55:55","modified_gmt":"2021-03-08T08:55:55","slug":"la-fse-psoe-se-suma-a-la-reivindicacion-del-8-de-marzo-y-reclama-mas-politicas-publicas-con-perspectiva-de-genero-pilar-ferrero-recibira-la-insignia-de-la-igualdad-del-partido-en-reconocimiento-a-su","status":"publish","type":"post","link":"https:\/\/www.psib-psoe.org\/eivissa\/la-fse-psoe-se-suma-a-la-reivindicacion-del-8-de-marzo-y-reclama-mas-politicas-publicas-con-perspectiva-de-genero-pilar-ferrero-recibira-la-insignia-de-la-igualdad-del-partido-en-reconocimiento-a-su\/","title":{"rendered":"La FSE-PSOE se suma a la reivindicaci\u00f3n del 8 de marzo y reclama m\u00e1s pol\u00edticas p\u00fablicas con perspectiva de g\u00e9nero"},"content":{"rendered":"<p>La Federaci\u00f3n Socialista de Eivissa (FSE-PSOE) se suma un a\u00f1o m\u00e1s a las reivindicaciones con motivo del 8 de marzo, D\u00eda Internacional de las Mujeres, y este a\u00f1o hace hincapi\u00e9 en c\u00f3mo la crisis de la Covid-19 ha agravado las dificultades que ya sufr\u00edan las mujeres antes de la pandemia. Los y las socialistas consideran que, m\u00e1s que nunca, es momento de reclamar la perspectiva de g\u00e9nero en las pol\u00edticas p\u00fablicas, como \u00fanico camino para conseguir que la salida de esta crisis sanitaria, social y econ\u00f3mica no deje a las mujeres en una situaci\u00f3n m\u00e1s d\u00e9bil de la que ya soportaban.<\/p>\n<p>Seg\u00fan numerosos informes y estad\u00edsticas, en este a\u00f1o de pandemia, las mujeres han perdido m\u00e1s puestos de trabajo que los hombres, han sufrido m\u00e1s ERTE, han ca\u00eddo en m\u00e1s situaciones de pobreza y han tenido que cargar con m\u00e1s trabajos de cuidado que nunca, adem\u00e1s de haber estado en primera l\u00ednea desde diferentes profesiones, soportando una enorme carga de trabajo en el hogar y en el cuidado de la familia, sin dejar de lado la dif\u00edcil situaci\u00f3n de las mujeres que sufren violencia de g\u00e9nero o las v\u00edctimas de la prostituci\u00f3n y la trata, las m\u00e1s vulnerables y oprimidas de nuestro sistema, especialmente castigadas en un a\u00f1o que ha sido muy duro para toda la poblaci\u00f3n. Por todo ello, el secretario general de la FSE-PSOE, Josep Mar\u00ed Ribas, se\u00f1ala que &#8220;es indispensable aplicar pol\u00edticas que tengan perspectiva de g\u00e9nero, que den soluciones espec\u00edficas a la delicada situaci\u00f3n de muchas mujeres, porque esta crisis nos ha demostrado una vez m\u00e1s la importancia de tener administraciones p\u00fablicas fuertes, que puedan estar junto a los que m\u00e1s lo necesitan en momentos tan complicados como los que vivimos&#8221;.<\/p>\n<p><strong>Programa de actos<\/strong><br \/>\nPara conmemorar este 8 de marzo, desde la Secretar\u00eda de Igualdad han organizado diversas actividades para mejorar la formaci\u00f3n e incrementar el debate dentro del partido, as\u00ed como para reconocer el trabajo de compa\u00f1eras que llevan muchos a\u00f1os implicadas de manera muy firme y directa en la lucha por la igualdad real. As\u00ed, este s\u00e1bado se ha entregado a Pilar Ferrero Torres la Insignia de la Igualdad, un distintivo que a partir de ahora se otorgar\u00e1 anualmente alrededor del 8 de marzo. En esta primera edici\u00f3n, el galard\u00f3n reconoce la importante trayectoria de Pilar Ferrero, una de las primeras alcaldesas de la democracia, que fue concejal en el Ayuntamiento de Sant Josep y fundadora de Mujeres Progresistas. Ese mismo a\u00f1o, Ferrero fue tambi\u00e9n reconocida con el premio Meninas 2020, otorgado por el Gobierno Central a personas destacadas por su implicaci\u00f3n en la lucha contra la violencia de g\u00e9nero.<\/p>\n<p>Adem\u00e1s, el jueves tuvo lugar una charla &#8216;online&#8217; abierta a toda la militancia con la diputada nacional y portavoz de Igualdad del Grupo Parlamentario Socialista, Laura Berja, quien explic\u00f3 la agenda feminista que se trabaja desde el Congreso. &#8220;A pesar de la pandemia, desde la FSE seguimos trabajando muy activamente por la igualdad, no s\u00f3lo desde las instituciones a las que tenemos responsabilidades de gobierno o de oposici\u00f3n, sino tambi\u00e9n mejorando la formaci\u00f3n y la concienciaci\u00f3n dentro de nuestro propio partido y reafirmando nuestro compromiso por una igualdad que debe ser transversal y debe estar presente en todo el trabajo que llevamos a cabo&#8221;, explica la secretaria de igualdad de la FSE, Milena Herrera. La FSE regalar\u00e1 a todas las personas que pasen por su sede un lazo violeta para lucir en la solapa durante los pr\u00f3ximos d\u00edas y poder as\u00ed externalizar el compromiso con la igualdad en estas jornadas en torno al 8 de marzo.<\/p>\n","protected":false},"excerpt":{"rendered":"<p>La Federaci\u00f3n Socialista de Eivissa (FSE-PSOE) se suma un a\u00f1o m\u00e1s a las reivindicaciones con motivo del 8 de marzo, D\u00eda Internacional de las Mujeres, y este a\u00f1o hace hincapi\u00e9 en c\u00f3mo la crisis de la Covid-19 ha agravado las dificultades que ya sufr\u00edan las mujeres antes de la pandemia. Los y las socialistas consideran&hellip;<\/p>\n","protected":false},"author":7,"featured_media":32883,"comment_status":"closed","ping_status":"closed","sticky":false,"template":"","format":"standard","meta":{"footnotes":""},"categories":[212],"tags":[],"class_list":["post-32838","post","type-post","status-publish","format-standard","has-post-thumbnail","hentry","category-fse-psoe"],"yoast_head":"<!-- This site is optimized with the Yoast SEO plugin v26.9 - https:\/\/yoast.com\/product\/yoast-seo-wordpress\/ -->\n<title>La FSE-PSOE se suma a la reivindicaci\u00f3n del 8 de marzo y reclama m\u00e1s pol\u00edticas p\u00fablicas con perspectiva de g\u00e9nero - Federaci\u00f3 Socialista d&#039;Eivissa<\/title>\n<meta name=\"robots\" content=\"index, follow, max-snippet:-1, max-image-preview:large, max-video-preview:-1\" \/>\n<link rel=\"canonical\" href=\"https:\/\/www.psib-psoe.org\/eivissa\/la-fse-psoe-se-suma-a-la-reivindicacion-del-8-de-marzo-y-reclama-mas-politicas-publicas-con-perspectiva-de-genero-pilar-ferrero-recibira-la-insignia-de-la-igualdad-del-partido-en-reconocimiento-a-su\/\" \/>\n<meta property=\"og:locale\" content=\"ca_ES\" \/>\n<meta property=\"og:type\" content=\"article\" \/>\n<meta property=\"og:title\" content=\"La FSE-PSOE se suma a la reivindicaci\u00f3n del 8 de marzo y reclama m\u00e1s pol\u00edticas p\u00fablicas con perspectiva de g\u00e9nero - Federaci\u00f3 Socialista d&#039;Eivissa\" \/>\n<meta property=\"og:description\" content=\"La Federaci\u00f3n Socialista de Eivissa (FSE-PSOE) se suma un a\u00f1o m\u00e1s a las reivindicaciones con motivo del 8 de marzo, D\u00eda Internacional de las Mujeres, y este a\u00f1o hace hincapi\u00e9 en c\u00f3mo la crisis de la Covid-19 ha agravado las dificultades que ya sufr\u00edan las mujeres antes de la pandemia. Los y las socialistas consideran&hellip;\" \/>\n<meta property=\"og:url\" content=\"https:\/\/www.psib-psoe.org\/eivissa\/la-fse-psoe-se-suma-a-la-reivindicacion-del-8-de-marzo-y-reclama-mas-politicas-publicas-con-perspectiva-de-genero-pilar-ferrero-recibira-la-insignia-de-la-igualdad-del-partido-en-reconocimiento-a-su\/\" \/>\n<meta property=\"og:site_name\" content=\"Federaci\u00f3 Socialista d&#039;Eivissa\" \/>\n<meta property=\"article:published_time\" content=\"2021-03-08T07:03:45+00:00\" \/>\n<meta property=\"article:modified_time\" content=\"2021-03-08T08:55:55+00:00\" \/>\n<meta property=\"og:image\" content=\"https:\/\/www.psib-psoe.org\/eivissa\/wp-content\/uploads\/igualtat-8M-2021.jpg\" \/>\n\t<meta property=\"og:image:width\" content=\"1220\" \/>\n\t<meta property=\"og:image:height\" content=\"1080\" \/>\n\t<meta property=\"og:image:type\" content=\"image\/jpeg\" \/>\n<meta name=\"author\" content=\"Josep Ripoll\" \/>\n<meta name=\"twitter:card\" content=\"summary_large_image\" \/>\n<meta name=\"twitter:label1\" content=\"Escrit per\" \/>\n\t<meta name=\"twitter:data1\" content=\"Josep Ripoll\" \/>\n\t<meta name=\"twitter:label2\" content=\"Temps estimat de lectura\" \/>\n\t<meta name=\"twitter:data2\" content=\"3 minuts\" \/>\n<script type=\"application\/ld+json\" class=\"yoast-schema-graph\">{\"@context\":\"https:\/\/schema.org\",\"@graph\":[{\"@type\":[\"Article\",\"BlogPosting\"],\"@id\":\"https:\/\/www.psib-psoe.org\/eivissa\/la-fse-psoe-se-suma-a-la-reivindicacion-del-8-de-marzo-y-reclama-mas-politicas-publicas-con-perspectiva-de-genero-pilar-ferrero-recibira-la-insignia-de-la-igualdad-del-partido-en-reconocimiento-a-su\/#article\",\"isPartOf\":{\"@id\":\"https:\/\/www.psib-psoe.org\/eivissa\/la-fse-psoe-se-suma-a-la-reivindicacion-del-8-de-marzo-y-reclama-mas-politicas-publicas-con-perspectiva-de-genero-pilar-ferrero-recibira-la-insignia-de-la-igualdad-del-partido-en-reconocimiento-a-su\/\"},\"author\":{\"name\":\"Josep Ripoll\",\"@id\":\"https:\/\/www.psib-psoe.org\/eivissa\/#\/schema\/person\/7a9d2841fb36f32e34fc0e9b245e8117\"},\"headline\":\"La FSE-PSOE se suma a la reivindicaci\u00f3n del 8 de marzo y reclama m\u00e1s pol\u00edticas p\u00fablicas con perspectiva de g\u00e9nero\",\"datePublished\":\"2021-03-08T07:03:45+00:00\",\"dateModified\":\"2021-03-08T08:55:55+00:00\",\"mainEntityOfPage\":{\"@id\":\"https:\/\/www.psib-psoe.org\/eivissa\/la-fse-psoe-se-suma-a-la-reivindicacion-del-8-de-marzo-y-reclama-mas-politicas-publicas-con-perspectiva-de-genero-pilar-ferrero-recibira-la-insignia-de-la-igualdad-del-partido-en-reconocimiento-a-su\/\"},\"wordCount\":671,\"publisher\":{\"@id\":\"https:\/\/www.psib-psoe.org\/eivissa\/#organization\"},\"image\":{\"@id\":\"https:\/\/www.psib-psoe.org\/eivissa\/la-fse-psoe-se-suma-a-la-reivindicacion-del-8-de-marzo-y-reclama-mas-politicas-publicas-con-perspectiva-de-genero-pilar-ferrero-recibira-la-insignia-de-la-igualdad-del-partido-en-reconocimiento-a-su\/#primaryimage\"},\"thumbnailUrl\":\"https:\/\/www.psib-psoe.org\/eivissa\/wp-content\/uploads\/igualtat-8M-2021.jpg\",\"articleSection\":[\"FSE-PSOE\"],\"inLanguage\":\"ca\"},{\"@type\":\"WebPage\",\"@id\":\"https:\/\/www.psib-psoe.org\/eivissa\/la-fse-psoe-se-suma-a-la-reivindicacion-del-8-de-marzo-y-reclama-mas-politicas-publicas-con-perspectiva-de-genero-pilar-ferrero-recibira-la-insignia-de-la-igualdad-del-partido-en-reconocimiento-a-su\/\",\"url\":\"https:\/\/www.psib-psoe.org\/eivissa\/la-fse-psoe-se-suma-a-la-reivindicacion-del-8-de-marzo-y-reclama-mas-politicas-publicas-con-perspectiva-de-genero-pilar-ferrero-recibira-la-insignia-de-la-igualdad-del-partido-en-reconocimiento-a-su\/\",\"name\":\"La FSE-PSOE se suma a la reivindicaci\u00f3n del 8 de marzo y reclama m\u00e1s pol\u00edticas p\u00fablicas con perspectiva de g\u00e9nero - Federaci\u00f3 Socialista d&#039;Eivissa\",\"isPartOf\":{\"@id\":\"https:\/\/www.psib-psoe.org\/eivissa\/#website\"},\"primaryImageOfPage\":{\"@id\":\"https:\/\/www.psib-psoe.org\/eivissa\/la-fse-psoe-se-suma-a-la-reivindicacion-del-8-de-marzo-y-reclama-mas-politicas-publicas-con-perspectiva-de-genero-pilar-ferrero-recibira-la-insignia-de-la-igualdad-del-partido-en-reconocimiento-a-su\/#primaryimage\"},\"image\":{\"@id\":\"https:\/\/www.psib-psoe.org\/eivissa\/la-fse-psoe-se-suma-a-la-reivindicacion-del-8-de-marzo-y-reclama-mas-politicas-publicas-con-perspectiva-de-genero-pilar-ferrero-recibira-la-insignia-de-la-igualdad-del-partido-en-reconocimiento-a-su\/#primaryimage\"},\"thumbnailUrl\":\"https:\/\/www.psib-psoe.org\/eivissa\/wp-content\/uploads\/igualtat-8M-2021.jpg\",\"datePublished\":\"2021-03-08T07:03:45+00:00\",\"dateModified\":\"2021-03-08T08:55:55+00:00\",\"breadcrumb\":{\"@id\":\"https:\/\/www.psib-psoe.org\/eivissa\/la-fse-psoe-se-suma-a-la-reivindicacion-del-8-de-marzo-y-reclama-mas-politicas-publicas-con-perspectiva-de-genero-pilar-ferrero-recibira-la-insignia-de-la-igualdad-del-partido-en-reconocimiento-a-su\/#breadcrumb\"},\"inLanguage\":\"ca\",\"potentialAction\":[{\"@type\":\"ReadAction\",\"target\":[\"https:\/\/www.psib-psoe.org\/eivissa\/la-fse-psoe-se-suma-a-la-reivindicacion-del-8-de-marzo-y-reclama-mas-politicas-publicas-con-perspectiva-de-genero-pilar-ferrero-recibira-la-insignia-de-la-igualdad-del-partido-en-reconocimiento-a-su\/\"]}]},{\"@type\":\"ImageObject\",\"inLanguage\":\"ca\",\"@id\":\"https:\/\/www.psib-psoe.org\/eivissa\/la-fse-psoe-se-suma-a-la-reivindicacion-del-8-de-marzo-y-reclama-mas-politicas-publicas-con-perspectiva-de-genero-pilar-ferrero-recibira-la-insignia-de-la-igualdad-del-partido-en-reconocimiento-a-su\/#primaryimage\",\"url\":\"https:\/\/www.psib-psoe.org\/eivissa\/wp-content\/uploads\/igualtat-8M-2021.jpg\",\"contentUrl\":\"https:\/\/www.psib-psoe.org\/eivissa\/wp-content\/uploads\/igualtat-8M-2021.jpg\",\"width\":1220,\"height\":1080},{\"@type\":\"BreadcrumbList\",\"@id\":\"https:\/\/www.psib-psoe.org\/eivissa\/la-fse-psoe-se-suma-a-la-reivindicacion-del-8-de-marzo-y-reclama-mas-politicas-publicas-con-perspectiva-de-genero-pilar-ferrero-recibira-la-insignia-de-la-igualdad-del-partido-en-reconocimiento-a-su\/#breadcrumb\",\"itemListElement\":[{\"@type\":\"ListItem\",\"position\":1,\"name\":\"Inici\",\"item\":\"https:\/\/www.psib-psoe.org\/eivissa\/\"},{\"@type\":\"ListItem\",\"position\":2,\"name\":\"La FSE-PSOE se suma a la reivindicaci\u00f3n del 8 de marzo y reclama m\u00e1s pol\u00edticas p\u00fablicas con perspectiva de g\u00e9nero\"}]},{\"@type\":\"WebSite\",\"@id\":\"https:\/\/www.psib-psoe.org\/eivissa\/#website\",\"url\":\"https:\/\/www.psib-psoe.org\/eivissa\/\",\"name\":\"Federaci\u00f3 Socialista d'Eivissa\",\"description\":\"Socialistes d&#039;Eivissa\",\"publisher\":{\"@id\":\"https:\/\/www.psib-psoe.org\/eivissa\/#organization\"},\"potentialAction\":[{\"@type\":\"SearchAction\",\"target\":{\"@type\":\"EntryPoint\",\"urlTemplate\":\"https:\/\/www.psib-psoe.org\/eivissa\/?s={search_term_string}\"},\"query-input\":{\"@type\":\"PropertyValueSpecification\",\"valueRequired\":true,\"valueName\":\"search_term_string\"}}],\"inLanguage\":\"ca\"},{\"@type\":\"Organization\",\"@id\":\"https:\/\/www.psib-psoe.org\/eivissa\/#organization\",\"name\":\"Federaci\u00f3 Socialista d'Eivissa\",\"url\":\"https:\/\/www.psib-psoe.org\/eivissa\/\",\"logo\":{\"@type\":\"ImageObject\",\"inLanguage\":\"ca\",\"@id\":\"https:\/\/www.psib-psoe.org\/eivissa\/#\/schema\/logo\/image\/\",\"url\":\"https:\/\/www.psib-psoe.org\/eivissa\/wp-content\/uploads\/LOGO-FSE-SOCIALISTA-DEIVISSA-HORI.png\",\"contentUrl\":\"https:\/\/www.psib-psoe.org\/eivissa\/wp-content\/uploads\/LOGO-FSE-SOCIALISTA-DEIVISSA-HORI.png\",\"width\":6000,\"height\":3104,\"caption\":\"Federaci\u00f3 Socialista d'Eivissa\"},\"image\":{\"@id\":\"https:\/\/www.psib-psoe.org\/eivissa\/#\/schema\/logo\/image\/\"}},{\"@type\":\"Person\",\"@id\":\"https:\/\/www.psib-psoe.org\/eivissa\/#\/schema\/person\/7a9d2841fb36f32e34fc0e9b245e8117\",\"name\":\"Josep Ripoll\",\"sameAs\":[\"http:\/\/www.psib-psoe.org\/eivissa\/wp-login.php\"],\"url\":\"https:\/\/www.psib-psoe.org\/eivissa\/author\/josep\/\"}]}<\/script>\n<!-- \/ Yoast SEO plugin. -->","yoast_head_json":{"title":"La FSE-PSOE se suma a la reivindicaci\u00f3n del 8 de marzo y reclama m\u00e1s pol\u00edticas p\u00fablicas con perspectiva de g\u00e9nero - Federaci\u00f3 Socialista d&#039;Eivissa","robots":{"index":"index","follow":"follow","max-snippet":"max-snippet:-1","max-image-preview":"max-image-preview:large","max-video-preview":"max-video-preview:-1"},"canonical":"https:\/\/www.psib-psoe.org\/eivissa\/la-fse-psoe-se-suma-a-la-reivindicacion-del-8-de-marzo-y-reclama-mas-politicas-publicas-con-perspectiva-de-genero-pilar-ferrero-recibira-la-insignia-de-la-igualdad-del-partido-en-reconocimiento-a-su\/","og_locale":"ca_ES","og_type":"article","og_title":"La FSE-PSOE se suma a la reivindicaci\u00f3n del 8 de marzo y reclama m\u00e1s pol\u00edticas p\u00fablicas con perspectiva de g\u00e9nero - Federaci\u00f3 Socialista d&#039;Eivissa","og_description":"La Federaci\u00f3n Socialista de Eivissa (FSE-PSOE) se suma un a\u00f1o m\u00e1s a las reivindicaciones con motivo del 8 de marzo, D\u00eda Internacional de las Mujeres, y este a\u00f1o hace hincapi\u00e9 en c\u00f3mo la crisis de la Covid-19 ha agravado las dificultades que ya sufr\u00edan las mujeres antes de la pandemia. Los y las socialistas consideran&hellip;","og_url":"https:\/\/www.psib-psoe.org\/eivissa\/la-fse-psoe-se-suma-a-la-reivindicacion-del-8-de-marzo-y-reclama-mas-politicas-publicas-con-perspectiva-de-genero-pilar-ferrero-recibira-la-insignia-de-la-igualdad-del-partido-en-reconocimiento-a-su\/","og_site_name":"Federaci\u00f3 Socialista d&#039;Eivissa","article_published_time":"2021-03-08T07:03:45+00:00","article_modified_time":"2021-03-08T08:55:55+00:00","og_image":[{"width":1220,"height":1080,"url":"https:\/\/www.psib-psoe.org\/eivissa\/wp-content\/uploads\/igualtat-8M-2021.jpg","type":"image\/jpeg"}],"author":"Josep Ripoll","twitter_card":"summary_large_image","twitter_misc":{"Escrit per":"Josep Ripoll","Temps estimat de lectura":"3 minuts"},"schema":{"@context":"https:\/\/schema.org","@graph":[{"@type":["Article","BlogPosting"],"@id":"https:\/\/www.psib-psoe.org\/eivissa\/la-fse-psoe-se-suma-a-la-reivindicacion-del-8-de-marzo-y-reclama-mas-politicas-publicas-con-perspectiva-de-genero-pilar-ferrero-recibira-la-insignia-de-la-igualdad-del-partido-en-reconocimiento-a-su\/#article","isPartOf":{"@id":"https:\/\/www.psib-psoe.org\/eivissa\/la-fse-psoe-se-suma-a-la-reivindicacion-del-8-de-marzo-y-reclama-mas-politicas-publicas-con-perspectiva-de-genero-pilar-ferrero-recibira-la-insignia-de-la-igualdad-del-partido-en-reconocimiento-a-su\/"},"author":{"name":"Josep Ripoll","@id":"https:\/\/www.psib-psoe.org\/eivissa\/#\/schema\/person\/7a9d2841fb36f32e34fc0e9b245e8117"},"headline":"La FSE-PSOE se suma a la reivindicaci\u00f3n del 8 de marzo y reclama m\u00e1s pol\u00edticas p\u00fablicas con perspectiva de g\u00e9nero","datePublished":"2021-03-08T07:03:45+00:00","dateModified":"2021-03-08T08:55:55+00:00","mainEntityOfPage":{"@id":"https:\/\/www.psib-psoe.org\/eivissa\/la-fse-psoe-se-suma-a-la-reivindicacion-del-8-de-marzo-y-reclama-mas-politicas-publicas-con-perspectiva-de-genero-pilar-ferrero-recibira-la-insignia-de-la-igualdad-del-partido-en-reconocimiento-a-su\/"},"wordCount":671,"publisher":{"@id":"https:\/\/www.psib-psoe.org\/eivissa\/#organization"},"image":{"@id":"https:\/\/www.psib-psoe.org\/eivissa\/la-fse-psoe-se-suma-a-la-reivindicacion-del-8-de-marzo-y-reclama-mas-politicas-publicas-con-perspectiva-de-genero-pilar-ferrero-recibira-la-insignia-de-la-igualdad-del-partido-en-reconocimiento-a-su\/#primaryimage"},"thumbnailUrl":"https:\/\/www.psib-psoe.org\/eivissa\/wp-content\/uploads\/igualtat-8M-2021.jpg","articleSection":["FSE-PSOE"],"inLanguage":"ca"},{"@type":"WebPage","@id":"https:\/\/www.psib-psoe.org\/eivissa\/la-fse-psoe-se-suma-a-la-reivindicacion-del-8-de-marzo-y-reclama-mas-politicas-publicas-con-perspectiva-de-genero-pilar-ferrero-recibira-la-insignia-de-la-igualdad-del-partido-en-reconocimiento-a-su\/","url":"https:\/\/www.psib-psoe.org\/eivissa\/la-fse-psoe-se-suma-a-la-reivindicacion-del-8-de-marzo-y-reclama-mas-politicas-publicas-con-perspectiva-de-genero-pilar-ferrero-recibira-la-insignia-de-la-igualdad-del-partido-en-reconocimiento-a-su\/","name":"La FSE-PSOE se suma a la reivindicaci\u00f3n del 8 de marzo y reclama m\u00e1s pol\u00edticas p\u00fablicas con perspectiva de g\u00e9nero - Federaci\u00f3 Socialista d&#039;Eivissa","isPartOf":{"@id":"https:\/\/www.psib-psoe.org\/eivissa\/#website"},"primaryImageOfPage":{"@id":"https:\/\/www.psib-psoe.org\/eivissa\/la-fse-psoe-se-suma-a-la-reivindicacion-del-8-de-marzo-y-reclama-mas-politicas-publicas-con-perspectiva-de-genero-pilar-ferrero-recibira-la-insignia-de-la-igualdad-del-partido-en-reconocimiento-a-su\/#primaryimage"},"image":{"@id":"https:\/\/www.psib-psoe.org\/eivissa\/la-fse-psoe-se-suma-a-la-reivindicacion-del-8-de-marzo-y-reclama-mas-politicas-publicas-con-perspectiva-de-genero-pilar-ferrero-recibira-la-insignia-de-la-igualdad-del-partido-en-reconocimiento-a-su\/#primaryimage"},"thumbnailUrl":"https:\/\/www.psib-psoe.org\/eivissa\/wp-content\/uploads\/igualtat-8M-2021.jpg","datePublished":"2021-03-08T07:03:45+00:00","dateModified":"2021-03-08T08:55:55+00:00","breadcrumb":{"@id":"https:\/\/www.psib-psoe.org\/eivissa\/la-fse-psoe-se-suma-a-la-reivindicacion-del-8-de-marzo-y-reclama-mas-politicas-publicas-con-perspectiva-de-genero-pilar-ferrero-recibira-la-insignia-de-la-igualdad-del-partido-en-reconocimiento-a-su\/#breadcrumb"},"inLanguage":"ca","potentialAction":[{"@type":"ReadAction","target":["https:\/\/www.psib-psoe.org\/eivissa\/la-fse-psoe-se-suma-a-la-reivindicacion-del-8-de-marzo-y-reclama-mas-politicas-publicas-con-perspectiva-de-genero-pilar-ferrero-recibira-la-insignia-de-la-igualdad-del-partido-en-reconocimiento-a-su\/"]}]},{"@type":"ImageObject","inLanguage":"ca","@id":"https:\/\/www.psib-psoe.org\/eivissa\/la-fse-psoe-se-suma-a-la-reivindicacion-del-8-de-marzo-y-reclama-mas-politicas-publicas-con-perspectiva-de-genero-pilar-ferrero-recibira-la-insignia-de-la-igualdad-del-partido-en-reconocimiento-a-su\/#primaryimage","url":"https:\/\/www.psib-psoe.org\/eivissa\/wp-content\/uploads\/igualtat-8M-2021.jpg","contentUrl":"https:\/\/www.psib-psoe.org\/eivissa\/wp-content\/uploads\/igualtat-8M-2021.jpg","width":1220,"height":1080},{"@type":"BreadcrumbList","@id":"https:\/\/www.psib-psoe.org\/eivissa\/la-fse-psoe-se-suma-a-la-reivindicacion-del-8-de-marzo-y-reclama-mas-politicas-publicas-con-perspectiva-de-genero-pilar-ferrero-recibira-la-insignia-de-la-igualdad-del-partido-en-reconocimiento-a-su\/#breadcrumb","itemListElement":[{"@type":"ListItem","position":1,"name":"Inici","item":"https:\/\/www.psib-psoe.org\/eivissa\/"},{"@type":"ListItem","position":2,"name":"La FSE-PSOE se suma a la reivindicaci\u00f3n del 8 de marzo y reclama m\u00e1s pol\u00edticas p\u00fablicas con perspectiva de g\u00e9nero"}]},{"@type":"WebSite","@id":"https:\/\/www.psib-psoe.org\/eivissa\/#website","url":"https:\/\/www.psib-psoe.org\/eivissa\/","name":"Federaci\u00f3 Socialista d'Eivissa","description":"Socialistes d&#039;Eivissa","publisher":{"@id":"https:\/\/www.psib-psoe.org\/eivissa\/#organization"},"potentialAction":[{"@type":"SearchAction","target":{"@type":"EntryPoint","urlTemplate":"https:\/\/www.psib-psoe.org\/eivissa\/?s={search_term_string}"},"query-input":{"@type":"PropertyValueSpecification","valueRequired":true,"valueName":"search_term_string"}}],"inLanguage":"ca"},{"@type":"Organization","@id":"https:\/\/www.psib-psoe.org\/eivissa\/#organization","name":"Federaci\u00f3 Socialista d'Eivissa","url":"https:\/\/www.psib-psoe.org\/eivissa\/","logo":{"@type":"ImageObject","inLanguage":"ca","@id":"https:\/\/www.psib-psoe.org\/eivissa\/#\/schema\/logo\/image\/","url":"https:\/\/www.psib-psoe.org\/eivissa\/wp-content\/uploads\/LOGO-FSE-SOCIALISTA-DEIVISSA-HORI.png","contentUrl":"https:\/\/www.psib-psoe.org\/eivissa\/wp-content\/uploads\/LOGO-FSE-SOCIALISTA-DEIVISSA-HORI.png","width":6000,"height":3104,"caption":"Federaci\u00f3 Socialista d'Eivissa"},"image":{"@id":"https:\/\/www.psib-psoe.org\/eivissa\/#\/schema\/logo\/image\/"}},{"@type":"Person","@id":"https:\/\/www.psib-psoe.org\/eivissa\/#\/schema\/person\/7a9d2841fb36f32e34fc0e9b245e8117","name":"Josep Ripoll","sameAs":["http:\/\/www.psib-psoe.org\/eivissa\/wp-login.php"],"url":"https:\/\/www.psib-psoe.org\/eivissa\/author\/josep\/"}]}},"_links":{"self":[{"href":"https:\/\/www.psib-psoe.org\/eivissa\/wp-json\/wp\/v2\/posts\/32838","targetHints":{"allow":["GET"]}}],"collection":[{"href":"https:\/\/www.psib-psoe.org\/eivissa\/wp-json\/wp\/v2\/posts"}],"about":[{"href":"https:\/\/www.psib-psoe.org\/eivissa\/wp-json\/wp\/v2\/types\/post"}],"author":[{"embeddable":true,"href":"https:\/\/www.psib-psoe.org\/eivissa\/wp-json\/wp\/v2\/users\/7"}],"replies":[{"embeddable":true,"href":"https:\/\/www.psib-psoe.org\/eivissa\/wp-json\/wp\/v2\/comments?post=32838"}],"version-history":[{"count":4,"href":"https:\/\/www.psib-psoe.org\/eivissa\/wp-json\/wp\/v2\/posts\/32838\/revisions"}],"predecessor-version":[{"id":32888,"href":"https:\/\/www.psib-psoe.org\/eivissa\/wp-json\/wp\/v2\/posts\/32838\/revisions\/32888"}],"wp:featuredmedia":[{"embeddable":true,"href":"https:\/\/www.psib-psoe.org\/eivissa\/wp-json\/wp\/v2\/media\/32883"}],"wp:attachment":[{"href":"https:\/\/www.psib-psoe.org\/eivissa\/wp-json\/wp\/v2\/media?parent=32838"}],"wp:term":[{"taxonomy":"category","embeddable":true,"href":"https:\/\/www.psib-psoe.org\/eivissa\/wp-json\/wp\/v2\/categories?post=32838"},{"taxonomy":"post_tag","embeddable":true,"href":"https:\/\/www.psib-psoe.org\/eivissa\/wp-json\/wp\/v2\/tags?post=32838"}],"curies":[{"name":"wp","href":"https:\/\/api.w.org\/{rel}","templated":true}]}}