{"id":32878,"date":"2021-03-08T08:00:56","date_gmt":"2021-03-08T06:00:56","guid":{"rendered":"https:\/\/www.psib-psoe.org\/eivissa\/?p=32878"},"modified":"2021-03-08T10:30:44","modified_gmt":"2021-03-08T08:30:44","slug":"articulo-mas-feminismo-que-nunca","status":"publish","type":"post","link":"https:\/\/www.psib-psoe.org\/eivissa\/articulo-mas-feminismo-que-nunca\/","title":{"rendered":"Art\u00edculo: &#8220;M\u00e1s feminismo que nunca&#8221;"},"content":{"rendered":"<p><em>Publicado en Diario de Ibiza el 8 de marzo de 2021.<\/em><\/p>\n<p>Hoy es el D\u00eda Internacional de la Mujer, fecha se\u00f1alada en el calendario por las Naciones Unidas para recordarnos que la igualdad entre mujeres y hombres no es una realidad en ning\u00fan lugar del mundo: ni en los pa\u00edses en los que las leyes as\u00ed lo recogen formalmente, ni mucho menos en aquellos donde el propio Estado y su sistema jur\u00eddico permiten y defienden abiertamente la discriminaci\u00f3n.<\/p>\n<p>El 8 de marzo no es una celebraci\u00f3n como tal, o no deber\u00eda serlo, sino una llamada a nuestras conciencias, un aviso de car\u00e1cter mundial  sobre el hecho de que las mujeres no tienen libertad para decidir sobre sus vidas y sus cuerpos, sufren m\u00e1s la pobreza y la precariedad laboral que los hombres, son consideradas objetos con los que se puede comerciar y sufren violencias de todo tipo que arruinan sus proyectos de vida o que incluso las matan.<\/p>\n<p>La pandemia de la COVID-19 no ha hecho m\u00e1s que empeorar la situaci\u00f3n. Las crisis de todo tipo se ceban con las personas m\u00e1s vulnerables. As\u00ed ha pasado y as\u00ed est\u00e1 pasando desde que el coronavirus entr\u00f3 en nuestras vidas, como lo demuestran las tasas de paro, los n\u00fameros de los ERTES, los informes de los servicios sociales y todas las estad\u00edsticas o estudios sobre la sobrecarga que est\u00e1n suponiendo los trabajos de cuidados en momentos tan delicados para la salud de las personas. Las mujeres, proporcionalmente, siempre ocupan peor lugar en este tipo de clasificaciones.<\/p>\n<p>Todo ello no hace m\u00e1s que recordarnos la importancia de tener administraciones p\u00fablicas fuertes, comprometidas con las pol\u00edticas sociales y la necesidad de que las apliquen con perspectiva de g\u00e9nero. Nos indica que el feminismo es m\u00e1s necesario que nunca. Lamentablemente, la derecha de este pa\u00eds ha trabajado de forma activa durante a\u00f1os para adelgazar lo p\u00fablico, con recortes en sanidad, en educaci\u00f3n, en dependencia, en las propias administraciones donde deben tramitarse las ayudas y la atenci\u00f3n a las personas y a\u00fan pagamos las consecuencias de todo ello.<\/p>\n<p>En materia de igualdad, tanto monta el partido que niega la violencia de g\u00e9nero y la desigualdad estructural de mujeres y hombres, como sus socios c\u00f3mplices que no son capaces de trazar una l\u00ednea roja para se\u00f1alar que las pol\u00edticas feministas no se tocan, que el goteo anual de mujeres asesinadas en este pa\u00eds es intolerable, que la brecha salarial, el techo de cristal, el comercio de mujeres, la cosificaci\u00f3n de los cuerpos femeninos, los estereotipos, el acoso, nos concierne a todas y a todos y nos obliga a trabajar cada d\u00eda por su erradicaci\u00f3n. <\/p>\n<p>El Partido Popular y sus compa\u00f1eros de viaje se niegan a admitir abiertamente que sufrimos una sociedad machista, con reglas de funcionamiento machistas, y que si quieren estar del lado de las mujeres, m\u00e1s all\u00e1 de los manifiestos o la presencia t\u00edmida en manifestaciones, deben empezar a utilizar la palabra feminismo y a actuar en consecuencia. Lo personal es pol\u00edtico, nos ense\u00f1\u00f3 Kate Millet hace ya d\u00e9cadas. Lo sigue siendo. Los gobiernos priorizan, presupuestan, regulan. La legislaci\u00f3n espa\u00f1ola en materia de igualdad, toda ella con sello socialista, es referente en el mundo pero queda a\u00fan mucho por hacer. No esperamos mucho de un PP m\u00e1s acostumbrado a recurrir al Constitucional que a afrontar de cara un problema con el que no tiene ganas ni sensibilidad para lidiar. <\/p>\n<p>En el momento crucial que vive el feminismo en nuestro pa\u00eds, a las y los socialistas nos pilla preparados para dar la batalla. Hay mucho por ganar.<\/p>\n<p><strong>Milena Herrera, secretaria de Igualdad de la FSE-PSOE<\/strong><\/p>\n","protected":false},"excerpt":{"rendered":"<p>Publicado en Diario de Ibiza el 8 de marzo de 2021. Hoy es el D\u00eda Internacional de la Mujer, fecha se\u00f1alada en el calendario por las Naciones Unidas para recordarnos que la igualdad entre mujeres y hombres no es una realidad en ning\u00fan lugar del mundo: ni en los pa\u00edses en los que las leyes&hellip;<\/p>\n","protected":false},"author":7,"featured_media":32876,"comment_status":"closed","ping_status":"closed","sticky":false,"template":"","format":"standard","meta":{"footnotes":""},"categories":[212],"tags":[],"class_list":["post-32878","post","type-post","status-publish","format-standard","has-post-thumbnail","hentry","category-fse-psoe"],"yoast_head":"<!-- This site is optimized with the Yoast SEO plugin v26.9 - https:\/\/yoast.com\/product\/yoast-seo-wordpress\/ -->\n<title>Art\u00edculo: &quot;M\u00e1s feminismo que nunca&quot; - Federaci\u00f3 Socialista d&#039;Eivissa<\/title>\n<meta name=\"robots\" content=\"index, follow, max-snippet:-1, max-image-preview:large, max-video-preview:-1\" \/>\n<link rel=\"canonical\" href=\"https:\/\/www.psib-psoe.org\/eivissa\/articulo-mas-feminismo-que-nunca\/\" \/>\n<meta property=\"og:locale\" content=\"ca_ES\" \/>\n<meta property=\"og:type\" content=\"article\" \/>\n<meta property=\"og:title\" content=\"Art\u00edculo: &quot;M\u00e1s feminismo que nunca&quot; - Federaci\u00f3 Socialista d&#039;Eivissa\" \/>\n<meta property=\"og:description\" content=\"Publicado en Diario de Ibiza el 8 de marzo de 2021. Hoy es el D\u00eda Internacional de la Mujer, fecha se\u00f1alada en el calendario por las Naciones Unidas para recordarnos que la igualdad entre mujeres y hombres no es una realidad en ning\u00fan lugar del mundo: ni en los pa\u00edses en los que las leyes&hellip;\" \/>\n<meta property=\"og:url\" content=\"https:\/\/www.psib-psoe.org\/eivissa\/articulo-mas-feminismo-que-nunca\/\" \/>\n<meta property=\"og:site_name\" content=\"Federaci\u00f3 Socialista d&#039;Eivissa\" \/>\n<meta property=\"article:published_time\" content=\"2021-03-08T06:00:56+00:00\" \/>\n<meta property=\"article:modified_time\" content=\"2021-03-08T08:30:44+00:00\" \/>\n<meta property=\"og:image\" content=\"https:\/\/www.psib-psoe.org\/eivissa\/wp-content\/uploads\/image2-1.jpeg\" \/>\n\t<meta property=\"og:image:width\" content=\"1280\" \/>\n\t<meta property=\"og:image:height\" content=\"960\" \/>\n\t<meta property=\"og:image:type\" content=\"image\/jpeg\" \/>\n<meta name=\"author\" content=\"Josep Ripoll\" \/>\n<meta name=\"twitter:card\" content=\"summary_large_image\" \/>\n<meta name=\"twitter:label1\" content=\"Escrit per\" \/>\n\t<meta name=\"twitter:data1\" content=\"Josep Ripoll\" \/>\n\t<meta name=\"twitter:label2\" content=\"Temps estimat de lectura\" \/>\n\t<meta name=\"twitter:data2\" content=\"3 minuts\" \/>\n<script type=\"application\/ld+json\" class=\"yoast-schema-graph\">{\"@context\":\"https:\/\/schema.org\",\"@graph\":[{\"@type\":[\"Article\",\"BlogPosting\"],\"@id\":\"https:\/\/www.psib-psoe.org\/eivissa\/articulo-mas-feminismo-que-nunca\/#article\",\"isPartOf\":{\"@id\":\"https:\/\/www.psib-psoe.org\/eivissa\/articulo-mas-feminismo-que-nunca\/\"},\"author\":{\"name\":\"Josep Ripoll\",\"@id\":\"https:\/\/www.psib-psoe.org\/eivissa\/#\/schema\/person\/7a9d2841fb36f32e34fc0e9b245e8117\"},\"headline\":\"Art\u00edculo: &#8220;M\u00e1s feminismo que nunca&#8221;\",\"datePublished\":\"2021-03-08T06:00:56+00:00\",\"dateModified\":\"2021-03-08T08:30:44+00:00\",\"mainEntityOfPage\":{\"@id\":\"https:\/\/www.psib-psoe.org\/eivissa\/articulo-mas-feminismo-que-nunca\/\"},\"wordCount\":649,\"publisher\":{\"@id\":\"https:\/\/www.psib-psoe.org\/eivissa\/#organization\"},\"image\":{\"@id\":\"https:\/\/www.psib-psoe.org\/eivissa\/articulo-mas-feminismo-que-nunca\/#primaryimage\"},\"thumbnailUrl\":\"https:\/\/www.psib-psoe.org\/eivissa\/wp-content\/uploads\/image2-1.jpeg\",\"articleSection\":[\"FSE-PSOE\"],\"inLanguage\":\"ca\"},{\"@type\":\"WebPage\",\"@id\":\"https:\/\/www.psib-psoe.org\/eivissa\/articulo-mas-feminismo-que-nunca\/\",\"url\":\"https:\/\/www.psib-psoe.org\/eivissa\/articulo-mas-feminismo-que-nunca\/\",\"name\":\"Art\u00edculo: \\\"M\u00e1s feminismo que nunca\\\" - Federaci\u00f3 Socialista d&#039;Eivissa\",\"isPartOf\":{\"@id\":\"https:\/\/www.psib-psoe.org\/eivissa\/#website\"},\"primaryImageOfPage\":{\"@id\":\"https:\/\/www.psib-psoe.org\/eivissa\/articulo-mas-feminismo-que-nunca\/#primaryimage\"},\"image\":{\"@id\":\"https:\/\/www.psib-psoe.org\/eivissa\/articulo-mas-feminismo-que-nunca\/#primaryimage\"},\"thumbnailUrl\":\"https:\/\/www.psib-psoe.org\/eivissa\/wp-content\/uploads\/image2-1.jpeg\",\"datePublished\":\"2021-03-08T06:00:56+00:00\",\"dateModified\":\"2021-03-08T08:30:44+00:00\",\"breadcrumb\":{\"@id\":\"https:\/\/www.psib-psoe.org\/eivissa\/articulo-mas-feminismo-que-nunca\/#breadcrumb\"},\"inLanguage\":\"ca\",\"potentialAction\":[{\"@type\":\"ReadAction\",\"target\":[\"https:\/\/www.psib-psoe.org\/eivissa\/articulo-mas-feminismo-que-nunca\/\"]}]},{\"@type\":\"ImageObject\",\"inLanguage\":\"ca\",\"@id\":\"https:\/\/www.psib-psoe.org\/eivissa\/articulo-mas-feminismo-que-nunca\/#primaryimage\",\"url\":\"https:\/\/www.psib-psoe.org\/eivissa\/wp-content\/uploads\/image2-1.jpeg\",\"contentUrl\":\"https:\/\/www.psib-psoe.org\/eivissa\/wp-content\/uploads\/image2-1.jpeg\",\"width\":1280,\"height\":960},{\"@type\":\"BreadcrumbList\",\"@id\":\"https:\/\/www.psib-psoe.org\/eivissa\/articulo-mas-feminismo-que-nunca\/#breadcrumb\",\"itemListElement\":[{\"@type\":\"ListItem\",\"position\":1,\"name\":\"Inici\",\"item\":\"https:\/\/www.psib-psoe.org\/eivissa\/\"},{\"@type\":\"ListItem\",\"position\":2,\"name\":\"Art\u00edculo: &#8220;M\u00e1s feminismo que nunca&#8221;\"}]},{\"@type\":\"WebSite\",\"@id\":\"https:\/\/www.psib-psoe.org\/eivissa\/#website\",\"url\":\"https:\/\/www.psib-psoe.org\/eivissa\/\",\"name\":\"Federaci\u00f3 Socialista d'Eivissa\",\"description\":\"Socialistes d&#039;Eivissa\",\"publisher\":{\"@id\":\"https:\/\/www.psib-psoe.org\/eivissa\/#organization\"},\"potentialAction\":[{\"@type\":\"SearchAction\",\"target\":{\"@type\":\"EntryPoint\",\"urlTemplate\":\"https:\/\/www.psib-psoe.org\/eivissa\/?s={search_term_string}\"},\"query-input\":{\"@type\":\"PropertyValueSpecification\",\"valueRequired\":true,\"valueName\":\"search_term_string\"}}],\"inLanguage\":\"ca\"},{\"@type\":\"Organization\",\"@id\":\"https:\/\/www.psib-psoe.org\/eivissa\/#organization\",\"name\":\"Federaci\u00f3 Socialista d'Eivissa\",\"url\":\"https:\/\/www.psib-psoe.org\/eivissa\/\",\"logo\":{\"@type\":\"ImageObject\",\"inLanguage\":\"ca\",\"@id\":\"https:\/\/www.psib-psoe.org\/eivissa\/#\/schema\/logo\/image\/\",\"url\":\"https:\/\/www.psib-psoe.org\/eivissa\/wp-content\/uploads\/LOGO-FSE-SOCIALISTA-DEIVISSA-HORI.png\",\"contentUrl\":\"https:\/\/www.psib-psoe.org\/eivissa\/wp-content\/uploads\/LOGO-FSE-SOCIALISTA-DEIVISSA-HORI.png\",\"width\":6000,\"height\":3104,\"caption\":\"Federaci\u00f3 Socialista d'Eivissa\"},\"image\":{\"@id\":\"https:\/\/www.psib-psoe.org\/eivissa\/#\/schema\/logo\/image\/\"}},{\"@type\":\"Person\",\"@id\":\"https:\/\/www.psib-psoe.org\/eivissa\/#\/schema\/person\/7a9d2841fb36f32e34fc0e9b245e8117\",\"name\":\"Josep Ripoll\",\"sameAs\":[\"http:\/\/www.psib-psoe.org\/eivissa\/wp-login.php\"],\"url\":\"https:\/\/www.psib-psoe.org\/eivissa\/author\/josep\/\"}]}<\/script>\n<!-- \/ Yoast SEO plugin. -->","yoast_head_json":{"title":"Art\u00edculo: \"M\u00e1s feminismo que nunca\" - Federaci\u00f3 Socialista d&#039;Eivissa","robots":{"index":"index","follow":"follow","max-snippet":"max-snippet:-1","max-image-preview":"max-image-preview:large","max-video-preview":"max-video-preview:-1"},"canonical":"https:\/\/www.psib-psoe.org\/eivissa\/articulo-mas-feminismo-que-nunca\/","og_locale":"ca_ES","og_type":"article","og_title":"Art\u00edculo: \"M\u00e1s feminismo que nunca\" - Federaci\u00f3 Socialista d&#039;Eivissa","og_description":"Publicado en Diario de Ibiza el 8 de marzo de 2021. Hoy es el D\u00eda Internacional de la Mujer, fecha se\u00f1alada en el calendario por las Naciones Unidas para recordarnos que la igualdad entre mujeres y hombres no es una realidad en ning\u00fan lugar del mundo: ni en los pa\u00edses en los que las leyes&hellip;","og_url":"https:\/\/www.psib-psoe.org\/eivissa\/articulo-mas-feminismo-que-nunca\/","og_site_name":"Federaci\u00f3 Socialista d&#039;Eivissa","article_published_time":"2021-03-08T06:00:56+00:00","article_modified_time":"2021-03-08T08:30:44+00:00","og_image":[{"width":1280,"height":960,"url":"https:\/\/www.psib-psoe.org\/eivissa\/wp-content\/uploads\/image2-1.jpeg","type":"image\/jpeg"}],"author":"Josep Ripoll","twitter_card":"summary_large_image","twitter_misc":{"Escrit per":"Josep Ripoll","Temps estimat de lectura":"3 minuts"},"schema":{"@context":"https:\/\/schema.org","@graph":[{"@type":["Article","BlogPosting"],"@id":"https:\/\/www.psib-psoe.org\/eivissa\/articulo-mas-feminismo-que-nunca\/#article","isPartOf":{"@id":"https:\/\/www.psib-psoe.org\/eivissa\/articulo-mas-feminismo-que-nunca\/"},"author":{"name":"Josep Ripoll","@id":"https:\/\/www.psib-psoe.org\/eivissa\/#\/schema\/person\/7a9d2841fb36f32e34fc0e9b245e8117"},"headline":"Art\u00edculo: &#8220;M\u00e1s feminismo que nunca&#8221;","datePublished":"2021-03-08T06:00:56+00:00","dateModified":"2021-03-08T08:30:44+00:00","mainEntityOfPage":{"@id":"https:\/\/www.psib-psoe.org\/eivissa\/articulo-mas-feminismo-que-nunca\/"},"wordCount":649,"publisher":{"@id":"https:\/\/www.psib-psoe.org\/eivissa\/#organization"},"image":{"@id":"https:\/\/www.psib-psoe.org\/eivissa\/articulo-mas-feminismo-que-nunca\/#primaryimage"},"thumbnailUrl":"https:\/\/www.psib-psoe.org\/eivissa\/wp-content\/uploads\/image2-1.jpeg","articleSection":["FSE-PSOE"],"inLanguage":"ca"},{"@type":"WebPage","@id":"https:\/\/www.psib-psoe.org\/eivissa\/articulo-mas-feminismo-que-nunca\/","url":"https:\/\/www.psib-psoe.org\/eivissa\/articulo-mas-feminismo-que-nunca\/","name":"Art\u00edculo: \"M\u00e1s feminismo que nunca\" - Federaci\u00f3 Socialista d&#039;Eivissa","isPartOf":{"@id":"https:\/\/www.psib-psoe.org\/eivissa\/#website"},"primaryImageOfPage":{"@id":"https:\/\/www.psib-psoe.org\/eivissa\/articulo-mas-feminismo-que-nunca\/#primaryimage"},"image":{"@id":"https:\/\/www.psib-psoe.org\/eivissa\/articulo-mas-feminismo-que-nunca\/#primaryimage"},"thumbnailUrl":"https:\/\/www.psib-psoe.org\/eivissa\/wp-content\/uploads\/image2-1.jpeg","datePublished":"2021-03-08T06:00:56+00:00","dateModified":"2021-03-08T08:30:44+00:00","breadcrumb":{"@id":"https:\/\/www.psib-psoe.org\/eivissa\/articulo-mas-feminismo-que-nunca\/#breadcrumb"},"inLanguage":"ca","potentialAction":[{"@type":"ReadAction","target":["https:\/\/www.psib-psoe.org\/eivissa\/articulo-mas-feminismo-que-nunca\/"]}]},{"@type":"ImageObject","inLanguage":"ca","@id":"https:\/\/www.psib-psoe.org\/eivissa\/articulo-mas-feminismo-que-nunca\/#primaryimage","url":"https:\/\/www.psib-psoe.org\/eivissa\/wp-content\/uploads\/image2-1.jpeg","contentUrl":"https:\/\/www.psib-psoe.org\/eivissa\/wp-content\/uploads\/image2-1.jpeg","width":1280,"height":960},{"@type":"BreadcrumbList","@id":"https:\/\/www.psib-psoe.org\/eivissa\/articulo-mas-feminismo-que-nunca\/#breadcrumb","itemListElement":[{"@type":"ListItem","position":1,"name":"Inici","item":"https:\/\/www.psib-psoe.org\/eivissa\/"},{"@type":"ListItem","position":2,"name":"Art\u00edculo: &#8220;M\u00e1s feminismo que nunca&#8221;"}]},{"@type":"WebSite","@id":"https:\/\/www.psib-psoe.org\/eivissa\/#website","url":"https:\/\/www.psib-psoe.org\/eivissa\/","name":"Federaci\u00f3 Socialista d'Eivissa","description":"Socialistes d&#039;Eivissa","publisher":{"@id":"https:\/\/www.psib-psoe.org\/eivissa\/#organization"},"potentialAction":[{"@type":"SearchAction","target":{"@type":"EntryPoint","urlTemplate":"https:\/\/www.psib-psoe.org\/eivissa\/?s={search_term_string}"},"query-input":{"@type":"PropertyValueSpecification","valueRequired":true,"valueName":"search_term_string"}}],"inLanguage":"ca"},{"@type":"Organization","@id":"https:\/\/www.psib-psoe.org\/eivissa\/#organization","name":"Federaci\u00f3 Socialista d'Eivissa","url":"https:\/\/www.psib-psoe.org\/eivissa\/","logo":{"@type":"ImageObject","inLanguage":"ca","@id":"https:\/\/www.psib-psoe.org\/eivissa\/#\/schema\/logo\/image\/","url":"https:\/\/www.psib-psoe.org\/eivissa\/wp-content\/uploads\/LOGO-FSE-SOCIALISTA-DEIVISSA-HORI.png","contentUrl":"https:\/\/www.psib-psoe.org\/eivissa\/wp-content\/uploads\/LOGO-FSE-SOCIALISTA-DEIVISSA-HORI.png","width":6000,"height":3104,"caption":"Federaci\u00f3 Socialista d'Eivissa"},"image":{"@id":"https:\/\/www.psib-psoe.org\/eivissa\/#\/schema\/logo\/image\/"}},{"@type":"Person","@id":"https:\/\/www.psib-psoe.org\/eivissa\/#\/schema\/person\/7a9d2841fb36f32e34fc0e9b245e8117","name":"Josep Ripoll","sameAs":["http:\/\/www.psib-psoe.org\/eivissa\/wp-login.php"],"url":"https:\/\/www.psib-psoe.org\/eivissa\/author\/josep\/"}]}},"_links":{"self":[{"href":"https:\/\/www.psib-psoe.org\/eivissa\/wp-json\/wp\/v2\/posts\/32878","targetHints":{"allow":["GET"]}}],"collection":[{"href":"https:\/\/www.psib-psoe.org\/eivissa\/wp-json\/wp\/v2\/posts"}],"about":[{"href":"https:\/\/www.psib-psoe.org\/eivissa\/wp-json\/wp\/v2\/types\/post"}],"author":[{"embeddable":true,"href":"https:\/\/www.psib-psoe.org\/eivissa\/wp-json\/wp\/v2\/users\/7"}],"replies":[{"embeddable":true,"href":"https:\/\/www.psib-psoe.org\/eivissa\/wp-json\/wp\/v2\/comments?post=32878"}],"version-history":[{"count":2,"href":"https:\/\/www.psib-psoe.org\/eivissa\/wp-json\/wp\/v2\/posts\/32878\/revisions"}],"predecessor-version":[{"id":32880,"href":"https:\/\/www.psib-psoe.org\/eivissa\/wp-json\/wp\/v2\/posts\/32878\/revisions\/32880"}],"wp:featuredmedia":[{"embeddable":true,"href":"https:\/\/www.psib-psoe.org\/eivissa\/wp-json\/wp\/v2\/media\/32876"}],"wp:attachment":[{"href":"https:\/\/www.psib-psoe.org\/eivissa\/wp-json\/wp\/v2\/media?parent=32878"}],"wp:term":[{"taxonomy":"category","embeddable":true,"href":"https:\/\/www.psib-psoe.org\/eivissa\/wp-json\/wp\/v2\/categories?post=32878"},{"taxonomy":"post_tag","embeddable":true,"href":"https:\/\/www.psib-psoe.org\/eivissa\/wp-json\/wp\/v2\/tags?post=32878"}],"curies":[{"name":"wp","href":"https:\/\/api.w.org\/{rel}","templated":true}]}}