{"id":32952,"date":"2021-03-17T14:15:10","date_gmt":"2021-03-17T12:15:10","guid":{"rendered":"https:\/\/www.psib-psoe.org\/eivissa\/?p=32952"},"modified":"2021-03-17T14:15:10","modified_gmt":"2021-03-17T12:15:10","slug":"el-grup-psoe-de-sant-joan-denuncia-els-incompliments-de-carraca-en-la-millora-de-la-xarxa-viaria-municipal","status":"publish","type":"post","link":"https:\/\/www.psib-psoe.org\/eivissa\/el-grup-psoe-de-sant-joan-denuncia-els-incompliments-de-carraca-en-la-millora-de-la-xarxa-viaria-municipal\/","title":{"rendered":"El grup PSOE de Sant Joan denuncia els incompliments de &#8216;Carraca&#8217; en la millora de la xarxa vi\u00e0ria municipal"},"content":{"rendered":"<p>El grup PSOE de Sant Joan de Labritja denuncia els incompliments de l\u2019ajuntament en inversi\u00f3 de reforma i manteniment de la xarxa vi\u00e0ria municipal, amb diferents projectes previstos ens els \u00faltims exercicis pressupostaris que no s\u2019han arribat a executar. El portaveu socialista, Pep Torres \u2018Peret\u2019, ha posat els exemples dels projectes de millora del cam\u00ed Vell de Portinatx, pressupostat amb 500.000 euros, i del cam\u00ed des Fil, a Sant Lloren\u00e7 de Bal\u00e0fia, previst amb 140.000 euros.<\/p>\n<p>\u201cNi un ni l\u2019altre s\u2019han executat\u201d, ha criticat el portaveu socialista, lamentant \u201cla falta d\u2019inter\u00e8s de l\u2019alcalde (Antoni Mar\u00ed) en complir amb el seu propi pressupost\u201d. Es tracta d\u2019actuacions que \u201cs\u00f3n molt importants\u201d, ja que aquestes vies \u201ctenen problemes de manteniment que incrementen la seua perillositat\u201d.<\/p>\n<p>\u2018Peret\u2019 s\u2019ha referit tamb\u00e9 a altres vials que necessiten una millora urgent, com \u00e9s el cam\u00ed de Xarrac\u00f3 (imatge adjunta) i molts altres camins asfaltats del municipi, que es troben en un estat \u201cdeficient\u201d de conservaci\u00f3.<\/p>\n<p>El grup PSOE de Sant Joan va demanar en 2018, amb el suport de tots els grups pol\u00edtics, un inventari de la xarxa vi\u00e0ria municipal i el seu estat de manteniment, per tal de projectar un pla de millora d\u2019aquestes carreteres. \u201cTenim molts de quil\u00f2metres de carreteres municipals que s\u2019han d\u2019anar millorant i mantenint, perqu\u00e8 tenen un elevat volum de tr\u00e0nsit, sobretot en els mesos d\u2019estiu\u201d.<\/p>\n<p>De cara a enguany, amb la previsible inici de la recuperaci\u00f3 tur\u00edstica, \u201cno podem continuar amb l\u2019actual situaci\u00f3 d\u2019incompliment dels pressupostos municipals pel que fa a la inversi\u00f3 en millora de la nostra xarxa vi\u00e0ria\u201d, ha explicat Pep \u2018Peret\u2019, qui ha demanat \u201cm\u00e9s inter\u00e8s per part de l\u2019alcalde en l\u2019execuci\u00f3 dels projectes\u201d.<\/p>\n","protected":false},"excerpt":{"rendered":"<p>El grup PSOE de Sant Joan de Labritja denuncia els incompliments de l\u2019ajuntament en inversi\u00f3 de reforma i manteniment de la xarxa vi\u00e0ria municipal, amb diferents projectes previstos ens els \u00faltims exercicis pressupostaris que no s\u2019han arribat a executar. El portaveu socialista, Pep Torres \u2018Peret\u2019, ha posat els exemples dels projectes de millora del cam\u00ed&hellip;<\/p>\n","protected":false},"author":7,"featured_media":32953,"comment_status":"closed","ping_status":"closed","sticky":false,"template":"","format":"standard","meta":{"footnotes":""},"categories":[1,234,189],"tags":[],"class_list":["post-32952","post","type-post","status-publish","format-standard","has-post-thumbnail","hentry","category-federacio-de-eivissa-portada","category-municipis","category-sant-joan-de-labritja"],"yoast_head":"<!-- This site is optimized with the Yoast SEO plugin v26.9 - https:\/\/yoast.com\/product\/yoast-seo-wordpress\/ -->\n<title>El grup PSOE de Sant Joan denuncia els incompliments de &#039;Carraca&#039; en la millora de la xarxa vi\u00e0ria municipal - Federaci\u00f3 Socialista d&#039;Eivissa<\/title>\n<meta name=\"robots\" content=\"index, follow, max-snippet:-1, max-image-preview:large, max-video-preview:-1\" \/>\n<link rel=\"canonical\" href=\"https:\/\/www.psib-psoe.org\/eivissa\/el-grup-psoe-de-sant-joan-denuncia-els-incompliments-de-carraca-en-la-millora-de-la-xarxa-viaria-municipal\/\" \/>\n<meta property=\"og:locale\" content=\"ca_ES\" \/>\n<meta property=\"og:type\" content=\"article\" \/>\n<meta property=\"og:title\" content=\"El grup PSOE de Sant Joan denuncia els incompliments de &#039;Carraca&#039; en la millora de la xarxa vi\u00e0ria municipal - Federaci\u00f3 Socialista d&#039;Eivissa\" \/>\n<meta property=\"og:description\" content=\"El grup PSOE de Sant Joan de Labritja denuncia els incompliments de l\u2019ajuntament en inversi\u00f3 de reforma i manteniment de la xarxa vi\u00e0ria municipal, amb diferents projectes previstos ens els \u00faltims exercicis pressupostaris que no s\u2019han arribat a executar. El portaveu socialista, Pep Torres \u2018Peret\u2019, ha posat els exemples dels projectes de millora del cam\u00ed&hellip;\" \/>\n<meta property=\"og:url\" content=\"https:\/\/www.psib-psoe.org\/eivissa\/el-grup-psoe-de-sant-joan-denuncia-els-incompliments-de-carraca-en-la-millora-de-la-xarxa-viaria-municipal\/\" \/>\n<meta property=\"og:site_name\" content=\"Federaci\u00f3 Socialista d&#039;Eivissa\" \/>\n<meta property=\"article:published_time\" content=\"2021-03-17T12:15:10+00:00\" \/>\n<meta property=\"og:image\" content=\"https:\/\/www.psib-psoe.org\/eivissa\/wp-content\/uploads\/cami\u0301-xarraco\u0301-1024x768.jpg\" \/>\n\t<meta property=\"og:image:width\" content=\"1024\" \/>\n\t<meta property=\"og:image:height\" content=\"768\" \/>\n\t<meta property=\"og:image:type\" content=\"image\/jpeg\" \/>\n<meta name=\"author\" content=\"Josep Ripoll\" \/>\n<meta name=\"twitter:card\" content=\"summary_large_image\" \/>\n<meta name=\"twitter:label1\" content=\"Escrit per\" \/>\n\t<meta name=\"twitter:data1\" content=\"Josep Ripoll\" \/>\n\t<meta name=\"twitter:label2\" content=\"Temps estimat de lectura\" \/>\n\t<meta name=\"twitter:data2\" content=\"2 minuts\" \/>\n<script type=\"application\/ld+json\" class=\"yoast-schema-graph\">{\"@context\":\"https:\/\/schema.org\",\"@graph\":[{\"@type\":[\"Article\",\"BlogPosting\"],\"@id\":\"https:\/\/www.psib-psoe.org\/eivissa\/el-grup-psoe-de-sant-joan-denuncia-els-incompliments-de-carraca-en-la-millora-de-la-xarxa-viaria-municipal\/#article\",\"isPartOf\":{\"@id\":\"https:\/\/www.psib-psoe.org\/eivissa\/el-grup-psoe-de-sant-joan-denuncia-els-incompliments-de-carraca-en-la-millora-de-la-xarxa-viaria-municipal\/\"},\"author\":{\"name\":\"Josep Ripoll\",\"@id\":\"https:\/\/www.psib-psoe.org\/eivissa\/#\/schema\/person\/7a9d2841fb36f32e34fc0e9b245e8117\"},\"headline\":\"El grup PSOE de Sant Joan denuncia els incompliments de &#8216;Carraca&#8217; en la millora de la xarxa vi\u00e0ria municipal\",\"datePublished\":\"2021-03-17T12:15:10+00:00\",\"mainEntityOfPage\":{\"@id\":\"https:\/\/www.psib-psoe.org\/eivissa\/el-grup-psoe-de-sant-joan-denuncia-els-incompliments-de-carraca-en-la-millora-de-la-xarxa-viaria-municipal\/\"},\"wordCount\":321,\"publisher\":{\"@id\":\"https:\/\/www.psib-psoe.org\/eivissa\/#organization\"},\"image\":{\"@id\":\"https:\/\/www.psib-psoe.org\/eivissa\/el-grup-psoe-de-sant-joan-denuncia-els-incompliments-de-carraca-en-la-millora-de-la-xarxa-viaria-municipal\/#primaryimage\"},\"thumbnailUrl\":\"https:\/\/www.psib-psoe.org\/eivissa\/wp-content\/uploads\/cami\u0301-xarraco\u0301.jpg\",\"articleSection\":[\"Federaci\u00f3 d'Eivissa - Portada\",\"Municipis\",\"Sant Joan de Labritja\"],\"inLanguage\":\"ca\"},{\"@type\":\"WebPage\",\"@id\":\"https:\/\/www.psib-psoe.org\/eivissa\/el-grup-psoe-de-sant-joan-denuncia-els-incompliments-de-carraca-en-la-millora-de-la-xarxa-viaria-municipal\/\",\"url\":\"https:\/\/www.psib-psoe.org\/eivissa\/el-grup-psoe-de-sant-joan-denuncia-els-incompliments-de-carraca-en-la-millora-de-la-xarxa-viaria-municipal\/\",\"name\":\"El grup PSOE de Sant Joan denuncia els incompliments de 'Carraca' en la millora de la xarxa vi\u00e0ria municipal - Federaci\u00f3 Socialista d&#039;Eivissa\",\"isPartOf\":{\"@id\":\"https:\/\/www.psib-psoe.org\/eivissa\/#website\"},\"primaryImageOfPage\":{\"@id\":\"https:\/\/www.psib-psoe.org\/eivissa\/el-grup-psoe-de-sant-joan-denuncia-els-incompliments-de-carraca-en-la-millora-de-la-xarxa-viaria-municipal\/#primaryimage\"},\"image\":{\"@id\":\"https:\/\/www.psib-psoe.org\/eivissa\/el-grup-psoe-de-sant-joan-denuncia-els-incompliments-de-carraca-en-la-millora-de-la-xarxa-viaria-municipal\/#primaryimage\"},\"thumbnailUrl\":\"https:\/\/www.psib-psoe.org\/eivissa\/wp-content\/uploads\/cami\u0301-xarraco\u0301.jpg\",\"datePublished\":\"2021-03-17T12:15:10+00:00\",\"breadcrumb\":{\"@id\":\"https:\/\/www.psib-psoe.org\/eivissa\/el-grup-psoe-de-sant-joan-denuncia-els-incompliments-de-carraca-en-la-millora-de-la-xarxa-viaria-municipal\/#breadcrumb\"},\"inLanguage\":\"ca\",\"potentialAction\":[{\"@type\":\"ReadAction\",\"target\":[\"https:\/\/www.psib-psoe.org\/eivissa\/el-grup-psoe-de-sant-joan-denuncia-els-incompliments-de-carraca-en-la-millora-de-la-xarxa-viaria-municipal\/\"]}]},{\"@type\":\"ImageObject\",\"inLanguage\":\"ca\",\"@id\":\"https:\/\/www.psib-psoe.org\/eivissa\/el-grup-psoe-de-sant-joan-denuncia-els-incompliments-de-carraca-en-la-millora-de-la-xarxa-viaria-municipal\/#primaryimage\",\"url\":\"https:\/\/www.psib-psoe.org\/eivissa\/wp-content\/uploads\/cami\u0301-xarraco\u0301.jpg\",\"contentUrl\":\"https:\/\/www.psib-psoe.org\/eivissa\/wp-content\/uploads\/cami\u0301-xarraco\u0301.jpg\",\"width\":4032,\"height\":3024},{\"@type\":\"BreadcrumbList\",\"@id\":\"https:\/\/www.psib-psoe.org\/eivissa\/el-grup-psoe-de-sant-joan-denuncia-els-incompliments-de-carraca-en-la-millora-de-la-xarxa-viaria-municipal\/#breadcrumb\",\"itemListElement\":[{\"@type\":\"ListItem\",\"position\":1,\"name\":\"Inici\",\"item\":\"https:\/\/www.psib-psoe.org\/eivissa\/\"},{\"@type\":\"ListItem\",\"position\":2,\"name\":\"El grup PSOE de Sant Joan denuncia els incompliments de &#8216;Carraca&#8217; en la millora de la xarxa vi\u00e0ria municipal\"}]},{\"@type\":\"WebSite\",\"@id\":\"https:\/\/www.psib-psoe.org\/eivissa\/#website\",\"url\":\"https:\/\/www.psib-psoe.org\/eivissa\/\",\"name\":\"Federaci\u00f3 Socialista d'Eivissa\",\"description\":\"Socialistes d&#039;Eivissa\",\"publisher\":{\"@id\":\"https:\/\/www.psib-psoe.org\/eivissa\/#organization\"},\"potentialAction\":[{\"@type\":\"SearchAction\",\"target\":{\"@type\":\"EntryPoint\",\"urlTemplate\":\"https:\/\/www.psib-psoe.org\/eivissa\/?s={search_term_string}\"},\"query-input\":{\"@type\":\"PropertyValueSpecification\",\"valueRequired\":true,\"valueName\":\"search_term_string\"}}],\"inLanguage\":\"ca\"},{\"@type\":\"Organization\",\"@id\":\"https:\/\/www.psib-psoe.org\/eivissa\/#organization\",\"name\":\"Federaci\u00f3 Socialista d'Eivissa\",\"url\":\"https:\/\/www.psib-psoe.org\/eivissa\/\",\"logo\":{\"@type\":\"ImageObject\",\"inLanguage\":\"ca\",\"@id\":\"https:\/\/www.psib-psoe.org\/eivissa\/#\/schema\/logo\/image\/\",\"url\":\"https:\/\/www.psib-psoe.org\/eivissa\/wp-content\/uploads\/LOGO-FSE-SOCIALISTA-DEIVISSA-HORI.png\",\"contentUrl\":\"https:\/\/www.psib-psoe.org\/eivissa\/wp-content\/uploads\/LOGO-FSE-SOCIALISTA-DEIVISSA-HORI.png\",\"width\":6000,\"height\":3104,\"caption\":\"Federaci\u00f3 Socialista d'Eivissa\"},\"image\":{\"@id\":\"https:\/\/www.psib-psoe.org\/eivissa\/#\/schema\/logo\/image\/\"}},{\"@type\":\"Person\",\"@id\":\"https:\/\/www.psib-psoe.org\/eivissa\/#\/schema\/person\/7a9d2841fb36f32e34fc0e9b245e8117\",\"name\":\"Josep Ripoll\",\"sameAs\":[\"http:\/\/www.psib-psoe.org\/eivissa\/wp-login.php\"],\"url\":\"https:\/\/www.psib-psoe.org\/eivissa\/author\/josep\/\"}]}<\/script>\n<!-- \/ Yoast SEO plugin. -->","yoast_head_json":{"title":"El grup PSOE de Sant Joan denuncia els incompliments de 'Carraca' en la millora de la xarxa vi\u00e0ria municipal - Federaci\u00f3 Socialista d&#039;Eivissa","robots":{"index":"index","follow":"follow","max-snippet":"max-snippet:-1","max-image-preview":"max-image-preview:large","max-video-preview":"max-video-preview:-1"},"canonical":"https:\/\/www.psib-psoe.org\/eivissa\/el-grup-psoe-de-sant-joan-denuncia-els-incompliments-de-carraca-en-la-millora-de-la-xarxa-viaria-municipal\/","og_locale":"ca_ES","og_type":"article","og_title":"El grup PSOE de Sant Joan denuncia els incompliments de 'Carraca' en la millora de la xarxa vi\u00e0ria municipal - Federaci\u00f3 Socialista d&#039;Eivissa","og_description":"El grup PSOE de Sant Joan de Labritja denuncia els incompliments de l\u2019ajuntament en inversi\u00f3 de reforma i manteniment de la xarxa vi\u00e0ria municipal, amb diferents projectes previstos ens els \u00faltims exercicis pressupostaris que no s\u2019han arribat a executar. El portaveu socialista, Pep Torres \u2018Peret\u2019, ha posat els exemples dels projectes de millora del cam\u00ed&hellip;","og_url":"https:\/\/www.psib-psoe.org\/eivissa\/el-grup-psoe-de-sant-joan-denuncia-els-incompliments-de-carraca-en-la-millora-de-la-xarxa-viaria-municipal\/","og_site_name":"Federaci\u00f3 Socialista d&#039;Eivissa","article_published_time":"2021-03-17T12:15:10+00:00","og_image":[{"width":1024,"height":768,"url":"https:\/\/www.psib-psoe.org\/eivissa\/wp-content\/uploads\/cami\u0301-xarraco\u0301-1024x768.jpg","type":"image\/jpeg"}],"author":"Josep Ripoll","twitter_card":"summary_large_image","twitter_misc":{"Escrit per":"Josep Ripoll","Temps estimat de lectura":"2 minuts"},"schema":{"@context":"https:\/\/schema.org","@graph":[{"@type":["Article","BlogPosting"],"@id":"https:\/\/www.psib-psoe.org\/eivissa\/el-grup-psoe-de-sant-joan-denuncia-els-incompliments-de-carraca-en-la-millora-de-la-xarxa-viaria-municipal\/#article","isPartOf":{"@id":"https:\/\/www.psib-psoe.org\/eivissa\/el-grup-psoe-de-sant-joan-denuncia-els-incompliments-de-carraca-en-la-millora-de-la-xarxa-viaria-municipal\/"},"author":{"name":"Josep Ripoll","@id":"https:\/\/www.psib-psoe.org\/eivissa\/#\/schema\/person\/7a9d2841fb36f32e34fc0e9b245e8117"},"headline":"El grup PSOE de Sant Joan denuncia els incompliments de &#8216;Carraca&#8217; en la millora de la xarxa vi\u00e0ria municipal","datePublished":"2021-03-17T12:15:10+00:00","mainEntityOfPage":{"@id":"https:\/\/www.psib-psoe.org\/eivissa\/el-grup-psoe-de-sant-joan-denuncia-els-incompliments-de-carraca-en-la-millora-de-la-xarxa-viaria-municipal\/"},"wordCount":321,"publisher":{"@id":"https:\/\/www.psib-psoe.org\/eivissa\/#organization"},"image":{"@id":"https:\/\/www.psib-psoe.org\/eivissa\/el-grup-psoe-de-sant-joan-denuncia-els-incompliments-de-carraca-en-la-millora-de-la-xarxa-viaria-municipal\/#primaryimage"},"thumbnailUrl":"https:\/\/www.psib-psoe.org\/eivissa\/wp-content\/uploads\/cami\u0301-xarraco\u0301.jpg","articleSection":["Federaci\u00f3 d'Eivissa - Portada","Municipis","Sant Joan de Labritja"],"inLanguage":"ca"},{"@type":"WebPage","@id":"https:\/\/www.psib-psoe.org\/eivissa\/el-grup-psoe-de-sant-joan-denuncia-els-incompliments-de-carraca-en-la-millora-de-la-xarxa-viaria-municipal\/","url":"https:\/\/www.psib-psoe.org\/eivissa\/el-grup-psoe-de-sant-joan-denuncia-els-incompliments-de-carraca-en-la-millora-de-la-xarxa-viaria-municipal\/","name":"El grup PSOE de Sant Joan denuncia els incompliments de 'Carraca' en la millora de la xarxa vi\u00e0ria municipal - Federaci\u00f3 Socialista d&#039;Eivissa","isPartOf":{"@id":"https:\/\/www.psib-psoe.org\/eivissa\/#website"},"primaryImageOfPage":{"@id":"https:\/\/www.psib-psoe.org\/eivissa\/el-grup-psoe-de-sant-joan-denuncia-els-incompliments-de-carraca-en-la-millora-de-la-xarxa-viaria-municipal\/#primaryimage"},"image":{"@id":"https:\/\/www.psib-psoe.org\/eivissa\/el-grup-psoe-de-sant-joan-denuncia-els-incompliments-de-carraca-en-la-millora-de-la-xarxa-viaria-municipal\/#primaryimage"},"thumbnailUrl":"https:\/\/www.psib-psoe.org\/eivissa\/wp-content\/uploads\/cami\u0301-xarraco\u0301.jpg","datePublished":"2021-03-17T12:15:10+00:00","breadcrumb":{"@id":"https:\/\/www.psib-psoe.org\/eivissa\/el-grup-psoe-de-sant-joan-denuncia-els-incompliments-de-carraca-en-la-millora-de-la-xarxa-viaria-municipal\/#breadcrumb"},"inLanguage":"ca","potentialAction":[{"@type":"ReadAction","target":["https:\/\/www.psib-psoe.org\/eivissa\/el-grup-psoe-de-sant-joan-denuncia-els-incompliments-de-carraca-en-la-millora-de-la-xarxa-viaria-municipal\/"]}]},{"@type":"ImageObject","inLanguage":"ca","@id":"https:\/\/www.psib-psoe.org\/eivissa\/el-grup-psoe-de-sant-joan-denuncia-els-incompliments-de-carraca-en-la-millora-de-la-xarxa-viaria-municipal\/#primaryimage","url":"https:\/\/www.psib-psoe.org\/eivissa\/wp-content\/uploads\/cami\u0301-xarraco\u0301.jpg","contentUrl":"https:\/\/www.psib-psoe.org\/eivissa\/wp-content\/uploads\/cami\u0301-xarraco\u0301.jpg","width":4032,"height":3024},{"@type":"BreadcrumbList","@id":"https:\/\/www.psib-psoe.org\/eivissa\/el-grup-psoe-de-sant-joan-denuncia-els-incompliments-de-carraca-en-la-millora-de-la-xarxa-viaria-municipal\/#breadcrumb","itemListElement":[{"@type":"ListItem","position":1,"name":"Inici","item":"https:\/\/www.psib-psoe.org\/eivissa\/"},{"@type":"ListItem","position":2,"name":"El grup PSOE de Sant Joan denuncia els incompliments de &#8216;Carraca&#8217; en la millora de la xarxa vi\u00e0ria municipal"}]},{"@type":"WebSite","@id":"https:\/\/www.psib-psoe.org\/eivissa\/#website","url":"https:\/\/www.psib-psoe.org\/eivissa\/","name":"Federaci\u00f3 Socialista d'Eivissa","description":"Socialistes d&#039;Eivissa","publisher":{"@id":"https:\/\/www.psib-psoe.org\/eivissa\/#organization"},"potentialAction":[{"@type":"SearchAction","target":{"@type":"EntryPoint","urlTemplate":"https:\/\/www.psib-psoe.org\/eivissa\/?s={search_term_string}"},"query-input":{"@type":"PropertyValueSpecification","valueRequired":true,"valueName":"search_term_string"}}],"inLanguage":"ca"},{"@type":"Organization","@id":"https:\/\/www.psib-psoe.org\/eivissa\/#organization","name":"Federaci\u00f3 Socialista d'Eivissa","url":"https:\/\/www.psib-psoe.org\/eivissa\/","logo":{"@type":"ImageObject","inLanguage":"ca","@id":"https:\/\/www.psib-psoe.org\/eivissa\/#\/schema\/logo\/image\/","url":"https:\/\/www.psib-psoe.org\/eivissa\/wp-content\/uploads\/LOGO-FSE-SOCIALISTA-DEIVISSA-HORI.png","contentUrl":"https:\/\/www.psib-psoe.org\/eivissa\/wp-content\/uploads\/LOGO-FSE-SOCIALISTA-DEIVISSA-HORI.png","width":6000,"height":3104,"caption":"Federaci\u00f3 Socialista d'Eivissa"},"image":{"@id":"https:\/\/www.psib-psoe.org\/eivissa\/#\/schema\/logo\/image\/"}},{"@type":"Person","@id":"https:\/\/www.psib-psoe.org\/eivissa\/#\/schema\/person\/7a9d2841fb36f32e34fc0e9b245e8117","name":"Josep Ripoll","sameAs":["http:\/\/www.psib-psoe.org\/eivissa\/wp-login.php"],"url":"https:\/\/www.psib-psoe.org\/eivissa\/author\/josep\/"}]}},"_links":{"self":[{"href":"https:\/\/www.psib-psoe.org\/eivissa\/wp-json\/wp\/v2\/posts\/32952","targetHints":{"allow":["GET"]}}],"collection":[{"href":"https:\/\/www.psib-psoe.org\/eivissa\/wp-json\/wp\/v2\/posts"}],"about":[{"href":"https:\/\/www.psib-psoe.org\/eivissa\/wp-json\/wp\/v2\/types\/post"}],"author":[{"embeddable":true,"href":"https:\/\/www.psib-psoe.org\/eivissa\/wp-json\/wp\/v2\/users\/7"}],"replies":[{"embeddable":true,"href":"https:\/\/www.psib-psoe.org\/eivissa\/wp-json\/wp\/v2\/comments?post=32952"}],"version-history":[{"count":1,"href":"https:\/\/www.psib-psoe.org\/eivissa\/wp-json\/wp\/v2\/posts\/32952\/revisions"}],"predecessor-version":[{"id":32955,"href":"https:\/\/www.psib-psoe.org\/eivissa\/wp-json\/wp\/v2\/posts\/32952\/revisions\/32955"}],"wp:featuredmedia":[{"embeddable":true,"href":"https:\/\/www.psib-psoe.org\/eivissa\/wp-json\/wp\/v2\/media\/32953"}],"wp:attachment":[{"href":"https:\/\/www.psib-psoe.org\/eivissa\/wp-json\/wp\/v2\/media?parent=32952"}],"wp:term":[{"taxonomy":"category","embeddable":true,"href":"https:\/\/www.psib-psoe.org\/eivissa\/wp-json\/wp\/v2\/categories?post=32952"},{"taxonomy":"post_tag","embeddable":true,"href":"https:\/\/www.psib-psoe.org\/eivissa\/wp-json\/wp\/v2\/tags?post=32952"}],"curies":[{"name":"wp","href":"https:\/\/api.w.org\/{rel}","templated":true}]}}