{"id":32962,"date":"2021-03-18T12:47:25","date_gmt":"2021-03-18T10:47:25","guid":{"rendered":"https:\/\/www.psib-psoe.org\/eivissa\/?p=32962"},"modified":"2021-03-18T13:03:02","modified_gmt":"2021-03-18T11:03:02","slug":"la-fse-psoe-recuerda-que-comer-en-el-centro-de-trabajo-es-permitido-por-la-normativa-sanitaria","status":"publish","type":"post","link":"https:\/\/www.psib-psoe.org\/eivissa\/la-fse-psoe-recuerda-que-comer-en-el-centro-de-trabajo-es-permitido-por-la-normativa-sanitaria\/","title":{"rendered":"La FSE-PSOE recuerda que comer en el centro de trabajo est\u00e1 permitido por la normativa sanitaria"},"content":{"rendered":"<p>En relaci\u00f3n con las publicaciones aparecidas hoy, la FSE-PSOE recuerda que la ingesta de comida y bebida en el centro de trabajo est\u00e1 permitido por la normativa sanitaria, ya que no se considera un encuentro social sino laboral. Hay numerosos ejemplos recientes en este sentido, como puede ser la comida y bebida que ha ofrecido el presidente del Consell Insular, Vicent Mar\u00ed, a los visitantes de fuera de la instituci\u00f3n en reuniones que han tenido lugar en las \u00faltimas semanas y durante todos los meses de pandemia.<\/p>\n<p>Lo mismo ocurre en centros educativos y muchos otros centros de trabajo, que tienen abiertos espacios de comedor y cafeter\u00eda para servir comida y bebida, lo cual est\u00e1 permitido al tratarse de entornos escolares o laborales.<\/p>\n<p>La FSE-PSOE considera que en pol\u00edtica no todo vale y que se deben rechazar las campa\u00f1as difamatorias basadas en la manipulaci\u00f3n y la falsedad, que tienen como \u00fanico objetivo atacar y desprestigiar al adversario pol\u00edtico para intentar erosionar su imagen ante la ciudadan\u00eda.<\/p>\n","protected":false},"excerpt":{"rendered":"<p>En relaci\u00f3n con las publicaciones aparecidas hoy, la FSE-PSOE recuerda que la ingesta de comida y bebida en el centro de trabajo est\u00e1 permitido por la normativa sanitaria, ya que no se considera un encuentro social sino laboral. Hay numerosos ejemplos recientes en este sentido, como puede ser la comida y bebida que ha ofrecido&hellip;<\/p>\n","protected":false},"author":7,"featured_media":32960,"comment_status":"closed","ping_status":"closed","sticky":false,"template":"","format":"standard","meta":{"footnotes":""},"categories":[212],"tags":[],"class_list":["post-32962","post","type-post","status-publish","format-standard","has-post-thumbnail","hentry","category-fse-psoe"],"yoast_head":"<!-- This site is optimized with the Yoast SEO plugin v26.9 - https:\/\/yoast.com\/product\/yoast-seo-wordpress\/ -->\n<title>La FSE-PSOE recuerda que comer en el centro de trabajo est\u00e1 permitido por la normativa sanitaria - Federaci\u00f3 Socialista d&#039;Eivissa<\/title>\n<meta name=\"robots\" content=\"index, follow, max-snippet:-1, max-image-preview:large, max-video-preview:-1\" \/>\n<link rel=\"canonical\" href=\"https:\/\/www.psib-psoe.org\/eivissa\/la-fse-psoe-recuerda-que-comer-en-el-centro-de-trabajo-es-permitido-por-la-normativa-sanitaria\/\" \/>\n<meta property=\"og:locale\" content=\"ca_ES\" \/>\n<meta property=\"og:type\" content=\"article\" \/>\n<meta property=\"og:title\" content=\"La FSE-PSOE recuerda que comer en el centro de trabajo est\u00e1 permitido por la normativa sanitaria - Federaci\u00f3 Socialista d&#039;Eivissa\" \/>\n<meta property=\"og:description\" content=\"En relaci\u00f3n con las publicaciones aparecidas hoy, la FSE-PSOE recuerda que la ingesta de comida y bebida en el centro de trabajo est\u00e1 permitido por la normativa sanitaria, ya que no se considera un encuentro social sino laboral. Hay numerosos ejemplos recientes en este sentido, como puede ser la comida y bebida que ha ofrecido&hellip;\" \/>\n<meta property=\"og:url\" content=\"https:\/\/www.psib-psoe.org\/eivissa\/la-fse-psoe-recuerda-que-comer-en-el-centro-de-trabajo-es-permitido-por-la-normativa-sanitaria\/\" \/>\n<meta property=\"og:site_name\" content=\"Federaci\u00f3 Socialista d&#039;Eivissa\" \/>\n<meta property=\"article:published_time\" content=\"2021-03-18T10:47:25+00:00\" \/>\n<meta property=\"article:modified_time\" content=\"2021-03-18T11:03:02+00:00\" \/>\n<meta property=\"og:image\" content=\"https:\/\/www.psib-psoe.org\/eivissa\/wp-content\/uploads\/logo-EIVISSA-PSOE-blanc-fons-vermell.jpg\" \/>\n\t<meta property=\"og:image:width\" content=\"773\" \/>\n\t<meta property=\"og:image:height\" content=\"434\" \/>\n\t<meta property=\"og:image:type\" content=\"image\/jpeg\" \/>\n<meta name=\"author\" content=\"Josep Ripoll\" \/>\n<meta name=\"twitter:card\" content=\"summary_large_image\" \/>\n<meta name=\"twitter:label1\" content=\"Escrit per\" \/>\n\t<meta name=\"twitter:data1\" content=\"Josep Ripoll\" \/>\n\t<meta name=\"twitter:label2\" content=\"Temps estimat de lectura\" \/>\n\t<meta name=\"twitter:data2\" content=\"1 minut\" \/>\n<script type=\"application\/ld+json\" class=\"yoast-schema-graph\">{\"@context\":\"https:\/\/schema.org\",\"@graph\":[{\"@type\":[\"Article\",\"BlogPosting\"],\"@id\":\"https:\/\/www.psib-psoe.org\/eivissa\/la-fse-psoe-recuerda-que-comer-en-el-centro-de-trabajo-es-permitido-por-la-normativa-sanitaria\/#article\",\"isPartOf\":{\"@id\":\"https:\/\/www.psib-psoe.org\/eivissa\/la-fse-psoe-recuerda-que-comer-en-el-centro-de-trabajo-es-permitido-por-la-normativa-sanitaria\/\"},\"author\":{\"name\":\"Josep Ripoll\",\"@id\":\"https:\/\/www.psib-psoe.org\/eivissa\/#\/schema\/person\/7a9d2841fb36f32e34fc0e9b245e8117\"},\"headline\":\"La FSE-PSOE recuerda que comer en el centro de trabajo est\u00e1 permitido por la normativa sanitaria\",\"datePublished\":\"2021-03-18T10:47:25+00:00\",\"dateModified\":\"2021-03-18T11:03:02+00:00\",\"mainEntityOfPage\":{\"@id\":\"https:\/\/www.psib-psoe.org\/eivissa\/la-fse-psoe-recuerda-que-comer-en-el-centro-de-trabajo-es-permitido-por-la-normativa-sanitaria\/\"},\"wordCount\":190,\"publisher\":{\"@id\":\"https:\/\/www.psib-psoe.org\/eivissa\/#organization\"},\"image\":{\"@id\":\"https:\/\/www.psib-psoe.org\/eivissa\/la-fse-psoe-recuerda-que-comer-en-el-centro-de-trabajo-es-permitido-por-la-normativa-sanitaria\/#primaryimage\"},\"thumbnailUrl\":\"https:\/\/www.psib-psoe.org\/eivissa\/wp-content\/uploads\/logo-EIVISSA-PSOE-blanc-fons-vermell.jpg\",\"articleSection\":[\"FSE-PSOE\"],\"inLanguage\":\"ca\"},{\"@type\":\"WebPage\",\"@id\":\"https:\/\/www.psib-psoe.org\/eivissa\/la-fse-psoe-recuerda-que-comer-en-el-centro-de-trabajo-es-permitido-por-la-normativa-sanitaria\/\",\"url\":\"https:\/\/www.psib-psoe.org\/eivissa\/la-fse-psoe-recuerda-que-comer-en-el-centro-de-trabajo-es-permitido-por-la-normativa-sanitaria\/\",\"name\":\"La FSE-PSOE recuerda que comer en el centro de trabajo est\u00e1 permitido por la normativa sanitaria - Federaci\u00f3 Socialista d&#039;Eivissa\",\"isPartOf\":{\"@id\":\"https:\/\/www.psib-psoe.org\/eivissa\/#website\"},\"primaryImageOfPage\":{\"@id\":\"https:\/\/www.psib-psoe.org\/eivissa\/la-fse-psoe-recuerda-que-comer-en-el-centro-de-trabajo-es-permitido-por-la-normativa-sanitaria\/#primaryimage\"},\"image\":{\"@id\":\"https:\/\/www.psib-psoe.org\/eivissa\/la-fse-psoe-recuerda-que-comer-en-el-centro-de-trabajo-es-permitido-por-la-normativa-sanitaria\/#primaryimage\"},\"thumbnailUrl\":\"https:\/\/www.psib-psoe.org\/eivissa\/wp-content\/uploads\/logo-EIVISSA-PSOE-blanc-fons-vermell.jpg\",\"datePublished\":\"2021-03-18T10:47:25+00:00\",\"dateModified\":\"2021-03-18T11:03:02+00:00\",\"breadcrumb\":{\"@id\":\"https:\/\/www.psib-psoe.org\/eivissa\/la-fse-psoe-recuerda-que-comer-en-el-centro-de-trabajo-es-permitido-por-la-normativa-sanitaria\/#breadcrumb\"},\"inLanguage\":\"ca\",\"potentialAction\":[{\"@type\":\"ReadAction\",\"target\":[\"https:\/\/www.psib-psoe.org\/eivissa\/la-fse-psoe-recuerda-que-comer-en-el-centro-de-trabajo-es-permitido-por-la-normativa-sanitaria\/\"]}]},{\"@type\":\"ImageObject\",\"inLanguage\":\"ca\",\"@id\":\"https:\/\/www.psib-psoe.org\/eivissa\/la-fse-psoe-recuerda-que-comer-en-el-centro-de-trabajo-es-permitido-por-la-normativa-sanitaria\/#primaryimage\",\"url\":\"https:\/\/www.psib-psoe.org\/eivissa\/wp-content\/uploads\/logo-EIVISSA-PSOE-blanc-fons-vermell.jpg\",\"contentUrl\":\"https:\/\/www.psib-psoe.org\/eivissa\/wp-content\/uploads\/logo-EIVISSA-PSOE-blanc-fons-vermell.jpg\",\"width\":773,\"height\":434},{\"@type\":\"BreadcrumbList\",\"@id\":\"https:\/\/www.psib-psoe.org\/eivissa\/la-fse-psoe-recuerda-que-comer-en-el-centro-de-trabajo-es-permitido-por-la-normativa-sanitaria\/#breadcrumb\",\"itemListElement\":[{\"@type\":\"ListItem\",\"position\":1,\"name\":\"Inici\",\"item\":\"https:\/\/www.psib-psoe.org\/eivissa\/\"},{\"@type\":\"ListItem\",\"position\":2,\"name\":\"La FSE-PSOE recuerda que comer en el centro de trabajo est\u00e1 permitido por la normativa sanitaria\"}]},{\"@type\":\"WebSite\",\"@id\":\"https:\/\/www.psib-psoe.org\/eivissa\/#website\",\"url\":\"https:\/\/www.psib-psoe.org\/eivissa\/\",\"name\":\"Federaci\u00f3 Socialista d'Eivissa\",\"description\":\"Socialistes d&#039;Eivissa\",\"publisher\":{\"@id\":\"https:\/\/www.psib-psoe.org\/eivissa\/#organization\"},\"potentialAction\":[{\"@type\":\"SearchAction\",\"target\":{\"@type\":\"EntryPoint\",\"urlTemplate\":\"https:\/\/www.psib-psoe.org\/eivissa\/?s={search_term_string}\"},\"query-input\":{\"@type\":\"PropertyValueSpecification\",\"valueRequired\":true,\"valueName\":\"search_term_string\"}}],\"inLanguage\":\"ca\"},{\"@type\":\"Organization\",\"@id\":\"https:\/\/www.psib-psoe.org\/eivissa\/#organization\",\"name\":\"Federaci\u00f3 Socialista d'Eivissa\",\"url\":\"https:\/\/www.psib-psoe.org\/eivissa\/\",\"logo\":{\"@type\":\"ImageObject\",\"inLanguage\":\"ca\",\"@id\":\"https:\/\/www.psib-psoe.org\/eivissa\/#\/schema\/logo\/image\/\",\"url\":\"https:\/\/www.psib-psoe.org\/eivissa\/wp-content\/uploads\/LOGO-FSE-SOCIALISTA-DEIVISSA-HORI.png\",\"contentUrl\":\"https:\/\/www.psib-psoe.org\/eivissa\/wp-content\/uploads\/LOGO-FSE-SOCIALISTA-DEIVISSA-HORI.png\",\"width\":6000,\"height\":3104,\"caption\":\"Federaci\u00f3 Socialista d'Eivissa\"},\"image\":{\"@id\":\"https:\/\/www.psib-psoe.org\/eivissa\/#\/schema\/logo\/image\/\"}},{\"@type\":\"Person\",\"@id\":\"https:\/\/www.psib-psoe.org\/eivissa\/#\/schema\/person\/7a9d2841fb36f32e34fc0e9b245e8117\",\"name\":\"Josep Ripoll\",\"sameAs\":[\"http:\/\/www.psib-psoe.org\/eivissa\/wp-login.php\"],\"url\":\"https:\/\/www.psib-psoe.org\/eivissa\/author\/josep\/\"}]}<\/script>\n<!-- \/ Yoast SEO plugin. -->","yoast_head_json":{"title":"La FSE-PSOE recuerda que comer en el centro de trabajo est\u00e1 permitido por la normativa sanitaria - Federaci\u00f3 Socialista d&#039;Eivissa","robots":{"index":"index","follow":"follow","max-snippet":"max-snippet:-1","max-image-preview":"max-image-preview:large","max-video-preview":"max-video-preview:-1"},"canonical":"https:\/\/www.psib-psoe.org\/eivissa\/la-fse-psoe-recuerda-que-comer-en-el-centro-de-trabajo-es-permitido-por-la-normativa-sanitaria\/","og_locale":"ca_ES","og_type":"article","og_title":"La FSE-PSOE recuerda que comer en el centro de trabajo est\u00e1 permitido por la normativa sanitaria - Federaci\u00f3 Socialista d&#039;Eivissa","og_description":"En relaci\u00f3n con las publicaciones aparecidas hoy, la FSE-PSOE recuerda que la ingesta de comida y bebida en el centro de trabajo est\u00e1 permitido por la normativa sanitaria, ya que no se considera un encuentro social sino laboral. Hay numerosos ejemplos recientes en este sentido, como puede ser la comida y bebida que ha ofrecido&hellip;","og_url":"https:\/\/www.psib-psoe.org\/eivissa\/la-fse-psoe-recuerda-que-comer-en-el-centro-de-trabajo-es-permitido-por-la-normativa-sanitaria\/","og_site_name":"Federaci\u00f3 Socialista d&#039;Eivissa","article_published_time":"2021-03-18T10:47:25+00:00","article_modified_time":"2021-03-18T11:03:02+00:00","og_image":[{"width":773,"height":434,"url":"https:\/\/www.psib-psoe.org\/eivissa\/wp-content\/uploads\/logo-EIVISSA-PSOE-blanc-fons-vermell.jpg","type":"image\/jpeg"}],"author":"Josep Ripoll","twitter_card":"summary_large_image","twitter_misc":{"Escrit per":"Josep Ripoll","Temps estimat de lectura":"1 minut"},"schema":{"@context":"https:\/\/schema.org","@graph":[{"@type":["Article","BlogPosting"],"@id":"https:\/\/www.psib-psoe.org\/eivissa\/la-fse-psoe-recuerda-que-comer-en-el-centro-de-trabajo-es-permitido-por-la-normativa-sanitaria\/#article","isPartOf":{"@id":"https:\/\/www.psib-psoe.org\/eivissa\/la-fse-psoe-recuerda-que-comer-en-el-centro-de-trabajo-es-permitido-por-la-normativa-sanitaria\/"},"author":{"name":"Josep Ripoll","@id":"https:\/\/www.psib-psoe.org\/eivissa\/#\/schema\/person\/7a9d2841fb36f32e34fc0e9b245e8117"},"headline":"La FSE-PSOE recuerda que comer en el centro de trabajo est\u00e1 permitido por la normativa sanitaria","datePublished":"2021-03-18T10:47:25+00:00","dateModified":"2021-03-18T11:03:02+00:00","mainEntityOfPage":{"@id":"https:\/\/www.psib-psoe.org\/eivissa\/la-fse-psoe-recuerda-que-comer-en-el-centro-de-trabajo-es-permitido-por-la-normativa-sanitaria\/"},"wordCount":190,"publisher":{"@id":"https:\/\/www.psib-psoe.org\/eivissa\/#organization"},"image":{"@id":"https:\/\/www.psib-psoe.org\/eivissa\/la-fse-psoe-recuerda-que-comer-en-el-centro-de-trabajo-es-permitido-por-la-normativa-sanitaria\/#primaryimage"},"thumbnailUrl":"https:\/\/www.psib-psoe.org\/eivissa\/wp-content\/uploads\/logo-EIVISSA-PSOE-blanc-fons-vermell.jpg","articleSection":["FSE-PSOE"],"inLanguage":"ca"},{"@type":"WebPage","@id":"https:\/\/www.psib-psoe.org\/eivissa\/la-fse-psoe-recuerda-que-comer-en-el-centro-de-trabajo-es-permitido-por-la-normativa-sanitaria\/","url":"https:\/\/www.psib-psoe.org\/eivissa\/la-fse-psoe-recuerda-que-comer-en-el-centro-de-trabajo-es-permitido-por-la-normativa-sanitaria\/","name":"La FSE-PSOE recuerda que comer en el centro de trabajo est\u00e1 permitido por la normativa sanitaria - Federaci\u00f3 Socialista d&#039;Eivissa","isPartOf":{"@id":"https:\/\/www.psib-psoe.org\/eivissa\/#website"},"primaryImageOfPage":{"@id":"https:\/\/www.psib-psoe.org\/eivissa\/la-fse-psoe-recuerda-que-comer-en-el-centro-de-trabajo-es-permitido-por-la-normativa-sanitaria\/#primaryimage"},"image":{"@id":"https:\/\/www.psib-psoe.org\/eivissa\/la-fse-psoe-recuerda-que-comer-en-el-centro-de-trabajo-es-permitido-por-la-normativa-sanitaria\/#primaryimage"},"thumbnailUrl":"https:\/\/www.psib-psoe.org\/eivissa\/wp-content\/uploads\/logo-EIVISSA-PSOE-blanc-fons-vermell.jpg","datePublished":"2021-03-18T10:47:25+00:00","dateModified":"2021-03-18T11:03:02+00:00","breadcrumb":{"@id":"https:\/\/www.psib-psoe.org\/eivissa\/la-fse-psoe-recuerda-que-comer-en-el-centro-de-trabajo-es-permitido-por-la-normativa-sanitaria\/#breadcrumb"},"inLanguage":"ca","potentialAction":[{"@type":"ReadAction","target":["https:\/\/www.psib-psoe.org\/eivissa\/la-fse-psoe-recuerda-que-comer-en-el-centro-de-trabajo-es-permitido-por-la-normativa-sanitaria\/"]}]},{"@type":"ImageObject","inLanguage":"ca","@id":"https:\/\/www.psib-psoe.org\/eivissa\/la-fse-psoe-recuerda-que-comer-en-el-centro-de-trabajo-es-permitido-por-la-normativa-sanitaria\/#primaryimage","url":"https:\/\/www.psib-psoe.org\/eivissa\/wp-content\/uploads\/logo-EIVISSA-PSOE-blanc-fons-vermell.jpg","contentUrl":"https:\/\/www.psib-psoe.org\/eivissa\/wp-content\/uploads\/logo-EIVISSA-PSOE-blanc-fons-vermell.jpg","width":773,"height":434},{"@type":"BreadcrumbList","@id":"https:\/\/www.psib-psoe.org\/eivissa\/la-fse-psoe-recuerda-que-comer-en-el-centro-de-trabajo-es-permitido-por-la-normativa-sanitaria\/#breadcrumb","itemListElement":[{"@type":"ListItem","position":1,"name":"Inici","item":"https:\/\/www.psib-psoe.org\/eivissa\/"},{"@type":"ListItem","position":2,"name":"La FSE-PSOE recuerda que comer en el centro de trabajo est\u00e1 permitido por la normativa sanitaria"}]},{"@type":"WebSite","@id":"https:\/\/www.psib-psoe.org\/eivissa\/#website","url":"https:\/\/www.psib-psoe.org\/eivissa\/","name":"Federaci\u00f3 Socialista d'Eivissa","description":"Socialistes d&#039;Eivissa","publisher":{"@id":"https:\/\/www.psib-psoe.org\/eivissa\/#organization"},"potentialAction":[{"@type":"SearchAction","target":{"@type":"EntryPoint","urlTemplate":"https:\/\/www.psib-psoe.org\/eivissa\/?s={search_term_string}"},"query-input":{"@type":"PropertyValueSpecification","valueRequired":true,"valueName":"search_term_string"}}],"inLanguage":"ca"},{"@type":"Organization","@id":"https:\/\/www.psib-psoe.org\/eivissa\/#organization","name":"Federaci\u00f3 Socialista d'Eivissa","url":"https:\/\/www.psib-psoe.org\/eivissa\/","logo":{"@type":"ImageObject","inLanguage":"ca","@id":"https:\/\/www.psib-psoe.org\/eivissa\/#\/schema\/logo\/image\/","url":"https:\/\/www.psib-psoe.org\/eivissa\/wp-content\/uploads\/LOGO-FSE-SOCIALISTA-DEIVISSA-HORI.png","contentUrl":"https:\/\/www.psib-psoe.org\/eivissa\/wp-content\/uploads\/LOGO-FSE-SOCIALISTA-DEIVISSA-HORI.png","width":6000,"height":3104,"caption":"Federaci\u00f3 Socialista d'Eivissa"},"image":{"@id":"https:\/\/www.psib-psoe.org\/eivissa\/#\/schema\/logo\/image\/"}},{"@type":"Person","@id":"https:\/\/www.psib-psoe.org\/eivissa\/#\/schema\/person\/7a9d2841fb36f32e34fc0e9b245e8117","name":"Josep Ripoll","sameAs":["http:\/\/www.psib-psoe.org\/eivissa\/wp-login.php"],"url":"https:\/\/www.psib-psoe.org\/eivissa\/author\/josep\/"}]}},"_links":{"self":[{"href":"https:\/\/www.psib-psoe.org\/eivissa\/wp-json\/wp\/v2\/posts\/32962","targetHints":{"allow":["GET"]}}],"collection":[{"href":"https:\/\/www.psib-psoe.org\/eivissa\/wp-json\/wp\/v2\/posts"}],"about":[{"href":"https:\/\/www.psib-psoe.org\/eivissa\/wp-json\/wp\/v2\/types\/post"}],"author":[{"embeddable":true,"href":"https:\/\/www.psib-psoe.org\/eivissa\/wp-json\/wp\/v2\/users\/7"}],"replies":[{"embeddable":true,"href":"https:\/\/www.psib-psoe.org\/eivissa\/wp-json\/wp\/v2\/comments?post=32962"}],"version-history":[{"count":4,"href":"https:\/\/www.psib-psoe.org\/eivissa\/wp-json\/wp\/v2\/posts\/32962\/revisions"}],"predecessor-version":[{"id":32966,"href":"https:\/\/www.psib-psoe.org\/eivissa\/wp-json\/wp\/v2\/posts\/32962\/revisions\/32966"}],"wp:featuredmedia":[{"embeddable":true,"href":"https:\/\/www.psib-psoe.org\/eivissa\/wp-json\/wp\/v2\/media\/32960"}],"wp:attachment":[{"href":"https:\/\/www.psib-psoe.org\/eivissa\/wp-json\/wp\/v2\/media?parent=32962"}],"wp:term":[{"taxonomy":"category","embeddable":true,"href":"https:\/\/www.psib-psoe.org\/eivissa\/wp-json\/wp\/v2\/categories?post=32962"},{"taxonomy":"post_tag","embeddable":true,"href":"https:\/\/www.psib-psoe.org\/eivissa\/wp-json\/wp\/v2\/tags?post=32962"}],"curies":[{"name":"wp","href":"https:\/\/api.w.org\/{rel}","templated":true}]}}