{"id":33085,"date":"2021-04-05T12:40:36","date_gmt":"2021-04-05T10:40:36","guid":{"rendered":"https:\/\/www.psib-psoe.org\/eivissa\/?p=33085"},"modified":"2021-04-15T12:50:52","modified_gmt":"2021-04-15T10:50:52","slug":"la-dimissio-del-regidor-del-pp-de-sant-antoni-es-la-constatacio-que-el-projecte-politic-de-marcos-serra-no-es-fiable-per-al-municipi","status":"publish","type":"post","link":"https:\/\/www.psib-psoe.org\/eivissa\/la-dimissio-del-regidor-del-pp-de-sant-antoni-es-la-constatacio-que-el-projecte-politic-de-marcos-serra-no-es-fiable-per-al-municipi\/","title":{"rendered":"La dimissi\u00f3 del regidor del PP de Sant Antoni \u00e9s la constataci\u00f3 que el projecte pol\u00edtic de Marcos Serra no \u00e9s fiable per al municipi"},"content":{"rendered":"<p>El grup PSOE-Reinicia anuncia que mant\u00e9 la convocat\u00f2ria de ple extraordinari a l&#8217;Ajuntament de Sant Antoni de Portmany, ja que l&#8217;alcalde, Marcos Serra, encara ha de donar moltes explicacions a la ciutadania sobre les infraccions urban\u00edstiques del regidor dimitit i sobre la gesti\u00f3 del departament d&#8217;Urbanisme. L&#8217;alcalde ha d&#8217;aclarir la seva actuaci\u00f3 en la crisi, quins passos pensa donar per a restituir la confian\u00e7a davant la ciutadania i explicar per qu\u00e8 va rellevar al regidor Miguel \u00c1ngel Costa d&#8217;Urbanisme just el dia abans d&#8217;esclatar el cas de la piscina.<\/p>\n<p>PSOE-Reinicia sospita que la crisi que viu l&#8217;ajuntament ha tret a la llum una situaci\u00f3 molt m\u00e9s greu a l&#8217;Ajuntament de Sant Antoni, que est\u00e0 alimentada per una her\u00e8ncia i llarga traject\u00f2ria de mala praxi urban\u00edstica, de fer els ulls grossos i justificar les infraccions urban\u00edstiques, que ara t\u00e9 en Marcos Serra al seu m\u00e0xim representant. Per desgr\u00e0cia, les seves paraules en un primer moment defensant, protegint i justificant al regidor dimitit aix\u00ed ho demostren.<\/p>\n<p>Per tot aix\u00f2, PSOE-Reinicia exigir\u00e0 en el ple extraordinari que s&#8217;arribi fins al fons de l&#8217;assumpte i que Marcos Serra respongui davant la ciutadania en general per la seua pol\u00edtica urban\u00edstica, ja que per desgr\u00e0cia a Sant Antoni el cas de la piscina no \u00e9s un fet a\u00efllat quant a infraccions.<\/p>\n<p>En definitiva, la dimissi\u00f3 del regidor del PP \u00e9s la constataci\u00f3 que el projecte pol\u00edtic de Marcos Serra no \u00e9s fiable per al municipi. En aquest sentit, PSOE-Reinicia apel\u00b7la tamb\u00e9 a la responsabilitat dels seus socis, PxE i Ciutadans, perqu\u00e8 no es deixin enganyar per un Partit Popular que ha demostrat ser el mateix de sempre.<\/p>\n<p>PSOE-Reinicia continuar\u00e0 treballant per una alternativa de govern municipal en favor del progr\u00e9s i de l&#8217;inter\u00e8s general del conjunt de la ciutadania de Sant Antoni, i denunciant els tractes de favor, el clientelisme i els abusos de poder en favor d&#8217;uns pocs que sempre ens acaben portant els governs de dretes.<\/p>\n","protected":false},"excerpt":{"rendered":"<p>El grup PSOE-Reinicia anuncia que mant\u00e9 la convocat\u00f2ria de ple extraordinari a l&#8217;Ajuntament de Sant Antoni de Portmany, ja que l&#8217;alcalde, Marcos Serra, encara ha de donar moltes explicacions a la ciutadania sobre les infraccions urban\u00edstiques del regidor dimitit i sobre la gesti\u00f3 del departament d&#8217;Urbanisme. L&#8217;alcalde ha d&#8217;aclarir la seva actuaci\u00f3 en la crisi,&hellip;<\/p>\n","protected":false},"author":7,"featured_media":33058,"comment_status":"closed","ping_status":"closed","sticky":false,"template":"","format":"standard","meta":{"footnotes":""},"categories":[1,234,188],"tags":[],"class_list":["post-33085","post","type-post","status-publish","format-standard","has-post-thumbnail","hentry","category-federacio-de-eivissa-portada","category-municipis","category-sant-antoni-de-portmany"],"yoast_head":"<!-- This site is optimized with the Yoast SEO plugin v26.9 - https:\/\/yoast.com\/product\/yoast-seo-wordpress\/ -->\n<title>La dimissi\u00f3 del regidor del PP de Sant Antoni \u00e9s la constataci\u00f3 que el projecte pol\u00edtic de Marcos Serra no \u00e9s fiable per al municipi - Federaci\u00f3 Socialista d&#039;Eivissa<\/title>\n<meta name=\"robots\" content=\"index, follow, max-snippet:-1, max-image-preview:large, max-video-preview:-1\" \/>\n<link rel=\"canonical\" href=\"https:\/\/www.psib-psoe.org\/eivissa\/la-dimissio-del-regidor-del-pp-de-sant-antoni-es-la-constatacio-que-el-projecte-politic-de-marcos-serra-no-es-fiable-per-al-municipi\/\" \/>\n<meta property=\"og:locale\" content=\"ca_ES\" \/>\n<meta property=\"og:type\" content=\"article\" \/>\n<meta property=\"og:title\" content=\"La dimissi\u00f3 del regidor del PP de Sant Antoni \u00e9s la constataci\u00f3 que el projecte pol\u00edtic de Marcos Serra no \u00e9s fiable per al municipi - Federaci\u00f3 Socialista d&#039;Eivissa\" \/>\n<meta property=\"og:description\" content=\"El grup PSOE-Reinicia anuncia que mant\u00e9 la convocat\u00f2ria de ple extraordinari a l&#8217;Ajuntament de Sant Antoni de Portmany, ja que l&#8217;alcalde, Marcos Serra, encara ha de donar moltes explicacions a la ciutadania sobre les infraccions urban\u00edstiques del regidor dimitit i sobre la gesti\u00f3 del departament d&#8217;Urbanisme. L&#8217;alcalde ha d&#8217;aclarir la seva actuaci\u00f3 en la crisi,&hellip;\" \/>\n<meta property=\"og:url\" content=\"https:\/\/www.psib-psoe.org\/eivissa\/la-dimissio-del-regidor-del-pp-de-sant-antoni-es-la-constatacio-que-el-projecte-politic-de-marcos-serra-no-es-fiable-per-al-municipi\/\" \/>\n<meta property=\"og:site_name\" content=\"Federaci\u00f3 Socialista d&#039;Eivissa\" \/>\n<meta property=\"article:published_time\" content=\"2021-04-05T10:40:36+00:00\" \/>\n<meta property=\"article:modified_time\" content=\"2021-04-15T10:50:52+00:00\" \/>\n<meta property=\"og:image\" content=\"https:\/\/www.psib-psoe.org\/eivissa\/wp-content\/uploads\/casa-ilegal.png\" \/>\n\t<meta property=\"og:image:width\" content=\"811\" \/>\n\t<meta property=\"og:image:height\" content=\"508\" \/>\n\t<meta property=\"og:image:type\" content=\"image\/png\" \/>\n<meta name=\"author\" content=\"Josep Ripoll\" \/>\n<meta name=\"twitter:card\" content=\"summary_large_image\" \/>\n<meta name=\"twitter:label1\" content=\"Escrit per\" \/>\n\t<meta name=\"twitter:data1\" content=\"Josep Ripoll\" \/>\n\t<meta name=\"twitter:label2\" content=\"Temps estimat de lectura\" \/>\n\t<meta name=\"twitter:data2\" content=\"2 minuts\" \/>\n<script type=\"application\/ld+json\" class=\"yoast-schema-graph\">{\"@context\":\"https:\/\/schema.org\",\"@graph\":[{\"@type\":[\"Article\",\"BlogPosting\"],\"@id\":\"https:\/\/www.psib-psoe.org\/eivissa\/la-dimissio-del-regidor-del-pp-de-sant-antoni-es-la-constatacio-que-el-projecte-politic-de-marcos-serra-no-es-fiable-per-al-municipi\/#article\",\"isPartOf\":{\"@id\":\"https:\/\/www.psib-psoe.org\/eivissa\/la-dimissio-del-regidor-del-pp-de-sant-antoni-es-la-constatacio-que-el-projecte-politic-de-marcos-serra-no-es-fiable-per-al-municipi\/\"},\"author\":{\"name\":\"Josep Ripoll\",\"@id\":\"https:\/\/www.psib-psoe.org\/eivissa\/#\/schema\/person\/7a9d2841fb36f32e34fc0e9b245e8117\"},\"headline\":\"La dimissi\u00f3 del regidor del PP de Sant Antoni \u00e9s la constataci\u00f3 que el projecte pol\u00edtic de Marcos Serra no \u00e9s fiable per al municipi\",\"datePublished\":\"2021-04-05T10:40:36+00:00\",\"dateModified\":\"2021-04-15T10:50:52+00:00\",\"mainEntityOfPage\":{\"@id\":\"https:\/\/www.psib-psoe.org\/eivissa\/la-dimissio-del-regidor-del-pp-de-sant-antoni-es-la-constatacio-que-el-projecte-politic-de-marcos-serra-no-es-fiable-per-al-municipi\/\"},\"wordCount\":366,\"publisher\":{\"@id\":\"https:\/\/www.psib-psoe.org\/eivissa\/#organization\"},\"image\":{\"@id\":\"https:\/\/www.psib-psoe.org\/eivissa\/la-dimissio-del-regidor-del-pp-de-sant-antoni-es-la-constatacio-que-el-projecte-politic-de-marcos-serra-no-es-fiable-per-al-municipi\/#primaryimage\"},\"thumbnailUrl\":\"https:\/\/www.psib-psoe.org\/eivissa\/wp-content\/uploads\/casa-ilegal.png\",\"articleSection\":[\"Federaci\u00f3 d'Eivissa - Portada\",\"Municipis\",\"Sant Antoni de Portmany\"],\"inLanguage\":\"ca\"},{\"@type\":\"WebPage\",\"@id\":\"https:\/\/www.psib-psoe.org\/eivissa\/la-dimissio-del-regidor-del-pp-de-sant-antoni-es-la-constatacio-que-el-projecte-politic-de-marcos-serra-no-es-fiable-per-al-municipi\/\",\"url\":\"https:\/\/www.psib-psoe.org\/eivissa\/la-dimissio-del-regidor-del-pp-de-sant-antoni-es-la-constatacio-que-el-projecte-politic-de-marcos-serra-no-es-fiable-per-al-municipi\/\",\"name\":\"La dimissi\u00f3 del regidor del PP de Sant Antoni \u00e9s la constataci\u00f3 que el projecte pol\u00edtic de Marcos Serra no \u00e9s fiable per al municipi - Federaci\u00f3 Socialista d&#039;Eivissa\",\"isPartOf\":{\"@id\":\"https:\/\/www.psib-psoe.org\/eivissa\/#website\"},\"primaryImageOfPage\":{\"@id\":\"https:\/\/www.psib-psoe.org\/eivissa\/la-dimissio-del-regidor-del-pp-de-sant-antoni-es-la-constatacio-que-el-projecte-politic-de-marcos-serra-no-es-fiable-per-al-municipi\/#primaryimage\"},\"image\":{\"@id\":\"https:\/\/www.psib-psoe.org\/eivissa\/la-dimissio-del-regidor-del-pp-de-sant-antoni-es-la-constatacio-que-el-projecte-politic-de-marcos-serra-no-es-fiable-per-al-municipi\/#primaryimage\"},\"thumbnailUrl\":\"https:\/\/www.psib-psoe.org\/eivissa\/wp-content\/uploads\/casa-ilegal.png\",\"datePublished\":\"2021-04-05T10:40:36+00:00\",\"dateModified\":\"2021-04-15T10:50:52+00:00\",\"breadcrumb\":{\"@id\":\"https:\/\/www.psib-psoe.org\/eivissa\/la-dimissio-del-regidor-del-pp-de-sant-antoni-es-la-constatacio-que-el-projecte-politic-de-marcos-serra-no-es-fiable-per-al-municipi\/#breadcrumb\"},\"inLanguage\":\"ca\",\"potentialAction\":[{\"@type\":\"ReadAction\",\"target\":[\"https:\/\/www.psib-psoe.org\/eivissa\/la-dimissio-del-regidor-del-pp-de-sant-antoni-es-la-constatacio-que-el-projecte-politic-de-marcos-serra-no-es-fiable-per-al-municipi\/\"]}]},{\"@type\":\"ImageObject\",\"inLanguage\":\"ca\",\"@id\":\"https:\/\/www.psib-psoe.org\/eivissa\/la-dimissio-del-regidor-del-pp-de-sant-antoni-es-la-constatacio-que-el-projecte-politic-de-marcos-serra-no-es-fiable-per-al-municipi\/#primaryimage\",\"url\":\"https:\/\/www.psib-psoe.org\/eivissa\/wp-content\/uploads\/casa-ilegal.png\",\"contentUrl\":\"https:\/\/www.psib-psoe.org\/eivissa\/wp-content\/uploads\/casa-ilegal.png\",\"width\":811,\"height\":508},{\"@type\":\"BreadcrumbList\",\"@id\":\"https:\/\/www.psib-psoe.org\/eivissa\/la-dimissio-del-regidor-del-pp-de-sant-antoni-es-la-constatacio-que-el-projecte-politic-de-marcos-serra-no-es-fiable-per-al-municipi\/#breadcrumb\",\"itemListElement\":[{\"@type\":\"ListItem\",\"position\":1,\"name\":\"Inici\",\"item\":\"https:\/\/www.psib-psoe.org\/eivissa\/\"},{\"@type\":\"ListItem\",\"position\":2,\"name\":\"La dimissi\u00f3 del regidor del PP de Sant Antoni \u00e9s la constataci\u00f3 que el projecte pol\u00edtic de Marcos Serra no \u00e9s fiable per al municipi\"}]},{\"@type\":\"WebSite\",\"@id\":\"https:\/\/www.psib-psoe.org\/eivissa\/#website\",\"url\":\"https:\/\/www.psib-psoe.org\/eivissa\/\",\"name\":\"Federaci\u00f3 Socialista d'Eivissa\",\"description\":\"Socialistes d&#039;Eivissa\",\"publisher\":{\"@id\":\"https:\/\/www.psib-psoe.org\/eivissa\/#organization\"},\"potentialAction\":[{\"@type\":\"SearchAction\",\"target\":{\"@type\":\"EntryPoint\",\"urlTemplate\":\"https:\/\/www.psib-psoe.org\/eivissa\/?s={search_term_string}\"},\"query-input\":{\"@type\":\"PropertyValueSpecification\",\"valueRequired\":true,\"valueName\":\"search_term_string\"}}],\"inLanguage\":\"ca\"},{\"@type\":\"Organization\",\"@id\":\"https:\/\/www.psib-psoe.org\/eivissa\/#organization\",\"name\":\"Federaci\u00f3 Socialista d'Eivissa\",\"url\":\"https:\/\/www.psib-psoe.org\/eivissa\/\",\"logo\":{\"@type\":\"ImageObject\",\"inLanguage\":\"ca\",\"@id\":\"https:\/\/www.psib-psoe.org\/eivissa\/#\/schema\/logo\/image\/\",\"url\":\"https:\/\/www.psib-psoe.org\/eivissa\/wp-content\/uploads\/LOGO-FSE-SOCIALISTA-DEIVISSA-HORI.png\",\"contentUrl\":\"https:\/\/www.psib-psoe.org\/eivissa\/wp-content\/uploads\/LOGO-FSE-SOCIALISTA-DEIVISSA-HORI.png\",\"width\":6000,\"height\":3104,\"caption\":\"Federaci\u00f3 Socialista d'Eivissa\"},\"image\":{\"@id\":\"https:\/\/www.psib-psoe.org\/eivissa\/#\/schema\/logo\/image\/\"}},{\"@type\":\"Person\",\"@id\":\"https:\/\/www.psib-psoe.org\/eivissa\/#\/schema\/person\/7a9d2841fb36f32e34fc0e9b245e8117\",\"name\":\"Josep Ripoll\",\"sameAs\":[\"http:\/\/www.psib-psoe.org\/eivissa\/wp-login.php\"],\"url\":\"https:\/\/www.psib-psoe.org\/eivissa\/author\/josep\/\"}]}<\/script>\n<!-- \/ Yoast SEO plugin. -->","yoast_head_json":{"title":"La dimissi\u00f3 del regidor del PP de Sant Antoni \u00e9s la constataci\u00f3 que el projecte pol\u00edtic de Marcos Serra no \u00e9s fiable per al municipi - Federaci\u00f3 Socialista d&#039;Eivissa","robots":{"index":"index","follow":"follow","max-snippet":"max-snippet:-1","max-image-preview":"max-image-preview:large","max-video-preview":"max-video-preview:-1"},"canonical":"https:\/\/www.psib-psoe.org\/eivissa\/la-dimissio-del-regidor-del-pp-de-sant-antoni-es-la-constatacio-que-el-projecte-politic-de-marcos-serra-no-es-fiable-per-al-municipi\/","og_locale":"ca_ES","og_type":"article","og_title":"La dimissi\u00f3 del regidor del PP de Sant Antoni \u00e9s la constataci\u00f3 que el projecte pol\u00edtic de Marcos Serra no \u00e9s fiable per al municipi - Federaci\u00f3 Socialista d&#039;Eivissa","og_description":"El grup PSOE-Reinicia anuncia que mant\u00e9 la convocat\u00f2ria de ple extraordinari a l&#8217;Ajuntament de Sant Antoni de Portmany, ja que l&#8217;alcalde, Marcos Serra, encara ha de donar moltes explicacions a la ciutadania sobre les infraccions urban\u00edstiques del regidor dimitit i sobre la gesti\u00f3 del departament d&#8217;Urbanisme. L&#8217;alcalde ha d&#8217;aclarir la seva actuaci\u00f3 en la crisi,&hellip;","og_url":"https:\/\/www.psib-psoe.org\/eivissa\/la-dimissio-del-regidor-del-pp-de-sant-antoni-es-la-constatacio-que-el-projecte-politic-de-marcos-serra-no-es-fiable-per-al-municipi\/","og_site_name":"Federaci\u00f3 Socialista d&#039;Eivissa","article_published_time":"2021-04-05T10:40:36+00:00","article_modified_time":"2021-04-15T10:50:52+00:00","og_image":[{"width":811,"height":508,"url":"https:\/\/www.psib-psoe.org\/eivissa\/wp-content\/uploads\/casa-ilegal.png","type":"image\/png"}],"author":"Josep Ripoll","twitter_card":"summary_large_image","twitter_misc":{"Escrit per":"Josep Ripoll","Temps estimat de lectura":"2 minuts"},"schema":{"@context":"https:\/\/schema.org","@graph":[{"@type":["Article","BlogPosting"],"@id":"https:\/\/www.psib-psoe.org\/eivissa\/la-dimissio-del-regidor-del-pp-de-sant-antoni-es-la-constatacio-que-el-projecte-politic-de-marcos-serra-no-es-fiable-per-al-municipi\/#article","isPartOf":{"@id":"https:\/\/www.psib-psoe.org\/eivissa\/la-dimissio-del-regidor-del-pp-de-sant-antoni-es-la-constatacio-que-el-projecte-politic-de-marcos-serra-no-es-fiable-per-al-municipi\/"},"author":{"name":"Josep Ripoll","@id":"https:\/\/www.psib-psoe.org\/eivissa\/#\/schema\/person\/7a9d2841fb36f32e34fc0e9b245e8117"},"headline":"La dimissi\u00f3 del regidor del PP de Sant Antoni \u00e9s la constataci\u00f3 que el projecte pol\u00edtic de Marcos Serra no \u00e9s fiable per al municipi","datePublished":"2021-04-05T10:40:36+00:00","dateModified":"2021-04-15T10:50:52+00:00","mainEntityOfPage":{"@id":"https:\/\/www.psib-psoe.org\/eivissa\/la-dimissio-del-regidor-del-pp-de-sant-antoni-es-la-constatacio-que-el-projecte-politic-de-marcos-serra-no-es-fiable-per-al-municipi\/"},"wordCount":366,"publisher":{"@id":"https:\/\/www.psib-psoe.org\/eivissa\/#organization"},"image":{"@id":"https:\/\/www.psib-psoe.org\/eivissa\/la-dimissio-del-regidor-del-pp-de-sant-antoni-es-la-constatacio-que-el-projecte-politic-de-marcos-serra-no-es-fiable-per-al-municipi\/#primaryimage"},"thumbnailUrl":"https:\/\/www.psib-psoe.org\/eivissa\/wp-content\/uploads\/casa-ilegal.png","articleSection":["Federaci\u00f3 d'Eivissa - Portada","Municipis","Sant Antoni de Portmany"],"inLanguage":"ca"},{"@type":"WebPage","@id":"https:\/\/www.psib-psoe.org\/eivissa\/la-dimissio-del-regidor-del-pp-de-sant-antoni-es-la-constatacio-que-el-projecte-politic-de-marcos-serra-no-es-fiable-per-al-municipi\/","url":"https:\/\/www.psib-psoe.org\/eivissa\/la-dimissio-del-regidor-del-pp-de-sant-antoni-es-la-constatacio-que-el-projecte-politic-de-marcos-serra-no-es-fiable-per-al-municipi\/","name":"La dimissi\u00f3 del regidor del PP de Sant Antoni \u00e9s la constataci\u00f3 que el projecte pol\u00edtic de Marcos Serra no \u00e9s fiable per al municipi - Federaci\u00f3 Socialista d&#039;Eivissa","isPartOf":{"@id":"https:\/\/www.psib-psoe.org\/eivissa\/#website"},"primaryImageOfPage":{"@id":"https:\/\/www.psib-psoe.org\/eivissa\/la-dimissio-del-regidor-del-pp-de-sant-antoni-es-la-constatacio-que-el-projecte-politic-de-marcos-serra-no-es-fiable-per-al-municipi\/#primaryimage"},"image":{"@id":"https:\/\/www.psib-psoe.org\/eivissa\/la-dimissio-del-regidor-del-pp-de-sant-antoni-es-la-constatacio-que-el-projecte-politic-de-marcos-serra-no-es-fiable-per-al-municipi\/#primaryimage"},"thumbnailUrl":"https:\/\/www.psib-psoe.org\/eivissa\/wp-content\/uploads\/casa-ilegal.png","datePublished":"2021-04-05T10:40:36+00:00","dateModified":"2021-04-15T10:50:52+00:00","breadcrumb":{"@id":"https:\/\/www.psib-psoe.org\/eivissa\/la-dimissio-del-regidor-del-pp-de-sant-antoni-es-la-constatacio-que-el-projecte-politic-de-marcos-serra-no-es-fiable-per-al-municipi\/#breadcrumb"},"inLanguage":"ca","potentialAction":[{"@type":"ReadAction","target":["https:\/\/www.psib-psoe.org\/eivissa\/la-dimissio-del-regidor-del-pp-de-sant-antoni-es-la-constatacio-que-el-projecte-politic-de-marcos-serra-no-es-fiable-per-al-municipi\/"]}]},{"@type":"ImageObject","inLanguage":"ca","@id":"https:\/\/www.psib-psoe.org\/eivissa\/la-dimissio-del-regidor-del-pp-de-sant-antoni-es-la-constatacio-que-el-projecte-politic-de-marcos-serra-no-es-fiable-per-al-municipi\/#primaryimage","url":"https:\/\/www.psib-psoe.org\/eivissa\/wp-content\/uploads\/casa-ilegal.png","contentUrl":"https:\/\/www.psib-psoe.org\/eivissa\/wp-content\/uploads\/casa-ilegal.png","width":811,"height":508},{"@type":"BreadcrumbList","@id":"https:\/\/www.psib-psoe.org\/eivissa\/la-dimissio-del-regidor-del-pp-de-sant-antoni-es-la-constatacio-que-el-projecte-politic-de-marcos-serra-no-es-fiable-per-al-municipi\/#breadcrumb","itemListElement":[{"@type":"ListItem","position":1,"name":"Inici","item":"https:\/\/www.psib-psoe.org\/eivissa\/"},{"@type":"ListItem","position":2,"name":"La dimissi\u00f3 del regidor del PP de Sant Antoni \u00e9s la constataci\u00f3 que el projecte pol\u00edtic de Marcos Serra no \u00e9s fiable per al municipi"}]},{"@type":"WebSite","@id":"https:\/\/www.psib-psoe.org\/eivissa\/#website","url":"https:\/\/www.psib-psoe.org\/eivissa\/","name":"Federaci\u00f3 Socialista d'Eivissa","description":"Socialistes d&#039;Eivissa","publisher":{"@id":"https:\/\/www.psib-psoe.org\/eivissa\/#organization"},"potentialAction":[{"@type":"SearchAction","target":{"@type":"EntryPoint","urlTemplate":"https:\/\/www.psib-psoe.org\/eivissa\/?s={search_term_string}"},"query-input":{"@type":"PropertyValueSpecification","valueRequired":true,"valueName":"search_term_string"}}],"inLanguage":"ca"},{"@type":"Organization","@id":"https:\/\/www.psib-psoe.org\/eivissa\/#organization","name":"Federaci\u00f3 Socialista d'Eivissa","url":"https:\/\/www.psib-psoe.org\/eivissa\/","logo":{"@type":"ImageObject","inLanguage":"ca","@id":"https:\/\/www.psib-psoe.org\/eivissa\/#\/schema\/logo\/image\/","url":"https:\/\/www.psib-psoe.org\/eivissa\/wp-content\/uploads\/LOGO-FSE-SOCIALISTA-DEIVISSA-HORI.png","contentUrl":"https:\/\/www.psib-psoe.org\/eivissa\/wp-content\/uploads\/LOGO-FSE-SOCIALISTA-DEIVISSA-HORI.png","width":6000,"height":3104,"caption":"Federaci\u00f3 Socialista d'Eivissa"},"image":{"@id":"https:\/\/www.psib-psoe.org\/eivissa\/#\/schema\/logo\/image\/"}},{"@type":"Person","@id":"https:\/\/www.psib-psoe.org\/eivissa\/#\/schema\/person\/7a9d2841fb36f32e34fc0e9b245e8117","name":"Josep Ripoll","sameAs":["http:\/\/www.psib-psoe.org\/eivissa\/wp-login.php"],"url":"https:\/\/www.psib-psoe.org\/eivissa\/author\/josep\/"}]}},"_links":{"self":[{"href":"https:\/\/www.psib-psoe.org\/eivissa\/wp-json\/wp\/v2\/posts\/33085","targetHints":{"allow":["GET"]}}],"collection":[{"href":"https:\/\/www.psib-psoe.org\/eivissa\/wp-json\/wp\/v2\/posts"}],"about":[{"href":"https:\/\/www.psib-psoe.org\/eivissa\/wp-json\/wp\/v2\/types\/post"}],"author":[{"embeddable":true,"href":"https:\/\/www.psib-psoe.org\/eivissa\/wp-json\/wp\/v2\/users\/7"}],"replies":[{"embeddable":true,"href":"https:\/\/www.psib-psoe.org\/eivissa\/wp-json\/wp\/v2\/comments?post=33085"}],"version-history":[{"count":1,"href":"https:\/\/www.psib-psoe.org\/eivissa\/wp-json\/wp\/v2\/posts\/33085\/revisions"}],"predecessor-version":[{"id":33086,"href":"https:\/\/www.psib-psoe.org\/eivissa\/wp-json\/wp\/v2\/posts\/33085\/revisions\/33086"}],"wp:featuredmedia":[{"embeddable":true,"href":"https:\/\/www.psib-psoe.org\/eivissa\/wp-json\/wp\/v2\/media\/33058"}],"wp:attachment":[{"href":"https:\/\/www.psib-psoe.org\/eivissa\/wp-json\/wp\/v2\/media?parent=33085"}],"wp:term":[{"taxonomy":"category","embeddable":true,"href":"https:\/\/www.psib-psoe.org\/eivissa\/wp-json\/wp\/v2\/categories?post=33085"},{"taxonomy":"post_tag","embeddable":true,"href":"https:\/\/www.psib-psoe.org\/eivissa\/wp-json\/wp\/v2\/tags?post=33085"}],"curies":[{"name":"wp","href":"https:\/\/api.w.org\/{rel}","templated":true}]}}