{"id":33136,"date":"2021-04-15T16:57:43","date_gmt":"2021-04-15T14:57:43","guid":{"rendered":"https:\/\/www.psib-psoe.org\/eivissa\/?p=33136"},"modified":"2021-04-15T16:57:43","modified_gmt":"2021-04-15T14:57:43","slug":"psoe-reinicia-marcos-serra-no-pot-seguir-assegut-a-la-cadira-dalcalde-de-sant-antoni-com-a-maxim-garant-de-la-legalitat-del-municipi","status":"publish","type":"post","link":"https:\/\/www.psib-psoe.org\/eivissa\/psoe-reinicia-marcos-serra-no-pot-seguir-assegut-a-la-cadira-dalcalde-de-sant-antoni-com-a-maxim-garant-de-la-legalitat-del-municipi\/","title":{"rendered":"PSOE-Reinicia: &#8220;Marcos Serra no pot seguir assegut a la cadira d&#8217;alcalde de Sant Antoni com a m\u00e0xim garant de la legalitat del municipi&#8221;"},"content":{"rendered":"<p>En el Ple extraordinari celebrat avui a petici\u00f3 de PSOE-Reinicia, el grup progressista ha mostrat el seu rebuig a l&#8217;actuaci\u00f3 de l&#8217;alcalde de Sant Antoni de Portmany, Marcos Serra, per la seva defensa i justificaci\u00f3 del regidor de PP que va construir una casa i una piscina il\u00b7legals. Un ple sol\u00b7licitat perqu\u00e8 l&#8217;alcalde del Partit Popular doni &#8220;explicacions&#8221; a la ciutadania, com ha insistit el portaveu, Sim\u00f3n Planells, i &#8220;netejar la imatge d&#8217;aquest ajuntament&#8221;.<\/p>\n<p>Per la seva banda, el regidor de PSOE-Reinicia i secretari general de l&#8217;Agrupaci\u00f3 Socialista de Sant Antoni, Antonio Lorenzo, ha convidat a la resta de grups pol\u00edtics &#8220;a treballar a favor de la restituci\u00f3 de l&#8217;honorabilitat del nostre ajuntament&#8221; i a construir &#8220;una alternativa de govern que exclogui aquest Partit Popular, que ha demostrat ser el de sempre&#8221;.<\/p>\n<p>Segons Lorenzo, &#8220;no hi haur\u00e0 una restituci\u00f3 de l&#8217;honorabilitat de l&#8217;Ajuntament de Sant Antoni mentre Marcos Serra continu\u00ef ocupant el c\u00e0rrec d&#8217;alcalde&#8221;. El regidor progressista ha convidat a la resta de grups a &#8220;pensar en un Ajuntament a el servei de l&#8217;inter\u00e8s general, al servei de la ciutadania, al servei d&#8217;un present i d&#8217;un futur millor per al nostre municipi&#8221;.<\/p>\n<p>&#8220;No pot seguir assegut en aquesta cadira com a m\u00e0xim garant de la legalitat d&#8217;aquest municipi. Amb els seus fets i les seues paraules, ha perdut tota la credibilitat &#8220;, ha dit Lorenzo dirigint-se a Marcos Serra.<\/p>\n<p>PSOE-Reinicia ha criticat que l&#8217;alcalde hagi restat import\u00e0ncia a &#8220;una infracci\u00f3 urban\u00edstica de la gravetat que estem parlant, casa i piscina il\u00b7legals en s\u00f2l r\u00fastic&#8221;, ja que &#8220;\u00e9s encoratjar la comissi\u00f3 d&#8217;aquestes infraccions&#8221;.<\/p>\n<p>&#8220;El missatge que trasllada vost\u00e8 (Marcos Serra) a la ciutadania \u00e9s el seg\u00fcent: Construeixin, edifiquin, cases, piscines, de manera il\u00b7legal, que aqu\u00ed no passa res, ning\u00fa es donar\u00e0 compte, i si de n&#8217;adonen, els perdonaran perqu\u00e8 no ho van fer amb mala intenci\u00f3&#8221;. El departament d&#8217;Urbanisme no va millor, sin\u00f3 que a m\u00e9s va pitjor que mai&#8221;, ha concl\u00f2s Antonio Lorenzo.<\/p>\n","protected":false},"excerpt":{"rendered":"<p>En el Ple extraordinari celebrat avui a petici\u00f3 de PSOE-Reinicia, el grup progressista ha mostrat el seu rebuig a l&#8217;actuaci\u00f3 de l&#8217;alcalde de Sant Antoni de Portmany, Marcos Serra, per la seva defensa i justificaci\u00f3 del regidor de PP que va construir una casa i una piscina il\u00b7legals. Un ple sol\u00b7licitat perqu\u00e8 l&#8217;alcalde del Partit&hellip;<\/p>\n","protected":false},"author":7,"featured_media":33137,"comment_status":"closed","ping_status":"closed","sticky":false,"template":"","format":"standard","meta":{"footnotes":""},"categories":[1,234,188],"tags":[],"class_list":["post-33136","post","type-post","status-publish","format-standard","has-post-thumbnail","hentry","category-federacio-de-eivissa-portada","category-municipis","category-sant-antoni-de-portmany"],"yoast_head":"<!-- This site is optimized with the Yoast SEO plugin v26.9 - https:\/\/yoast.com\/product\/yoast-seo-wordpress\/ -->\n<title>PSOE-Reinicia: &quot;Marcos Serra no pot seguir assegut a la cadira d&#039;alcalde de Sant Antoni com a m\u00e0xim garant de la legalitat del municipi&quot; - Federaci\u00f3 Socialista d&#039;Eivissa<\/title>\n<meta name=\"robots\" content=\"index, follow, max-snippet:-1, max-image-preview:large, max-video-preview:-1\" \/>\n<link rel=\"canonical\" href=\"https:\/\/www.psib-psoe.org\/eivissa\/psoe-reinicia-marcos-serra-no-pot-seguir-assegut-a-la-cadira-dalcalde-de-sant-antoni-com-a-maxim-garant-de-la-legalitat-del-municipi\/\" \/>\n<meta property=\"og:locale\" content=\"ca_ES\" \/>\n<meta property=\"og:type\" content=\"article\" \/>\n<meta property=\"og:title\" content=\"PSOE-Reinicia: &quot;Marcos Serra no pot seguir assegut a la cadira d&#039;alcalde de Sant Antoni com a m\u00e0xim garant de la legalitat del municipi&quot; - Federaci\u00f3 Socialista d&#039;Eivissa\" \/>\n<meta property=\"og:description\" content=\"En el Ple extraordinari celebrat avui a petici\u00f3 de PSOE-Reinicia, el grup progressista ha mostrat el seu rebuig a l&#8217;actuaci\u00f3 de l&#8217;alcalde de Sant Antoni de Portmany, Marcos Serra, per la seva defensa i justificaci\u00f3 del regidor de PP que va construir una casa i una piscina il\u00b7legals. Un ple sol\u00b7licitat perqu\u00e8 l&#8217;alcalde del Partit&hellip;\" \/>\n<meta property=\"og:url\" content=\"https:\/\/www.psib-psoe.org\/eivissa\/psoe-reinicia-marcos-serra-no-pot-seguir-assegut-a-la-cadira-dalcalde-de-sant-antoni-com-a-maxim-garant-de-la-legalitat-del-municipi\/\" \/>\n<meta property=\"og:site_name\" content=\"Federaci\u00f3 Socialista d&#039;Eivissa\" \/>\n<meta property=\"article:published_time\" content=\"2021-04-15T14:57:43+00:00\" \/>\n<meta property=\"og:image\" content=\"https:\/\/www.psib-psoe.org\/eivissa\/wp-content\/uploads\/Captura-de-Pantalla-2021-04-15-a-les-12.56.19.png\" \/>\n\t<meta property=\"og:image:width\" content=\"1372\" \/>\n\t<meta property=\"og:image:height\" content=\"608\" \/>\n\t<meta property=\"og:image:type\" content=\"image\/png\" \/>\n<meta name=\"author\" content=\"Josep Ripoll\" \/>\n<meta name=\"twitter:card\" content=\"summary_large_image\" \/>\n<meta name=\"twitter:label1\" content=\"Escrit per\" \/>\n\t<meta name=\"twitter:data1\" content=\"Josep Ripoll\" \/>\n\t<meta name=\"twitter:label2\" content=\"Temps estimat de lectura\" \/>\n\t<meta name=\"twitter:data2\" content=\"2 minuts\" \/>\n<script type=\"application\/ld+json\" class=\"yoast-schema-graph\">{\"@context\":\"https:\/\/schema.org\",\"@graph\":[{\"@type\":[\"Article\",\"BlogPosting\"],\"@id\":\"https:\/\/www.psib-psoe.org\/eivissa\/psoe-reinicia-marcos-serra-no-pot-seguir-assegut-a-la-cadira-dalcalde-de-sant-antoni-com-a-maxim-garant-de-la-legalitat-del-municipi\/#article\",\"isPartOf\":{\"@id\":\"https:\/\/www.psib-psoe.org\/eivissa\/psoe-reinicia-marcos-serra-no-pot-seguir-assegut-a-la-cadira-dalcalde-de-sant-antoni-com-a-maxim-garant-de-la-legalitat-del-municipi\/\"},\"author\":{\"name\":\"Josep Ripoll\",\"@id\":\"https:\/\/www.psib-psoe.org\/eivissa\/#\/schema\/person\/7a9d2841fb36f32e34fc0e9b245e8117\"},\"headline\":\"PSOE-Reinicia: &#8220;Marcos Serra no pot seguir assegut a la cadira d&#8217;alcalde de Sant Antoni com a m\u00e0xim garant de la legalitat del municipi&#8221;\",\"datePublished\":\"2021-04-15T14:57:43+00:00\",\"mainEntityOfPage\":{\"@id\":\"https:\/\/www.psib-psoe.org\/eivissa\/psoe-reinicia-marcos-serra-no-pot-seguir-assegut-a-la-cadira-dalcalde-de-sant-antoni-com-a-maxim-garant-de-la-legalitat-del-municipi\/\"},\"wordCount\":362,\"publisher\":{\"@id\":\"https:\/\/www.psib-psoe.org\/eivissa\/#organization\"},\"image\":{\"@id\":\"https:\/\/www.psib-psoe.org\/eivissa\/psoe-reinicia-marcos-serra-no-pot-seguir-assegut-a-la-cadira-dalcalde-de-sant-antoni-com-a-maxim-garant-de-la-legalitat-del-municipi\/#primaryimage\"},\"thumbnailUrl\":\"https:\/\/www.psib-psoe.org\/eivissa\/wp-content\/uploads\/Captura-de-Pantalla-2021-04-15-a-les-12.56.19.png\",\"articleSection\":[\"Federaci\u00f3 d'Eivissa - Portada\",\"Municipis\",\"Sant Antoni de Portmany\"],\"inLanguage\":\"ca\"},{\"@type\":\"WebPage\",\"@id\":\"https:\/\/www.psib-psoe.org\/eivissa\/psoe-reinicia-marcos-serra-no-pot-seguir-assegut-a-la-cadira-dalcalde-de-sant-antoni-com-a-maxim-garant-de-la-legalitat-del-municipi\/\",\"url\":\"https:\/\/www.psib-psoe.org\/eivissa\/psoe-reinicia-marcos-serra-no-pot-seguir-assegut-a-la-cadira-dalcalde-de-sant-antoni-com-a-maxim-garant-de-la-legalitat-del-municipi\/\",\"name\":\"PSOE-Reinicia: \\\"Marcos Serra no pot seguir assegut a la cadira d'alcalde de Sant Antoni com a m\u00e0xim garant de la legalitat del municipi\\\" - Federaci\u00f3 Socialista d&#039;Eivissa\",\"isPartOf\":{\"@id\":\"https:\/\/www.psib-psoe.org\/eivissa\/#website\"},\"primaryImageOfPage\":{\"@id\":\"https:\/\/www.psib-psoe.org\/eivissa\/psoe-reinicia-marcos-serra-no-pot-seguir-assegut-a-la-cadira-dalcalde-de-sant-antoni-com-a-maxim-garant-de-la-legalitat-del-municipi\/#primaryimage\"},\"image\":{\"@id\":\"https:\/\/www.psib-psoe.org\/eivissa\/psoe-reinicia-marcos-serra-no-pot-seguir-assegut-a-la-cadira-dalcalde-de-sant-antoni-com-a-maxim-garant-de-la-legalitat-del-municipi\/#primaryimage\"},\"thumbnailUrl\":\"https:\/\/www.psib-psoe.org\/eivissa\/wp-content\/uploads\/Captura-de-Pantalla-2021-04-15-a-les-12.56.19.png\",\"datePublished\":\"2021-04-15T14:57:43+00:00\",\"breadcrumb\":{\"@id\":\"https:\/\/www.psib-psoe.org\/eivissa\/psoe-reinicia-marcos-serra-no-pot-seguir-assegut-a-la-cadira-dalcalde-de-sant-antoni-com-a-maxim-garant-de-la-legalitat-del-municipi\/#breadcrumb\"},\"inLanguage\":\"ca\",\"potentialAction\":[{\"@type\":\"ReadAction\",\"target\":[\"https:\/\/www.psib-psoe.org\/eivissa\/psoe-reinicia-marcos-serra-no-pot-seguir-assegut-a-la-cadira-dalcalde-de-sant-antoni-com-a-maxim-garant-de-la-legalitat-del-municipi\/\"]}]},{\"@type\":\"ImageObject\",\"inLanguage\":\"ca\",\"@id\":\"https:\/\/www.psib-psoe.org\/eivissa\/psoe-reinicia-marcos-serra-no-pot-seguir-assegut-a-la-cadira-dalcalde-de-sant-antoni-com-a-maxim-garant-de-la-legalitat-del-municipi\/#primaryimage\",\"url\":\"https:\/\/www.psib-psoe.org\/eivissa\/wp-content\/uploads\/Captura-de-Pantalla-2021-04-15-a-les-12.56.19.png\",\"contentUrl\":\"https:\/\/www.psib-psoe.org\/eivissa\/wp-content\/uploads\/Captura-de-Pantalla-2021-04-15-a-les-12.56.19.png\",\"width\":1372,\"height\":608},{\"@type\":\"BreadcrumbList\",\"@id\":\"https:\/\/www.psib-psoe.org\/eivissa\/psoe-reinicia-marcos-serra-no-pot-seguir-assegut-a-la-cadira-dalcalde-de-sant-antoni-com-a-maxim-garant-de-la-legalitat-del-municipi\/#breadcrumb\",\"itemListElement\":[{\"@type\":\"ListItem\",\"position\":1,\"name\":\"Inici\",\"item\":\"https:\/\/www.psib-psoe.org\/eivissa\/\"},{\"@type\":\"ListItem\",\"position\":2,\"name\":\"PSOE-Reinicia: &#8220;Marcos Serra no pot seguir assegut a la cadira d&#8217;alcalde de Sant Antoni com a m\u00e0xim garant de la legalitat del municipi&#8221;\"}]},{\"@type\":\"WebSite\",\"@id\":\"https:\/\/www.psib-psoe.org\/eivissa\/#website\",\"url\":\"https:\/\/www.psib-psoe.org\/eivissa\/\",\"name\":\"Federaci\u00f3 Socialista d'Eivissa\",\"description\":\"Socialistes d&#039;Eivissa\",\"publisher\":{\"@id\":\"https:\/\/www.psib-psoe.org\/eivissa\/#organization\"},\"potentialAction\":[{\"@type\":\"SearchAction\",\"target\":{\"@type\":\"EntryPoint\",\"urlTemplate\":\"https:\/\/www.psib-psoe.org\/eivissa\/?s={search_term_string}\"},\"query-input\":{\"@type\":\"PropertyValueSpecification\",\"valueRequired\":true,\"valueName\":\"search_term_string\"}}],\"inLanguage\":\"ca\"},{\"@type\":\"Organization\",\"@id\":\"https:\/\/www.psib-psoe.org\/eivissa\/#organization\",\"name\":\"Federaci\u00f3 Socialista d'Eivissa\",\"url\":\"https:\/\/www.psib-psoe.org\/eivissa\/\",\"logo\":{\"@type\":\"ImageObject\",\"inLanguage\":\"ca\",\"@id\":\"https:\/\/www.psib-psoe.org\/eivissa\/#\/schema\/logo\/image\/\",\"url\":\"https:\/\/www.psib-psoe.org\/eivissa\/wp-content\/uploads\/LOGO-FSE-SOCIALISTA-DEIVISSA-HORI.png\",\"contentUrl\":\"https:\/\/www.psib-psoe.org\/eivissa\/wp-content\/uploads\/LOGO-FSE-SOCIALISTA-DEIVISSA-HORI.png\",\"width\":6000,\"height\":3104,\"caption\":\"Federaci\u00f3 Socialista d'Eivissa\"},\"image\":{\"@id\":\"https:\/\/www.psib-psoe.org\/eivissa\/#\/schema\/logo\/image\/\"}},{\"@type\":\"Person\",\"@id\":\"https:\/\/www.psib-psoe.org\/eivissa\/#\/schema\/person\/7a9d2841fb36f32e34fc0e9b245e8117\",\"name\":\"Josep Ripoll\",\"sameAs\":[\"http:\/\/www.psib-psoe.org\/eivissa\/wp-login.php\"],\"url\":\"https:\/\/www.psib-psoe.org\/eivissa\/author\/josep\/\"}]}<\/script>\n<!-- \/ Yoast SEO plugin. -->","yoast_head_json":{"title":"PSOE-Reinicia: \"Marcos Serra no pot seguir assegut a la cadira d'alcalde de Sant Antoni com a m\u00e0xim garant de la legalitat del municipi\" - Federaci\u00f3 Socialista d&#039;Eivissa","robots":{"index":"index","follow":"follow","max-snippet":"max-snippet:-1","max-image-preview":"max-image-preview:large","max-video-preview":"max-video-preview:-1"},"canonical":"https:\/\/www.psib-psoe.org\/eivissa\/psoe-reinicia-marcos-serra-no-pot-seguir-assegut-a-la-cadira-dalcalde-de-sant-antoni-com-a-maxim-garant-de-la-legalitat-del-municipi\/","og_locale":"ca_ES","og_type":"article","og_title":"PSOE-Reinicia: \"Marcos Serra no pot seguir assegut a la cadira d'alcalde de Sant Antoni com a m\u00e0xim garant de la legalitat del municipi\" - Federaci\u00f3 Socialista d&#039;Eivissa","og_description":"En el Ple extraordinari celebrat avui a petici\u00f3 de PSOE-Reinicia, el grup progressista ha mostrat el seu rebuig a l&#8217;actuaci\u00f3 de l&#8217;alcalde de Sant Antoni de Portmany, Marcos Serra, per la seva defensa i justificaci\u00f3 del regidor de PP que va construir una casa i una piscina il\u00b7legals. Un ple sol\u00b7licitat perqu\u00e8 l&#8217;alcalde del Partit&hellip;","og_url":"https:\/\/www.psib-psoe.org\/eivissa\/psoe-reinicia-marcos-serra-no-pot-seguir-assegut-a-la-cadira-dalcalde-de-sant-antoni-com-a-maxim-garant-de-la-legalitat-del-municipi\/","og_site_name":"Federaci\u00f3 Socialista d&#039;Eivissa","article_published_time":"2021-04-15T14:57:43+00:00","og_image":[{"width":1372,"height":608,"url":"https:\/\/www.psib-psoe.org\/eivissa\/wp-content\/uploads\/Captura-de-Pantalla-2021-04-15-a-les-12.56.19.png","type":"image\/png"}],"author":"Josep Ripoll","twitter_card":"summary_large_image","twitter_misc":{"Escrit per":"Josep Ripoll","Temps estimat de lectura":"2 minuts"},"schema":{"@context":"https:\/\/schema.org","@graph":[{"@type":["Article","BlogPosting"],"@id":"https:\/\/www.psib-psoe.org\/eivissa\/psoe-reinicia-marcos-serra-no-pot-seguir-assegut-a-la-cadira-dalcalde-de-sant-antoni-com-a-maxim-garant-de-la-legalitat-del-municipi\/#article","isPartOf":{"@id":"https:\/\/www.psib-psoe.org\/eivissa\/psoe-reinicia-marcos-serra-no-pot-seguir-assegut-a-la-cadira-dalcalde-de-sant-antoni-com-a-maxim-garant-de-la-legalitat-del-municipi\/"},"author":{"name":"Josep Ripoll","@id":"https:\/\/www.psib-psoe.org\/eivissa\/#\/schema\/person\/7a9d2841fb36f32e34fc0e9b245e8117"},"headline":"PSOE-Reinicia: &#8220;Marcos Serra no pot seguir assegut a la cadira d&#8217;alcalde de Sant Antoni com a m\u00e0xim garant de la legalitat del municipi&#8221;","datePublished":"2021-04-15T14:57:43+00:00","mainEntityOfPage":{"@id":"https:\/\/www.psib-psoe.org\/eivissa\/psoe-reinicia-marcos-serra-no-pot-seguir-assegut-a-la-cadira-dalcalde-de-sant-antoni-com-a-maxim-garant-de-la-legalitat-del-municipi\/"},"wordCount":362,"publisher":{"@id":"https:\/\/www.psib-psoe.org\/eivissa\/#organization"},"image":{"@id":"https:\/\/www.psib-psoe.org\/eivissa\/psoe-reinicia-marcos-serra-no-pot-seguir-assegut-a-la-cadira-dalcalde-de-sant-antoni-com-a-maxim-garant-de-la-legalitat-del-municipi\/#primaryimage"},"thumbnailUrl":"https:\/\/www.psib-psoe.org\/eivissa\/wp-content\/uploads\/Captura-de-Pantalla-2021-04-15-a-les-12.56.19.png","articleSection":["Federaci\u00f3 d'Eivissa - Portada","Municipis","Sant Antoni de Portmany"],"inLanguage":"ca"},{"@type":"WebPage","@id":"https:\/\/www.psib-psoe.org\/eivissa\/psoe-reinicia-marcos-serra-no-pot-seguir-assegut-a-la-cadira-dalcalde-de-sant-antoni-com-a-maxim-garant-de-la-legalitat-del-municipi\/","url":"https:\/\/www.psib-psoe.org\/eivissa\/psoe-reinicia-marcos-serra-no-pot-seguir-assegut-a-la-cadira-dalcalde-de-sant-antoni-com-a-maxim-garant-de-la-legalitat-del-municipi\/","name":"PSOE-Reinicia: \"Marcos Serra no pot seguir assegut a la cadira d'alcalde de Sant Antoni com a m\u00e0xim garant de la legalitat del municipi\" - Federaci\u00f3 Socialista d&#039;Eivissa","isPartOf":{"@id":"https:\/\/www.psib-psoe.org\/eivissa\/#website"},"primaryImageOfPage":{"@id":"https:\/\/www.psib-psoe.org\/eivissa\/psoe-reinicia-marcos-serra-no-pot-seguir-assegut-a-la-cadira-dalcalde-de-sant-antoni-com-a-maxim-garant-de-la-legalitat-del-municipi\/#primaryimage"},"image":{"@id":"https:\/\/www.psib-psoe.org\/eivissa\/psoe-reinicia-marcos-serra-no-pot-seguir-assegut-a-la-cadira-dalcalde-de-sant-antoni-com-a-maxim-garant-de-la-legalitat-del-municipi\/#primaryimage"},"thumbnailUrl":"https:\/\/www.psib-psoe.org\/eivissa\/wp-content\/uploads\/Captura-de-Pantalla-2021-04-15-a-les-12.56.19.png","datePublished":"2021-04-15T14:57:43+00:00","breadcrumb":{"@id":"https:\/\/www.psib-psoe.org\/eivissa\/psoe-reinicia-marcos-serra-no-pot-seguir-assegut-a-la-cadira-dalcalde-de-sant-antoni-com-a-maxim-garant-de-la-legalitat-del-municipi\/#breadcrumb"},"inLanguage":"ca","potentialAction":[{"@type":"ReadAction","target":["https:\/\/www.psib-psoe.org\/eivissa\/psoe-reinicia-marcos-serra-no-pot-seguir-assegut-a-la-cadira-dalcalde-de-sant-antoni-com-a-maxim-garant-de-la-legalitat-del-municipi\/"]}]},{"@type":"ImageObject","inLanguage":"ca","@id":"https:\/\/www.psib-psoe.org\/eivissa\/psoe-reinicia-marcos-serra-no-pot-seguir-assegut-a-la-cadira-dalcalde-de-sant-antoni-com-a-maxim-garant-de-la-legalitat-del-municipi\/#primaryimage","url":"https:\/\/www.psib-psoe.org\/eivissa\/wp-content\/uploads\/Captura-de-Pantalla-2021-04-15-a-les-12.56.19.png","contentUrl":"https:\/\/www.psib-psoe.org\/eivissa\/wp-content\/uploads\/Captura-de-Pantalla-2021-04-15-a-les-12.56.19.png","width":1372,"height":608},{"@type":"BreadcrumbList","@id":"https:\/\/www.psib-psoe.org\/eivissa\/psoe-reinicia-marcos-serra-no-pot-seguir-assegut-a-la-cadira-dalcalde-de-sant-antoni-com-a-maxim-garant-de-la-legalitat-del-municipi\/#breadcrumb","itemListElement":[{"@type":"ListItem","position":1,"name":"Inici","item":"https:\/\/www.psib-psoe.org\/eivissa\/"},{"@type":"ListItem","position":2,"name":"PSOE-Reinicia: &#8220;Marcos Serra no pot seguir assegut a la cadira d&#8217;alcalde de Sant Antoni com a m\u00e0xim garant de la legalitat del municipi&#8221;"}]},{"@type":"WebSite","@id":"https:\/\/www.psib-psoe.org\/eivissa\/#website","url":"https:\/\/www.psib-psoe.org\/eivissa\/","name":"Federaci\u00f3 Socialista d'Eivissa","description":"Socialistes d&#039;Eivissa","publisher":{"@id":"https:\/\/www.psib-psoe.org\/eivissa\/#organization"},"potentialAction":[{"@type":"SearchAction","target":{"@type":"EntryPoint","urlTemplate":"https:\/\/www.psib-psoe.org\/eivissa\/?s={search_term_string}"},"query-input":{"@type":"PropertyValueSpecification","valueRequired":true,"valueName":"search_term_string"}}],"inLanguage":"ca"},{"@type":"Organization","@id":"https:\/\/www.psib-psoe.org\/eivissa\/#organization","name":"Federaci\u00f3 Socialista d'Eivissa","url":"https:\/\/www.psib-psoe.org\/eivissa\/","logo":{"@type":"ImageObject","inLanguage":"ca","@id":"https:\/\/www.psib-psoe.org\/eivissa\/#\/schema\/logo\/image\/","url":"https:\/\/www.psib-psoe.org\/eivissa\/wp-content\/uploads\/LOGO-FSE-SOCIALISTA-DEIVISSA-HORI.png","contentUrl":"https:\/\/www.psib-psoe.org\/eivissa\/wp-content\/uploads\/LOGO-FSE-SOCIALISTA-DEIVISSA-HORI.png","width":6000,"height":3104,"caption":"Federaci\u00f3 Socialista d'Eivissa"},"image":{"@id":"https:\/\/www.psib-psoe.org\/eivissa\/#\/schema\/logo\/image\/"}},{"@type":"Person","@id":"https:\/\/www.psib-psoe.org\/eivissa\/#\/schema\/person\/7a9d2841fb36f32e34fc0e9b245e8117","name":"Josep Ripoll","sameAs":["http:\/\/www.psib-psoe.org\/eivissa\/wp-login.php"],"url":"https:\/\/www.psib-psoe.org\/eivissa\/author\/josep\/"}]}},"_links":{"self":[{"href":"https:\/\/www.psib-psoe.org\/eivissa\/wp-json\/wp\/v2\/posts\/33136","targetHints":{"allow":["GET"]}}],"collection":[{"href":"https:\/\/www.psib-psoe.org\/eivissa\/wp-json\/wp\/v2\/posts"}],"about":[{"href":"https:\/\/www.psib-psoe.org\/eivissa\/wp-json\/wp\/v2\/types\/post"}],"author":[{"embeddable":true,"href":"https:\/\/www.psib-psoe.org\/eivissa\/wp-json\/wp\/v2\/users\/7"}],"replies":[{"embeddable":true,"href":"https:\/\/www.psib-psoe.org\/eivissa\/wp-json\/wp\/v2\/comments?post=33136"}],"version-history":[{"count":1,"href":"https:\/\/www.psib-psoe.org\/eivissa\/wp-json\/wp\/v2\/posts\/33136\/revisions"}],"predecessor-version":[{"id":33139,"href":"https:\/\/www.psib-psoe.org\/eivissa\/wp-json\/wp\/v2\/posts\/33136\/revisions\/33139"}],"wp:featuredmedia":[{"embeddable":true,"href":"https:\/\/www.psib-psoe.org\/eivissa\/wp-json\/wp\/v2\/media\/33137"}],"wp:attachment":[{"href":"https:\/\/www.psib-psoe.org\/eivissa\/wp-json\/wp\/v2\/media?parent=33136"}],"wp:term":[{"taxonomy":"category","embeddable":true,"href":"https:\/\/www.psib-psoe.org\/eivissa\/wp-json\/wp\/v2\/categories?post=33136"},{"taxonomy":"post_tag","embeddable":true,"href":"https:\/\/www.psib-psoe.org\/eivissa\/wp-json\/wp\/v2\/tags?post=33136"}],"curies":[{"name":"wp","href":"https:\/\/api.w.org\/{rel}","templated":true}]}}