{"id":33228,"date":"2021-04-30T13:30:42","date_gmt":"2021-04-30T11:30:42","guid":{"rendered":"https:\/\/www.psib-psoe.org\/eivissa\/?p=33228"},"modified":"2021-04-29T10:19:05","modified_gmt":"2021-04-29T08:19:05","slug":"pedro-sanchez-vox-es-una-amenaza-para-nuestra-convivencia-y-nuestra-democracia-el-psoe-vencera-a-la-ultraderecha-en-las-urnas-el-4m","status":"publish","type":"post","link":"https:\/\/www.psib-psoe.org\/eivissa\/pedro-sanchez-vox-es-una-amenaza-para-nuestra-convivencia-y-nuestra-democracia-el-psoe-vencera-a-la-ultraderecha-en-las-urnas-el-4m\/","title":{"rendered":"Pedro S\u00e1nchez: VOX es una amenaza para nuestra convivencia y nuestra democracia. El PSOE vencer\u00e1 a la ultraderecha en las urnas el 4M"},"content":{"rendered":"<p>\u201cLas amenazas no aparecen solas. Vienen despu\u00e9s de los insultos, llegan despu\u00e9s de que crezca el odio. Hay un discurso del odio que se ha extendido por nuestras sociedades y que lo est\u00e1 envenenando todo\u201d. El secretario general del PSOE y presidente del Gobierno, Pedro S\u00e1nchez, ha asegurado este domingo que \u201ces doloroso reconocerlo, pero nuestra democracia tiene un problema\u201d. Un problema que tambi\u00e9n tienen \u201cdemocracias antiguas y plenas como Francia, Suecia, Alemania o Estados Unidos\u201d.<\/p>\n<p>\u201cEl viernes la ultraderecha cruz\u00f3 una l\u00ednea\u201d, ha lanzado en Getafe. \u201cEllos cre\u00edan que era solo un paso m\u00e1s, que pasar\u00eda inadvertido, que se ver\u00eda como otra travesura. Que no suceder\u00eda nada; que nos acostumbrar\u00edamos a aceptarlo igual que hemos aceptado los anteriores. Pero no ser\u00e1 as\u00ed. El viernes VOX cruz\u00f3 una l\u00ednea y ser\u00e1 la \u00faltima l\u00ednea que cruce. Todos los progresistas, todos los socialistas, todos los dem\u00f3cratas nos hemos levantado y nos hemos puesto en pie para decir basta\u201d. Por eso Pedro S\u00e1nchez ha sido contundente: \u201cHa llegado la hora de decir que VOX es una amenaza para nuestra convivencia y para nuestra democracia. El Partido Socialista vencer\u00e1 en las urnas a la ultraderecha.\u201d<\/p>\n<p>\u201cS\u00f3lo hay un camino: solo el PSOE puede derrotar al Gobierno del PP y VOX, lograr que Madrid avance y no retroceda en derechos y libertades\u201d. No se trata de Madrid, \u201cse trata de nuestra democracia\u201d. \u201cNo es normal quitar importancia a algo tan grave como una amenaza de muerte. No es normal acusar a los amenazados. No es normal porque se trata de la convivencia. No es normal no condenar las amenazas. Nada de eso es normal. Y si le damos normalidad, si le quitamos importancia, estamos consintiendo que se ponga en riesgo la vida de las personas y nuestra manera democr\u00e1tica de vivir. No es normal porque se trata de nuestras libertades\u201d.<\/p>\n<p>S\u00e1nchez ha recordado que nuestra democracia es \u201cjoven\u201d pero \u201csuperamos muchas adversidades\u201d. \u201cHoy debemos ser conscientes de que nuestra democracia se enfrenta a una nueva prueba, la amenaza de la ultraderecha y tambi\u00e9n superaremos este desaf\u00edo\u201d. \u201cHe venido a pedir el voto para unas siglas por una raz\u00f3n mucho m\u00e1s poderosa. He venido a pedir que frenemos la amenaza extremista con votos, que defendamos nuestra democracia con nuestros votos, que protejamos nuestra convivencia con nuestros votos\u201d.<\/p>\n<blockquote class=\"twitter-tweet\">\n<p lang=\"es\" dir=\"ltr\">El viernes VOX cruz\u00f3 una l\u00ednea.<\/p>\n<p>Los progresistas, socialistas y dem\u00f3cratas nos hemos puesto en pie y hemos dicho     &#x2757;<br \/>&#x270a;<br \/>\u00a1Se acab\u00f3! <br \/>Se trata de la Democracia.<\/p>\n<p>&#xfe0f; Solo el PSOE puede derrotar al Gobierno del PP y VOX.<\/p>\n<p> <a href=\"https:\/\/twitter.com\/sanchezcastejon?ref_src=twsrc%5Etfw\">@sanchezcastejon<\/a> <a href=\"https:\/\/twitter.com\/hashtag\/LosDemocr%C3%A1tasSomosM%C3%A1s?src=hash&amp;ref_src=twsrc%5Etfw\">#LosDemocr\u00e1tasSomosM\u00e1s<\/a> <a href=\"https:\/\/t.co\/DibxqYOsP6\">pic.twitter.com\/DibxqYOsP6<\/a><\/p>\n<p>&mdash; PSOE (@PSOE) <a href=\"https:\/\/twitter.com\/PSOE\/status\/1386261772110270465?ref_src=twsrc%5Etfw\">April 25, 2021<\/a><\/p><\/blockquote>\n<p> <script async src=\"https:\/\/platform.twitter.com\/widgets.js\" charset=\"utf-8\"><\/script><\/p>\n","protected":false},"excerpt":{"rendered":"<p>\u201cLas amenazas no aparecen solas. Vienen despu\u00e9s de los insultos, llegan despu\u00e9s de que crezca el odio. Hay un discurso del odio que se ha extendido por nuestras sociedades y que lo est\u00e1 envenenando todo\u201d. El secretario general del PSOE y presidente del Gobierno, Pedro S\u00e1nchez, ha asegurado este domingo que \u201ces doloroso reconocerlo, pero&hellip;<\/p>\n","protected":false},"author":7,"featured_media":33229,"comment_status":"closed","ping_status":"closed","sticky":false,"template":"","format":"standard","meta":{"footnotes":""},"categories":[1,190],"tags":[],"class_list":["post-33228","post","type-post","status-publish","format-standard","has-post-thumbnail","hentry","category-federacio-de-eivissa-portada","category-govern-despanya-congres-senat"],"yoast_head":"<!-- This site is optimized with the Yoast SEO plugin v26.9 - https:\/\/yoast.com\/product\/yoast-seo-wordpress\/ -->\n<title>Pedro S\u00e1nchez: VOX es una amenaza para nuestra convivencia y nuestra democracia. El PSOE vencer\u00e1 a la ultraderecha en las urnas el 4M - Federaci\u00f3 Socialista d&#039;Eivissa<\/title>\n<meta name=\"robots\" content=\"index, follow, max-snippet:-1, max-image-preview:large, max-video-preview:-1\" \/>\n<link rel=\"canonical\" href=\"https:\/\/www.psib-psoe.org\/eivissa\/pedro-sanchez-vox-es-una-amenaza-para-nuestra-convivencia-y-nuestra-democracia-el-psoe-vencera-a-la-ultraderecha-en-las-urnas-el-4m\/\" \/>\n<meta property=\"og:locale\" content=\"ca_ES\" \/>\n<meta property=\"og:type\" content=\"article\" \/>\n<meta property=\"og:title\" content=\"Pedro S\u00e1nchez: VOX es una amenaza para nuestra convivencia y nuestra democracia. El PSOE vencer\u00e1 a la ultraderecha en las urnas el 4M - Federaci\u00f3 Socialista d&#039;Eivissa\" \/>\n<meta property=\"og:description\" content=\"\u201cLas amenazas no aparecen solas. Vienen despu\u00e9s de los insultos, llegan despu\u00e9s de que crezca el odio. Hay un discurso del odio que se ha extendido por nuestras sociedades y que lo est\u00e1 envenenando todo\u201d. El secretario general del PSOE y presidente del Gobierno, Pedro S\u00e1nchez, ha asegurado este domingo que \u201ces doloroso reconocerlo, pero&hellip;\" \/>\n<meta property=\"og:url\" content=\"https:\/\/www.psib-psoe.org\/eivissa\/pedro-sanchez-vox-es-una-amenaza-para-nuestra-convivencia-y-nuestra-democracia-el-psoe-vencera-a-la-ultraderecha-en-las-urnas-el-4m\/\" \/>\n<meta property=\"og:site_name\" content=\"Federaci\u00f3 Socialista d&#039;Eivissa\" \/>\n<meta property=\"article:published_time\" content=\"2021-04-30T11:30:42+00:00\" \/>\n<meta property=\"og:image\" content=\"https:\/\/www.psib-psoe.org\/eivissa\/wp-content\/uploads\/Ps-Gab-630x410.jpeg\" \/>\n\t<meta property=\"og:image:width\" content=\"630\" \/>\n\t<meta property=\"og:image:height\" content=\"410\" \/>\n\t<meta property=\"og:image:type\" content=\"image\/jpeg\" \/>\n<meta name=\"author\" content=\"Josep Ripoll\" \/>\n<meta name=\"twitter:card\" content=\"summary_large_image\" \/>\n<meta name=\"twitter:label1\" content=\"Escrit per\" \/>\n\t<meta name=\"twitter:data1\" content=\"Josep Ripoll\" \/>\n\t<meta name=\"twitter:label2\" content=\"Temps estimat de lectura\" \/>\n\t<meta name=\"twitter:data2\" content=\"2 minuts\" \/>\n<script type=\"application\/ld+json\" class=\"yoast-schema-graph\">{\"@context\":\"https:\/\/schema.org\",\"@graph\":[{\"@type\":[\"Article\",\"BlogPosting\"],\"@id\":\"https:\/\/www.psib-psoe.org\/eivissa\/pedro-sanchez-vox-es-una-amenaza-para-nuestra-convivencia-y-nuestra-democracia-el-psoe-vencera-a-la-ultraderecha-en-las-urnas-el-4m\/#article\",\"isPartOf\":{\"@id\":\"https:\/\/www.psib-psoe.org\/eivissa\/pedro-sanchez-vox-es-una-amenaza-para-nuestra-convivencia-y-nuestra-democracia-el-psoe-vencera-a-la-ultraderecha-en-las-urnas-el-4m\/\"},\"author\":{\"name\":\"Josep Ripoll\",\"@id\":\"https:\/\/www.psib-psoe.org\/eivissa\/#\/schema\/person\/7a9d2841fb36f32e34fc0e9b245e8117\"},\"headline\":\"Pedro S\u00e1nchez: VOX es una amenaza para nuestra convivencia y nuestra democracia. El PSOE vencer\u00e1 a la ultraderecha en las urnas el 4M\",\"datePublished\":\"2021-04-30T11:30:42+00:00\",\"mainEntityOfPage\":{\"@id\":\"https:\/\/www.psib-psoe.org\/eivissa\/pedro-sanchez-vox-es-una-amenaza-para-nuestra-convivencia-y-nuestra-democracia-el-psoe-vencera-a-la-ultraderecha-en-las-urnas-el-4m\/\"},\"wordCount\":484,\"publisher\":{\"@id\":\"https:\/\/www.psib-psoe.org\/eivissa\/#organization\"},\"image\":{\"@id\":\"https:\/\/www.psib-psoe.org\/eivissa\/pedro-sanchez-vox-es-una-amenaza-para-nuestra-convivencia-y-nuestra-democracia-el-psoe-vencera-a-la-ultraderecha-en-las-urnas-el-4m\/#primaryimage\"},\"thumbnailUrl\":\"https:\/\/www.psib-psoe.org\/eivissa\/wp-content\/uploads\/Ps-Gab-630x410.jpeg\",\"articleSection\":[\"Federaci\u00f3 d'Eivissa - Portada\",\"Govern d'Espanya - Congr\u00e9s - Senat - PSOE Federal\"],\"inLanguage\":\"ca\"},{\"@type\":\"WebPage\",\"@id\":\"https:\/\/www.psib-psoe.org\/eivissa\/pedro-sanchez-vox-es-una-amenaza-para-nuestra-convivencia-y-nuestra-democracia-el-psoe-vencera-a-la-ultraderecha-en-las-urnas-el-4m\/\",\"url\":\"https:\/\/www.psib-psoe.org\/eivissa\/pedro-sanchez-vox-es-una-amenaza-para-nuestra-convivencia-y-nuestra-democracia-el-psoe-vencera-a-la-ultraderecha-en-las-urnas-el-4m\/\",\"name\":\"Pedro S\u00e1nchez: VOX es una amenaza para nuestra convivencia y nuestra democracia. El PSOE vencer\u00e1 a la ultraderecha en las urnas el 4M - Federaci\u00f3 Socialista d&#039;Eivissa\",\"isPartOf\":{\"@id\":\"https:\/\/www.psib-psoe.org\/eivissa\/#website\"},\"primaryImageOfPage\":{\"@id\":\"https:\/\/www.psib-psoe.org\/eivissa\/pedro-sanchez-vox-es-una-amenaza-para-nuestra-convivencia-y-nuestra-democracia-el-psoe-vencera-a-la-ultraderecha-en-las-urnas-el-4m\/#primaryimage\"},\"image\":{\"@id\":\"https:\/\/www.psib-psoe.org\/eivissa\/pedro-sanchez-vox-es-una-amenaza-para-nuestra-convivencia-y-nuestra-democracia-el-psoe-vencera-a-la-ultraderecha-en-las-urnas-el-4m\/#primaryimage\"},\"thumbnailUrl\":\"https:\/\/www.psib-psoe.org\/eivissa\/wp-content\/uploads\/Ps-Gab-630x410.jpeg\",\"datePublished\":\"2021-04-30T11:30:42+00:00\",\"breadcrumb\":{\"@id\":\"https:\/\/www.psib-psoe.org\/eivissa\/pedro-sanchez-vox-es-una-amenaza-para-nuestra-convivencia-y-nuestra-democracia-el-psoe-vencera-a-la-ultraderecha-en-las-urnas-el-4m\/#breadcrumb\"},\"inLanguage\":\"ca\",\"potentialAction\":[{\"@type\":\"ReadAction\",\"target\":[\"https:\/\/www.psib-psoe.org\/eivissa\/pedro-sanchez-vox-es-una-amenaza-para-nuestra-convivencia-y-nuestra-democracia-el-psoe-vencera-a-la-ultraderecha-en-las-urnas-el-4m\/\"]}]},{\"@type\":\"ImageObject\",\"inLanguage\":\"ca\",\"@id\":\"https:\/\/www.psib-psoe.org\/eivissa\/pedro-sanchez-vox-es-una-amenaza-para-nuestra-convivencia-y-nuestra-democracia-el-psoe-vencera-a-la-ultraderecha-en-las-urnas-el-4m\/#primaryimage\",\"url\":\"https:\/\/www.psib-psoe.org\/eivissa\/wp-content\/uploads\/Ps-Gab-630x410.jpeg\",\"contentUrl\":\"https:\/\/www.psib-psoe.org\/eivissa\/wp-content\/uploads\/Ps-Gab-630x410.jpeg\",\"width\":630,\"height\":410},{\"@type\":\"BreadcrumbList\",\"@id\":\"https:\/\/www.psib-psoe.org\/eivissa\/pedro-sanchez-vox-es-una-amenaza-para-nuestra-convivencia-y-nuestra-democracia-el-psoe-vencera-a-la-ultraderecha-en-las-urnas-el-4m\/#breadcrumb\",\"itemListElement\":[{\"@type\":\"ListItem\",\"position\":1,\"name\":\"Inici\",\"item\":\"https:\/\/www.psib-psoe.org\/eivissa\/\"},{\"@type\":\"ListItem\",\"position\":2,\"name\":\"Pedro S\u00e1nchez: VOX es una amenaza para nuestra convivencia y nuestra democracia. El PSOE vencer\u00e1 a la ultraderecha en las urnas el 4M\"}]},{\"@type\":\"WebSite\",\"@id\":\"https:\/\/www.psib-psoe.org\/eivissa\/#website\",\"url\":\"https:\/\/www.psib-psoe.org\/eivissa\/\",\"name\":\"Federaci\u00f3 Socialista d'Eivissa\",\"description\":\"Socialistes d&#039;Eivissa\",\"publisher\":{\"@id\":\"https:\/\/www.psib-psoe.org\/eivissa\/#organization\"},\"potentialAction\":[{\"@type\":\"SearchAction\",\"target\":{\"@type\":\"EntryPoint\",\"urlTemplate\":\"https:\/\/www.psib-psoe.org\/eivissa\/?s={search_term_string}\"},\"query-input\":{\"@type\":\"PropertyValueSpecification\",\"valueRequired\":true,\"valueName\":\"search_term_string\"}}],\"inLanguage\":\"ca\"},{\"@type\":\"Organization\",\"@id\":\"https:\/\/www.psib-psoe.org\/eivissa\/#organization\",\"name\":\"Federaci\u00f3 Socialista d'Eivissa\",\"url\":\"https:\/\/www.psib-psoe.org\/eivissa\/\",\"logo\":{\"@type\":\"ImageObject\",\"inLanguage\":\"ca\",\"@id\":\"https:\/\/www.psib-psoe.org\/eivissa\/#\/schema\/logo\/image\/\",\"url\":\"https:\/\/www.psib-psoe.org\/eivissa\/wp-content\/uploads\/LOGO-FSE-SOCIALISTA-DEIVISSA-HORI.png\",\"contentUrl\":\"https:\/\/www.psib-psoe.org\/eivissa\/wp-content\/uploads\/LOGO-FSE-SOCIALISTA-DEIVISSA-HORI.png\",\"width\":6000,\"height\":3104,\"caption\":\"Federaci\u00f3 Socialista d'Eivissa\"},\"image\":{\"@id\":\"https:\/\/www.psib-psoe.org\/eivissa\/#\/schema\/logo\/image\/\"}},{\"@type\":\"Person\",\"@id\":\"https:\/\/www.psib-psoe.org\/eivissa\/#\/schema\/person\/7a9d2841fb36f32e34fc0e9b245e8117\",\"name\":\"Josep Ripoll\",\"sameAs\":[\"http:\/\/www.psib-psoe.org\/eivissa\/wp-login.php\"],\"url\":\"https:\/\/www.psib-psoe.org\/eivissa\/author\/josep\/\"}]}<\/script>\n<!-- \/ Yoast SEO plugin. -->","yoast_head_json":{"title":"Pedro S\u00e1nchez: VOX es una amenaza para nuestra convivencia y nuestra democracia. El PSOE vencer\u00e1 a la ultraderecha en las urnas el 4M - Federaci\u00f3 Socialista d&#039;Eivissa","robots":{"index":"index","follow":"follow","max-snippet":"max-snippet:-1","max-image-preview":"max-image-preview:large","max-video-preview":"max-video-preview:-1"},"canonical":"https:\/\/www.psib-psoe.org\/eivissa\/pedro-sanchez-vox-es-una-amenaza-para-nuestra-convivencia-y-nuestra-democracia-el-psoe-vencera-a-la-ultraderecha-en-las-urnas-el-4m\/","og_locale":"ca_ES","og_type":"article","og_title":"Pedro S\u00e1nchez: VOX es una amenaza para nuestra convivencia y nuestra democracia. El PSOE vencer\u00e1 a la ultraderecha en las urnas el 4M - Federaci\u00f3 Socialista d&#039;Eivissa","og_description":"\u201cLas amenazas no aparecen solas. Vienen despu\u00e9s de los insultos, llegan despu\u00e9s de que crezca el odio. Hay un discurso del odio que se ha extendido por nuestras sociedades y que lo est\u00e1 envenenando todo\u201d. El secretario general del PSOE y presidente del Gobierno, Pedro S\u00e1nchez, ha asegurado este domingo que \u201ces doloroso reconocerlo, pero&hellip;","og_url":"https:\/\/www.psib-psoe.org\/eivissa\/pedro-sanchez-vox-es-una-amenaza-para-nuestra-convivencia-y-nuestra-democracia-el-psoe-vencera-a-la-ultraderecha-en-las-urnas-el-4m\/","og_site_name":"Federaci\u00f3 Socialista d&#039;Eivissa","article_published_time":"2021-04-30T11:30:42+00:00","og_image":[{"width":630,"height":410,"url":"https:\/\/www.psib-psoe.org\/eivissa\/wp-content\/uploads\/Ps-Gab-630x410.jpeg","type":"image\/jpeg"}],"author":"Josep Ripoll","twitter_card":"summary_large_image","twitter_misc":{"Escrit per":"Josep Ripoll","Temps estimat de lectura":"2 minuts"},"schema":{"@context":"https:\/\/schema.org","@graph":[{"@type":["Article","BlogPosting"],"@id":"https:\/\/www.psib-psoe.org\/eivissa\/pedro-sanchez-vox-es-una-amenaza-para-nuestra-convivencia-y-nuestra-democracia-el-psoe-vencera-a-la-ultraderecha-en-las-urnas-el-4m\/#article","isPartOf":{"@id":"https:\/\/www.psib-psoe.org\/eivissa\/pedro-sanchez-vox-es-una-amenaza-para-nuestra-convivencia-y-nuestra-democracia-el-psoe-vencera-a-la-ultraderecha-en-las-urnas-el-4m\/"},"author":{"name":"Josep Ripoll","@id":"https:\/\/www.psib-psoe.org\/eivissa\/#\/schema\/person\/7a9d2841fb36f32e34fc0e9b245e8117"},"headline":"Pedro S\u00e1nchez: VOX es una amenaza para nuestra convivencia y nuestra democracia. El PSOE vencer\u00e1 a la ultraderecha en las urnas el 4M","datePublished":"2021-04-30T11:30:42+00:00","mainEntityOfPage":{"@id":"https:\/\/www.psib-psoe.org\/eivissa\/pedro-sanchez-vox-es-una-amenaza-para-nuestra-convivencia-y-nuestra-democracia-el-psoe-vencera-a-la-ultraderecha-en-las-urnas-el-4m\/"},"wordCount":484,"publisher":{"@id":"https:\/\/www.psib-psoe.org\/eivissa\/#organization"},"image":{"@id":"https:\/\/www.psib-psoe.org\/eivissa\/pedro-sanchez-vox-es-una-amenaza-para-nuestra-convivencia-y-nuestra-democracia-el-psoe-vencera-a-la-ultraderecha-en-las-urnas-el-4m\/#primaryimage"},"thumbnailUrl":"https:\/\/www.psib-psoe.org\/eivissa\/wp-content\/uploads\/Ps-Gab-630x410.jpeg","articleSection":["Federaci\u00f3 d'Eivissa - Portada","Govern d'Espanya - Congr\u00e9s - Senat - PSOE Federal"],"inLanguage":"ca"},{"@type":"WebPage","@id":"https:\/\/www.psib-psoe.org\/eivissa\/pedro-sanchez-vox-es-una-amenaza-para-nuestra-convivencia-y-nuestra-democracia-el-psoe-vencera-a-la-ultraderecha-en-las-urnas-el-4m\/","url":"https:\/\/www.psib-psoe.org\/eivissa\/pedro-sanchez-vox-es-una-amenaza-para-nuestra-convivencia-y-nuestra-democracia-el-psoe-vencera-a-la-ultraderecha-en-las-urnas-el-4m\/","name":"Pedro S\u00e1nchez: VOX es una amenaza para nuestra convivencia y nuestra democracia. El PSOE vencer\u00e1 a la ultraderecha en las urnas el 4M - Federaci\u00f3 Socialista d&#039;Eivissa","isPartOf":{"@id":"https:\/\/www.psib-psoe.org\/eivissa\/#website"},"primaryImageOfPage":{"@id":"https:\/\/www.psib-psoe.org\/eivissa\/pedro-sanchez-vox-es-una-amenaza-para-nuestra-convivencia-y-nuestra-democracia-el-psoe-vencera-a-la-ultraderecha-en-las-urnas-el-4m\/#primaryimage"},"image":{"@id":"https:\/\/www.psib-psoe.org\/eivissa\/pedro-sanchez-vox-es-una-amenaza-para-nuestra-convivencia-y-nuestra-democracia-el-psoe-vencera-a-la-ultraderecha-en-las-urnas-el-4m\/#primaryimage"},"thumbnailUrl":"https:\/\/www.psib-psoe.org\/eivissa\/wp-content\/uploads\/Ps-Gab-630x410.jpeg","datePublished":"2021-04-30T11:30:42+00:00","breadcrumb":{"@id":"https:\/\/www.psib-psoe.org\/eivissa\/pedro-sanchez-vox-es-una-amenaza-para-nuestra-convivencia-y-nuestra-democracia-el-psoe-vencera-a-la-ultraderecha-en-las-urnas-el-4m\/#breadcrumb"},"inLanguage":"ca","potentialAction":[{"@type":"ReadAction","target":["https:\/\/www.psib-psoe.org\/eivissa\/pedro-sanchez-vox-es-una-amenaza-para-nuestra-convivencia-y-nuestra-democracia-el-psoe-vencera-a-la-ultraderecha-en-las-urnas-el-4m\/"]}]},{"@type":"ImageObject","inLanguage":"ca","@id":"https:\/\/www.psib-psoe.org\/eivissa\/pedro-sanchez-vox-es-una-amenaza-para-nuestra-convivencia-y-nuestra-democracia-el-psoe-vencera-a-la-ultraderecha-en-las-urnas-el-4m\/#primaryimage","url":"https:\/\/www.psib-psoe.org\/eivissa\/wp-content\/uploads\/Ps-Gab-630x410.jpeg","contentUrl":"https:\/\/www.psib-psoe.org\/eivissa\/wp-content\/uploads\/Ps-Gab-630x410.jpeg","width":630,"height":410},{"@type":"BreadcrumbList","@id":"https:\/\/www.psib-psoe.org\/eivissa\/pedro-sanchez-vox-es-una-amenaza-para-nuestra-convivencia-y-nuestra-democracia-el-psoe-vencera-a-la-ultraderecha-en-las-urnas-el-4m\/#breadcrumb","itemListElement":[{"@type":"ListItem","position":1,"name":"Inici","item":"https:\/\/www.psib-psoe.org\/eivissa\/"},{"@type":"ListItem","position":2,"name":"Pedro S\u00e1nchez: VOX es una amenaza para nuestra convivencia y nuestra democracia. El PSOE vencer\u00e1 a la ultraderecha en las urnas el 4M"}]},{"@type":"WebSite","@id":"https:\/\/www.psib-psoe.org\/eivissa\/#website","url":"https:\/\/www.psib-psoe.org\/eivissa\/","name":"Federaci\u00f3 Socialista d'Eivissa","description":"Socialistes d&#039;Eivissa","publisher":{"@id":"https:\/\/www.psib-psoe.org\/eivissa\/#organization"},"potentialAction":[{"@type":"SearchAction","target":{"@type":"EntryPoint","urlTemplate":"https:\/\/www.psib-psoe.org\/eivissa\/?s={search_term_string}"},"query-input":{"@type":"PropertyValueSpecification","valueRequired":true,"valueName":"search_term_string"}}],"inLanguage":"ca"},{"@type":"Organization","@id":"https:\/\/www.psib-psoe.org\/eivissa\/#organization","name":"Federaci\u00f3 Socialista d'Eivissa","url":"https:\/\/www.psib-psoe.org\/eivissa\/","logo":{"@type":"ImageObject","inLanguage":"ca","@id":"https:\/\/www.psib-psoe.org\/eivissa\/#\/schema\/logo\/image\/","url":"https:\/\/www.psib-psoe.org\/eivissa\/wp-content\/uploads\/LOGO-FSE-SOCIALISTA-DEIVISSA-HORI.png","contentUrl":"https:\/\/www.psib-psoe.org\/eivissa\/wp-content\/uploads\/LOGO-FSE-SOCIALISTA-DEIVISSA-HORI.png","width":6000,"height":3104,"caption":"Federaci\u00f3 Socialista d'Eivissa"},"image":{"@id":"https:\/\/www.psib-psoe.org\/eivissa\/#\/schema\/logo\/image\/"}},{"@type":"Person","@id":"https:\/\/www.psib-psoe.org\/eivissa\/#\/schema\/person\/7a9d2841fb36f32e34fc0e9b245e8117","name":"Josep Ripoll","sameAs":["http:\/\/www.psib-psoe.org\/eivissa\/wp-login.php"],"url":"https:\/\/www.psib-psoe.org\/eivissa\/author\/josep\/"}]}},"_links":{"self":[{"href":"https:\/\/www.psib-psoe.org\/eivissa\/wp-json\/wp\/v2\/posts\/33228","targetHints":{"allow":["GET"]}}],"collection":[{"href":"https:\/\/www.psib-psoe.org\/eivissa\/wp-json\/wp\/v2\/posts"}],"about":[{"href":"https:\/\/www.psib-psoe.org\/eivissa\/wp-json\/wp\/v2\/types\/post"}],"author":[{"embeddable":true,"href":"https:\/\/www.psib-psoe.org\/eivissa\/wp-json\/wp\/v2\/users\/7"}],"replies":[{"embeddable":true,"href":"https:\/\/www.psib-psoe.org\/eivissa\/wp-json\/wp\/v2\/comments?post=33228"}],"version-history":[{"count":1,"href":"https:\/\/www.psib-psoe.org\/eivissa\/wp-json\/wp\/v2\/posts\/33228\/revisions"}],"predecessor-version":[{"id":33231,"href":"https:\/\/www.psib-psoe.org\/eivissa\/wp-json\/wp\/v2\/posts\/33228\/revisions\/33231"}],"wp:featuredmedia":[{"embeddable":true,"href":"https:\/\/www.psib-psoe.org\/eivissa\/wp-json\/wp\/v2\/media\/33229"}],"wp:attachment":[{"href":"https:\/\/www.psib-psoe.org\/eivissa\/wp-json\/wp\/v2\/media?parent=33228"}],"wp:term":[{"taxonomy":"category","embeddable":true,"href":"https:\/\/www.psib-psoe.org\/eivissa\/wp-json\/wp\/v2\/categories?post=33228"},{"taxonomy":"post_tag","embeddable":true,"href":"https:\/\/www.psib-psoe.org\/eivissa\/wp-json\/wp\/v2\/tags?post=33228"}],"curies":[{"name":"wp","href":"https:\/\/api.w.org\/{rel}","templated":true}]}}