{"id":33283,"date":"2021-04-30T13:14:05","date_gmt":"2021-04-30T11:14:05","guid":{"rendered":"https:\/\/www.psib-psoe.org\/eivissa\/?p=33283"},"modified":"2021-04-30T19:18:45","modified_gmt":"2021-04-30T17:18:45","slug":"josep-mari-ribas-els-socialistes-complim-amb-el-compromis-de-posar-lhabitatge-en-el-centre-de-les-politiques-progressistes","status":"publish","type":"post","link":"https:\/\/www.psib-psoe.org\/eivissa\/josep-mari-ribas-els-socialistes-complim-amb-el-compromis-de-posar-lhabitatge-en-el-centre-de-les-politiques-progressistes\/","title":{"rendered":"Josep Mar\u00ed Ribas: \u201cEls socialistes complim amb el comprom\u00eds de posar l\u2019habitatge en el centre de les pol\u00edtiques progressistes\u201d"},"content":{"rendered":"<p>El PSIB-PSOE ha organitzat una nova trobada virtual amb la milit\u00e0ncia per parlar del dret a l\u2019habitatge i de les pol\u00edtiques posades en marxa en aquest sentit pel Govern. L\u2019acte ha comptat amb la participaci\u00f3 del conseller de Mobilitat i Habitatge, Josep Mar\u00ed \u201cAgustinet\u201d, qui ha destacat que s\u2019incrementar\u00e0 el parc d\u2019habitatge p\u00fablic en m\u00e9s de mil pisos m\u00e9s aquesta legislatura, el que representa un increment de m\u00e9s del 50% respecte l\u2019actual.<\/p>\n<p>El conseller ha exposat que la feina iniciada pel Govern presidit per Francina Armengol el 2015 ha evidenciat que \u201cels socialistes complim amb el comprom\u00eds de posar l\u2019habitatge en el centre de les pol\u00edtiques progressistes\u201d, alhora que ha reivindicat les mesures en aquest sentit com una de les \u201cmarques m\u00e9s importants que poden fer governs progressistes i d\u2019esquerres, en defensa de qui m\u00e9s ho necessita\u201d.<\/p>\n<p>Mar\u00ed, aix\u00ed mateix, ha destacat que el dret a l\u2019habitatge \u00e9s un dret constitucional \u201cque les administracions tenim l\u2019obligaci\u00f3 de garantir\u201d i que, especialment, \u201cels socialistes tenim l\u2019obligaci\u00f3 de fer-hi feina i de situar-nos-hi en una posici\u00f3 destacada\u201d.<\/p>\n<p>En aquest sentit, el socialista ha palesat la delicada situaci\u00f3 en qu\u00e8 es troben les Illes Balears pel que fa a l\u2019habitatge, destacant que l\u2019escassetat de s\u00f2l i la pressi\u00f3 dels preus -fruit d\u2019un mercat tur\u00edstic que pressiona sobre aquests- \u201cprovoquen una tempesta perfecta perqu\u00e8 no hi hagi habitatge a preu raonable a disposici\u00f3 de la gent\u201d.<\/p>\n<p>Per revertir aquesta situaci\u00f3, Mar\u00ed ha explicat que la pol\u00edtica del Govern, des de 2015, se centra en ampliar el parc d\u2019habitatge p\u00fablic, a trav\u00e9s de noves construccions o d\u2019altres f\u00f3rmules, per posar-lo a disposici\u00f3 de qui ho necessiti amb lloguers socials a preus assequibles que no superin el 30% dels ingressos de la unitat familiar.<\/p>\n<p>Si l\u2019any 2015 el govern d\u2019Armengol es va trobar amb un parc p\u00fablic d\u2019uns 1.800 habitatges, la intenci\u00f3 \u00e9s que en aquesta legislatura en siguin m\u00e9s de mil m\u00e9s, \u00e9s a dir, m\u00e9s d\u2019un 50% d\u2019increment. \u201cEl PP no va fer pol\u00edtiques d\u2019habitatge; els socialistes en arribar al Govern ens v\u00e0rem trobar que, fins i tot, un terreny que s\u2019havia de destinar a habitatge protegit s\u2019havia venut per fer-hi un hotel\u201d, ha denunciat Mar\u00ed.<\/p>\n","protected":false},"excerpt":{"rendered":"<p>El PSIB-PSOE ha organitzat una nova trobada virtual amb la milit\u00e0ncia per parlar del dret a l\u2019habitatge i de les pol\u00edtiques posades en marxa en aquest sentit pel Govern. L\u2019acte ha comptat amb la participaci\u00f3 del conseller de Mobilitat i Habitatge, Josep Mar\u00ed \u201cAgustinet\u201d, qui ha destacat que s\u2019incrementar\u00e0 el parc d\u2019habitatge p\u00fablic en m\u00e9s&hellip;<\/p>\n","protected":false},"author":7,"featured_media":33284,"comment_status":"closed","ping_status":"closed","sticky":false,"template":"","format":"standard","meta":{"footnotes":""},"categories":[1,191],"tags":[],"class_list":["post-33283","post","type-post","status-publish","format-standard","has-post-thumbnail","hentry","category-federacio-de-eivissa-portada","category-govern-de-les-illes-balears-parlament"],"yoast_head":"<!-- This site is optimized with the Yoast SEO plugin v26.9 - https:\/\/yoast.com\/product\/yoast-seo-wordpress\/ -->\n<title>Josep Mar\u00ed Ribas: \u201cEls socialistes complim amb el comprom\u00eds de posar l\u2019habitatge en el centre de les pol\u00edtiques progressistes\u201d - Federaci\u00f3 Socialista d&#039;Eivissa<\/title>\n<meta name=\"robots\" content=\"index, follow, max-snippet:-1, max-image-preview:large, max-video-preview:-1\" \/>\n<link rel=\"canonical\" href=\"https:\/\/www.psib-psoe.org\/eivissa\/josep-mari-ribas-els-socialistes-complim-amb-el-compromis-de-posar-lhabitatge-en-el-centre-de-les-politiques-progressistes\/\" \/>\n<meta property=\"og:locale\" content=\"ca_ES\" \/>\n<meta property=\"og:type\" content=\"article\" \/>\n<meta property=\"og:title\" content=\"Josep Mar\u00ed Ribas: \u201cEls socialistes complim amb el comprom\u00eds de posar l\u2019habitatge en el centre de les pol\u00edtiques progressistes\u201d - Federaci\u00f3 Socialista d&#039;Eivissa\" \/>\n<meta property=\"og:description\" content=\"El PSIB-PSOE ha organitzat una nova trobada virtual amb la milit\u00e0ncia per parlar del dret a l\u2019habitatge i de les pol\u00edtiques posades en marxa en aquest sentit pel Govern. L\u2019acte ha comptat amb la participaci\u00f3 del conseller de Mobilitat i Habitatge, Josep Mar\u00ed \u201cAgustinet\u201d, qui ha destacat que s\u2019incrementar\u00e0 el parc d\u2019habitatge p\u00fablic en m\u00e9s&hellip;\" \/>\n<meta property=\"og:url\" content=\"https:\/\/www.psib-psoe.org\/eivissa\/josep-mari-ribas-els-socialistes-complim-amb-el-compromis-de-posar-lhabitatge-en-el-centre-de-les-politiques-progressistes\/\" \/>\n<meta property=\"og:site_name\" content=\"Federaci\u00f3 Socialista d&#039;Eivissa\" \/>\n<meta property=\"article:published_time\" content=\"2021-04-30T11:14:05+00:00\" \/>\n<meta property=\"article:modified_time\" content=\"2021-04-30T17:18:45+00:00\" \/>\n<meta property=\"og:image\" content=\"https:\/\/www.psib-psoe.org\/eivissa\/wp-content\/uploads\/Josep-Mari-Agustinet-Trobada-virtual-habitatge-20210429-1.jpeg\" \/>\n\t<meta property=\"og:image:width\" content=\"2000\" \/>\n\t<meta property=\"og:image:height\" content=\"1333\" \/>\n\t<meta property=\"og:image:type\" content=\"image\/jpeg\" \/>\n<meta name=\"author\" content=\"Josep Ripoll\" \/>\n<meta name=\"twitter:card\" content=\"summary_large_image\" \/>\n<meta name=\"twitter:label1\" content=\"Escrit per\" \/>\n\t<meta name=\"twitter:data1\" content=\"Josep Ripoll\" \/>\n\t<meta name=\"twitter:label2\" content=\"Temps estimat de lectura\" \/>\n\t<meta name=\"twitter:data2\" content=\"2 minuts\" \/>\n<script type=\"application\/ld+json\" class=\"yoast-schema-graph\">{\"@context\":\"https:\/\/schema.org\",\"@graph\":[{\"@type\":[\"Article\",\"BlogPosting\"],\"@id\":\"https:\/\/www.psib-psoe.org\/eivissa\/josep-mari-ribas-els-socialistes-complim-amb-el-compromis-de-posar-lhabitatge-en-el-centre-de-les-politiques-progressistes\/#article\",\"isPartOf\":{\"@id\":\"https:\/\/www.psib-psoe.org\/eivissa\/josep-mari-ribas-els-socialistes-complim-amb-el-compromis-de-posar-lhabitatge-en-el-centre-de-les-politiques-progressistes\/\"},\"author\":{\"name\":\"Josep Ripoll\",\"@id\":\"https:\/\/www.psib-psoe.org\/eivissa\/#\/schema\/person\/7a9d2841fb36f32e34fc0e9b245e8117\"},\"headline\":\"Josep Mar\u00ed Ribas: \u201cEls socialistes complim amb el comprom\u00eds de posar l\u2019habitatge en el centre de les pol\u00edtiques progressistes\u201d\",\"datePublished\":\"2021-04-30T11:14:05+00:00\",\"dateModified\":\"2021-04-30T17:18:45+00:00\",\"mainEntityOfPage\":{\"@id\":\"https:\/\/www.psib-psoe.org\/eivissa\/josep-mari-ribas-els-socialistes-complim-amb-el-compromis-de-posar-lhabitatge-en-el-centre-de-les-politiques-progressistes\/\"},\"wordCount\":422,\"publisher\":{\"@id\":\"https:\/\/www.psib-psoe.org\/eivissa\/#organization\"},\"image\":{\"@id\":\"https:\/\/www.psib-psoe.org\/eivissa\/josep-mari-ribas-els-socialistes-complim-amb-el-compromis-de-posar-lhabitatge-en-el-centre-de-les-politiques-progressistes\/#primaryimage\"},\"thumbnailUrl\":\"https:\/\/www.psib-psoe.org\/eivissa\/wp-content\/uploads\/Josep-Mari-Agustinet-Trobada-virtual-habitatge-20210429-1.jpeg\",\"articleSection\":[\"Federaci\u00f3 d'Eivissa - Portada\",\"Govern de les Illes Balears - Parlament - PSIB-PSOE\"],\"inLanguage\":\"ca\"},{\"@type\":\"WebPage\",\"@id\":\"https:\/\/www.psib-psoe.org\/eivissa\/josep-mari-ribas-els-socialistes-complim-amb-el-compromis-de-posar-lhabitatge-en-el-centre-de-les-politiques-progressistes\/\",\"url\":\"https:\/\/www.psib-psoe.org\/eivissa\/josep-mari-ribas-els-socialistes-complim-amb-el-compromis-de-posar-lhabitatge-en-el-centre-de-les-politiques-progressistes\/\",\"name\":\"Josep Mar\u00ed Ribas: \u201cEls socialistes complim amb el comprom\u00eds de posar l\u2019habitatge en el centre de les pol\u00edtiques progressistes\u201d - Federaci\u00f3 Socialista d&#039;Eivissa\",\"isPartOf\":{\"@id\":\"https:\/\/www.psib-psoe.org\/eivissa\/#website\"},\"primaryImageOfPage\":{\"@id\":\"https:\/\/www.psib-psoe.org\/eivissa\/josep-mari-ribas-els-socialistes-complim-amb-el-compromis-de-posar-lhabitatge-en-el-centre-de-les-politiques-progressistes\/#primaryimage\"},\"image\":{\"@id\":\"https:\/\/www.psib-psoe.org\/eivissa\/josep-mari-ribas-els-socialistes-complim-amb-el-compromis-de-posar-lhabitatge-en-el-centre-de-les-politiques-progressistes\/#primaryimage\"},\"thumbnailUrl\":\"https:\/\/www.psib-psoe.org\/eivissa\/wp-content\/uploads\/Josep-Mari-Agustinet-Trobada-virtual-habitatge-20210429-1.jpeg\",\"datePublished\":\"2021-04-30T11:14:05+00:00\",\"dateModified\":\"2021-04-30T17:18:45+00:00\",\"breadcrumb\":{\"@id\":\"https:\/\/www.psib-psoe.org\/eivissa\/josep-mari-ribas-els-socialistes-complim-amb-el-compromis-de-posar-lhabitatge-en-el-centre-de-les-politiques-progressistes\/#breadcrumb\"},\"inLanguage\":\"ca\",\"potentialAction\":[{\"@type\":\"ReadAction\",\"target\":[\"https:\/\/www.psib-psoe.org\/eivissa\/josep-mari-ribas-els-socialistes-complim-amb-el-compromis-de-posar-lhabitatge-en-el-centre-de-les-politiques-progressistes\/\"]}]},{\"@type\":\"ImageObject\",\"inLanguage\":\"ca\",\"@id\":\"https:\/\/www.psib-psoe.org\/eivissa\/josep-mari-ribas-els-socialistes-complim-amb-el-compromis-de-posar-lhabitatge-en-el-centre-de-les-politiques-progressistes\/#primaryimage\",\"url\":\"https:\/\/www.psib-psoe.org\/eivissa\/wp-content\/uploads\/Josep-Mari-Agustinet-Trobada-virtual-habitatge-20210429-1.jpeg\",\"contentUrl\":\"https:\/\/www.psib-psoe.org\/eivissa\/wp-content\/uploads\/Josep-Mari-Agustinet-Trobada-virtual-habitatge-20210429-1.jpeg\",\"width\":2000,\"height\":1333},{\"@type\":\"BreadcrumbList\",\"@id\":\"https:\/\/www.psib-psoe.org\/eivissa\/josep-mari-ribas-els-socialistes-complim-amb-el-compromis-de-posar-lhabitatge-en-el-centre-de-les-politiques-progressistes\/#breadcrumb\",\"itemListElement\":[{\"@type\":\"ListItem\",\"position\":1,\"name\":\"Inici\",\"item\":\"https:\/\/www.psib-psoe.org\/eivissa\/\"},{\"@type\":\"ListItem\",\"position\":2,\"name\":\"Josep Mar\u00ed Ribas: \u201cEls socialistes complim amb el comprom\u00eds de posar l\u2019habitatge en el centre de les pol\u00edtiques progressistes\u201d\"}]},{\"@type\":\"WebSite\",\"@id\":\"https:\/\/www.psib-psoe.org\/eivissa\/#website\",\"url\":\"https:\/\/www.psib-psoe.org\/eivissa\/\",\"name\":\"Federaci\u00f3 Socialista d'Eivissa\",\"description\":\"Socialistes d&#039;Eivissa\",\"publisher\":{\"@id\":\"https:\/\/www.psib-psoe.org\/eivissa\/#organization\"},\"potentialAction\":[{\"@type\":\"SearchAction\",\"target\":{\"@type\":\"EntryPoint\",\"urlTemplate\":\"https:\/\/www.psib-psoe.org\/eivissa\/?s={search_term_string}\"},\"query-input\":{\"@type\":\"PropertyValueSpecification\",\"valueRequired\":true,\"valueName\":\"search_term_string\"}}],\"inLanguage\":\"ca\"},{\"@type\":\"Organization\",\"@id\":\"https:\/\/www.psib-psoe.org\/eivissa\/#organization\",\"name\":\"Federaci\u00f3 Socialista d'Eivissa\",\"url\":\"https:\/\/www.psib-psoe.org\/eivissa\/\",\"logo\":{\"@type\":\"ImageObject\",\"inLanguage\":\"ca\",\"@id\":\"https:\/\/www.psib-psoe.org\/eivissa\/#\/schema\/logo\/image\/\",\"url\":\"https:\/\/www.psib-psoe.org\/eivissa\/wp-content\/uploads\/LOGO-FSE-SOCIALISTA-DEIVISSA-HORI.png\",\"contentUrl\":\"https:\/\/www.psib-psoe.org\/eivissa\/wp-content\/uploads\/LOGO-FSE-SOCIALISTA-DEIVISSA-HORI.png\",\"width\":6000,\"height\":3104,\"caption\":\"Federaci\u00f3 Socialista d'Eivissa\"},\"image\":{\"@id\":\"https:\/\/www.psib-psoe.org\/eivissa\/#\/schema\/logo\/image\/\"}},{\"@type\":\"Person\",\"@id\":\"https:\/\/www.psib-psoe.org\/eivissa\/#\/schema\/person\/7a9d2841fb36f32e34fc0e9b245e8117\",\"name\":\"Josep Ripoll\",\"sameAs\":[\"http:\/\/www.psib-psoe.org\/eivissa\/wp-login.php\"],\"url\":\"https:\/\/www.psib-psoe.org\/eivissa\/author\/josep\/\"}]}<\/script>\n<!-- \/ Yoast SEO plugin. -->","yoast_head_json":{"title":"Josep Mar\u00ed Ribas: \u201cEls socialistes complim amb el comprom\u00eds de posar l\u2019habitatge en el centre de les pol\u00edtiques progressistes\u201d - Federaci\u00f3 Socialista d&#039;Eivissa","robots":{"index":"index","follow":"follow","max-snippet":"max-snippet:-1","max-image-preview":"max-image-preview:large","max-video-preview":"max-video-preview:-1"},"canonical":"https:\/\/www.psib-psoe.org\/eivissa\/josep-mari-ribas-els-socialistes-complim-amb-el-compromis-de-posar-lhabitatge-en-el-centre-de-les-politiques-progressistes\/","og_locale":"ca_ES","og_type":"article","og_title":"Josep Mar\u00ed Ribas: \u201cEls socialistes complim amb el comprom\u00eds de posar l\u2019habitatge en el centre de les pol\u00edtiques progressistes\u201d - Federaci\u00f3 Socialista d&#039;Eivissa","og_description":"El PSIB-PSOE ha organitzat una nova trobada virtual amb la milit\u00e0ncia per parlar del dret a l\u2019habitatge i de les pol\u00edtiques posades en marxa en aquest sentit pel Govern. L\u2019acte ha comptat amb la participaci\u00f3 del conseller de Mobilitat i Habitatge, Josep Mar\u00ed \u201cAgustinet\u201d, qui ha destacat que s\u2019incrementar\u00e0 el parc d\u2019habitatge p\u00fablic en m\u00e9s&hellip;","og_url":"https:\/\/www.psib-psoe.org\/eivissa\/josep-mari-ribas-els-socialistes-complim-amb-el-compromis-de-posar-lhabitatge-en-el-centre-de-les-politiques-progressistes\/","og_site_name":"Federaci\u00f3 Socialista d&#039;Eivissa","article_published_time":"2021-04-30T11:14:05+00:00","article_modified_time":"2021-04-30T17:18:45+00:00","og_image":[{"width":2000,"height":1333,"url":"https:\/\/www.psib-psoe.org\/eivissa\/wp-content\/uploads\/Josep-Mari-Agustinet-Trobada-virtual-habitatge-20210429-1.jpeg","type":"image\/jpeg"}],"author":"Josep Ripoll","twitter_card":"summary_large_image","twitter_misc":{"Escrit per":"Josep Ripoll","Temps estimat de lectura":"2 minuts"},"schema":{"@context":"https:\/\/schema.org","@graph":[{"@type":["Article","BlogPosting"],"@id":"https:\/\/www.psib-psoe.org\/eivissa\/josep-mari-ribas-els-socialistes-complim-amb-el-compromis-de-posar-lhabitatge-en-el-centre-de-les-politiques-progressistes\/#article","isPartOf":{"@id":"https:\/\/www.psib-psoe.org\/eivissa\/josep-mari-ribas-els-socialistes-complim-amb-el-compromis-de-posar-lhabitatge-en-el-centre-de-les-politiques-progressistes\/"},"author":{"name":"Josep Ripoll","@id":"https:\/\/www.psib-psoe.org\/eivissa\/#\/schema\/person\/7a9d2841fb36f32e34fc0e9b245e8117"},"headline":"Josep Mar\u00ed Ribas: \u201cEls socialistes complim amb el comprom\u00eds de posar l\u2019habitatge en el centre de les pol\u00edtiques progressistes\u201d","datePublished":"2021-04-30T11:14:05+00:00","dateModified":"2021-04-30T17:18:45+00:00","mainEntityOfPage":{"@id":"https:\/\/www.psib-psoe.org\/eivissa\/josep-mari-ribas-els-socialistes-complim-amb-el-compromis-de-posar-lhabitatge-en-el-centre-de-les-politiques-progressistes\/"},"wordCount":422,"publisher":{"@id":"https:\/\/www.psib-psoe.org\/eivissa\/#organization"},"image":{"@id":"https:\/\/www.psib-psoe.org\/eivissa\/josep-mari-ribas-els-socialistes-complim-amb-el-compromis-de-posar-lhabitatge-en-el-centre-de-les-politiques-progressistes\/#primaryimage"},"thumbnailUrl":"https:\/\/www.psib-psoe.org\/eivissa\/wp-content\/uploads\/Josep-Mari-Agustinet-Trobada-virtual-habitatge-20210429-1.jpeg","articleSection":["Federaci\u00f3 d'Eivissa - Portada","Govern de les Illes Balears - Parlament - PSIB-PSOE"],"inLanguage":"ca"},{"@type":"WebPage","@id":"https:\/\/www.psib-psoe.org\/eivissa\/josep-mari-ribas-els-socialistes-complim-amb-el-compromis-de-posar-lhabitatge-en-el-centre-de-les-politiques-progressistes\/","url":"https:\/\/www.psib-psoe.org\/eivissa\/josep-mari-ribas-els-socialistes-complim-amb-el-compromis-de-posar-lhabitatge-en-el-centre-de-les-politiques-progressistes\/","name":"Josep Mar\u00ed Ribas: \u201cEls socialistes complim amb el comprom\u00eds de posar l\u2019habitatge en el centre de les pol\u00edtiques progressistes\u201d - Federaci\u00f3 Socialista d&#039;Eivissa","isPartOf":{"@id":"https:\/\/www.psib-psoe.org\/eivissa\/#website"},"primaryImageOfPage":{"@id":"https:\/\/www.psib-psoe.org\/eivissa\/josep-mari-ribas-els-socialistes-complim-amb-el-compromis-de-posar-lhabitatge-en-el-centre-de-les-politiques-progressistes\/#primaryimage"},"image":{"@id":"https:\/\/www.psib-psoe.org\/eivissa\/josep-mari-ribas-els-socialistes-complim-amb-el-compromis-de-posar-lhabitatge-en-el-centre-de-les-politiques-progressistes\/#primaryimage"},"thumbnailUrl":"https:\/\/www.psib-psoe.org\/eivissa\/wp-content\/uploads\/Josep-Mari-Agustinet-Trobada-virtual-habitatge-20210429-1.jpeg","datePublished":"2021-04-30T11:14:05+00:00","dateModified":"2021-04-30T17:18:45+00:00","breadcrumb":{"@id":"https:\/\/www.psib-psoe.org\/eivissa\/josep-mari-ribas-els-socialistes-complim-amb-el-compromis-de-posar-lhabitatge-en-el-centre-de-les-politiques-progressistes\/#breadcrumb"},"inLanguage":"ca","potentialAction":[{"@type":"ReadAction","target":["https:\/\/www.psib-psoe.org\/eivissa\/josep-mari-ribas-els-socialistes-complim-amb-el-compromis-de-posar-lhabitatge-en-el-centre-de-les-politiques-progressistes\/"]}]},{"@type":"ImageObject","inLanguage":"ca","@id":"https:\/\/www.psib-psoe.org\/eivissa\/josep-mari-ribas-els-socialistes-complim-amb-el-compromis-de-posar-lhabitatge-en-el-centre-de-les-politiques-progressistes\/#primaryimage","url":"https:\/\/www.psib-psoe.org\/eivissa\/wp-content\/uploads\/Josep-Mari-Agustinet-Trobada-virtual-habitatge-20210429-1.jpeg","contentUrl":"https:\/\/www.psib-psoe.org\/eivissa\/wp-content\/uploads\/Josep-Mari-Agustinet-Trobada-virtual-habitatge-20210429-1.jpeg","width":2000,"height":1333},{"@type":"BreadcrumbList","@id":"https:\/\/www.psib-psoe.org\/eivissa\/josep-mari-ribas-els-socialistes-complim-amb-el-compromis-de-posar-lhabitatge-en-el-centre-de-les-politiques-progressistes\/#breadcrumb","itemListElement":[{"@type":"ListItem","position":1,"name":"Inici","item":"https:\/\/www.psib-psoe.org\/eivissa\/"},{"@type":"ListItem","position":2,"name":"Josep Mar\u00ed Ribas: \u201cEls socialistes complim amb el comprom\u00eds de posar l\u2019habitatge en el centre de les pol\u00edtiques progressistes\u201d"}]},{"@type":"WebSite","@id":"https:\/\/www.psib-psoe.org\/eivissa\/#website","url":"https:\/\/www.psib-psoe.org\/eivissa\/","name":"Federaci\u00f3 Socialista d'Eivissa","description":"Socialistes d&#039;Eivissa","publisher":{"@id":"https:\/\/www.psib-psoe.org\/eivissa\/#organization"},"potentialAction":[{"@type":"SearchAction","target":{"@type":"EntryPoint","urlTemplate":"https:\/\/www.psib-psoe.org\/eivissa\/?s={search_term_string}"},"query-input":{"@type":"PropertyValueSpecification","valueRequired":true,"valueName":"search_term_string"}}],"inLanguage":"ca"},{"@type":"Organization","@id":"https:\/\/www.psib-psoe.org\/eivissa\/#organization","name":"Federaci\u00f3 Socialista d'Eivissa","url":"https:\/\/www.psib-psoe.org\/eivissa\/","logo":{"@type":"ImageObject","inLanguage":"ca","@id":"https:\/\/www.psib-psoe.org\/eivissa\/#\/schema\/logo\/image\/","url":"https:\/\/www.psib-psoe.org\/eivissa\/wp-content\/uploads\/LOGO-FSE-SOCIALISTA-DEIVISSA-HORI.png","contentUrl":"https:\/\/www.psib-psoe.org\/eivissa\/wp-content\/uploads\/LOGO-FSE-SOCIALISTA-DEIVISSA-HORI.png","width":6000,"height":3104,"caption":"Federaci\u00f3 Socialista d'Eivissa"},"image":{"@id":"https:\/\/www.psib-psoe.org\/eivissa\/#\/schema\/logo\/image\/"}},{"@type":"Person","@id":"https:\/\/www.psib-psoe.org\/eivissa\/#\/schema\/person\/7a9d2841fb36f32e34fc0e9b245e8117","name":"Josep Ripoll","sameAs":["http:\/\/www.psib-psoe.org\/eivissa\/wp-login.php"],"url":"https:\/\/www.psib-psoe.org\/eivissa\/author\/josep\/"}]}},"_links":{"self":[{"href":"https:\/\/www.psib-psoe.org\/eivissa\/wp-json\/wp\/v2\/posts\/33283","targetHints":{"allow":["GET"]}}],"collection":[{"href":"https:\/\/www.psib-psoe.org\/eivissa\/wp-json\/wp\/v2\/posts"}],"about":[{"href":"https:\/\/www.psib-psoe.org\/eivissa\/wp-json\/wp\/v2\/types\/post"}],"author":[{"embeddable":true,"href":"https:\/\/www.psib-psoe.org\/eivissa\/wp-json\/wp\/v2\/users\/7"}],"replies":[{"embeddable":true,"href":"https:\/\/www.psib-psoe.org\/eivissa\/wp-json\/wp\/v2\/comments?post=33283"}],"version-history":[{"count":1,"href":"https:\/\/www.psib-psoe.org\/eivissa\/wp-json\/wp\/v2\/posts\/33283\/revisions"}],"predecessor-version":[{"id":33286,"href":"https:\/\/www.psib-psoe.org\/eivissa\/wp-json\/wp\/v2\/posts\/33283\/revisions\/33286"}],"wp:featuredmedia":[{"embeddable":true,"href":"https:\/\/www.psib-psoe.org\/eivissa\/wp-json\/wp\/v2\/media\/33284"}],"wp:attachment":[{"href":"https:\/\/www.psib-psoe.org\/eivissa\/wp-json\/wp\/v2\/media?parent=33283"}],"wp:term":[{"taxonomy":"category","embeddable":true,"href":"https:\/\/www.psib-psoe.org\/eivissa\/wp-json\/wp\/v2\/categories?post=33283"},{"taxonomy":"post_tag","embeddable":true,"href":"https:\/\/www.psib-psoe.org\/eivissa\/wp-json\/wp\/v2\/tags?post=33283"}],"curies":[{"name":"wp","href":"https:\/\/api.w.org\/{rel}","templated":true}]}}