{"id":33317,"date":"2021-05-05T13:31:02","date_gmt":"2021-05-05T11:31:02","guid":{"rendered":"https:\/\/www.psib-psoe.org\/eivissa\/?p=33317"},"modified":"2021-05-14T13:00:04","modified_gmt":"2021-05-14T11:00:04","slug":"psoe-reinicia-considera-insostenible-la-situacio-de-larea-durbanisme-de-lajuntament-de-sant-antoni","status":"publish","type":"post","link":"https:\/\/www.psib-psoe.org\/eivissa\/psoe-reinicia-considera-insostenible-la-situacio-de-larea-durbanisme-de-lajuntament-de-sant-antoni\/","title":{"rendered":"PSOE-Reinicia considera \u201cinsostenible\u201d la situaci\u00f3 de l\u2019\u00e0rea d\u2019Urbanisme de l\u2019Ajuntament de Sant Antoni"},"content":{"rendered":"<p>El grup PSOE-Reinicia considera \u201cinsostenible\u201d la situaci\u00f3 de l\u2019\u00e0rea d\u2019Urbanisme de l\u2019Ajuntament de Sant Antoni de Portmany, despr\u00e9s de saber-se que l\u2019alcalde, Marcos Serra, ha set incapa\u00e7 d\u2019aconseguir que el Consell Insular informi sobre la legalitzaci\u00f3 o no de diferents naus industrials del municipi, a pesar de la seua obligaci\u00f3 com a \u00f2rgan superior en mat\u00e8ria urban\u00edstica. El portaveu del grup progressista, Sim\u00f3n Planells, considera que \u201cl\u2019alcalde ha quedat totalment desautoritzat pel seu propi partit, en el moment que el Consell Insular s\u2019ha negat a intervenir en el caos urban\u00edstic de l\u2019ajuntament\u201d.<\/p>\n<p>Sim\u00f3n Planells considera que \u201cl\u2019assumpci\u00f3 de les compet\u00e8ncies en Urbanisme per part del mateix alcalde no ha servit absolutament per a res\u201d i que \u201cl\u2019ajuntament va pitjor que mai\u201d. El portaveu de PSOE-Reinicia exigeix a l\u2019alcalde \u201cque surti a donar la cara i que digui qu\u00e8 pensa fer\u201d, en relaci\u00f3 amb aquestos expedients.<\/p>\n<p>PSOE-Reinicia considera que la Junta de Govern de Sant Antoni ha d\u2019actuar d\u2019acord amb all\u00f2 que assenyala l\u2019informe t\u00e8cnic del Departament d\u2019Urbanisme, segons el qual les sis naus no poden legalitzar la seua activitat industrial en s\u00f2l r\u00fastic. En tot cas, Sim\u00f3n Planells insisteix que \u201cel Consell Insular no pot rentar-se les mans davant de la petici\u00f3 d\u2019informe per part de l\u2019ajuntament\u201d i insisteix que l\u2019alcalde \u201cno s\u2019hauria de deixar humiliar pel conseller Mariano Juan, que \u00e9s el del seu mateix partit i li hauria d\u2019exigir que emeti l\u2019informe\u201d.<\/p>\n<p>El cas de les naus industrials \u00e9s \u201cun m\u00e9s de la llista d\u2019expedients urban\u00edstics pol\u00e8mics que acumula l\u2019alcalde, i que cada dia \u00e9s m\u00e9s llarga\u201d. Davant d\u2019aquesta situaci\u00f3, Sim\u00f3n Planells mant\u00e9 l\u2019oferiment als altres grups, PxE i Cs, a \u201cabordar amb profunditat i serenitat les millors opcions per al nostre municipi, que en absolut passen per l\u2019actual alcalde, qui ha demostrat representar i actuar com el PP de tota la vida\u201d.<\/p>\n","protected":false},"excerpt":{"rendered":"<p>El grup PSOE-Reinicia considera \u201cinsostenible\u201d la situaci\u00f3 de l\u2019\u00e0rea d\u2019Urbanisme de l\u2019Ajuntament de Sant Antoni de Portmany, despr\u00e9s de saber-se que l\u2019alcalde, Marcos Serra, ha set incapa\u00e7 d\u2019aconseguir que el Consell Insular informi sobre la legalitzaci\u00f3 o no de diferents naus industrials del municipi, a pesar de la seua obligaci\u00f3 com a \u00f2rgan superior en&hellip;<\/p>\n","protected":false},"author":7,"featured_media":28853,"comment_status":"closed","ping_status":"closed","sticky":false,"template":"","format":"standard","meta":{"footnotes":""},"categories":[1,234,188],"tags":[],"class_list":["post-33317","post","type-post","status-publish","format-standard","has-post-thumbnail","hentry","category-federacio-de-eivissa-portada","category-municipis","category-sant-antoni-de-portmany"],"yoast_head":"<!-- This site is optimized with the Yoast SEO plugin v26.9 - https:\/\/yoast.com\/product\/yoast-seo-wordpress\/ -->\n<title>PSOE-Reinicia considera \u201cinsostenible\u201d la situaci\u00f3 de l\u2019\u00e0rea d\u2019Urbanisme de l\u2019Ajuntament de Sant Antoni - Federaci\u00f3 Socialista d&#039;Eivissa<\/title>\n<meta name=\"robots\" content=\"index, follow, max-snippet:-1, max-image-preview:large, max-video-preview:-1\" \/>\n<link rel=\"canonical\" href=\"https:\/\/www.psib-psoe.org\/eivissa\/psoe-reinicia-considera-insostenible-la-situacio-de-larea-durbanisme-de-lajuntament-de-sant-antoni\/\" \/>\n<meta property=\"og:locale\" content=\"ca_ES\" \/>\n<meta property=\"og:type\" content=\"article\" \/>\n<meta property=\"og:title\" content=\"PSOE-Reinicia considera \u201cinsostenible\u201d la situaci\u00f3 de l\u2019\u00e0rea d\u2019Urbanisme de l\u2019Ajuntament de Sant Antoni - Federaci\u00f3 Socialista d&#039;Eivissa\" \/>\n<meta property=\"og:description\" content=\"El grup PSOE-Reinicia considera \u201cinsostenible\u201d la situaci\u00f3 de l\u2019\u00e0rea d\u2019Urbanisme de l\u2019Ajuntament de Sant Antoni de Portmany, despr\u00e9s de saber-se que l\u2019alcalde, Marcos Serra, ha set incapa\u00e7 d\u2019aconseguir que el Consell Insular informi sobre la legalitzaci\u00f3 o no de diferents naus industrials del municipi, a pesar de la seua obligaci\u00f3 com a \u00f2rgan superior en&hellip;\" \/>\n<meta property=\"og:url\" content=\"https:\/\/www.psib-psoe.org\/eivissa\/psoe-reinicia-considera-insostenible-la-situacio-de-larea-durbanisme-de-lajuntament-de-sant-antoni\/\" \/>\n<meta property=\"og:site_name\" content=\"Federaci\u00f3 Socialista d&#039;Eivissa\" \/>\n<meta property=\"article:published_time\" content=\"2021-05-05T11:31:02+00:00\" \/>\n<meta property=\"article:modified_time\" content=\"2021-05-14T11:00:04+00:00\" \/>\n<meta property=\"og:image\" content=\"https:\/\/www.psib-psoe.org\/eivissa\/wp-content\/uploads\/foto-simon-planells.jpeg\" \/>\n\t<meta property=\"og:image:width\" content=\"1600\" \/>\n\t<meta property=\"og:image:height\" content=\"1064\" \/>\n\t<meta property=\"og:image:type\" content=\"image\/jpeg\" \/>\n<meta name=\"author\" content=\"Josep Ripoll\" \/>\n<meta name=\"twitter:card\" content=\"summary_large_image\" \/>\n<meta name=\"twitter:label1\" content=\"Escrit per\" \/>\n\t<meta name=\"twitter:data1\" content=\"Josep Ripoll\" \/>\n\t<meta name=\"twitter:label2\" content=\"Temps estimat de lectura\" \/>\n\t<meta name=\"twitter:data2\" content=\"2 minuts\" \/>\n<script type=\"application\/ld+json\" class=\"yoast-schema-graph\">{\"@context\":\"https:\/\/schema.org\",\"@graph\":[{\"@type\":[\"Article\",\"BlogPosting\"],\"@id\":\"https:\/\/www.psib-psoe.org\/eivissa\/psoe-reinicia-considera-insostenible-la-situacio-de-larea-durbanisme-de-lajuntament-de-sant-antoni\/#article\",\"isPartOf\":{\"@id\":\"https:\/\/www.psib-psoe.org\/eivissa\/psoe-reinicia-considera-insostenible-la-situacio-de-larea-durbanisme-de-lajuntament-de-sant-antoni\/\"},\"author\":{\"name\":\"Josep Ripoll\",\"@id\":\"https:\/\/www.psib-psoe.org\/eivissa\/#\/schema\/person\/7a9d2841fb36f32e34fc0e9b245e8117\"},\"headline\":\"PSOE-Reinicia considera \u201cinsostenible\u201d la situaci\u00f3 de l\u2019\u00e0rea d\u2019Urbanisme de l\u2019Ajuntament de Sant Antoni\",\"datePublished\":\"2021-05-05T11:31:02+00:00\",\"dateModified\":\"2021-05-14T11:00:04+00:00\",\"mainEntityOfPage\":{\"@id\":\"https:\/\/www.psib-psoe.org\/eivissa\/psoe-reinicia-considera-insostenible-la-situacio-de-larea-durbanisme-de-lajuntament-de-sant-antoni\/\"},\"wordCount\":363,\"publisher\":{\"@id\":\"https:\/\/www.psib-psoe.org\/eivissa\/#organization\"},\"image\":{\"@id\":\"https:\/\/www.psib-psoe.org\/eivissa\/psoe-reinicia-considera-insostenible-la-situacio-de-larea-durbanisme-de-lajuntament-de-sant-antoni\/#primaryimage\"},\"thumbnailUrl\":\"https:\/\/www.psib-psoe.org\/eivissa\/wp-content\/uploads\/foto-simon-planells.jpeg\",\"articleSection\":[\"Federaci\u00f3 d'Eivissa - Portada\",\"Municipis\",\"Sant Antoni de Portmany\"],\"inLanguage\":\"ca\"},{\"@type\":\"WebPage\",\"@id\":\"https:\/\/www.psib-psoe.org\/eivissa\/psoe-reinicia-considera-insostenible-la-situacio-de-larea-durbanisme-de-lajuntament-de-sant-antoni\/\",\"url\":\"https:\/\/www.psib-psoe.org\/eivissa\/psoe-reinicia-considera-insostenible-la-situacio-de-larea-durbanisme-de-lajuntament-de-sant-antoni\/\",\"name\":\"PSOE-Reinicia considera \u201cinsostenible\u201d la situaci\u00f3 de l\u2019\u00e0rea d\u2019Urbanisme de l\u2019Ajuntament de Sant Antoni - Federaci\u00f3 Socialista d&#039;Eivissa\",\"isPartOf\":{\"@id\":\"https:\/\/www.psib-psoe.org\/eivissa\/#website\"},\"primaryImageOfPage\":{\"@id\":\"https:\/\/www.psib-psoe.org\/eivissa\/psoe-reinicia-considera-insostenible-la-situacio-de-larea-durbanisme-de-lajuntament-de-sant-antoni\/#primaryimage\"},\"image\":{\"@id\":\"https:\/\/www.psib-psoe.org\/eivissa\/psoe-reinicia-considera-insostenible-la-situacio-de-larea-durbanisme-de-lajuntament-de-sant-antoni\/#primaryimage\"},\"thumbnailUrl\":\"https:\/\/www.psib-psoe.org\/eivissa\/wp-content\/uploads\/foto-simon-planells.jpeg\",\"datePublished\":\"2021-05-05T11:31:02+00:00\",\"dateModified\":\"2021-05-14T11:00:04+00:00\",\"breadcrumb\":{\"@id\":\"https:\/\/www.psib-psoe.org\/eivissa\/psoe-reinicia-considera-insostenible-la-situacio-de-larea-durbanisme-de-lajuntament-de-sant-antoni\/#breadcrumb\"},\"inLanguage\":\"ca\",\"potentialAction\":[{\"@type\":\"ReadAction\",\"target\":[\"https:\/\/www.psib-psoe.org\/eivissa\/psoe-reinicia-considera-insostenible-la-situacio-de-larea-durbanisme-de-lajuntament-de-sant-antoni\/\"]}]},{\"@type\":\"ImageObject\",\"inLanguage\":\"ca\",\"@id\":\"https:\/\/www.psib-psoe.org\/eivissa\/psoe-reinicia-considera-insostenible-la-situacio-de-larea-durbanisme-de-lajuntament-de-sant-antoni\/#primaryimage\",\"url\":\"https:\/\/www.psib-psoe.org\/eivissa\/wp-content\/uploads\/foto-simon-planells.jpeg\",\"contentUrl\":\"https:\/\/www.psib-psoe.org\/eivissa\/wp-content\/uploads\/foto-simon-planells.jpeg\",\"width\":1600,\"height\":1064},{\"@type\":\"BreadcrumbList\",\"@id\":\"https:\/\/www.psib-psoe.org\/eivissa\/psoe-reinicia-considera-insostenible-la-situacio-de-larea-durbanisme-de-lajuntament-de-sant-antoni\/#breadcrumb\",\"itemListElement\":[{\"@type\":\"ListItem\",\"position\":1,\"name\":\"Inici\",\"item\":\"https:\/\/www.psib-psoe.org\/eivissa\/\"},{\"@type\":\"ListItem\",\"position\":2,\"name\":\"PSOE-Reinicia considera \u201cinsostenible\u201d la situaci\u00f3 de l\u2019\u00e0rea d\u2019Urbanisme de l\u2019Ajuntament de Sant Antoni\"}]},{\"@type\":\"WebSite\",\"@id\":\"https:\/\/www.psib-psoe.org\/eivissa\/#website\",\"url\":\"https:\/\/www.psib-psoe.org\/eivissa\/\",\"name\":\"Federaci\u00f3 Socialista d'Eivissa\",\"description\":\"Socialistes d&#039;Eivissa\",\"publisher\":{\"@id\":\"https:\/\/www.psib-psoe.org\/eivissa\/#organization\"},\"potentialAction\":[{\"@type\":\"SearchAction\",\"target\":{\"@type\":\"EntryPoint\",\"urlTemplate\":\"https:\/\/www.psib-psoe.org\/eivissa\/?s={search_term_string}\"},\"query-input\":{\"@type\":\"PropertyValueSpecification\",\"valueRequired\":true,\"valueName\":\"search_term_string\"}}],\"inLanguage\":\"ca\"},{\"@type\":\"Organization\",\"@id\":\"https:\/\/www.psib-psoe.org\/eivissa\/#organization\",\"name\":\"Federaci\u00f3 Socialista d'Eivissa\",\"url\":\"https:\/\/www.psib-psoe.org\/eivissa\/\",\"logo\":{\"@type\":\"ImageObject\",\"inLanguage\":\"ca\",\"@id\":\"https:\/\/www.psib-psoe.org\/eivissa\/#\/schema\/logo\/image\/\",\"url\":\"https:\/\/www.psib-psoe.org\/eivissa\/wp-content\/uploads\/LOGO-FSE-SOCIALISTA-DEIVISSA-HORI.png\",\"contentUrl\":\"https:\/\/www.psib-psoe.org\/eivissa\/wp-content\/uploads\/LOGO-FSE-SOCIALISTA-DEIVISSA-HORI.png\",\"width\":6000,\"height\":3104,\"caption\":\"Federaci\u00f3 Socialista d'Eivissa\"},\"image\":{\"@id\":\"https:\/\/www.psib-psoe.org\/eivissa\/#\/schema\/logo\/image\/\"}},{\"@type\":\"Person\",\"@id\":\"https:\/\/www.psib-psoe.org\/eivissa\/#\/schema\/person\/7a9d2841fb36f32e34fc0e9b245e8117\",\"name\":\"Josep Ripoll\",\"sameAs\":[\"http:\/\/www.psib-psoe.org\/eivissa\/wp-login.php\"],\"url\":\"https:\/\/www.psib-psoe.org\/eivissa\/author\/josep\/\"}]}<\/script>\n<!-- \/ Yoast SEO plugin. -->","yoast_head_json":{"title":"PSOE-Reinicia considera \u201cinsostenible\u201d la situaci\u00f3 de l\u2019\u00e0rea d\u2019Urbanisme de l\u2019Ajuntament de Sant Antoni - Federaci\u00f3 Socialista d&#039;Eivissa","robots":{"index":"index","follow":"follow","max-snippet":"max-snippet:-1","max-image-preview":"max-image-preview:large","max-video-preview":"max-video-preview:-1"},"canonical":"https:\/\/www.psib-psoe.org\/eivissa\/psoe-reinicia-considera-insostenible-la-situacio-de-larea-durbanisme-de-lajuntament-de-sant-antoni\/","og_locale":"ca_ES","og_type":"article","og_title":"PSOE-Reinicia considera \u201cinsostenible\u201d la situaci\u00f3 de l\u2019\u00e0rea d\u2019Urbanisme de l\u2019Ajuntament de Sant Antoni - Federaci\u00f3 Socialista d&#039;Eivissa","og_description":"El grup PSOE-Reinicia considera \u201cinsostenible\u201d la situaci\u00f3 de l\u2019\u00e0rea d\u2019Urbanisme de l\u2019Ajuntament de Sant Antoni de Portmany, despr\u00e9s de saber-se que l\u2019alcalde, Marcos Serra, ha set incapa\u00e7 d\u2019aconseguir que el Consell Insular informi sobre la legalitzaci\u00f3 o no de diferents naus industrials del municipi, a pesar de la seua obligaci\u00f3 com a \u00f2rgan superior en&hellip;","og_url":"https:\/\/www.psib-psoe.org\/eivissa\/psoe-reinicia-considera-insostenible-la-situacio-de-larea-durbanisme-de-lajuntament-de-sant-antoni\/","og_site_name":"Federaci\u00f3 Socialista d&#039;Eivissa","article_published_time":"2021-05-05T11:31:02+00:00","article_modified_time":"2021-05-14T11:00:04+00:00","og_image":[{"width":1600,"height":1064,"url":"https:\/\/www.psib-psoe.org\/eivissa\/wp-content\/uploads\/foto-simon-planells.jpeg","type":"image\/jpeg"}],"author":"Josep Ripoll","twitter_card":"summary_large_image","twitter_misc":{"Escrit per":"Josep Ripoll","Temps estimat de lectura":"2 minuts"},"schema":{"@context":"https:\/\/schema.org","@graph":[{"@type":["Article","BlogPosting"],"@id":"https:\/\/www.psib-psoe.org\/eivissa\/psoe-reinicia-considera-insostenible-la-situacio-de-larea-durbanisme-de-lajuntament-de-sant-antoni\/#article","isPartOf":{"@id":"https:\/\/www.psib-psoe.org\/eivissa\/psoe-reinicia-considera-insostenible-la-situacio-de-larea-durbanisme-de-lajuntament-de-sant-antoni\/"},"author":{"name":"Josep Ripoll","@id":"https:\/\/www.psib-psoe.org\/eivissa\/#\/schema\/person\/7a9d2841fb36f32e34fc0e9b245e8117"},"headline":"PSOE-Reinicia considera \u201cinsostenible\u201d la situaci\u00f3 de l\u2019\u00e0rea d\u2019Urbanisme de l\u2019Ajuntament de Sant Antoni","datePublished":"2021-05-05T11:31:02+00:00","dateModified":"2021-05-14T11:00:04+00:00","mainEntityOfPage":{"@id":"https:\/\/www.psib-psoe.org\/eivissa\/psoe-reinicia-considera-insostenible-la-situacio-de-larea-durbanisme-de-lajuntament-de-sant-antoni\/"},"wordCount":363,"publisher":{"@id":"https:\/\/www.psib-psoe.org\/eivissa\/#organization"},"image":{"@id":"https:\/\/www.psib-psoe.org\/eivissa\/psoe-reinicia-considera-insostenible-la-situacio-de-larea-durbanisme-de-lajuntament-de-sant-antoni\/#primaryimage"},"thumbnailUrl":"https:\/\/www.psib-psoe.org\/eivissa\/wp-content\/uploads\/foto-simon-planells.jpeg","articleSection":["Federaci\u00f3 d'Eivissa - Portada","Municipis","Sant Antoni de Portmany"],"inLanguage":"ca"},{"@type":"WebPage","@id":"https:\/\/www.psib-psoe.org\/eivissa\/psoe-reinicia-considera-insostenible-la-situacio-de-larea-durbanisme-de-lajuntament-de-sant-antoni\/","url":"https:\/\/www.psib-psoe.org\/eivissa\/psoe-reinicia-considera-insostenible-la-situacio-de-larea-durbanisme-de-lajuntament-de-sant-antoni\/","name":"PSOE-Reinicia considera \u201cinsostenible\u201d la situaci\u00f3 de l\u2019\u00e0rea d\u2019Urbanisme de l\u2019Ajuntament de Sant Antoni - Federaci\u00f3 Socialista d&#039;Eivissa","isPartOf":{"@id":"https:\/\/www.psib-psoe.org\/eivissa\/#website"},"primaryImageOfPage":{"@id":"https:\/\/www.psib-psoe.org\/eivissa\/psoe-reinicia-considera-insostenible-la-situacio-de-larea-durbanisme-de-lajuntament-de-sant-antoni\/#primaryimage"},"image":{"@id":"https:\/\/www.psib-psoe.org\/eivissa\/psoe-reinicia-considera-insostenible-la-situacio-de-larea-durbanisme-de-lajuntament-de-sant-antoni\/#primaryimage"},"thumbnailUrl":"https:\/\/www.psib-psoe.org\/eivissa\/wp-content\/uploads\/foto-simon-planells.jpeg","datePublished":"2021-05-05T11:31:02+00:00","dateModified":"2021-05-14T11:00:04+00:00","breadcrumb":{"@id":"https:\/\/www.psib-psoe.org\/eivissa\/psoe-reinicia-considera-insostenible-la-situacio-de-larea-durbanisme-de-lajuntament-de-sant-antoni\/#breadcrumb"},"inLanguage":"ca","potentialAction":[{"@type":"ReadAction","target":["https:\/\/www.psib-psoe.org\/eivissa\/psoe-reinicia-considera-insostenible-la-situacio-de-larea-durbanisme-de-lajuntament-de-sant-antoni\/"]}]},{"@type":"ImageObject","inLanguage":"ca","@id":"https:\/\/www.psib-psoe.org\/eivissa\/psoe-reinicia-considera-insostenible-la-situacio-de-larea-durbanisme-de-lajuntament-de-sant-antoni\/#primaryimage","url":"https:\/\/www.psib-psoe.org\/eivissa\/wp-content\/uploads\/foto-simon-planells.jpeg","contentUrl":"https:\/\/www.psib-psoe.org\/eivissa\/wp-content\/uploads\/foto-simon-planells.jpeg","width":1600,"height":1064},{"@type":"BreadcrumbList","@id":"https:\/\/www.psib-psoe.org\/eivissa\/psoe-reinicia-considera-insostenible-la-situacio-de-larea-durbanisme-de-lajuntament-de-sant-antoni\/#breadcrumb","itemListElement":[{"@type":"ListItem","position":1,"name":"Inici","item":"https:\/\/www.psib-psoe.org\/eivissa\/"},{"@type":"ListItem","position":2,"name":"PSOE-Reinicia considera \u201cinsostenible\u201d la situaci\u00f3 de l\u2019\u00e0rea d\u2019Urbanisme de l\u2019Ajuntament de Sant Antoni"}]},{"@type":"WebSite","@id":"https:\/\/www.psib-psoe.org\/eivissa\/#website","url":"https:\/\/www.psib-psoe.org\/eivissa\/","name":"Federaci\u00f3 Socialista d'Eivissa","description":"Socialistes d&#039;Eivissa","publisher":{"@id":"https:\/\/www.psib-psoe.org\/eivissa\/#organization"},"potentialAction":[{"@type":"SearchAction","target":{"@type":"EntryPoint","urlTemplate":"https:\/\/www.psib-psoe.org\/eivissa\/?s={search_term_string}"},"query-input":{"@type":"PropertyValueSpecification","valueRequired":true,"valueName":"search_term_string"}}],"inLanguage":"ca"},{"@type":"Organization","@id":"https:\/\/www.psib-psoe.org\/eivissa\/#organization","name":"Federaci\u00f3 Socialista d'Eivissa","url":"https:\/\/www.psib-psoe.org\/eivissa\/","logo":{"@type":"ImageObject","inLanguage":"ca","@id":"https:\/\/www.psib-psoe.org\/eivissa\/#\/schema\/logo\/image\/","url":"https:\/\/www.psib-psoe.org\/eivissa\/wp-content\/uploads\/LOGO-FSE-SOCIALISTA-DEIVISSA-HORI.png","contentUrl":"https:\/\/www.psib-psoe.org\/eivissa\/wp-content\/uploads\/LOGO-FSE-SOCIALISTA-DEIVISSA-HORI.png","width":6000,"height":3104,"caption":"Federaci\u00f3 Socialista d'Eivissa"},"image":{"@id":"https:\/\/www.psib-psoe.org\/eivissa\/#\/schema\/logo\/image\/"}},{"@type":"Person","@id":"https:\/\/www.psib-psoe.org\/eivissa\/#\/schema\/person\/7a9d2841fb36f32e34fc0e9b245e8117","name":"Josep Ripoll","sameAs":["http:\/\/www.psib-psoe.org\/eivissa\/wp-login.php"],"url":"https:\/\/www.psib-psoe.org\/eivissa\/author\/josep\/"}]}},"_links":{"self":[{"href":"https:\/\/www.psib-psoe.org\/eivissa\/wp-json\/wp\/v2\/posts\/33317","targetHints":{"allow":["GET"]}}],"collection":[{"href":"https:\/\/www.psib-psoe.org\/eivissa\/wp-json\/wp\/v2\/posts"}],"about":[{"href":"https:\/\/www.psib-psoe.org\/eivissa\/wp-json\/wp\/v2\/types\/post"}],"author":[{"embeddable":true,"href":"https:\/\/www.psib-psoe.org\/eivissa\/wp-json\/wp\/v2\/users\/7"}],"replies":[{"embeddable":true,"href":"https:\/\/www.psib-psoe.org\/eivissa\/wp-json\/wp\/v2\/comments?post=33317"}],"version-history":[{"count":1,"href":"https:\/\/www.psib-psoe.org\/eivissa\/wp-json\/wp\/v2\/posts\/33317\/revisions"}],"predecessor-version":[{"id":33318,"href":"https:\/\/www.psib-psoe.org\/eivissa\/wp-json\/wp\/v2\/posts\/33317\/revisions\/33318"}],"wp:featuredmedia":[{"embeddable":true,"href":"https:\/\/www.psib-psoe.org\/eivissa\/wp-json\/wp\/v2\/media\/28853"}],"wp:attachment":[{"href":"https:\/\/www.psib-psoe.org\/eivissa\/wp-json\/wp\/v2\/media?parent=33317"}],"wp:term":[{"taxonomy":"category","embeddable":true,"href":"https:\/\/www.psib-psoe.org\/eivissa\/wp-json\/wp\/v2\/categories?post=33317"},{"taxonomy":"post_tag","embeddable":true,"href":"https:\/\/www.psib-psoe.org\/eivissa\/wp-json\/wp\/v2\/tags?post=33317"}],"curies":[{"name":"wp","href":"https:\/\/api.w.org\/{rel}","templated":true}]}}