{"id":33361,"date":"2021-05-28T13:15:05","date_gmt":"2021-05-28T11:15:05","guid":{"rendered":"https:\/\/www.psib-psoe.org\/eivissa\/?p=33361"},"modified":"2021-05-28T10:15:09","modified_gmt":"2021-05-28T08:15:09","slug":"el-psoe-deivissa-considera-que-la-primera-resolucio-judicial-favorable-sobre-lexpropiacio-de-lus-temporal-de-pisos-desocupats-de-grans-tenidors-es-una-passa-endavant-molt-importat-per-ajudar-a-r","status":"publish","type":"post","link":"https:\/\/www.psib-psoe.org\/eivissa\/el-psoe-deivissa-considera-que-la-primera-resolucio-judicial-favorable-sobre-lexpropiacio-de-lus-temporal-de-pisos-desocupats-de-grans-tenidors-es-una-passa-endavant-molt-importat-per-ajudar-a-r\/","title":{"rendered":"Primera resoluci\u00f3n judicial favorable sobre la expropiaci\u00f3n del uso temporal de pisos desocupados de grandes tenedores"},"content":{"rendered":"<p>La Federaci\u00f3n Socialista de Eivissa (FSE-PSOE) celebra la primera resoluci\u00f3n judicial favorable en relaci\u00f3n con la expropiaci\u00f3n del uso temporal de viviendas desocupadas de grandes tenedores que prev\u00e9 la Ley de Vivienda de las Illes Balears. Con este primer aval judicial, se da un paso adelante muy importante para ayudar a resolver el problema de acceso a la vivienda a trav\u00e9s de las pol\u00edticas progresistas del Govern Balear, que actualmente dirige el conseller y secretario general de la FSE, Josep Mar\u00ed Ribas.<\/p>\n<p>El caso concreto que se ha resuelto en favor del Govern Balear se refiere en varios pisos desocupados propiedad de una empresa, uno de los cuales se encuentra en Santa Eul\u00e0ria des Riu, que quedaron inscritos en el Registro de Viviendas Desocupadas de Grandes Tenedores, de acuerdo con aquello que establece la Ley de Vivienda. La empresa propietaria ped\u00eda la suspensi\u00f3n cautelar del procedimiento de cesi\u00f3n obligatoria de los pisos, petici\u00f3n que ha sido denegada por el Tribunal Superior de Justicia de Balears, puesto que con la expropiaci\u00f3n temporal del uso no se produce ning\u00fan perjuicio irreparable o irreversible.<\/p>\n<p>Desde el PSOE de Eivissa consideramos que las pol\u00edticas comprometidas, valientes y pioneras en el \u00e1mbito de todo el Estado que lleva a cabo el Govern Balear en materia de vivienda han permitido abrir un camino muy importante de cara a resolver el problema de acceso a la vivienda, que es especialmente grave en la isla de Eivissa.<\/p>\n<p>Adem\u00e1s de medidas como la expropiaci\u00f3n temporal del uso de viviendas vac\u00edas de grandes tenedores, para ponerlos a disposici\u00f3n de alquiler social, la conseller\u00eda tambi\u00e9n tiene en marcha importante inversiones en construcci\u00f3n y otras ayudas. Actualmente hay en construcci\u00f3n un total de 83 pisos en tres promociones del IBAVI, todas en el municipio de Eivissa, que se prev\u00e9 que est\u00e9n acabadas este verano. Y hace solo unos d\u00edas, el conseller Josep Mar\u00ed Ribas y el alcalde, Rafa Ruiz, firmaron el convenio para construir 50 pisos m\u00e1s en un solar de la antigua promoci\u00f3n Santa Margarita, con una inversi\u00f3n de 10 millones de euros.<\/p>\n","protected":false},"excerpt":{"rendered":"<p>La Federaci\u00f3n Socialista de Eivissa (FSE-PSOE) celebra la primera resoluci\u00f3n judicial favorable en relaci\u00f3n con la expropiaci\u00f3n del uso temporal de viviendas desocupadas de grandes tenedores que prev\u00e9 la Ley de Vivienda de las Illes Balears. Con este primer aval judicial, se da un paso adelante muy importante para ayudar a resolver el problema de&hellip;<\/p>\n","protected":false},"author":7,"featured_media":33424,"comment_status":"closed","ping_status":"closed","sticky":false,"template":"","format":"standard","meta":{"footnotes":""},"categories":[212],"tags":[],"class_list":["post-33361","post","type-post","status-publish","format-standard","has-post-thumbnail","hentry","category-fse-psoe"],"yoast_head":"<!-- This site is optimized with the Yoast SEO plugin v26.9 - https:\/\/yoast.com\/product\/yoast-seo-wordpress\/ -->\n<title>Primera resoluci\u00f3n judicial favorable sobre la expropiaci\u00f3n del uso temporal de pisos desocupados de grandes tenedores - Federaci\u00f3 Socialista d&#039;Eivissa<\/title>\n<meta name=\"robots\" content=\"index, follow, max-snippet:-1, max-image-preview:large, max-video-preview:-1\" \/>\n<link rel=\"canonical\" href=\"https:\/\/www.psib-psoe.org\/eivissa\/el-psoe-deivissa-considera-que-la-primera-resolucio-judicial-favorable-sobre-lexpropiacio-de-lus-temporal-de-pisos-desocupats-de-grans-tenidors-es-una-passa-endavant-molt-importat-per-ajudar-a-r\/\" \/>\n<meta property=\"og:locale\" content=\"ca_ES\" \/>\n<meta property=\"og:type\" content=\"article\" \/>\n<meta property=\"og:title\" content=\"Primera resoluci\u00f3n judicial favorable sobre la expropiaci\u00f3n del uso temporal de pisos desocupados de grandes tenedores - Federaci\u00f3 Socialista d&#039;Eivissa\" \/>\n<meta property=\"og:description\" content=\"La Federaci\u00f3n Socialista de Eivissa (FSE-PSOE) celebra la primera resoluci\u00f3n judicial favorable en relaci\u00f3n con la expropiaci\u00f3n del uso temporal de viviendas desocupadas de grandes tenedores que prev\u00e9 la Ley de Vivienda de las Illes Balears. Con este primer aval judicial, se da un paso adelante muy importante para ayudar a resolver el problema de&hellip;\" \/>\n<meta property=\"og:url\" content=\"https:\/\/www.psib-psoe.org\/eivissa\/el-psoe-deivissa-considera-que-la-primera-resolucio-judicial-favorable-sobre-lexpropiacio-de-lus-temporal-de-pisos-desocupats-de-grans-tenidors-es-una-passa-endavant-molt-importat-per-ajudar-a-r\/\" \/>\n<meta property=\"og:site_name\" content=\"Federaci\u00f3 Socialista d&#039;Eivissa\" \/>\n<meta property=\"article:published_time\" content=\"2021-05-28T11:15:05+00:00\" \/>\n<meta property=\"og:image\" content=\"https:\/\/www.psib-psoe.org\/eivissa\/wp-content\/uploads\/Captura-de-Pantalla-2021-05-14-a-les-13.06.02-e1622205895570.png\" \/>\n\t<meta property=\"og:image:width\" content=\"470\" \/>\n\t<meta property=\"og:image:height\" content=\"558\" \/>\n\t<meta property=\"og:image:type\" content=\"image\/png\" \/>\n<meta name=\"author\" content=\"Josep Ripoll\" \/>\n<meta name=\"twitter:card\" content=\"summary_large_image\" \/>\n<meta name=\"twitter:label1\" content=\"Escrit per\" \/>\n\t<meta name=\"twitter:data1\" content=\"Josep Ripoll\" \/>\n\t<meta name=\"twitter:label2\" content=\"Temps estimat de lectura\" \/>\n\t<meta name=\"twitter:data2\" content=\"2 minuts\" \/>\n<script type=\"application\/ld+json\" class=\"yoast-schema-graph\">{\"@context\":\"https:\/\/schema.org\",\"@graph\":[{\"@type\":[\"Article\",\"BlogPosting\"],\"@id\":\"https:\/\/www.psib-psoe.org\/eivissa\/el-psoe-deivissa-considera-que-la-primera-resolucio-judicial-favorable-sobre-lexpropiacio-de-lus-temporal-de-pisos-desocupats-de-grans-tenidors-es-una-passa-endavant-molt-importat-per-ajudar-a-r\/#article\",\"isPartOf\":{\"@id\":\"https:\/\/www.psib-psoe.org\/eivissa\/el-psoe-deivissa-considera-que-la-primera-resolucio-judicial-favorable-sobre-lexpropiacio-de-lus-temporal-de-pisos-desocupats-de-grans-tenidors-es-una-passa-endavant-molt-importat-per-ajudar-a-r\/\"},\"author\":{\"name\":\"Josep Ripoll\",\"@id\":\"https:\/\/www.psib-psoe.org\/eivissa\/#\/schema\/person\/7a9d2841fb36f32e34fc0e9b245e8117\"},\"headline\":\"Primera resoluci\u00f3n judicial favorable sobre la expropiaci\u00f3n del uso temporal de pisos desocupados de grandes tenedores\",\"datePublished\":\"2021-05-28T11:15:05+00:00\",\"mainEntityOfPage\":{\"@id\":\"https:\/\/www.psib-psoe.org\/eivissa\/el-psoe-deivissa-considera-que-la-primera-resolucio-judicial-favorable-sobre-lexpropiacio-de-lus-temporal-de-pisos-desocupats-de-grans-tenidors-es-una-passa-endavant-molt-importat-per-ajudar-a-r\/\"},\"wordCount\":384,\"publisher\":{\"@id\":\"https:\/\/www.psib-psoe.org\/eivissa\/#organization\"},\"image\":{\"@id\":\"https:\/\/www.psib-psoe.org\/eivissa\/el-psoe-deivissa-considera-que-la-primera-resolucio-judicial-favorable-sobre-lexpropiacio-de-lus-temporal-de-pisos-desocupats-de-grans-tenidors-es-una-passa-endavant-molt-importat-per-ajudar-a-r\/#primaryimage\"},\"thumbnailUrl\":\"https:\/\/www.psib-psoe.org\/eivissa\/wp-content\/uploads\/Captura-de-Pantalla-2021-05-14-a-les-13.06.02-e1622205895570.png\",\"articleSection\":[\"FSE-PSOE\"],\"inLanguage\":\"ca\"},{\"@type\":\"WebPage\",\"@id\":\"https:\/\/www.psib-psoe.org\/eivissa\/el-psoe-deivissa-considera-que-la-primera-resolucio-judicial-favorable-sobre-lexpropiacio-de-lus-temporal-de-pisos-desocupats-de-grans-tenidors-es-una-passa-endavant-molt-importat-per-ajudar-a-r\/\",\"url\":\"https:\/\/www.psib-psoe.org\/eivissa\/el-psoe-deivissa-considera-que-la-primera-resolucio-judicial-favorable-sobre-lexpropiacio-de-lus-temporal-de-pisos-desocupats-de-grans-tenidors-es-una-passa-endavant-molt-importat-per-ajudar-a-r\/\",\"name\":\"Primera resoluci\u00f3n judicial favorable sobre la expropiaci\u00f3n del uso temporal de pisos desocupados de grandes tenedores - Federaci\u00f3 Socialista d&#039;Eivissa\",\"isPartOf\":{\"@id\":\"https:\/\/www.psib-psoe.org\/eivissa\/#website\"},\"primaryImageOfPage\":{\"@id\":\"https:\/\/www.psib-psoe.org\/eivissa\/el-psoe-deivissa-considera-que-la-primera-resolucio-judicial-favorable-sobre-lexpropiacio-de-lus-temporal-de-pisos-desocupats-de-grans-tenidors-es-una-passa-endavant-molt-importat-per-ajudar-a-r\/#primaryimage\"},\"image\":{\"@id\":\"https:\/\/www.psib-psoe.org\/eivissa\/el-psoe-deivissa-considera-que-la-primera-resolucio-judicial-favorable-sobre-lexpropiacio-de-lus-temporal-de-pisos-desocupats-de-grans-tenidors-es-una-passa-endavant-molt-importat-per-ajudar-a-r\/#primaryimage\"},\"thumbnailUrl\":\"https:\/\/www.psib-psoe.org\/eivissa\/wp-content\/uploads\/Captura-de-Pantalla-2021-05-14-a-les-13.06.02-e1622205895570.png\",\"datePublished\":\"2021-05-28T11:15:05+00:00\",\"breadcrumb\":{\"@id\":\"https:\/\/www.psib-psoe.org\/eivissa\/el-psoe-deivissa-considera-que-la-primera-resolucio-judicial-favorable-sobre-lexpropiacio-de-lus-temporal-de-pisos-desocupats-de-grans-tenidors-es-una-passa-endavant-molt-importat-per-ajudar-a-r\/#breadcrumb\"},\"inLanguage\":\"ca\",\"potentialAction\":[{\"@type\":\"ReadAction\",\"target\":[\"https:\/\/www.psib-psoe.org\/eivissa\/el-psoe-deivissa-considera-que-la-primera-resolucio-judicial-favorable-sobre-lexpropiacio-de-lus-temporal-de-pisos-desocupats-de-grans-tenidors-es-una-passa-endavant-molt-importat-per-ajudar-a-r\/\"]}]},{\"@type\":\"ImageObject\",\"inLanguage\":\"ca\",\"@id\":\"https:\/\/www.psib-psoe.org\/eivissa\/el-psoe-deivissa-considera-que-la-primera-resolucio-judicial-favorable-sobre-lexpropiacio-de-lus-temporal-de-pisos-desocupats-de-grans-tenidors-es-una-passa-endavant-molt-importat-per-ajudar-a-r\/#primaryimage\",\"url\":\"https:\/\/www.psib-psoe.org\/eivissa\/wp-content\/uploads\/Captura-de-Pantalla-2021-05-14-a-les-13.06.02-e1622205895570.png\",\"contentUrl\":\"https:\/\/www.psib-psoe.org\/eivissa\/wp-content\/uploads\/Captura-de-Pantalla-2021-05-14-a-les-13.06.02-e1622205895570.png\",\"width\":470,\"height\":558},{\"@type\":\"BreadcrumbList\",\"@id\":\"https:\/\/www.psib-psoe.org\/eivissa\/el-psoe-deivissa-considera-que-la-primera-resolucio-judicial-favorable-sobre-lexpropiacio-de-lus-temporal-de-pisos-desocupats-de-grans-tenidors-es-una-passa-endavant-molt-importat-per-ajudar-a-r\/#breadcrumb\",\"itemListElement\":[{\"@type\":\"ListItem\",\"position\":1,\"name\":\"Inici\",\"item\":\"https:\/\/www.psib-psoe.org\/eivissa\/\"},{\"@type\":\"ListItem\",\"position\":2,\"name\":\"Primera resoluci\u00f3n judicial favorable sobre la expropiaci\u00f3n del uso temporal de pisos desocupados de grandes tenedores\"}]},{\"@type\":\"WebSite\",\"@id\":\"https:\/\/www.psib-psoe.org\/eivissa\/#website\",\"url\":\"https:\/\/www.psib-psoe.org\/eivissa\/\",\"name\":\"Federaci\u00f3 Socialista d'Eivissa\",\"description\":\"Socialistes d&#039;Eivissa\",\"publisher\":{\"@id\":\"https:\/\/www.psib-psoe.org\/eivissa\/#organization\"},\"potentialAction\":[{\"@type\":\"SearchAction\",\"target\":{\"@type\":\"EntryPoint\",\"urlTemplate\":\"https:\/\/www.psib-psoe.org\/eivissa\/?s={search_term_string}\"},\"query-input\":{\"@type\":\"PropertyValueSpecification\",\"valueRequired\":true,\"valueName\":\"search_term_string\"}}],\"inLanguage\":\"ca\"},{\"@type\":\"Organization\",\"@id\":\"https:\/\/www.psib-psoe.org\/eivissa\/#organization\",\"name\":\"Federaci\u00f3 Socialista d'Eivissa\",\"url\":\"https:\/\/www.psib-psoe.org\/eivissa\/\",\"logo\":{\"@type\":\"ImageObject\",\"inLanguage\":\"ca\",\"@id\":\"https:\/\/www.psib-psoe.org\/eivissa\/#\/schema\/logo\/image\/\",\"url\":\"https:\/\/www.psib-psoe.org\/eivissa\/wp-content\/uploads\/LOGO-FSE-SOCIALISTA-DEIVISSA-HORI.png\",\"contentUrl\":\"https:\/\/www.psib-psoe.org\/eivissa\/wp-content\/uploads\/LOGO-FSE-SOCIALISTA-DEIVISSA-HORI.png\",\"width\":6000,\"height\":3104,\"caption\":\"Federaci\u00f3 Socialista d'Eivissa\"},\"image\":{\"@id\":\"https:\/\/www.psib-psoe.org\/eivissa\/#\/schema\/logo\/image\/\"}},{\"@type\":\"Person\",\"@id\":\"https:\/\/www.psib-psoe.org\/eivissa\/#\/schema\/person\/7a9d2841fb36f32e34fc0e9b245e8117\",\"name\":\"Josep Ripoll\",\"sameAs\":[\"http:\/\/www.psib-psoe.org\/eivissa\/wp-login.php\"],\"url\":\"https:\/\/www.psib-psoe.org\/eivissa\/author\/josep\/\"}]}<\/script>\n<!-- \/ Yoast SEO plugin. -->","yoast_head_json":{"title":"Primera resoluci\u00f3n judicial favorable sobre la expropiaci\u00f3n del uso temporal de pisos desocupados de grandes tenedores - Federaci\u00f3 Socialista d&#039;Eivissa","robots":{"index":"index","follow":"follow","max-snippet":"max-snippet:-1","max-image-preview":"max-image-preview:large","max-video-preview":"max-video-preview:-1"},"canonical":"https:\/\/www.psib-psoe.org\/eivissa\/el-psoe-deivissa-considera-que-la-primera-resolucio-judicial-favorable-sobre-lexpropiacio-de-lus-temporal-de-pisos-desocupats-de-grans-tenidors-es-una-passa-endavant-molt-importat-per-ajudar-a-r\/","og_locale":"ca_ES","og_type":"article","og_title":"Primera resoluci\u00f3n judicial favorable sobre la expropiaci\u00f3n del uso temporal de pisos desocupados de grandes tenedores - Federaci\u00f3 Socialista d&#039;Eivissa","og_description":"La Federaci\u00f3n Socialista de Eivissa (FSE-PSOE) celebra la primera resoluci\u00f3n judicial favorable en relaci\u00f3n con la expropiaci\u00f3n del uso temporal de viviendas desocupadas de grandes tenedores que prev\u00e9 la Ley de Vivienda de las Illes Balears. Con este primer aval judicial, se da un paso adelante muy importante para ayudar a resolver el problema de&hellip;","og_url":"https:\/\/www.psib-psoe.org\/eivissa\/el-psoe-deivissa-considera-que-la-primera-resolucio-judicial-favorable-sobre-lexpropiacio-de-lus-temporal-de-pisos-desocupats-de-grans-tenidors-es-una-passa-endavant-molt-importat-per-ajudar-a-r\/","og_site_name":"Federaci\u00f3 Socialista d&#039;Eivissa","article_published_time":"2021-05-28T11:15:05+00:00","og_image":[{"width":470,"height":558,"url":"https:\/\/www.psib-psoe.org\/eivissa\/wp-content\/uploads\/Captura-de-Pantalla-2021-05-14-a-les-13.06.02-e1622205895570.png","type":"image\/png"}],"author":"Josep Ripoll","twitter_card":"summary_large_image","twitter_misc":{"Escrit per":"Josep Ripoll","Temps estimat de lectura":"2 minuts"},"schema":{"@context":"https:\/\/schema.org","@graph":[{"@type":["Article","BlogPosting"],"@id":"https:\/\/www.psib-psoe.org\/eivissa\/el-psoe-deivissa-considera-que-la-primera-resolucio-judicial-favorable-sobre-lexpropiacio-de-lus-temporal-de-pisos-desocupats-de-grans-tenidors-es-una-passa-endavant-molt-importat-per-ajudar-a-r\/#article","isPartOf":{"@id":"https:\/\/www.psib-psoe.org\/eivissa\/el-psoe-deivissa-considera-que-la-primera-resolucio-judicial-favorable-sobre-lexpropiacio-de-lus-temporal-de-pisos-desocupats-de-grans-tenidors-es-una-passa-endavant-molt-importat-per-ajudar-a-r\/"},"author":{"name":"Josep Ripoll","@id":"https:\/\/www.psib-psoe.org\/eivissa\/#\/schema\/person\/7a9d2841fb36f32e34fc0e9b245e8117"},"headline":"Primera resoluci\u00f3n judicial favorable sobre la expropiaci\u00f3n del uso temporal de pisos desocupados de grandes tenedores","datePublished":"2021-05-28T11:15:05+00:00","mainEntityOfPage":{"@id":"https:\/\/www.psib-psoe.org\/eivissa\/el-psoe-deivissa-considera-que-la-primera-resolucio-judicial-favorable-sobre-lexpropiacio-de-lus-temporal-de-pisos-desocupats-de-grans-tenidors-es-una-passa-endavant-molt-importat-per-ajudar-a-r\/"},"wordCount":384,"publisher":{"@id":"https:\/\/www.psib-psoe.org\/eivissa\/#organization"},"image":{"@id":"https:\/\/www.psib-psoe.org\/eivissa\/el-psoe-deivissa-considera-que-la-primera-resolucio-judicial-favorable-sobre-lexpropiacio-de-lus-temporal-de-pisos-desocupats-de-grans-tenidors-es-una-passa-endavant-molt-importat-per-ajudar-a-r\/#primaryimage"},"thumbnailUrl":"https:\/\/www.psib-psoe.org\/eivissa\/wp-content\/uploads\/Captura-de-Pantalla-2021-05-14-a-les-13.06.02-e1622205895570.png","articleSection":["FSE-PSOE"],"inLanguage":"ca"},{"@type":"WebPage","@id":"https:\/\/www.psib-psoe.org\/eivissa\/el-psoe-deivissa-considera-que-la-primera-resolucio-judicial-favorable-sobre-lexpropiacio-de-lus-temporal-de-pisos-desocupats-de-grans-tenidors-es-una-passa-endavant-molt-importat-per-ajudar-a-r\/","url":"https:\/\/www.psib-psoe.org\/eivissa\/el-psoe-deivissa-considera-que-la-primera-resolucio-judicial-favorable-sobre-lexpropiacio-de-lus-temporal-de-pisos-desocupats-de-grans-tenidors-es-una-passa-endavant-molt-importat-per-ajudar-a-r\/","name":"Primera resoluci\u00f3n judicial favorable sobre la expropiaci\u00f3n del uso temporal de pisos desocupados de grandes tenedores - Federaci\u00f3 Socialista d&#039;Eivissa","isPartOf":{"@id":"https:\/\/www.psib-psoe.org\/eivissa\/#website"},"primaryImageOfPage":{"@id":"https:\/\/www.psib-psoe.org\/eivissa\/el-psoe-deivissa-considera-que-la-primera-resolucio-judicial-favorable-sobre-lexpropiacio-de-lus-temporal-de-pisos-desocupats-de-grans-tenidors-es-una-passa-endavant-molt-importat-per-ajudar-a-r\/#primaryimage"},"image":{"@id":"https:\/\/www.psib-psoe.org\/eivissa\/el-psoe-deivissa-considera-que-la-primera-resolucio-judicial-favorable-sobre-lexpropiacio-de-lus-temporal-de-pisos-desocupats-de-grans-tenidors-es-una-passa-endavant-molt-importat-per-ajudar-a-r\/#primaryimage"},"thumbnailUrl":"https:\/\/www.psib-psoe.org\/eivissa\/wp-content\/uploads\/Captura-de-Pantalla-2021-05-14-a-les-13.06.02-e1622205895570.png","datePublished":"2021-05-28T11:15:05+00:00","breadcrumb":{"@id":"https:\/\/www.psib-psoe.org\/eivissa\/el-psoe-deivissa-considera-que-la-primera-resolucio-judicial-favorable-sobre-lexpropiacio-de-lus-temporal-de-pisos-desocupats-de-grans-tenidors-es-una-passa-endavant-molt-importat-per-ajudar-a-r\/#breadcrumb"},"inLanguage":"ca","potentialAction":[{"@type":"ReadAction","target":["https:\/\/www.psib-psoe.org\/eivissa\/el-psoe-deivissa-considera-que-la-primera-resolucio-judicial-favorable-sobre-lexpropiacio-de-lus-temporal-de-pisos-desocupats-de-grans-tenidors-es-una-passa-endavant-molt-importat-per-ajudar-a-r\/"]}]},{"@type":"ImageObject","inLanguage":"ca","@id":"https:\/\/www.psib-psoe.org\/eivissa\/el-psoe-deivissa-considera-que-la-primera-resolucio-judicial-favorable-sobre-lexpropiacio-de-lus-temporal-de-pisos-desocupats-de-grans-tenidors-es-una-passa-endavant-molt-importat-per-ajudar-a-r\/#primaryimage","url":"https:\/\/www.psib-psoe.org\/eivissa\/wp-content\/uploads\/Captura-de-Pantalla-2021-05-14-a-les-13.06.02-e1622205895570.png","contentUrl":"https:\/\/www.psib-psoe.org\/eivissa\/wp-content\/uploads\/Captura-de-Pantalla-2021-05-14-a-les-13.06.02-e1622205895570.png","width":470,"height":558},{"@type":"BreadcrumbList","@id":"https:\/\/www.psib-psoe.org\/eivissa\/el-psoe-deivissa-considera-que-la-primera-resolucio-judicial-favorable-sobre-lexpropiacio-de-lus-temporal-de-pisos-desocupats-de-grans-tenidors-es-una-passa-endavant-molt-importat-per-ajudar-a-r\/#breadcrumb","itemListElement":[{"@type":"ListItem","position":1,"name":"Inici","item":"https:\/\/www.psib-psoe.org\/eivissa\/"},{"@type":"ListItem","position":2,"name":"Primera resoluci\u00f3n judicial favorable sobre la expropiaci\u00f3n del uso temporal de pisos desocupados de grandes tenedores"}]},{"@type":"WebSite","@id":"https:\/\/www.psib-psoe.org\/eivissa\/#website","url":"https:\/\/www.psib-psoe.org\/eivissa\/","name":"Federaci\u00f3 Socialista d'Eivissa","description":"Socialistes d&#039;Eivissa","publisher":{"@id":"https:\/\/www.psib-psoe.org\/eivissa\/#organization"},"potentialAction":[{"@type":"SearchAction","target":{"@type":"EntryPoint","urlTemplate":"https:\/\/www.psib-psoe.org\/eivissa\/?s={search_term_string}"},"query-input":{"@type":"PropertyValueSpecification","valueRequired":true,"valueName":"search_term_string"}}],"inLanguage":"ca"},{"@type":"Organization","@id":"https:\/\/www.psib-psoe.org\/eivissa\/#organization","name":"Federaci\u00f3 Socialista d'Eivissa","url":"https:\/\/www.psib-psoe.org\/eivissa\/","logo":{"@type":"ImageObject","inLanguage":"ca","@id":"https:\/\/www.psib-psoe.org\/eivissa\/#\/schema\/logo\/image\/","url":"https:\/\/www.psib-psoe.org\/eivissa\/wp-content\/uploads\/LOGO-FSE-SOCIALISTA-DEIVISSA-HORI.png","contentUrl":"https:\/\/www.psib-psoe.org\/eivissa\/wp-content\/uploads\/LOGO-FSE-SOCIALISTA-DEIVISSA-HORI.png","width":6000,"height":3104,"caption":"Federaci\u00f3 Socialista d'Eivissa"},"image":{"@id":"https:\/\/www.psib-psoe.org\/eivissa\/#\/schema\/logo\/image\/"}},{"@type":"Person","@id":"https:\/\/www.psib-psoe.org\/eivissa\/#\/schema\/person\/7a9d2841fb36f32e34fc0e9b245e8117","name":"Josep Ripoll","sameAs":["http:\/\/www.psib-psoe.org\/eivissa\/wp-login.php"],"url":"https:\/\/www.psib-psoe.org\/eivissa\/author\/josep\/"}]}},"_links":{"self":[{"href":"https:\/\/www.psib-psoe.org\/eivissa\/wp-json\/wp\/v2\/posts\/33361","targetHints":{"allow":["GET"]}}],"collection":[{"href":"https:\/\/www.psib-psoe.org\/eivissa\/wp-json\/wp\/v2\/posts"}],"about":[{"href":"https:\/\/www.psib-psoe.org\/eivissa\/wp-json\/wp\/v2\/types\/post"}],"author":[{"embeddable":true,"href":"https:\/\/www.psib-psoe.org\/eivissa\/wp-json\/wp\/v2\/users\/7"}],"replies":[{"embeddable":true,"href":"https:\/\/www.psib-psoe.org\/eivissa\/wp-json\/wp\/v2\/comments?post=33361"}],"version-history":[{"count":5,"href":"https:\/\/www.psib-psoe.org\/eivissa\/wp-json\/wp\/v2\/posts\/33361\/revisions"}],"predecessor-version":[{"id":33425,"href":"https:\/\/www.psib-psoe.org\/eivissa\/wp-json\/wp\/v2\/posts\/33361\/revisions\/33425"}],"wp:featuredmedia":[{"embeddable":true,"href":"https:\/\/www.psib-psoe.org\/eivissa\/wp-json\/wp\/v2\/media\/33424"}],"wp:attachment":[{"href":"https:\/\/www.psib-psoe.org\/eivissa\/wp-json\/wp\/v2\/media?parent=33361"}],"wp:term":[{"taxonomy":"category","embeddable":true,"href":"https:\/\/www.psib-psoe.org\/eivissa\/wp-json\/wp\/v2\/categories?post=33361"},{"taxonomy":"post_tag","embeddable":true,"href":"https:\/\/www.psib-psoe.org\/eivissa\/wp-json\/wp\/v2\/tags?post=33361"}],"curies":[{"name":"wp","href":"https:\/\/api.w.org\/{rel}","templated":true}]}}