{"id":33377,"date":"2021-05-14T13:05:47","date_gmt":"2021-05-14T11:05:47","guid":{"rendered":"https:\/\/www.psib-psoe.org\/eivissa\/?p=33377"},"modified":"2021-05-12T18:46:08","modified_gmt":"2021-05-12T16:46:08","slug":"pilar-costa-lestrategia-de-contencio-clara-de-la-pandemia-ha-permes-posicionar-balears-com-a-destinacio-segura-i-prioritaria-per-al-mercat-alemany","status":"publish","type":"post","link":"https:\/\/www.psib-psoe.org\/eivissa\/pilar-costa-lestrategia-de-contencio-clara-de-la-pandemia-ha-permes-posicionar-balears-com-a-destinacio-segura-i-prioritaria-per-al-mercat-alemany\/","title":{"rendered":"Pilar Costa: &#8220;L\u2019estrat\u00e8gia de contenci\u00f3 clara de la pand\u00e8mia ha perm\u00e8s posicionar Balears com a destinaci\u00f3 segura i priorit\u00e0ria per al mercat alemany&#8221;"},"content":{"rendered":"<p>La portaveu del Grup Parlamentari Socialista, Pilar Costa, ha real\u00e7at les pol\u00edtiques del Govern de les Illes Balears per lluitar contra el coronavirus, perqu\u00e8 \u00e9s un model que ha perm\u00e8s mantenir els contagis sota control, salvar vides i situar les Illes Balears com una destinaci\u00f3 segura, com confirma el fet que la patronal de viatges d\u2019Alemanya hagi considerat les Illes Balears \u201ccom una destinaci\u00f3 segura i priorit\u00e0ria per a viatjar aquesta temporada&#8221;.<\/p>\n<p>Aquest anunci s\u2019ha produ\u00eft aquest dimarts despr\u00e9s de les reunions amb l\u2019ambaixador, la patronal de viatges alemanya i el grup TUI amb la presidenta de l&#8217;executiu auton\u00f2mic, Francina Armengol.<\/p>\n<p>Aix\u00ed s&#8217;ha referit la portaveu socialista a la finalitzaci\u00f3 de la Junta de Portaveus parlamentaris, remarcant alhora que &#8220;el model del Govern \u00e9s l&#8217;encertat perqu\u00e8 ha prioritzat les pol\u00edtiques de contenci\u00f3 clares de la pand\u00e8mia posant l&#8217;accent en la cura sanit\u00e0ria&#8221;, un fet que &#8220;ens permetr\u00e0 sortir m\u00e9s forts de cara a la reactivaci\u00f3 econ\u00f2mica si ens comparam amb altres destinacions competidores com Gr\u00e8cia o Turquia&#8221;, ha explicat la socialista.<\/p>\n<p>Costa ha incidit que les dades sanit\u00e0ries avalen el model de gesti\u00f3 de la pand\u00e8mia del Govern perqu\u00e8 les Illes Balears es mantenen com un dels territoris amb la incid\u00e8ncia m\u00e9s baixa de l&#8217;Estat i de la Uni\u00f3 Europea.<\/p>\n<p>Aix\u00ed mateix, la portaveu ha volgut posar de manifest &#8220;que aquestes dades no s\u00f3n casualitat\u201d, sin\u00f3 fruit la feina ben feta, alhora que ha demanat al PP que \u201cs\u2019aclareixi sobre la seva proposta, perqu\u00e8 les mesures que es prenen a Balears s\u00f3n l&#8217;ant\u00edtesi de les que es prenen a Madrid&#8221;, referint-se a la postura del PP demanant m\u00e9s mesures.<\/p>\n<p>Finalment, Costa ha destacat que el mes de maig &#8220;ser\u00e0 decisiu per a la reactivaci\u00f3 econ\u00f2mica de les Illes que ve acompanyada de l&#8217;acceleraci\u00f3 del proc\u00e9s de vacunaci\u00f3&#8221;. Cal recordar que el Servei de Salut ja est\u00e0 cridant a les persones d&#8217;entre 50 i 60 anys.<\/p>\n","protected":false},"excerpt":{"rendered":"<p>La portaveu del Grup Parlamentari Socialista, Pilar Costa, ha real\u00e7at les pol\u00edtiques del Govern de les Illes Balears per lluitar contra el coronavirus, perqu\u00e8 \u00e9s un model que ha perm\u00e8s mantenir els contagis sota control, salvar vides i situar les Illes Balears com una destinaci\u00f3 segura, com confirma el fet que la patronal de viatges&hellip;<\/p>\n","protected":false},"author":7,"featured_media":33379,"comment_status":"closed","ping_status":"closed","sticky":false,"template":"","format":"standard","meta":{"footnotes":""},"categories":[1,191],"tags":[],"class_list":["post-33377","post","type-post","status-publish","format-standard","has-post-thumbnail","hentry","category-federacio-de-eivissa-portada","category-govern-de-les-illes-balears-parlament"],"yoast_head":"<!-- This site is optimized with the Yoast SEO plugin v26.9 - https:\/\/yoast.com\/product\/yoast-seo-wordpress\/ -->\n<title>Pilar Costa: &quot;L\u2019estrat\u00e8gia de contenci\u00f3 clara de la pand\u00e8mia ha perm\u00e8s posicionar Balears com a destinaci\u00f3 segura i priorit\u00e0ria per al mercat alemany&quot; - Federaci\u00f3 Socialista d&#039;Eivissa<\/title>\n<meta name=\"robots\" content=\"index, follow, max-snippet:-1, max-image-preview:large, max-video-preview:-1\" \/>\n<link rel=\"canonical\" href=\"https:\/\/www.psib-psoe.org\/eivissa\/pilar-costa-lestrategia-de-contencio-clara-de-la-pandemia-ha-permes-posicionar-balears-com-a-destinacio-segura-i-prioritaria-per-al-mercat-alemany\/\" \/>\n<meta property=\"og:locale\" content=\"ca_ES\" \/>\n<meta property=\"og:type\" content=\"article\" \/>\n<meta property=\"og:title\" content=\"Pilar Costa: &quot;L\u2019estrat\u00e8gia de contenci\u00f3 clara de la pand\u00e8mia ha perm\u00e8s posicionar Balears com a destinaci\u00f3 segura i priorit\u00e0ria per al mercat alemany&quot; - Federaci\u00f3 Socialista d&#039;Eivissa\" \/>\n<meta property=\"og:description\" content=\"La portaveu del Grup Parlamentari Socialista, Pilar Costa, ha real\u00e7at les pol\u00edtiques del Govern de les Illes Balears per lluitar contra el coronavirus, perqu\u00e8 \u00e9s un model que ha perm\u00e8s mantenir els contagis sota control, salvar vides i situar les Illes Balears com una destinaci\u00f3 segura, com confirma el fet que la patronal de viatges&hellip;\" \/>\n<meta property=\"og:url\" content=\"https:\/\/www.psib-psoe.org\/eivissa\/pilar-costa-lestrategia-de-contencio-clara-de-la-pandemia-ha-permes-posicionar-balears-com-a-destinacio-segura-i-prioritaria-per-al-mercat-alemany\/\" \/>\n<meta property=\"og:site_name\" content=\"Federaci\u00f3 Socialista d&#039;Eivissa\" \/>\n<meta property=\"article:published_time\" content=\"2021-05-14T11:05:47+00:00\" \/>\n<meta property=\"og:image\" content=\"https:\/\/www.psib-psoe.org\/eivissa\/wp-content\/uploads\/20210512_JUNTA-DE-PORTAVEUS-PILAR-COSTA.jpeg\" \/>\n\t<meta property=\"og:image:width\" content=\"3148\" \/>\n\t<meta property=\"og:image:height\" content=\"2099\" \/>\n\t<meta property=\"og:image:type\" content=\"image\/jpeg\" \/>\n<meta name=\"author\" content=\"Josep Ripoll\" \/>\n<meta name=\"twitter:card\" content=\"summary_large_image\" \/>\n<meta name=\"twitter:label1\" content=\"Escrit per\" \/>\n\t<meta name=\"twitter:data1\" content=\"Josep Ripoll\" \/>\n\t<meta name=\"twitter:label2\" content=\"Temps estimat de lectura\" \/>\n\t<meta name=\"twitter:data2\" content=\"2 minuts\" \/>\n<script type=\"application\/ld+json\" class=\"yoast-schema-graph\">{\"@context\":\"https:\/\/schema.org\",\"@graph\":[{\"@type\":[\"Article\",\"BlogPosting\"],\"@id\":\"https:\/\/www.psib-psoe.org\/eivissa\/pilar-costa-lestrategia-de-contencio-clara-de-la-pandemia-ha-permes-posicionar-balears-com-a-destinacio-segura-i-prioritaria-per-al-mercat-alemany\/#article\",\"isPartOf\":{\"@id\":\"https:\/\/www.psib-psoe.org\/eivissa\/pilar-costa-lestrategia-de-contencio-clara-de-la-pandemia-ha-permes-posicionar-balears-com-a-destinacio-segura-i-prioritaria-per-al-mercat-alemany\/\"},\"author\":{\"name\":\"Josep Ripoll\",\"@id\":\"https:\/\/www.psib-psoe.org\/eivissa\/#\/schema\/person\/7a9d2841fb36f32e34fc0e9b245e8117\"},\"headline\":\"Pilar Costa: &#8220;L\u2019estrat\u00e8gia de contenci\u00f3 clara de la pand\u00e8mia ha perm\u00e8s posicionar Balears com a destinaci\u00f3 segura i priorit\u00e0ria per al mercat alemany&#8221;\",\"datePublished\":\"2021-05-14T11:05:47+00:00\",\"mainEntityOfPage\":{\"@id\":\"https:\/\/www.psib-psoe.org\/eivissa\/pilar-costa-lestrategia-de-contencio-clara-de-la-pandemia-ha-permes-posicionar-balears-com-a-destinacio-segura-i-prioritaria-per-al-mercat-alemany\/\"},\"wordCount\":368,\"publisher\":{\"@id\":\"https:\/\/www.psib-psoe.org\/eivissa\/#organization\"},\"image\":{\"@id\":\"https:\/\/www.psib-psoe.org\/eivissa\/pilar-costa-lestrategia-de-contencio-clara-de-la-pandemia-ha-permes-posicionar-balears-com-a-destinacio-segura-i-prioritaria-per-al-mercat-alemany\/#primaryimage\"},\"thumbnailUrl\":\"https:\/\/www.psib-psoe.org\/eivissa\/wp-content\/uploads\/20210512_JUNTA-DE-PORTAVEUS-PILAR-COSTA.jpeg\",\"articleSection\":[\"Federaci\u00f3 d'Eivissa - Portada\",\"Govern de les Illes Balears - Parlament - PSIB-PSOE\"],\"inLanguage\":\"ca\"},{\"@type\":\"WebPage\",\"@id\":\"https:\/\/www.psib-psoe.org\/eivissa\/pilar-costa-lestrategia-de-contencio-clara-de-la-pandemia-ha-permes-posicionar-balears-com-a-destinacio-segura-i-prioritaria-per-al-mercat-alemany\/\",\"url\":\"https:\/\/www.psib-psoe.org\/eivissa\/pilar-costa-lestrategia-de-contencio-clara-de-la-pandemia-ha-permes-posicionar-balears-com-a-destinacio-segura-i-prioritaria-per-al-mercat-alemany\/\",\"name\":\"Pilar Costa: \\\"L\u2019estrat\u00e8gia de contenci\u00f3 clara de la pand\u00e8mia ha perm\u00e8s posicionar Balears com a destinaci\u00f3 segura i priorit\u00e0ria per al mercat alemany\\\" - Federaci\u00f3 Socialista d&#039;Eivissa\",\"isPartOf\":{\"@id\":\"https:\/\/www.psib-psoe.org\/eivissa\/#website\"},\"primaryImageOfPage\":{\"@id\":\"https:\/\/www.psib-psoe.org\/eivissa\/pilar-costa-lestrategia-de-contencio-clara-de-la-pandemia-ha-permes-posicionar-balears-com-a-destinacio-segura-i-prioritaria-per-al-mercat-alemany\/#primaryimage\"},\"image\":{\"@id\":\"https:\/\/www.psib-psoe.org\/eivissa\/pilar-costa-lestrategia-de-contencio-clara-de-la-pandemia-ha-permes-posicionar-balears-com-a-destinacio-segura-i-prioritaria-per-al-mercat-alemany\/#primaryimage\"},\"thumbnailUrl\":\"https:\/\/www.psib-psoe.org\/eivissa\/wp-content\/uploads\/20210512_JUNTA-DE-PORTAVEUS-PILAR-COSTA.jpeg\",\"datePublished\":\"2021-05-14T11:05:47+00:00\",\"breadcrumb\":{\"@id\":\"https:\/\/www.psib-psoe.org\/eivissa\/pilar-costa-lestrategia-de-contencio-clara-de-la-pandemia-ha-permes-posicionar-balears-com-a-destinacio-segura-i-prioritaria-per-al-mercat-alemany\/#breadcrumb\"},\"inLanguage\":\"ca\",\"potentialAction\":[{\"@type\":\"ReadAction\",\"target\":[\"https:\/\/www.psib-psoe.org\/eivissa\/pilar-costa-lestrategia-de-contencio-clara-de-la-pandemia-ha-permes-posicionar-balears-com-a-destinacio-segura-i-prioritaria-per-al-mercat-alemany\/\"]}]},{\"@type\":\"ImageObject\",\"inLanguage\":\"ca\",\"@id\":\"https:\/\/www.psib-psoe.org\/eivissa\/pilar-costa-lestrategia-de-contencio-clara-de-la-pandemia-ha-permes-posicionar-balears-com-a-destinacio-segura-i-prioritaria-per-al-mercat-alemany\/#primaryimage\",\"url\":\"https:\/\/www.psib-psoe.org\/eivissa\/wp-content\/uploads\/20210512_JUNTA-DE-PORTAVEUS-PILAR-COSTA.jpeg\",\"contentUrl\":\"https:\/\/www.psib-psoe.org\/eivissa\/wp-content\/uploads\/20210512_JUNTA-DE-PORTAVEUS-PILAR-COSTA.jpeg\",\"width\":3148,\"height\":2099},{\"@type\":\"BreadcrumbList\",\"@id\":\"https:\/\/www.psib-psoe.org\/eivissa\/pilar-costa-lestrategia-de-contencio-clara-de-la-pandemia-ha-permes-posicionar-balears-com-a-destinacio-segura-i-prioritaria-per-al-mercat-alemany\/#breadcrumb\",\"itemListElement\":[{\"@type\":\"ListItem\",\"position\":1,\"name\":\"Inici\",\"item\":\"https:\/\/www.psib-psoe.org\/eivissa\/\"},{\"@type\":\"ListItem\",\"position\":2,\"name\":\"Pilar Costa: &#8220;L\u2019estrat\u00e8gia de contenci\u00f3 clara de la pand\u00e8mia ha perm\u00e8s posicionar Balears com a destinaci\u00f3 segura i priorit\u00e0ria per al mercat alemany&#8221;\"}]},{\"@type\":\"WebSite\",\"@id\":\"https:\/\/www.psib-psoe.org\/eivissa\/#website\",\"url\":\"https:\/\/www.psib-psoe.org\/eivissa\/\",\"name\":\"Federaci\u00f3 Socialista d'Eivissa\",\"description\":\"Socialistes d&#039;Eivissa\",\"publisher\":{\"@id\":\"https:\/\/www.psib-psoe.org\/eivissa\/#organization\"},\"potentialAction\":[{\"@type\":\"SearchAction\",\"target\":{\"@type\":\"EntryPoint\",\"urlTemplate\":\"https:\/\/www.psib-psoe.org\/eivissa\/?s={search_term_string}\"},\"query-input\":{\"@type\":\"PropertyValueSpecification\",\"valueRequired\":true,\"valueName\":\"search_term_string\"}}],\"inLanguage\":\"ca\"},{\"@type\":\"Organization\",\"@id\":\"https:\/\/www.psib-psoe.org\/eivissa\/#organization\",\"name\":\"Federaci\u00f3 Socialista d'Eivissa\",\"url\":\"https:\/\/www.psib-psoe.org\/eivissa\/\",\"logo\":{\"@type\":\"ImageObject\",\"inLanguage\":\"ca\",\"@id\":\"https:\/\/www.psib-psoe.org\/eivissa\/#\/schema\/logo\/image\/\",\"url\":\"https:\/\/www.psib-psoe.org\/eivissa\/wp-content\/uploads\/LOGO-FSE-SOCIALISTA-DEIVISSA-HORI.png\",\"contentUrl\":\"https:\/\/www.psib-psoe.org\/eivissa\/wp-content\/uploads\/LOGO-FSE-SOCIALISTA-DEIVISSA-HORI.png\",\"width\":6000,\"height\":3104,\"caption\":\"Federaci\u00f3 Socialista d'Eivissa\"},\"image\":{\"@id\":\"https:\/\/www.psib-psoe.org\/eivissa\/#\/schema\/logo\/image\/\"}},{\"@type\":\"Person\",\"@id\":\"https:\/\/www.psib-psoe.org\/eivissa\/#\/schema\/person\/7a9d2841fb36f32e34fc0e9b245e8117\",\"name\":\"Josep Ripoll\",\"sameAs\":[\"http:\/\/www.psib-psoe.org\/eivissa\/wp-login.php\"],\"url\":\"https:\/\/www.psib-psoe.org\/eivissa\/author\/josep\/\"}]}<\/script>\n<!-- \/ Yoast SEO plugin. -->","yoast_head_json":{"title":"Pilar Costa: \"L\u2019estrat\u00e8gia de contenci\u00f3 clara de la pand\u00e8mia ha perm\u00e8s posicionar Balears com a destinaci\u00f3 segura i priorit\u00e0ria per al mercat alemany\" - Federaci\u00f3 Socialista d&#039;Eivissa","robots":{"index":"index","follow":"follow","max-snippet":"max-snippet:-1","max-image-preview":"max-image-preview:large","max-video-preview":"max-video-preview:-1"},"canonical":"https:\/\/www.psib-psoe.org\/eivissa\/pilar-costa-lestrategia-de-contencio-clara-de-la-pandemia-ha-permes-posicionar-balears-com-a-destinacio-segura-i-prioritaria-per-al-mercat-alemany\/","og_locale":"ca_ES","og_type":"article","og_title":"Pilar Costa: \"L\u2019estrat\u00e8gia de contenci\u00f3 clara de la pand\u00e8mia ha perm\u00e8s posicionar Balears com a destinaci\u00f3 segura i priorit\u00e0ria per al mercat alemany\" - Federaci\u00f3 Socialista d&#039;Eivissa","og_description":"La portaveu del Grup Parlamentari Socialista, Pilar Costa, ha real\u00e7at les pol\u00edtiques del Govern de les Illes Balears per lluitar contra el coronavirus, perqu\u00e8 \u00e9s un model que ha perm\u00e8s mantenir els contagis sota control, salvar vides i situar les Illes Balears com una destinaci\u00f3 segura, com confirma el fet que la patronal de viatges&hellip;","og_url":"https:\/\/www.psib-psoe.org\/eivissa\/pilar-costa-lestrategia-de-contencio-clara-de-la-pandemia-ha-permes-posicionar-balears-com-a-destinacio-segura-i-prioritaria-per-al-mercat-alemany\/","og_site_name":"Federaci\u00f3 Socialista d&#039;Eivissa","article_published_time":"2021-05-14T11:05:47+00:00","og_image":[{"width":3148,"height":2099,"url":"https:\/\/www.psib-psoe.org\/eivissa\/wp-content\/uploads\/20210512_JUNTA-DE-PORTAVEUS-PILAR-COSTA.jpeg","type":"image\/jpeg"}],"author":"Josep Ripoll","twitter_card":"summary_large_image","twitter_misc":{"Escrit per":"Josep Ripoll","Temps estimat de lectura":"2 minuts"},"schema":{"@context":"https:\/\/schema.org","@graph":[{"@type":["Article","BlogPosting"],"@id":"https:\/\/www.psib-psoe.org\/eivissa\/pilar-costa-lestrategia-de-contencio-clara-de-la-pandemia-ha-permes-posicionar-balears-com-a-destinacio-segura-i-prioritaria-per-al-mercat-alemany\/#article","isPartOf":{"@id":"https:\/\/www.psib-psoe.org\/eivissa\/pilar-costa-lestrategia-de-contencio-clara-de-la-pandemia-ha-permes-posicionar-balears-com-a-destinacio-segura-i-prioritaria-per-al-mercat-alemany\/"},"author":{"name":"Josep Ripoll","@id":"https:\/\/www.psib-psoe.org\/eivissa\/#\/schema\/person\/7a9d2841fb36f32e34fc0e9b245e8117"},"headline":"Pilar Costa: &#8220;L\u2019estrat\u00e8gia de contenci\u00f3 clara de la pand\u00e8mia ha perm\u00e8s posicionar Balears com a destinaci\u00f3 segura i priorit\u00e0ria per al mercat alemany&#8221;","datePublished":"2021-05-14T11:05:47+00:00","mainEntityOfPage":{"@id":"https:\/\/www.psib-psoe.org\/eivissa\/pilar-costa-lestrategia-de-contencio-clara-de-la-pandemia-ha-permes-posicionar-balears-com-a-destinacio-segura-i-prioritaria-per-al-mercat-alemany\/"},"wordCount":368,"publisher":{"@id":"https:\/\/www.psib-psoe.org\/eivissa\/#organization"},"image":{"@id":"https:\/\/www.psib-psoe.org\/eivissa\/pilar-costa-lestrategia-de-contencio-clara-de-la-pandemia-ha-permes-posicionar-balears-com-a-destinacio-segura-i-prioritaria-per-al-mercat-alemany\/#primaryimage"},"thumbnailUrl":"https:\/\/www.psib-psoe.org\/eivissa\/wp-content\/uploads\/20210512_JUNTA-DE-PORTAVEUS-PILAR-COSTA.jpeg","articleSection":["Federaci\u00f3 d'Eivissa - Portada","Govern de les Illes Balears - Parlament - PSIB-PSOE"],"inLanguage":"ca"},{"@type":"WebPage","@id":"https:\/\/www.psib-psoe.org\/eivissa\/pilar-costa-lestrategia-de-contencio-clara-de-la-pandemia-ha-permes-posicionar-balears-com-a-destinacio-segura-i-prioritaria-per-al-mercat-alemany\/","url":"https:\/\/www.psib-psoe.org\/eivissa\/pilar-costa-lestrategia-de-contencio-clara-de-la-pandemia-ha-permes-posicionar-balears-com-a-destinacio-segura-i-prioritaria-per-al-mercat-alemany\/","name":"Pilar Costa: \"L\u2019estrat\u00e8gia de contenci\u00f3 clara de la pand\u00e8mia ha perm\u00e8s posicionar Balears com a destinaci\u00f3 segura i priorit\u00e0ria per al mercat alemany\" - Federaci\u00f3 Socialista d&#039;Eivissa","isPartOf":{"@id":"https:\/\/www.psib-psoe.org\/eivissa\/#website"},"primaryImageOfPage":{"@id":"https:\/\/www.psib-psoe.org\/eivissa\/pilar-costa-lestrategia-de-contencio-clara-de-la-pandemia-ha-permes-posicionar-balears-com-a-destinacio-segura-i-prioritaria-per-al-mercat-alemany\/#primaryimage"},"image":{"@id":"https:\/\/www.psib-psoe.org\/eivissa\/pilar-costa-lestrategia-de-contencio-clara-de-la-pandemia-ha-permes-posicionar-balears-com-a-destinacio-segura-i-prioritaria-per-al-mercat-alemany\/#primaryimage"},"thumbnailUrl":"https:\/\/www.psib-psoe.org\/eivissa\/wp-content\/uploads\/20210512_JUNTA-DE-PORTAVEUS-PILAR-COSTA.jpeg","datePublished":"2021-05-14T11:05:47+00:00","breadcrumb":{"@id":"https:\/\/www.psib-psoe.org\/eivissa\/pilar-costa-lestrategia-de-contencio-clara-de-la-pandemia-ha-permes-posicionar-balears-com-a-destinacio-segura-i-prioritaria-per-al-mercat-alemany\/#breadcrumb"},"inLanguage":"ca","potentialAction":[{"@type":"ReadAction","target":["https:\/\/www.psib-psoe.org\/eivissa\/pilar-costa-lestrategia-de-contencio-clara-de-la-pandemia-ha-permes-posicionar-balears-com-a-destinacio-segura-i-prioritaria-per-al-mercat-alemany\/"]}]},{"@type":"ImageObject","inLanguage":"ca","@id":"https:\/\/www.psib-psoe.org\/eivissa\/pilar-costa-lestrategia-de-contencio-clara-de-la-pandemia-ha-permes-posicionar-balears-com-a-destinacio-segura-i-prioritaria-per-al-mercat-alemany\/#primaryimage","url":"https:\/\/www.psib-psoe.org\/eivissa\/wp-content\/uploads\/20210512_JUNTA-DE-PORTAVEUS-PILAR-COSTA.jpeg","contentUrl":"https:\/\/www.psib-psoe.org\/eivissa\/wp-content\/uploads\/20210512_JUNTA-DE-PORTAVEUS-PILAR-COSTA.jpeg","width":3148,"height":2099},{"@type":"BreadcrumbList","@id":"https:\/\/www.psib-psoe.org\/eivissa\/pilar-costa-lestrategia-de-contencio-clara-de-la-pandemia-ha-permes-posicionar-balears-com-a-destinacio-segura-i-prioritaria-per-al-mercat-alemany\/#breadcrumb","itemListElement":[{"@type":"ListItem","position":1,"name":"Inici","item":"https:\/\/www.psib-psoe.org\/eivissa\/"},{"@type":"ListItem","position":2,"name":"Pilar Costa: &#8220;L\u2019estrat\u00e8gia de contenci\u00f3 clara de la pand\u00e8mia ha perm\u00e8s posicionar Balears com a destinaci\u00f3 segura i priorit\u00e0ria per al mercat alemany&#8221;"}]},{"@type":"WebSite","@id":"https:\/\/www.psib-psoe.org\/eivissa\/#website","url":"https:\/\/www.psib-psoe.org\/eivissa\/","name":"Federaci\u00f3 Socialista d'Eivissa","description":"Socialistes d&#039;Eivissa","publisher":{"@id":"https:\/\/www.psib-psoe.org\/eivissa\/#organization"},"potentialAction":[{"@type":"SearchAction","target":{"@type":"EntryPoint","urlTemplate":"https:\/\/www.psib-psoe.org\/eivissa\/?s={search_term_string}"},"query-input":{"@type":"PropertyValueSpecification","valueRequired":true,"valueName":"search_term_string"}}],"inLanguage":"ca"},{"@type":"Organization","@id":"https:\/\/www.psib-psoe.org\/eivissa\/#organization","name":"Federaci\u00f3 Socialista d'Eivissa","url":"https:\/\/www.psib-psoe.org\/eivissa\/","logo":{"@type":"ImageObject","inLanguage":"ca","@id":"https:\/\/www.psib-psoe.org\/eivissa\/#\/schema\/logo\/image\/","url":"https:\/\/www.psib-psoe.org\/eivissa\/wp-content\/uploads\/LOGO-FSE-SOCIALISTA-DEIVISSA-HORI.png","contentUrl":"https:\/\/www.psib-psoe.org\/eivissa\/wp-content\/uploads\/LOGO-FSE-SOCIALISTA-DEIVISSA-HORI.png","width":6000,"height":3104,"caption":"Federaci\u00f3 Socialista d'Eivissa"},"image":{"@id":"https:\/\/www.psib-psoe.org\/eivissa\/#\/schema\/logo\/image\/"}},{"@type":"Person","@id":"https:\/\/www.psib-psoe.org\/eivissa\/#\/schema\/person\/7a9d2841fb36f32e34fc0e9b245e8117","name":"Josep Ripoll","sameAs":["http:\/\/www.psib-psoe.org\/eivissa\/wp-login.php"],"url":"https:\/\/www.psib-psoe.org\/eivissa\/author\/josep\/"}]}},"_links":{"self":[{"href":"https:\/\/www.psib-psoe.org\/eivissa\/wp-json\/wp\/v2\/posts\/33377","targetHints":{"allow":["GET"]}}],"collection":[{"href":"https:\/\/www.psib-psoe.org\/eivissa\/wp-json\/wp\/v2\/posts"}],"about":[{"href":"https:\/\/www.psib-psoe.org\/eivissa\/wp-json\/wp\/v2\/types\/post"}],"author":[{"embeddable":true,"href":"https:\/\/www.psib-psoe.org\/eivissa\/wp-json\/wp\/v2\/users\/7"}],"replies":[{"embeddable":true,"href":"https:\/\/www.psib-psoe.org\/eivissa\/wp-json\/wp\/v2\/comments?post=33377"}],"version-history":[{"count":3,"href":"https:\/\/www.psib-psoe.org\/eivissa\/wp-json\/wp\/v2\/posts\/33377\/revisions"}],"predecessor-version":[{"id":33384,"href":"https:\/\/www.psib-psoe.org\/eivissa\/wp-json\/wp\/v2\/posts\/33377\/revisions\/33384"}],"wp:featuredmedia":[{"embeddable":true,"href":"https:\/\/www.psib-psoe.org\/eivissa\/wp-json\/wp\/v2\/media\/33379"}],"wp:attachment":[{"href":"https:\/\/www.psib-psoe.org\/eivissa\/wp-json\/wp\/v2\/media?parent=33377"}],"wp:term":[{"taxonomy":"category","embeddable":true,"href":"https:\/\/www.psib-psoe.org\/eivissa\/wp-json\/wp\/v2\/categories?post=33377"},{"taxonomy":"post_tag","embeddable":true,"href":"https:\/\/www.psib-psoe.org\/eivissa\/wp-json\/wp\/v2\/tags?post=33377"}],"curies":[{"name":"wp","href":"https:\/\/api.w.org\/{rel}","templated":true}]}}