{"id":33484,"date":"2021-05-28T13:02:48","date_gmt":"2021-05-28T11:02:48","guid":{"rendered":"https:\/\/www.psib-psoe.org\/eivissa\/?p=33484"},"modified":"2021-05-26T16:30:52","modified_gmt":"2021-05-26T14:30:52","slug":"la-fse-psoe-manifiesta-publicamente-su-apoyo-a-la-exconcejala-aida-alcaraz","status":"publish","type":"post","link":"https:\/\/www.psib-psoe.org\/eivissa\/la-fse-psoe-manifiesta-publicamente-su-apoyo-a-la-exconcejala-aida-alcaraz\/","title":{"rendered":"La FSE-PSOE manifiesta p\u00fablicamente su apoyo a la exconcejala A\u00edda Alcaraz"},"content":{"rendered":"<p>La Federaci\u00f3n Socialista de Ibiza (FSE-PSOE) quiere manifestar p\u00fablicamente su apoyo a la exconcejal de San Antonio A\u00edda Alcaraz, en el proceso judicial que ha comenzado hoy por las injustas acusaciones realizadas contra su persona por parte del ex jefe de la Polic\u00eda Local. Desde la FSE queremos remarcar la integridad y la honestidad intachable de nuestra compa\u00f1era, quien fue concejala responsable de la Polic\u00eda Local de San Antonio en la legislatura progresista y quien actu\u00f3 siempre en defensa del inter\u00e9s de la ciudadan\u00eda y en favor de un mejor funcionamiento del cuerpo policial.<\/p>\n<p>La FSE-PSOE agradece el compromiso y el trabajo demostrados siempre por nuestra compa\u00f1era, de quien queremos destacar una val\u00eda personal y pol\u00edtica dignas de admiraci\u00f3n, y lamentamos el perjuicio personal que est\u00e1 sufriendo por culpa de estas injustas acusaciones.<\/p>\n<p>El cambio progresista en la pasada legislatura a San Antonio, un ayuntamiento que siempre hab\u00eda sido gobernado por la derecha, fue posible gracias al trabajo de personas decididas y comprometidas como A\u00edda Alcaraz. Deseamos que esta dif\u00edcil situaci\u00f3n personal termine pronto y que cuanto antes A\u00edda Alcaraz quede absuelta de las injustas acusaciones que se han hecho contra su persona.<\/p>\n","protected":false},"excerpt":{"rendered":"<p>La Federaci\u00f3n Socialista de Ibiza (FSE-PSOE) quiere manifestar p\u00fablicamente su apoyo a la exconcejal de San Antonio A\u00edda Alcaraz, en el proceso judicial que ha comenzado hoy por las injustas acusaciones realizadas contra su persona por parte del ex jefe de la Polic\u00eda Local. Desde la FSE queremos remarcar la integridad y la honestidad intachable&hellip;<\/p>\n","protected":false},"author":12,"featured_media":33482,"comment_status":"closed","ping_status":"closed","sticky":false,"template":"","format":"standard","meta":{"footnotes":""},"categories":[212],"tags":[],"class_list":["post-33484","post","type-post","status-publish","format-standard","has-post-thumbnail","hentry","category-fse-psoe"],"yoast_head":"<!-- This site is optimized with the Yoast SEO plugin v26.9 - https:\/\/yoast.com\/product\/yoast-seo-wordpress\/ -->\n<title>La FSE-PSOE manifiesta p\u00fablicamente su apoyo a la exconcejala A\u00edda Alcaraz - Federaci\u00f3 Socialista d&#039;Eivissa<\/title>\n<meta name=\"robots\" content=\"index, follow, max-snippet:-1, max-image-preview:large, max-video-preview:-1\" \/>\n<link rel=\"canonical\" href=\"https:\/\/www.psib-psoe.org\/eivissa\/la-fse-psoe-manifiesta-publicamente-su-apoyo-a-la-exconcejala-aida-alcaraz\/\" \/>\n<meta property=\"og:locale\" content=\"ca_ES\" \/>\n<meta property=\"og:type\" content=\"article\" \/>\n<meta property=\"og:title\" content=\"La FSE-PSOE manifiesta p\u00fablicamente su apoyo a la exconcejala A\u00edda Alcaraz - Federaci\u00f3 Socialista d&#039;Eivissa\" \/>\n<meta property=\"og:description\" content=\"La Federaci\u00f3n Socialista de Ibiza (FSE-PSOE) quiere manifestar p\u00fablicamente su apoyo a la exconcejal de San Antonio A\u00edda Alcaraz, en el proceso judicial que ha comenzado hoy por las injustas acusaciones realizadas contra su persona por parte del ex jefe de la Polic\u00eda Local. Desde la FSE queremos remarcar la integridad y la honestidad intachable&hellip;\" \/>\n<meta property=\"og:url\" content=\"https:\/\/www.psib-psoe.org\/eivissa\/la-fse-psoe-manifiesta-publicamente-su-apoyo-a-la-exconcejala-aida-alcaraz\/\" \/>\n<meta property=\"og:site_name\" content=\"Federaci\u00f3 Socialista d&#039;Eivissa\" \/>\n<meta property=\"article:published_time\" content=\"2021-05-28T11:02:48+00:00\" \/>\n<meta property=\"og:image\" content=\"https:\/\/www.psib-psoe.org\/eivissa\/wp-content\/uploads\/11406649_861756280539769_2664197996458139501_n-e1622205862514.jpeg\" \/>\n\t<meta property=\"og:image:width\" content=\"585\" \/>\n\t<meta property=\"og:image:height\" content=\"960\" \/>\n\t<meta property=\"og:image:type\" content=\"image\/jpeg\" \/>\n<meta name=\"author\" content=\"Azahara\" \/>\n<meta name=\"twitter:card\" content=\"summary_large_image\" \/>\n<meta name=\"twitter:label1\" content=\"Escrit per\" \/>\n\t<meta name=\"twitter:data1\" content=\"Azahara\" \/>\n\t<meta name=\"twitter:label2\" content=\"Temps estimat de lectura\" \/>\n\t<meta name=\"twitter:data2\" content=\"1 minut\" \/>\n<script type=\"application\/ld+json\" class=\"yoast-schema-graph\">{\"@context\":\"https:\/\/schema.org\",\"@graph\":[{\"@type\":[\"Article\",\"BlogPosting\"],\"@id\":\"https:\/\/www.psib-psoe.org\/eivissa\/la-fse-psoe-manifiesta-publicamente-su-apoyo-a-la-exconcejala-aida-alcaraz\/#article\",\"isPartOf\":{\"@id\":\"https:\/\/www.psib-psoe.org\/eivissa\/la-fse-psoe-manifiesta-publicamente-su-apoyo-a-la-exconcejala-aida-alcaraz\/\"},\"author\":{\"name\":\"Azahara\",\"@id\":\"https:\/\/www.psib-psoe.org\/eivissa\/#\/schema\/person\/68066b276b53995e2bd8dac00f0bc415\"},\"headline\":\"La FSE-PSOE manifiesta p\u00fablicamente su apoyo a la exconcejala A\u00edda Alcaraz\",\"datePublished\":\"2021-05-28T11:02:48+00:00\",\"mainEntityOfPage\":{\"@id\":\"https:\/\/www.psib-psoe.org\/eivissa\/la-fse-psoe-manifiesta-publicamente-su-apoyo-a-la-exconcejala-aida-alcaraz\/\"},\"wordCount\":223,\"publisher\":{\"@id\":\"https:\/\/www.psib-psoe.org\/eivissa\/#organization\"},\"image\":{\"@id\":\"https:\/\/www.psib-psoe.org\/eivissa\/la-fse-psoe-manifiesta-publicamente-su-apoyo-a-la-exconcejala-aida-alcaraz\/#primaryimage\"},\"thumbnailUrl\":\"https:\/\/www.psib-psoe.org\/eivissa\/wp-content\/uploads\/11406649_861756280539769_2664197996458139501_n-e1622205862514.jpeg\",\"articleSection\":[\"FSE-PSOE\"],\"inLanguage\":\"ca\"},{\"@type\":\"WebPage\",\"@id\":\"https:\/\/www.psib-psoe.org\/eivissa\/la-fse-psoe-manifiesta-publicamente-su-apoyo-a-la-exconcejala-aida-alcaraz\/\",\"url\":\"https:\/\/www.psib-psoe.org\/eivissa\/la-fse-psoe-manifiesta-publicamente-su-apoyo-a-la-exconcejala-aida-alcaraz\/\",\"name\":\"La FSE-PSOE manifiesta p\u00fablicamente su apoyo a la exconcejala A\u00edda Alcaraz - Federaci\u00f3 Socialista d&#039;Eivissa\",\"isPartOf\":{\"@id\":\"https:\/\/www.psib-psoe.org\/eivissa\/#website\"},\"primaryImageOfPage\":{\"@id\":\"https:\/\/www.psib-psoe.org\/eivissa\/la-fse-psoe-manifiesta-publicamente-su-apoyo-a-la-exconcejala-aida-alcaraz\/#primaryimage\"},\"image\":{\"@id\":\"https:\/\/www.psib-psoe.org\/eivissa\/la-fse-psoe-manifiesta-publicamente-su-apoyo-a-la-exconcejala-aida-alcaraz\/#primaryimage\"},\"thumbnailUrl\":\"https:\/\/www.psib-psoe.org\/eivissa\/wp-content\/uploads\/11406649_861756280539769_2664197996458139501_n-e1622205862514.jpeg\",\"datePublished\":\"2021-05-28T11:02:48+00:00\",\"breadcrumb\":{\"@id\":\"https:\/\/www.psib-psoe.org\/eivissa\/la-fse-psoe-manifiesta-publicamente-su-apoyo-a-la-exconcejala-aida-alcaraz\/#breadcrumb\"},\"inLanguage\":\"ca\",\"potentialAction\":[{\"@type\":\"ReadAction\",\"target\":[\"https:\/\/www.psib-psoe.org\/eivissa\/la-fse-psoe-manifiesta-publicamente-su-apoyo-a-la-exconcejala-aida-alcaraz\/\"]}]},{\"@type\":\"ImageObject\",\"inLanguage\":\"ca\",\"@id\":\"https:\/\/www.psib-psoe.org\/eivissa\/la-fse-psoe-manifiesta-publicamente-su-apoyo-a-la-exconcejala-aida-alcaraz\/#primaryimage\",\"url\":\"https:\/\/www.psib-psoe.org\/eivissa\/wp-content\/uploads\/11406649_861756280539769_2664197996458139501_n-e1622205862514.jpeg\",\"contentUrl\":\"https:\/\/www.psib-psoe.org\/eivissa\/wp-content\/uploads\/11406649_861756280539769_2664197996458139501_n-e1622205862514.jpeg\",\"width\":585,\"height\":960},{\"@type\":\"BreadcrumbList\",\"@id\":\"https:\/\/www.psib-psoe.org\/eivissa\/la-fse-psoe-manifiesta-publicamente-su-apoyo-a-la-exconcejala-aida-alcaraz\/#breadcrumb\",\"itemListElement\":[{\"@type\":\"ListItem\",\"position\":1,\"name\":\"Inici\",\"item\":\"https:\/\/www.psib-psoe.org\/eivissa\/\"},{\"@type\":\"ListItem\",\"position\":2,\"name\":\"La FSE-PSOE manifiesta p\u00fablicamente su apoyo a la exconcejala A\u00edda Alcaraz\"}]},{\"@type\":\"WebSite\",\"@id\":\"https:\/\/www.psib-psoe.org\/eivissa\/#website\",\"url\":\"https:\/\/www.psib-psoe.org\/eivissa\/\",\"name\":\"Federaci\u00f3 Socialista d'Eivissa\",\"description\":\"Socialistes d&#039;Eivissa\",\"publisher\":{\"@id\":\"https:\/\/www.psib-psoe.org\/eivissa\/#organization\"},\"potentialAction\":[{\"@type\":\"SearchAction\",\"target\":{\"@type\":\"EntryPoint\",\"urlTemplate\":\"https:\/\/www.psib-psoe.org\/eivissa\/?s={search_term_string}\"},\"query-input\":{\"@type\":\"PropertyValueSpecification\",\"valueRequired\":true,\"valueName\":\"search_term_string\"}}],\"inLanguage\":\"ca\"},{\"@type\":\"Organization\",\"@id\":\"https:\/\/www.psib-psoe.org\/eivissa\/#organization\",\"name\":\"Federaci\u00f3 Socialista d'Eivissa\",\"url\":\"https:\/\/www.psib-psoe.org\/eivissa\/\",\"logo\":{\"@type\":\"ImageObject\",\"inLanguage\":\"ca\",\"@id\":\"https:\/\/www.psib-psoe.org\/eivissa\/#\/schema\/logo\/image\/\",\"url\":\"https:\/\/www.psib-psoe.org\/eivissa\/wp-content\/uploads\/LOGO-FSE-SOCIALISTA-DEIVISSA-HORI.png\",\"contentUrl\":\"https:\/\/www.psib-psoe.org\/eivissa\/wp-content\/uploads\/LOGO-FSE-SOCIALISTA-DEIVISSA-HORI.png\",\"width\":6000,\"height\":3104,\"caption\":\"Federaci\u00f3 Socialista d'Eivissa\"},\"image\":{\"@id\":\"https:\/\/www.psib-psoe.org\/eivissa\/#\/schema\/logo\/image\/\"}},{\"@type\":\"Person\",\"@id\":\"https:\/\/www.psib-psoe.org\/eivissa\/#\/schema\/person\/68066b276b53995e2bd8dac00f0bc415\",\"name\":\"Azahara\",\"url\":\"https:\/\/www.psib-psoe.org\/eivissa\/author\/azahara\/\"}]}<\/script>\n<!-- \/ Yoast SEO plugin. -->","yoast_head_json":{"title":"La FSE-PSOE manifiesta p\u00fablicamente su apoyo a la exconcejala A\u00edda Alcaraz - Federaci\u00f3 Socialista d&#039;Eivissa","robots":{"index":"index","follow":"follow","max-snippet":"max-snippet:-1","max-image-preview":"max-image-preview:large","max-video-preview":"max-video-preview:-1"},"canonical":"https:\/\/www.psib-psoe.org\/eivissa\/la-fse-psoe-manifiesta-publicamente-su-apoyo-a-la-exconcejala-aida-alcaraz\/","og_locale":"ca_ES","og_type":"article","og_title":"La FSE-PSOE manifiesta p\u00fablicamente su apoyo a la exconcejala A\u00edda Alcaraz - Federaci\u00f3 Socialista d&#039;Eivissa","og_description":"La Federaci\u00f3n Socialista de Ibiza (FSE-PSOE) quiere manifestar p\u00fablicamente su apoyo a la exconcejal de San Antonio A\u00edda Alcaraz, en el proceso judicial que ha comenzado hoy por las injustas acusaciones realizadas contra su persona por parte del ex jefe de la Polic\u00eda Local. Desde la FSE queremos remarcar la integridad y la honestidad intachable&hellip;","og_url":"https:\/\/www.psib-psoe.org\/eivissa\/la-fse-psoe-manifiesta-publicamente-su-apoyo-a-la-exconcejala-aida-alcaraz\/","og_site_name":"Federaci\u00f3 Socialista d&#039;Eivissa","article_published_time":"2021-05-28T11:02:48+00:00","og_image":[{"width":585,"height":960,"url":"https:\/\/www.psib-psoe.org\/eivissa\/wp-content\/uploads\/11406649_861756280539769_2664197996458139501_n-e1622205862514.jpeg","type":"image\/jpeg"}],"author":"Azahara","twitter_card":"summary_large_image","twitter_misc":{"Escrit per":"Azahara","Temps estimat de lectura":"1 minut"},"schema":{"@context":"https:\/\/schema.org","@graph":[{"@type":["Article","BlogPosting"],"@id":"https:\/\/www.psib-psoe.org\/eivissa\/la-fse-psoe-manifiesta-publicamente-su-apoyo-a-la-exconcejala-aida-alcaraz\/#article","isPartOf":{"@id":"https:\/\/www.psib-psoe.org\/eivissa\/la-fse-psoe-manifiesta-publicamente-su-apoyo-a-la-exconcejala-aida-alcaraz\/"},"author":{"name":"Azahara","@id":"https:\/\/www.psib-psoe.org\/eivissa\/#\/schema\/person\/68066b276b53995e2bd8dac00f0bc415"},"headline":"La FSE-PSOE manifiesta p\u00fablicamente su apoyo a la exconcejala A\u00edda Alcaraz","datePublished":"2021-05-28T11:02:48+00:00","mainEntityOfPage":{"@id":"https:\/\/www.psib-psoe.org\/eivissa\/la-fse-psoe-manifiesta-publicamente-su-apoyo-a-la-exconcejala-aida-alcaraz\/"},"wordCount":223,"publisher":{"@id":"https:\/\/www.psib-psoe.org\/eivissa\/#organization"},"image":{"@id":"https:\/\/www.psib-psoe.org\/eivissa\/la-fse-psoe-manifiesta-publicamente-su-apoyo-a-la-exconcejala-aida-alcaraz\/#primaryimage"},"thumbnailUrl":"https:\/\/www.psib-psoe.org\/eivissa\/wp-content\/uploads\/11406649_861756280539769_2664197996458139501_n-e1622205862514.jpeg","articleSection":["FSE-PSOE"],"inLanguage":"ca"},{"@type":"WebPage","@id":"https:\/\/www.psib-psoe.org\/eivissa\/la-fse-psoe-manifiesta-publicamente-su-apoyo-a-la-exconcejala-aida-alcaraz\/","url":"https:\/\/www.psib-psoe.org\/eivissa\/la-fse-psoe-manifiesta-publicamente-su-apoyo-a-la-exconcejala-aida-alcaraz\/","name":"La FSE-PSOE manifiesta p\u00fablicamente su apoyo a la exconcejala A\u00edda Alcaraz - Federaci\u00f3 Socialista d&#039;Eivissa","isPartOf":{"@id":"https:\/\/www.psib-psoe.org\/eivissa\/#website"},"primaryImageOfPage":{"@id":"https:\/\/www.psib-psoe.org\/eivissa\/la-fse-psoe-manifiesta-publicamente-su-apoyo-a-la-exconcejala-aida-alcaraz\/#primaryimage"},"image":{"@id":"https:\/\/www.psib-psoe.org\/eivissa\/la-fse-psoe-manifiesta-publicamente-su-apoyo-a-la-exconcejala-aida-alcaraz\/#primaryimage"},"thumbnailUrl":"https:\/\/www.psib-psoe.org\/eivissa\/wp-content\/uploads\/11406649_861756280539769_2664197996458139501_n-e1622205862514.jpeg","datePublished":"2021-05-28T11:02:48+00:00","breadcrumb":{"@id":"https:\/\/www.psib-psoe.org\/eivissa\/la-fse-psoe-manifiesta-publicamente-su-apoyo-a-la-exconcejala-aida-alcaraz\/#breadcrumb"},"inLanguage":"ca","potentialAction":[{"@type":"ReadAction","target":["https:\/\/www.psib-psoe.org\/eivissa\/la-fse-psoe-manifiesta-publicamente-su-apoyo-a-la-exconcejala-aida-alcaraz\/"]}]},{"@type":"ImageObject","inLanguage":"ca","@id":"https:\/\/www.psib-psoe.org\/eivissa\/la-fse-psoe-manifiesta-publicamente-su-apoyo-a-la-exconcejala-aida-alcaraz\/#primaryimage","url":"https:\/\/www.psib-psoe.org\/eivissa\/wp-content\/uploads\/11406649_861756280539769_2664197996458139501_n-e1622205862514.jpeg","contentUrl":"https:\/\/www.psib-psoe.org\/eivissa\/wp-content\/uploads\/11406649_861756280539769_2664197996458139501_n-e1622205862514.jpeg","width":585,"height":960},{"@type":"BreadcrumbList","@id":"https:\/\/www.psib-psoe.org\/eivissa\/la-fse-psoe-manifiesta-publicamente-su-apoyo-a-la-exconcejala-aida-alcaraz\/#breadcrumb","itemListElement":[{"@type":"ListItem","position":1,"name":"Inici","item":"https:\/\/www.psib-psoe.org\/eivissa\/"},{"@type":"ListItem","position":2,"name":"La FSE-PSOE manifiesta p\u00fablicamente su apoyo a la exconcejala A\u00edda Alcaraz"}]},{"@type":"WebSite","@id":"https:\/\/www.psib-psoe.org\/eivissa\/#website","url":"https:\/\/www.psib-psoe.org\/eivissa\/","name":"Federaci\u00f3 Socialista d'Eivissa","description":"Socialistes d&#039;Eivissa","publisher":{"@id":"https:\/\/www.psib-psoe.org\/eivissa\/#organization"},"potentialAction":[{"@type":"SearchAction","target":{"@type":"EntryPoint","urlTemplate":"https:\/\/www.psib-psoe.org\/eivissa\/?s={search_term_string}"},"query-input":{"@type":"PropertyValueSpecification","valueRequired":true,"valueName":"search_term_string"}}],"inLanguage":"ca"},{"@type":"Organization","@id":"https:\/\/www.psib-psoe.org\/eivissa\/#organization","name":"Federaci\u00f3 Socialista d'Eivissa","url":"https:\/\/www.psib-psoe.org\/eivissa\/","logo":{"@type":"ImageObject","inLanguage":"ca","@id":"https:\/\/www.psib-psoe.org\/eivissa\/#\/schema\/logo\/image\/","url":"https:\/\/www.psib-psoe.org\/eivissa\/wp-content\/uploads\/LOGO-FSE-SOCIALISTA-DEIVISSA-HORI.png","contentUrl":"https:\/\/www.psib-psoe.org\/eivissa\/wp-content\/uploads\/LOGO-FSE-SOCIALISTA-DEIVISSA-HORI.png","width":6000,"height":3104,"caption":"Federaci\u00f3 Socialista d'Eivissa"},"image":{"@id":"https:\/\/www.psib-psoe.org\/eivissa\/#\/schema\/logo\/image\/"}},{"@type":"Person","@id":"https:\/\/www.psib-psoe.org\/eivissa\/#\/schema\/person\/68066b276b53995e2bd8dac00f0bc415","name":"Azahara","url":"https:\/\/www.psib-psoe.org\/eivissa\/author\/azahara\/"}]}},"_links":{"self":[{"href":"https:\/\/www.psib-psoe.org\/eivissa\/wp-json\/wp\/v2\/posts\/33484","targetHints":{"allow":["GET"]}}],"collection":[{"href":"https:\/\/www.psib-psoe.org\/eivissa\/wp-json\/wp\/v2\/posts"}],"about":[{"href":"https:\/\/www.psib-psoe.org\/eivissa\/wp-json\/wp\/v2\/types\/post"}],"author":[{"embeddable":true,"href":"https:\/\/www.psib-psoe.org\/eivissa\/wp-json\/wp\/v2\/users\/12"}],"replies":[{"embeddable":true,"href":"https:\/\/www.psib-psoe.org\/eivissa\/wp-json\/wp\/v2\/comments?post=33484"}],"version-history":[{"count":1,"href":"https:\/\/www.psib-psoe.org\/eivissa\/wp-json\/wp\/v2\/posts\/33484\/revisions"}],"predecessor-version":[{"id":33485,"href":"https:\/\/www.psib-psoe.org\/eivissa\/wp-json\/wp\/v2\/posts\/33484\/revisions\/33485"}],"wp:featuredmedia":[{"embeddable":true,"href":"https:\/\/www.psib-psoe.org\/eivissa\/wp-json\/wp\/v2\/media\/33482"}],"wp:attachment":[{"href":"https:\/\/www.psib-psoe.org\/eivissa\/wp-json\/wp\/v2\/media?parent=33484"}],"wp:term":[{"taxonomy":"category","embeddable":true,"href":"https:\/\/www.psib-psoe.org\/eivissa\/wp-json\/wp\/v2\/categories?post=33484"},{"taxonomy":"post_tag","embeddable":true,"href":"https:\/\/www.psib-psoe.org\/eivissa\/wp-json\/wp\/v2\/tags?post=33484"}],"curies":[{"name":"wp","href":"https:\/\/api.w.org\/{rel}","templated":true}]}}