{"id":33546,"date":"2021-06-16T13:09:54","date_gmt":"2021-06-16T11:09:54","guid":{"rendered":"https:\/\/www.psib-psoe.org\/eivissa\/?p=33546"},"modified":"2021-06-18T14:24:45","modified_gmt":"2021-06-18T12:24:45","slug":"el-grup-psoe-denunciara-vicent-mari-per-la-utilitzacio-fraudulenta-de-la-publicitat-institucional-del-consell-insular","status":"publish","type":"post","link":"https:\/\/www.psib-psoe.org\/eivissa\/el-grup-psoe-denunciara-vicent-mari-per-la-utilitzacio-fraudulenta-de-la-publicitat-institucional-del-consell-insular\/","title":{"rendered":"El grup PSOE denunciar\u00e0 Vicent Mar\u00ed per la utilitzaci\u00f3 fraudulenta de la publicitat institucional del Consell Insular"},"content":{"rendered":"<p>El grup PSOE exigeix a Vicent Mar\u00ed que es disculpi p\u00fablicament per la utilitzaci\u00f3 partidista i fraudulenta de la publicitat institucional del Consell Insular d&#8217;Eivissa, que el passat diumenge es va utilitzar per criticar l&#8217;Ajuntament de Sant Josep de sa Talaia amb un anunci a tota p\u00e0gina publicat en els dos diaris de l&#8217;illa.<\/p>\n<p>Aquest \u00fas fraudulent de la publicitat institucional est\u00e0 expressament prohibit per la Llei de Publicitat de les Illes Balears, com estableix en l&#8217;article 4.2: &#8220;Es prohibeix la publicitat institucional que: (&#8230;) d) &#8220;Menyscabi, obstaculitzi, pertorbi o q\u00fcestioni, de forma manifesta o impl\u00edcita, les pol\u00edtiques p\u00fabliques o qualsevol actuaci\u00f3 que leg\u00edtimament hagi dut a terme un altre poder p\u00fablic en l&#8217;exercici de les seves compet\u00e8ncies&#8221;.<\/p>\n<p>La Llei 13\/2010, 9 de desembre, de publicitat institucional de les Illes Balears, regula els aspectes b\u00e0sics de la publicitat que duen a terme les institucions, entre elles els consells insulars, i quines activitats de comunicaci\u00f3 p\u00fablica en queden excloses, aix\u00ed com els objectius de la publicitat i les prohibicions a qu\u00e8 est\u00e0 sotmesa.<\/p>\n<p>La publicaci\u00f3 per part del Consell Insular d&#8217;un anunci en el qual obertament es critica l&#8217;Ajuntament de Sant Josep \u00e9s, per tant, una presumpta il\u00b7legalitat, que el PSOE denunciar\u00e0 en les inst\u00e0ncies que corresponguin.<\/p>\n<p>Exigim a Vicent Mar\u00ed que rectifiqui i que es disculpi p\u00fablicament davant del conjunt de la ciutadania i, especialment, dels vesins i de les vesines de Sant Josep de sa Talaia, a qui el PP ha intentat manipular en contra de l&#8217;ajuntament amb publicitat pagada amb sous p\u00fablics.<\/p>\n<p>El grup PSOE tamb\u00e9 exigir\u00e0 que s&#8217;aclareixi qui o quines persones varen encarregar l&#8217;anunci, qui o quines persones el varen elaborar, i qui o quines persones li varen donar la conformitat per a la seua publicaci\u00f3, per tal que es depurin responsabilitats.<\/p>\n<p>Tamb\u00e9 es demanar\u00e0 quin ha estat el cost econ\u00f2mic dels anuncis publicats en diumenge a tota plana en els dos diaris impresos i que el Partit Popular retorni a les arques p\u00fabliques els sous que hagin costat.<\/p>\n<p>Lamentablement, no \u00e9s la primera vegada que el Consell Insular de Vicent Mar\u00ed utilitza els recursos i mitjans p\u00fablics en favor del Partit Popular, com ja ha passat anteriorment amb les cr\u00edtiques contra el PSOE publicades a la web institucional i a les xarxes socials de la instituci\u00f3 el passat 10 de novembre, o altres abusos com la contractaci\u00f3 d&#8217;accions publicit\u00e0ries al marge de la legalitat amb l&#8217;excusa de la crisi de la Covid-19, com va denunciar la Intervenci\u00f3 General del mateix Consell Insular.<\/p>\n","protected":false},"excerpt":{"rendered":"<p>El grup PSOE exigeix a Vicent Mar\u00ed que es disculpi p\u00fablicament per la utilitzaci\u00f3 partidista i fraudulenta de la publicitat institucional del Consell Insular d&#8217;Eivissa, que el passat diumenge es va utilitzar per criticar l&#8217;Ajuntament de Sant Josep de sa Talaia amb un anunci a tota p\u00e0gina publicat en els dos diaris de l&#8217;illa. Aquest&hellip;<\/p>\n","protected":false},"author":7,"featured_media":33547,"comment_status":"closed","ping_status":"closed","sticky":false,"template":"","format":"standard","meta":{"footnotes":""},"categories":[192,1,234,187],"tags":[],"class_list":["post-33546","post","type-post","status-publish","format-standard","has-post-thumbnail","hentry","category-consell-deivissa","category-federacio-de-eivissa-portada","category-municipis","category-sant-josep-de-sa-talaia"],"yoast_head":"<!-- This site is optimized with the Yoast SEO plugin v26.9 - https:\/\/yoast.com\/product\/yoast-seo-wordpress\/ -->\n<title>El grup PSOE denunciar\u00e0 Vicent Mar\u00ed per la utilitzaci\u00f3 fraudulenta de la publicitat institucional del Consell Insular - Federaci\u00f3 Socialista d&#039;Eivissa<\/title>\n<meta name=\"robots\" content=\"index, follow, max-snippet:-1, max-image-preview:large, max-video-preview:-1\" \/>\n<link rel=\"canonical\" href=\"https:\/\/www.psib-psoe.org\/eivissa\/el-grup-psoe-denunciara-vicent-mari-per-la-utilitzacio-fraudulenta-de-la-publicitat-institucional-del-consell-insular\/\" \/>\n<meta property=\"og:locale\" content=\"ca_ES\" \/>\n<meta property=\"og:type\" content=\"article\" \/>\n<meta property=\"og:title\" content=\"El grup PSOE denunciar\u00e0 Vicent Mar\u00ed per la utilitzaci\u00f3 fraudulenta de la publicitat institucional del Consell Insular - Federaci\u00f3 Socialista d&#039;Eivissa\" \/>\n<meta property=\"og:description\" content=\"El grup PSOE exigeix a Vicent Mar\u00ed que es disculpi p\u00fablicament per la utilitzaci\u00f3 partidista i fraudulenta de la publicitat institucional del Consell Insular d&#8217;Eivissa, que el passat diumenge es va utilitzar per criticar l&#8217;Ajuntament de Sant Josep de sa Talaia amb un anunci a tota p\u00e0gina publicat en els dos diaris de l&#8217;illa. Aquest&hellip;\" \/>\n<meta property=\"og:url\" content=\"https:\/\/www.psib-psoe.org\/eivissa\/el-grup-psoe-denunciara-vicent-mari-per-la-utilitzacio-fraudulenta-de-la-publicitat-institucional-del-consell-insular\/\" \/>\n<meta property=\"og:site_name\" content=\"Federaci\u00f3 Socialista d&#039;Eivissa\" \/>\n<meta property=\"article:published_time\" content=\"2021-06-16T11:09:54+00:00\" \/>\n<meta property=\"article:modified_time\" content=\"2021-06-18T12:24:45+00:00\" \/>\n<meta property=\"og:image\" content=\"https:\/\/www.psib-psoe.org\/eivissa\/wp-content\/uploads\/anunci-majors.png\" \/>\n\t<meta property=\"og:image:width\" content=\"544\" \/>\n\t<meta property=\"og:image:height\" content=\"343\" \/>\n\t<meta property=\"og:image:type\" content=\"image\/png\" \/>\n<meta name=\"author\" content=\"Josep Ripoll\" \/>\n<meta name=\"twitter:card\" content=\"summary_large_image\" \/>\n<meta name=\"twitter:label1\" content=\"Escrit per\" \/>\n\t<meta name=\"twitter:data1\" content=\"Josep Ripoll\" \/>\n\t<meta name=\"twitter:label2\" content=\"Temps estimat de lectura\" \/>\n\t<meta name=\"twitter:data2\" content=\"2 minuts\" \/>\n<script type=\"application\/ld+json\" class=\"yoast-schema-graph\">{\"@context\":\"https:\/\/schema.org\",\"@graph\":[{\"@type\":[\"Article\",\"BlogPosting\"],\"@id\":\"https:\/\/www.psib-psoe.org\/eivissa\/el-grup-psoe-denunciara-vicent-mari-per-la-utilitzacio-fraudulenta-de-la-publicitat-institucional-del-consell-insular\/#article\",\"isPartOf\":{\"@id\":\"https:\/\/www.psib-psoe.org\/eivissa\/el-grup-psoe-denunciara-vicent-mari-per-la-utilitzacio-fraudulenta-de-la-publicitat-institucional-del-consell-insular\/\"},\"author\":{\"name\":\"Josep Ripoll\",\"@id\":\"https:\/\/www.psib-psoe.org\/eivissa\/#\/schema\/person\/7a9d2841fb36f32e34fc0e9b245e8117\"},\"headline\":\"El grup PSOE denunciar\u00e0 Vicent Mar\u00ed per la utilitzaci\u00f3 fraudulenta de la publicitat institucional del Consell Insular\",\"datePublished\":\"2021-06-16T11:09:54+00:00\",\"dateModified\":\"2021-06-18T12:24:45+00:00\",\"mainEntityOfPage\":{\"@id\":\"https:\/\/www.psib-psoe.org\/eivissa\/el-grup-psoe-denunciara-vicent-mari-per-la-utilitzacio-fraudulenta-de-la-publicitat-institucional-del-consell-insular\/\"},\"wordCount\":449,\"publisher\":{\"@id\":\"https:\/\/www.psib-psoe.org\/eivissa\/#organization\"},\"image\":{\"@id\":\"https:\/\/www.psib-psoe.org\/eivissa\/el-grup-psoe-denunciara-vicent-mari-per-la-utilitzacio-fraudulenta-de-la-publicitat-institucional-del-consell-insular\/#primaryimage\"},\"thumbnailUrl\":\"https:\/\/www.psib-psoe.org\/eivissa\/wp-content\/uploads\/anunci-majors.png\",\"articleSection\":[\"Consell d'Eivissa\",\"Federaci\u00f3 d'Eivissa - Portada\",\"Municipis\",\"Sant Josep de sa Talaia\"],\"inLanguage\":\"ca\"},{\"@type\":\"WebPage\",\"@id\":\"https:\/\/www.psib-psoe.org\/eivissa\/el-grup-psoe-denunciara-vicent-mari-per-la-utilitzacio-fraudulenta-de-la-publicitat-institucional-del-consell-insular\/\",\"url\":\"https:\/\/www.psib-psoe.org\/eivissa\/el-grup-psoe-denunciara-vicent-mari-per-la-utilitzacio-fraudulenta-de-la-publicitat-institucional-del-consell-insular\/\",\"name\":\"El grup PSOE denunciar\u00e0 Vicent Mar\u00ed per la utilitzaci\u00f3 fraudulenta de la publicitat institucional del Consell Insular - Federaci\u00f3 Socialista d&#039;Eivissa\",\"isPartOf\":{\"@id\":\"https:\/\/www.psib-psoe.org\/eivissa\/#website\"},\"primaryImageOfPage\":{\"@id\":\"https:\/\/www.psib-psoe.org\/eivissa\/el-grup-psoe-denunciara-vicent-mari-per-la-utilitzacio-fraudulenta-de-la-publicitat-institucional-del-consell-insular\/#primaryimage\"},\"image\":{\"@id\":\"https:\/\/www.psib-psoe.org\/eivissa\/el-grup-psoe-denunciara-vicent-mari-per-la-utilitzacio-fraudulenta-de-la-publicitat-institucional-del-consell-insular\/#primaryimage\"},\"thumbnailUrl\":\"https:\/\/www.psib-psoe.org\/eivissa\/wp-content\/uploads\/anunci-majors.png\",\"datePublished\":\"2021-06-16T11:09:54+00:00\",\"dateModified\":\"2021-06-18T12:24:45+00:00\",\"breadcrumb\":{\"@id\":\"https:\/\/www.psib-psoe.org\/eivissa\/el-grup-psoe-denunciara-vicent-mari-per-la-utilitzacio-fraudulenta-de-la-publicitat-institucional-del-consell-insular\/#breadcrumb\"},\"inLanguage\":\"ca\",\"potentialAction\":[{\"@type\":\"ReadAction\",\"target\":[\"https:\/\/www.psib-psoe.org\/eivissa\/el-grup-psoe-denunciara-vicent-mari-per-la-utilitzacio-fraudulenta-de-la-publicitat-institucional-del-consell-insular\/\"]}]},{\"@type\":\"ImageObject\",\"inLanguage\":\"ca\",\"@id\":\"https:\/\/www.psib-psoe.org\/eivissa\/el-grup-psoe-denunciara-vicent-mari-per-la-utilitzacio-fraudulenta-de-la-publicitat-institucional-del-consell-insular\/#primaryimage\",\"url\":\"https:\/\/www.psib-psoe.org\/eivissa\/wp-content\/uploads\/anunci-majors.png\",\"contentUrl\":\"https:\/\/www.psib-psoe.org\/eivissa\/wp-content\/uploads\/anunci-majors.png\",\"width\":544,\"height\":343},{\"@type\":\"BreadcrumbList\",\"@id\":\"https:\/\/www.psib-psoe.org\/eivissa\/el-grup-psoe-denunciara-vicent-mari-per-la-utilitzacio-fraudulenta-de-la-publicitat-institucional-del-consell-insular\/#breadcrumb\",\"itemListElement\":[{\"@type\":\"ListItem\",\"position\":1,\"name\":\"Inici\",\"item\":\"https:\/\/www.psib-psoe.org\/eivissa\/\"},{\"@type\":\"ListItem\",\"position\":2,\"name\":\"El grup PSOE denunciar\u00e0 Vicent Mar\u00ed per la utilitzaci\u00f3 fraudulenta de la publicitat institucional del Consell Insular\"}]},{\"@type\":\"WebSite\",\"@id\":\"https:\/\/www.psib-psoe.org\/eivissa\/#website\",\"url\":\"https:\/\/www.psib-psoe.org\/eivissa\/\",\"name\":\"Federaci\u00f3 Socialista d'Eivissa\",\"description\":\"Socialistes d&#039;Eivissa\",\"publisher\":{\"@id\":\"https:\/\/www.psib-psoe.org\/eivissa\/#organization\"},\"potentialAction\":[{\"@type\":\"SearchAction\",\"target\":{\"@type\":\"EntryPoint\",\"urlTemplate\":\"https:\/\/www.psib-psoe.org\/eivissa\/?s={search_term_string}\"},\"query-input\":{\"@type\":\"PropertyValueSpecification\",\"valueRequired\":true,\"valueName\":\"search_term_string\"}}],\"inLanguage\":\"ca\"},{\"@type\":\"Organization\",\"@id\":\"https:\/\/www.psib-psoe.org\/eivissa\/#organization\",\"name\":\"Federaci\u00f3 Socialista d'Eivissa\",\"url\":\"https:\/\/www.psib-psoe.org\/eivissa\/\",\"logo\":{\"@type\":\"ImageObject\",\"inLanguage\":\"ca\",\"@id\":\"https:\/\/www.psib-psoe.org\/eivissa\/#\/schema\/logo\/image\/\",\"url\":\"https:\/\/www.psib-psoe.org\/eivissa\/wp-content\/uploads\/LOGO-FSE-SOCIALISTA-DEIVISSA-HORI.png\",\"contentUrl\":\"https:\/\/www.psib-psoe.org\/eivissa\/wp-content\/uploads\/LOGO-FSE-SOCIALISTA-DEIVISSA-HORI.png\",\"width\":6000,\"height\":3104,\"caption\":\"Federaci\u00f3 Socialista d'Eivissa\"},\"image\":{\"@id\":\"https:\/\/www.psib-psoe.org\/eivissa\/#\/schema\/logo\/image\/\"}},{\"@type\":\"Person\",\"@id\":\"https:\/\/www.psib-psoe.org\/eivissa\/#\/schema\/person\/7a9d2841fb36f32e34fc0e9b245e8117\",\"name\":\"Josep Ripoll\",\"sameAs\":[\"http:\/\/www.psib-psoe.org\/eivissa\/wp-login.php\"],\"url\":\"https:\/\/www.psib-psoe.org\/eivissa\/author\/josep\/\"}]}<\/script>\n<!-- \/ Yoast SEO plugin. -->","yoast_head_json":{"title":"El grup PSOE denunciar\u00e0 Vicent Mar\u00ed per la utilitzaci\u00f3 fraudulenta de la publicitat institucional del Consell Insular - Federaci\u00f3 Socialista d&#039;Eivissa","robots":{"index":"index","follow":"follow","max-snippet":"max-snippet:-1","max-image-preview":"max-image-preview:large","max-video-preview":"max-video-preview:-1"},"canonical":"https:\/\/www.psib-psoe.org\/eivissa\/el-grup-psoe-denunciara-vicent-mari-per-la-utilitzacio-fraudulenta-de-la-publicitat-institucional-del-consell-insular\/","og_locale":"ca_ES","og_type":"article","og_title":"El grup PSOE denunciar\u00e0 Vicent Mar\u00ed per la utilitzaci\u00f3 fraudulenta de la publicitat institucional del Consell Insular - Federaci\u00f3 Socialista d&#039;Eivissa","og_description":"El grup PSOE exigeix a Vicent Mar\u00ed que es disculpi p\u00fablicament per la utilitzaci\u00f3 partidista i fraudulenta de la publicitat institucional del Consell Insular d&#8217;Eivissa, que el passat diumenge es va utilitzar per criticar l&#8217;Ajuntament de Sant Josep de sa Talaia amb un anunci a tota p\u00e0gina publicat en els dos diaris de l&#8217;illa. Aquest&hellip;","og_url":"https:\/\/www.psib-psoe.org\/eivissa\/el-grup-psoe-denunciara-vicent-mari-per-la-utilitzacio-fraudulenta-de-la-publicitat-institucional-del-consell-insular\/","og_site_name":"Federaci\u00f3 Socialista d&#039;Eivissa","article_published_time":"2021-06-16T11:09:54+00:00","article_modified_time":"2021-06-18T12:24:45+00:00","og_image":[{"width":544,"height":343,"url":"https:\/\/www.psib-psoe.org\/eivissa\/wp-content\/uploads\/anunci-majors.png","type":"image\/png"}],"author":"Josep Ripoll","twitter_card":"summary_large_image","twitter_misc":{"Escrit per":"Josep Ripoll","Temps estimat de lectura":"2 minuts"},"schema":{"@context":"https:\/\/schema.org","@graph":[{"@type":["Article","BlogPosting"],"@id":"https:\/\/www.psib-psoe.org\/eivissa\/el-grup-psoe-denunciara-vicent-mari-per-la-utilitzacio-fraudulenta-de-la-publicitat-institucional-del-consell-insular\/#article","isPartOf":{"@id":"https:\/\/www.psib-psoe.org\/eivissa\/el-grup-psoe-denunciara-vicent-mari-per-la-utilitzacio-fraudulenta-de-la-publicitat-institucional-del-consell-insular\/"},"author":{"name":"Josep Ripoll","@id":"https:\/\/www.psib-psoe.org\/eivissa\/#\/schema\/person\/7a9d2841fb36f32e34fc0e9b245e8117"},"headline":"El grup PSOE denunciar\u00e0 Vicent Mar\u00ed per la utilitzaci\u00f3 fraudulenta de la publicitat institucional del Consell Insular","datePublished":"2021-06-16T11:09:54+00:00","dateModified":"2021-06-18T12:24:45+00:00","mainEntityOfPage":{"@id":"https:\/\/www.psib-psoe.org\/eivissa\/el-grup-psoe-denunciara-vicent-mari-per-la-utilitzacio-fraudulenta-de-la-publicitat-institucional-del-consell-insular\/"},"wordCount":449,"publisher":{"@id":"https:\/\/www.psib-psoe.org\/eivissa\/#organization"},"image":{"@id":"https:\/\/www.psib-psoe.org\/eivissa\/el-grup-psoe-denunciara-vicent-mari-per-la-utilitzacio-fraudulenta-de-la-publicitat-institucional-del-consell-insular\/#primaryimage"},"thumbnailUrl":"https:\/\/www.psib-psoe.org\/eivissa\/wp-content\/uploads\/anunci-majors.png","articleSection":["Consell d'Eivissa","Federaci\u00f3 d'Eivissa - Portada","Municipis","Sant Josep de sa Talaia"],"inLanguage":"ca"},{"@type":"WebPage","@id":"https:\/\/www.psib-psoe.org\/eivissa\/el-grup-psoe-denunciara-vicent-mari-per-la-utilitzacio-fraudulenta-de-la-publicitat-institucional-del-consell-insular\/","url":"https:\/\/www.psib-psoe.org\/eivissa\/el-grup-psoe-denunciara-vicent-mari-per-la-utilitzacio-fraudulenta-de-la-publicitat-institucional-del-consell-insular\/","name":"El grup PSOE denunciar\u00e0 Vicent Mar\u00ed per la utilitzaci\u00f3 fraudulenta de la publicitat institucional del Consell Insular - Federaci\u00f3 Socialista d&#039;Eivissa","isPartOf":{"@id":"https:\/\/www.psib-psoe.org\/eivissa\/#website"},"primaryImageOfPage":{"@id":"https:\/\/www.psib-psoe.org\/eivissa\/el-grup-psoe-denunciara-vicent-mari-per-la-utilitzacio-fraudulenta-de-la-publicitat-institucional-del-consell-insular\/#primaryimage"},"image":{"@id":"https:\/\/www.psib-psoe.org\/eivissa\/el-grup-psoe-denunciara-vicent-mari-per-la-utilitzacio-fraudulenta-de-la-publicitat-institucional-del-consell-insular\/#primaryimage"},"thumbnailUrl":"https:\/\/www.psib-psoe.org\/eivissa\/wp-content\/uploads\/anunci-majors.png","datePublished":"2021-06-16T11:09:54+00:00","dateModified":"2021-06-18T12:24:45+00:00","breadcrumb":{"@id":"https:\/\/www.psib-psoe.org\/eivissa\/el-grup-psoe-denunciara-vicent-mari-per-la-utilitzacio-fraudulenta-de-la-publicitat-institucional-del-consell-insular\/#breadcrumb"},"inLanguage":"ca","potentialAction":[{"@type":"ReadAction","target":["https:\/\/www.psib-psoe.org\/eivissa\/el-grup-psoe-denunciara-vicent-mari-per-la-utilitzacio-fraudulenta-de-la-publicitat-institucional-del-consell-insular\/"]}]},{"@type":"ImageObject","inLanguage":"ca","@id":"https:\/\/www.psib-psoe.org\/eivissa\/el-grup-psoe-denunciara-vicent-mari-per-la-utilitzacio-fraudulenta-de-la-publicitat-institucional-del-consell-insular\/#primaryimage","url":"https:\/\/www.psib-psoe.org\/eivissa\/wp-content\/uploads\/anunci-majors.png","contentUrl":"https:\/\/www.psib-psoe.org\/eivissa\/wp-content\/uploads\/anunci-majors.png","width":544,"height":343},{"@type":"BreadcrumbList","@id":"https:\/\/www.psib-psoe.org\/eivissa\/el-grup-psoe-denunciara-vicent-mari-per-la-utilitzacio-fraudulenta-de-la-publicitat-institucional-del-consell-insular\/#breadcrumb","itemListElement":[{"@type":"ListItem","position":1,"name":"Inici","item":"https:\/\/www.psib-psoe.org\/eivissa\/"},{"@type":"ListItem","position":2,"name":"El grup PSOE denunciar\u00e0 Vicent Mar\u00ed per la utilitzaci\u00f3 fraudulenta de la publicitat institucional del Consell Insular"}]},{"@type":"WebSite","@id":"https:\/\/www.psib-psoe.org\/eivissa\/#website","url":"https:\/\/www.psib-psoe.org\/eivissa\/","name":"Federaci\u00f3 Socialista d'Eivissa","description":"Socialistes d&#039;Eivissa","publisher":{"@id":"https:\/\/www.psib-psoe.org\/eivissa\/#organization"},"potentialAction":[{"@type":"SearchAction","target":{"@type":"EntryPoint","urlTemplate":"https:\/\/www.psib-psoe.org\/eivissa\/?s={search_term_string}"},"query-input":{"@type":"PropertyValueSpecification","valueRequired":true,"valueName":"search_term_string"}}],"inLanguage":"ca"},{"@type":"Organization","@id":"https:\/\/www.psib-psoe.org\/eivissa\/#organization","name":"Federaci\u00f3 Socialista d'Eivissa","url":"https:\/\/www.psib-psoe.org\/eivissa\/","logo":{"@type":"ImageObject","inLanguage":"ca","@id":"https:\/\/www.psib-psoe.org\/eivissa\/#\/schema\/logo\/image\/","url":"https:\/\/www.psib-psoe.org\/eivissa\/wp-content\/uploads\/LOGO-FSE-SOCIALISTA-DEIVISSA-HORI.png","contentUrl":"https:\/\/www.psib-psoe.org\/eivissa\/wp-content\/uploads\/LOGO-FSE-SOCIALISTA-DEIVISSA-HORI.png","width":6000,"height":3104,"caption":"Federaci\u00f3 Socialista d'Eivissa"},"image":{"@id":"https:\/\/www.psib-psoe.org\/eivissa\/#\/schema\/logo\/image\/"}},{"@type":"Person","@id":"https:\/\/www.psib-psoe.org\/eivissa\/#\/schema\/person\/7a9d2841fb36f32e34fc0e9b245e8117","name":"Josep Ripoll","sameAs":["http:\/\/www.psib-psoe.org\/eivissa\/wp-login.php"],"url":"https:\/\/www.psib-psoe.org\/eivissa\/author\/josep\/"}]}},"_links":{"self":[{"href":"https:\/\/www.psib-psoe.org\/eivissa\/wp-json\/wp\/v2\/posts\/33546","targetHints":{"allow":["GET"]}}],"collection":[{"href":"https:\/\/www.psib-psoe.org\/eivissa\/wp-json\/wp\/v2\/posts"}],"about":[{"href":"https:\/\/www.psib-psoe.org\/eivissa\/wp-json\/wp\/v2\/types\/post"}],"author":[{"embeddable":true,"href":"https:\/\/www.psib-psoe.org\/eivissa\/wp-json\/wp\/v2\/users\/7"}],"replies":[{"embeddable":true,"href":"https:\/\/www.psib-psoe.org\/eivissa\/wp-json\/wp\/v2\/comments?post=33546"}],"version-history":[{"count":1,"href":"https:\/\/www.psib-psoe.org\/eivissa\/wp-json\/wp\/v2\/posts\/33546\/revisions"}],"predecessor-version":[{"id":33549,"href":"https:\/\/www.psib-psoe.org\/eivissa\/wp-json\/wp\/v2\/posts\/33546\/revisions\/33549"}],"wp:featuredmedia":[{"embeddable":true,"href":"https:\/\/www.psib-psoe.org\/eivissa\/wp-json\/wp\/v2\/media\/33547"}],"wp:attachment":[{"href":"https:\/\/www.psib-psoe.org\/eivissa\/wp-json\/wp\/v2\/media?parent=33546"}],"wp:term":[{"taxonomy":"category","embeddable":true,"href":"https:\/\/www.psib-psoe.org\/eivissa\/wp-json\/wp\/v2\/categories?post=33546"},{"taxonomy":"post_tag","embeddable":true,"href":"https:\/\/www.psib-psoe.org\/eivissa\/wp-json\/wp\/v2\/tags?post=33546"}],"curies":[{"name":"wp","href":"https:\/\/api.w.org\/{rel}","templated":true}]}}