{"id":33553,"date":"2021-06-16T09:58:08","date_gmt":"2021-06-16T07:58:08","guid":{"rendered":"https:\/\/www.psib-psoe.org\/eivissa\/?p=33553"},"modified":"2021-06-18T14:24:32","modified_gmt":"2021-06-18T12:24:32","slug":"psoe-reinicia-exigeix-explicacions-a-marcos-serra-per-la-festa-descontrolada-a-sant-antoni-organitzada-pel-propi-ajuntament","status":"publish","type":"post","link":"https:\/\/www.psib-psoe.org\/eivissa\/psoe-reinicia-exigeix-explicacions-a-marcos-serra-per-la-festa-descontrolada-a-sant-antoni-organitzada-pel-propi-ajuntament\/","title":{"rendered":"PSOE-Reinicia exigeix explicacions a Marcos Serra per la festa descontrolada a Sant Antoni organitzada pel propi ajuntament"},"content":{"rendered":"<p>El grup municipal PSOE-Reinicia exigeix a l&#8217;alcalde de Sant Antoni, Marcos Serra, que doni explicacions p\u00fabliques respecte a la festa descontrolada en ple carrer organitzat pel propi ajuntament. Dissabte passat a la nit, la regidoria de Festes, dirigida per Miguel Tur, va muntar una actuaci\u00f3 de Dj en la zona del port per a amenitzar les terrasses, que va acabar atraient a moltes persones que es van amuntegar per a ballar sense dist\u00e0ncia de seguretat ni m\u00e0scara, com es pot veure en aquest v\u00eddeo publicat pel mitj\u00e0 de comunicaci\u00f3 Nou Diari (<a href=\"https:\/\/www.youtube.com\/watch?v=q6ux0mskq2c\">https:\/\/www.youtube.com\/watch?v=q6ux0mskq2c<\/a>). Malgrat el descontrol que es va provocar en ple carrer, l&#8217;ajuntament va ser incapa\u00e7 de prendre mesures.<\/p>\n<p>PSOE-Reinicia exigeix a Marcos Serra que es faci p\u00fablic el nom dels regidors o regidores que van assistir a la festa descontrolada, ja que pel que sembla el propi responsable de Festes, Miguel Tur, va ser un dels participants, la qual cosa seria un fet d&#8217;extrema gravetat.<\/p>\n<p>Promocionar el centre de Sant Antoni com un lloc sense control i sense normes anti\u00a0Covid\u00a0ens pot portar aquest estiu a un aut\u00e8ntic desastre, que posaria en perill la salut p\u00fablica i l&#8217;inici de la recuperaci\u00f3 tur\u00edstica que tant anhelem.<\/p>\n<p>Des de PSOE-Reinicia considerem que l&#8217;alcalde ha de donar explicacions al conjunt de la ciutadania, depurar responsabilitats, ja que els fets s\u00f3n de gravetat, i garantir que una cosa aix\u00ed no tornar\u00e0 a repetir-se.<\/p>\n<p>El grup progressista aposta per una recuperaci\u00f3 tur\u00edstica segura i per un turisme responsable i de qualitat per a Sant Antoni, que s&#8217;allunyi del descontrol que sempre ha perm\u00e8s i fins i tot promogut el Partit Popular. El model tur\u00edstic del PP ha estat nefast per al nostre municipi, i advertim que encara ser\u00e0 molt pitjor en les actuals circumst\u00e0ncies provocades per la crisi sanit\u00e0ria de la Covid-19.<\/p>\n","protected":false},"excerpt":{"rendered":"<p>El grup municipal PSOE-Reinicia exigeix a l&#8217;alcalde de Sant Antoni, Marcos Serra, que doni explicacions p\u00fabliques respecte a la festa descontrolada en ple carrer organitzat pel propi ajuntament. Dissabte passat a la nit, la regidoria de Festes, dirigida per Miguel Tur, va muntar una actuaci\u00f3 de Dj en la zona del port per a amenitzar&hellip;<\/p>\n","protected":false},"author":6,"featured_media":33554,"comment_status":"closed","ping_status":"closed","sticky":false,"template":"","format":"standard","meta":{"footnotes":""},"categories":[1,234,188],"tags":[],"class_list":["post-33553","post","type-post","status-publish","format-standard","has-post-thumbnail","hentry","category-federacio-de-eivissa-portada","category-municipis","category-sant-antoni-de-portmany"],"yoast_head":"<!-- This site is optimized with the Yoast SEO plugin v26.9 - https:\/\/yoast.com\/product\/yoast-seo-wordpress\/ -->\n<title>PSOE-Reinicia exigeix explicacions a Marcos Serra per la festa descontrolada a Sant Antoni organitzada pel propi ajuntament - Federaci\u00f3 Socialista d&#039;Eivissa<\/title>\n<meta name=\"robots\" content=\"index, follow, max-snippet:-1, max-image-preview:large, max-video-preview:-1\" \/>\n<link rel=\"canonical\" href=\"https:\/\/www.psib-psoe.org\/eivissa\/psoe-reinicia-exigeix-explicacions-a-marcos-serra-per-la-festa-descontrolada-a-sant-antoni-organitzada-pel-propi-ajuntament\/\" \/>\n<meta property=\"og:locale\" content=\"ca_ES\" \/>\n<meta property=\"og:type\" content=\"article\" \/>\n<meta property=\"og:title\" content=\"PSOE-Reinicia exigeix explicacions a Marcos Serra per la festa descontrolada a Sant Antoni organitzada pel propi ajuntament - Federaci\u00f3 Socialista d&#039;Eivissa\" \/>\n<meta property=\"og:description\" content=\"El grup municipal PSOE-Reinicia exigeix a l&#8217;alcalde de Sant Antoni, Marcos Serra, que doni explicacions p\u00fabliques respecte a la festa descontrolada en ple carrer organitzat pel propi ajuntament. Dissabte passat a la nit, la regidoria de Festes, dirigida per Miguel Tur, va muntar una actuaci\u00f3 de Dj en la zona del port per a amenitzar&hellip;\" \/>\n<meta property=\"og:url\" content=\"https:\/\/www.psib-psoe.org\/eivissa\/psoe-reinicia-exigeix-explicacions-a-marcos-serra-per-la-festa-descontrolada-a-sant-antoni-organitzada-pel-propi-ajuntament\/\" \/>\n<meta property=\"og:site_name\" content=\"Federaci\u00f3 Socialista d&#039;Eivissa\" \/>\n<meta property=\"article:published_time\" content=\"2021-06-16T07:58:08+00:00\" \/>\n<meta property=\"article:modified_time\" content=\"2021-06-18T12:24:32+00:00\" \/>\n<meta property=\"og:image\" content=\"https:\/\/www.psib-psoe.org\/eivissa\/wp-content\/uploads\/WhatsApp-Image-2021-06-01-at-12.37.08.jpeg\" \/>\n\t<meta property=\"og:image:width\" content=\"1414\" \/>\n\t<meta property=\"og:image:height\" content=\"676\" \/>\n\t<meta property=\"og:image:type\" content=\"image\/jpeg\" \/>\n<meta name=\"author\" content=\"alan\" \/>\n<meta name=\"twitter:card\" content=\"summary_large_image\" \/>\n<meta name=\"twitter:label1\" content=\"Escrit per\" \/>\n\t<meta name=\"twitter:data1\" content=\"alan\" \/>\n\t<meta name=\"twitter:label2\" content=\"Temps estimat de lectura\" \/>\n\t<meta name=\"twitter:data2\" content=\"2 minuts\" \/>\n<script type=\"application\/ld+json\" class=\"yoast-schema-graph\">{\"@context\":\"https:\/\/schema.org\",\"@graph\":[{\"@type\":[\"Article\",\"BlogPosting\"],\"@id\":\"https:\/\/www.psib-psoe.org\/eivissa\/psoe-reinicia-exigeix-explicacions-a-marcos-serra-per-la-festa-descontrolada-a-sant-antoni-organitzada-pel-propi-ajuntament\/#article\",\"isPartOf\":{\"@id\":\"https:\/\/www.psib-psoe.org\/eivissa\/psoe-reinicia-exigeix-explicacions-a-marcos-serra-per-la-festa-descontrolada-a-sant-antoni-organitzada-pel-propi-ajuntament\/\"},\"author\":{\"name\":\"alan\",\"@id\":\"https:\/\/www.psib-psoe.org\/eivissa\/#\/schema\/person\/9925a91b477314bd337b45177caee45d\"},\"headline\":\"PSOE-Reinicia exigeix explicacions a Marcos Serra per la festa descontrolada a Sant Antoni organitzada pel propi ajuntament\",\"datePublished\":\"2021-06-16T07:58:08+00:00\",\"dateModified\":\"2021-06-18T12:24:32+00:00\",\"mainEntityOfPage\":{\"@id\":\"https:\/\/www.psib-psoe.org\/eivissa\/psoe-reinicia-exigeix-explicacions-a-marcos-serra-per-la-festa-descontrolada-a-sant-antoni-organitzada-pel-propi-ajuntament\/\"},\"wordCount\":339,\"publisher\":{\"@id\":\"https:\/\/www.psib-psoe.org\/eivissa\/#organization\"},\"image\":{\"@id\":\"https:\/\/www.psib-psoe.org\/eivissa\/psoe-reinicia-exigeix-explicacions-a-marcos-serra-per-la-festa-descontrolada-a-sant-antoni-organitzada-pel-propi-ajuntament\/#primaryimage\"},\"thumbnailUrl\":\"https:\/\/www.psib-psoe.org\/eivissa\/wp-content\/uploads\/WhatsApp-Image-2021-06-01-at-12.37.08.jpeg\",\"articleSection\":[\"Federaci\u00f3 d'Eivissa - Portada\",\"Municipis\",\"Sant Antoni de Portmany\"],\"inLanguage\":\"ca\"},{\"@type\":\"WebPage\",\"@id\":\"https:\/\/www.psib-psoe.org\/eivissa\/psoe-reinicia-exigeix-explicacions-a-marcos-serra-per-la-festa-descontrolada-a-sant-antoni-organitzada-pel-propi-ajuntament\/\",\"url\":\"https:\/\/www.psib-psoe.org\/eivissa\/psoe-reinicia-exigeix-explicacions-a-marcos-serra-per-la-festa-descontrolada-a-sant-antoni-organitzada-pel-propi-ajuntament\/\",\"name\":\"PSOE-Reinicia exigeix explicacions a Marcos Serra per la festa descontrolada a Sant Antoni organitzada pel propi ajuntament - Federaci\u00f3 Socialista d&#039;Eivissa\",\"isPartOf\":{\"@id\":\"https:\/\/www.psib-psoe.org\/eivissa\/#website\"},\"primaryImageOfPage\":{\"@id\":\"https:\/\/www.psib-psoe.org\/eivissa\/psoe-reinicia-exigeix-explicacions-a-marcos-serra-per-la-festa-descontrolada-a-sant-antoni-organitzada-pel-propi-ajuntament\/#primaryimage\"},\"image\":{\"@id\":\"https:\/\/www.psib-psoe.org\/eivissa\/psoe-reinicia-exigeix-explicacions-a-marcos-serra-per-la-festa-descontrolada-a-sant-antoni-organitzada-pel-propi-ajuntament\/#primaryimage\"},\"thumbnailUrl\":\"https:\/\/www.psib-psoe.org\/eivissa\/wp-content\/uploads\/WhatsApp-Image-2021-06-01-at-12.37.08.jpeg\",\"datePublished\":\"2021-06-16T07:58:08+00:00\",\"dateModified\":\"2021-06-18T12:24:32+00:00\",\"breadcrumb\":{\"@id\":\"https:\/\/www.psib-psoe.org\/eivissa\/psoe-reinicia-exigeix-explicacions-a-marcos-serra-per-la-festa-descontrolada-a-sant-antoni-organitzada-pel-propi-ajuntament\/#breadcrumb\"},\"inLanguage\":\"ca\",\"potentialAction\":[{\"@type\":\"ReadAction\",\"target\":[\"https:\/\/www.psib-psoe.org\/eivissa\/psoe-reinicia-exigeix-explicacions-a-marcos-serra-per-la-festa-descontrolada-a-sant-antoni-organitzada-pel-propi-ajuntament\/\"]}]},{\"@type\":\"ImageObject\",\"inLanguage\":\"ca\",\"@id\":\"https:\/\/www.psib-psoe.org\/eivissa\/psoe-reinicia-exigeix-explicacions-a-marcos-serra-per-la-festa-descontrolada-a-sant-antoni-organitzada-pel-propi-ajuntament\/#primaryimage\",\"url\":\"https:\/\/www.psib-psoe.org\/eivissa\/wp-content\/uploads\/WhatsApp-Image-2021-06-01-at-12.37.08.jpeg\",\"contentUrl\":\"https:\/\/www.psib-psoe.org\/eivissa\/wp-content\/uploads\/WhatsApp-Image-2021-06-01-at-12.37.08.jpeg\",\"width\":1414,\"height\":676},{\"@type\":\"BreadcrumbList\",\"@id\":\"https:\/\/www.psib-psoe.org\/eivissa\/psoe-reinicia-exigeix-explicacions-a-marcos-serra-per-la-festa-descontrolada-a-sant-antoni-organitzada-pel-propi-ajuntament\/#breadcrumb\",\"itemListElement\":[{\"@type\":\"ListItem\",\"position\":1,\"name\":\"Inici\",\"item\":\"https:\/\/www.psib-psoe.org\/eivissa\/\"},{\"@type\":\"ListItem\",\"position\":2,\"name\":\"PSOE-Reinicia exigeix explicacions a Marcos Serra per la festa descontrolada a Sant Antoni organitzada pel propi ajuntament\"}]},{\"@type\":\"WebSite\",\"@id\":\"https:\/\/www.psib-psoe.org\/eivissa\/#website\",\"url\":\"https:\/\/www.psib-psoe.org\/eivissa\/\",\"name\":\"Federaci\u00f3 Socialista d'Eivissa\",\"description\":\"Socialistes d&#039;Eivissa\",\"publisher\":{\"@id\":\"https:\/\/www.psib-psoe.org\/eivissa\/#organization\"},\"potentialAction\":[{\"@type\":\"SearchAction\",\"target\":{\"@type\":\"EntryPoint\",\"urlTemplate\":\"https:\/\/www.psib-psoe.org\/eivissa\/?s={search_term_string}\"},\"query-input\":{\"@type\":\"PropertyValueSpecification\",\"valueRequired\":true,\"valueName\":\"search_term_string\"}}],\"inLanguage\":\"ca\"},{\"@type\":\"Organization\",\"@id\":\"https:\/\/www.psib-psoe.org\/eivissa\/#organization\",\"name\":\"Federaci\u00f3 Socialista d'Eivissa\",\"url\":\"https:\/\/www.psib-psoe.org\/eivissa\/\",\"logo\":{\"@type\":\"ImageObject\",\"inLanguage\":\"ca\",\"@id\":\"https:\/\/www.psib-psoe.org\/eivissa\/#\/schema\/logo\/image\/\",\"url\":\"https:\/\/www.psib-psoe.org\/eivissa\/wp-content\/uploads\/LOGO-FSE-SOCIALISTA-DEIVISSA-HORI.png\",\"contentUrl\":\"https:\/\/www.psib-psoe.org\/eivissa\/wp-content\/uploads\/LOGO-FSE-SOCIALISTA-DEIVISSA-HORI.png\",\"width\":6000,\"height\":3104,\"caption\":\"Federaci\u00f3 Socialista d'Eivissa\"},\"image\":{\"@id\":\"https:\/\/www.psib-psoe.org\/eivissa\/#\/schema\/logo\/image\/\"}},{\"@type\":\"Person\",\"@id\":\"https:\/\/www.psib-psoe.org\/eivissa\/#\/schema\/person\/9925a91b477314bd337b45177caee45d\",\"name\":\"alan\",\"url\":\"https:\/\/www.psib-psoe.org\/eivissa\/author\/alan\/\"}]}<\/script>\n<!-- \/ Yoast SEO plugin. -->","yoast_head_json":{"title":"PSOE-Reinicia exigeix explicacions a Marcos Serra per la festa descontrolada a Sant Antoni organitzada pel propi ajuntament - Federaci\u00f3 Socialista d&#039;Eivissa","robots":{"index":"index","follow":"follow","max-snippet":"max-snippet:-1","max-image-preview":"max-image-preview:large","max-video-preview":"max-video-preview:-1"},"canonical":"https:\/\/www.psib-psoe.org\/eivissa\/psoe-reinicia-exigeix-explicacions-a-marcos-serra-per-la-festa-descontrolada-a-sant-antoni-organitzada-pel-propi-ajuntament\/","og_locale":"ca_ES","og_type":"article","og_title":"PSOE-Reinicia exigeix explicacions a Marcos Serra per la festa descontrolada a Sant Antoni organitzada pel propi ajuntament - Federaci\u00f3 Socialista d&#039;Eivissa","og_description":"El grup municipal PSOE-Reinicia exigeix a l&#8217;alcalde de Sant Antoni, Marcos Serra, que doni explicacions p\u00fabliques respecte a la festa descontrolada en ple carrer organitzat pel propi ajuntament. Dissabte passat a la nit, la regidoria de Festes, dirigida per Miguel Tur, va muntar una actuaci\u00f3 de Dj en la zona del port per a amenitzar&hellip;","og_url":"https:\/\/www.psib-psoe.org\/eivissa\/psoe-reinicia-exigeix-explicacions-a-marcos-serra-per-la-festa-descontrolada-a-sant-antoni-organitzada-pel-propi-ajuntament\/","og_site_name":"Federaci\u00f3 Socialista d&#039;Eivissa","article_published_time":"2021-06-16T07:58:08+00:00","article_modified_time":"2021-06-18T12:24:32+00:00","og_image":[{"width":1414,"height":676,"url":"https:\/\/www.psib-psoe.org\/eivissa\/wp-content\/uploads\/WhatsApp-Image-2021-06-01-at-12.37.08.jpeg","type":"image\/jpeg"}],"author":"alan","twitter_card":"summary_large_image","twitter_misc":{"Escrit per":"alan","Temps estimat de lectura":"2 minuts"},"schema":{"@context":"https:\/\/schema.org","@graph":[{"@type":["Article","BlogPosting"],"@id":"https:\/\/www.psib-psoe.org\/eivissa\/psoe-reinicia-exigeix-explicacions-a-marcos-serra-per-la-festa-descontrolada-a-sant-antoni-organitzada-pel-propi-ajuntament\/#article","isPartOf":{"@id":"https:\/\/www.psib-psoe.org\/eivissa\/psoe-reinicia-exigeix-explicacions-a-marcos-serra-per-la-festa-descontrolada-a-sant-antoni-organitzada-pel-propi-ajuntament\/"},"author":{"name":"alan","@id":"https:\/\/www.psib-psoe.org\/eivissa\/#\/schema\/person\/9925a91b477314bd337b45177caee45d"},"headline":"PSOE-Reinicia exigeix explicacions a Marcos Serra per la festa descontrolada a Sant Antoni organitzada pel propi ajuntament","datePublished":"2021-06-16T07:58:08+00:00","dateModified":"2021-06-18T12:24:32+00:00","mainEntityOfPage":{"@id":"https:\/\/www.psib-psoe.org\/eivissa\/psoe-reinicia-exigeix-explicacions-a-marcos-serra-per-la-festa-descontrolada-a-sant-antoni-organitzada-pel-propi-ajuntament\/"},"wordCount":339,"publisher":{"@id":"https:\/\/www.psib-psoe.org\/eivissa\/#organization"},"image":{"@id":"https:\/\/www.psib-psoe.org\/eivissa\/psoe-reinicia-exigeix-explicacions-a-marcos-serra-per-la-festa-descontrolada-a-sant-antoni-organitzada-pel-propi-ajuntament\/#primaryimage"},"thumbnailUrl":"https:\/\/www.psib-psoe.org\/eivissa\/wp-content\/uploads\/WhatsApp-Image-2021-06-01-at-12.37.08.jpeg","articleSection":["Federaci\u00f3 d'Eivissa - Portada","Municipis","Sant Antoni de Portmany"],"inLanguage":"ca"},{"@type":"WebPage","@id":"https:\/\/www.psib-psoe.org\/eivissa\/psoe-reinicia-exigeix-explicacions-a-marcos-serra-per-la-festa-descontrolada-a-sant-antoni-organitzada-pel-propi-ajuntament\/","url":"https:\/\/www.psib-psoe.org\/eivissa\/psoe-reinicia-exigeix-explicacions-a-marcos-serra-per-la-festa-descontrolada-a-sant-antoni-organitzada-pel-propi-ajuntament\/","name":"PSOE-Reinicia exigeix explicacions a Marcos Serra per la festa descontrolada a Sant Antoni organitzada pel propi ajuntament - Federaci\u00f3 Socialista d&#039;Eivissa","isPartOf":{"@id":"https:\/\/www.psib-psoe.org\/eivissa\/#website"},"primaryImageOfPage":{"@id":"https:\/\/www.psib-psoe.org\/eivissa\/psoe-reinicia-exigeix-explicacions-a-marcos-serra-per-la-festa-descontrolada-a-sant-antoni-organitzada-pel-propi-ajuntament\/#primaryimage"},"image":{"@id":"https:\/\/www.psib-psoe.org\/eivissa\/psoe-reinicia-exigeix-explicacions-a-marcos-serra-per-la-festa-descontrolada-a-sant-antoni-organitzada-pel-propi-ajuntament\/#primaryimage"},"thumbnailUrl":"https:\/\/www.psib-psoe.org\/eivissa\/wp-content\/uploads\/WhatsApp-Image-2021-06-01-at-12.37.08.jpeg","datePublished":"2021-06-16T07:58:08+00:00","dateModified":"2021-06-18T12:24:32+00:00","breadcrumb":{"@id":"https:\/\/www.psib-psoe.org\/eivissa\/psoe-reinicia-exigeix-explicacions-a-marcos-serra-per-la-festa-descontrolada-a-sant-antoni-organitzada-pel-propi-ajuntament\/#breadcrumb"},"inLanguage":"ca","potentialAction":[{"@type":"ReadAction","target":["https:\/\/www.psib-psoe.org\/eivissa\/psoe-reinicia-exigeix-explicacions-a-marcos-serra-per-la-festa-descontrolada-a-sant-antoni-organitzada-pel-propi-ajuntament\/"]}]},{"@type":"ImageObject","inLanguage":"ca","@id":"https:\/\/www.psib-psoe.org\/eivissa\/psoe-reinicia-exigeix-explicacions-a-marcos-serra-per-la-festa-descontrolada-a-sant-antoni-organitzada-pel-propi-ajuntament\/#primaryimage","url":"https:\/\/www.psib-psoe.org\/eivissa\/wp-content\/uploads\/WhatsApp-Image-2021-06-01-at-12.37.08.jpeg","contentUrl":"https:\/\/www.psib-psoe.org\/eivissa\/wp-content\/uploads\/WhatsApp-Image-2021-06-01-at-12.37.08.jpeg","width":1414,"height":676},{"@type":"BreadcrumbList","@id":"https:\/\/www.psib-psoe.org\/eivissa\/psoe-reinicia-exigeix-explicacions-a-marcos-serra-per-la-festa-descontrolada-a-sant-antoni-organitzada-pel-propi-ajuntament\/#breadcrumb","itemListElement":[{"@type":"ListItem","position":1,"name":"Inici","item":"https:\/\/www.psib-psoe.org\/eivissa\/"},{"@type":"ListItem","position":2,"name":"PSOE-Reinicia exigeix explicacions a Marcos Serra per la festa descontrolada a Sant Antoni organitzada pel propi ajuntament"}]},{"@type":"WebSite","@id":"https:\/\/www.psib-psoe.org\/eivissa\/#website","url":"https:\/\/www.psib-psoe.org\/eivissa\/","name":"Federaci\u00f3 Socialista d'Eivissa","description":"Socialistes d&#039;Eivissa","publisher":{"@id":"https:\/\/www.psib-psoe.org\/eivissa\/#organization"},"potentialAction":[{"@type":"SearchAction","target":{"@type":"EntryPoint","urlTemplate":"https:\/\/www.psib-psoe.org\/eivissa\/?s={search_term_string}"},"query-input":{"@type":"PropertyValueSpecification","valueRequired":true,"valueName":"search_term_string"}}],"inLanguage":"ca"},{"@type":"Organization","@id":"https:\/\/www.psib-psoe.org\/eivissa\/#organization","name":"Federaci\u00f3 Socialista d'Eivissa","url":"https:\/\/www.psib-psoe.org\/eivissa\/","logo":{"@type":"ImageObject","inLanguage":"ca","@id":"https:\/\/www.psib-psoe.org\/eivissa\/#\/schema\/logo\/image\/","url":"https:\/\/www.psib-psoe.org\/eivissa\/wp-content\/uploads\/LOGO-FSE-SOCIALISTA-DEIVISSA-HORI.png","contentUrl":"https:\/\/www.psib-psoe.org\/eivissa\/wp-content\/uploads\/LOGO-FSE-SOCIALISTA-DEIVISSA-HORI.png","width":6000,"height":3104,"caption":"Federaci\u00f3 Socialista d'Eivissa"},"image":{"@id":"https:\/\/www.psib-psoe.org\/eivissa\/#\/schema\/logo\/image\/"}},{"@type":"Person","@id":"https:\/\/www.psib-psoe.org\/eivissa\/#\/schema\/person\/9925a91b477314bd337b45177caee45d","name":"alan","url":"https:\/\/www.psib-psoe.org\/eivissa\/author\/alan\/"}]}},"_links":{"self":[{"href":"https:\/\/www.psib-psoe.org\/eivissa\/wp-json\/wp\/v2\/posts\/33553","targetHints":{"allow":["GET"]}}],"collection":[{"href":"https:\/\/www.psib-psoe.org\/eivissa\/wp-json\/wp\/v2\/posts"}],"about":[{"href":"https:\/\/www.psib-psoe.org\/eivissa\/wp-json\/wp\/v2\/types\/post"}],"author":[{"embeddable":true,"href":"https:\/\/www.psib-psoe.org\/eivissa\/wp-json\/wp\/v2\/users\/6"}],"replies":[{"embeddable":true,"href":"https:\/\/www.psib-psoe.org\/eivissa\/wp-json\/wp\/v2\/comments?post=33553"}],"version-history":[{"count":1,"href":"https:\/\/www.psib-psoe.org\/eivissa\/wp-json\/wp\/v2\/posts\/33553\/revisions"}],"predecessor-version":[{"id":33556,"href":"https:\/\/www.psib-psoe.org\/eivissa\/wp-json\/wp\/v2\/posts\/33553\/revisions\/33556"}],"wp:featuredmedia":[{"embeddable":true,"href":"https:\/\/www.psib-psoe.org\/eivissa\/wp-json\/wp\/v2\/media\/33554"}],"wp:attachment":[{"href":"https:\/\/www.psib-psoe.org\/eivissa\/wp-json\/wp\/v2\/media?parent=33553"}],"wp:term":[{"taxonomy":"category","embeddable":true,"href":"https:\/\/www.psib-psoe.org\/eivissa\/wp-json\/wp\/v2\/categories?post=33553"},{"taxonomy":"post_tag","embeddable":true,"href":"https:\/\/www.psib-psoe.org\/eivissa\/wp-json\/wp\/v2\/tags?post=33553"}],"curies":[{"name":"wp","href":"https:\/\/api.w.org\/{rel}","templated":true}]}}