{"id":33562,"date":"2021-06-18T07:09:01","date_gmt":"2021-06-18T05:09:01","guid":{"rendered":"https:\/\/www.psib-psoe.org\/eivissa\/?p=33562"},"modified":"2021-06-18T15:15:48","modified_gmt":"2021-06-18T13:15:48","slug":"el-psoe-manifiesta-su-dolor-y-condena-por-el-asesinato-machista-de-una-joven-en-eivissa-y-hace-un-llamamiento-a-reforzar-todas-las-politicas-publicas-de-lucha-contra-las-violencias-y-discriminaciones","status":"publish","type":"post","link":"https:\/\/www.psib-psoe.org\/eivissa\/el-psoe-manifiesta-su-dolor-y-condena-por-el-asesinato-machista-de-una-joven-en-eivissa-y-hace-un-llamamiento-a-reforzar-todas-las-politicas-publicas-de-lucha-contra-las-violencias-y-discriminaciones\/","title":{"rendered":"El PSOE manifiesta su dolor y condena por el asesinato machista de una joven en Eivissa, y hace un llamamiento a reforzar todas las pol\u00edticas p\u00fablicas de lucha contra la violencia y discriminaci\u00f3n que sufren las mujeres"},"content":{"rendered":"<p>La Federaci\u00f3n Socialista de Eivissa (FSE-PSOE) quiere manifestar su m\u00e1s en\u00e9rgica condena y rechazo por el asesinato machista de una joven ocurrido ayer en un hotel de Eivissa, as\u00ed como trasladar su p\u00e9same a los familiares y amigos de la v\u00edctima. Socialistas de Eivissa participar\u00e1n hoy en las concentraciones de rechazo que se han convocado a las diferentes instituciones, entre ellas el Casal de Igualdad de Eivissa, donde se expresar\u00e1 el dolor del municipio por este asesinato.<\/p>\n<p>La violencia contra las mujeres es la peor lacra que sufre nuestra sociedad. En su lucha tenemos que verter el m\u00e1ximo compromiso, esfuerzo y recursos que sean posibles, hasta que la podamos erradicar. Hace falta todav\u00eda mucho trabajo, ya que las violencias machistas, en todas sus formas, siguen muy presentes en demasiados \u00e1mbitos de nuestra sociedad. Nos topamos tambi\u00e9n ante el intento de determinadas corrientes pol\u00edticas de invisibilizarlas, lo que supone una grave irresponsabilidad de consecuencias tr\u00e1gicas.<\/p>\n<p>Desde la FSE-PSOE instamos las instituciones y el conjunto de la ciudadan\u00eda de Eivissa a seguir trabajando, reforzando a\u00fan m\u00e1s todas las pol\u00edticas p\u00fablicas de lucha contra esta lacra, desde la formaci\u00f3n, la concienciaci\u00f3n, la prevenci\u00f3n, el apoyo a las mujeres y a los ni\u00f1os y ni\u00f1as, y la condena sin paliativos de cualquier forma de violencia o discriminaci\u00f3n machista hasta su completa erradicaci\u00f3n.<\/p>\n","protected":false},"excerpt":{"rendered":"<p>La Federaci\u00f3n Socialista de Eivissa (FSE-PSOE) quiere manifestar su m\u00e1s en\u00e9rgica condena y rechazo por el asesinato machista de una joven ocurrido ayer en un hotel de Eivissa, as\u00ed como trasladar su p\u00e9same a los familiares y amigos de la v\u00edctima. Socialistas de Eivissa participar\u00e1n hoy en las concentraciones de rechazo que se han convocado&hellip;<\/p>\n","protected":false},"author":7,"featured_media":30845,"comment_status":"closed","ping_status":"closed","sticky":false,"template":"","format":"standard","meta":{"footnotes":""},"categories":[212],"tags":[],"class_list":["post-33562","post","type-post","status-publish","format-standard","has-post-thumbnail","hentry","category-fse-psoe"],"yoast_head":"<!-- This site is optimized with the Yoast SEO plugin v26.9 - https:\/\/yoast.com\/product\/yoast-seo-wordpress\/ -->\n<title>El PSOE manifiesta su dolor y condena por el asesinato machista de una joven en Eivissa, y hace un llamamiento a reforzar todas las pol\u00edticas p\u00fablicas de lucha contra la violencia y discriminaci\u00f3n que sufren las mujeres - Federaci\u00f3 Socialista d&#039;Eivissa<\/title>\n<meta name=\"robots\" content=\"index, follow, max-snippet:-1, max-image-preview:large, max-video-preview:-1\" \/>\n<link rel=\"canonical\" href=\"https:\/\/www.psib-psoe.org\/eivissa\/el-psoe-manifiesta-su-dolor-y-condena-por-el-asesinato-machista-de-una-joven-en-eivissa-y-hace-un-llamamiento-a-reforzar-todas-las-politicas-publicas-de-lucha-contra-las-violencias-y-discriminaciones\/\" \/>\n<meta property=\"og:locale\" content=\"ca_ES\" \/>\n<meta property=\"og:type\" content=\"article\" \/>\n<meta property=\"og:title\" content=\"El PSOE manifiesta su dolor y condena por el asesinato machista de una joven en Eivissa, y hace un llamamiento a reforzar todas las pol\u00edticas p\u00fablicas de lucha contra la violencia y discriminaci\u00f3n que sufren las mujeres - Federaci\u00f3 Socialista d&#039;Eivissa\" \/>\n<meta property=\"og:description\" content=\"La Federaci\u00f3n Socialista de Eivissa (FSE-PSOE) quiere manifestar su m\u00e1s en\u00e9rgica condena y rechazo por el asesinato machista de una joven ocurrido ayer en un hotel de Eivissa, as\u00ed como trasladar su p\u00e9same a los familiares y amigos de la v\u00edctima. Socialistas de Eivissa participar\u00e1n hoy en las concentraciones de rechazo que se han convocado&hellip;\" \/>\n<meta property=\"og:url\" content=\"https:\/\/www.psib-psoe.org\/eivissa\/el-psoe-manifiesta-su-dolor-y-condena-por-el-asesinato-machista-de-una-joven-en-eivissa-y-hace-un-llamamiento-a-reforzar-todas-las-politicas-publicas-de-lucha-contra-las-violencias-y-discriminaciones\/\" \/>\n<meta property=\"og:site_name\" content=\"Federaci\u00f3 Socialista d&#039;Eivissa\" \/>\n<meta property=\"article:published_time\" content=\"2021-06-18T05:09:01+00:00\" \/>\n<meta property=\"article:modified_time\" content=\"2021-06-18T13:15:48+00:00\" \/>\n<meta property=\"og:image\" content=\"https:\/\/www.psib-psoe.org\/eivissa\/wp-content\/uploads\/llac\u0327-negre-.jpg\" \/>\n\t<meta property=\"og:image:width\" content=\"450\" \/>\n\t<meta property=\"og:image:height\" content=\"235\" \/>\n\t<meta property=\"og:image:type\" content=\"image\/jpeg\" \/>\n<meta name=\"author\" content=\"Josep Ripoll\" \/>\n<meta name=\"twitter:card\" content=\"summary_large_image\" \/>\n<meta name=\"twitter:label1\" content=\"Escrit per\" \/>\n\t<meta name=\"twitter:data1\" content=\"Josep Ripoll\" \/>\n\t<meta name=\"twitter:label2\" content=\"Temps estimat de lectura\" \/>\n\t<meta name=\"twitter:data2\" content=\"1 minut\" \/>\n<script type=\"application\/ld+json\" class=\"yoast-schema-graph\">{\"@context\":\"https:\/\/schema.org\",\"@graph\":[{\"@type\":[\"Article\",\"BlogPosting\"],\"@id\":\"https:\/\/www.psib-psoe.org\/eivissa\/el-psoe-manifiesta-su-dolor-y-condena-por-el-asesinato-machista-de-una-joven-en-eivissa-y-hace-un-llamamiento-a-reforzar-todas-las-politicas-publicas-de-lucha-contra-las-violencias-y-discriminaciones\/#article\",\"isPartOf\":{\"@id\":\"https:\/\/www.psib-psoe.org\/eivissa\/el-psoe-manifiesta-su-dolor-y-condena-por-el-asesinato-machista-de-una-joven-en-eivissa-y-hace-un-llamamiento-a-reforzar-todas-las-politicas-publicas-de-lucha-contra-las-violencias-y-discriminaciones\/\"},\"author\":{\"name\":\"Josep Ripoll\",\"@id\":\"https:\/\/www.psib-psoe.org\/eivissa\/#\/schema\/person\/7a9d2841fb36f32e34fc0e9b245e8117\"},\"headline\":\"El PSOE manifiesta su dolor y condena por el asesinato machista de una joven en Eivissa, y hace un llamamiento a reforzar todas las pol\u00edticas p\u00fablicas de lucha contra la violencia y discriminaci\u00f3n que sufren las mujeres\",\"datePublished\":\"2021-06-18T05:09:01+00:00\",\"dateModified\":\"2021-06-18T13:15:48+00:00\",\"mainEntityOfPage\":{\"@id\":\"https:\/\/www.psib-psoe.org\/eivissa\/el-psoe-manifiesta-su-dolor-y-condena-por-el-asesinato-machista-de-una-joven-en-eivissa-y-hace-un-llamamiento-a-reforzar-todas-las-politicas-publicas-de-lucha-contra-las-violencias-y-discriminaciones\/\"},\"wordCount\":281,\"publisher\":{\"@id\":\"https:\/\/www.psib-psoe.org\/eivissa\/#organization\"},\"image\":{\"@id\":\"https:\/\/www.psib-psoe.org\/eivissa\/el-psoe-manifiesta-su-dolor-y-condena-por-el-asesinato-machista-de-una-joven-en-eivissa-y-hace-un-llamamiento-a-reforzar-todas-las-politicas-publicas-de-lucha-contra-las-violencias-y-discriminaciones\/#primaryimage\"},\"thumbnailUrl\":\"https:\/\/www.psib-psoe.org\/eivissa\/wp-content\/uploads\/llac\u0327-negre-.jpg\",\"articleSection\":[\"FSE-PSOE\"],\"inLanguage\":\"ca\"},{\"@type\":\"WebPage\",\"@id\":\"https:\/\/www.psib-psoe.org\/eivissa\/el-psoe-manifiesta-su-dolor-y-condena-por-el-asesinato-machista-de-una-joven-en-eivissa-y-hace-un-llamamiento-a-reforzar-todas-las-politicas-publicas-de-lucha-contra-las-violencias-y-discriminaciones\/\",\"url\":\"https:\/\/www.psib-psoe.org\/eivissa\/el-psoe-manifiesta-su-dolor-y-condena-por-el-asesinato-machista-de-una-joven-en-eivissa-y-hace-un-llamamiento-a-reforzar-todas-las-politicas-publicas-de-lucha-contra-las-violencias-y-discriminaciones\/\",\"name\":\"El PSOE manifiesta su dolor y condena por el asesinato machista de una joven en Eivissa, y hace un llamamiento a reforzar todas las pol\u00edticas p\u00fablicas de lucha contra la violencia y discriminaci\u00f3n que sufren las mujeres - Federaci\u00f3 Socialista d&#039;Eivissa\",\"isPartOf\":{\"@id\":\"https:\/\/www.psib-psoe.org\/eivissa\/#website\"},\"primaryImageOfPage\":{\"@id\":\"https:\/\/www.psib-psoe.org\/eivissa\/el-psoe-manifiesta-su-dolor-y-condena-por-el-asesinato-machista-de-una-joven-en-eivissa-y-hace-un-llamamiento-a-reforzar-todas-las-politicas-publicas-de-lucha-contra-las-violencias-y-discriminaciones\/#primaryimage\"},\"image\":{\"@id\":\"https:\/\/www.psib-psoe.org\/eivissa\/el-psoe-manifiesta-su-dolor-y-condena-por-el-asesinato-machista-de-una-joven-en-eivissa-y-hace-un-llamamiento-a-reforzar-todas-las-politicas-publicas-de-lucha-contra-las-violencias-y-discriminaciones\/#primaryimage\"},\"thumbnailUrl\":\"https:\/\/www.psib-psoe.org\/eivissa\/wp-content\/uploads\/llac\u0327-negre-.jpg\",\"datePublished\":\"2021-06-18T05:09:01+00:00\",\"dateModified\":\"2021-06-18T13:15:48+00:00\",\"breadcrumb\":{\"@id\":\"https:\/\/www.psib-psoe.org\/eivissa\/el-psoe-manifiesta-su-dolor-y-condena-por-el-asesinato-machista-de-una-joven-en-eivissa-y-hace-un-llamamiento-a-reforzar-todas-las-politicas-publicas-de-lucha-contra-las-violencias-y-discriminaciones\/#breadcrumb\"},\"inLanguage\":\"ca\",\"potentialAction\":[{\"@type\":\"ReadAction\",\"target\":[\"https:\/\/www.psib-psoe.org\/eivissa\/el-psoe-manifiesta-su-dolor-y-condena-por-el-asesinato-machista-de-una-joven-en-eivissa-y-hace-un-llamamiento-a-reforzar-todas-las-politicas-publicas-de-lucha-contra-las-violencias-y-discriminaciones\/\"]}]},{\"@type\":\"ImageObject\",\"inLanguage\":\"ca\",\"@id\":\"https:\/\/www.psib-psoe.org\/eivissa\/el-psoe-manifiesta-su-dolor-y-condena-por-el-asesinato-machista-de-una-joven-en-eivissa-y-hace-un-llamamiento-a-reforzar-todas-las-politicas-publicas-de-lucha-contra-las-violencias-y-discriminaciones\/#primaryimage\",\"url\":\"https:\/\/www.psib-psoe.org\/eivissa\/wp-content\/uploads\/llac\u0327-negre-.jpg\",\"contentUrl\":\"https:\/\/www.psib-psoe.org\/eivissa\/wp-content\/uploads\/llac\u0327-negre-.jpg\",\"width\":450,\"height\":235},{\"@type\":\"BreadcrumbList\",\"@id\":\"https:\/\/www.psib-psoe.org\/eivissa\/el-psoe-manifiesta-su-dolor-y-condena-por-el-asesinato-machista-de-una-joven-en-eivissa-y-hace-un-llamamiento-a-reforzar-todas-las-politicas-publicas-de-lucha-contra-las-violencias-y-discriminaciones\/#breadcrumb\",\"itemListElement\":[{\"@type\":\"ListItem\",\"position\":1,\"name\":\"Inici\",\"item\":\"https:\/\/www.psib-psoe.org\/eivissa\/\"},{\"@type\":\"ListItem\",\"position\":2,\"name\":\"El PSOE manifiesta su dolor y condena por el asesinato machista de una joven en Eivissa, y hace un llamamiento a reforzar todas las pol\u00edticas p\u00fablicas de lucha contra la violencia y discriminaci\u00f3n que sufren las mujeres\"}]},{\"@type\":\"WebSite\",\"@id\":\"https:\/\/www.psib-psoe.org\/eivissa\/#website\",\"url\":\"https:\/\/www.psib-psoe.org\/eivissa\/\",\"name\":\"Federaci\u00f3 Socialista d'Eivissa\",\"description\":\"Socialistes d&#039;Eivissa\",\"publisher\":{\"@id\":\"https:\/\/www.psib-psoe.org\/eivissa\/#organization\"},\"potentialAction\":[{\"@type\":\"SearchAction\",\"target\":{\"@type\":\"EntryPoint\",\"urlTemplate\":\"https:\/\/www.psib-psoe.org\/eivissa\/?s={search_term_string}\"},\"query-input\":{\"@type\":\"PropertyValueSpecification\",\"valueRequired\":true,\"valueName\":\"search_term_string\"}}],\"inLanguage\":\"ca\"},{\"@type\":\"Organization\",\"@id\":\"https:\/\/www.psib-psoe.org\/eivissa\/#organization\",\"name\":\"Federaci\u00f3 Socialista d'Eivissa\",\"url\":\"https:\/\/www.psib-psoe.org\/eivissa\/\",\"logo\":{\"@type\":\"ImageObject\",\"inLanguage\":\"ca\",\"@id\":\"https:\/\/www.psib-psoe.org\/eivissa\/#\/schema\/logo\/image\/\",\"url\":\"https:\/\/www.psib-psoe.org\/eivissa\/wp-content\/uploads\/LOGO-FSE-SOCIALISTA-DEIVISSA-HORI.png\",\"contentUrl\":\"https:\/\/www.psib-psoe.org\/eivissa\/wp-content\/uploads\/LOGO-FSE-SOCIALISTA-DEIVISSA-HORI.png\",\"width\":6000,\"height\":3104,\"caption\":\"Federaci\u00f3 Socialista d'Eivissa\"},\"image\":{\"@id\":\"https:\/\/www.psib-psoe.org\/eivissa\/#\/schema\/logo\/image\/\"}},{\"@type\":\"Person\",\"@id\":\"https:\/\/www.psib-psoe.org\/eivissa\/#\/schema\/person\/7a9d2841fb36f32e34fc0e9b245e8117\",\"name\":\"Josep Ripoll\",\"sameAs\":[\"http:\/\/www.psib-psoe.org\/eivissa\/wp-login.php\"],\"url\":\"https:\/\/www.psib-psoe.org\/eivissa\/author\/josep\/\"}]}<\/script>\n<!-- \/ Yoast SEO plugin. -->","yoast_head_json":{"title":"El PSOE manifiesta su dolor y condena por el asesinato machista de una joven en Eivissa, y hace un llamamiento a reforzar todas las pol\u00edticas p\u00fablicas de lucha contra la violencia y discriminaci\u00f3n que sufren las mujeres - Federaci\u00f3 Socialista d&#039;Eivissa","robots":{"index":"index","follow":"follow","max-snippet":"max-snippet:-1","max-image-preview":"max-image-preview:large","max-video-preview":"max-video-preview:-1"},"canonical":"https:\/\/www.psib-psoe.org\/eivissa\/el-psoe-manifiesta-su-dolor-y-condena-por-el-asesinato-machista-de-una-joven-en-eivissa-y-hace-un-llamamiento-a-reforzar-todas-las-politicas-publicas-de-lucha-contra-las-violencias-y-discriminaciones\/","og_locale":"ca_ES","og_type":"article","og_title":"El PSOE manifiesta su dolor y condena por el asesinato machista de una joven en Eivissa, y hace un llamamiento a reforzar todas las pol\u00edticas p\u00fablicas de lucha contra la violencia y discriminaci\u00f3n que sufren las mujeres - Federaci\u00f3 Socialista d&#039;Eivissa","og_description":"La Federaci\u00f3n Socialista de Eivissa (FSE-PSOE) quiere manifestar su m\u00e1s en\u00e9rgica condena y rechazo por el asesinato machista de una joven ocurrido ayer en un hotel de Eivissa, as\u00ed como trasladar su p\u00e9same a los familiares y amigos de la v\u00edctima. Socialistas de Eivissa participar\u00e1n hoy en las concentraciones de rechazo que se han convocado&hellip;","og_url":"https:\/\/www.psib-psoe.org\/eivissa\/el-psoe-manifiesta-su-dolor-y-condena-por-el-asesinato-machista-de-una-joven-en-eivissa-y-hace-un-llamamiento-a-reforzar-todas-las-politicas-publicas-de-lucha-contra-las-violencias-y-discriminaciones\/","og_site_name":"Federaci\u00f3 Socialista d&#039;Eivissa","article_published_time":"2021-06-18T05:09:01+00:00","article_modified_time":"2021-06-18T13:15:48+00:00","og_image":[{"width":450,"height":235,"url":"https:\/\/www.psib-psoe.org\/eivissa\/wp-content\/uploads\/llac\u0327-negre-.jpg","type":"image\/jpeg"}],"author":"Josep Ripoll","twitter_card":"summary_large_image","twitter_misc":{"Escrit per":"Josep Ripoll","Temps estimat de lectura":"1 minut"},"schema":{"@context":"https:\/\/schema.org","@graph":[{"@type":["Article","BlogPosting"],"@id":"https:\/\/www.psib-psoe.org\/eivissa\/el-psoe-manifiesta-su-dolor-y-condena-por-el-asesinato-machista-de-una-joven-en-eivissa-y-hace-un-llamamiento-a-reforzar-todas-las-politicas-publicas-de-lucha-contra-las-violencias-y-discriminaciones\/#article","isPartOf":{"@id":"https:\/\/www.psib-psoe.org\/eivissa\/el-psoe-manifiesta-su-dolor-y-condena-por-el-asesinato-machista-de-una-joven-en-eivissa-y-hace-un-llamamiento-a-reforzar-todas-las-politicas-publicas-de-lucha-contra-las-violencias-y-discriminaciones\/"},"author":{"name":"Josep Ripoll","@id":"https:\/\/www.psib-psoe.org\/eivissa\/#\/schema\/person\/7a9d2841fb36f32e34fc0e9b245e8117"},"headline":"El PSOE manifiesta su dolor y condena por el asesinato machista de una joven en Eivissa, y hace un llamamiento a reforzar todas las pol\u00edticas p\u00fablicas de lucha contra la violencia y discriminaci\u00f3n que sufren las mujeres","datePublished":"2021-06-18T05:09:01+00:00","dateModified":"2021-06-18T13:15:48+00:00","mainEntityOfPage":{"@id":"https:\/\/www.psib-psoe.org\/eivissa\/el-psoe-manifiesta-su-dolor-y-condena-por-el-asesinato-machista-de-una-joven-en-eivissa-y-hace-un-llamamiento-a-reforzar-todas-las-politicas-publicas-de-lucha-contra-las-violencias-y-discriminaciones\/"},"wordCount":281,"publisher":{"@id":"https:\/\/www.psib-psoe.org\/eivissa\/#organization"},"image":{"@id":"https:\/\/www.psib-psoe.org\/eivissa\/el-psoe-manifiesta-su-dolor-y-condena-por-el-asesinato-machista-de-una-joven-en-eivissa-y-hace-un-llamamiento-a-reforzar-todas-las-politicas-publicas-de-lucha-contra-las-violencias-y-discriminaciones\/#primaryimage"},"thumbnailUrl":"https:\/\/www.psib-psoe.org\/eivissa\/wp-content\/uploads\/llac\u0327-negre-.jpg","articleSection":["FSE-PSOE"],"inLanguage":"ca"},{"@type":"WebPage","@id":"https:\/\/www.psib-psoe.org\/eivissa\/el-psoe-manifiesta-su-dolor-y-condena-por-el-asesinato-machista-de-una-joven-en-eivissa-y-hace-un-llamamiento-a-reforzar-todas-las-politicas-publicas-de-lucha-contra-las-violencias-y-discriminaciones\/","url":"https:\/\/www.psib-psoe.org\/eivissa\/el-psoe-manifiesta-su-dolor-y-condena-por-el-asesinato-machista-de-una-joven-en-eivissa-y-hace-un-llamamiento-a-reforzar-todas-las-politicas-publicas-de-lucha-contra-las-violencias-y-discriminaciones\/","name":"El PSOE manifiesta su dolor y condena por el asesinato machista de una joven en Eivissa, y hace un llamamiento a reforzar todas las pol\u00edticas p\u00fablicas de lucha contra la violencia y discriminaci\u00f3n que sufren las mujeres - Federaci\u00f3 Socialista d&#039;Eivissa","isPartOf":{"@id":"https:\/\/www.psib-psoe.org\/eivissa\/#website"},"primaryImageOfPage":{"@id":"https:\/\/www.psib-psoe.org\/eivissa\/el-psoe-manifiesta-su-dolor-y-condena-por-el-asesinato-machista-de-una-joven-en-eivissa-y-hace-un-llamamiento-a-reforzar-todas-las-politicas-publicas-de-lucha-contra-las-violencias-y-discriminaciones\/#primaryimage"},"image":{"@id":"https:\/\/www.psib-psoe.org\/eivissa\/el-psoe-manifiesta-su-dolor-y-condena-por-el-asesinato-machista-de-una-joven-en-eivissa-y-hace-un-llamamiento-a-reforzar-todas-las-politicas-publicas-de-lucha-contra-las-violencias-y-discriminaciones\/#primaryimage"},"thumbnailUrl":"https:\/\/www.psib-psoe.org\/eivissa\/wp-content\/uploads\/llac\u0327-negre-.jpg","datePublished":"2021-06-18T05:09:01+00:00","dateModified":"2021-06-18T13:15:48+00:00","breadcrumb":{"@id":"https:\/\/www.psib-psoe.org\/eivissa\/el-psoe-manifiesta-su-dolor-y-condena-por-el-asesinato-machista-de-una-joven-en-eivissa-y-hace-un-llamamiento-a-reforzar-todas-las-politicas-publicas-de-lucha-contra-las-violencias-y-discriminaciones\/#breadcrumb"},"inLanguage":"ca","potentialAction":[{"@type":"ReadAction","target":["https:\/\/www.psib-psoe.org\/eivissa\/el-psoe-manifiesta-su-dolor-y-condena-por-el-asesinato-machista-de-una-joven-en-eivissa-y-hace-un-llamamiento-a-reforzar-todas-las-politicas-publicas-de-lucha-contra-las-violencias-y-discriminaciones\/"]}]},{"@type":"ImageObject","inLanguage":"ca","@id":"https:\/\/www.psib-psoe.org\/eivissa\/el-psoe-manifiesta-su-dolor-y-condena-por-el-asesinato-machista-de-una-joven-en-eivissa-y-hace-un-llamamiento-a-reforzar-todas-las-politicas-publicas-de-lucha-contra-las-violencias-y-discriminaciones\/#primaryimage","url":"https:\/\/www.psib-psoe.org\/eivissa\/wp-content\/uploads\/llac\u0327-negre-.jpg","contentUrl":"https:\/\/www.psib-psoe.org\/eivissa\/wp-content\/uploads\/llac\u0327-negre-.jpg","width":450,"height":235},{"@type":"BreadcrumbList","@id":"https:\/\/www.psib-psoe.org\/eivissa\/el-psoe-manifiesta-su-dolor-y-condena-por-el-asesinato-machista-de-una-joven-en-eivissa-y-hace-un-llamamiento-a-reforzar-todas-las-politicas-publicas-de-lucha-contra-las-violencias-y-discriminaciones\/#breadcrumb","itemListElement":[{"@type":"ListItem","position":1,"name":"Inici","item":"https:\/\/www.psib-psoe.org\/eivissa\/"},{"@type":"ListItem","position":2,"name":"El PSOE manifiesta su dolor y condena por el asesinato machista de una joven en Eivissa, y hace un llamamiento a reforzar todas las pol\u00edticas p\u00fablicas de lucha contra la violencia y discriminaci\u00f3n que sufren las mujeres"}]},{"@type":"WebSite","@id":"https:\/\/www.psib-psoe.org\/eivissa\/#website","url":"https:\/\/www.psib-psoe.org\/eivissa\/","name":"Federaci\u00f3 Socialista d'Eivissa","description":"Socialistes d&#039;Eivissa","publisher":{"@id":"https:\/\/www.psib-psoe.org\/eivissa\/#organization"},"potentialAction":[{"@type":"SearchAction","target":{"@type":"EntryPoint","urlTemplate":"https:\/\/www.psib-psoe.org\/eivissa\/?s={search_term_string}"},"query-input":{"@type":"PropertyValueSpecification","valueRequired":true,"valueName":"search_term_string"}}],"inLanguage":"ca"},{"@type":"Organization","@id":"https:\/\/www.psib-psoe.org\/eivissa\/#organization","name":"Federaci\u00f3 Socialista d'Eivissa","url":"https:\/\/www.psib-psoe.org\/eivissa\/","logo":{"@type":"ImageObject","inLanguage":"ca","@id":"https:\/\/www.psib-psoe.org\/eivissa\/#\/schema\/logo\/image\/","url":"https:\/\/www.psib-psoe.org\/eivissa\/wp-content\/uploads\/LOGO-FSE-SOCIALISTA-DEIVISSA-HORI.png","contentUrl":"https:\/\/www.psib-psoe.org\/eivissa\/wp-content\/uploads\/LOGO-FSE-SOCIALISTA-DEIVISSA-HORI.png","width":6000,"height":3104,"caption":"Federaci\u00f3 Socialista d'Eivissa"},"image":{"@id":"https:\/\/www.psib-psoe.org\/eivissa\/#\/schema\/logo\/image\/"}},{"@type":"Person","@id":"https:\/\/www.psib-psoe.org\/eivissa\/#\/schema\/person\/7a9d2841fb36f32e34fc0e9b245e8117","name":"Josep Ripoll","sameAs":["http:\/\/www.psib-psoe.org\/eivissa\/wp-login.php"],"url":"https:\/\/www.psib-psoe.org\/eivissa\/author\/josep\/"}]}},"_links":{"self":[{"href":"https:\/\/www.psib-psoe.org\/eivissa\/wp-json\/wp\/v2\/posts\/33562","targetHints":{"allow":["GET"]}}],"collection":[{"href":"https:\/\/www.psib-psoe.org\/eivissa\/wp-json\/wp\/v2\/posts"}],"about":[{"href":"https:\/\/www.psib-psoe.org\/eivissa\/wp-json\/wp\/v2\/types\/post"}],"author":[{"embeddable":true,"href":"https:\/\/www.psib-psoe.org\/eivissa\/wp-json\/wp\/v2\/users\/7"}],"replies":[{"embeddable":true,"href":"https:\/\/www.psib-psoe.org\/eivissa\/wp-json\/wp\/v2\/comments?post=33562"}],"version-history":[{"count":2,"href":"https:\/\/www.psib-psoe.org\/eivissa\/wp-json\/wp\/v2\/posts\/33562\/revisions"}],"predecessor-version":[{"id":33676,"href":"https:\/\/www.psib-psoe.org\/eivissa\/wp-json\/wp\/v2\/posts\/33562\/revisions\/33676"}],"wp:featuredmedia":[{"embeddable":true,"href":"https:\/\/www.psib-psoe.org\/eivissa\/wp-json\/wp\/v2\/media\/30845"}],"wp:attachment":[{"href":"https:\/\/www.psib-psoe.org\/eivissa\/wp-json\/wp\/v2\/media?parent=33562"}],"wp:term":[{"taxonomy":"category","embeddable":true,"href":"https:\/\/www.psib-psoe.org\/eivissa\/wp-json\/wp\/v2\/categories?post=33562"},{"taxonomy":"post_tag","embeddable":true,"href":"https:\/\/www.psib-psoe.org\/eivissa\/wp-json\/wp\/v2\/tags?post=33562"}],"curies":[{"name":"wp","href":"https:\/\/api.w.org\/{rel}","templated":true}]}}