{"id":33603,"date":"2021-06-18T05:00:06","date_gmt":"2021-06-18T03:00:06","guid":{"rendered":"https:\/\/www.psib-psoe.org\/eivissa\/?p=33603"},"modified":"2021-06-10T10:05:36","modified_gmt":"2021-06-10T08:05:36","slug":"el-psoe-critica-que-el-pp-traslade-a-las-calles-de-eivissa-el-discurso-de-la-crispacion-y-del-enfrentamiento-entre-territorios-y-considera-que-marga-prohens-comienza-con-muy-mal-pie-en-nuestra-isla","status":"publish","type":"post","link":"https:\/\/www.psib-psoe.org\/eivissa\/el-psoe-critica-que-el-pp-traslade-a-las-calles-de-eivissa-el-discurso-de-la-crispacion-y-del-enfrentamiento-entre-territorios-y-considera-que-marga-prohens-comienza-con-muy-mal-pie-en-nuestra-isla\/","title":{"rendered":"El PSOE critica que el PP traslade a las calles de Eivissa el discurso de la crispaci\u00f3n y del enfrentamiento entre territorios, y considera que Marga Prohens comienza con muy mal pie en nuestra isla"},"content":{"rendered":"<p><span style=\"font-weight: 400;\">La Federaci\u00f3n Socialista de Eivissa (FSE-PSOE) quiere manifestar p\u00fablicamente su decepci\u00f3n por la decisi\u00f3n del PP de instalar en las calles de Eivissa su campa\u00f1a de crispaci\u00f3n y de enfrentamiento, en vez de ayudar a hacer posible el reencuentro y cerrar las heridas que se abrieron, justamente, durante el gobierno de Mariano Rajoy.<\/span><\/p>\n<p><span style=\"font-weight: 400;\">Una campa\u00f1a de recogida de firmas que, claramente, tiene el objetivo de evitar que se hable de otros asuntos de mucha gravedad que les afectan directamente, como es la corrupci\u00f3n de su partido, sobre la que Pablo Casado se niega a responder, protegiendo a Mar\u00eda Dolores de Cospedal a pesar de su imputaci\u00f3n por el caso Kitchen.<\/span><\/p>\n<p><span style=\"font-weight: 400;\">La FSE tambi\u00e9n considera que Marga Prohens, candidata a presidir el PP balear, comienza con muy mal pie en nuestra isla, escogiendo como primer acto una campa\u00f1a de recogida de firmas que s\u00f3lo fomentar\u00e1 la agitaci\u00f3n y enfrentamiento entre territorios, en vez de ayudar a buscar soluciones a los problemas de nuestro pa\u00eds.<\/span><\/p>\n<p><span style=\"font-weight: 400;\">Esta irresponsabilidad demuestra que Marga Prohens representa el peor PP de siempre, que en Illes Balears dio etapas tan nefastas como las de Jaume Matas y Jos\u00e9 Ram\u00f3n Bauz\u00e1.<\/span><\/p>\n<p><span style=\"font-weight: 400;\">La Federaci\u00f3n Socialista de Eivissa tambi\u00e9n alerta de que el modelo Ayuso, que Marga Prohens dice representar, est\u00e1 suponiendo un aut\u00e9ntico desastre para nuestra isla, ya que la elevada incidencia de la pandemia en comunidades como la suya est\u00e1 bloqueando la recuperaci\u00f3n del turismo brit\u00e1nico, principal mercado de nuestra isla.<\/span><\/p>\n<p><span style=\"font-weight: 400;\">Marga Prohens intenta imitar a la presidenta de Madrid, y es por eso que debemos tener muy en cuenta las consecuencias que tendr\u00eda en Balears un pacto del PP con la ultraderecha en cuanto a retroceso en pol\u00edticas sociales, de igualdad y de recuperaci\u00f3n justa en las que venimos trabajando los y las Socialistas desde el Gobierno progresista de nuestra Comunidad.<\/span><\/p>\n","protected":false},"excerpt":{"rendered":"<p>La Federaci\u00f3n Socialista de Eivissa (FSE-PSOE) quiere manifestar p\u00fablicamente su decepci\u00f3n por la decisi\u00f3n del PP de instalar en las calles de Eivissa su campa\u00f1a de crispaci\u00f3n y de enfrentamiento, en vez de ayudar a hacer posible el reencuentro y cerrar las heridas que se abrieron, justamente, durante el gobierno de Mariano Rajoy. Una campa\u00f1a&hellip;<\/p>\n","protected":false},"author":7,"featured_media":31693,"comment_status":"closed","ping_status":"closed","sticky":false,"template":"","format":"standard","meta":{"footnotes":""},"categories":[212],"tags":[],"class_list":["post-33603","post","type-post","status-publish","format-standard","has-post-thumbnail","hentry","category-fse-psoe"],"yoast_head":"<!-- This site is optimized with the Yoast SEO plugin v26.9 - https:\/\/yoast.com\/product\/yoast-seo-wordpress\/ -->\n<title>El PSOE critica que el PP traslade a las calles de Eivissa el discurso de la crispaci\u00f3n y del enfrentamiento entre territorios, y considera que Marga Prohens comienza con muy mal pie en nuestra isla - Federaci\u00f3 Socialista d&#039;Eivissa<\/title>\n<meta name=\"robots\" content=\"index, follow, max-snippet:-1, max-image-preview:large, max-video-preview:-1\" \/>\n<link rel=\"canonical\" href=\"https:\/\/www.psib-psoe.org\/eivissa\/el-psoe-critica-que-el-pp-traslade-a-las-calles-de-eivissa-el-discurso-de-la-crispacion-y-del-enfrentamiento-entre-territorios-y-considera-que-marga-prohens-comienza-con-muy-mal-pie-en-nuestra-isla\/\" \/>\n<meta property=\"og:locale\" content=\"ca_ES\" \/>\n<meta property=\"og:type\" content=\"article\" \/>\n<meta property=\"og:title\" content=\"El PSOE critica que el PP traslade a las calles de Eivissa el discurso de la crispaci\u00f3n y del enfrentamiento entre territorios, y considera que Marga Prohens comienza con muy mal pie en nuestra isla - Federaci\u00f3 Socialista d&#039;Eivissa\" \/>\n<meta property=\"og:description\" content=\"La Federaci\u00f3n Socialista de Eivissa (FSE-PSOE) quiere manifestar p\u00fablicamente su decepci\u00f3n por la decisi\u00f3n del PP de instalar en las calles de Eivissa su campa\u00f1a de crispaci\u00f3n y de enfrentamiento, en vez de ayudar a hacer posible el reencuentro y cerrar las heridas que se abrieron, justamente, durante el gobierno de Mariano Rajoy. Una campa\u00f1a&hellip;\" \/>\n<meta property=\"og:url\" content=\"https:\/\/www.psib-psoe.org\/eivissa\/el-psoe-critica-que-el-pp-traslade-a-las-calles-de-eivissa-el-discurso-de-la-crispacion-y-del-enfrentamiento-entre-territorios-y-considera-que-marga-prohens-comienza-con-muy-mal-pie-en-nuestra-isla\/\" \/>\n<meta property=\"og:site_name\" content=\"Federaci\u00f3 Socialista d&#039;Eivissa\" \/>\n<meta property=\"article:published_time\" content=\"2021-06-18T03:00:06+00:00\" \/>\n<meta property=\"og:image\" content=\"https:\/\/www.psib-psoe.org\/eivissa\/wp-content\/uploads\/DD569065-2DB1-490E-A3B6-7500B4F9F15F.jpeg\" \/>\n\t<meta property=\"og:image:width\" content=\"1920\" \/>\n\t<meta property=\"og:image:height\" content=\"1080\" \/>\n\t<meta property=\"og:image:type\" content=\"image\/jpeg\" \/>\n<meta name=\"author\" content=\"Josep Ripoll\" \/>\n<meta name=\"twitter:card\" content=\"summary_large_image\" \/>\n<meta name=\"twitter:label1\" content=\"Escrit per\" \/>\n\t<meta name=\"twitter:data1\" content=\"Josep Ripoll\" \/>\n\t<meta name=\"twitter:label2\" content=\"Temps estimat de lectura\" \/>\n\t<meta name=\"twitter:data2\" content=\"2 minuts\" \/>\n<script type=\"application\/ld+json\" class=\"yoast-schema-graph\">{\"@context\":\"https:\/\/schema.org\",\"@graph\":[{\"@type\":[\"Article\",\"BlogPosting\"],\"@id\":\"https:\/\/www.psib-psoe.org\/eivissa\/el-psoe-critica-que-el-pp-traslade-a-las-calles-de-eivissa-el-discurso-de-la-crispacion-y-del-enfrentamiento-entre-territorios-y-considera-que-marga-prohens-comienza-con-muy-mal-pie-en-nuestra-isla\/#article\",\"isPartOf\":{\"@id\":\"https:\/\/www.psib-psoe.org\/eivissa\/el-psoe-critica-que-el-pp-traslade-a-las-calles-de-eivissa-el-discurso-de-la-crispacion-y-del-enfrentamiento-entre-territorios-y-considera-que-marga-prohens-comienza-con-muy-mal-pie-en-nuestra-isla\/\"},\"author\":{\"name\":\"Josep Ripoll\",\"@id\":\"https:\/\/www.psib-psoe.org\/eivissa\/#\/schema\/person\/7a9d2841fb36f32e34fc0e9b245e8117\"},\"headline\":\"El PSOE critica que el PP traslade a las calles de Eivissa el discurso de la crispaci\u00f3n y del enfrentamiento entre territorios, y considera que Marga Prohens comienza con muy mal pie en nuestra isla\",\"datePublished\":\"2021-06-18T03:00:06+00:00\",\"mainEntityOfPage\":{\"@id\":\"https:\/\/www.psib-psoe.org\/eivissa\/el-psoe-critica-que-el-pp-traslade-a-las-calles-de-eivissa-el-discurso-de-la-crispacion-y-del-enfrentamiento-entre-territorios-y-considera-que-marga-prohens-comienza-con-muy-mal-pie-en-nuestra-isla\/\"},\"wordCount\":363,\"publisher\":{\"@id\":\"https:\/\/www.psib-psoe.org\/eivissa\/#organization\"},\"image\":{\"@id\":\"https:\/\/www.psib-psoe.org\/eivissa\/el-psoe-critica-que-el-pp-traslade-a-las-calles-de-eivissa-el-discurso-de-la-crispacion-y-del-enfrentamiento-entre-territorios-y-considera-que-marga-prohens-comienza-con-muy-mal-pie-en-nuestra-isla\/#primaryimage\"},\"thumbnailUrl\":\"https:\/\/www.psib-psoe.org\/eivissa\/wp-content\/uploads\/DD569065-2DB1-490E-A3B6-7500B4F9F15F.jpeg\",\"articleSection\":[\"FSE-PSOE\"],\"inLanguage\":\"ca\"},{\"@type\":\"WebPage\",\"@id\":\"https:\/\/www.psib-psoe.org\/eivissa\/el-psoe-critica-que-el-pp-traslade-a-las-calles-de-eivissa-el-discurso-de-la-crispacion-y-del-enfrentamiento-entre-territorios-y-considera-que-marga-prohens-comienza-con-muy-mal-pie-en-nuestra-isla\/\",\"url\":\"https:\/\/www.psib-psoe.org\/eivissa\/el-psoe-critica-que-el-pp-traslade-a-las-calles-de-eivissa-el-discurso-de-la-crispacion-y-del-enfrentamiento-entre-territorios-y-considera-que-marga-prohens-comienza-con-muy-mal-pie-en-nuestra-isla\/\",\"name\":\"El PSOE critica que el PP traslade a las calles de Eivissa el discurso de la crispaci\u00f3n y del enfrentamiento entre territorios, y considera que Marga Prohens comienza con muy mal pie en nuestra isla - Federaci\u00f3 Socialista d&#039;Eivissa\",\"isPartOf\":{\"@id\":\"https:\/\/www.psib-psoe.org\/eivissa\/#website\"},\"primaryImageOfPage\":{\"@id\":\"https:\/\/www.psib-psoe.org\/eivissa\/el-psoe-critica-que-el-pp-traslade-a-las-calles-de-eivissa-el-discurso-de-la-crispacion-y-del-enfrentamiento-entre-territorios-y-considera-que-marga-prohens-comienza-con-muy-mal-pie-en-nuestra-isla\/#primaryimage\"},\"image\":{\"@id\":\"https:\/\/www.psib-psoe.org\/eivissa\/el-psoe-critica-que-el-pp-traslade-a-las-calles-de-eivissa-el-discurso-de-la-crispacion-y-del-enfrentamiento-entre-territorios-y-considera-que-marga-prohens-comienza-con-muy-mal-pie-en-nuestra-isla\/#primaryimage\"},\"thumbnailUrl\":\"https:\/\/www.psib-psoe.org\/eivissa\/wp-content\/uploads\/DD569065-2DB1-490E-A3B6-7500B4F9F15F.jpeg\",\"datePublished\":\"2021-06-18T03:00:06+00:00\",\"breadcrumb\":{\"@id\":\"https:\/\/www.psib-psoe.org\/eivissa\/el-psoe-critica-que-el-pp-traslade-a-las-calles-de-eivissa-el-discurso-de-la-crispacion-y-del-enfrentamiento-entre-territorios-y-considera-que-marga-prohens-comienza-con-muy-mal-pie-en-nuestra-isla\/#breadcrumb\"},\"inLanguage\":\"ca\",\"potentialAction\":[{\"@type\":\"ReadAction\",\"target\":[\"https:\/\/www.psib-psoe.org\/eivissa\/el-psoe-critica-que-el-pp-traslade-a-las-calles-de-eivissa-el-discurso-de-la-crispacion-y-del-enfrentamiento-entre-territorios-y-considera-que-marga-prohens-comienza-con-muy-mal-pie-en-nuestra-isla\/\"]}]},{\"@type\":\"ImageObject\",\"inLanguage\":\"ca\",\"@id\":\"https:\/\/www.psib-psoe.org\/eivissa\/el-psoe-critica-que-el-pp-traslade-a-las-calles-de-eivissa-el-discurso-de-la-crispacion-y-del-enfrentamiento-entre-territorios-y-considera-que-marga-prohens-comienza-con-muy-mal-pie-en-nuestra-isla\/#primaryimage\",\"url\":\"https:\/\/www.psib-psoe.org\/eivissa\/wp-content\/uploads\/DD569065-2DB1-490E-A3B6-7500B4F9F15F.jpeg\",\"contentUrl\":\"https:\/\/www.psib-psoe.org\/eivissa\/wp-content\/uploads\/DD569065-2DB1-490E-A3B6-7500B4F9F15F.jpeg\",\"width\":1920,\"height\":1080},{\"@type\":\"BreadcrumbList\",\"@id\":\"https:\/\/www.psib-psoe.org\/eivissa\/el-psoe-critica-que-el-pp-traslade-a-las-calles-de-eivissa-el-discurso-de-la-crispacion-y-del-enfrentamiento-entre-territorios-y-considera-que-marga-prohens-comienza-con-muy-mal-pie-en-nuestra-isla\/#breadcrumb\",\"itemListElement\":[{\"@type\":\"ListItem\",\"position\":1,\"name\":\"Inici\",\"item\":\"https:\/\/www.psib-psoe.org\/eivissa\/\"},{\"@type\":\"ListItem\",\"position\":2,\"name\":\"El PSOE critica que el PP traslade a las calles de Eivissa el discurso de la crispaci\u00f3n y del enfrentamiento entre territorios, y considera que Marga Prohens comienza con muy mal pie en nuestra isla\"}]},{\"@type\":\"WebSite\",\"@id\":\"https:\/\/www.psib-psoe.org\/eivissa\/#website\",\"url\":\"https:\/\/www.psib-psoe.org\/eivissa\/\",\"name\":\"Federaci\u00f3 Socialista d'Eivissa\",\"description\":\"Socialistes d&#039;Eivissa\",\"publisher\":{\"@id\":\"https:\/\/www.psib-psoe.org\/eivissa\/#organization\"},\"potentialAction\":[{\"@type\":\"SearchAction\",\"target\":{\"@type\":\"EntryPoint\",\"urlTemplate\":\"https:\/\/www.psib-psoe.org\/eivissa\/?s={search_term_string}\"},\"query-input\":{\"@type\":\"PropertyValueSpecification\",\"valueRequired\":true,\"valueName\":\"search_term_string\"}}],\"inLanguage\":\"ca\"},{\"@type\":\"Organization\",\"@id\":\"https:\/\/www.psib-psoe.org\/eivissa\/#organization\",\"name\":\"Federaci\u00f3 Socialista d'Eivissa\",\"url\":\"https:\/\/www.psib-psoe.org\/eivissa\/\",\"logo\":{\"@type\":\"ImageObject\",\"inLanguage\":\"ca\",\"@id\":\"https:\/\/www.psib-psoe.org\/eivissa\/#\/schema\/logo\/image\/\",\"url\":\"https:\/\/www.psib-psoe.org\/eivissa\/wp-content\/uploads\/LOGO-FSE-SOCIALISTA-DEIVISSA-HORI.png\",\"contentUrl\":\"https:\/\/www.psib-psoe.org\/eivissa\/wp-content\/uploads\/LOGO-FSE-SOCIALISTA-DEIVISSA-HORI.png\",\"width\":6000,\"height\":3104,\"caption\":\"Federaci\u00f3 Socialista d'Eivissa\"},\"image\":{\"@id\":\"https:\/\/www.psib-psoe.org\/eivissa\/#\/schema\/logo\/image\/\"}},{\"@type\":\"Person\",\"@id\":\"https:\/\/www.psib-psoe.org\/eivissa\/#\/schema\/person\/7a9d2841fb36f32e34fc0e9b245e8117\",\"name\":\"Josep Ripoll\",\"sameAs\":[\"http:\/\/www.psib-psoe.org\/eivissa\/wp-login.php\"],\"url\":\"https:\/\/www.psib-psoe.org\/eivissa\/author\/josep\/\"}]}<\/script>\n<!-- \/ Yoast SEO plugin. -->","yoast_head_json":{"title":"El PSOE critica que el PP traslade a las calles de Eivissa el discurso de la crispaci\u00f3n y del enfrentamiento entre territorios, y considera que Marga Prohens comienza con muy mal pie en nuestra isla - Federaci\u00f3 Socialista d&#039;Eivissa","robots":{"index":"index","follow":"follow","max-snippet":"max-snippet:-1","max-image-preview":"max-image-preview:large","max-video-preview":"max-video-preview:-1"},"canonical":"https:\/\/www.psib-psoe.org\/eivissa\/el-psoe-critica-que-el-pp-traslade-a-las-calles-de-eivissa-el-discurso-de-la-crispacion-y-del-enfrentamiento-entre-territorios-y-considera-que-marga-prohens-comienza-con-muy-mal-pie-en-nuestra-isla\/","og_locale":"ca_ES","og_type":"article","og_title":"El PSOE critica que el PP traslade a las calles de Eivissa el discurso de la crispaci\u00f3n y del enfrentamiento entre territorios, y considera que Marga Prohens comienza con muy mal pie en nuestra isla - Federaci\u00f3 Socialista d&#039;Eivissa","og_description":"La Federaci\u00f3n Socialista de Eivissa (FSE-PSOE) quiere manifestar p\u00fablicamente su decepci\u00f3n por la decisi\u00f3n del PP de instalar en las calles de Eivissa su campa\u00f1a de crispaci\u00f3n y de enfrentamiento, en vez de ayudar a hacer posible el reencuentro y cerrar las heridas que se abrieron, justamente, durante el gobierno de Mariano Rajoy. Una campa\u00f1a&hellip;","og_url":"https:\/\/www.psib-psoe.org\/eivissa\/el-psoe-critica-que-el-pp-traslade-a-las-calles-de-eivissa-el-discurso-de-la-crispacion-y-del-enfrentamiento-entre-territorios-y-considera-que-marga-prohens-comienza-con-muy-mal-pie-en-nuestra-isla\/","og_site_name":"Federaci\u00f3 Socialista d&#039;Eivissa","article_published_time":"2021-06-18T03:00:06+00:00","og_image":[{"width":1920,"height":1080,"url":"https:\/\/www.psib-psoe.org\/eivissa\/wp-content\/uploads\/DD569065-2DB1-490E-A3B6-7500B4F9F15F.jpeg","type":"image\/jpeg"}],"author":"Josep Ripoll","twitter_card":"summary_large_image","twitter_misc":{"Escrit per":"Josep Ripoll","Temps estimat de lectura":"2 minuts"},"schema":{"@context":"https:\/\/schema.org","@graph":[{"@type":["Article","BlogPosting"],"@id":"https:\/\/www.psib-psoe.org\/eivissa\/el-psoe-critica-que-el-pp-traslade-a-las-calles-de-eivissa-el-discurso-de-la-crispacion-y-del-enfrentamiento-entre-territorios-y-considera-que-marga-prohens-comienza-con-muy-mal-pie-en-nuestra-isla\/#article","isPartOf":{"@id":"https:\/\/www.psib-psoe.org\/eivissa\/el-psoe-critica-que-el-pp-traslade-a-las-calles-de-eivissa-el-discurso-de-la-crispacion-y-del-enfrentamiento-entre-territorios-y-considera-que-marga-prohens-comienza-con-muy-mal-pie-en-nuestra-isla\/"},"author":{"name":"Josep Ripoll","@id":"https:\/\/www.psib-psoe.org\/eivissa\/#\/schema\/person\/7a9d2841fb36f32e34fc0e9b245e8117"},"headline":"El PSOE critica que el PP traslade a las calles de Eivissa el discurso de la crispaci\u00f3n y del enfrentamiento entre territorios, y considera que Marga Prohens comienza con muy mal pie en nuestra isla","datePublished":"2021-06-18T03:00:06+00:00","mainEntityOfPage":{"@id":"https:\/\/www.psib-psoe.org\/eivissa\/el-psoe-critica-que-el-pp-traslade-a-las-calles-de-eivissa-el-discurso-de-la-crispacion-y-del-enfrentamiento-entre-territorios-y-considera-que-marga-prohens-comienza-con-muy-mal-pie-en-nuestra-isla\/"},"wordCount":363,"publisher":{"@id":"https:\/\/www.psib-psoe.org\/eivissa\/#organization"},"image":{"@id":"https:\/\/www.psib-psoe.org\/eivissa\/el-psoe-critica-que-el-pp-traslade-a-las-calles-de-eivissa-el-discurso-de-la-crispacion-y-del-enfrentamiento-entre-territorios-y-considera-que-marga-prohens-comienza-con-muy-mal-pie-en-nuestra-isla\/#primaryimage"},"thumbnailUrl":"https:\/\/www.psib-psoe.org\/eivissa\/wp-content\/uploads\/DD569065-2DB1-490E-A3B6-7500B4F9F15F.jpeg","articleSection":["FSE-PSOE"],"inLanguage":"ca"},{"@type":"WebPage","@id":"https:\/\/www.psib-psoe.org\/eivissa\/el-psoe-critica-que-el-pp-traslade-a-las-calles-de-eivissa-el-discurso-de-la-crispacion-y-del-enfrentamiento-entre-territorios-y-considera-que-marga-prohens-comienza-con-muy-mal-pie-en-nuestra-isla\/","url":"https:\/\/www.psib-psoe.org\/eivissa\/el-psoe-critica-que-el-pp-traslade-a-las-calles-de-eivissa-el-discurso-de-la-crispacion-y-del-enfrentamiento-entre-territorios-y-considera-que-marga-prohens-comienza-con-muy-mal-pie-en-nuestra-isla\/","name":"El PSOE critica que el PP traslade a las calles de Eivissa el discurso de la crispaci\u00f3n y del enfrentamiento entre territorios, y considera que Marga Prohens comienza con muy mal pie en nuestra isla - Federaci\u00f3 Socialista d&#039;Eivissa","isPartOf":{"@id":"https:\/\/www.psib-psoe.org\/eivissa\/#website"},"primaryImageOfPage":{"@id":"https:\/\/www.psib-psoe.org\/eivissa\/el-psoe-critica-que-el-pp-traslade-a-las-calles-de-eivissa-el-discurso-de-la-crispacion-y-del-enfrentamiento-entre-territorios-y-considera-que-marga-prohens-comienza-con-muy-mal-pie-en-nuestra-isla\/#primaryimage"},"image":{"@id":"https:\/\/www.psib-psoe.org\/eivissa\/el-psoe-critica-que-el-pp-traslade-a-las-calles-de-eivissa-el-discurso-de-la-crispacion-y-del-enfrentamiento-entre-territorios-y-considera-que-marga-prohens-comienza-con-muy-mal-pie-en-nuestra-isla\/#primaryimage"},"thumbnailUrl":"https:\/\/www.psib-psoe.org\/eivissa\/wp-content\/uploads\/DD569065-2DB1-490E-A3B6-7500B4F9F15F.jpeg","datePublished":"2021-06-18T03:00:06+00:00","breadcrumb":{"@id":"https:\/\/www.psib-psoe.org\/eivissa\/el-psoe-critica-que-el-pp-traslade-a-las-calles-de-eivissa-el-discurso-de-la-crispacion-y-del-enfrentamiento-entre-territorios-y-considera-que-marga-prohens-comienza-con-muy-mal-pie-en-nuestra-isla\/#breadcrumb"},"inLanguage":"ca","potentialAction":[{"@type":"ReadAction","target":["https:\/\/www.psib-psoe.org\/eivissa\/el-psoe-critica-que-el-pp-traslade-a-las-calles-de-eivissa-el-discurso-de-la-crispacion-y-del-enfrentamiento-entre-territorios-y-considera-que-marga-prohens-comienza-con-muy-mal-pie-en-nuestra-isla\/"]}]},{"@type":"ImageObject","inLanguage":"ca","@id":"https:\/\/www.psib-psoe.org\/eivissa\/el-psoe-critica-que-el-pp-traslade-a-las-calles-de-eivissa-el-discurso-de-la-crispacion-y-del-enfrentamiento-entre-territorios-y-considera-que-marga-prohens-comienza-con-muy-mal-pie-en-nuestra-isla\/#primaryimage","url":"https:\/\/www.psib-psoe.org\/eivissa\/wp-content\/uploads\/DD569065-2DB1-490E-A3B6-7500B4F9F15F.jpeg","contentUrl":"https:\/\/www.psib-psoe.org\/eivissa\/wp-content\/uploads\/DD569065-2DB1-490E-A3B6-7500B4F9F15F.jpeg","width":1920,"height":1080},{"@type":"BreadcrumbList","@id":"https:\/\/www.psib-psoe.org\/eivissa\/el-psoe-critica-que-el-pp-traslade-a-las-calles-de-eivissa-el-discurso-de-la-crispacion-y-del-enfrentamiento-entre-territorios-y-considera-que-marga-prohens-comienza-con-muy-mal-pie-en-nuestra-isla\/#breadcrumb","itemListElement":[{"@type":"ListItem","position":1,"name":"Inici","item":"https:\/\/www.psib-psoe.org\/eivissa\/"},{"@type":"ListItem","position":2,"name":"El PSOE critica que el PP traslade a las calles de Eivissa el discurso de la crispaci\u00f3n y del enfrentamiento entre territorios, y considera que Marga Prohens comienza con muy mal pie en nuestra isla"}]},{"@type":"WebSite","@id":"https:\/\/www.psib-psoe.org\/eivissa\/#website","url":"https:\/\/www.psib-psoe.org\/eivissa\/","name":"Federaci\u00f3 Socialista d'Eivissa","description":"Socialistes d&#039;Eivissa","publisher":{"@id":"https:\/\/www.psib-psoe.org\/eivissa\/#organization"},"potentialAction":[{"@type":"SearchAction","target":{"@type":"EntryPoint","urlTemplate":"https:\/\/www.psib-psoe.org\/eivissa\/?s={search_term_string}"},"query-input":{"@type":"PropertyValueSpecification","valueRequired":true,"valueName":"search_term_string"}}],"inLanguage":"ca"},{"@type":"Organization","@id":"https:\/\/www.psib-psoe.org\/eivissa\/#organization","name":"Federaci\u00f3 Socialista d'Eivissa","url":"https:\/\/www.psib-psoe.org\/eivissa\/","logo":{"@type":"ImageObject","inLanguage":"ca","@id":"https:\/\/www.psib-psoe.org\/eivissa\/#\/schema\/logo\/image\/","url":"https:\/\/www.psib-psoe.org\/eivissa\/wp-content\/uploads\/LOGO-FSE-SOCIALISTA-DEIVISSA-HORI.png","contentUrl":"https:\/\/www.psib-psoe.org\/eivissa\/wp-content\/uploads\/LOGO-FSE-SOCIALISTA-DEIVISSA-HORI.png","width":6000,"height":3104,"caption":"Federaci\u00f3 Socialista d'Eivissa"},"image":{"@id":"https:\/\/www.psib-psoe.org\/eivissa\/#\/schema\/logo\/image\/"}},{"@type":"Person","@id":"https:\/\/www.psib-psoe.org\/eivissa\/#\/schema\/person\/7a9d2841fb36f32e34fc0e9b245e8117","name":"Josep Ripoll","sameAs":["http:\/\/www.psib-psoe.org\/eivissa\/wp-login.php"],"url":"https:\/\/www.psib-psoe.org\/eivissa\/author\/josep\/"}]}},"_links":{"self":[{"href":"https:\/\/www.psib-psoe.org\/eivissa\/wp-json\/wp\/v2\/posts\/33603","targetHints":{"allow":["GET"]}}],"collection":[{"href":"https:\/\/www.psib-psoe.org\/eivissa\/wp-json\/wp\/v2\/posts"}],"about":[{"href":"https:\/\/www.psib-psoe.org\/eivissa\/wp-json\/wp\/v2\/types\/post"}],"author":[{"embeddable":true,"href":"https:\/\/www.psib-psoe.org\/eivissa\/wp-json\/wp\/v2\/users\/7"}],"replies":[{"embeddable":true,"href":"https:\/\/www.psib-psoe.org\/eivissa\/wp-json\/wp\/v2\/comments?post=33603"}],"version-history":[{"count":1,"href":"https:\/\/www.psib-psoe.org\/eivissa\/wp-json\/wp\/v2\/posts\/33603\/revisions"}],"predecessor-version":[{"id":33604,"href":"https:\/\/www.psib-psoe.org\/eivissa\/wp-json\/wp\/v2\/posts\/33603\/revisions\/33604"}],"wp:featuredmedia":[{"embeddable":true,"href":"https:\/\/www.psib-psoe.org\/eivissa\/wp-json\/wp\/v2\/media\/31693"}],"wp:attachment":[{"href":"https:\/\/www.psib-psoe.org\/eivissa\/wp-json\/wp\/v2\/media?parent=33603"}],"wp:term":[{"taxonomy":"category","embeddable":true,"href":"https:\/\/www.psib-psoe.org\/eivissa\/wp-json\/wp\/v2\/categories?post=33603"},{"taxonomy":"post_tag","embeddable":true,"href":"https:\/\/www.psib-psoe.org\/eivissa\/wp-json\/wp\/v2\/tags?post=33603"}],"curies":[{"name":"wp","href":"https:\/\/api.w.org\/{rel}","templated":true}]}}