{"id":33614,"date":"2021-06-18T06:32:56","date_gmt":"2021-06-18T04:32:56","guid":{"rendered":"https:\/\/www.psib-psoe.org\/eivissa\/?p=33614"},"modified":"2021-06-14T12:35:00","modified_gmt":"2021-06-14T10:35:00","slug":"el-psoe-manifiesta-su-radical-oposicion-a-la-explotacion-turistica-y-urbanistica-del-campo-que-quiere-imponer-el-consell-insular-de-vicent-mari","status":"publish","type":"post","link":"https:\/\/www.psib-psoe.org\/eivissa\/el-psoe-manifiesta-su-radical-oposicion-a-la-explotacion-turistica-y-urbanistica-del-campo-que-quiere-imponer-el-consell-insular-de-vicent-mari\/","title":{"rendered":"El PSOE manifiesta su radical oposici\u00f3n a la explotaci\u00f3n tur\u00edstica y urban\u00edstica del campo que quiere imponer el Consell Insular de Vicent Mar\u00ed"},"content":{"rendered":"<p><span style=\"font-weight: 400;\">La Federaci\u00f3n Socialista de Eivissa (FSE-PSOE) quiere hacer p\u00fablica su radical oposici\u00f3n a la explotaci\u00f3n tur\u00edstica y urban\u00edstica del campo que quiere imponer el Consell Insular de Vicent Mar\u00ed a trav\u00e9s del Reglamento de simplificaci\u00f3n administrativa y de una futura modificaci\u00f3n del Plan Territorial Insular (PTI). El Partido Socialista presentar\u00e1 alegaciones al Reglamento, que se encuentra en exposici\u00f3n p\u00fablica, y se posicionar\u00e1 en contra de cualquier propuesta de modificaci\u00f3n del PTI que suponga desproteger un solo palmo de tierra de nuestra isla.<\/span><\/p>\n<p><span style=\"font-weight: 400;\">El modelo tur\u00edstico y urban\u00edstico de Vicent Mari, con su propuesta de 6.000 plazas tur\u00edsticas en casas payesas, es una aut\u00e9ntica barbaridad que no podemos permitir de ninguna manera, como tampoco pensamos aceptar la autorizaci\u00f3n de nuevas actividades tur\u00edsticas en suelo protegido.<\/span><\/p>\n<p><span style=\"font-weight: 400;\">La regulaci\u00f3n de la actividad de habitaciones tur\u00edsticas, que es una figura prevista en la modificaci\u00f3n de la Ley Tur\u00edstica aprobada por el gobierno progresista de Balears en la pasada legislatura, se debe hacer a trav\u00e9s del PTI o del Plan de Intervenci\u00f3n de \u00c1mbitos Tur\u00edsticos (PIAT), instrumentos de planificaci\u00f3n que la Ley habilita a tales efectos, pero nunca a trav\u00e9s de un simple procedimiento reglamentario, como pretende el equipo de gobierno de Vicent Mar\u00ed y como alegar\u00e1 el PSOE en el per\u00edodo de exposici\u00f3n p\u00fablica que finaliza el pr\u00f3ximo 16 de julio.<\/span><\/p>\n<p><span style=\"font-weight: 400;\">El PSOE tambi\u00e9n critica que Vicent Mar\u00ed quiera imponer la desprotecci\u00f3n del territorio de espaldas a los ayuntamientos y del conjunto de la ciudadan\u00eda, ya que ni el Reglamento de simplificaci\u00f3n ni la propuesta de modificaci\u00f3n del PTI se han tratado en el Consell de Alcaldes, que es el \u00f3rgano pol\u00edtico que deber\u00eda debatir la modificaci\u00f3n de unas normas que tendr\u00edan un gran impacto sobre el territorio.<\/span><\/p>\n<p><span style=\"font-weight: 400;\">Recordemos que el pasado 28 de mayo el grupo PSOE vot\u00f3 en contra de la aprobaci\u00f3n inicial del Reglamento de simplificaci\u00f3n administraba, tanto por sus formas de tramitaci\u00f3n, de espaldas al resto de instituciones y de los grupos pol\u00edticos, como por la su &#8220;clara afectaci\u00f3n encima de la normativa auton\u00f3mica y sobre las competencias municipales&#8221; y las &#8220;serias dudas&#8221; de su legalidad, como explic\u00f3 en el Pleno el portavoz socialista, Vicent Torres.<\/span><\/p>\n<p><span style=\"font-weight: 400;\">Finalmente, la Federaci\u00f3n Socialista de Eivissa quiere remarcar su compromiso con una recuperaci\u00f3n tur\u00edstica y de la econom\u00eda de la isla con criterios de sostenibilidad, protecci\u00f3n del territorio y justicia social. Por el contrario, el Partido Popular de Vicent Mar\u00ed quiere aprovechar la crisis para imponer una nueva ola de masificaci\u00f3n tur\u00edstica y de desprotecci\u00f3n del territorio de la isla de Eivissa, frente a la cual tendr\u00e1 siempre la radical oposici\u00f3n del Partido Socialista.<\/span><\/p>\n","protected":false},"excerpt":{"rendered":"<p>La Federaci\u00f3n Socialista de Eivissa (FSE-PSOE) quiere hacer p\u00fablica su radical oposici\u00f3n a la explotaci\u00f3n tur\u00edstica y urban\u00edstica del campo que quiere imponer el Consell Insular de Vicent Mar\u00ed a trav\u00e9s del Reglamento de simplificaci\u00f3n administrativa y de una futura modificaci\u00f3n del Plan Territorial Insular (PTI). El Partido Socialista presentar\u00e1 alegaciones al Reglamento, que se&hellip;<\/p>\n","protected":false},"author":7,"featured_media":32779,"comment_status":"closed","ping_status":"closed","sticky":false,"template":"","format":"standard","meta":{"footnotes":""},"categories":[212],"tags":[],"class_list":["post-33614","post","type-post","status-publish","format-standard","has-post-thumbnail","hentry","category-fse-psoe"],"yoast_head":"<!-- This site is optimized with the Yoast SEO plugin v26.9 - https:\/\/yoast.com\/product\/yoast-seo-wordpress\/ -->\n<title>El PSOE manifiesta su radical oposici\u00f3n a la explotaci\u00f3n tur\u00edstica y urban\u00edstica del campo que quiere imponer el Consell Insular de Vicent Mar\u00ed - Federaci\u00f3 Socialista d&#039;Eivissa<\/title>\n<meta name=\"robots\" content=\"index, follow, max-snippet:-1, max-image-preview:large, max-video-preview:-1\" \/>\n<link rel=\"canonical\" href=\"https:\/\/www.psib-psoe.org\/eivissa\/el-psoe-manifiesta-su-radical-oposicion-a-la-explotacion-turistica-y-urbanistica-del-campo-que-quiere-imponer-el-consell-insular-de-vicent-mari\/\" \/>\n<meta property=\"og:locale\" content=\"ca_ES\" \/>\n<meta property=\"og:type\" content=\"article\" \/>\n<meta property=\"og:title\" content=\"El PSOE manifiesta su radical oposici\u00f3n a la explotaci\u00f3n tur\u00edstica y urban\u00edstica del campo que quiere imponer el Consell Insular de Vicent Mar\u00ed - Federaci\u00f3 Socialista d&#039;Eivissa\" \/>\n<meta property=\"og:description\" content=\"La Federaci\u00f3n Socialista de Eivissa (FSE-PSOE) quiere hacer p\u00fablica su radical oposici\u00f3n a la explotaci\u00f3n tur\u00edstica y urban\u00edstica del campo que quiere imponer el Consell Insular de Vicent Mar\u00ed a trav\u00e9s del Reglamento de simplificaci\u00f3n administrativa y de una futura modificaci\u00f3n del Plan Territorial Insular (PTI). El Partido Socialista presentar\u00e1 alegaciones al Reglamento, que se&hellip;\" \/>\n<meta property=\"og:url\" content=\"https:\/\/www.psib-psoe.org\/eivissa\/el-psoe-manifiesta-su-radical-oposicion-a-la-explotacion-turistica-y-urbanistica-del-campo-que-quiere-imponer-el-consell-insular-de-vicent-mari\/\" \/>\n<meta property=\"og:site_name\" content=\"Federaci\u00f3 Socialista d&#039;Eivissa\" \/>\n<meta property=\"article:published_time\" content=\"2021-06-18T04:32:56+00:00\" \/>\n<meta property=\"og:image\" content=\"https:\/\/www.psib-psoe.org\/eivissa\/wp-content\/uploads\/paisatge-eivissa-1.png\" \/>\n\t<meta property=\"og:image:width\" content=\"1746\" \/>\n\t<meta property=\"og:image:height\" content=\"912\" \/>\n\t<meta property=\"og:image:type\" content=\"image\/png\" \/>\n<meta name=\"author\" content=\"Josep Ripoll\" \/>\n<meta name=\"twitter:card\" content=\"summary_large_image\" \/>\n<meta name=\"twitter:label1\" content=\"Escrit per\" \/>\n\t<meta name=\"twitter:data1\" content=\"Josep Ripoll\" \/>\n\t<meta name=\"twitter:label2\" content=\"Temps estimat de lectura\" \/>\n\t<meta name=\"twitter:data2\" content=\"2 minuts\" \/>\n<script type=\"application\/ld+json\" class=\"yoast-schema-graph\">{\"@context\":\"https:\/\/schema.org\",\"@graph\":[{\"@type\":[\"Article\",\"BlogPosting\"],\"@id\":\"https:\/\/www.psib-psoe.org\/eivissa\/el-psoe-manifiesta-su-radical-oposicion-a-la-explotacion-turistica-y-urbanistica-del-campo-que-quiere-imponer-el-consell-insular-de-vicent-mari\/#article\",\"isPartOf\":{\"@id\":\"https:\/\/www.psib-psoe.org\/eivissa\/el-psoe-manifiesta-su-radical-oposicion-a-la-explotacion-turistica-y-urbanistica-del-campo-que-quiere-imponer-el-consell-insular-de-vicent-mari\/\"},\"author\":{\"name\":\"Josep Ripoll\",\"@id\":\"https:\/\/www.psib-psoe.org\/eivissa\/#\/schema\/person\/7a9d2841fb36f32e34fc0e9b245e8117\"},\"headline\":\"El PSOE manifiesta su radical oposici\u00f3n a la explotaci\u00f3n tur\u00edstica y urban\u00edstica del campo que quiere imponer el Consell Insular de Vicent Mar\u00ed\",\"datePublished\":\"2021-06-18T04:32:56+00:00\",\"mainEntityOfPage\":{\"@id\":\"https:\/\/www.psib-psoe.org\/eivissa\/el-psoe-manifiesta-su-radical-oposicion-a-la-explotacion-turistica-y-urbanistica-del-campo-que-quiere-imponer-el-consell-insular-de-vicent-mari\/\"},\"wordCount\":509,\"publisher\":{\"@id\":\"https:\/\/www.psib-psoe.org\/eivissa\/#organization\"},\"image\":{\"@id\":\"https:\/\/www.psib-psoe.org\/eivissa\/el-psoe-manifiesta-su-radical-oposicion-a-la-explotacion-turistica-y-urbanistica-del-campo-que-quiere-imponer-el-consell-insular-de-vicent-mari\/#primaryimage\"},\"thumbnailUrl\":\"https:\/\/www.psib-psoe.org\/eivissa\/wp-content\/uploads\/paisatge-eivissa-1.png\",\"articleSection\":[\"FSE-PSOE\"],\"inLanguage\":\"ca\"},{\"@type\":\"WebPage\",\"@id\":\"https:\/\/www.psib-psoe.org\/eivissa\/el-psoe-manifiesta-su-radical-oposicion-a-la-explotacion-turistica-y-urbanistica-del-campo-que-quiere-imponer-el-consell-insular-de-vicent-mari\/\",\"url\":\"https:\/\/www.psib-psoe.org\/eivissa\/el-psoe-manifiesta-su-radical-oposicion-a-la-explotacion-turistica-y-urbanistica-del-campo-que-quiere-imponer-el-consell-insular-de-vicent-mari\/\",\"name\":\"El PSOE manifiesta su radical oposici\u00f3n a la explotaci\u00f3n tur\u00edstica y urban\u00edstica del campo que quiere imponer el Consell Insular de Vicent Mar\u00ed - Federaci\u00f3 Socialista d&#039;Eivissa\",\"isPartOf\":{\"@id\":\"https:\/\/www.psib-psoe.org\/eivissa\/#website\"},\"primaryImageOfPage\":{\"@id\":\"https:\/\/www.psib-psoe.org\/eivissa\/el-psoe-manifiesta-su-radical-oposicion-a-la-explotacion-turistica-y-urbanistica-del-campo-que-quiere-imponer-el-consell-insular-de-vicent-mari\/#primaryimage\"},\"image\":{\"@id\":\"https:\/\/www.psib-psoe.org\/eivissa\/el-psoe-manifiesta-su-radical-oposicion-a-la-explotacion-turistica-y-urbanistica-del-campo-que-quiere-imponer-el-consell-insular-de-vicent-mari\/#primaryimage\"},\"thumbnailUrl\":\"https:\/\/www.psib-psoe.org\/eivissa\/wp-content\/uploads\/paisatge-eivissa-1.png\",\"datePublished\":\"2021-06-18T04:32:56+00:00\",\"breadcrumb\":{\"@id\":\"https:\/\/www.psib-psoe.org\/eivissa\/el-psoe-manifiesta-su-radical-oposicion-a-la-explotacion-turistica-y-urbanistica-del-campo-que-quiere-imponer-el-consell-insular-de-vicent-mari\/#breadcrumb\"},\"inLanguage\":\"ca\",\"potentialAction\":[{\"@type\":\"ReadAction\",\"target\":[\"https:\/\/www.psib-psoe.org\/eivissa\/el-psoe-manifiesta-su-radical-oposicion-a-la-explotacion-turistica-y-urbanistica-del-campo-que-quiere-imponer-el-consell-insular-de-vicent-mari\/\"]}]},{\"@type\":\"ImageObject\",\"inLanguage\":\"ca\",\"@id\":\"https:\/\/www.psib-psoe.org\/eivissa\/el-psoe-manifiesta-su-radical-oposicion-a-la-explotacion-turistica-y-urbanistica-del-campo-que-quiere-imponer-el-consell-insular-de-vicent-mari\/#primaryimage\",\"url\":\"https:\/\/www.psib-psoe.org\/eivissa\/wp-content\/uploads\/paisatge-eivissa-1.png\",\"contentUrl\":\"https:\/\/www.psib-psoe.org\/eivissa\/wp-content\/uploads\/paisatge-eivissa-1.png\",\"width\":1746,\"height\":912},{\"@type\":\"BreadcrumbList\",\"@id\":\"https:\/\/www.psib-psoe.org\/eivissa\/el-psoe-manifiesta-su-radical-oposicion-a-la-explotacion-turistica-y-urbanistica-del-campo-que-quiere-imponer-el-consell-insular-de-vicent-mari\/#breadcrumb\",\"itemListElement\":[{\"@type\":\"ListItem\",\"position\":1,\"name\":\"Inici\",\"item\":\"https:\/\/www.psib-psoe.org\/eivissa\/\"},{\"@type\":\"ListItem\",\"position\":2,\"name\":\"El PSOE manifiesta su radical oposici\u00f3n a la explotaci\u00f3n tur\u00edstica y urban\u00edstica del campo que quiere imponer el Consell Insular de Vicent Mar\u00ed\"}]},{\"@type\":\"WebSite\",\"@id\":\"https:\/\/www.psib-psoe.org\/eivissa\/#website\",\"url\":\"https:\/\/www.psib-psoe.org\/eivissa\/\",\"name\":\"Federaci\u00f3 Socialista d'Eivissa\",\"description\":\"Socialistes d&#039;Eivissa\",\"publisher\":{\"@id\":\"https:\/\/www.psib-psoe.org\/eivissa\/#organization\"},\"potentialAction\":[{\"@type\":\"SearchAction\",\"target\":{\"@type\":\"EntryPoint\",\"urlTemplate\":\"https:\/\/www.psib-psoe.org\/eivissa\/?s={search_term_string}\"},\"query-input\":{\"@type\":\"PropertyValueSpecification\",\"valueRequired\":true,\"valueName\":\"search_term_string\"}}],\"inLanguage\":\"ca\"},{\"@type\":\"Organization\",\"@id\":\"https:\/\/www.psib-psoe.org\/eivissa\/#organization\",\"name\":\"Federaci\u00f3 Socialista d'Eivissa\",\"url\":\"https:\/\/www.psib-psoe.org\/eivissa\/\",\"logo\":{\"@type\":\"ImageObject\",\"inLanguage\":\"ca\",\"@id\":\"https:\/\/www.psib-psoe.org\/eivissa\/#\/schema\/logo\/image\/\",\"url\":\"https:\/\/www.psib-psoe.org\/eivissa\/wp-content\/uploads\/LOGO-FSE-SOCIALISTA-DEIVISSA-HORI.png\",\"contentUrl\":\"https:\/\/www.psib-psoe.org\/eivissa\/wp-content\/uploads\/LOGO-FSE-SOCIALISTA-DEIVISSA-HORI.png\",\"width\":6000,\"height\":3104,\"caption\":\"Federaci\u00f3 Socialista d'Eivissa\"},\"image\":{\"@id\":\"https:\/\/www.psib-psoe.org\/eivissa\/#\/schema\/logo\/image\/\"}},{\"@type\":\"Person\",\"@id\":\"https:\/\/www.psib-psoe.org\/eivissa\/#\/schema\/person\/7a9d2841fb36f32e34fc0e9b245e8117\",\"name\":\"Josep Ripoll\",\"sameAs\":[\"http:\/\/www.psib-psoe.org\/eivissa\/wp-login.php\"],\"url\":\"https:\/\/www.psib-psoe.org\/eivissa\/author\/josep\/\"}]}<\/script>\n<!-- \/ Yoast SEO plugin. -->","yoast_head_json":{"title":"El PSOE manifiesta su radical oposici\u00f3n a la explotaci\u00f3n tur\u00edstica y urban\u00edstica del campo que quiere imponer el Consell Insular de Vicent Mar\u00ed - Federaci\u00f3 Socialista d&#039;Eivissa","robots":{"index":"index","follow":"follow","max-snippet":"max-snippet:-1","max-image-preview":"max-image-preview:large","max-video-preview":"max-video-preview:-1"},"canonical":"https:\/\/www.psib-psoe.org\/eivissa\/el-psoe-manifiesta-su-radical-oposicion-a-la-explotacion-turistica-y-urbanistica-del-campo-que-quiere-imponer-el-consell-insular-de-vicent-mari\/","og_locale":"ca_ES","og_type":"article","og_title":"El PSOE manifiesta su radical oposici\u00f3n a la explotaci\u00f3n tur\u00edstica y urban\u00edstica del campo que quiere imponer el Consell Insular de Vicent Mar\u00ed - Federaci\u00f3 Socialista d&#039;Eivissa","og_description":"La Federaci\u00f3n Socialista de Eivissa (FSE-PSOE) quiere hacer p\u00fablica su radical oposici\u00f3n a la explotaci\u00f3n tur\u00edstica y urban\u00edstica del campo que quiere imponer el Consell Insular de Vicent Mar\u00ed a trav\u00e9s del Reglamento de simplificaci\u00f3n administrativa y de una futura modificaci\u00f3n del Plan Territorial Insular (PTI). El Partido Socialista presentar\u00e1 alegaciones al Reglamento, que se&hellip;","og_url":"https:\/\/www.psib-psoe.org\/eivissa\/el-psoe-manifiesta-su-radical-oposicion-a-la-explotacion-turistica-y-urbanistica-del-campo-que-quiere-imponer-el-consell-insular-de-vicent-mari\/","og_site_name":"Federaci\u00f3 Socialista d&#039;Eivissa","article_published_time":"2021-06-18T04:32:56+00:00","og_image":[{"width":1746,"height":912,"url":"https:\/\/www.psib-psoe.org\/eivissa\/wp-content\/uploads\/paisatge-eivissa-1.png","type":"image\/png"}],"author":"Josep Ripoll","twitter_card":"summary_large_image","twitter_misc":{"Escrit per":"Josep Ripoll","Temps estimat de lectura":"2 minuts"},"schema":{"@context":"https:\/\/schema.org","@graph":[{"@type":["Article","BlogPosting"],"@id":"https:\/\/www.psib-psoe.org\/eivissa\/el-psoe-manifiesta-su-radical-oposicion-a-la-explotacion-turistica-y-urbanistica-del-campo-que-quiere-imponer-el-consell-insular-de-vicent-mari\/#article","isPartOf":{"@id":"https:\/\/www.psib-psoe.org\/eivissa\/el-psoe-manifiesta-su-radical-oposicion-a-la-explotacion-turistica-y-urbanistica-del-campo-que-quiere-imponer-el-consell-insular-de-vicent-mari\/"},"author":{"name":"Josep Ripoll","@id":"https:\/\/www.psib-psoe.org\/eivissa\/#\/schema\/person\/7a9d2841fb36f32e34fc0e9b245e8117"},"headline":"El PSOE manifiesta su radical oposici\u00f3n a la explotaci\u00f3n tur\u00edstica y urban\u00edstica del campo que quiere imponer el Consell Insular de Vicent Mar\u00ed","datePublished":"2021-06-18T04:32:56+00:00","mainEntityOfPage":{"@id":"https:\/\/www.psib-psoe.org\/eivissa\/el-psoe-manifiesta-su-radical-oposicion-a-la-explotacion-turistica-y-urbanistica-del-campo-que-quiere-imponer-el-consell-insular-de-vicent-mari\/"},"wordCount":509,"publisher":{"@id":"https:\/\/www.psib-psoe.org\/eivissa\/#organization"},"image":{"@id":"https:\/\/www.psib-psoe.org\/eivissa\/el-psoe-manifiesta-su-radical-oposicion-a-la-explotacion-turistica-y-urbanistica-del-campo-que-quiere-imponer-el-consell-insular-de-vicent-mari\/#primaryimage"},"thumbnailUrl":"https:\/\/www.psib-psoe.org\/eivissa\/wp-content\/uploads\/paisatge-eivissa-1.png","articleSection":["FSE-PSOE"],"inLanguage":"ca"},{"@type":"WebPage","@id":"https:\/\/www.psib-psoe.org\/eivissa\/el-psoe-manifiesta-su-radical-oposicion-a-la-explotacion-turistica-y-urbanistica-del-campo-que-quiere-imponer-el-consell-insular-de-vicent-mari\/","url":"https:\/\/www.psib-psoe.org\/eivissa\/el-psoe-manifiesta-su-radical-oposicion-a-la-explotacion-turistica-y-urbanistica-del-campo-que-quiere-imponer-el-consell-insular-de-vicent-mari\/","name":"El PSOE manifiesta su radical oposici\u00f3n a la explotaci\u00f3n tur\u00edstica y urban\u00edstica del campo que quiere imponer el Consell Insular de Vicent Mar\u00ed - Federaci\u00f3 Socialista d&#039;Eivissa","isPartOf":{"@id":"https:\/\/www.psib-psoe.org\/eivissa\/#website"},"primaryImageOfPage":{"@id":"https:\/\/www.psib-psoe.org\/eivissa\/el-psoe-manifiesta-su-radical-oposicion-a-la-explotacion-turistica-y-urbanistica-del-campo-que-quiere-imponer-el-consell-insular-de-vicent-mari\/#primaryimage"},"image":{"@id":"https:\/\/www.psib-psoe.org\/eivissa\/el-psoe-manifiesta-su-radical-oposicion-a-la-explotacion-turistica-y-urbanistica-del-campo-que-quiere-imponer-el-consell-insular-de-vicent-mari\/#primaryimage"},"thumbnailUrl":"https:\/\/www.psib-psoe.org\/eivissa\/wp-content\/uploads\/paisatge-eivissa-1.png","datePublished":"2021-06-18T04:32:56+00:00","breadcrumb":{"@id":"https:\/\/www.psib-psoe.org\/eivissa\/el-psoe-manifiesta-su-radical-oposicion-a-la-explotacion-turistica-y-urbanistica-del-campo-que-quiere-imponer-el-consell-insular-de-vicent-mari\/#breadcrumb"},"inLanguage":"ca","potentialAction":[{"@type":"ReadAction","target":["https:\/\/www.psib-psoe.org\/eivissa\/el-psoe-manifiesta-su-radical-oposicion-a-la-explotacion-turistica-y-urbanistica-del-campo-que-quiere-imponer-el-consell-insular-de-vicent-mari\/"]}]},{"@type":"ImageObject","inLanguage":"ca","@id":"https:\/\/www.psib-psoe.org\/eivissa\/el-psoe-manifiesta-su-radical-oposicion-a-la-explotacion-turistica-y-urbanistica-del-campo-que-quiere-imponer-el-consell-insular-de-vicent-mari\/#primaryimage","url":"https:\/\/www.psib-psoe.org\/eivissa\/wp-content\/uploads\/paisatge-eivissa-1.png","contentUrl":"https:\/\/www.psib-psoe.org\/eivissa\/wp-content\/uploads\/paisatge-eivissa-1.png","width":1746,"height":912},{"@type":"BreadcrumbList","@id":"https:\/\/www.psib-psoe.org\/eivissa\/el-psoe-manifiesta-su-radical-oposicion-a-la-explotacion-turistica-y-urbanistica-del-campo-que-quiere-imponer-el-consell-insular-de-vicent-mari\/#breadcrumb","itemListElement":[{"@type":"ListItem","position":1,"name":"Inici","item":"https:\/\/www.psib-psoe.org\/eivissa\/"},{"@type":"ListItem","position":2,"name":"El PSOE manifiesta su radical oposici\u00f3n a la explotaci\u00f3n tur\u00edstica y urban\u00edstica del campo que quiere imponer el Consell Insular de Vicent Mar\u00ed"}]},{"@type":"WebSite","@id":"https:\/\/www.psib-psoe.org\/eivissa\/#website","url":"https:\/\/www.psib-psoe.org\/eivissa\/","name":"Federaci\u00f3 Socialista d'Eivissa","description":"Socialistes d&#039;Eivissa","publisher":{"@id":"https:\/\/www.psib-psoe.org\/eivissa\/#organization"},"potentialAction":[{"@type":"SearchAction","target":{"@type":"EntryPoint","urlTemplate":"https:\/\/www.psib-psoe.org\/eivissa\/?s={search_term_string}"},"query-input":{"@type":"PropertyValueSpecification","valueRequired":true,"valueName":"search_term_string"}}],"inLanguage":"ca"},{"@type":"Organization","@id":"https:\/\/www.psib-psoe.org\/eivissa\/#organization","name":"Federaci\u00f3 Socialista d'Eivissa","url":"https:\/\/www.psib-psoe.org\/eivissa\/","logo":{"@type":"ImageObject","inLanguage":"ca","@id":"https:\/\/www.psib-psoe.org\/eivissa\/#\/schema\/logo\/image\/","url":"https:\/\/www.psib-psoe.org\/eivissa\/wp-content\/uploads\/LOGO-FSE-SOCIALISTA-DEIVISSA-HORI.png","contentUrl":"https:\/\/www.psib-psoe.org\/eivissa\/wp-content\/uploads\/LOGO-FSE-SOCIALISTA-DEIVISSA-HORI.png","width":6000,"height":3104,"caption":"Federaci\u00f3 Socialista d'Eivissa"},"image":{"@id":"https:\/\/www.psib-psoe.org\/eivissa\/#\/schema\/logo\/image\/"}},{"@type":"Person","@id":"https:\/\/www.psib-psoe.org\/eivissa\/#\/schema\/person\/7a9d2841fb36f32e34fc0e9b245e8117","name":"Josep Ripoll","sameAs":["http:\/\/www.psib-psoe.org\/eivissa\/wp-login.php"],"url":"https:\/\/www.psib-psoe.org\/eivissa\/author\/josep\/"}]}},"_links":{"self":[{"href":"https:\/\/www.psib-psoe.org\/eivissa\/wp-json\/wp\/v2\/posts\/33614","targetHints":{"allow":["GET"]}}],"collection":[{"href":"https:\/\/www.psib-psoe.org\/eivissa\/wp-json\/wp\/v2\/posts"}],"about":[{"href":"https:\/\/www.psib-psoe.org\/eivissa\/wp-json\/wp\/v2\/types\/post"}],"author":[{"embeddable":true,"href":"https:\/\/www.psib-psoe.org\/eivissa\/wp-json\/wp\/v2\/users\/7"}],"replies":[{"embeddable":true,"href":"https:\/\/www.psib-psoe.org\/eivissa\/wp-json\/wp\/v2\/comments?post=33614"}],"version-history":[{"count":1,"href":"https:\/\/www.psib-psoe.org\/eivissa\/wp-json\/wp\/v2\/posts\/33614\/revisions"}],"predecessor-version":[{"id":33615,"href":"https:\/\/www.psib-psoe.org\/eivissa\/wp-json\/wp\/v2\/posts\/33614\/revisions\/33615"}],"wp:featuredmedia":[{"embeddable":true,"href":"https:\/\/www.psib-psoe.org\/eivissa\/wp-json\/wp\/v2\/media\/32779"}],"wp:attachment":[{"href":"https:\/\/www.psib-psoe.org\/eivissa\/wp-json\/wp\/v2\/media?parent=33614"}],"wp:term":[{"taxonomy":"category","embeddable":true,"href":"https:\/\/www.psib-psoe.org\/eivissa\/wp-json\/wp\/v2\/categories?post=33614"},{"taxonomy":"post_tag","embeddable":true,"href":"https:\/\/www.psib-psoe.org\/eivissa\/wp-json\/wp\/v2\/tags?post=33614"}],"curies":[{"name":"wp","href":"https:\/\/api.w.org\/{rel}","templated":true}]}}