{"id":33631,"date":"2021-06-18T09:00:15","date_gmt":"2021-06-18T07:00:15","guid":{"rendered":"https:\/\/www.psib-psoe.org\/eivissa\/?p=33631"},"modified":"2021-06-18T15:24:56","modified_gmt":"2021-06-18T13:24:56","slug":"pilar-costa-destaca-la-feina-feta-per-solucionar-els-problemes-reals-de-la-gent-mentre-que-al-pp-ni-hi-ha-estat-ni-se-lespera","status":"publish","type":"post","link":"https:\/\/www.psib-psoe.org\/eivissa\/pilar-costa-destaca-la-feina-feta-per-solucionar-els-problemes-reals-de-la-gent-mentre-que-al-pp-ni-hi-ha-estat-ni-se-lespera\/","title":{"rendered":"Pilar Costa destaca la feina feta per solucionar els problemes reals de la gent, mentre que el PP &#8220;ni hi ha estat, ni se l&#8217;espera&#8221;"},"content":{"rendered":"<p>La portaveu del Grup Parlamentari Socialista, Pilar Costa, ha  fet balan\u00e7 del per\u00edode de sessions al Parlament i ha assegurat que \u201cels socialistes estam satisfets de la feina feta per millorar la salut, avan\u00e7ar en la vacunaci\u00f3 i garantir la reactivaci\u00f3 econ\u00f2mica de les Illes Balears\u201d, a m\u00e9s \u201cd\u2019haver donat suport al Govern en la gesti\u00f3 de la crisi sanit\u00e0ria\u201d. <\/p>\n<p>D&#8217;aquesta manera, Costa ha expressat que un dels objectius que es van marcar els socialistes a l&#8217;inici del per\u00edode de sessions va ser la gesti\u00f3 de la pand\u00e8mia. Aix\u00ed, Costa ha exposat que \u201cles Balears ens hem situat com una de les regions d\u2019Europa m\u00e9s segures, amb menor incid\u00e8ncia epidemiol\u00f2gica i amb menys mortalitat per la COVID-19\u201d.<\/p>\n<p>Pel que fa al proc\u00e9s de vacunaci\u00f3, el segon objectiu dels socialistes, la portaveu ha aprofitat per agrair la feina que estan duent a terme els sanitaris. \u201cNo podem fer m\u00e9s que alabar l\u2019excepcional feina dels nostres sanitaris entregats en cos i \u00e0nima en aquesta feina de vacunaci\u00f3 massiva i a Salut per un proc\u00e9s de vacunaci\u00f3 que est\u00e0 sent mod\u00e8lic\u201d, ha expressat la socialista.<\/p>\n<p>A m\u00e9s a m\u00e9s, Costa ha destacat que \u201chem batut un nou r\u00e8cord de dosis administrades en un sol dia, amb m\u00e9s de 16.000; aquest mes arribaran m\u00e9s de 400.000, que far\u00e0 que prop de la meitat de la poblaci\u00f3 diana ja estigui vacunada; i a partir d\u2019aquesta setmana es podran inocular 20.000 dosis di\u00e0ries\u201d. \u201cTot i aix\u00f2 confirma que la vacunaci\u00f3 agafa ritme de creuer i ho demostra que Balears sigui la primera Comunitat aut\u00f2noma en vacunar la franja d&#8217;edat dels 35 als 39 anys\u201d. <\/p>\n<p>El tercer objectiu \u00e9s la recuperaci\u00f3 econ\u00f2mica que segons ha afirmat la socialista \u201cveiem que \u00e9s un fet amb l\u2019increment de les connexions i l&#8217;obertura de cada vegada m\u00e9s establiments i negocis\u201d. Tamb\u00e9, ha incidit que \u201cs\u2019ha fet costat als treballadors, a les fam\u00edlies, a les empreses i aut\u00f2noms tal com v\u00e0rem dir que far\u00edem per no deixar ning\u00fa enrere\u201d. <\/p>\n<p>Costa ha recordat l\u2019escut social que s\u2019ha posat a disposici\u00f3 de la ciutadania mitjan\u00e7ant mesures com els ERTO, les prestacions per als fixos discontinus, les bonificacions per a les empreses, les prestacions per als aut\u00f2noms i, tamb\u00e9, les ajudes directes de 855 milions d\u2019euros que es poden sol\u00b7licitar des d\u2019avui i fins el 28 de juny. <\/p>\n<p>D\u2019altra banda, la portaveu socialista ha lamentat que \u201ctot aix\u00f2 s\u2019hagi aconseguit sense el suport del Partit Popular que ni hi ha estat, ni hi \u00e9s,  ni se l\u2019espera\u201d. Costa ha assegurat que els populars \u201cestan centrats en les seves q\u00fcestions internes i batalles contra enemics imaginaris des de Madrid com v\u00e0rem veure ahir a la manifestaci\u00f3 de Col\u00f3n que es va centrar m\u00e9s a veure qui era el l\u00edder del PP si Pablo Casado o Isabel D\u00edaz Ayuso\u201d.<\/p>\n<p>Finalment, Costa ha expressat que \u201c\u00e9s una ll\u00e0stima que el PP hagi optat aquest temps per una oposici\u00f3 destructiva i alarmista i que no s\u2019hagi sumat al Pacte de Reactivaci\u00f3 per ser \u00fatil de veres per als ciutadans de Balears\u201d. No obstant aix\u00f2, Costa ha insistit que \u201cels socialistes els hi estenem la m\u00e0 perqu\u00e8 totes les mesures tinguin el m\u00e0xim consens possible\u201d. <\/p>\n","protected":false},"excerpt":{"rendered":"<p>La portaveu del Grup Parlamentari Socialista, Pilar Costa, ha fet balan\u00e7 del per\u00edode de sessions al Parlament i ha assegurat que \u201cels socialistes estam satisfets de la feina feta per millorar la salut, avan\u00e7ar en la vacunaci\u00f3 i garantir la reactivaci\u00f3 econ\u00f2mica de les Illes Balears\u201d, a m\u00e9s \u201cd\u2019haver donat suport al Govern en la&hellip;<\/p>\n","protected":false},"author":7,"featured_media":33632,"comment_status":"closed","ping_status":"closed","sticky":false,"template":"","format":"standard","meta":{"footnotes":""},"categories":[1,191],"tags":[],"class_list":["post-33631","post","type-post","status-publish","format-standard","has-post-thumbnail","hentry","category-federacio-de-eivissa-portada","category-govern-de-les-illes-balears-parlament"],"yoast_head":"<!-- This site is optimized with the Yoast SEO plugin v26.9 - https:\/\/yoast.com\/product\/yoast-seo-wordpress\/ -->\n<title>Pilar Costa destaca la feina feta per solucionar els problemes reals de la gent, mentre que el PP &quot;ni hi ha estat, ni se l&#039;espera&quot; - Federaci\u00f3 Socialista d&#039;Eivissa<\/title>\n<meta name=\"robots\" content=\"index, follow, max-snippet:-1, max-image-preview:large, max-video-preview:-1\" \/>\n<link rel=\"canonical\" href=\"https:\/\/www.psib-psoe.org\/eivissa\/pilar-costa-destaca-la-feina-feta-per-solucionar-els-problemes-reals-de-la-gent-mentre-que-al-pp-ni-hi-ha-estat-ni-se-lespera\/\" \/>\n<meta property=\"og:locale\" content=\"ca_ES\" \/>\n<meta property=\"og:type\" content=\"article\" \/>\n<meta property=\"og:title\" content=\"Pilar Costa destaca la feina feta per solucionar els problemes reals de la gent, mentre que el PP &quot;ni hi ha estat, ni se l&#039;espera&quot; - Federaci\u00f3 Socialista d&#039;Eivissa\" \/>\n<meta property=\"og:description\" content=\"La portaveu del Grup Parlamentari Socialista, Pilar Costa, ha fet balan\u00e7 del per\u00edode de sessions al Parlament i ha assegurat que \u201cels socialistes estam satisfets de la feina feta per millorar la salut, avan\u00e7ar en la vacunaci\u00f3 i garantir la reactivaci\u00f3 econ\u00f2mica de les Illes Balears\u201d, a m\u00e9s \u201cd\u2019haver donat suport al Govern en la&hellip;\" \/>\n<meta property=\"og:url\" content=\"https:\/\/www.psib-psoe.org\/eivissa\/pilar-costa-destaca-la-feina-feta-per-solucionar-els-problemes-reals-de-la-gent-mentre-que-al-pp-ni-hi-ha-estat-ni-se-lespera\/\" \/>\n<meta property=\"og:site_name\" content=\"Federaci\u00f3 Socialista d&#039;Eivissa\" \/>\n<meta property=\"article:published_time\" content=\"2021-06-18T07:00:15+00:00\" \/>\n<meta property=\"article:modified_time\" content=\"2021-06-18T13:24:56+00:00\" \/>\n<meta property=\"og:image\" content=\"https:\/\/www.psib-psoe.org\/eivissa\/wp-content\/uploads\/La-portaveu-del-Grup-Parlamentari-Socialista-Pilar-Costa.jpg\" \/>\n\t<meta property=\"og:image:width\" content=\"3006\" \/>\n\t<meta property=\"og:image:height\" content=\"2397\" \/>\n\t<meta property=\"og:image:type\" content=\"image\/jpeg\" \/>\n<meta name=\"author\" content=\"Josep Ripoll\" \/>\n<meta name=\"twitter:card\" content=\"summary_large_image\" \/>\n<meta name=\"twitter:label1\" content=\"Escrit per\" \/>\n\t<meta name=\"twitter:data1\" content=\"Josep Ripoll\" \/>\n\t<meta name=\"twitter:label2\" content=\"Temps estimat de lectura\" \/>\n\t<meta name=\"twitter:data2\" content=\"3 minuts\" \/>\n<script type=\"application\/ld+json\" class=\"yoast-schema-graph\">{\"@context\":\"https:\/\/schema.org\",\"@graph\":[{\"@type\":[\"Article\",\"BlogPosting\"],\"@id\":\"https:\/\/www.psib-psoe.org\/eivissa\/pilar-costa-destaca-la-feina-feta-per-solucionar-els-problemes-reals-de-la-gent-mentre-que-al-pp-ni-hi-ha-estat-ni-se-lespera\/#article\",\"isPartOf\":{\"@id\":\"https:\/\/www.psib-psoe.org\/eivissa\/pilar-costa-destaca-la-feina-feta-per-solucionar-els-problemes-reals-de-la-gent-mentre-que-al-pp-ni-hi-ha-estat-ni-se-lespera\/\"},\"author\":{\"name\":\"Josep Ripoll\",\"@id\":\"https:\/\/www.psib-psoe.org\/eivissa\/#\/schema\/person\/7a9d2841fb36f32e34fc0e9b245e8117\"},\"headline\":\"Pilar Costa destaca la feina feta per solucionar els problemes reals de la gent, mentre que el PP &#8220;ni hi ha estat, ni se l&#8217;espera&#8221;\",\"datePublished\":\"2021-06-18T07:00:15+00:00\",\"dateModified\":\"2021-06-18T13:24:56+00:00\",\"mainEntityOfPage\":{\"@id\":\"https:\/\/www.psib-psoe.org\/eivissa\/pilar-costa-destaca-la-feina-feta-per-solucionar-els-problemes-reals-de-la-gent-mentre-que-al-pp-ni-hi-ha-estat-ni-se-lespera\/\"},\"wordCount\":596,\"publisher\":{\"@id\":\"https:\/\/www.psib-psoe.org\/eivissa\/#organization\"},\"image\":{\"@id\":\"https:\/\/www.psib-psoe.org\/eivissa\/pilar-costa-destaca-la-feina-feta-per-solucionar-els-problemes-reals-de-la-gent-mentre-que-al-pp-ni-hi-ha-estat-ni-se-lespera\/#primaryimage\"},\"thumbnailUrl\":\"https:\/\/www.psib-psoe.org\/eivissa\/wp-content\/uploads\/La-portaveu-del-Grup-Parlamentari-Socialista-Pilar-Costa.jpg\",\"articleSection\":[\"Federaci\u00f3 d'Eivissa - Portada\",\"Govern de les Illes Balears - Parlament - PSIB-PSOE\"],\"inLanguage\":\"ca\"},{\"@type\":\"WebPage\",\"@id\":\"https:\/\/www.psib-psoe.org\/eivissa\/pilar-costa-destaca-la-feina-feta-per-solucionar-els-problemes-reals-de-la-gent-mentre-que-al-pp-ni-hi-ha-estat-ni-se-lespera\/\",\"url\":\"https:\/\/www.psib-psoe.org\/eivissa\/pilar-costa-destaca-la-feina-feta-per-solucionar-els-problemes-reals-de-la-gent-mentre-que-al-pp-ni-hi-ha-estat-ni-se-lespera\/\",\"name\":\"Pilar Costa destaca la feina feta per solucionar els problemes reals de la gent, mentre que el PP \\\"ni hi ha estat, ni se l'espera\\\" - Federaci\u00f3 Socialista d&#039;Eivissa\",\"isPartOf\":{\"@id\":\"https:\/\/www.psib-psoe.org\/eivissa\/#website\"},\"primaryImageOfPage\":{\"@id\":\"https:\/\/www.psib-psoe.org\/eivissa\/pilar-costa-destaca-la-feina-feta-per-solucionar-els-problemes-reals-de-la-gent-mentre-que-al-pp-ni-hi-ha-estat-ni-se-lespera\/#primaryimage\"},\"image\":{\"@id\":\"https:\/\/www.psib-psoe.org\/eivissa\/pilar-costa-destaca-la-feina-feta-per-solucionar-els-problemes-reals-de-la-gent-mentre-que-al-pp-ni-hi-ha-estat-ni-se-lespera\/#primaryimage\"},\"thumbnailUrl\":\"https:\/\/www.psib-psoe.org\/eivissa\/wp-content\/uploads\/La-portaveu-del-Grup-Parlamentari-Socialista-Pilar-Costa.jpg\",\"datePublished\":\"2021-06-18T07:00:15+00:00\",\"dateModified\":\"2021-06-18T13:24:56+00:00\",\"breadcrumb\":{\"@id\":\"https:\/\/www.psib-psoe.org\/eivissa\/pilar-costa-destaca-la-feina-feta-per-solucionar-els-problemes-reals-de-la-gent-mentre-que-al-pp-ni-hi-ha-estat-ni-se-lespera\/#breadcrumb\"},\"inLanguage\":\"ca\",\"potentialAction\":[{\"@type\":\"ReadAction\",\"target\":[\"https:\/\/www.psib-psoe.org\/eivissa\/pilar-costa-destaca-la-feina-feta-per-solucionar-els-problemes-reals-de-la-gent-mentre-que-al-pp-ni-hi-ha-estat-ni-se-lespera\/\"]}]},{\"@type\":\"ImageObject\",\"inLanguage\":\"ca\",\"@id\":\"https:\/\/www.psib-psoe.org\/eivissa\/pilar-costa-destaca-la-feina-feta-per-solucionar-els-problemes-reals-de-la-gent-mentre-que-al-pp-ni-hi-ha-estat-ni-se-lespera\/#primaryimage\",\"url\":\"https:\/\/www.psib-psoe.org\/eivissa\/wp-content\/uploads\/La-portaveu-del-Grup-Parlamentari-Socialista-Pilar-Costa.jpg\",\"contentUrl\":\"https:\/\/www.psib-psoe.org\/eivissa\/wp-content\/uploads\/La-portaveu-del-Grup-Parlamentari-Socialista-Pilar-Costa.jpg\",\"width\":3006,\"height\":2397},{\"@type\":\"BreadcrumbList\",\"@id\":\"https:\/\/www.psib-psoe.org\/eivissa\/pilar-costa-destaca-la-feina-feta-per-solucionar-els-problemes-reals-de-la-gent-mentre-que-al-pp-ni-hi-ha-estat-ni-se-lespera\/#breadcrumb\",\"itemListElement\":[{\"@type\":\"ListItem\",\"position\":1,\"name\":\"Inici\",\"item\":\"https:\/\/www.psib-psoe.org\/eivissa\/\"},{\"@type\":\"ListItem\",\"position\":2,\"name\":\"Pilar Costa destaca la feina feta per solucionar els problemes reals de la gent, mentre que el PP &#8220;ni hi ha estat, ni se l&#8217;espera&#8221;\"}]},{\"@type\":\"WebSite\",\"@id\":\"https:\/\/www.psib-psoe.org\/eivissa\/#website\",\"url\":\"https:\/\/www.psib-psoe.org\/eivissa\/\",\"name\":\"Federaci\u00f3 Socialista d'Eivissa\",\"description\":\"Socialistes d&#039;Eivissa\",\"publisher\":{\"@id\":\"https:\/\/www.psib-psoe.org\/eivissa\/#organization\"},\"potentialAction\":[{\"@type\":\"SearchAction\",\"target\":{\"@type\":\"EntryPoint\",\"urlTemplate\":\"https:\/\/www.psib-psoe.org\/eivissa\/?s={search_term_string}\"},\"query-input\":{\"@type\":\"PropertyValueSpecification\",\"valueRequired\":true,\"valueName\":\"search_term_string\"}}],\"inLanguage\":\"ca\"},{\"@type\":\"Organization\",\"@id\":\"https:\/\/www.psib-psoe.org\/eivissa\/#organization\",\"name\":\"Federaci\u00f3 Socialista d'Eivissa\",\"url\":\"https:\/\/www.psib-psoe.org\/eivissa\/\",\"logo\":{\"@type\":\"ImageObject\",\"inLanguage\":\"ca\",\"@id\":\"https:\/\/www.psib-psoe.org\/eivissa\/#\/schema\/logo\/image\/\",\"url\":\"https:\/\/www.psib-psoe.org\/eivissa\/wp-content\/uploads\/LOGO-FSE-SOCIALISTA-DEIVISSA-HORI.png\",\"contentUrl\":\"https:\/\/www.psib-psoe.org\/eivissa\/wp-content\/uploads\/LOGO-FSE-SOCIALISTA-DEIVISSA-HORI.png\",\"width\":6000,\"height\":3104,\"caption\":\"Federaci\u00f3 Socialista d'Eivissa\"},\"image\":{\"@id\":\"https:\/\/www.psib-psoe.org\/eivissa\/#\/schema\/logo\/image\/\"}},{\"@type\":\"Person\",\"@id\":\"https:\/\/www.psib-psoe.org\/eivissa\/#\/schema\/person\/7a9d2841fb36f32e34fc0e9b245e8117\",\"name\":\"Josep Ripoll\",\"sameAs\":[\"http:\/\/www.psib-psoe.org\/eivissa\/wp-login.php\"],\"url\":\"https:\/\/www.psib-psoe.org\/eivissa\/author\/josep\/\"}]}<\/script>\n<!-- \/ Yoast SEO plugin. -->","yoast_head_json":{"title":"Pilar Costa destaca la feina feta per solucionar els problemes reals de la gent, mentre que el PP \"ni hi ha estat, ni se l'espera\" - Federaci\u00f3 Socialista d&#039;Eivissa","robots":{"index":"index","follow":"follow","max-snippet":"max-snippet:-1","max-image-preview":"max-image-preview:large","max-video-preview":"max-video-preview:-1"},"canonical":"https:\/\/www.psib-psoe.org\/eivissa\/pilar-costa-destaca-la-feina-feta-per-solucionar-els-problemes-reals-de-la-gent-mentre-que-al-pp-ni-hi-ha-estat-ni-se-lespera\/","og_locale":"ca_ES","og_type":"article","og_title":"Pilar Costa destaca la feina feta per solucionar els problemes reals de la gent, mentre que el PP \"ni hi ha estat, ni se l'espera\" - Federaci\u00f3 Socialista d&#039;Eivissa","og_description":"La portaveu del Grup Parlamentari Socialista, Pilar Costa, ha fet balan\u00e7 del per\u00edode de sessions al Parlament i ha assegurat que \u201cels socialistes estam satisfets de la feina feta per millorar la salut, avan\u00e7ar en la vacunaci\u00f3 i garantir la reactivaci\u00f3 econ\u00f2mica de les Illes Balears\u201d, a m\u00e9s \u201cd\u2019haver donat suport al Govern en la&hellip;","og_url":"https:\/\/www.psib-psoe.org\/eivissa\/pilar-costa-destaca-la-feina-feta-per-solucionar-els-problemes-reals-de-la-gent-mentre-que-al-pp-ni-hi-ha-estat-ni-se-lespera\/","og_site_name":"Federaci\u00f3 Socialista d&#039;Eivissa","article_published_time":"2021-06-18T07:00:15+00:00","article_modified_time":"2021-06-18T13:24:56+00:00","og_image":[{"width":3006,"height":2397,"url":"https:\/\/www.psib-psoe.org\/eivissa\/wp-content\/uploads\/La-portaveu-del-Grup-Parlamentari-Socialista-Pilar-Costa.jpg","type":"image\/jpeg"}],"author":"Josep Ripoll","twitter_card":"summary_large_image","twitter_misc":{"Escrit per":"Josep Ripoll","Temps estimat de lectura":"3 minuts"},"schema":{"@context":"https:\/\/schema.org","@graph":[{"@type":["Article","BlogPosting"],"@id":"https:\/\/www.psib-psoe.org\/eivissa\/pilar-costa-destaca-la-feina-feta-per-solucionar-els-problemes-reals-de-la-gent-mentre-que-al-pp-ni-hi-ha-estat-ni-se-lespera\/#article","isPartOf":{"@id":"https:\/\/www.psib-psoe.org\/eivissa\/pilar-costa-destaca-la-feina-feta-per-solucionar-els-problemes-reals-de-la-gent-mentre-que-al-pp-ni-hi-ha-estat-ni-se-lespera\/"},"author":{"name":"Josep Ripoll","@id":"https:\/\/www.psib-psoe.org\/eivissa\/#\/schema\/person\/7a9d2841fb36f32e34fc0e9b245e8117"},"headline":"Pilar Costa destaca la feina feta per solucionar els problemes reals de la gent, mentre que el PP &#8220;ni hi ha estat, ni se l&#8217;espera&#8221;","datePublished":"2021-06-18T07:00:15+00:00","dateModified":"2021-06-18T13:24:56+00:00","mainEntityOfPage":{"@id":"https:\/\/www.psib-psoe.org\/eivissa\/pilar-costa-destaca-la-feina-feta-per-solucionar-els-problemes-reals-de-la-gent-mentre-que-al-pp-ni-hi-ha-estat-ni-se-lespera\/"},"wordCount":596,"publisher":{"@id":"https:\/\/www.psib-psoe.org\/eivissa\/#organization"},"image":{"@id":"https:\/\/www.psib-psoe.org\/eivissa\/pilar-costa-destaca-la-feina-feta-per-solucionar-els-problemes-reals-de-la-gent-mentre-que-al-pp-ni-hi-ha-estat-ni-se-lespera\/#primaryimage"},"thumbnailUrl":"https:\/\/www.psib-psoe.org\/eivissa\/wp-content\/uploads\/La-portaveu-del-Grup-Parlamentari-Socialista-Pilar-Costa.jpg","articleSection":["Federaci\u00f3 d'Eivissa - Portada","Govern de les Illes Balears - Parlament - PSIB-PSOE"],"inLanguage":"ca"},{"@type":"WebPage","@id":"https:\/\/www.psib-psoe.org\/eivissa\/pilar-costa-destaca-la-feina-feta-per-solucionar-els-problemes-reals-de-la-gent-mentre-que-al-pp-ni-hi-ha-estat-ni-se-lespera\/","url":"https:\/\/www.psib-psoe.org\/eivissa\/pilar-costa-destaca-la-feina-feta-per-solucionar-els-problemes-reals-de-la-gent-mentre-que-al-pp-ni-hi-ha-estat-ni-se-lespera\/","name":"Pilar Costa destaca la feina feta per solucionar els problemes reals de la gent, mentre que el PP \"ni hi ha estat, ni se l'espera\" - Federaci\u00f3 Socialista d&#039;Eivissa","isPartOf":{"@id":"https:\/\/www.psib-psoe.org\/eivissa\/#website"},"primaryImageOfPage":{"@id":"https:\/\/www.psib-psoe.org\/eivissa\/pilar-costa-destaca-la-feina-feta-per-solucionar-els-problemes-reals-de-la-gent-mentre-que-al-pp-ni-hi-ha-estat-ni-se-lespera\/#primaryimage"},"image":{"@id":"https:\/\/www.psib-psoe.org\/eivissa\/pilar-costa-destaca-la-feina-feta-per-solucionar-els-problemes-reals-de-la-gent-mentre-que-al-pp-ni-hi-ha-estat-ni-se-lespera\/#primaryimage"},"thumbnailUrl":"https:\/\/www.psib-psoe.org\/eivissa\/wp-content\/uploads\/La-portaveu-del-Grup-Parlamentari-Socialista-Pilar-Costa.jpg","datePublished":"2021-06-18T07:00:15+00:00","dateModified":"2021-06-18T13:24:56+00:00","breadcrumb":{"@id":"https:\/\/www.psib-psoe.org\/eivissa\/pilar-costa-destaca-la-feina-feta-per-solucionar-els-problemes-reals-de-la-gent-mentre-que-al-pp-ni-hi-ha-estat-ni-se-lespera\/#breadcrumb"},"inLanguage":"ca","potentialAction":[{"@type":"ReadAction","target":["https:\/\/www.psib-psoe.org\/eivissa\/pilar-costa-destaca-la-feina-feta-per-solucionar-els-problemes-reals-de-la-gent-mentre-que-al-pp-ni-hi-ha-estat-ni-se-lespera\/"]}]},{"@type":"ImageObject","inLanguage":"ca","@id":"https:\/\/www.psib-psoe.org\/eivissa\/pilar-costa-destaca-la-feina-feta-per-solucionar-els-problemes-reals-de-la-gent-mentre-que-al-pp-ni-hi-ha-estat-ni-se-lespera\/#primaryimage","url":"https:\/\/www.psib-psoe.org\/eivissa\/wp-content\/uploads\/La-portaveu-del-Grup-Parlamentari-Socialista-Pilar-Costa.jpg","contentUrl":"https:\/\/www.psib-psoe.org\/eivissa\/wp-content\/uploads\/La-portaveu-del-Grup-Parlamentari-Socialista-Pilar-Costa.jpg","width":3006,"height":2397},{"@type":"BreadcrumbList","@id":"https:\/\/www.psib-psoe.org\/eivissa\/pilar-costa-destaca-la-feina-feta-per-solucionar-els-problemes-reals-de-la-gent-mentre-que-al-pp-ni-hi-ha-estat-ni-se-lespera\/#breadcrumb","itemListElement":[{"@type":"ListItem","position":1,"name":"Inici","item":"https:\/\/www.psib-psoe.org\/eivissa\/"},{"@type":"ListItem","position":2,"name":"Pilar Costa destaca la feina feta per solucionar els problemes reals de la gent, mentre que el PP &#8220;ni hi ha estat, ni se l&#8217;espera&#8221;"}]},{"@type":"WebSite","@id":"https:\/\/www.psib-psoe.org\/eivissa\/#website","url":"https:\/\/www.psib-psoe.org\/eivissa\/","name":"Federaci\u00f3 Socialista d'Eivissa","description":"Socialistes d&#039;Eivissa","publisher":{"@id":"https:\/\/www.psib-psoe.org\/eivissa\/#organization"},"potentialAction":[{"@type":"SearchAction","target":{"@type":"EntryPoint","urlTemplate":"https:\/\/www.psib-psoe.org\/eivissa\/?s={search_term_string}"},"query-input":{"@type":"PropertyValueSpecification","valueRequired":true,"valueName":"search_term_string"}}],"inLanguage":"ca"},{"@type":"Organization","@id":"https:\/\/www.psib-psoe.org\/eivissa\/#organization","name":"Federaci\u00f3 Socialista d'Eivissa","url":"https:\/\/www.psib-psoe.org\/eivissa\/","logo":{"@type":"ImageObject","inLanguage":"ca","@id":"https:\/\/www.psib-psoe.org\/eivissa\/#\/schema\/logo\/image\/","url":"https:\/\/www.psib-psoe.org\/eivissa\/wp-content\/uploads\/LOGO-FSE-SOCIALISTA-DEIVISSA-HORI.png","contentUrl":"https:\/\/www.psib-psoe.org\/eivissa\/wp-content\/uploads\/LOGO-FSE-SOCIALISTA-DEIVISSA-HORI.png","width":6000,"height":3104,"caption":"Federaci\u00f3 Socialista d'Eivissa"},"image":{"@id":"https:\/\/www.psib-psoe.org\/eivissa\/#\/schema\/logo\/image\/"}},{"@type":"Person","@id":"https:\/\/www.psib-psoe.org\/eivissa\/#\/schema\/person\/7a9d2841fb36f32e34fc0e9b245e8117","name":"Josep Ripoll","sameAs":["http:\/\/www.psib-psoe.org\/eivissa\/wp-login.php"],"url":"https:\/\/www.psib-psoe.org\/eivissa\/author\/josep\/"}]}},"_links":{"self":[{"href":"https:\/\/www.psib-psoe.org\/eivissa\/wp-json\/wp\/v2\/posts\/33631","targetHints":{"allow":["GET"]}}],"collection":[{"href":"https:\/\/www.psib-psoe.org\/eivissa\/wp-json\/wp\/v2\/posts"}],"about":[{"href":"https:\/\/www.psib-psoe.org\/eivissa\/wp-json\/wp\/v2\/types\/post"}],"author":[{"embeddable":true,"href":"https:\/\/www.psib-psoe.org\/eivissa\/wp-json\/wp\/v2\/users\/7"}],"replies":[{"embeddable":true,"href":"https:\/\/www.psib-psoe.org\/eivissa\/wp-json\/wp\/v2\/comments?post=33631"}],"version-history":[{"count":2,"href":"https:\/\/www.psib-psoe.org\/eivissa\/wp-json\/wp\/v2\/posts\/33631\/revisions"}],"predecessor-version":[{"id":33683,"href":"https:\/\/www.psib-psoe.org\/eivissa\/wp-json\/wp\/v2\/posts\/33631\/revisions\/33683"}],"wp:featuredmedia":[{"embeddable":true,"href":"https:\/\/www.psib-psoe.org\/eivissa\/wp-json\/wp\/v2\/media\/33632"}],"wp:attachment":[{"href":"https:\/\/www.psib-psoe.org\/eivissa\/wp-json\/wp\/v2\/media?parent=33631"}],"wp:term":[{"taxonomy":"category","embeddable":true,"href":"https:\/\/www.psib-psoe.org\/eivissa\/wp-json\/wp\/v2\/categories?post=33631"},{"taxonomy":"post_tag","embeddable":true,"href":"https:\/\/www.psib-psoe.org\/eivissa\/wp-json\/wp\/v2\/tags?post=33631"}],"curies":[{"name":"wp","href":"https:\/\/api.w.org\/{rel}","templated":true}]}}