{"id":33696,"date":"2021-06-21T12:19:50","date_gmt":"2021-06-21T10:19:50","guid":{"rendered":"https:\/\/www.psib-psoe.org\/eivissa\/?p=33696"},"modified":"2021-06-21T12:21:09","modified_gmt":"2021-06-21T10:21:09","slug":"demanda-de-rectificacion-contra-la-informacion-que-publica-periodico-de-ibiza-y-formentera","status":"publish","type":"post","link":"https:\/\/www.psib-psoe.org\/eivissa\/demanda-de-rectificacion-contra-la-informacion-que-publica-periodico-de-ibiza-y-formentera\/","title":{"rendered":"Demanda de rectificaci\u00f3n contra la informaci\u00f3n que publica Peri\u00f3dico de Ibiza y Formentera"},"content":{"rendered":"<p>La Federaci\u00f3n Socialista de Eivissa (FSE-PSOE) comunica que se ha enviado una demanda de rectificaci\u00f3n contra Peri\u00f3dico de Ibiza y Formentera, por la informaci\u00f3n falsa publicada hoy seg\u00fan la cual el secretario general del Partido, Josep Mar\u00ed Ribas, concedi\u00f3 en 2006 una hipoteca a unos habitantes de los apartamentos Don Pepe. Estas afirmaciones publicadas son absolutamente falsas.<\/p>\n<p>Josep Mar\u00ed Ribas ocupaba, en aquel tiempo, la gerencia de la empresa mixta ITUSA, por lo tanto ni siquiera ejerc\u00eda en la actividad privada bancaria. Meses m\u00e1s tarde, en mayo de 2007, gan\u00f3 las elecciones al Ayuntamiento de Sant Josep de sa Talaia, y pas\u00f3 a ocupar el cargo de alcalde, hasta la moci\u00f3n de censura de 2011.<\/p>\n","protected":false},"excerpt":{"rendered":"<p>La Federaci\u00f3n Socialista de Eivissa (FSE-PSOE) comunica que se ha enviado una demanda de rectificaci\u00f3n contra Peri\u00f3dico de Ibiza y Formentera, por la informaci\u00f3n falsa publicada hoy seg\u00fan la cual el secretario general del Partido, Josep Mar\u00ed Ribas, concedi\u00f3 en 2006 una hipoteca a unos habitantes de los apartamentos Don Pepe. Estas afirmaciones publicadas son&hellip;<\/p>\n","protected":false},"author":7,"featured_media":33694,"comment_status":"closed","ping_status":"closed","sticky":false,"template":"","format":"standard","meta":{"footnotes":""},"categories":[212],"tags":[],"class_list":["post-33696","post","type-post","status-publish","format-standard","has-post-thumbnail","hentry","category-fse-psoe"],"yoast_head":"<!-- This site is optimized with the Yoast SEO plugin v26.9 - https:\/\/yoast.com\/product\/yoast-seo-wordpress\/ -->\n<title>Demanda de rectificaci\u00f3n contra la informaci\u00f3n que publica Peri\u00f3dico de Ibiza y Formentera - Federaci\u00f3 Socialista d&#039;Eivissa<\/title>\n<meta name=\"robots\" content=\"index, follow, max-snippet:-1, max-image-preview:large, max-video-preview:-1\" \/>\n<link rel=\"canonical\" href=\"https:\/\/www.psib-psoe.org\/eivissa\/demanda-de-rectificacion-contra-la-informacion-que-publica-periodico-de-ibiza-y-formentera\/\" \/>\n<meta property=\"og:locale\" content=\"ca_ES\" \/>\n<meta property=\"og:type\" content=\"article\" \/>\n<meta property=\"og:title\" content=\"Demanda de rectificaci\u00f3n contra la informaci\u00f3n que publica Peri\u00f3dico de Ibiza y Formentera - Federaci\u00f3 Socialista d&#039;Eivissa\" \/>\n<meta property=\"og:description\" content=\"La Federaci\u00f3n Socialista de Eivissa (FSE-PSOE) comunica que se ha enviado una demanda de rectificaci\u00f3n contra Peri\u00f3dico de Ibiza y Formentera, por la informaci\u00f3n falsa publicada hoy seg\u00fan la cual el secretario general del Partido, Josep Mar\u00ed Ribas, concedi\u00f3 en 2006 una hipoteca a unos habitantes de los apartamentos Don Pepe. Estas afirmaciones publicadas son&hellip;\" \/>\n<meta property=\"og:url\" content=\"https:\/\/www.psib-psoe.org\/eivissa\/demanda-de-rectificacion-contra-la-informacion-que-publica-periodico-de-ibiza-y-formentera\/\" \/>\n<meta property=\"og:site_name\" content=\"Federaci\u00f3 Socialista d&#039;Eivissa\" \/>\n<meta property=\"article:published_time\" content=\"2021-06-21T10:19:50+00:00\" \/>\n<meta property=\"article:modified_time\" content=\"2021-06-21T10:21:09+00:00\" \/>\n<meta property=\"og:image\" content=\"https:\/\/www.psib-psoe.org\/eivissa\/wp-content\/uploads\/rectificacio\u0301n-periodico.png\" \/>\n\t<meta property=\"og:image:width\" content=\"1656\" \/>\n\t<meta property=\"og:image:height\" content=\"1800\" \/>\n\t<meta property=\"og:image:type\" content=\"image\/png\" \/>\n<meta name=\"author\" content=\"Josep Ripoll\" \/>\n<meta name=\"twitter:card\" content=\"summary_large_image\" \/>\n<meta name=\"twitter:label1\" content=\"Escrit per\" \/>\n\t<meta name=\"twitter:data1\" content=\"Josep Ripoll\" \/>\n\t<meta name=\"twitter:label2\" content=\"Temps estimat de lectura\" \/>\n\t<meta name=\"twitter:data2\" content=\"1 minut\" \/>\n<script type=\"application\/ld+json\" class=\"yoast-schema-graph\">{\"@context\":\"https:\/\/schema.org\",\"@graph\":[{\"@type\":[\"Article\",\"BlogPosting\"],\"@id\":\"https:\/\/www.psib-psoe.org\/eivissa\/demanda-de-rectificacion-contra-la-informacion-que-publica-periodico-de-ibiza-y-formentera\/#article\",\"isPartOf\":{\"@id\":\"https:\/\/www.psib-psoe.org\/eivissa\/demanda-de-rectificacion-contra-la-informacion-que-publica-periodico-de-ibiza-y-formentera\/\"},\"author\":{\"name\":\"Josep Ripoll\",\"@id\":\"https:\/\/www.psib-psoe.org\/eivissa\/#\/schema\/person\/7a9d2841fb36f32e34fc0e9b245e8117\"},\"headline\":\"Demanda de rectificaci\u00f3n contra la informaci\u00f3n que publica Peri\u00f3dico de Ibiza y Formentera\",\"datePublished\":\"2021-06-21T10:19:50+00:00\",\"dateModified\":\"2021-06-21T10:21:09+00:00\",\"mainEntityOfPage\":{\"@id\":\"https:\/\/www.psib-psoe.org\/eivissa\/demanda-de-rectificacion-contra-la-informacion-que-publica-periodico-de-ibiza-y-formentera\/\"},\"wordCount\":136,\"publisher\":{\"@id\":\"https:\/\/www.psib-psoe.org\/eivissa\/#organization\"},\"image\":{\"@id\":\"https:\/\/www.psib-psoe.org\/eivissa\/demanda-de-rectificacion-contra-la-informacion-que-publica-periodico-de-ibiza-y-formentera\/#primaryimage\"},\"thumbnailUrl\":\"https:\/\/www.psib-psoe.org\/eivissa\/wp-content\/uploads\/rectificacio\u0301n-periodico.png\",\"articleSection\":[\"FSE-PSOE\"],\"inLanguage\":\"ca\"},{\"@type\":\"WebPage\",\"@id\":\"https:\/\/www.psib-psoe.org\/eivissa\/demanda-de-rectificacion-contra-la-informacion-que-publica-periodico-de-ibiza-y-formentera\/\",\"url\":\"https:\/\/www.psib-psoe.org\/eivissa\/demanda-de-rectificacion-contra-la-informacion-que-publica-periodico-de-ibiza-y-formentera\/\",\"name\":\"Demanda de rectificaci\u00f3n contra la informaci\u00f3n que publica Peri\u00f3dico de Ibiza y Formentera - Federaci\u00f3 Socialista d&#039;Eivissa\",\"isPartOf\":{\"@id\":\"https:\/\/www.psib-psoe.org\/eivissa\/#website\"},\"primaryImageOfPage\":{\"@id\":\"https:\/\/www.psib-psoe.org\/eivissa\/demanda-de-rectificacion-contra-la-informacion-que-publica-periodico-de-ibiza-y-formentera\/#primaryimage\"},\"image\":{\"@id\":\"https:\/\/www.psib-psoe.org\/eivissa\/demanda-de-rectificacion-contra-la-informacion-que-publica-periodico-de-ibiza-y-formentera\/#primaryimage\"},\"thumbnailUrl\":\"https:\/\/www.psib-psoe.org\/eivissa\/wp-content\/uploads\/rectificacio\u0301n-periodico.png\",\"datePublished\":\"2021-06-21T10:19:50+00:00\",\"dateModified\":\"2021-06-21T10:21:09+00:00\",\"breadcrumb\":{\"@id\":\"https:\/\/www.psib-psoe.org\/eivissa\/demanda-de-rectificacion-contra-la-informacion-que-publica-periodico-de-ibiza-y-formentera\/#breadcrumb\"},\"inLanguage\":\"ca\",\"potentialAction\":[{\"@type\":\"ReadAction\",\"target\":[\"https:\/\/www.psib-psoe.org\/eivissa\/demanda-de-rectificacion-contra-la-informacion-que-publica-periodico-de-ibiza-y-formentera\/\"]}]},{\"@type\":\"ImageObject\",\"inLanguage\":\"ca\",\"@id\":\"https:\/\/www.psib-psoe.org\/eivissa\/demanda-de-rectificacion-contra-la-informacion-que-publica-periodico-de-ibiza-y-formentera\/#primaryimage\",\"url\":\"https:\/\/www.psib-psoe.org\/eivissa\/wp-content\/uploads\/rectificacio\u0301n-periodico.png\",\"contentUrl\":\"https:\/\/www.psib-psoe.org\/eivissa\/wp-content\/uploads\/rectificacio\u0301n-periodico.png\",\"width\":1656,\"height\":1800},{\"@type\":\"BreadcrumbList\",\"@id\":\"https:\/\/www.psib-psoe.org\/eivissa\/demanda-de-rectificacion-contra-la-informacion-que-publica-periodico-de-ibiza-y-formentera\/#breadcrumb\",\"itemListElement\":[{\"@type\":\"ListItem\",\"position\":1,\"name\":\"Inici\",\"item\":\"https:\/\/www.psib-psoe.org\/eivissa\/\"},{\"@type\":\"ListItem\",\"position\":2,\"name\":\"Demanda de rectificaci\u00f3n contra la informaci\u00f3n que publica Peri\u00f3dico de Ibiza y Formentera\"}]},{\"@type\":\"WebSite\",\"@id\":\"https:\/\/www.psib-psoe.org\/eivissa\/#website\",\"url\":\"https:\/\/www.psib-psoe.org\/eivissa\/\",\"name\":\"Federaci\u00f3 Socialista d'Eivissa\",\"description\":\"Socialistes d&#039;Eivissa\",\"publisher\":{\"@id\":\"https:\/\/www.psib-psoe.org\/eivissa\/#organization\"},\"potentialAction\":[{\"@type\":\"SearchAction\",\"target\":{\"@type\":\"EntryPoint\",\"urlTemplate\":\"https:\/\/www.psib-psoe.org\/eivissa\/?s={search_term_string}\"},\"query-input\":{\"@type\":\"PropertyValueSpecification\",\"valueRequired\":true,\"valueName\":\"search_term_string\"}}],\"inLanguage\":\"ca\"},{\"@type\":\"Organization\",\"@id\":\"https:\/\/www.psib-psoe.org\/eivissa\/#organization\",\"name\":\"Federaci\u00f3 Socialista d'Eivissa\",\"url\":\"https:\/\/www.psib-psoe.org\/eivissa\/\",\"logo\":{\"@type\":\"ImageObject\",\"inLanguage\":\"ca\",\"@id\":\"https:\/\/www.psib-psoe.org\/eivissa\/#\/schema\/logo\/image\/\",\"url\":\"https:\/\/www.psib-psoe.org\/eivissa\/wp-content\/uploads\/LOGO-FSE-SOCIALISTA-DEIVISSA-HORI.png\",\"contentUrl\":\"https:\/\/www.psib-psoe.org\/eivissa\/wp-content\/uploads\/LOGO-FSE-SOCIALISTA-DEIVISSA-HORI.png\",\"width\":6000,\"height\":3104,\"caption\":\"Federaci\u00f3 Socialista d'Eivissa\"},\"image\":{\"@id\":\"https:\/\/www.psib-psoe.org\/eivissa\/#\/schema\/logo\/image\/\"}},{\"@type\":\"Person\",\"@id\":\"https:\/\/www.psib-psoe.org\/eivissa\/#\/schema\/person\/7a9d2841fb36f32e34fc0e9b245e8117\",\"name\":\"Josep Ripoll\",\"sameAs\":[\"http:\/\/www.psib-psoe.org\/eivissa\/wp-login.php\"],\"url\":\"https:\/\/www.psib-psoe.org\/eivissa\/author\/josep\/\"}]}<\/script>\n<!-- \/ Yoast SEO plugin. -->","yoast_head_json":{"title":"Demanda de rectificaci\u00f3n contra la informaci\u00f3n que publica Peri\u00f3dico de Ibiza y Formentera - Federaci\u00f3 Socialista d&#039;Eivissa","robots":{"index":"index","follow":"follow","max-snippet":"max-snippet:-1","max-image-preview":"max-image-preview:large","max-video-preview":"max-video-preview:-1"},"canonical":"https:\/\/www.psib-psoe.org\/eivissa\/demanda-de-rectificacion-contra-la-informacion-que-publica-periodico-de-ibiza-y-formentera\/","og_locale":"ca_ES","og_type":"article","og_title":"Demanda de rectificaci\u00f3n contra la informaci\u00f3n que publica Peri\u00f3dico de Ibiza y Formentera - Federaci\u00f3 Socialista d&#039;Eivissa","og_description":"La Federaci\u00f3n Socialista de Eivissa (FSE-PSOE) comunica que se ha enviado una demanda de rectificaci\u00f3n contra Peri\u00f3dico de Ibiza y Formentera, por la informaci\u00f3n falsa publicada hoy seg\u00fan la cual el secretario general del Partido, Josep Mar\u00ed Ribas, concedi\u00f3 en 2006 una hipoteca a unos habitantes de los apartamentos Don Pepe. Estas afirmaciones publicadas son&hellip;","og_url":"https:\/\/www.psib-psoe.org\/eivissa\/demanda-de-rectificacion-contra-la-informacion-que-publica-periodico-de-ibiza-y-formentera\/","og_site_name":"Federaci\u00f3 Socialista d&#039;Eivissa","article_published_time":"2021-06-21T10:19:50+00:00","article_modified_time":"2021-06-21T10:21:09+00:00","og_image":[{"width":1656,"height":1800,"url":"https:\/\/www.psib-psoe.org\/eivissa\/wp-content\/uploads\/rectificacio\u0301n-periodico.png","type":"image\/png"}],"author":"Josep Ripoll","twitter_card":"summary_large_image","twitter_misc":{"Escrit per":"Josep Ripoll","Temps estimat de lectura":"1 minut"},"schema":{"@context":"https:\/\/schema.org","@graph":[{"@type":["Article","BlogPosting"],"@id":"https:\/\/www.psib-psoe.org\/eivissa\/demanda-de-rectificacion-contra-la-informacion-que-publica-periodico-de-ibiza-y-formentera\/#article","isPartOf":{"@id":"https:\/\/www.psib-psoe.org\/eivissa\/demanda-de-rectificacion-contra-la-informacion-que-publica-periodico-de-ibiza-y-formentera\/"},"author":{"name":"Josep Ripoll","@id":"https:\/\/www.psib-psoe.org\/eivissa\/#\/schema\/person\/7a9d2841fb36f32e34fc0e9b245e8117"},"headline":"Demanda de rectificaci\u00f3n contra la informaci\u00f3n que publica Peri\u00f3dico de Ibiza y Formentera","datePublished":"2021-06-21T10:19:50+00:00","dateModified":"2021-06-21T10:21:09+00:00","mainEntityOfPage":{"@id":"https:\/\/www.psib-psoe.org\/eivissa\/demanda-de-rectificacion-contra-la-informacion-que-publica-periodico-de-ibiza-y-formentera\/"},"wordCount":136,"publisher":{"@id":"https:\/\/www.psib-psoe.org\/eivissa\/#organization"},"image":{"@id":"https:\/\/www.psib-psoe.org\/eivissa\/demanda-de-rectificacion-contra-la-informacion-que-publica-periodico-de-ibiza-y-formentera\/#primaryimage"},"thumbnailUrl":"https:\/\/www.psib-psoe.org\/eivissa\/wp-content\/uploads\/rectificacio\u0301n-periodico.png","articleSection":["FSE-PSOE"],"inLanguage":"ca"},{"@type":"WebPage","@id":"https:\/\/www.psib-psoe.org\/eivissa\/demanda-de-rectificacion-contra-la-informacion-que-publica-periodico-de-ibiza-y-formentera\/","url":"https:\/\/www.psib-psoe.org\/eivissa\/demanda-de-rectificacion-contra-la-informacion-que-publica-periodico-de-ibiza-y-formentera\/","name":"Demanda de rectificaci\u00f3n contra la informaci\u00f3n que publica Peri\u00f3dico de Ibiza y Formentera - Federaci\u00f3 Socialista d&#039;Eivissa","isPartOf":{"@id":"https:\/\/www.psib-psoe.org\/eivissa\/#website"},"primaryImageOfPage":{"@id":"https:\/\/www.psib-psoe.org\/eivissa\/demanda-de-rectificacion-contra-la-informacion-que-publica-periodico-de-ibiza-y-formentera\/#primaryimage"},"image":{"@id":"https:\/\/www.psib-psoe.org\/eivissa\/demanda-de-rectificacion-contra-la-informacion-que-publica-periodico-de-ibiza-y-formentera\/#primaryimage"},"thumbnailUrl":"https:\/\/www.psib-psoe.org\/eivissa\/wp-content\/uploads\/rectificacio\u0301n-periodico.png","datePublished":"2021-06-21T10:19:50+00:00","dateModified":"2021-06-21T10:21:09+00:00","breadcrumb":{"@id":"https:\/\/www.psib-psoe.org\/eivissa\/demanda-de-rectificacion-contra-la-informacion-que-publica-periodico-de-ibiza-y-formentera\/#breadcrumb"},"inLanguage":"ca","potentialAction":[{"@type":"ReadAction","target":["https:\/\/www.psib-psoe.org\/eivissa\/demanda-de-rectificacion-contra-la-informacion-que-publica-periodico-de-ibiza-y-formentera\/"]}]},{"@type":"ImageObject","inLanguage":"ca","@id":"https:\/\/www.psib-psoe.org\/eivissa\/demanda-de-rectificacion-contra-la-informacion-que-publica-periodico-de-ibiza-y-formentera\/#primaryimage","url":"https:\/\/www.psib-psoe.org\/eivissa\/wp-content\/uploads\/rectificacio\u0301n-periodico.png","contentUrl":"https:\/\/www.psib-psoe.org\/eivissa\/wp-content\/uploads\/rectificacio\u0301n-periodico.png","width":1656,"height":1800},{"@type":"BreadcrumbList","@id":"https:\/\/www.psib-psoe.org\/eivissa\/demanda-de-rectificacion-contra-la-informacion-que-publica-periodico-de-ibiza-y-formentera\/#breadcrumb","itemListElement":[{"@type":"ListItem","position":1,"name":"Inici","item":"https:\/\/www.psib-psoe.org\/eivissa\/"},{"@type":"ListItem","position":2,"name":"Demanda de rectificaci\u00f3n contra la informaci\u00f3n que publica Peri\u00f3dico de Ibiza y Formentera"}]},{"@type":"WebSite","@id":"https:\/\/www.psib-psoe.org\/eivissa\/#website","url":"https:\/\/www.psib-psoe.org\/eivissa\/","name":"Federaci\u00f3 Socialista d'Eivissa","description":"Socialistes d&#039;Eivissa","publisher":{"@id":"https:\/\/www.psib-psoe.org\/eivissa\/#organization"},"potentialAction":[{"@type":"SearchAction","target":{"@type":"EntryPoint","urlTemplate":"https:\/\/www.psib-psoe.org\/eivissa\/?s={search_term_string}"},"query-input":{"@type":"PropertyValueSpecification","valueRequired":true,"valueName":"search_term_string"}}],"inLanguage":"ca"},{"@type":"Organization","@id":"https:\/\/www.psib-psoe.org\/eivissa\/#organization","name":"Federaci\u00f3 Socialista d'Eivissa","url":"https:\/\/www.psib-psoe.org\/eivissa\/","logo":{"@type":"ImageObject","inLanguage":"ca","@id":"https:\/\/www.psib-psoe.org\/eivissa\/#\/schema\/logo\/image\/","url":"https:\/\/www.psib-psoe.org\/eivissa\/wp-content\/uploads\/LOGO-FSE-SOCIALISTA-DEIVISSA-HORI.png","contentUrl":"https:\/\/www.psib-psoe.org\/eivissa\/wp-content\/uploads\/LOGO-FSE-SOCIALISTA-DEIVISSA-HORI.png","width":6000,"height":3104,"caption":"Federaci\u00f3 Socialista d'Eivissa"},"image":{"@id":"https:\/\/www.psib-psoe.org\/eivissa\/#\/schema\/logo\/image\/"}},{"@type":"Person","@id":"https:\/\/www.psib-psoe.org\/eivissa\/#\/schema\/person\/7a9d2841fb36f32e34fc0e9b245e8117","name":"Josep Ripoll","sameAs":["http:\/\/www.psib-psoe.org\/eivissa\/wp-login.php"],"url":"https:\/\/www.psib-psoe.org\/eivissa\/author\/josep\/"}]}},"_links":{"self":[{"href":"https:\/\/www.psib-psoe.org\/eivissa\/wp-json\/wp\/v2\/posts\/33696","targetHints":{"allow":["GET"]}}],"collection":[{"href":"https:\/\/www.psib-psoe.org\/eivissa\/wp-json\/wp\/v2\/posts"}],"about":[{"href":"https:\/\/www.psib-psoe.org\/eivissa\/wp-json\/wp\/v2\/types\/post"}],"author":[{"embeddable":true,"href":"https:\/\/www.psib-psoe.org\/eivissa\/wp-json\/wp\/v2\/users\/7"}],"replies":[{"embeddable":true,"href":"https:\/\/www.psib-psoe.org\/eivissa\/wp-json\/wp\/v2\/comments?post=33696"}],"version-history":[{"count":1,"href":"https:\/\/www.psib-psoe.org\/eivissa\/wp-json\/wp\/v2\/posts\/33696\/revisions"}],"predecessor-version":[{"id":33697,"href":"https:\/\/www.psib-psoe.org\/eivissa\/wp-json\/wp\/v2\/posts\/33696\/revisions\/33697"}],"wp:featuredmedia":[{"embeddable":true,"href":"https:\/\/www.psib-psoe.org\/eivissa\/wp-json\/wp\/v2\/media\/33694"}],"wp:attachment":[{"href":"https:\/\/www.psib-psoe.org\/eivissa\/wp-json\/wp\/v2\/media?parent=33696"}],"wp:term":[{"taxonomy":"category","embeddable":true,"href":"https:\/\/www.psib-psoe.org\/eivissa\/wp-json\/wp\/v2\/categories?post=33696"},{"taxonomy":"post_tag","embeddable":true,"href":"https:\/\/www.psib-psoe.org\/eivissa\/wp-json\/wp\/v2\/tags?post=33696"}],"curies":[{"name":"wp","href":"https:\/\/api.w.org\/{rel}","templated":true}]}}