{"id":33699,"date":"2021-06-21T13:56:56","date_gmt":"2021-06-21T11:56:56","guid":{"rendered":"https:\/\/www.psib-psoe.org\/eivissa\/?p=33699"},"modified":"2021-06-21T13:56:56","modified_gmt":"2021-06-21T11:56:56","slug":"psoe-reinicia-proposa-la-creacio-duna-infraestructura-de-banys-i-descans-a-la-parada-de-taxis-de-passeig-de-ses-fonts-de-sant-antoni","status":"publish","type":"post","link":"https:\/\/www.psib-psoe.org\/eivissa\/psoe-reinicia-proposa-la-creacio-duna-infraestructura-de-banys-i-descans-a-la-parada-de-taxis-de-passeig-de-ses-fonts-de-sant-antoni\/","title":{"rendered":"PSOE-Reinicia proposa la creaci\u00f3 d&#8217;una infraestructura de banys i descans a la parada de taxis de passeig de ses Fonts de Sant Antoni"},"content":{"rendered":"<p>El grup municipal PSOE-Reinicieu de l&#8217;Ajuntament de Sant Antoni de Portmany instar\u00e0 al ple ordinari del mes de juny a la creaci\u00f3 d&#8217;una nova infraestructura p\u00fablica que millori les condicions de l&#8217;actual parada de taxis de al passeig de ses Fonts. El grup progressista proposa que es doti la parada de servei de banys i de zona de descans, destinats tant als conductors i conductores de taxi, com als seus clients.<\/p>\n<p>El portaveu de el grup PSOE-Reinicia, Sim\u00f3n Planells, explica que &#8220;els i les taxistes realitzen un treball essencial per al nostre municipi i que, com a servei p\u00fablic, cal que l&#8217;ajuntament vetlli pel seu benestar i cobreixi les seves necessitats&#8221;.<\/p>\n<p>Els diferents col\u00b7lectius de taxistes porten temps realitzant demandes en aquest sentit, relacionades amb la incorporaci\u00f3 de banys a l&#8217;servei dels conductors i conductores. L&#8217;ajuntament va incorporar fa uns mesos uns banys temporals, per\u00f2 &#8220;no s\u00f3n la infraestructura que mereixen&#8221;.<\/p>\n<p>Per aquesta ra\u00f3, PSOE-Reinicia considera necessari &#8220;que es faci una inversi\u00f3 en la principal estaci\u00f3 de taxis de Sant Antoni, amb una nova instal\u00b7laci\u00f3 moderna, amb zona de descans i banys, i que est\u00e8ticament acompanyi l&#8217;epicentre tur\u00edstic de la vila&#8221;.<\/p>\n","protected":false},"excerpt":{"rendered":"<p>El grup municipal PSOE-Reinicieu de l&#8217;Ajuntament de Sant Antoni de Portmany instar\u00e0 al ple ordinari del mes de juny a la creaci\u00f3 d&#8217;una nova infraestructura p\u00fablica que millori les condicions de l&#8217;actual parada de taxis de al passeig de ses Fonts. El grup progressista proposa que es doti la parada de servei de banys i&hellip;<\/p>\n","protected":false},"author":12,"featured_media":33700,"comment_status":"closed","ping_status":"closed","sticky":false,"template":"","format":"standard","meta":{"footnotes":""},"categories":[1,188],"tags":[],"class_list":["post-33699","post","type-post","status-publish","format-standard","has-post-thumbnail","hentry","category-federacio-de-eivissa-portada","category-sant-antoni-de-portmany"],"yoast_head":"<!-- This site is optimized with the Yoast SEO plugin v26.9 - https:\/\/yoast.com\/product\/yoast-seo-wordpress\/ -->\n<title>PSOE-Reinicia proposa la creaci\u00f3 d&#039;una infraestructura de banys i descans a la parada de taxis de passeig de ses Fonts de Sant Antoni - Federaci\u00f3 Socialista d&#039;Eivissa<\/title>\n<meta name=\"robots\" content=\"index, follow, max-snippet:-1, max-image-preview:large, max-video-preview:-1\" \/>\n<link rel=\"canonical\" href=\"https:\/\/www.psib-psoe.org\/eivissa\/psoe-reinicia-proposa-la-creacio-duna-infraestructura-de-banys-i-descans-a-la-parada-de-taxis-de-passeig-de-ses-fonts-de-sant-antoni\/\" \/>\n<meta property=\"og:locale\" content=\"ca_ES\" \/>\n<meta property=\"og:type\" content=\"article\" \/>\n<meta property=\"og:title\" content=\"PSOE-Reinicia proposa la creaci\u00f3 d&#039;una infraestructura de banys i descans a la parada de taxis de passeig de ses Fonts de Sant Antoni - Federaci\u00f3 Socialista d&#039;Eivissa\" \/>\n<meta property=\"og:description\" content=\"El grup municipal PSOE-Reinicieu de l&#8217;Ajuntament de Sant Antoni de Portmany instar\u00e0 al ple ordinari del mes de juny a la creaci\u00f3 d&#8217;una nova infraestructura p\u00fablica que millori les condicions de l&#8217;actual parada de taxis de al passeig de ses Fonts. El grup progressista proposa que es doti la parada de servei de banys i&hellip;\" \/>\n<meta property=\"og:url\" content=\"https:\/\/www.psib-psoe.org\/eivissa\/psoe-reinicia-proposa-la-creacio-duna-infraestructura-de-banys-i-descans-a-la-parada-de-taxis-de-passeig-de-ses-fonts-de-sant-antoni\/\" \/>\n<meta property=\"og:site_name\" content=\"Federaci\u00f3 Socialista d&#039;Eivissa\" \/>\n<meta property=\"article:published_time\" content=\"2021-06-21T11:56:56+00:00\" \/>\n<meta property=\"og:image\" content=\"https:\/\/www.psib-psoe.org\/eivissa\/wp-content\/uploads\/parada-taxis-sanant.jpg\" \/>\n\t<meta property=\"og:image:width\" content=\"1541\" \/>\n\t<meta property=\"og:image:height\" content=\"1152\" \/>\n\t<meta property=\"og:image:type\" content=\"image\/jpeg\" \/>\n<meta name=\"author\" content=\"Azahara\" \/>\n<meta name=\"twitter:card\" content=\"summary_large_image\" \/>\n<meta name=\"twitter:label1\" content=\"Escrit per\" \/>\n\t<meta name=\"twitter:data1\" content=\"Azahara\" \/>\n\t<meta name=\"twitter:label2\" content=\"Temps estimat de lectura\" \/>\n\t<meta name=\"twitter:data2\" content=\"1 minut\" \/>\n<script type=\"application\/ld+json\" class=\"yoast-schema-graph\">{\"@context\":\"https:\/\/schema.org\",\"@graph\":[{\"@type\":[\"Article\",\"BlogPosting\"],\"@id\":\"https:\/\/www.psib-psoe.org\/eivissa\/psoe-reinicia-proposa-la-creacio-duna-infraestructura-de-banys-i-descans-a-la-parada-de-taxis-de-passeig-de-ses-fonts-de-sant-antoni\/#article\",\"isPartOf\":{\"@id\":\"https:\/\/www.psib-psoe.org\/eivissa\/psoe-reinicia-proposa-la-creacio-duna-infraestructura-de-banys-i-descans-a-la-parada-de-taxis-de-passeig-de-ses-fonts-de-sant-antoni\/\"},\"author\":{\"name\":\"Azahara\",\"@id\":\"https:\/\/www.psib-psoe.org\/eivissa\/#\/schema\/person\/68066b276b53995e2bd8dac00f0bc415\"},\"headline\":\"PSOE-Reinicia proposa la creaci\u00f3 d&#8217;una infraestructura de banys i descans a la parada de taxis de passeig de ses Fonts de Sant Antoni\",\"datePublished\":\"2021-06-21T11:56:56+00:00\",\"mainEntityOfPage\":{\"@id\":\"https:\/\/www.psib-psoe.org\/eivissa\/psoe-reinicia-proposa-la-creacio-duna-infraestructura-de-banys-i-descans-a-la-parada-de-taxis-de-passeig-de-ses-fonts-de-sant-antoni\/\"},\"wordCount\":222,\"publisher\":{\"@id\":\"https:\/\/www.psib-psoe.org\/eivissa\/#organization\"},\"image\":{\"@id\":\"https:\/\/www.psib-psoe.org\/eivissa\/psoe-reinicia-proposa-la-creacio-duna-infraestructura-de-banys-i-descans-a-la-parada-de-taxis-de-passeig-de-ses-fonts-de-sant-antoni\/#primaryimage\"},\"thumbnailUrl\":\"https:\/\/www.psib-psoe.org\/eivissa\/wp-content\/uploads\/parada-taxis-sanant.jpg\",\"articleSection\":[\"Federaci\u00f3 d'Eivissa - Portada\",\"Sant Antoni de Portmany\"],\"inLanguage\":\"ca\"},{\"@type\":\"WebPage\",\"@id\":\"https:\/\/www.psib-psoe.org\/eivissa\/psoe-reinicia-proposa-la-creacio-duna-infraestructura-de-banys-i-descans-a-la-parada-de-taxis-de-passeig-de-ses-fonts-de-sant-antoni\/\",\"url\":\"https:\/\/www.psib-psoe.org\/eivissa\/psoe-reinicia-proposa-la-creacio-duna-infraestructura-de-banys-i-descans-a-la-parada-de-taxis-de-passeig-de-ses-fonts-de-sant-antoni\/\",\"name\":\"PSOE-Reinicia proposa la creaci\u00f3 d'una infraestructura de banys i descans a la parada de taxis de passeig de ses Fonts de Sant Antoni - Federaci\u00f3 Socialista d&#039;Eivissa\",\"isPartOf\":{\"@id\":\"https:\/\/www.psib-psoe.org\/eivissa\/#website\"},\"primaryImageOfPage\":{\"@id\":\"https:\/\/www.psib-psoe.org\/eivissa\/psoe-reinicia-proposa-la-creacio-duna-infraestructura-de-banys-i-descans-a-la-parada-de-taxis-de-passeig-de-ses-fonts-de-sant-antoni\/#primaryimage\"},\"image\":{\"@id\":\"https:\/\/www.psib-psoe.org\/eivissa\/psoe-reinicia-proposa-la-creacio-duna-infraestructura-de-banys-i-descans-a-la-parada-de-taxis-de-passeig-de-ses-fonts-de-sant-antoni\/#primaryimage\"},\"thumbnailUrl\":\"https:\/\/www.psib-psoe.org\/eivissa\/wp-content\/uploads\/parada-taxis-sanant.jpg\",\"datePublished\":\"2021-06-21T11:56:56+00:00\",\"breadcrumb\":{\"@id\":\"https:\/\/www.psib-psoe.org\/eivissa\/psoe-reinicia-proposa-la-creacio-duna-infraestructura-de-banys-i-descans-a-la-parada-de-taxis-de-passeig-de-ses-fonts-de-sant-antoni\/#breadcrumb\"},\"inLanguage\":\"ca\",\"potentialAction\":[{\"@type\":\"ReadAction\",\"target\":[\"https:\/\/www.psib-psoe.org\/eivissa\/psoe-reinicia-proposa-la-creacio-duna-infraestructura-de-banys-i-descans-a-la-parada-de-taxis-de-passeig-de-ses-fonts-de-sant-antoni\/\"]}]},{\"@type\":\"ImageObject\",\"inLanguage\":\"ca\",\"@id\":\"https:\/\/www.psib-psoe.org\/eivissa\/psoe-reinicia-proposa-la-creacio-duna-infraestructura-de-banys-i-descans-a-la-parada-de-taxis-de-passeig-de-ses-fonts-de-sant-antoni\/#primaryimage\",\"url\":\"https:\/\/www.psib-psoe.org\/eivissa\/wp-content\/uploads\/parada-taxis-sanant.jpg\",\"contentUrl\":\"https:\/\/www.psib-psoe.org\/eivissa\/wp-content\/uploads\/parada-taxis-sanant.jpg\",\"width\":1541,\"height\":1152},{\"@type\":\"BreadcrumbList\",\"@id\":\"https:\/\/www.psib-psoe.org\/eivissa\/psoe-reinicia-proposa-la-creacio-duna-infraestructura-de-banys-i-descans-a-la-parada-de-taxis-de-passeig-de-ses-fonts-de-sant-antoni\/#breadcrumb\",\"itemListElement\":[{\"@type\":\"ListItem\",\"position\":1,\"name\":\"Inici\",\"item\":\"https:\/\/www.psib-psoe.org\/eivissa\/\"},{\"@type\":\"ListItem\",\"position\":2,\"name\":\"PSOE-Reinicia proposa la creaci\u00f3 d&#8217;una infraestructura de banys i descans a la parada de taxis de passeig de ses Fonts de Sant Antoni\"}]},{\"@type\":\"WebSite\",\"@id\":\"https:\/\/www.psib-psoe.org\/eivissa\/#website\",\"url\":\"https:\/\/www.psib-psoe.org\/eivissa\/\",\"name\":\"Federaci\u00f3 Socialista d'Eivissa\",\"description\":\"Socialistes d&#039;Eivissa\",\"publisher\":{\"@id\":\"https:\/\/www.psib-psoe.org\/eivissa\/#organization\"},\"potentialAction\":[{\"@type\":\"SearchAction\",\"target\":{\"@type\":\"EntryPoint\",\"urlTemplate\":\"https:\/\/www.psib-psoe.org\/eivissa\/?s={search_term_string}\"},\"query-input\":{\"@type\":\"PropertyValueSpecification\",\"valueRequired\":true,\"valueName\":\"search_term_string\"}}],\"inLanguage\":\"ca\"},{\"@type\":\"Organization\",\"@id\":\"https:\/\/www.psib-psoe.org\/eivissa\/#organization\",\"name\":\"Federaci\u00f3 Socialista d'Eivissa\",\"url\":\"https:\/\/www.psib-psoe.org\/eivissa\/\",\"logo\":{\"@type\":\"ImageObject\",\"inLanguage\":\"ca\",\"@id\":\"https:\/\/www.psib-psoe.org\/eivissa\/#\/schema\/logo\/image\/\",\"url\":\"https:\/\/www.psib-psoe.org\/eivissa\/wp-content\/uploads\/LOGO-FSE-SOCIALISTA-DEIVISSA-HORI.png\",\"contentUrl\":\"https:\/\/www.psib-psoe.org\/eivissa\/wp-content\/uploads\/LOGO-FSE-SOCIALISTA-DEIVISSA-HORI.png\",\"width\":6000,\"height\":3104,\"caption\":\"Federaci\u00f3 Socialista d'Eivissa\"},\"image\":{\"@id\":\"https:\/\/www.psib-psoe.org\/eivissa\/#\/schema\/logo\/image\/\"}},{\"@type\":\"Person\",\"@id\":\"https:\/\/www.psib-psoe.org\/eivissa\/#\/schema\/person\/68066b276b53995e2bd8dac00f0bc415\",\"name\":\"Azahara\",\"url\":\"https:\/\/www.psib-psoe.org\/eivissa\/author\/azahara\/\"}]}<\/script>\n<!-- \/ Yoast SEO plugin. -->","yoast_head_json":{"title":"PSOE-Reinicia proposa la creaci\u00f3 d'una infraestructura de banys i descans a la parada de taxis de passeig de ses Fonts de Sant Antoni - Federaci\u00f3 Socialista d&#039;Eivissa","robots":{"index":"index","follow":"follow","max-snippet":"max-snippet:-1","max-image-preview":"max-image-preview:large","max-video-preview":"max-video-preview:-1"},"canonical":"https:\/\/www.psib-psoe.org\/eivissa\/psoe-reinicia-proposa-la-creacio-duna-infraestructura-de-banys-i-descans-a-la-parada-de-taxis-de-passeig-de-ses-fonts-de-sant-antoni\/","og_locale":"ca_ES","og_type":"article","og_title":"PSOE-Reinicia proposa la creaci\u00f3 d'una infraestructura de banys i descans a la parada de taxis de passeig de ses Fonts de Sant Antoni - Federaci\u00f3 Socialista d&#039;Eivissa","og_description":"El grup municipal PSOE-Reinicieu de l&#8217;Ajuntament de Sant Antoni de Portmany instar\u00e0 al ple ordinari del mes de juny a la creaci\u00f3 d&#8217;una nova infraestructura p\u00fablica que millori les condicions de l&#8217;actual parada de taxis de al passeig de ses Fonts. El grup progressista proposa que es doti la parada de servei de banys i&hellip;","og_url":"https:\/\/www.psib-psoe.org\/eivissa\/psoe-reinicia-proposa-la-creacio-duna-infraestructura-de-banys-i-descans-a-la-parada-de-taxis-de-passeig-de-ses-fonts-de-sant-antoni\/","og_site_name":"Federaci\u00f3 Socialista d&#039;Eivissa","article_published_time":"2021-06-21T11:56:56+00:00","og_image":[{"width":1541,"height":1152,"url":"https:\/\/www.psib-psoe.org\/eivissa\/wp-content\/uploads\/parada-taxis-sanant.jpg","type":"image\/jpeg"}],"author":"Azahara","twitter_card":"summary_large_image","twitter_misc":{"Escrit per":"Azahara","Temps estimat de lectura":"1 minut"},"schema":{"@context":"https:\/\/schema.org","@graph":[{"@type":["Article","BlogPosting"],"@id":"https:\/\/www.psib-psoe.org\/eivissa\/psoe-reinicia-proposa-la-creacio-duna-infraestructura-de-banys-i-descans-a-la-parada-de-taxis-de-passeig-de-ses-fonts-de-sant-antoni\/#article","isPartOf":{"@id":"https:\/\/www.psib-psoe.org\/eivissa\/psoe-reinicia-proposa-la-creacio-duna-infraestructura-de-banys-i-descans-a-la-parada-de-taxis-de-passeig-de-ses-fonts-de-sant-antoni\/"},"author":{"name":"Azahara","@id":"https:\/\/www.psib-psoe.org\/eivissa\/#\/schema\/person\/68066b276b53995e2bd8dac00f0bc415"},"headline":"PSOE-Reinicia proposa la creaci\u00f3 d&#8217;una infraestructura de banys i descans a la parada de taxis de passeig de ses Fonts de Sant Antoni","datePublished":"2021-06-21T11:56:56+00:00","mainEntityOfPage":{"@id":"https:\/\/www.psib-psoe.org\/eivissa\/psoe-reinicia-proposa-la-creacio-duna-infraestructura-de-banys-i-descans-a-la-parada-de-taxis-de-passeig-de-ses-fonts-de-sant-antoni\/"},"wordCount":222,"publisher":{"@id":"https:\/\/www.psib-psoe.org\/eivissa\/#organization"},"image":{"@id":"https:\/\/www.psib-psoe.org\/eivissa\/psoe-reinicia-proposa-la-creacio-duna-infraestructura-de-banys-i-descans-a-la-parada-de-taxis-de-passeig-de-ses-fonts-de-sant-antoni\/#primaryimage"},"thumbnailUrl":"https:\/\/www.psib-psoe.org\/eivissa\/wp-content\/uploads\/parada-taxis-sanant.jpg","articleSection":["Federaci\u00f3 d'Eivissa - Portada","Sant Antoni de Portmany"],"inLanguage":"ca"},{"@type":"WebPage","@id":"https:\/\/www.psib-psoe.org\/eivissa\/psoe-reinicia-proposa-la-creacio-duna-infraestructura-de-banys-i-descans-a-la-parada-de-taxis-de-passeig-de-ses-fonts-de-sant-antoni\/","url":"https:\/\/www.psib-psoe.org\/eivissa\/psoe-reinicia-proposa-la-creacio-duna-infraestructura-de-banys-i-descans-a-la-parada-de-taxis-de-passeig-de-ses-fonts-de-sant-antoni\/","name":"PSOE-Reinicia proposa la creaci\u00f3 d'una infraestructura de banys i descans a la parada de taxis de passeig de ses Fonts de Sant Antoni - Federaci\u00f3 Socialista d&#039;Eivissa","isPartOf":{"@id":"https:\/\/www.psib-psoe.org\/eivissa\/#website"},"primaryImageOfPage":{"@id":"https:\/\/www.psib-psoe.org\/eivissa\/psoe-reinicia-proposa-la-creacio-duna-infraestructura-de-banys-i-descans-a-la-parada-de-taxis-de-passeig-de-ses-fonts-de-sant-antoni\/#primaryimage"},"image":{"@id":"https:\/\/www.psib-psoe.org\/eivissa\/psoe-reinicia-proposa-la-creacio-duna-infraestructura-de-banys-i-descans-a-la-parada-de-taxis-de-passeig-de-ses-fonts-de-sant-antoni\/#primaryimage"},"thumbnailUrl":"https:\/\/www.psib-psoe.org\/eivissa\/wp-content\/uploads\/parada-taxis-sanant.jpg","datePublished":"2021-06-21T11:56:56+00:00","breadcrumb":{"@id":"https:\/\/www.psib-psoe.org\/eivissa\/psoe-reinicia-proposa-la-creacio-duna-infraestructura-de-banys-i-descans-a-la-parada-de-taxis-de-passeig-de-ses-fonts-de-sant-antoni\/#breadcrumb"},"inLanguage":"ca","potentialAction":[{"@type":"ReadAction","target":["https:\/\/www.psib-psoe.org\/eivissa\/psoe-reinicia-proposa-la-creacio-duna-infraestructura-de-banys-i-descans-a-la-parada-de-taxis-de-passeig-de-ses-fonts-de-sant-antoni\/"]}]},{"@type":"ImageObject","inLanguage":"ca","@id":"https:\/\/www.psib-psoe.org\/eivissa\/psoe-reinicia-proposa-la-creacio-duna-infraestructura-de-banys-i-descans-a-la-parada-de-taxis-de-passeig-de-ses-fonts-de-sant-antoni\/#primaryimage","url":"https:\/\/www.psib-psoe.org\/eivissa\/wp-content\/uploads\/parada-taxis-sanant.jpg","contentUrl":"https:\/\/www.psib-psoe.org\/eivissa\/wp-content\/uploads\/parada-taxis-sanant.jpg","width":1541,"height":1152},{"@type":"BreadcrumbList","@id":"https:\/\/www.psib-psoe.org\/eivissa\/psoe-reinicia-proposa-la-creacio-duna-infraestructura-de-banys-i-descans-a-la-parada-de-taxis-de-passeig-de-ses-fonts-de-sant-antoni\/#breadcrumb","itemListElement":[{"@type":"ListItem","position":1,"name":"Inici","item":"https:\/\/www.psib-psoe.org\/eivissa\/"},{"@type":"ListItem","position":2,"name":"PSOE-Reinicia proposa la creaci\u00f3 d&#8217;una infraestructura de banys i descans a la parada de taxis de passeig de ses Fonts de Sant Antoni"}]},{"@type":"WebSite","@id":"https:\/\/www.psib-psoe.org\/eivissa\/#website","url":"https:\/\/www.psib-psoe.org\/eivissa\/","name":"Federaci\u00f3 Socialista d'Eivissa","description":"Socialistes d&#039;Eivissa","publisher":{"@id":"https:\/\/www.psib-psoe.org\/eivissa\/#organization"},"potentialAction":[{"@type":"SearchAction","target":{"@type":"EntryPoint","urlTemplate":"https:\/\/www.psib-psoe.org\/eivissa\/?s={search_term_string}"},"query-input":{"@type":"PropertyValueSpecification","valueRequired":true,"valueName":"search_term_string"}}],"inLanguage":"ca"},{"@type":"Organization","@id":"https:\/\/www.psib-psoe.org\/eivissa\/#organization","name":"Federaci\u00f3 Socialista d'Eivissa","url":"https:\/\/www.psib-psoe.org\/eivissa\/","logo":{"@type":"ImageObject","inLanguage":"ca","@id":"https:\/\/www.psib-psoe.org\/eivissa\/#\/schema\/logo\/image\/","url":"https:\/\/www.psib-psoe.org\/eivissa\/wp-content\/uploads\/LOGO-FSE-SOCIALISTA-DEIVISSA-HORI.png","contentUrl":"https:\/\/www.psib-psoe.org\/eivissa\/wp-content\/uploads\/LOGO-FSE-SOCIALISTA-DEIVISSA-HORI.png","width":6000,"height":3104,"caption":"Federaci\u00f3 Socialista d'Eivissa"},"image":{"@id":"https:\/\/www.psib-psoe.org\/eivissa\/#\/schema\/logo\/image\/"}},{"@type":"Person","@id":"https:\/\/www.psib-psoe.org\/eivissa\/#\/schema\/person\/68066b276b53995e2bd8dac00f0bc415","name":"Azahara","url":"https:\/\/www.psib-psoe.org\/eivissa\/author\/azahara\/"}]}},"_links":{"self":[{"href":"https:\/\/www.psib-psoe.org\/eivissa\/wp-json\/wp\/v2\/posts\/33699","targetHints":{"allow":["GET"]}}],"collection":[{"href":"https:\/\/www.psib-psoe.org\/eivissa\/wp-json\/wp\/v2\/posts"}],"about":[{"href":"https:\/\/www.psib-psoe.org\/eivissa\/wp-json\/wp\/v2\/types\/post"}],"author":[{"embeddable":true,"href":"https:\/\/www.psib-psoe.org\/eivissa\/wp-json\/wp\/v2\/users\/12"}],"replies":[{"embeddable":true,"href":"https:\/\/www.psib-psoe.org\/eivissa\/wp-json\/wp\/v2\/comments?post=33699"}],"version-history":[{"count":1,"href":"https:\/\/www.psib-psoe.org\/eivissa\/wp-json\/wp\/v2\/posts\/33699\/revisions"}],"predecessor-version":[{"id":33702,"href":"https:\/\/www.psib-psoe.org\/eivissa\/wp-json\/wp\/v2\/posts\/33699\/revisions\/33702"}],"wp:featuredmedia":[{"embeddable":true,"href":"https:\/\/www.psib-psoe.org\/eivissa\/wp-json\/wp\/v2\/media\/33700"}],"wp:attachment":[{"href":"https:\/\/www.psib-psoe.org\/eivissa\/wp-json\/wp\/v2\/media?parent=33699"}],"wp:term":[{"taxonomy":"category","embeddable":true,"href":"https:\/\/www.psib-psoe.org\/eivissa\/wp-json\/wp\/v2\/categories?post=33699"},{"taxonomy":"post_tag","embeddable":true,"href":"https:\/\/www.psib-psoe.org\/eivissa\/wp-json\/wp\/v2\/tags?post=33699"}],"curies":[{"name":"wp","href":"https:\/\/api.w.org\/{rel}","templated":true}]}}