{"id":33766,"date":"2021-07-06T13:44:27","date_gmt":"2021-07-06T11:44:27","guid":{"rendered":"https:\/\/www.psib-psoe.org\/eivissa\/?p=33766"},"modified":"2021-07-06T14:56:52","modified_gmt":"2021-07-06T12:56:52","slug":"psoe-reinicia-exigeix-%e2%80%8b%e2%80%8bresponsabilitats-a-lalcalde-marcos-serra-per-la-celebracio-duna-festa-illegal-en-una-casa-de-sant-mateu-propietat-de-lajuntament-de-sant-antoni","status":"publish","type":"post","link":"https:\/\/www.psib-psoe.org\/eivissa\/psoe-reinicia-exigeix-%e2%80%8b%e2%80%8bresponsabilitats-a-lalcalde-marcos-serra-per-la-celebracio-duna-festa-illegal-en-una-casa-de-sant-mateu-propietat-de-lajuntament-de-sant-antoni\/","title":{"rendered":"PSOE-Reinicia exigeix \u200b\u200bresponsabilitats a l&#8217;alcalde Marcos Serra per la celebraci\u00f3 de festes il\u00b7legals en una casa de Sant Mateu propietat de l&#8217;Ajuntament de Sant Antoni"},"content":{"rendered":"<p>El grup municipal PSOE-Reinicia exigeix \u200b\u200bresponsabilitats a l&#8217;alcalde de Sant Antoni de Portmany, Marcos Serra, per la celebraci\u00f3 de festes il\u00b7legals en una casa de Sant Mateu propietat de l&#8217;ajuntament. El portaveu municipal, Sim\u00f3n Planells, explica haver tengut const\u00e0ncia, a trav\u00e9s de queixes vesinals, de la celebraci\u00f3 de festes en aquesta casa, que es troba ocupada il\u00b7legalment i, a m\u00e9s a m\u00e9s, s&#8217;est\u00e0 explotant per a la celebraci\u00f3 de festes multitudin\u00e0ries. &#8220;Lamentam la falta de control i previsi\u00f3 de la regidora de Governaci\u00f3, Neus Mateu, i de l&#8217;alcalde, que no han actuat per evitar que, en plena pand\u00e8mia, es facin festes il\u00b7legals en una propietat municipal&#8221;, assegura el portaveu.<\/p>\n<p>El grup municipal PSOE-Reinicia denuncia la tornada del descontrol al municipi coincidint amb l&#8217;arribada de la temporada d&#8217;estiu i la fi de les restriccions amb motiu de la COVID. Sim\u00f3n Planells exigeix \u200b\u200ba l&#8217;alcalde Marcos Serra que &#8220;redobli els esfor\u00e7os per aconseguir frenar les festes il\u00b7legals i els botellons que s&#8217;estan produint al municipi, i que posen en perill la temporada tur\u00edstica, davant l&#8217;augment de casos COVID&#8221;.<\/p>\n<p>El portaveu progressista afirma haver rebut queixes de vesins des de diferents zones del municipi i demana a l&#8217;alcalde que posi efectius, perqu\u00e8 &#8220;l&#8217;ajuntament ha de garantir que es compleixen les mesures sanit\u00e0ries, no podem permetre que Sant Antoni sigui epicentre i imatge de descontrol&#8221;.<\/p>\n<p>D&#8217;altra banda, Sim\u00f3n Planells ha volgut recordar que &#8220;no serveix de res l&#8217;esfor\u00e7 promocional que es fa des de l&#8217;ajuntament si despr\u00e9s permetem que el turisme de borratxera s&#8217;apoderi dels carrers i de la marca Sant Antoni&#8221;.<\/p>\n","protected":false},"excerpt":{"rendered":"<p>El grup municipal PSOE-Reinicia exigeix \u200b\u200bresponsabilitats a l&#8217;alcalde de Sant Antoni de Portmany, Marcos Serra, per la celebraci\u00f3 de festes il\u00b7legals en una casa de Sant Mateu propietat de l&#8217;ajuntament. El portaveu municipal, Sim\u00f3n Planells, explica haver tengut const\u00e0ncia, a trav\u00e9s de queixes vesinals, de la celebraci\u00f3 de festes en aquesta casa, que es troba&hellip;<\/p>\n","protected":false},"author":7,"featured_media":33767,"comment_status":"closed","ping_status":"closed","sticky":false,"template":"","format":"standard","meta":{"footnotes":""},"categories":[254,1,234,188],"tags":[],"class_list":["post-33766","post","type-post","status-publish","format-standard","has-post-thumbnail","hentry","category-covid-19","category-federacio-de-eivissa-portada","category-municipis","category-sant-antoni-de-portmany"],"yoast_head":"<!-- This site is optimized with the Yoast SEO plugin v26.9 - https:\/\/yoast.com\/product\/yoast-seo-wordpress\/ -->\n<title>PSOE-Reinicia exigeix \u200b\u200bresponsabilitats a l&#039;alcalde Marcos Serra per la celebraci\u00f3 de festes il\u00b7legals en una casa de Sant Mateu propietat de l&#039;Ajuntament de Sant Antoni - Federaci\u00f3 Socialista d&#039;Eivissa<\/title>\n<meta name=\"robots\" content=\"index, follow, max-snippet:-1, max-image-preview:large, max-video-preview:-1\" \/>\n<link rel=\"canonical\" href=\"https:\/\/www.psib-psoe.org\/eivissa\/psoe-reinicia-exigeix-\u200b\u200bresponsabilitats-a-lalcalde-marcos-serra-per-la-celebracio-duna-festa-illegal-en-una-casa-de-sant-mateu-propietat-de-lajuntament-de-sant-antoni\/\" \/>\n<meta property=\"og:locale\" content=\"ca_ES\" \/>\n<meta property=\"og:type\" content=\"article\" \/>\n<meta property=\"og:title\" content=\"PSOE-Reinicia exigeix \u200b\u200bresponsabilitats a l&#039;alcalde Marcos Serra per la celebraci\u00f3 de festes il\u00b7legals en una casa de Sant Mateu propietat de l&#039;Ajuntament de Sant Antoni - Federaci\u00f3 Socialista d&#039;Eivissa\" \/>\n<meta property=\"og:description\" content=\"El grup municipal PSOE-Reinicia exigeix \u200b\u200bresponsabilitats a l&#8217;alcalde de Sant Antoni de Portmany, Marcos Serra, per la celebraci\u00f3 de festes il\u00b7legals en una casa de Sant Mateu propietat de l&#8217;ajuntament. El portaveu municipal, Sim\u00f3n Planells, explica haver tengut const\u00e0ncia, a trav\u00e9s de queixes vesinals, de la celebraci\u00f3 de festes en aquesta casa, que es troba&hellip;\" \/>\n<meta property=\"og:url\" content=\"https:\/\/www.psib-psoe.org\/eivissa\/psoe-reinicia-exigeix-\u200b\u200bresponsabilitats-a-lalcalde-marcos-serra-per-la-celebracio-duna-festa-illegal-en-una-casa-de-sant-mateu-propietat-de-lajuntament-de-sant-antoni\/\" \/>\n<meta property=\"og:site_name\" content=\"Federaci\u00f3 Socialista d&#039;Eivissa\" \/>\n<meta property=\"article:published_time\" content=\"2021-07-06T11:44:27+00:00\" \/>\n<meta property=\"article:modified_time\" content=\"2021-07-06T12:56:52+00:00\" \/>\n<meta property=\"og:image\" content=\"https:\/\/www.psib-psoe.org\/eivissa\/wp-content\/uploads\/casa-sant-mateu.png\" \/>\n\t<meta property=\"og:image:width\" content=\"702\" \/>\n\t<meta property=\"og:image:height\" content=\"421\" \/>\n\t<meta property=\"og:image:type\" content=\"image\/png\" \/>\n<meta name=\"author\" content=\"Josep Ripoll\" \/>\n<meta name=\"twitter:card\" content=\"summary_large_image\" \/>\n<meta name=\"twitter:label1\" content=\"Escrit per\" \/>\n\t<meta name=\"twitter:data1\" content=\"Josep Ripoll\" \/>\n\t<meta name=\"twitter:label2\" content=\"Temps estimat de lectura\" \/>\n\t<meta name=\"twitter:data2\" content=\"1 minut\" \/>\n<script type=\"application\/ld+json\" class=\"yoast-schema-graph\">{\"@context\":\"https:\/\/schema.org\",\"@graph\":[{\"@type\":[\"Article\",\"BlogPosting\"],\"@id\":\"https:\/\/www.psib-psoe.org\/eivissa\/psoe-reinicia-exigeix-%e2%80%8b%e2%80%8bresponsabilitats-a-lalcalde-marcos-serra-per-la-celebracio-duna-festa-illegal-en-una-casa-de-sant-mateu-propietat-de-lajuntament-de-sant-antoni\/#article\",\"isPartOf\":{\"@id\":\"https:\/\/www.psib-psoe.org\/eivissa\/psoe-reinicia-exigeix-%e2%80%8b%e2%80%8bresponsabilitats-a-lalcalde-marcos-serra-per-la-celebracio-duna-festa-illegal-en-una-casa-de-sant-mateu-propietat-de-lajuntament-de-sant-antoni\/\"},\"author\":{\"name\":\"Josep Ripoll\",\"@id\":\"https:\/\/www.psib-psoe.org\/eivissa\/#\/schema\/person\/7a9d2841fb36f32e34fc0e9b245e8117\"},\"headline\":\"PSOE-Reinicia exigeix \u200b\u200bresponsabilitats a l&#8217;alcalde Marcos Serra per la celebraci\u00f3 de festes il\u00b7legals en una casa de Sant Mateu propietat de l&#8217;Ajuntament de Sant Antoni\",\"datePublished\":\"2021-07-06T11:44:27+00:00\",\"dateModified\":\"2021-07-06T12:56:52+00:00\",\"mainEntityOfPage\":{\"@id\":\"https:\/\/www.psib-psoe.org\/eivissa\/psoe-reinicia-exigeix-%e2%80%8b%e2%80%8bresponsabilitats-a-lalcalde-marcos-serra-per-la-celebracio-duna-festa-illegal-en-una-casa-de-sant-mateu-propietat-de-lajuntament-de-sant-antoni\/\"},\"wordCount\":301,\"publisher\":{\"@id\":\"https:\/\/www.psib-psoe.org\/eivissa\/#organization\"},\"image\":{\"@id\":\"https:\/\/www.psib-psoe.org\/eivissa\/psoe-reinicia-exigeix-%e2%80%8b%e2%80%8bresponsabilitats-a-lalcalde-marcos-serra-per-la-celebracio-duna-festa-illegal-en-una-casa-de-sant-mateu-propietat-de-lajuntament-de-sant-antoni\/#primaryimage\"},\"thumbnailUrl\":\"https:\/\/www.psib-psoe.org\/eivissa\/wp-content\/uploads\/casa-sant-mateu.png\",\"articleSection\":[\"Covid-19\",\"Federaci\u00f3 d'Eivissa - Portada\",\"Municipis\",\"Sant Antoni de Portmany\"],\"inLanguage\":\"ca\"},{\"@type\":\"WebPage\",\"@id\":\"https:\/\/www.psib-psoe.org\/eivissa\/psoe-reinicia-exigeix-%e2%80%8b%e2%80%8bresponsabilitats-a-lalcalde-marcos-serra-per-la-celebracio-duna-festa-illegal-en-una-casa-de-sant-mateu-propietat-de-lajuntament-de-sant-antoni\/\",\"url\":\"https:\/\/www.psib-psoe.org\/eivissa\/psoe-reinicia-exigeix-%e2%80%8b%e2%80%8bresponsabilitats-a-lalcalde-marcos-serra-per-la-celebracio-duna-festa-illegal-en-una-casa-de-sant-mateu-propietat-de-lajuntament-de-sant-antoni\/\",\"name\":\"PSOE-Reinicia exigeix \u200b\u200bresponsabilitats a l'alcalde Marcos Serra per la celebraci\u00f3 de festes il\u00b7legals en una casa de Sant Mateu propietat de l'Ajuntament de Sant Antoni - Federaci\u00f3 Socialista d&#039;Eivissa\",\"isPartOf\":{\"@id\":\"https:\/\/www.psib-psoe.org\/eivissa\/#website\"},\"primaryImageOfPage\":{\"@id\":\"https:\/\/www.psib-psoe.org\/eivissa\/psoe-reinicia-exigeix-%e2%80%8b%e2%80%8bresponsabilitats-a-lalcalde-marcos-serra-per-la-celebracio-duna-festa-illegal-en-una-casa-de-sant-mateu-propietat-de-lajuntament-de-sant-antoni\/#primaryimage\"},\"image\":{\"@id\":\"https:\/\/www.psib-psoe.org\/eivissa\/psoe-reinicia-exigeix-%e2%80%8b%e2%80%8bresponsabilitats-a-lalcalde-marcos-serra-per-la-celebracio-duna-festa-illegal-en-una-casa-de-sant-mateu-propietat-de-lajuntament-de-sant-antoni\/#primaryimage\"},\"thumbnailUrl\":\"https:\/\/www.psib-psoe.org\/eivissa\/wp-content\/uploads\/casa-sant-mateu.png\",\"datePublished\":\"2021-07-06T11:44:27+00:00\",\"dateModified\":\"2021-07-06T12:56:52+00:00\",\"breadcrumb\":{\"@id\":\"https:\/\/www.psib-psoe.org\/eivissa\/psoe-reinicia-exigeix-%e2%80%8b%e2%80%8bresponsabilitats-a-lalcalde-marcos-serra-per-la-celebracio-duna-festa-illegal-en-una-casa-de-sant-mateu-propietat-de-lajuntament-de-sant-antoni\/#breadcrumb\"},\"inLanguage\":\"ca\",\"potentialAction\":[{\"@type\":\"ReadAction\",\"target\":[\"https:\/\/www.psib-psoe.org\/eivissa\/psoe-reinicia-exigeix-%e2%80%8b%e2%80%8bresponsabilitats-a-lalcalde-marcos-serra-per-la-celebracio-duna-festa-illegal-en-una-casa-de-sant-mateu-propietat-de-lajuntament-de-sant-antoni\/\"]}]},{\"@type\":\"ImageObject\",\"inLanguage\":\"ca\",\"@id\":\"https:\/\/www.psib-psoe.org\/eivissa\/psoe-reinicia-exigeix-%e2%80%8b%e2%80%8bresponsabilitats-a-lalcalde-marcos-serra-per-la-celebracio-duna-festa-illegal-en-una-casa-de-sant-mateu-propietat-de-lajuntament-de-sant-antoni\/#primaryimage\",\"url\":\"https:\/\/www.psib-psoe.org\/eivissa\/wp-content\/uploads\/casa-sant-mateu.png\",\"contentUrl\":\"https:\/\/www.psib-psoe.org\/eivissa\/wp-content\/uploads\/casa-sant-mateu.png\",\"width\":702,\"height\":421},{\"@type\":\"BreadcrumbList\",\"@id\":\"https:\/\/www.psib-psoe.org\/eivissa\/psoe-reinicia-exigeix-%e2%80%8b%e2%80%8bresponsabilitats-a-lalcalde-marcos-serra-per-la-celebracio-duna-festa-illegal-en-una-casa-de-sant-mateu-propietat-de-lajuntament-de-sant-antoni\/#breadcrumb\",\"itemListElement\":[{\"@type\":\"ListItem\",\"position\":1,\"name\":\"Inici\",\"item\":\"https:\/\/www.psib-psoe.org\/eivissa\/\"},{\"@type\":\"ListItem\",\"position\":2,\"name\":\"PSOE-Reinicia exigeix \u200b\u200bresponsabilitats a l&#8217;alcalde Marcos Serra per la celebraci\u00f3 de festes il\u00b7legals en una casa de Sant Mateu propietat de l&#8217;Ajuntament de Sant Antoni\"}]},{\"@type\":\"WebSite\",\"@id\":\"https:\/\/www.psib-psoe.org\/eivissa\/#website\",\"url\":\"https:\/\/www.psib-psoe.org\/eivissa\/\",\"name\":\"Federaci\u00f3 Socialista d'Eivissa\",\"description\":\"Socialistes d&#039;Eivissa\",\"publisher\":{\"@id\":\"https:\/\/www.psib-psoe.org\/eivissa\/#organization\"},\"potentialAction\":[{\"@type\":\"SearchAction\",\"target\":{\"@type\":\"EntryPoint\",\"urlTemplate\":\"https:\/\/www.psib-psoe.org\/eivissa\/?s={search_term_string}\"},\"query-input\":{\"@type\":\"PropertyValueSpecification\",\"valueRequired\":true,\"valueName\":\"search_term_string\"}}],\"inLanguage\":\"ca\"},{\"@type\":\"Organization\",\"@id\":\"https:\/\/www.psib-psoe.org\/eivissa\/#organization\",\"name\":\"Federaci\u00f3 Socialista d'Eivissa\",\"url\":\"https:\/\/www.psib-psoe.org\/eivissa\/\",\"logo\":{\"@type\":\"ImageObject\",\"inLanguage\":\"ca\",\"@id\":\"https:\/\/www.psib-psoe.org\/eivissa\/#\/schema\/logo\/image\/\",\"url\":\"https:\/\/www.psib-psoe.org\/eivissa\/wp-content\/uploads\/LOGO-FSE-SOCIALISTA-DEIVISSA-HORI.png\",\"contentUrl\":\"https:\/\/www.psib-psoe.org\/eivissa\/wp-content\/uploads\/LOGO-FSE-SOCIALISTA-DEIVISSA-HORI.png\",\"width\":6000,\"height\":3104,\"caption\":\"Federaci\u00f3 Socialista d'Eivissa\"},\"image\":{\"@id\":\"https:\/\/www.psib-psoe.org\/eivissa\/#\/schema\/logo\/image\/\"}},{\"@type\":\"Person\",\"@id\":\"https:\/\/www.psib-psoe.org\/eivissa\/#\/schema\/person\/7a9d2841fb36f32e34fc0e9b245e8117\",\"name\":\"Josep Ripoll\",\"sameAs\":[\"http:\/\/www.psib-psoe.org\/eivissa\/wp-login.php\"],\"url\":\"https:\/\/www.psib-psoe.org\/eivissa\/author\/josep\/\"}]}<\/script>\n<!-- \/ Yoast SEO plugin. -->","yoast_head_json":{"title":"PSOE-Reinicia exigeix \u200b\u200bresponsabilitats a l'alcalde Marcos Serra per la celebraci\u00f3 de festes il\u00b7legals en una casa de Sant Mateu propietat de l'Ajuntament de Sant Antoni - Federaci\u00f3 Socialista d&#039;Eivissa","robots":{"index":"index","follow":"follow","max-snippet":"max-snippet:-1","max-image-preview":"max-image-preview:large","max-video-preview":"max-video-preview:-1"},"canonical":"https:\/\/www.psib-psoe.org\/eivissa\/psoe-reinicia-exigeix-\u200b\u200bresponsabilitats-a-lalcalde-marcos-serra-per-la-celebracio-duna-festa-illegal-en-una-casa-de-sant-mateu-propietat-de-lajuntament-de-sant-antoni\/","og_locale":"ca_ES","og_type":"article","og_title":"PSOE-Reinicia exigeix \u200b\u200bresponsabilitats a l'alcalde Marcos Serra per la celebraci\u00f3 de festes il\u00b7legals en una casa de Sant Mateu propietat de l'Ajuntament de Sant Antoni - Federaci\u00f3 Socialista d&#039;Eivissa","og_description":"El grup municipal PSOE-Reinicia exigeix \u200b\u200bresponsabilitats a l&#8217;alcalde de Sant Antoni de Portmany, Marcos Serra, per la celebraci\u00f3 de festes il\u00b7legals en una casa de Sant Mateu propietat de l&#8217;ajuntament. El portaveu municipal, Sim\u00f3n Planells, explica haver tengut const\u00e0ncia, a trav\u00e9s de queixes vesinals, de la celebraci\u00f3 de festes en aquesta casa, que es troba&hellip;","og_url":"https:\/\/www.psib-psoe.org\/eivissa\/psoe-reinicia-exigeix-\u200b\u200bresponsabilitats-a-lalcalde-marcos-serra-per-la-celebracio-duna-festa-illegal-en-una-casa-de-sant-mateu-propietat-de-lajuntament-de-sant-antoni\/","og_site_name":"Federaci\u00f3 Socialista d&#039;Eivissa","article_published_time":"2021-07-06T11:44:27+00:00","article_modified_time":"2021-07-06T12:56:52+00:00","og_image":[{"width":702,"height":421,"url":"https:\/\/www.psib-psoe.org\/eivissa\/wp-content\/uploads\/casa-sant-mateu.png","type":"image\/png"}],"author":"Josep Ripoll","twitter_card":"summary_large_image","twitter_misc":{"Escrit per":"Josep Ripoll","Temps estimat de lectura":"1 minut"},"schema":{"@context":"https:\/\/schema.org","@graph":[{"@type":["Article","BlogPosting"],"@id":"https:\/\/www.psib-psoe.org\/eivissa\/psoe-reinicia-exigeix-%e2%80%8b%e2%80%8bresponsabilitats-a-lalcalde-marcos-serra-per-la-celebracio-duna-festa-illegal-en-una-casa-de-sant-mateu-propietat-de-lajuntament-de-sant-antoni\/#article","isPartOf":{"@id":"https:\/\/www.psib-psoe.org\/eivissa\/psoe-reinicia-exigeix-%e2%80%8b%e2%80%8bresponsabilitats-a-lalcalde-marcos-serra-per-la-celebracio-duna-festa-illegal-en-una-casa-de-sant-mateu-propietat-de-lajuntament-de-sant-antoni\/"},"author":{"name":"Josep Ripoll","@id":"https:\/\/www.psib-psoe.org\/eivissa\/#\/schema\/person\/7a9d2841fb36f32e34fc0e9b245e8117"},"headline":"PSOE-Reinicia exigeix \u200b\u200bresponsabilitats a l&#8217;alcalde Marcos Serra per la celebraci\u00f3 de festes il\u00b7legals en una casa de Sant Mateu propietat de l&#8217;Ajuntament de Sant Antoni","datePublished":"2021-07-06T11:44:27+00:00","dateModified":"2021-07-06T12:56:52+00:00","mainEntityOfPage":{"@id":"https:\/\/www.psib-psoe.org\/eivissa\/psoe-reinicia-exigeix-%e2%80%8b%e2%80%8bresponsabilitats-a-lalcalde-marcos-serra-per-la-celebracio-duna-festa-illegal-en-una-casa-de-sant-mateu-propietat-de-lajuntament-de-sant-antoni\/"},"wordCount":301,"publisher":{"@id":"https:\/\/www.psib-psoe.org\/eivissa\/#organization"},"image":{"@id":"https:\/\/www.psib-psoe.org\/eivissa\/psoe-reinicia-exigeix-%e2%80%8b%e2%80%8bresponsabilitats-a-lalcalde-marcos-serra-per-la-celebracio-duna-festa-illegal-en-una-casa-de-sant-mateu-propietat-de-lajuntament-de-sant-antoni\/#primaryimage"},"thumbnailUrl":"https:\/\/www.psib-psoe.org\/eivissa\/wp-content\/uploads\/casa-sant-mateu.png","articleSection":["Covid-19","Federaci\u00f3 d'Eivissa - Portada","Municipis","Sant Antoni de Portmany"],"inLanguage":"ca"},{"@type":"WebPage","@id":"https:\/\/www.psib-psoe.org\/eivissa\/psoe-reinicia-exigeix-%e2%80%8b%e2%80%8bresponsabilitats-a-lalcalde-marcos-serra-per-la-celebracio-duna-festa-illegal-en-una-casa-de-sant-mateu-propietat-de-lajuntament-de-sant-antoni\/","url":"https:\/\/www.psib-psoe.org\/eivissa\/psoe-reinicia-exigeix-%e2%80%8b%e2%80%8bresponsabilitats-a-lalcalde-marcos-serra-per-la-celebracio-duna-festa-illegal-en-una-casa-de-sant-mateu-propietat-de-lajuntament-de-sant-antoni\/","name":"PSOE-Reinicia exigeix \u200b\u200bresponsabilitats a l'alcalde Marcos Serra per la celebraci\u00f3 de festes il\u00b7legals en una casa de Sant Mateu propietat de l'Ajuntament de Sant Antoni - Federaci\u00f3 Socialista d&#039;Eivissa","isPartOf":{"@id":"https:\/\/www.psib-psoe.org\/eivissa\/#website"},"primaryImageOfPage":{"@id":"https:\/\/www.psib-psoe.org\/eivissa\/psoe-reinicia-exigeix-%e2%80%8b%e2%80%8bresponsabilitats-a-lalcalde-marcos-serra-per-la-celebracio-duna-festa-illegal-en-una-casa-de-sant-mateu-propietat-de-lajuntament-de-sant-antoni\/#primaryimage"},"image":{"@id":"https:\/\/www.psib-psoe.org\/eivissa\/psoe-reinicia-exigeix-%e2%80%8b%e2%80%8bresponsabilitats-a-lalcalde-marcos-serra-per-la-celebracio-duna-festa-illegal-en-una-casa-de-sant-mateu-propietat-de-lajuntament-de-sant-antoni\/#primaryimage"},"thumbnailUrl":"https:\/\/www.psib-psoe.org\/eivissa\/wp-content\/uploads\/casa-sant-mateu.png","datePublished":"2021-07-06T11:44:27+00:00","dateModified":"2021-07-06T12:56:52+00:00","breadcrumb":{"@id":"https:\/\/www.psib-psoe.org\/eivissa\/psoe-reinicia-exigeix-%e2%80%8b%e2%80%8bresponsabilitats-a-lalcalde-marcos-serra-per-la-celebracio-duna-festa-illegal-en-una-casa-de-sant-mateu-propietat-de-lajuntament-de-sant-antoni\/#breadcrumb"},"inLanguage":"ca","potentialAction":[{"@type":"ReadAction","target":["https:\/\/www.psib-psoe.org\/eivissa\/psoe-reinicia-exigeix-%e2%80%8b%e2%80%8bresponsabilitats-a-lalcalde-marcos-serra-per-la-celebracio-duna-festa-illegal-en-una-casa-de-sant-mateu-propietat-de-lajuntament-de-sant-antoni\/"]}]},{"@type":"ImageObject","inLanguage":"ca","@id":"https:\/\/www.psib-psoe.org\/eivissa\/psoe-reinicia-exigeix-%e2%80%8b%e2%80%8bresponsabilitats-a-lalcalde-marcos-serra-per-la-celebracio-duna-festa-illegal-en-una-casa-de-sant-mateu-propietat-de-lajuntament-de-sant-antoni\/#primaryimage","url":"https:\/\/www.psib-psoe.org\/eivissa\/wp-content\/uploads\/casa-sant-mateu.png","contentUrl":"https:\/\/www.psib-psoe.org\/eivissa\/wp-content\/uploads\/casa-sant-mateu.png","width":702,"height":421},{"@type":"BreadcrumbList","@id":"https:\/\/www.psib-psoe.org\/eivissa\/psoe-reinicia-exigeix-%e2%80%8b%e2%80%8bresponsabilitats-a-lalcalde-marcos-serra-per-la-celebracio-duna-festa-illegal-en-una-casa-de-sant-mateu-propietat-de-lajuntament-de-sant-antoni\/#breadcrumb","itemListElement":[{"@type":"ListItem","position":1,"name":"Inici","item":"https:\/\/www.psib-psoe.org\/eivissa\/"},{"@type":"ListItem","position":2,"name":"PSOE-Reinicia exigeix \u200b\u200bresponsabilitats a l&#8217;alcalde Marcos Serra per la celebraci\u00f3 de festes il\u00b7legals en una casa de Sant Mateu propietat de l&#8217;Ajuntament de Sant Antoni"}]},{"@type":"WebSite","@id":"https:\/\/www.psib-psoe.org\/eivissa\/#website","url":"https:\/\/www.psib-psoe.org\/eivissa\/","name":"Federaci\u00f3 Socialista d'Eivissa","description":"Socialistes d&#039;Eivissa","publisher":{"@id":"https:\/\/www.psib-psoe.org\/eivissa\/#organization"},"potentialAction":[{"@type":"SearchAction","target":{"@type":"EntryPoint","urlTemplate":"https:\/\/www.psib-psoe.org\/eivissa\/?s={search_term_string}"},"query-input":{"@type":"PropertyValueSpecification","valueRequired":true,"valueName":"search_term_string"}}],"inLanguage":"ca"},{"@type":"Organization","@id":"https:\/\/www.psib-psoe.org\/eivissa\/#organization","name":"Federaci\u00f3 Socialista d'Eivissa","url":"https:\/\/www.psib-psoe.org\/eivissa\/","logo":{"@type":"ImageObject","inLanguage":"ca","@id":"https:\/\/www.psib-psoe.org\/eivissa\/#\/schema\/logo\/image\/","url":"https:\/\/www.psib-psoe.org\/eivissa\/wp-content\/uploads\/LOGO-FSE-SOCIALISTA-DEIVISSA-HORI.png","contentUrl":"https:\/\/www.psib-psoe.org\/eivissa\/wp-content\/uploads\/LOGO-FSE-SOCIALISTA-DEIVISSA-HORI.png","width":6000,"height":3104,"caption":"Federaci\u00f3 Socialista d'Eivissa"},"image":{"@id":"https:\/\/www.psib-psoe.org\/eivissa\/#\/schema\/logo\/image\/"}},{"@type":"Person","@id":"https:\/\/www.psib-psoe.org\/eivissa\/#\/schema\/person\/7a9d2841fb36f32e34fc0e9b245e8117","name":"Josep Ripoll","sameAs":["http:\/\/www.psib-psoe.org\/eivissa\/wp-login.php"],"url":"https:\/\/www.psib-psoe.org\/eivissa\/author\/josep\/"}]}},"_links":{"self":[{"href":"https:\/\/www.psib-psoe.org\/eivissa\/wp-json\/wp\/v2\/posts\/33766","targetHints":{"allow":["GET"]}}],"collection":[{"href":"https:\/\/www.psib-psoe.org\/eivissa\/wp-json\/wp\/v2\/posts"}],"about":[{"href":"https:\/\/www.psib-psoe.org\/eivissa\/wp-json\/wp\/v2\/types\/post"}],"author":[{"embeddable":true,"href":"https:\/\/www.psib-psoe.org\/eivissa\/wp-json\/wp\/v2\/users\/7"}],"replies":[{"embeddable":true,"href":"https:\/\/www.psib-psoe.org\/eivissa\/wp-json\/wp\/v2\/comments?post=33766"}],"version-history":[{"count":3,"href":"https:\/\/www.psib-psoe.org\/eivissa\/wp-json\/wp\/v2\/posts\/33766\/revisions"}],"predecessor-version":[{"id":33775,"href":"https:\/\/www.psib-psoe.org\/eivissa\/wp-json\/wp\/v2\/posts\/33766\/revisions\/33775"}],"wp:featuredmedia":[{"embeddable":true,"href":"https:\/\/www.psib-psoe.org\/eivissa\/wp-json\/wp\/v2\/media\/33767"}],"wp:attachment":[{"href":"https:\/\/www.psib-psoe.org\/eivissa\/wp-json\/wp\/v2\/media?parent=33766"}],"wp:term":[{"taxonomy":"category","embeddable":true,"href":"https:\/\/www.psib-psoe.org\/eivissa\/wp-json\/wp\/v2\/categories?post=33766"},{"taxonomy":"post_tag","embeddable":true,"href":"https:\/\/www.psib-psoe.org\/eivissa\/wp-json\/wp\/v2\/tags?post=33766"}],"curies":[{"name":"wp","href":"https:\/\/api.w.org\/{rel}","templated":true}]}}