{"id":33792,"date":"2021-07-22T18:21:35","date_gmt":"2021-07-22T16:21:35","guid":{"rendered":"https:\/\/www.psib-psoe.org\/eivissa\/?p=33792"},"modified":"2021-07-22T13:24:22","modified_gmt":"2021-07-22T11:24:22","slug":"el-psoe-denuncia-la-politica-partidista-i-clientelar-del-consell-insular-de-vicent-mari-i-una-falta-de-suport-a-les-persones-que-mes-ho-necessiten","status":"publish","type":"post","link":"https:\/\/www.psib-psoe.org\/eivissa\/el-psoe-denuncia-la-politica-partidista-i-clientelar-del-consell-insular-de-vicent-mari-i-una-falta-de-suport-a-les-persones-que-mes-ho-necessiten\/","title":{"rendered":"El PSOE denuncia la pol\u00edtica &#8220;partidista i clientelar&#8221; del Consell Insular de Vicent Mar\u00ed i una &#8220;falta de suport a les persones que m\u00e9s ho necessiten&#8221;"},"content":{"rendered":"<p>El grup PSOE ha criticat la pol\u00edtica &#8220;partidista i clientelar&#8221; del Consell Insular de Vicent Mar\u00ed, en el debat anual de pol\u00edtica general que se celebra aquest dimecres. L&#8217;anterior president i portaveu socialista, Vicent Torres, ha lamentat que el Consell d&#8217;Eivissa &#8220;\u00e9s un instrument al servei del Partit Popular&#8221; i de la &#8220;promoci\u00f3 personal&#8221; de Vicent Mar\u00ed. El portaveu socialista ha manifestat que &#8220;si el PP o si el president Mar\u00ed volen fer oposici\u00f3 al Govern de les Illes Balears, ho poden fer cada dimarts al Parlament, com a diputat del PP&#8221;. &#8220;El Consell \u00e9s la instituci\u00f3 de govern d&#8217;Eivissa, i ha d&#8217;estar al servei del conjunt de la ciutadania, i no al servei del Partit Popular&#8221;, ha criticat.<\/p>\n<p>El portaveu del PSOE ha denunciat que &#8220;aprofitant l&#8217;emerg\u00e8ncia de la Covid, han donat sous a programes de televisi\u00f3 de promoci\u00f3 personal del president Mar\u00ed&#8221;. &#8220;Per al seu govern, transpar\u00e8ncia vol dir amagar, no rendir comptes, sobre contractes com per exemple tots aquestos de propaganda i autobombo del president&#8221;. Vicent Torres ha recordat que &#8220;s&#8217;han negat a explicar davant d&#8217;aquest Ple per qu\u00e8 un \u00fanic grup de Comunicaci\u00f3 s&#8217;end\u00fa 450.000 euros, el 64% del total de la publicitat institucional del Consell Insular&#8221;. &#8220;Vost\u00e8s han triplicat la quantitat econ\u00f2mica que s&#8217;end\u00fa aquest grup de Comunicaci\u00f3&#8221; i &#8220;hem arribat a veure un anunci de publicitat, pagat amb sous del Consell Insular, que criticava obertament una decisi\u00f3 pol\u00edtica d&#8217;un alcalde socialista de la nostra illa&#8221;, ha dit. &#8220;Una pol\u00edtica partidista i clientelar, com veim per exemple amb la decisi\u00f3 de disparar les subvencions nominatives, sense concurr\u00e8ncia p\u00fablica.&#8221;<\/p>\n<p><strong>&#8220;De perfil&#8221; en pol\u00edtiques socials<\/strong><br \/>\nEl portaveu socialista ha lamentat que &#8220;davant del repte m\u00e9s important que recordam, com era posar tots els instruments d&#8217;aquesta administraci\u00f3 al servei de la ciutadania per superar la pitjor crisi mai viscuda, ens hem trobat un Consell absent, que s&#8217;ha posat de perfil, sobretot en l&#8217;\u00e0mbit social&#8221;.<\/p>\n<p>Vicent Torres ha qualificat de &#8220;vergony\u00f3s de principi a fi&#8221; el que ha passat amb la convocat\u00f2ria d&#8217;ajudes a persones i fam\u00edlies afectades econ\u00f2micament per la Covid-19, recordant que &#8220;m\u00e9s de mil persones varen ser obligades a fer coua al carrer hores i hores davant de les mirades de tothom que passava&#8221; per, finalment, &#8220;denegar l&#8217;ajuda a m\u00e9s de 600 de les que ho varen demanar&#8221;.<\/p>\n<p>El grup PSOE tamb\u00e9 lamenta la falta d&#8217;impuls a les pol\u00edtiques d&#8217;igualtat i LGTBI. La viol\u00e8ncia contra les dones i contra el col\u00b7lectiu LGTBI &#8220;no ho aturarem si no hi posam tots els esfor\u00e7os, comen\u00e7ant per les administracions responsables, com \u00e9s aquest Consell Insular&#8221;. &#8220;I molt menys, si ens dedicam a blanquejar i a abra\u00e7ar a la ultradreta quan la necessitam per governar, com est\u00e0 fent el seu partit, el Partit Popular&#8221;, advertit Vicent Torres. El PSOE seguir\u00e0 &#8220;lluitant per a\u00efllar, arraconar i reduir a la m\u00ednima expressi\u00f3 els postulats de la ultradreta, construint un mur davant dels seus discursos d&#8217;odi i desigualtat&#8221;.<\/p>\n<p><strong>El PSOE exigeix la retirada del Reglament de simplificaci\u00f3<\/strong><br \/>\nEn el debat, el portaveu ha exigit la retirada del Reglament de simplificaci\u00f3 administrativa, ja que nom\u00e9s provocar\u00e0 &#8220;m\u00e9s pressi\u00f3 tur\u00edstica en el s\u00f2l r\u00fastic&#8221;. Vicent Torres ha recordat &#8220;els problemes que pateix la nostra illa&#8221;, afirmant que &#8220;m\u00e9s saturaci\u00f3 al camp, no \u00e9s sa soluci\u00f3&#8221;.<\/p>\n<p>&#8220;Li exigim la retirada del Reglament de simplificaci\u00f3, com tamb\u00e9 li exigim que no posi en marxa cap modificaci\u00f3 del PTI que suposi aixecar l&#8217;actual protecci\u00f3 que v\u00e0rem deixar aprovada en l&#8217;anterior legislatura&#8221;. &#8220;El PSOE no acceptar\u00e0 cap retallada en protecci\u00f3 territorial de la nostra illa&#8221;, ha manifestat.<\/p>\n<p><strong>&#8220;Decepci\u00f3 absoluta&#8221; en turisme<\/strong><br \/>\nEl portaveu socialista ha criticat la &#8220;decepci\u00f3 absoluta&#8221; en promoci\u00f3, ordenaci\u00f3 i informaci\u00f3 tur\u00edstica. &#8220;El Pla d&#8217;Inspeccions de turisme no diu res del problema de les festes il\u00b7legals en habitatges tur\u00edstics, que ara mateix \u00e9s un problema de primer ordre. L&#8217;administraci\u00f3 competent en ordenaci\u00f3 tur\u00edstica \u00e9s incapa\u00e7 de donar una resposta al principal problema d&#8217;ordre que tenim a la nostra illa&#8221;.<\/p>\n<p>Vicent Torres ha criticat que &#8220;el Palau de Congressos \u00e9s un caprici personal del president Mar\u00ed&#8221; i ha demanat que el Consell prioritzi l&#8217;ampliaci\u00f3 del Recinte Firal per raons d&#8217;oportunitat i de racionalitat&#8221;. &#8220;Gastar\u00e0 23 milions d&#8217;euros en fer un auditori a Sant Antoni? Quin projectes de 23 milions t\u00e9 pels equipaments municipals dels ajuntaments d&#8217;Eivissa, Sant Josep o Sant Joan?&#8221;, ha preguntat. &#8220;Faci de president del Consell d&#8217;Eivissa, i no d&#8217;alcalde de Santa Eul\u00e0ria, que ja no ho \u00e9s&#8221;, li ha recordat.<\/p>\n<p>El portaveu del PSOE tamb\u00e9 ha preguntat a Vicent Mar\u00ed &#8220;on \u00e9s el v\u00eddeo &#8216;La vida islados'&#8221;, adjudicat de manera &#8220;irregular&#8221; per 250.000 euros i que s&#8217;havia de presentar en la passada edici\u00f3 de la Fira Internacional de Turisme de Madrid (Fitur): &#8220;Em perdonaran, per\u00f2 jo mateix vaig poder assistir a Fitur i no vaig veure el v\u00eddeo per enlloc&#8221;.<\/p>\n<p>Finalment, el portaveu del PSOE ha criticat que el Consell s&#8217;apunti com a &#8220;m\u00e8rits&#8221; haver acabat &#8220;projectes que li v\u00e0rem deixar en marxa&#8221;, com \u00e9s la planta de triatge, el desdoblament de Ca na Negreta o la ITV m\u00f2bil, mentre que &#8220;l&#8217;\u00fanic projecte seu, en dos anys, \u00e9s el centre provisional de baixa exig\u00e8ncia del Recinte Firal, que havia d&#8217;estar en marxa l&#8217;hivern passat i que encara est\u00e0 en obres&#8221;.<\/p>\n","protected":false},"excerpt":{"rendered":"<p>El grup PSOE ha criticat la pol\u00edtica &#8220;partidista i clientelar&#8221; del Consell Insular de Vicent Mar\u00ed, en el debat anual de pol\u00edtica general que se celebra aquest dimecres. L&#8217;anterior president i portaveu socialista, Vicent Torres, ha lamentat que el Consell d&#8217;Eivissa &#8220;\u00e9s un instrument al servei del Partit Popular&#8221; i de la &#8220;promoci\u00f3 personal&#8221; de&hellip;<\/p>\n","protected":false},"author":7,"featured_media":33793,"comment_status":"closed","ping_status":"closed","sticky":false,"template":"","format":"standard","meta":{"footnotes":""},"categories":[192,1],"tags":[],"class_list":["post-33792","post","type-post","status-publish","format-standard","has-post-thumbnail","hentry","category-consell-deivissa","category-federacio-de-eivissa-portada"],"yoast_head":"<!-- This site is optimized with the Yoast SEO plugin v26.9 - https:\/\/yoast.com\/product\/yoast-seo-wordpress\/ -->\n<title>El PSOE denuncia la pol\u00edtica &quot;partidista i clientelar&quot; del Consell Insular de Vicent Mar\u00ed i una &quot;falta de suport a les persones que m\u00e9s ho necessiten&quot; - Federaci\u00f3 Socialista d&#039;Eivissa<\/title>\n<meta name=\"robots\" content=\"index, follow, max-snippet:-1, max-image-preview:large, max-video-preview:-1\" \/>\n<link rel=\"canonical\" href=\"https:\/\/www.psib-psoe.org\/eivissa\/el-psoe-denuncia-la-politica-partidista-i-clientelar-del-consell-insular-de-vicent-mari-i-una-falta-de-suport-a-les-persones-que-mes-ho-necessiten\/\" \/>\n<meta property=\"og:locale\" content=\"ca_ES\" \/>\n<meta property=\"og:type\" content=\"article\" \/>\n<meta property=\"og:title\" content=\"El PSOE denuncia la pol\u00edtica &quot;partidista i clientelar&quot; del Consell Insular de Vicent Mar\u00ed i una &quot;falta de suport a les persones que m\u00e9s ho necessiten&quot; - Federaci\u00f3 Socialista d&#039;Eivissa\" \/>\n<meta property=\"og:description\" content=\"El grup PSOE ha criticat la pol\u00edtica &#8220;partidista i clientelar&#8221; del Consell Insular de Vicent Mar\u00ed, en el debat anual de pol\u00edtica general que se celebra aquest dimecres. L&#8217;anterior president i portaveu socialista, Vicent Torres, ha lamentat que el Consell d&#8217;Eivissa &#8220;\u00e9s un instrument al servei del Partit Popular&#8221; i de la &#8220;promoci\u00f3 personal&#8221; de&hellip;\" \/>\n<meta property=\"og:url\" content=\"https:\/\/www.psib-psoe.org\/eivissa\/el-psoe-denuncia-la-politica-partidista-i-clientelar-del-consell-insular-de-vicent-mari-i-una-falta-de-suport-a-les-persones-que-mes-ho-necessiten\/\" \/>\n<meta property=\"og:site_name\" content=\"Federaci\u00f3 Socialista d&#039;Eivissa\" \/>\n<meta property=\"article:published_time\" content=\"2021-07-22T16:21:35+00:00\" \/>\n<meta property=\"og:image\" content=\"https:\/\/www.psib-psoe.org\/eivissa\/wp-content\/uploads\/foto-vicent-torres-debat-poli\u0301tica-general.png\" \/>\n\t<meta property=\"og:image:width\" content=\"1253\" \/>\n\t<meta property=\"og:image:height\" content=\"673\" \/>\n\t<meta property=\"og:image:type\" content=\"image\/png\" \/>\n<meta name=\"author\" content=\"Josep Ripoll\" \/>\n<meta name=\"twitter:card\" content=\"summary_large_image\" \/>\n<meta name=\"twitter:label1\" content=\"Escrit per\" \/>\n\t<meta name=\"twitter:data1\" content=\"Josep Ripoll\" \/>\n\t<meta name=\"twitter:label2\" content=\"Temps estimat de lectura\" \/>\n\t<meta name=\"twitter:data2\" content=\"5 minuts\" \/>\n<script type=\"application\/ld+json\" class=\"yoast-schema-graph\">{\"@context\":\"https:\/\/schema.org\",\"@graph\":[{\"@type\":[\"Article\",\"BlogPosting\"],\"@id\":\"https:\/\/www.psib-psoe.org\/eivissa\/el-psoe-denuncia-la-politica-partidista-i-clientelar-del-consell-insular-de-vicent-mari-i-una-falta-de-suport-a-les-persones-que-mes-ho-necessiten\/#article\",\"isPartOf\":{\"@id\":\"https:\/\/www.psib-psoe.org\/eivissa\/el-psoe-denuncia-la-politica-partidista-i-clientelar-del-consell-insular-de-vicent-mari-i-una-falta-de-suport-a-les-persones-que-mes-ho-necessiten\/\"},\"author\":{\"name\":\"Josep Ripoll\",\"@id\":\"https:\/\/www.psib-psoe.org\/eivissa\/#\/schema\/person\/7a9d2841fb36f32e34fc0e9b245e8117\"},\"headline\":\"El PSOE denuncia la pol\u00edtica &#8220;partidista i clientelar&#8221; del Consell Insular de Vicent Mar\u00ed i una &#8220;falta de suport a les persones que m\u00e9s ho necessiten&#8221;\",\"datePublished\":\"2021-07-22T16:21:35+00:00\",\"mainEntityOfPage\":{\"@id\":\"https:\/\/www.psib-psoe.org\/eivissa\/el-psoe-denuncia-la-politica-partidista-i-clientelar-del-consell-insular-de-vicent-mari-i-una-falta-de-suport-a-les-persones-que-mes-ho-necessiten\/\"},\"wordCount\":934,\"publisher\":{\"@id\":\"https:\/\/www.psib-psoe.org\/eivissa\/#organization\"},\"image\":{\"@id\":\"https:\/\/www.psib-psoe.org\/eivissa\/el-psoe-denuncia-la-politica-partidista-i-clientelar-del-consell-insular-de-vicent-mari-i-una-falta-de-suport-a-les-persones-que-mes-ho-necessiten\/#primaryimage\"},\"thumbnailUrl\":\"https:\/\/www.psib-psoe.org\/eivissa\/wp-content\/uploads\/foto-vicent-torres-debat-poli\u0301tica-general.png\",\"articleSection\":[\"Consell d'Eivissa\",\"Federaci\u00f3 d'Eivissa - Portada\"],\"inLanguage\":\"ca\"},{\"@type\":\"WebPage\",\"@id\":\"https:\/\/www.psib-psoe.org\/eivissa\/el-psoe-denuncia-la-politica-partidista-i-clientelar-del-consell-insular-de-vicent-mari-i-una-falta-de-suport-a-les-persones-que-mes-ho-necessiten\/\",\"url\":\"https:\/\/www.psib-psoe.org\/eivissa\/el-psoe-denuncia-la-politica-partidista-i-clientelar-del-consell-insular-de-vicent-mari-i-una-falta-de-suport-a-les-persones-que-mes-ho-necessiten\/\",\"name\":\"El PSOE denuncia la pol\u00edtica \\\"partidista i clientelar\\\" del Consell Insular de Vicent Mar\u00ed i una \\\"falta de suport a les persones que m\u00e9s ho necessiten\\\" - Federaci\u00f3 Socialista d&#039;Eivissa\",\"isPartOf\":{\"@id\":\"https:\/\/www.psib-psoe.org\/eivissa\/#website\"},\"primaryImageOfPage\":{\"@id\":\"https:\/\/www.psib-psoe.org\/eivissa\/el-psoe-denuncia-la-politica-partidista-i-clientelar-del-consell-insular-de-vicent-mari-i-una-falta-de-suport-a-les-persones-que-mes-ho-necessiten\/#primaryimage\"},\"image\":{\"@id\":\"https:\/\/www.psib-psoe.org\/eivissa\/el-psoe-denuncia-la-politica-partidista-i-clientelar-del-consell-insular-de-vicent-mari-i-una-falta-de-suport-a-les-persones-que-mes-ho-necessiten\/#primaryimage\"},\"thumbnailUrl\":\"https:\/\/www.psib-psoe.org\/eivissa\/wp-content\/uploads\/foto-vicent-torres-debat-poli\u0301tica-general.png\",\"datePublished\":\"2021-07-22T16:21:35+00:00\",\"breadcrumb\":{\"@id\":\"https:\/\/www.psib-psoe.org\/eivissa\/el-psoe-denuncia-la-politica-partidista-i-clientelar-del-consell-insular-de-vicent-mari-i-una-falta-de-suport-a-les-persones-que-mes-ho-necessiten\/#breadcrumb\"},\"inLanguage\":\"ca\",\"potentialAction\":[{\"@type\":\"ReadAction\",\"target\":[\"https:\/\/www.psib-psoe.org\/eivissa\/el-psoe-denuncia-la-politica-partidista-i-clientelar-del-consell-insular-de-vicent-mari-i-una-falta-de-suport-a-les-persones-que-mes-ho-necessiten\/\"]}]},{\"@type\":\"ImageObject\",\"inLanguage\":\"ca\",\"@id\":\"https:\/\/www.psib-psoe.org\/eivissa\/el-psoe-denuncia-la-politica-partidista-i-clientelar-del-consell-insular-de-vicent-mari-i-una-falta-de-suport-a-les-persones-que-mes-ho-necessiten\/#primaryimage\",\"url\":\"https:\/\/www.psib-psoe.org\/eivissa\/wp-content\/uploads\/foto-vicent-torres-debat-poli\u0301tica-general.png\",\"contentUrl\":\"https:\/\/www.psib-psoe.org\/eivissa\/wp-content\/uploads\/foto-vicent-torres-debat-poli\u0301tica-general.png\",\"width\":1253,\"height\":673},{\"@type\":\"BreadcrumbList\",\"@id\":\"https:\/\/www.psib-psoe.org\/eivissa\/el-psoe-denuncia-la-politica-partidista-i-clientelar-del-consell-insular-de-vicent-mari-i-una-falta-de-suport-a-les-persones-que-mes-ho-necessiten\/#breadcrumb\",\"itemListElement\":[{\"@type\":\"ListItem\",\"position\":1,\"name\":\"Inici\",\"item\":\"https:\/\/www.psib-psoe.org\/eivissa\/\"},{\"@type\":\"ListItem\",\"position\":2,\"name\":\"El PSOE denuncia la pol\u00edtica &#8220;partidista i clientelar&#8221; del Consell Insular de Vicent Mar\u00ed i una &#8220;falta de suport a les persones que m\u00e9s ho necessiten&#8221;\"}]},{\"@type\":\"WebSite\",\"@id\":\"https:\/\/www.psib-psoe.org\/eivissa\/#website\",\"url\":\"https:\/\/www.psib-psoe.org\/eivissa\/\",\"name\":\"Federaci\u00f3 Socialista d'Eivissa\",\"description\":\"Socialistes d&#039;Eivissa\",\"publisher\":{\"@id\":\"https:\/\/www.psib-psoe.org\/eivissa\/#organization\"},\"potentialAction\":[{\"@type\":\"SearchAction\",\"target\":{\"@type\":\"EntryPoint\",\"urlTemplate\":\"https:\/\/www.psib-psoe.org\/eivissa\/?s={search_term_string}\"},\"query-input\":{\"@type\":\"PropertyValueSpecification\",\"valueRequired\":true,\"valueName\":\"search_term_string\"}}],\"inLanguage\":\"ca\"},{\"@type\":\"Organization\",\"@id\":\"https:\/\/www.psib-psoe.org\/eivissa\/#organization\",\"name\":\"Federaci\u00f3 Socialista d'Eivissa\",\"url\":\"https:\/\/www.psib-psoe.org\/eivissa\/\",\"logo\":{\"@type\":\"ImageObject\",\"inLanguage\":\"ca\",\"@id\":\"https:\/\/www.psib-psoe.org\/eivissa\/#\/schema\/logo\/image\/\",\"url\":\"https:\/\/www.psib-psoe.org\/eivissa\/wp-content\/uploads\/LOGO-FSE-SOCIALISTA-DEIVISSA-HORI.png\",\"contentUrl\":\"https:\/\/www.psib-psoe.org\/eivissa\/wp-content\/uploads\/LOGO-FSE-SOCIALISTA-DEIVISSA-HORI.png\",\"width\":6000,\"height\":3104,\"caption\":\"Federaci\u00f3 Socialista d'Eivissa\"},\"image\":{\"@id\":\"https:\/\/www.psib-psoe.org\/eivissa\/#\/schema\/logo\/image\/\"}},{\"@type\":\"Person\",\"@id\":\"https:\/\/www.psib-psoe.org\/eivissa\/#\/schema\/person\/7a9d2841fb36f32e34fc0e9b245e8117\",\"name\":\"Josep Ripoll\",\"sameAs\":[\"http:\/\/www.psib-psoe.org\/eivissa\/wp-login.php\"],\"url\":\"https:\/\/www.psib-psoe.org\/eivissa\/author\/josep\/\"}]}<\/script>\n<!-- \/ Yoast SEO plugin. -->","yoast_head_json":{"title":"El PSOE denuncia la pol\u00edtica \"partidista i clientelar\" del Consell Insular de Vicent Mar\u00ed i una \"falta de suport a les persones que m\u00e9s ho necessiten\" - Federaci\u00f3 Socialista d&#039;Eivissa","robots":{"index":"index","follow":"follow","max-snippet":"max-snippet:-1","max-image-preview":"max-image-preview:large","max-video-preview":"max-video-preview:-1"},"canonical":"https:\/\/www.psib-psoe.org\/eivissa\/el-psoe-denuncia-la-politica-partidista-i-clientelar-del-consell-insular-de-vicent-mari-i-una-falta-de-suport-a-les-persones-que-mes-ho-necessiten\/","og_locale":"ca_ES","og_type":"article","og_title":"El PSOE denuncia la pol\u00edtica \"partidista i clientelar\" del Consell Insular de Vicent Mar\u00ed i una \"falta de suport a les persones que m\u00e9s ho necessiten\" - Federaci\u00f3 Socialista d&#039;Eivissa","og_description":"El grup PSOE ha criticat la pol\u00edtica &#8220;partidista i clientelar&#8221; del Consell Insular de Vicent Mar\u00ed, en el debat anual de pol\u00edtica general que se celebra aquest dimecres. L&#8217;anterior president i portaveu socialista, Vicent Torres, ha lamentat que el Consell d&#8217;Eivissa &#8220;\u00e9s un instrument al servei del Partit Popular&#8221; i de la &#8220;promoci\u00f3 personal&#8221; de&hellip;","og_url":"https:\/\/www.psib-psoe.org\/eivissa\/el-psoe-denuncia-la-politica-partidista-i-clientelar-del-consell-insular-de-vicent-mari-i-una-falta-de-suport-a-les-persones-que-mes-ho-necessiten\/","og_site_name":"Federaci\u00f3 Socialista d&#039;Eivissa","article_published_time":"2021-07-22T16:21:35+00:00","og_image":[{"width":1253,"height":673,"url":"https:\/\/www.psib-psoe.org\/eivissa\/wp-content\/uploads\/foto-vicent-torres-debat-poli\u0301tica-general.png","type":"image\/png"}],"author":"Josep Ripoll","twitter_card":"summary_large_image","twitter_misc":{"Escrit per":"Josep Ripoll","Temps estimat de lectura":"5 minuts"},"schema":{"@context":"https:\/\/schema.org","@graph":[{"@type":["Article","BlogPosting"],"@id":"https:\/\/www.psib-psoe.org\/eivissa\/el-psoe-denuncia-la-politica-partidista-i-clientelar-del-consell-insular-de-vicent-mari-i-una-falta-de-suport-a-les-persones-que-mes-ho-necessiten\/#article","isPartOf":{"@id":"https:\/\/www.psib-psoe.org\/eivissa\/el-psoe-denuncia-la-politica-partidista-i-clientelar-del-consell-insular-de-vicent-mari-i-una-falta-de-suport-a-les-persones-que-mes-ho-necessiten\/"},"author":{"name":"Josep Ripoll","@id":"https:\/\/www.psib-psoe.org\/eivissa\/#\/schema\/person\/7a9d2841fb36f32e34fc0e9b245e8117"},"headline":"El PSOE denuncia la pol\u00edtica &#8220;partidista i clientelar&#8221; del Consell Insular de Vicent Mar\u00ed i una &#8220;falta de suport a les persones que m\u00e9s ho necessiten&#8221;","datePublished":"2021-07-22T16:21:35+00:00","mainEntityOfPage":{"@id":"https:\/\/www.psib-psoe.org\/eivissa\/el-psoe-denuncia-la-politica-partidista-i-clientelar-del-consell-insular-de-vicent-mari-i-una-falta-de-suport-a-les-persones-que-mes-ho-necessiten\/"},"wordCount":934,"publisher":{"@id":"https:\/\/www.psib-psoe.org\/eivissa\/#organization"},"image":{"@id":"https:\/\/www.psib-psoe.org\/eivissa\/el-psoe-denuncia-la-politica-partidista-i-clientelar-del-consell-insular-de-vicent-mari-i-una-falta-de-suport-a-les-persones-que-mes-ho-necessiten\/#primaryimage"},"thumbnailUrl":"https:\/\/www.psib-psoe.org\/eivissa\/wp-content\/uploads\/foto-vicent-torres-debat-poli\u0301tica-general.png","articleSection":["Consell d'Eivissa","Federaci\u00f3 d'Eivissa - Portada"],"inLanguage":"ca"},{"@type":"WebPage","@id":"https:\/\/www.psib-psoe.org\/eivissa\/el-psoe-denuncia-la-politica-partidista-i-clientelar-del-consell-insular-de-vicent-mari-i-una-falta-de-suport-a-les-persones-que-mes-ho-necessiten\/","url":"https:\/\/www.psib-psoe.org\/eivissa\/el-psoe-denuncia-la-politica-partidista-i-clientelar-del-consell-insular-de-vicent-mari-i-una-falta-de-suport-a-les-persones-que-mes-ho-necessiten\/","name":"El PSOE denuncia la pol\u00edtica \"partidista i clientelar\" del Consell Insular de Vicent Mar\u00ed i una \"falta de suport a les persones que m\u00e9s ho necessiten\" - Federaci\u00f3 Socialista d&#039;Eivissa","isPartOf":{"@id":"https:\/\/www.psib-psoe.org\/eivissa\/#website"},"primaryImageOfPage":{"@id":"https:\/\/www.psib-psoe.org\/eivissa\/el-psoe-denuncia-la-politica-partidista-i-clientelar-del-consell-insular-de-vicent-mari-i-una-falta-de-suport-a-les-persones-que-mes-ho-necessiten\/#primaryimage"},"image":{"@id":"https:\/\/www.psib-psoe.org\/eivissa\/el-psoe-denuncia-la-politica-partidista-i-clientelar-del-consell-insular-de-vicent-mari-i-una-falta-de-suport-a-les-persones-que-mes-ho-necessiten\/#primaryimage"},"thumbnailUrl":"https:\/\/www.psib-psoe.org\/eivissa\/wp-content\/uploads\/foto-vicent-torres-debat-poli\u0301tica-general.png","datePublished":"2021-07-22T16:21:35+00:00","breadcrumb":{"@id":"https:\/\/www.psib-psoe.org\/eivissa\/el-psoe-denuncia-la-politica-partidista-i-clientelar-del-consell-insular-de-vicent-mari-i-una-falta-de-suport-a-les-persones-que-mes-ho-necessiten\/#breadcrumb"},"inLanguage":"ca","potentialAction":[{"@type":"ReadAction","target":["https:\/\/www.psib-psoe.org\/eivissa\/el-psoe-denuncia-la-politica-partidista-i-clientelar-del-consell-insular-de-vicent-mari-i-una-falta-de-suport-a-les-persones-que-mes-ho-necessiten\/"]}]},{"@type":"ImageObject","inLanguage":"ca","@id":"https:\/\/www.psib-psoe.org\/eivissa\/el-psoe-denuncia-la-politica-partidista-i-clientelar-del-consell-insular-de-vicent-mari-i-una-falta-de-suport-a-les-persones-que-mes-ho-necessiten\/#primaryimage","url":"https:\/\/www.psib-psoe.org\/eivissa\/wp-content\/uploads\/foto-vicent-torres-debat-poli\u0301tica-general.png","contentUrl":"https:\/\/www.psib-psoe.org\/eivissa\/wp-content\/uploads\/foto-vicent-torres-debat-poli\u0301tica-general.png","width":1253,"height":673},{"@type":"BreadcrumbList","@id":"https:\/\/www.psib-psoe.org\/eivissa\/el-psoe-denuncia-la-politica-partidista-i-clientelar-del-consell-insular-de-vicent-mari-i-una-falta-de-suport-a-les-persones-que-mes-ho-necessiten\/#breadcrumb","itemListElement":[{"@type":"ListItem","position":1,"name":"Inici","item":"https:\/\/www.psib-psoe.org\/eivissa\/"},{"@type":"ListItem","position":2,"name":"El PSOE denuncia la pol\u00edtica &#8220;partidista i clientelar&#8221; del Consell Insular de Vicent Mar\u00ed i una &#8220;falta de suport a les persones que m\u00e9s ho necessiten&#8221;"}]},{"@type":"WebSite","@id":"https:\/\/www.psib-psoe.org\/eivissa\/#website","url":"https:\/\/www.psib-psoe.org\/eivissa\/","name":"Federaci\u00f3 Socialista d'Eivissa","description":"Socialistes d&#039;Eivissa","publisher":{"@id":"https:\/\/www.psib-psoe.org\/eivissa\/#organization"},"potentialAction":[{"@type":"SearchAction","target":{"@type":"EntryPoint","urlTemplate":"https:\/\/www.psib-psoe.org\/eivissa\/?s={search_term_string}"},"query-input":{"@type":"PropertyValueSpecification","valueRequired":true,"valueName":"search_term_string"}}],"inLanguage":"ca"},{"@type":"Organization","@id":"https:\/\/www.psib-psoe.org\/eivissa\/#organization","name":"Federaci\u00f3 Socialista d'Eivissa","url":"https:\/\/www.psib-psoe.org\/eivissa\/","logo":{"@type":"ImageObject","inLanguage":"ca","@id":"https:\/\/www.psib-psoe.org\/eivissa\/#\/schema\/logo\/image\/","url":"https:\/\/www.psib-psoe.org\/eivissa\/wp-content\/uploads\/LOGO-FSE-SOCIALISTA-DEIVISSA-HORI.png","contentUrl":"https:\/\/www.psib-psoe.org\/eivissa\/wp-content\/uploads\/LOGO-FSE-SOCIALISTA-DEIVISSA-HORI.png","width":6000,"height":3104,"caption":"Federaci\u00f3 Socialista d'Eivissa"},"image":{"@id":"https:\/\/www.psib-psoe.org\/eivissa\/#\/schema\/logo\/image\/"}},{"@type":"Person","@id":"https:\/\/www.psib-psoe.org\/eivissa\/#\/schema\/person\/7a9d2841fb36f32e34fc0e9b245e8117","name":"Josep Ripoll","sameAs":["http:\/\/www.psib-psoe.org\/eivissa\/wp-login.php"],"url":"https:\/\/www.psib-psoe.org\/eivissa\/author\/josep\/"}]}},"_links":{"self":[{"href":"https:\/\/www.psib-psoe.org\/eivissa\/wp-json\/wp\/v2\/posts\/33792","targetHints":{"allow":["GET"]}}],"collection":[{"href":"https:\/\/www.psib-psoe.org\/eivissa\/wp-json\/wp\/v2\/posts"}],"about":[{"href":"https:\/\/www.psib-psoe.org\/eivissa\/wp-json\/wp\/v2\/types\/post"}],"author":[{"embeddable":true,"href":"https:\/\/www.psib-psoe.org\/eivissa\/wp-json\/wp\/v2\/users\/7"}],"replies":[{"embeddable":true,"href":"https:\/\/www.psib-psoe.org\/eivissa\/wp-json\/wp\/v2\/comments?post=33792"}],"version-history":[{"count":1,"href":"https:\/\/www.psib-psoe.org\/eivissa\/wp-json\/wp\/v2\/posts\/33792\/revisions"}],"predecessor-version":[{"id":33795,"href":"https:\/\/www.psib-psoe.org\/eivissa\/wp-json\/wp\/v2\/posts\/33792\/revisions\/33795"}],"wp:featuredmedia":[{"embeddable":true,"href":"https:\/\/www.psib-psoe.org\/eivissa\/wp-json\/wp\/v2\/media\/33793"}],"wp:attachment":[{"href":"https:\/\/www.psib-psoe.org\/eivissa\/wp-json\/wp\/v2\/media?parent=33792"}],"wp:term":[{"taxonomy":"category","embeddable":true,"href":"https:\/\/www.psib-psoe.org\/eivissa\/wp-json\/wp\/v2\/categories?post=33792"},{"taxonomy":"post_tag","embeddable":true,"href":"https:\/\/www.psib-psoe.org\/eivissa\/wp-json\/wp\/v2\/tags?post=33792"}],"curies":[{"name":"wp","href":"https:\/\/api.w.org\/{rel}","templated":true}]}}