{"id":33892,"date":"2021-07-23T09:31:43","date_gmt":"2021-07-23T07:31:43","guid":{"rendered":"https:\/\/www.psib-psoe.org\/eivissa\/?p=33892"},"modified":"2021-07-23T12:34:04","modified_gmt":"2021-07-23T10:34:04","slug":"rafa-ruiz-presenta-la-reforma-del-carrer-fornas-del-barri-de-ca-nescandell","status":"publish","type":"post","link":"https:\/\/www.psib-psoe.org\/eivissa\/rafa-ruiz-presenta-la-reforma-del-carrer-fornas-del-barri-de-ca-nescandell\/","title":{"rendered":"Rafa Ruiz presenta la reforma del carrer Forn\u00e0s del barri de ca n\u2019Escandell"},"content":{"rendered":"<p>L\u2019alcalde d\u2019Eivissa, Rafa Ruiz, i la regidora d\u2019Urbanisme i Vies P\u00fabliques , Elena L\u00f3pez, han presentat el projecte de remodelaci\u00f3 del carrer des Forn\u00e0s, al barri de ca n\u2019Escandell. A la presentaci\u00f3 tamb\u00e9 hi ha assistit els representants ve\u00efnals de de l\u2019associaci\u00f3 de ve\u00efns de Ca n\u2019Escandell i de l\u2019associaci\u00f3 de ve\u00efns de Tres Barrios.<\/p>\n<p>Durant la presentaci\u00f3, s\u2019ha explicat que l\u2019Ajuntament d\u2019Eivissa dur\u00e0 a terme una important obra de remodelaci\u00f3 del carrer d\u2019es Forn\u00e0s, que compta amb un pressupost de licitaci\u00f3 de 677.213,39 \u20ac IVA incl\u00f2s i est\u00e0 cofinan\u00e7at per la Uni\u00f3 Europea amb Fons FEDER. En aquests moments el proc\u00e9s de licitaci\u00f3 est\u00e0 iniciat i s\u2019hi ha presentat cinc empreses.<\/p>\n<p>Per a l\u2019alcalde d\u2019Eivissa, Rafa Ruiz, \u2018els objectius del projecte s\u00f3n fomentar la mobilitat a peu, augmentant la seguretat de les persones, pacificant el tr\u00e0nsit reduint velocitats del vehicles, fent les cru\u00eflles m\u00e9s segures. Tamb\u00e9 es millora l&#8217;accessibilitat a les persones amb mobilitat redu\u00efda i, al soterrar tots els serveis, fer d\u2019aquest carrer un lloc amable i modernitzat\u2019.<\/p>\n<p>Per la seva banda, la regidora d\u2019Urbanisme i Vies Publiques, Elena L\u00f3pez, ha destacat que les obres de remodelaci\u00f3 sencera del carrer ampliant voreres i fent plataformes \u00faniques a totes les cru\u00eflles. Les obres tindran una durada de 8 mesos. Tamb\u00e9 vull destacar que el projecte inclou les diferents peticions que han realitzat el ve\u00efnat per tal de millorar aquesta zona de la ciutat\u2019.<\/p>\n<p>Aquest projecte ja s\u2019ha presentat a les associacions de ve\u00efns i comerciants de la zona i inclou les peticions que van fer, especialment les relatives a la reducci\u00f3 del transit i la seva velocitat i la modernitzaci\u00f3 de la via p\u00fablica al barri.<\/p>\n<p>Les obres previstes al projecte s\u00f3n d&#8217;urbanitzaci\u00f3 de carrer i voreres i les seves infraestructures de serveis b\u00e0sics. Demolici\u00f3 de paviment, tant de lloseta per als vianants com asf\u00e0ltic de cal\u00e7ada, incloent vorades, lloses de formig\u00f3 i el moviment de terres associat a l&#8217;excavaci\u00f3 per a soterrar els serveis urbans de telefonia, enllumenat p\u00fablic i xarxa el\u00e8ctrica. Tamb\u00e9 s\u2019incorporar\u00e0 tot el nou mobiliari urb\u00e0 amb nous bans i nou enllumenat.<\/p>\n<p>Amb aquest projecte es millora la conversi\u00f3 en zona de vianants de l&#8217;entorn, afavorint els despla\u00e7aments a peu de la ciutadania i disminuint l&#8217;\u00fas del vehicle privat. D\u2019aquesta manera s\u2019enforteix i promociona la mobilitat quotidiana sostenible i segura, i proporciona als vianants un espai segur i c\u00f2mode per on poder transitar i moure&#8217;s caminant per tota la ciutat, fent l&#8217;acc\u00e9s al centre urb\u00e0 d&#8217;Eivissa m\u00e9s accessible i segur.<\/p>\n<p>A m\u00e9s, mitjan\u00e7ant l\u2019amplitud de les voreres, la ciutadania pot optar preferentment pels despla\u00e7aments a peu, reduint-se es el tr\u00e0nsit rodat de vehicles particulars, contribuint aix\u00ed a la reducci\u00f3 d&#8217;emissions de gasos d&#8217;efecte d&#8217;hivernacle(GEI) a l&#8217;atmosfera.<\/p>\n<p>El projecte est\u00e0 cofinan\u00e7at pel Fons Europeu de desenvolupament regional en el marc del programa operatiu de creixement sostenible per un import de 677.213,39 \u20ac IVA incl\u00f2s.<\/p>\n","protected":false},"excerpt":{"rendered":"<p>L\u2019alcalde d\u2019Eivissa, Rafa Ruiz, i la regidora d\u2019Urbanisme i Vies P\u00fabliques , Elena L\u00f3pez, han presentat el projecte de remodelaci\u00f3 del carrer des Forn\u00e0s, al barri de ca n\u2019Escandell. A la presentaci\u00f3 tamb\u00e9 hi ha assistit els representants ve\u00efnals de de l\u2019associaci\u00f3 de ve\u00efns de Ca n\u2019Escandell i de l\u2019associaci\u00f3 de ve\u00efns de Tres Barrios.&hellip;<\/p>\n","protected":false},"author":7,"featured_media":33893,"comment_status":"closed","ping_status":"closed","sticky":false,"template":"","format":"standard","meta":{"footnotes":""},"categories":[183,1,234],"tags":[],"class_list":["post-33892","post","type-post","status-publish","format-standard","has-post-thumbnail","hentry","category-ciutat-deivissa","category-federacio-de-eivissa-portada","category-municipis"],"yoast_head":"<!-- This site is optimized with the Yoast SEO plugin v26.9 - https:\/\/yoast.com\/product\/yoast-seo-wordpress\/ -->\n<title>Rafa Ruiz presenta la reforma del carrer Forn\u00e0s del barri de ca n\u2019Escandell - Federaci\u00f3 Socialista d&#039;Eivissa<\/title>\n<meta name=\"robots\" content=\"index, follow, max-snippet:-1, max-image-preview:large, max-video-preview:-1\" \/>\n<link rel=\"canonical\" href=\"https:\/\/www.psib-psoe.org\/eivissa\/rafa-ruiz-presenta-la-reforma-del-carrer-fornas-del-barri-de-ca-nescandell\/\" \/>\n<meta property=\"og:locale\" content=\"ca_ES\" \/>\n<meta property=\"og:type\" content=\"article\" \/>\n<meta property=\"og:title\" content=\"Rafa Ruiz presenta la reforma del carrer Forn\u00e0s del barri de ca n\u2019Escandell - Federaci\u00f3 Socialista d&#039;Eivissa\" \/>\n<meta property=\"og:description\" content=\"L\u2019alcalde d\u2019Eivissa, Rafa Ruiz, i la regidora d\u2019Urbanisme i Vies P\u00fabliques , Elena L\u00f3pez, han presentat el projecte de remodelaci\u00f3 del carrer des Forn\u00e0s, al barri de ca n\u2019Escandell. A la presentaci\u00f3 tamb\u00e9 hi ha assistit els representants ve\u00efnals de de l\u2019associaci\u00f3 de ve\u00efns de Ca n\u2019Escandell i de l\u2019associaci\u00f3 de ve\u00efns de Tres Barrios.&hellip;\" \/>\n<meta property=\"og:url\" content=\"https:\/\/www.psib-psoe.org\/eivissa\/rafa-ruiz-presenta-la-reforma-del-carrer-fornas-del-barri-de-ca-nescandell\/\" \/>\n<meta property=\"og:site_name\" content=\"Federaci\u00f3 Socialista d&#039;Eivissa\" \/>\n<meta property=\"article:published_time\" content=\"2021-07-23T07:31:43+00:00\" \/>\n<meta property=\"article:modified_time\" content=\"2021-07-23T10:34:04+00:00\" \/>\n<meta property=\"og:image\" content=\"https:\/\/www.psib-psoe.org\/eivissa\/wp-content\/uploads\/photo1626868454.jpeg\" \/>\n\t<meta property=\"og:image:width\" content=\"1280\" \/>\n\t<meta property=\"og:image:height\" content=\"960\" \/>\n\t<meta property=\"og:image:type\" content=\"image\/jpeg\" \/>\n<meta name=\"author\" content=\"Josep Ripoll\" \/>\n<meta name=\"twitter:card\" content=\"summary_large_image\" \/>\n<meta name=\"twitter:label1\" content=\"Escrit per\" \/>\n\t<meta name=\"twitter:data1\" content=\"Josep Ripoll\" \/>\n\t<meta name=\"twitter:label2\" content=\"Temps estimat de lectura\" \/>\n\t<meta name=\"twitter:data2\" content=\"3 minuts\" \/>\n<script type=\"application\/ld+json\" class=\"yoast-schema-graph\">{\"@context\":\"https:\/\/schema.org\",\"@graph\":[{\"@type\":[\"Article\",\"BlogPosting\"],\"@id\":\"https:\/\/www.psib-psoe.org\/eivissa\/rafa-ruiz-presenta-la-reforma-del-carrer-fornas-del-barri-de-ca-nescandell\/#article\",\"isPartOf\":{\"@id\":\"https:\/\/www.psib-psoe.org\/eivissa\/rafa-ruiz-presenta-la-reforma-del-carrer-fornas-del-barri-de-ca-nescandell\/\"},\"author\":{\"name\":\"Josep Ripoll\",\"@id\":\"https:\/\/www.psib-psoe.org\/eivissa\/#\/schema\/person\/7a9d2841fb36f32e34fc0e9b245e8117\"},\"headline\":\"Rafa Ruiz presenta la reforma del carrer Forn\u00e0s del barri de ca n\u2019Escandell\",\"datePublished\":\"2021-07-23T07:31:43+00:00\",\"dateModified\":\"2021-07-23T10:34:04+00:00\",\"mainEntityOfPage\":{\"@id\":\"https:\/\/www.psib-psoe.org\/eivissa\/rafa-ruiz-presenta-la-reforma-del-carrer-fornas-del-barri-de-ca-nescandell\/\"},\"wordCount\":546,\"publisher\":{\"@id\":\"https:\/\/www.psib-psoe.org\/eivissa\/#organization\"},\"image\":{\"@id\":\"https:\/\/www.psib-psoe.org\/eivissa\/rafa-ruiz-presenta-la-reforma-del-carrer-fornas-del-barri-de-ca-nescandell\/#primaryimage\"},\"thumbnailUrl\":\"https:\/\/www.psib-psoe.org\/eivissa\/wp-content\/uploads\/photo1626868454.jpeg\",\"articleSection\":[\"Ciutat d'Eivissa\",\"Federaci\u00f3 d'Eivissa - Portada\",\"Municipis\"],\"inLanguage\":\"ca\"},{\"@type\":\"WebPage\",\"@id\":\"https:\/\/www.psib-psoe.org\/eivissa\/rafa-ruiz-presenta-la-reforma-del-carrer-fornas-del-barri-de-ca-nescandell\/\",\"url\":\"https:\/\/www.psib-psoe.org\/eivissa\/rafa-ruiz-presenta-la-reforma-del-carrer-fornas-del-barri-de-ca-nescandell\/\",\"name\":\"Rafa Ruiz presenta la reforma del carrer Forn\u00e0s del barri de ca n\u2019Escandell - Federaci\u00f3 Socialista d&#039;Eivissa\",\"isPartOf\":{\"@id\":\"https:\/\/www.psib-psoe.org\/eivissa\/#website\"},\"primaryImageOfPage\":{\"@id\":\"https:\/\/www.psib-psoe.org\/eivissa\/rafa-ruiz-presenta-la-reforma-del-carrer-fornas-del-barri-de-ca-nescandell\/#primaryimage\"},\"image\":{\"@id\":\"https:\/\/www.psib-psoe.org\/eivissa\/rafa-ruiz-presenta-la-reforma-del-carrer-fornas-del-barri-de-ca-nescandell\/#primaryimage\"},\"thumbnailUrl\":\"https:\/\/www.psib-psoe.org\/eivissa\/wp-content\/uploads\/photo1626868454.jpeg\",\"datePublished\":\"2021-07-23T07:31:43+00:00\",\"dateModified\":\"2021-07-23T10:34:04+00:00\",\"breadcrumb\":{\"@id\":\"https:\/\/www.psib-psoe.org\/eivissa\/rafa-ruiz-presenta-la-reforma-del-carrer-fornas-del-barri-de-ca-nescandell\/#breadcrumb\"},\"inLanguage\":\"ca\",\"potentialAction\":[{\"@type\":\"ReadAction\",\"target\":[\"https:\/\/www.psib-psoe.org\/eivissa\/rafa-ruiz-presenta-la-reforma-del-carrer-fornas-del-barri-de-ca-nescandell\/\"]}]},{\"@type\":\"ImageObject\",\"inLanguage\":\"ca\",\"@id\":\"https:\/\/www.psib-psoe.org\/eivissa\/rafa-ruiz-presenta-la-reforma-del-carrer-fornas-del-barri-de-ca-nescandell\/#primaryimage\",\"url\":\"https:\/\/www.psib-psoe.org\/eivissa\/wp-content\/uploads\/photo1626868454.jpeg\",\"contentUrl\":\"https:\/\/www.psib-psoe.org\/eivissa\/wp-content\/uploads\/photo1626868454.jpeg\",\"width\":1280,\"height\":960},{\"@type\":\"BreadcrumbList\",\"@id\":\"https:\/\/www.psib-psoe.org\/eivissa\/rafa-ruiz-presenta-la-reforma-del-carrer-fornas-del-barri-de-ca-nescandell\/#breadcrumb\",\"itemListElement\":[{\"@type\":\"ListItem\",\"position\":1,\"name\":\"Inici\",\"item\":\"https:\/\/www.psib-psoe.org\/eivissa\/\"},{\"@type\":\"ListItem\",\"position\":2,\"name\":\"Rafa Ruiz presenta la reforma del carrer Forn\u00e0s del barri de ca n\u2019Escandell\"}]},{\"@type\":\"WebSite\",\"@id\":\"https:\/\/www.psib-psoe.org\/eivissa\/#website\",\"url\":\"https:\/\/www.psib-psoe.org\/eivissa\/\",\"name\":\"Federaci\u00f3 Socialista d'Eivissa\",\"description\":\"Socialistes d&#039;Eivissa\",\"publisher\":{\"@id\":\"https:\/\/www.psib-psoe.org\/eivissa\/#organization\"},\"potentialAction\":[{\"@type\":\"SearchAction\",\"target\":{\"@type\":\"EntryPoint\",\"urlTemplate\":\"https:\/\/www.psib-psoe.org\/eivissa\/?s={search_term_string}\"},\"query-input\":{\"@type\":\"PropertyValueSpecification\",\"valueRequired\":true,\"valueName\":\"search_term_string\"}}],\"inLanguage\":\"ca\"},{\"@type\":\"Organization\",\"@id\":\"https:\/\/www.psib-psoe.org\/eivissa\/#organization\",\"name\":\"Federaci\u00f3 Socialista d'Eivissa\",\"url\":\"https:\/\/www.psib-psoe.org\/eivissa\/\",\"logo\":{\"@type\":\"ImageObject\",\"inLanguage\":\"ca\",\"@id\":\"https:\/\/www.psib-psoe.org\/eivissa\/#\/schema\/logo\/image\/\",\"url\":\"https:\/\/www.psib-psoe.org\/eivissa\/wp-content\/uploads\/LOGO-FSE-SOCIALISTA-DEIVISSA-HORI.png\",\"contentUrl\":\"https:\/\/www.psib-psoe.org\/eivissa\/wp-content\/uploads\/LOGO-FSE-SOCIALISTA-DEIVISSA-HORI.png\",\"width\":6000,\"height\":3104,\"caption\":\"Federaci\u00f3 Socialista d'Eivissa\"},\"image\":{\"@id\":\"https:\/\/www.psib-psoe.org\/eivissa\/#\/schema\/logo\/image\/\"}},{\"@type\":\"Person\",\"@id\":\"https:\/\/www.psib-psoe.org\/eivissa\/#\/schema\/person\/7a9d2841fb36f32e34fc0e9b245e8117\",\"name\":\"Josep Ripoll\",\"sameAs\":[\"http:\/\/www.psib-psoe.org\/eivissa\/wp-login.php\"],\"url\":\"https:\/\/www.psib-psoe.org\/eivissa\/author\/josep\/\"}]}<\/script>\n<!-- \/ Yoast SEO plugin. -->","yoast_head_json":{"title":"Rafa Ruiz presenta la reforma del carrer Forn\u00e0s del barri de ca n\u2019Escandell - Federaci\u00f3 Socialista d&#039;Eivissa","robots":{"index":"index","follow":"follow","max-snippet":"max-snippet:-1","max-image-preview":"max-image-preview:large","max-video-preview":"max-video-preview:-1"},"canonical":"https:\/\/www.psib-psoe.org\/eivissa\/rafa-ruiz-presenta-la-reforma-del-carrer-fornas-del-barri-de-ca-nescandell\/","og_locale":"ca_ES","og_type":"article","og_title":"Rafa Ruiz presenta la reforma del carrer Forn\u00e0s del barri de ca n\u2019Escandell - Federaci\u00f3 Socialista d&#039;Eivissa","og_description":"L\u2019alcalde d\u2019Eivissa, Rafa Ruiz, i la regidora d\u2019Urbanisme i Vies P\u00fabliques , Elena L\u00f3pez, han presentat el projecte de remodelaci\u00f3 del carrer des Forn\u00e0s, al barri de ca n\u2019Escandell. A la presentaci\u00f3 tamb\u00e9 hi ha assistit els representants ve\u00efnals de de l\u2019associaci\u00f3 de ve\u00efns de Ca n\u2019Escandell i de l\u2019associaci\u00f3 de ve\u00efns de Tres Barrios.&hellip;","og_url":"https:\/\/www.psib-psoe.org\/eivissa\/rafa-ruiz-presenta-la-reforma-del-carrer-fornas-del-barri-de-ca-nescandell\/","og_site_name":"Federaci\u00f3 Socialista d&#039;Eivissa","article_published_time":"2021-07-23T07:31:43+00:00","article_modified_time":"2021-07-23T10:34:04+00:00","og_image":[{"width":1280,"height":960,"url":"https:\/\/www.psib-psoe.org\/eivissa\/wp-content\/uploads\/photo1626868454.jpeg","type":"image\/jpeg"}],"author":"Josep Ripoll","twitter_card":"summary_large_image","twitter_misc":{"Escrit per":"Josep Ripoll","Temps estimat de lectura":"3 minuts"},"schema":{"@context":"https:\/\/schema.org","@graph":[{"@type":["Article","BlogPosting"],"@id":"https:\/\/www.psib-psoe.org\/eivissa\/rafa-ruiz-presenta-la-reforma-del-carrer-fornas-del-barri-de-ca-nescandell\/#article","isPartOf":{"@id":"https:\/\/www.psib-psoe.org\/eivissa\/rafa-ruiz-presenta-la-reforma-del-carrer-fornas-del-barri-de-ca-nescandell\/"},"author":{"name":"Josep Ripoll","@id":"https:\/\/www.psib-psoe.org\/eivissa\/#\/schema\/person\/7a9d2841fb36f32e34fc0e9b245e8117"},"headline":"Rafa Ruiz presenta la reforma del carrer Forn\u00e0s del barri de ca n\u2019Escandell","datePublished":"2021-07-23T07:31:43+00:00","dateModified":"2021-07-23T10:34:04+00:00","mainEntityOfPage":{"@id":"https:\/\/www.psib-psoe.org\/eivissa\/rafa-ruiz-presenta-la-reforma-del-carrer-fornas-del-barri-de-ca-nescandell\/"},"wordCount":546,"publisher":{"@id":"https:\/\/www.psib-psoe.org\/eivissa\/#organization"},"image":{"@id":"https:\/\/www.psib-psoe.org\/eivissa\/rafa-ruiz-presenta-la-reforma-del-carrer-fornas-del-barri-de-ca-nescandell\/#primaryimage"},"thumbnailUrl":"https:\/\/www.psib-psoe.org\/eivissa\/wp-content\/uploads\/photo1626868454.jpeg","articleSection":["Ciutat d'Eivissa","Federaci\u00f3 d'Eivissa - Portada","Municipis"],"inLanguage":"ca"},{"@type":"WebPage","@id":"https:\/\/www.psib-psoe.org\/eivissa\/rafa-ruiz-presenta-la-reforma-del-carrer-fornas-del-barri-de-ca-nescandell\/","url":"https:\/\/www.psib-psoe.org\/eivissa\/rafa-ruiz-presenta-la-reforma-del-carrer-fornas-del-barri-de-ca-nescandell\/","name":"Rafa Ruiz presenta la reforma del carrer Forn\u00e0s del barri de ca n\u2019Escandell - Federaci\u00f3 Socialista d&#039;Eivissa","isPartOf":{"@id":"https:\/\/www.psib-psoe.org\/eivissa\/#website"},"primaryImageOfPage":{"@id":"https:\/\/www.psib-psoe.org\/eivissa\/rafa-ruiz-presenta-la-reforma-del-carrer-fornas-del-barri-de-ca-nescandell\/#primaryimage"},"image":{"@id":"https:\/\/www.psib-psoe.org\/eivissa\/rafa-ruiz-presenta-la-reforma-del-carrer-fornas-del-barri-de-ca-nescandell\/#primaryimage"},"thumbnailUrl":"https:\/\/www.psib-psoe.org\/eivissa\/wp-content\/uploads\/photo1626868454.jpeg","datePublished":"2021-07-23T07:31:43+00:00","dateModified":"2021-07-23T10:34:04+00:00","breadcrumb":{"@id":"https:\/\/www.psib-psoe.org\/eivissa\/rafa-ruiz-presenta-la-reforma-del-carrer-fornas-del-barri-de-ca-nescandell\/#breadcrumb"},"inLanguage":"ca","potentialAction":[{"@type":"ReadAction","target":["https:\/\/www.psib-psoe.org\/eivissa\/rafa-ruiz-presenta-la-reforma-del-carrer-fornas-del-barri-de-ca-nescandell\/"]}]},{"@type":"ImageObject","inLanguage":"ca","@id":"https:\/\/www.psib-psoe.org\/eivissa\/rafa-ruiz-presenta-la-reforma-del-carrer-fornas-del-barri-de-ca-nescandell\/#primaryimage","url":"https:\/\/www.psib-psoe.org\/eivissa\/wp-content\/uploads\/photo1626868454.jpeg","contentUrl":"https:\/\/www.psib-psoe.org\/eivissa\/wp-content\/uploads\/photo1626868454.jpeg","width":1280,"height":960},{"@type":"BreadcrumbList","@id":"https:\/\/www.psib-psoe.org\/eivissa\/rafa-ruiz-presenta-la-reforma-del-carrer-fornas-del-barri-de-ca-nescandell\/#breadcrumb","itemListElement":[{"@type":"ListItem","position":1,"name":"Inici","item":"https:\/\/www.psib-psoe.org\/eivissa\/"},{"@type":"ListItem","position":2,"name":"Rafa Ruiz presenta la reforma del carrer Forn\u00e0s del barri de ca n\u2019Escandell"}]},{"@type":"WebSite","@id":"https:\/\/www.psib-psoe.org\/eivissa\/#website","url":"https:\/\/www.psib-psoe.org\/eivissa\/","name":"Federaci\u00f3 Socialista d'Eivissa","description":"Socialistes d&#039;Eivissa","publisher":{"@id":"https:\/\/www.psib-psoe.org\/eivissa\/#organization"},"potentialAction":[{"@type":"SearchAction","target":{"@type":"EntryPoint","urlTemplate":"https:\/\/www.psib-psoe.org\/eivissa\/?s={search_term_string}"},"query-input":{"@type":"PropertyValueSpecification","valueRequired":true,"valueName":"search_term_string"}}],"inLanguage":"ca"},{"@type":"Organization","@id":"https:\/\/www.psib-psoe.org\/eivissa\/#organization","name":"Federaci\u00f3 Socialista d'Eivissa","url":"https:\/\/www.psib-psoe.org\/eivissa\/","logo":{"@type":"ImageObject","inLanguage":"ca","@id":"https:\/\/www.psib-psoe.org\/eivissa\/#\/schema\/logo\/image\/","url":"https:\/\/www.psib-psoe.org\/eivissa\/wp-content\/uploads\/LOGO-FSE-SOCIALISTA-DEIVISSA-HORI.png","contentUrl":"https:\/\/www.psib-psoe.org\/eivissa\/wp-content\/uploads\/LOGO-FSE-SOCIALISTA-DEIVISSA-HORI.png","width":6000,"height":3104,"caption":"Federaci\u00f3 Socialista d'Eivissa"},"image":{"@id":"https:\/\/www.psib-psoe.org\/eivissa\/#\/schema\/logo\/image\/"}},{"@type":"Person","@id":"https:\/\/www.psib-psoe.org\/eivissa\/#\/schema\/person\/7a9d2841fb36f32e34fc0e9b245e8117","name":"Josep Ripoll","sameAs":["http:\/\/www.psib-psoe.org\/eivissa\/wp-login.php"],"url":"https:\/\/www.psib-psoe.org\/eivissa\/author\/josep\/"}]}},"_links":{"self":[{"href":"https:\/\/www.psib-psoe.org\/eivissa\/wp-json\/wp\/v2\/posts\/33892","targetHints":{"allow":["GET"]}}],"collection":[{"href":"https:\/\/www.psib-psoe.org\/eivissa\/wp-json\/wp\/v2\/posts"}],"about":[{"href":"https:\/\/www.psib-psoe.org\/eivissa\/wp-json\/wp\/v2\/types\/post"}],"author":[{"embeddable":true,"href":"https:\/\/www.psib-psoe.org\/eivissa\/wp-json\/wp\/v2\/users\/7"}],"replies":[{"embeddable":true,"href":"https:\/\/www.psib-psoe.org\/eivissa\/wp-json\/wp\/v2\/comments?post=33892"}],"version-history":[{"count":1,"href":"https:\/\/www.psib-psoe.org\/eivissa\/wp-json\/wp\/v2\/posts\/33892\/revisions"}],"predecessor-version":[{"id":33895,"href":"https:\/\/www.psib-psoe.org\/eivissa\/wp-json\/wp\/v2\/posts\/33892\/revisions\/33895"}],"wp:featuredmedia":[{"embeddable":true,"href":"https:\/\/www.psib-psoe.org\/eivissa\/wp-json\/wp\/v2\/media\/33893"}],"wp:attachment":[{"href":"https:\/\/www.psib-psoe.org\/eivissa\/wp-json\/wp\/v2\/media?parent=33892"}],"wp:term":[{"taxonomy":"category","embeddable":true,"href":"https:\/\/www.psib-psoe.org\/eivissa\/wp-json\/wp\/v2\/categories?post=33892"},{"taxonomy":"post_tag","embeddable":true,"href":"https:\/\/www.psib-psoe.org\/eivissa\/wp-json\/wp\/v2\/tags?post=33892"}],"curies":[{"name":"wp","href":"https:\/\/api.w.org\/{rel}","templated":true}]}}