{"id":33920,"date":"2021-07-23T06:00:42","date_gmt":"2021-07-23T04:00:42","guid":{"rendered":"https:\/\/www.psib-psoe.org\/eivissa\/?p=33920"},"modified":"2021-08-19T12:24:57","modified_gmt":"2021-08-19T10:24:57","slug":"el-psoe-demana-al-consell-deivissa-que-faci-accions-formatives-i-campanyes-dirigides-a-joves-per-combatre-els-discursos-dodi-la-violencia-masclista-la-xenofobia-i-la-lgtbifobia","status":"publish","type":"post","link":"https:\/\/www.psib-psoe.org\/eivissa\/el-psoe-demana-al-consell-deivissa-que-faci-accions-formatives-i-campanyes-dirigides-a-joves-per-combatre-els-discursos-dodi-la-violencia-masclista-la-xenofobia-i-la-lgtbifobia\/","title":{"rendered":"El PSOE demana al Consell d&#8217;Eivissa que faci accions formatives i campanyes dirigides a joves per combatre els discursos d&#8217;odi, la viol\u00e8ncia masclista, la xenof\u00f2bia i la LGTBIf\u00f2bia"},"content":{"rendered":"<p>El grup PSOE proposa al Consell Insular d&#8217;Eivissa que faci accions formatives dirigides a joves per combatre els discursos d&#8217;odi, la viol\u00e8ncia masclista, la xenof\u00f2bia i la LGTBIf\u00f2bia. El grup Socialista proposa tallers en mat\u00e8ria d&#8217;igualtat i contra la viol\u00e8ncia masclista, en coordinaci\u00f3 amb la Conselleria d&#8217;Educaci\u00f3 i el ministeri d&#8217;Igualtat, dirigits als joves estudiants d&#8217;ESO i Batxillerat, impartits als seus centres educatius. Tamb\u00e9 es proposa fer campanyes insulars contra la LGTBIf\u00f2bia i la xenof\u00f2bia i la discriminaci\u00f3 per orientaci\u00f3 sexual o identitat de g\u00e8nere, per conscienciar en valors d&#8217;igualtat a tota la ciutadania eivissenca.<\/p>\n<p>En una moci\u00f3 que es presentar\u00e0 al pr\u00f2xim Ple del Consell, el grup PSOE tamb\u00e9 proposa crear una oficina fixa d&#8217;atenci\u00f3 als homes amb problem\u00e0tica d&#8217;exercir viol\u00e8ncia de g\u00e8nere, amb especial cura als adolescents i amb coordinaci\u00f3 directa amb orientadors i equips directius dels centres educatius i clubs esportius. El grup PSOE considera molt important actuar en aquests \u00e0mbits, no nom\u00e9s dels centres educatius, sin\u00f3 tamb\u00e9 dels clubs esportius, on s&#8217;hi ha de treballar en la lluita contra els discursos de l&#8217;odi i el masclisme.<\/p>\n<p>La consellera socialista Silvia Limones considera que la xacra social de l&#8217;odi i la viol\u00e8ncia contra les dones i altres col\u00b7lectius &#8220;\u00e9s responsabilitat de totes i tots, per\u00f2 sobretot de les persones que som servidors p\u00fablics i creim fermament en la igualtat&#8221;. \u00c9s per aix\u00f2 que el grup PSOE proposa al Consell Insular &#8220;accions per contrarestar aquests tipus de discurs que, desgraciadament, s&#8217;estan materialitzant en accions violentes contra persones del col\u00b7lectiu LGTBI, persones migrants i dones&#8221;.<\/p>\n<p>Per combatre aquesta problem\u00e0tica s&#8217;ha d&#8217;actuar amb &#8220;contund\u00e8ncia&#8221;, explica la consellera del PSOE. &#8220;Un dels pilars b\u00e0sics sobre el qual hem d&#8217;actuar \u00e9s inculcar entre les persones joves valors de respecte, toler\u00e0ncia i de repulsa a la viol\u00e8ncia de qualsevol classe, fent-les entendre que nom\u00e9s amb valors aix\u00ed es pot aconseguir una conviv\u00e8ncia adequada de tota la societat&#8221;. El Consell Insular ha de treballar per &#8220;combatre els discursos de superioritat d&#8217;unes persones respecte d&#8217;altres persones per raons d&#8217;origen, g\u00e8nere o orientaci\u00f3 sexual&#8221;.<\/p>\n<p>Silvia Limones lamenta que &#8220;en altres pa\u00efsos de la Uni\u00f3 Europea, els discursos d&#8217;odi s&#8217;estan convertint en lleis que eliminen drets fonamentals de moltes persones&#8221;. La consellera del PSOE demana que el Consell Insular prengui mesures per &#8220;reduir a la m\u00ednima expressi\u00f3&#8221; els discursos de defensa del racisme, la LGTBIf\u00f2bia i negaci\u00f3 de la viol\u00e8ncia masclista, que &#8220;tant de mal fan a la nostra societat&#8221;.<\/p>\n","protected":false},"excerpt":{"rendered":"<p>El grup PSOE proposa al Consell Insular d&#8217;Eivissa que faci accions formatives dirigides a joves per combatre els discursos d&#8217;odi, la viol\u00e8ncia masclista, la xenof\u00f2bia i la LGTBIf\u00f2bia. El grup Socialista proposa tallers en mat\u00e8ria d&#8217;igualtat i contra la viol\u00e8ncia masclista, en coordinaci\u00f3 amb la Conselleria d&#8217;Educaci\u00f3 i el ministeri d&#8217;Igualtat, dirigits als joves estudiants&hellip;<\/p>\n","protected":false},"author":7,"featured_media":33921,"comment_status":"closed","ping_status":"closed","sticky":false,"template":"","format":"standard","meta":{"footnotes":""},"categories":[192,1,256],"tags":[],"class_list":["post-33920","post","type-post","status-publish","format-standard","has-post-thumbnail","hentry","category-consell-deivissa","category-federacio-de-eivissa-portada","category-lgtbi"],"yoast_head":"<!-- This site is optimized with the Yoast SEO plugin v26.9 - https:\/\/yoast.com\/product\/yoast-seo-wordpress\/ -->\n<title>El PSOE demana al Consell d&#039;Eivissa que faci accions formatives i campanyes dirigides a joves per combatre els discursos d&#039;odi, la viol\u00e8ncia masclista, la xenof\u00f2bia i la LGTBIf\u00f2bia - Federaci\u00f3 Socialista d&#039;Eivissa<\/title>\n<meta name=\"robots\" content=\"index, follow, max-snippet:-1, max-image-preview:large, max-video-preview:-1\" \/>\n<link rel=\"canonical\" href=\"https:\/\/www.psib-psoe.org\/eivissa\/el-psoe-demana-al-consell-deivissa-que-faci-accions-formatives-i-campanyes-dirigides-a-joves-per-combatre-els-discursos-dodi-la-violencia-masclista-la-xenofobia-i-la-lgtbifobia\/\" \/>\n<meta property=\"og:locale\" content=\"ca_ES\" \/>\n<meta property=\"og:type\" content=\"article\" \/>\n<meta property=\"og:title\" content=\"El PSOE demana al Consell d&#039;Eivissa que faci accions formatives i campanyes dirigides a joves per combatre els discursos d&#039;odi, la viol\u00e8ncia masclista, la xenof\u00f2bia i la LGTBIf\u00f2bia - Federaci\u00f3 Socialista d&#039;Eivissa\" \/>\n<meta property=\"og:description\" content=\"El grup PSOE proposa al Consell Insular d&#8217;Eivissa que faci accions formatives dirigides a joves per combatre els discursos d&#8217;odi, la viol\u00e8ncia masclista, la xenof\u00f2bia i la LGTBIf\u00f2bia. El grup Socialista proposa tallers en mat\u00e8ria d&#8217;igualtat i contra la viol\u00e8ncia masclista, en coordinaci\u00f3 amb la Conselleria d&#8217;Educaci\u00f3 i el ministeri d&#8217;Igualtat, dirigits als joves estudiants&hellip;\" \/>\n<meta property=\"og:url\" content=\"https:\/\/www.psib-psoe.org\/eivissa\/el-psoe-demana-al-consell-deivissa-que-faci-accions-formatives-i-campanyes-dirigides-a-joves-per-combatre-els-discursos-dodi-la-violencia-masclista-la-xenofobia-i-la-lgtbifobia\/\" \/>\n<meta property=\"og:site_name\" content=\"Federaci\u00f3 Socialista d&#039;Eivissa\" \/>\n<meta property=\"article:published_time\" content=\"2021-07-23T04:00:42+00:00\" \/>\n<meta property=\"article:modified_time\" content=\"2021-08-19T10:24:57+00:00\" \/>\n<meta property=\"og:image\" content=\"https:\/\/www.psib-psoe.org\/eivissa\/wp-content\/uploads\/Campa\u00a7a-odio-homofobia-3.png\" \/>\n\t<meta property=\"og:image:width\" content=\"1080\" \/>\n\t<meta property=\"og:image:height\" content=\"1080\" \/>\n\t<meta property=\"og:image:type\" content=\"image\/png\" \/>\n<meta name=\"author\" content=\"Josep Ripoll\" \/>\n<meta name=\"twitter:card\" content=\"summary_large_image\" \/>\n<meta name=\"twitter:label1\" content=\"Escrit per\" \/>\n\t<meta name=\"twitter:data1\" content=\"Josep Ripoll\" \/>\n\t<meta name=\"twitter:label2\" content=\"Temps estimat de lectura\" \/>\n\t<meta name=\"twitter:data2\" content=\"2 minuts\" \/>\n<script type=\"application\/ld+json\" class=\"yoast-schema-graph\">{\"@context\":\"https:\/\/schema.org\",\"@graph\":[{\"@type\":[\"Article\",\"BlogPosting\"],\"@id\":\"https:\/\/www.psib-psoe.org\/eivissa\/el-psoe-demana-al-consell-deivissa-que-faci-accions-formatives-i-campanyes-dirigides-a-joves-per-combatre-els-discursos-dodi-la-violencia-masclista-la-xenofobia-i-la-lgtbifobia\/#article\",\"isPartOf\":{\"@id\":\"https:\/\/www.psib-psoe.org\/eivissa\/el-psoe-demana-al-consell-deivissa-que-faci-accions-formatives-i-campanyes-dirigides-a-joves-per-combatre-els-discursos-dodi-la-violencia-masclista-la-xenofobia-i-la-lgtbifobia\/\"},\"author\":{\"name\":\"Josep Ripoll\",\"@id\":\"https:\/\/www.psib-psoe.org\/eivissa\/#\/schema\/person\/7a9d2841fb36f32e34fc0e9b245e8117\"},\"headline\":\"El PSOE demana al Consell d&#8217;Eivissa que faci accions formatives i campanyes dirigides a joves per combatre els discursos d&#8217;odi, la viol\u00e8ncia masclista, la xenof\u00f2bia i la LGTBIf\u00f2bia\",\"datePublished\":\"2021-07-23T04:00:42+00:00\",\"dateModified\":\"2021-08-19T10:24:57+00:00\",\"mainEntityOfPage\":{\"@id\":\"https:\/\/www.psib-psoe.org\/eivissa\/el-psoe-demana-al-consell-deivissa-que-faci-accions-formatives-i-campanyes-dirigides-a-joves-per-combatre-els-discursos-dodi-la-violencia-masclista-la-xenofobia-i-la-lgtbifobia\/\"},\"wordCount\":463,\"publisher\":{\"@id\":\"https:\/\/www.psib-psoe.org\/eivissa\/#organization\"},\"image\":{\"@id\":\"https:\/\/www.psib-psoe.org\/eivissa\/el-psoe-demana-al-consell-deivissa-que-faci-accions-formatives-i-campanyes-dirigides-a-joves-per-combatre-els-discursos-dodi-la-violencia-masclista-la-xenofobia-i-la-lgtbifobia\/#primaryimage\"},\"thumbnailUrl\":\"https:\/\/www.psib-psoe.org\/eivissa\/wp-content\/uploads\/Campa\u00a7a-odio-homofobia-3.png\",\"articleSection\":[\"Consell d'Eivissa\",\"Federaci\u00f3 d'Eivissa - Portada\",\"LGTBI\"],\"inLanguage\":\"ca\"},{\"@type\":\"WebPage\",\"@id\":\"https:\/\/www.psib-psoe.org\/eivissa\/el-psoe-demana-al-consell-deivissa-que-faci-accions-formatives-i-campanyes-dirigides-a-joves-per-combatre-els-discursos-dodi-la-violencia-masclista-la-xenofobia-i-la-lgtbifobia\/\",\"url\":\"https:\/\/www.psib-psoe.org\/eivissa\/el-psoe-demana-al-consell-deivissa-que-faci-accions-formatives-i-campanyes-dirigides-a-joves-per-combatre-els-discursos-dodi-la-violencia-masclista-la-xenofobia-i-la-lgtbifobia\/\",\"name\":\"El PSOE demana al Consell d'Eivissa que faci accions formatives i campanyes dirigides a joves per combatre els discursos d'odi, la viol\u00e8ncia masclista, la xenof\u00f2bia i la LGTBIf\u00f2bia - Federaci\u00f3 Socialista d&#039;Eivissa\",\"isPartOf\":{\"@id\":\"https:\/\/www.psib-psoe.org\/eivissa\/#website\"},\"primaryImageOfPage\":{\"@id\":\"https:\/\/www.psib-psoe.org\/eivissa\/el-psoe-demana-al-consell-deivissa-que-faci-accions-formatives-i-campanyes-dirigides-a-joves-per-combatre-els-discursos-dodi-la-violencia-masclista-la-xenofobia-i-la-lgtbifobia\/#primaryimage\"},\"image\":{\"@id\":\"https:\/\/www.psib-psoe.org\/eivissa\/el-psoe-demana-al-consell-deivissa-que-faci-accions-formatives-i-campanyes-dirigides-a-joves-per-combatre-els-discursos-dodi-la-violencia-masclista-la-xenofobia-i-la-lgtbifobia\/#primaryimage\"},\"thumbnailUrl\":\"https:\/\/www.psib-psoe.org\/eivissa\/wp-content\/uploads\/Campa\u00a7a-odio-homofobia-3.png\",\"datePublished\":\"2021-07-23T04:00:42+00:00\",\"dateModified\":\"2021-08-19T10:24:57+00:00\",\"breadcrumb\":{\"@id\":\"https:\/\/www.psib-psoe.org\/eivissa\/el-psoe-demana-al-consell-deivissa-que-faci-accions-formatives-i-campanyes-dirigides-a-joves-per-combatre-els-discursos-dodi-la-violencia-masclista-la-xenofobia-i-la-lgtbifobia\/#breadcrumb\"},\"inLanguage\":\"ca\",\"potentialAction\":[{\"@type\":\"ReadAction\",\"target\":[\"https:\/\/www.psib-psoe.org\/eivissa\/el-psoe-demana-al-consell-deivissa-que-faci-accions-formatives-i-campanyes-dirigides-a-joves-per-combatre-els-discursos-dodi-la-violencia-masclista-la-xenofobia-i-la-lgtbifobia\/\"]}]},{\"@type\":\"ImageObject\",\"inLanguage\":\"ca\",\"@id\":\"https:\/\/www.psib-psoe.org\/eivissa\/el-psoe-demana-al-consell-deivissa-que-faci-accions-formatives-i-campanyes-dirigides-a-joves-per-combatre-els-discursos-dodi-la-violencia-masclista-la-xenofobia-i-la-lgtbifobia\/#primaryimage\",\"url\":\"https:\/\/www.psib-psoe.org\/eivissa\/wp-content\/uploads\/Campa\u00a7a-odio-homofobia-3.png\",\"contentUrl\":\"https:\/\/www.psib-psoe.org\/eivissa\/wp-content\/uploads\/Campa\u00a7a-odio-homofobia-3.png\",\"width\":1080,\"height\":1080},{\"@type\":\"BreadcrumbList\",\"@id\":\"https:\/\/www.psib-psoe.org\/eivissa\/el-psoe-demana-al-consell-deivissa-que-faci-accions-formatives-i-campanyes-dirigides-a-joves-per-combatre-els-discursos-dodi-la-violencia-masclista-la-xenofobia-i-la-lgtbifobia\/#breadcrumb\",\"itemListElement\":[{\"@type\":\"ListItem\",\"position\":1,\"name\":\"Inici\",\"item\":\"https:\/\/www.psib-psoe.org\/eivissa\/\"},{\"@type\":\"ListItem\",\"position\":2,\"name\":\"El PSOE demana al Consell d&#8217;Eivissa que faci accions formatives i campanyes dirigides a joves per combatre els discursos d&#8217;odi, la viol\u00e8ncia masclista, la xenof\u00f2bia i la LGTBIf\u00f2bia\"}]},{\"@type\":\"WebSite\",\"@id\":\"https:\/\/www.psib-psoe.org\/eivissa\/#website\",\"url\":\"https:\/\/www.psib-psoe.org\/eivissa\/\",\"name\":\"Federaci\u00f3 Socialista d'Eivissa\",\"description\":\"Socialistes d&#039;Eivissa\",\"publisher\":{\"@id\":\"https:\/\/www.psib-psoe.org\/eivissa\/#organization\"},\"potentialAction\":[{\"@type\":\"SearchAction\",\"target\":{\"@type\":\"EntryPoint\",\"urlTemplate\":\"https:\/\/www.psib-psoe.org\/eivissa\/?s={search_term_string}\"},\"query-input\":{\"@type\":\"PropertyValueSpecification\",\"valueRequired\":true,\"valueName\":\"search_term_string\"}}],\"inLanguage\":\"ca\"},{\"@type\":\"Organization\",\"@id\":\"https:\/\/www.psib-psoe.org\/eivissa\/#organization\",\"name\":\"Federaci\u00f3 Socialista d'Eivissa\",\"url\":\"https:\/\/www.psib-psoe.org\/eivissa\/\",\"logo\":{\"@type\":\"ImageObject\",\"inLanguage\":\"ca\",\"@id\":\"https:\/\/www.psib-psoe.org\/eivissa\/#\/schema\/logo\/image\/\",\"url\":\"https:\/\/www.psib-psoe.org\/eivissa\/wp-content\/uploads\/LOGO-FSE-SOCIALISTA-DEIVISSA-HORI.png\",\"contentUrl\":\"https:\/\/www.psib-psoe.org\/eivissa\/wp-content\/uploads\/LOGO-FSE-SOCIALISTA-DEIVISSA-HORI.png\",\"width\":6000,\"height\":3104,\"caption\":\"Federaci\u00f3 Socialista d'Eivissa\"},\"image\":{\"@id\":\"https:\/\/www.psib-psoe.org\/eivissa\/#\/schema\/logo\/image\/\"}},{\"@type\":\"Person\",\"@id\":\"https:\/\/www.psib-psoe.org\/eivissa\/#\/schema\/person\/7a9d2841fb36f32e34fc0e9b245e8117\",\"name\":\"Josep Ripoll\",\"sameAs\":[\"http:\/\/www.psib-psoe.org\/eivissa\/wp-login.php\"],\"url\":\"https:\/\/www.psib-psoe.org\/eivissa\/author\/josep\/\"}]}<\/script>\n<!-- \/ Yoast SEO plugin. -->","yoast_head_json":{"title":"El PSOE demana al Consell d'Eivissa que faci accions formatives i campanyes dirigides a joves per combatre els discursos d'odi, la viol\u00e8ncia masclista, la xenof\u00f2bia i la LGTBIf\u00f2bia - Federaci\u00f3 Socialista d&#039;Eivissa","robots":{"index":"index","follow":"follow","max-snippet":"max-snippet:-1","max-image-preview":"max-image-preview:large","max-video-preview":"max-video-preview:-1"},"canonical":"https:\/\/www.psib-psoe.org\/eivissa\/el-psoe-demana-al-consell-deivissa-que-faci-accions-formatives-i-campanyes-dirigides-a-joves-per-combatre-els-discursos-dodi-la-violencia-masclista-la-xenofobia-i-la-lgtbifobia\/","og_locale":"ca_ES","og_type":"article","og_title":"El PSOE demana al Consell d'Eivissa que faci accions formatives i campanyes dirigides a joves per combatre els discursos d'odi, la viol\u00e8ncia masclista, la xenof\u00f2bia i la LGTBIf\u00f2bia - Federaci\u00f3 Socialista d&#039;Eivissa","og_description":"El grup PSOE proposa al Consell Insular d&#8217;Eivissa que faci accions formatives dirigides a joves per combatre els discursos d&#8217;odi, la viol\u00e8ncia masclista, la xenof\u00f2bia i la LGTBIf\u00f2bia. El grup Socialista proposa tallers en mat\u00e8ria d&#8217;igualtat i contra la viol\u00e8ncia masclista, en coordinaci\u00f3 amb la Conselleria d&#8217;Educaci\u00f3 i el ministeri d&#8217;Igualtat, dirigits als joves estudiants&hellip;","og_url":"https:\/\/www.psib-psoe.org\/eivissa\/el-psoe-demana-al-consell-deivissa-que-faci-accions-formatives-i-campanyes-dirigides-a-joves-per-combatre-els-discursos-dodi-la-violencia-masclista-la-xenofobia-i-la-lgtbifobia\/","og_site_name":"Federaci\u00f3 Socialista d&#039;Eivissa","article_published_time":"2021-07-23T04:00:42+00:00","article_modified_time":"2021-08-19T10:24:57+00:00","og_image":[{"width":1080,"height":1080,"url":"https:\/\/www.psib-psoe.org\/eivissa\/wp-content\/uploads\/Campa\u00a7a-odio-homofobia-3.png","type":"image\/png"}],"author":"Josep Ripoll","twitter_card":"summary_large_image","twitter_misc":{"Escrit per":"Josep Ripoll","Temps estimat de lectura":"2 minuts"},"schema":{"@context":"https:\/\/schema.org","@graph":[{"@type":["Article","BlogPosting"],"@id":"https:\/\/www.psib-psoe.org\/eivissa\/el-psoe-demana-al-consell-deivissa-que-faci-accions-formatives-i-campanyes-dirigides-a-joves-per-combatre-els-discursos-dodi-la-violencia-masclista-la-xenofobia-i-la-lgtbifobia\/#article","isPartOf":{"@id":"https:\/\/www.psib-psoe.org\/eivissa\/el-psoe-demana-al-consell-deivissa-que-faci-accions-formatives-i-campanyes-dirigides-a-joves-per-combatre-els-discursos-dodi-la-violencia-masclista-la-xenofobia-i-la-lgtbifobia\/"},"author":{"name":"Josep Ripoll","@id":"https:\/\/www.psib-psoe.org\/eivissa\/#\/schema\/person\/7a9d2841fb36f32e34fc0e9b245e8117"},"headline":"El PSOE demana al Consell d&#8217;Eivissa que faci accions formatives i campanyes dirigides a joves per combatre els discursos d&#8217;odi, la viol\u00e8ncia masclista, la xenof\u00f2bia i la LGTBIf\u00f2bia","datePublished":"2021-07-23T04:00:42+00:00","dateModified":"2021-08-19T10:24:57+00:00","mainEntityOfPage":{"@id":"https:\/\/www.psib-psoe.org\/eivissa\/el-psoe-demana-al-consell-deivissa-que-faci-accions-formatives-i-campanyes-dirigides-a-joves-per-combatre-els-discursos-dodi-la-violencia-masclista-la-xenofobia-i-la-lgtbifobia\/"},"wordCount":463,"publisher":{"@id":"https:\/\/www.psib-psoe.org\/eivissa\/#organization"},"image":{"@id":"https:\/\/www.psib-psoe.org\/eivissa\/el-psoe-demana-al-consell-deivissa-que-faci-accions-formatives-i-campanyes-dirigides-a-joves-per-combatre-els-discursos-dodi-la-violencia-masclista-la-xenofobia-i-la-lgtbifobia\/#primaryimage"},"thumbnailUrl":"https:\/\/www.psib-psoe.org\/eivissa\/wp-content\/uploads\/Campa\u00a7a-odio-homofobia-3.png","articleSection":["Consell d'Eivissa","Federaci\u00f3 d'Eivissa - Portada","LGTBI"],"inLanguage":"ca"},{"@type":"WebPage","@id":"https:\/\/www.psib-psoe.org\/eivissa\/el-psoe-demana-al-consell-deivissa-que-faci-accions-formatives-i-campanyes-dirigides-a-joves-per-combatre-els-discursos-dodi-la-violencia-masclista-la-xenofobia-i-la-lgtbifobia\/","url":"https:\/\/www.psib-psoe.org\/eivissa\/el-psoe-demana-al-consell-deivissa-que-faci-accions-formatives-i-campanyes-dirigides-a-joves-per-combatre-els-discursos-dodi-la-violencia-masclista-la-xenofobia-i-la-lgtbifobia\/","name":"El PSOE demana al Consell d'Eivissa que faci accions formatives i campanyes dirigides a joves per combatre els discursos d'odi, la viol\u00e8ncia masclista, la xenof\u00f2bia i la LGTBIf\u00f2bia - Federaci\u00f3 Socialista d&#039;Eivissa","isPartOf":{"@id":"https:\/\/www.psib-psoe.org\/eivissa\/#website"},"primaryImageOfPage":{"@id":"https:\/\/www.psib-psoe.org\/eivissa\/el-psoe-demana-al-consell-deivissa-que-faci-accions-formatives-i-campanyes-dirigides-a-joves-per-combatre-els-discursos-dodi-la-violencia-masclista-la-xenofobia-i-la-lgtbifobia\/#primaryimage"},"image":{"@id":"https:\/\/www.psib-psoe.org\/eivissa\/el-psoe-demana-al-consell-deivissa-que-faci-accions-formatives-i-campanyes-dirigides-a-joves-per-combatre-els-discursos-dodi-la-violencia-masclista-la-xenofobia-i-la-lgtbifobia\/#primaryimage"},"thumbnailUrl":"https:\/\/www.psib-psoe.org\/eivissa\/wp-content\/uploads\/Campa\u00a7a-odio-homofobia-3.png","datePublished":"2021-07-23T04:00:42+00:00","dateModified":"2021-08-19T10:24:57+00:00","breadcrumb":{"@id":"https:\/\/www.psib-psoe.org\/eivissa\/el-psoe-demana-al-consell-deivissa-que-faci-accions-formatives-i-campanyes-dirigides-a-joves-per-combatre-els-discursos-dodi-la-violencia-masclista-la-xenofobia-i-la-lgtbifobia\/#breadcrumb"},"inLanguage":"ca","potentialAction":[{"@type":"ReadAction","target":["https:\/\/www.psib-psoe.org\/eivissa\/el-psoe-demana-al-consell-deivissa-que-faci-accions-formatives-i-campanyes-dirigides-a-joves-per-combatre-els-discursos-dodi-la-violencia-masclista-la-xenofobia-i-la-lgtbifobia\/"]}]},{"@type":"ImageObject","inLanguage":"ca","@id":"https:\/\/www.psib-psoe.org\/eivissa\/el-psoe-demana-al-consell-deivissa-que-faci-accions-formatives-i-campanyes-dirigides-a-joves-per-combatre-els-discursos-dodi-la-violencia-masclista-la-xenofobia-i-la-lgtbifobia\/#primaryimage","url":"https:\/\/www.psib-psoe.org\/eivissa\/wp-content\/uploads\/Campa\u00a7a-odio-homofobia-3.png","contentUrl":"https:\/\/www.psib-psoe.org\/eivissa\/wp-content\/uploads\/Campa\u00a7a-odio-homofobia-3.png","width":1080,"height":1080},{"@type":"BreadcrumbList","@id":"https:\/\/www.psib-psoe.org\/eivissa\/el-psoe-demana-al-consell-deivissa-que-faci-accions-formatives-i-campanyes-dirigides-a-joves-per-combatre-els-discursos-dodi-la-violencia-masclista-la-xenofobia-i-la-lgtbifobia\/#breadcrumb","itemListElement":[{"@type":"ListItem","position":1,"name":"Inici","item":"https:\/\/www.psib-psoe.org\/eivissa\/"},{"@type":"ListItem","position":2,"name":"El PSOE demana al Consell d&#8217;Eivissa que faci accions formatives i campanyes dirigides a joves per combatre els discursos d&#8217;odi, la viol\u00e8ncia masclista, la xenof\u00f2bia i la LGTBIf\u00f2bia"}]},{"@type":"WebSite","@id":"https:\/\/www.psib-psoe.org\/eivissa\/#website","url":"https:\/\/www.psib-psoe.org\/eivissa\/","name":"Federaci\u00f3 Socialista d'Eivissa","description":"Socialistes d&#039;Eivissa","publisher":{"@id":"https:\/\/www.psib-psoe.org\/eivissa\/#organization"},"potentialAction":[{"@type":"SearchAction","target":{"@type":"EntryPoint","urlTemplate":"https:\/\/www.psib-psoe.org\/eivissa\/?s={search_term_string}"},"query-input":{"@type":"PropertyValueSpecification","valueRequired":true,"valueName":"search_term_string"}}],"inLanguage":"ca"},{"@type":"Organization","@id":"https:\/\/www.psib-psoe.org\/eivissa\/#organization","name":"Federaci\u00f3 Socialista d'Eivissa","url":"https:\/\/www.psib-psoe.org\/eivissa\/","logo":{"@type":"ImageObject","inLanguage":"ca","@id":"https:\/\/www.psib-psoe.org\/eivissa\/#\/schema\/logo\/image\/","url":"https:\/\/www.psib-psoe.org\/eivissa\/wp-content\/uploads\/LOGO-FSE-SOCIALISTA-DEIVISSA-HORI.png","contentUrl":"https:\/\/www.psib-psoe.org\/eivissa\/wp-content\/uploads\/LOGO-FSE-SOCIALISTA-DEIVISSA-HORI.png","width":6000,"height":3104,"caption":"Federaci\u00f3 Socialista d'Eivissa"},"image":{"@id":"https:\/\/www.psib-psoe.org\/eivissa\/#\/schema\/logo\/image\/"}},{"@type":"Person","@id":"https:\/\/www.psib-psoe.org\/eivissa\/#\/schema\/person\/7a9d2841fb36f32e34fc0e9b245e8117","name":"Josep Ripoll","sameAs":["http:\/\/www.psib-psoe.org\/eivissa\/wp-login.php"],"url":"https:\/\/www.psib-psoe.org\/eivissa\/author\/josep\/"}]}},"_links":{"self":[{"href":"https:\/\/www.psib-psoe.org\/eivissa\/wp-json\/wp\/v2\/posts\/33920","targetHints":{"allow":["GET"]}}],"collection":[{"href":"https:\/\/www.psib-psoe.org\/eivissa\/wp-json\/wp\/v2\/posts"}],"about":[{"href":"https:\/\/www.psib-psoe.org\/eivissa\/wp-json\/wp\/v2\/types\/post"}],"author":[{"embeddable":true,"href":"https:\/\/www.psib-psoe.org\/eivissa\/wp-json\/wp\/v2\/users\/7"}],"replies":[{"embeddable":true,"href":"https:\/\/www.psib-psoe.org\/eivissa\/wp-json\/wp\/v2\/comments?post=33920"}],"version-history":[{"count":1,"href":"https:\/\/www.psib-psoe.org\/eivissa\/wp-json\/wp\/v2\/posts\/33920\/revisions"}],"predecessor-version":[{"id":33951,"href":"https:\/\/www.psib-psoe.org\/eivissa\/wp-json\/wp\/v2\/posts\/33920\/revisions\/33951"}],"wp:featuredmedia":[{"embeddable":true,"href":"https:\/\/www.psib-psoe.org\/eivissa\/wp-json\/wp\/v2\/media\/33921"}],"wp:attachment":[{"href":"https:\/\/www.psib-psoe.org\/eivissa\/wp-json\/wp\/v2\/media?parent=33920"}],"wp:term":[{"taxonomy":"category","embeddable":true,"href":"https:\/\/www.psib-psoe.org\/eivissa\/wp-json\/wp\/v2\/categories?post=33920"},{"taxonomy":"post_tag","embeddable":true,"href":"https:\/\/www.psib-psoe.org\/eivissa\/wp-json\/wp\/v2\/tags?post=33920"}],"curies":[{"name":"wp","href":"https:\/\/api.w.org\/{rel}","templated":true}]}}