{"id":33976,"date":"2021-08-18T08:27:17","date_gmt":"2021-08-18T06:27:17","guid":{"rendered":"https:\/\/www.psib-psoe.org\/eivissa\/?p=33976"},"modified":"2021-08-17T13:33:21","modified_gmt":"2021-08-17T11:33:21","slug":"el-psoe-de-sant-joan-exigeix-a-lajuntament-que-acabi-amb-els-botellots-illegals-de-les-platges-de-portinatx","status":"publish","type":"post","link":"https:\/\/www.psib-psoe.org\/eivissa\/el-psoe-de-sant-joan-exigeix-a-lajuntament-que-acabi-amb-els-botellots-illegals-de-les-platges-de-portinatx\/","title":{"rendered":"El PSOE de Sant Joan exigeix a l&#8217;ajuntament que acabi amb els botellots il\u00b7legals de les platges de Portinatx"},"content":{"rendered":"<p>El PSOE de Sant Joan exigeix a l&#8217;ajuntament que acabi amb els botellots il\u00b7legals que es fan a les platges de Portinatx. El secretari general socialista i portaveu municipal, Pep Torres &#8216;Peret&#8217;, critica que l&#8217;ajuntament &#8220;\u00e9s incapa\u00e7 de controlar el municipi&#8221; per evitar aquestes activitats il\u00b7legals, que actualment estan castigades amb 1.000 euros de multa.<\/p>\n<p>Pep &#8216;Peret&#8217; explica que &#8220;els vesins de Portinatx han denunciat diverses vegades davant de l&#8217;ajuntament aquestos botellots&#8221;, sense que l&#8217;equip de govern de l&#8217;alcalde, Antoni Mar\u00ed &#8216;Carraca&#8217;, hagi fet &#8220;ni cas&#8221;.<\/p>\n<p>A pesar de les restriccions per la pand\u00e8mia, que prohibeixen botellots i trobades socials entre les 1 i les 6 hores, &#8220;les festes a la platja s\u00f3n habituals a Portinatx&#8221;, critica el portaveu del PSOE. &#8220;Exigim a l&#8217;ajuntament que actu\u00ef i que es controli els botellots, que a part de provocar l&#8217;expansi\u00f3 dels contagis, s\u00f3n un focus de brutor a les platges, ja que queden plenes de residus per l&#8217;incivisme dels que hi participen&#8221;, ha dit Pep &#8216;Peret&#8217;.<\/p>\n","protected":false},"excerpt":{"rendered":"<p>El PSOE de Sant Joan exigeix a l&#8217;ajuntament que acabi amb els botellots il\u00b7legals que es fan a les platges de Portinatx. El secretari general socialista i portaveu municipal, Pep Torres &#8216;Peret&#8217;, critica que l&#8217;ajuntament &#8220;\u00e9s incapa\u00e7 de controlar el municipi&#8221; per evitar aquestes activitats il\u00b7legals, que actualment estan castigades amb 1.000 euros de multa.&hellip;<\/p>\n","protected":false},"author":7,"featured_media":33977,"comment_status":"closed","ping_status":"closed","sticky":false,"template":"","format":"standard","meta":{"footnotes":""},"categories":[1,234,189],"tags":[],"class_list":["post-33976","post","type-post","status-publish","format-standard","has-post-thumbnail","hentry","category-federacio-de-eivissa-portada","category-municipis","category-sant-joan-de-labritja"],"yoast_head":"<!-- This site is optimized with the Yoast SEO plugin v26.9 - https:\/\/yoast.com\/product\/yoast-seo-wordpress\/ -->\n<title>El PSOE de Sant Joan exigeix a l&#039;ajuntament que acabi amb els botellots il\u00b7legals de les platges de Portinatx - Federaci\u00f3 Socialista d&#039;Eivissa<\/title>\n<meta name=\"robots\" content=\"index, follow, max-snippet:-1, max-image-preview:large, max-video-preview:-1\" \/>\n<link rel=\"canonical\" href=\"https:\/\/www.psib-psoe.org\/eivissa\/el-psoe-de-sant-joan-exigeix-a-lajuntament-que-acabi-amb-els-botellots-illegals-de-les-platges-de-portinatx\/\" \/>\n<meta property=\"og:locale\" content=\"ca_ES\" \/>\n<meta property=\"og:type\" content=\"article\" \/>\n<meta property=\"og:title\" content=\"El PSOE de Sant Joan exigeix a l&#039;ajuntament que acabi amb els botellots il\u00b7legals de les platges de Portinatx - Federaci\u00f3 Socialista d&#039;Eivissa\" \/>\n<meta property=\"og:description\" content=\"El PSOE de Sant Joan exigeix a l&#8217;ajuntament que acabi amb els botellots il\u00b7legals que es fan a les platges de Portinatx. El secretari general socialista i portaveu municipal, Pep Torres &#8216;Peret&#8217;, critica que l&#8217;ajuntament &#8220;\u00e9s incapa\u00e7 de controlar el municipi&#8221; per evitar aquestes activitats il\u00b7legals, que actualment estan castigades amb 1.000 euros de multa.&hellip;\" \/>\n<meta property=\"og:url\" content=\"https:\/\/www.psib-psoe.org\/eivissa\/el-psoe-de-sant-joan-exigeix-a-lajuntament-que-acabi-amb-els-botellots-illegals-de-les-platges-de-portinatx\/\" \/>\n<meta property=\"og:site_name\" content=\"Federaci\u00f3 Socialista d&#039;Eivissa\" \/>\n<meta property=\"article:published_time\" content=\"2021-08-18T06:27:17+00:00\" \/>\n<meta property=\"og:image\" content=\"https:\/\/www.psib-psoe.org\/eivissa\/wp-content\/uploads\/portinatx0.jpg\" \/>\n\t<meta property=\"og:image:width\" content=\"1024\" \/>\n\t<meta property=\"og:image:height\" content=\"768\" \/>\n\t<meta property=\"og:image:type\" content=\"image\/jpeg\" \/>\n<meta name=\"author\" content=\"Josep Ripoll\" \/>\n<meta name=\"twitter:card\" content=\"summary_large_image\" \/>\n<meta name=\"twitter:label1\" content=\"Escrit per\" \/>\n\t<meta name=\"twitter:data1\" content=\"Josep Ripoll\" \/>\n\t<meta name=\"twitter:label2\" content=\"Temps estimat de lectura\" \/>\n\t<meta name=\"twitter:data2\" content=\"1 minut\" \/>\n<script type=\"application\/ld+json\" class=\"yoast-schema-graph\">{\"@context\":\"https:\/\/schema.org\",\"@graph\":[{\"@type\":[\"Article\",\"BlogPosting\"],\"@id\":\"https:\/\/www.psib-psoe.org\/eivissa\/el-psoe-de-sant-joan-exigeix-a-lajuntament-que-acabi-amb-els-botellots-illegals-de-les-platges-de-portinatx\/#article\",\"isPartOf\":{\"@id\":\"https:\/\/www.psib-psoe.org\/eivissa\/el-psoe-de-sant-joan-exigeix-a-lajuntament-que-acabi-amb-els-botellots-illegals-de-les-platges-de-portinatx\/\"},\"author\":{\"name\":\"Josep Ripoll\",\"@id\":\"https:\/\/www.psib-psoe.org\/eivissa\/#\/schema\/person\/7a9d2841fb36f32e34fc0e9b245e8117\"},\"headline\":\"El PSOE de Sant Joan exigeix a l&#8217;ajuntament que acabi amb els botellots il\u00b7legals de les platges de Portinatx\",\"datePublished\":\"2021-08-18T06:27:17+00:00\",\"mainEntityOfPage\":{\"@id\":\"https:\/\/www.psib-psoe.org\/eivissa\/el-psoe-de-sant-joan-exigeix-a-lajuntament-que-acabi-amb-els-botellots-illegals-de-les-platges-de-portinatx\/\"},\"wordCount\":186,\"publisher\":{\"@id\":\"https:\/\/www.psib-psoe.org\/eivissa\/#organization\"},\"image\":{\"@id\":\"https:\/\/www.psib-psoe.org\/eivissa\/el-psoe-de-sant-joan-exigeix-a-lajuntament-que-acabi-amb-els-botellots-illegals-de-les-platges-de-portinatx\/#primaryimage\"},\"thumbnailUrl\":\"https:\/\/www.psib-psoe.org\/eivissa\/wp-content\/uploads\/portinatx0.jpg\",\"articleSection\":[\"Federaci\u00f3 d'Eivissa - Portada\",\"Municipis\",\"Sant Joan de Labritja\"],\"inLanguage\":\"ca\"},{\"@type\":\"WebPage\",\"@id\":\"https:\/\/www.psib-psoe.org\/eivissa\/el-psoe-de-sant-joan-exigeix-a-lajuntament-que-acabi-amb-els-botellots-illegals-de-les-platges-de-portinatx\/\",\"url\":\"https:\/\/www.psib-psoe.org\/eivissa\/el-psoe-de-sant-joan-exigeix-a-lajuntament-que-acabi-amb-els-botellots-illegals-de-les-platges-de-portinatx\/\",\"name\":\"El PSOE de Sant Joan exigeix a l'ajuntament que acabi amb els botellots il\u00b7legals de les platges de Portinatx - Federaci\u00f3 Socialista d&#039;Eivissa\",\"isPartOf\":{\"@id\":\"https:\/\/www.psib-psoe.org\/eivissa\/#website\"},\"primaryImageOfPage\":{\"@id\":\"https:\/\/www.psib-psoe.org\/eivissa\/el-psoe-de-sant-joan-exigeix-a-lajuntament-que-acabi-amb-els-botellots-illegals-de-les-platges-de-portinatx\/#primaryimage\"},\"image\":{\"@id\":\"https:\/\/www.psib-psoe.org\/eivissa\/el-psoe-de-sant-joan-exigeix-a-lajuntament-que-acabi-amb-els-botellots-illegals-de-les-platges-de-portinatx\/#primaryimage\"},\"thumbnailUrl\":\"https:\/\/www.psib-psoe.org\/eivissa\/wp-content\/uploads\/portinatx0.jpg\",\"datePublished\":\"2021-08-18T06:27:17+00:00\",\"breadcrumb\":{\"@id\":\"https:\/\/www.psib-psoe.org\/eivissa\/el-psoe-de-sant-joan-exigeix-a-lajuntament-que-acabi-amb-els-botellots-illegals-de-les-platges-de-portinatx\/#breadcrumb\"},\"inLanguage\":\"ca\",\"potentialAction\":[{\"@type\":\"ReadAction\",\"target\":[\"https:\/\/www.psib-psoe.org\/eivissa\/el-psoe-de-sant-joan-exigeix-a-lajuntament-que-acabi-amb-els-botellots-illegals-de-les-platges-de-portinatx\/\"]}]},{\"@type\":\"ImageObject\",\"inLanguage\":\"ca\",\"@id\":\"https:\/\/www.psib-psoe.org\/eivissa\/el-psoe-de-sant-joan-exigeix-a-lajuntament-que-acabi-amb-els-botellots-illegals-de-les-platges-de-portinatx\/#primaryimage\",\"url\":\"https:\/\/www.psib-psoe.org\/eivissa\/wp-content\/uploads\/portinatx0.jpg\",\"contentUrl\":\"https:\/\/www.psib-psoe.org\/eivissa\/wp-content\/uploads\/portinatx0.jpg\",\"width\":1024,\"height\":768},{\"@type\":\"BreadcrumbList\",\"@id\":\"https:\/\/www.psib-psoe.org\/eivissa\/el-psoe-de-sant-joan-exigeix-a-lajuntament-que-acabi-amb-els-botellots-illegals-de-les-platges-de-portinatx\/#breadcrumb\",\"itemListElement\":[{\"@type\":\"ListItem\",\"position\":1,\"name\":\"Inici\",\"item\":\"https:\/\/www.psib-psoe.org\/eivissa\/\"},{\"@type\":\"ListItem\",\"position\":2,\"name\":\"El PSOE de Sant Joan exigeix a l&#8217;ajuntament que acabi amb els botellots il\u00b7legals de les platges de Portinatx\"}]},{\"@type\":\"WebSite\",\"@id\":\"https:\/\/www.psib-psoe.org\/eivissa\/#website\",\"url\":\"https:\/\/www.psib-psoe.org\/eivissa\/\",\"name\":\"Federaci\u00f3 Socialista d'Eivissa\",\"description\":\"Socialistes d&#039;Eivissa\",\"publisher\":{\"@id\":\"https:\/\/www.psib-psoe.org\/eivissa\/#organization\"},\"potentialAction\":[{\"@type\":\"SearchAction\",\"target\":{\"@type\":\"EntryPoint\",\"urlTemplate\":\"https:\/\/www.psib-psoe.org\/eivissa\/?s={search_term_string}\"},\"query-input\":{\"@type\":\"PropertyValueSpecification\",\"valueRequired\":true,\"valueName\":\"search_term_string\"}}],\"inLanguage\":\"ca\"},{\"@type\":\"Organization\",\"@id\":\"https:\/\/www.psib-psoe.org\/eivissa\/#organization\",\"name\":\"Federaci\u00f3 Socialista d'Eivissa\",\"url\":\"https:\/\/www.psib-psoe.org\/eivissa\/\",\"logo\":{\"@type\":\"ImageObject\",\"inLanguage\":\"ca\",\"@id\":\"https:\/\/www.psib-psoe.org\/eivissa\/#\/schema\/logo\/image\/\",\"url\":\"https:\/\/www.psib-psoe.org\/eivissa\/wp-content\/uploads\/LOGO-FSE-SOCIALISTA-DEIVISSA-HORI.png\",\"contentUrl\":\"https:\/\/www.psib-psoe.org\/eivissa\/wp-content\/uploads\/LOGO-FSE-SOCIALISTA-DEIVISSA-HORI.png\",\"width\":6000,\"height\":3104,\"caption\":\"Federaci\u00f3 Socialista d'Eivissa\"},\"image\":{\"@id\":\"https:\/\/www.psib-psoe.org\/eivissa\/#\/schema\/logo\/image\/\"}},{\"@type\":\"Person\",\"@id\":\"https:\/\/www.psib-psoe.org\/eivissa\/#\/schema\/person\/7a9d2841fb36f32e34fc0e9b245e8117\",\"name\":\"Josep Ripoll\",\"sameAs\":[\"http:\/\/www.psib-psoe.org\/eivissa\/wp-login.php\"],\"url\":\"https:\/\/www.psib-psoe.org\/eivissa\/author\/josep\/\"}]}<\/script>\n<!-- \/ Yoast SEO plugin. -->","yoast_head_json":{"title":"El PSOE de Sant Joan exigeix a l'ajuntament que acabi amb els botellots il\u00b7legals de les platges de Portinatx - Federaci\u00f3 Socialista d&#039;Eivissa","robots":{"index":"index","follow":"follow","max-snippet":"max-snippet:-1","max-image-preview":"max-image-preview:large","max-video-preview":"max-video-preview:-1"},"canonical":"https:\/\/www.psib-psoe.org\/eivissa\/el-psoe-de-sant-joan-exigeix-a-lajuntament-que-acabi-amb-els-botellots-illegals-de-les-platges-de-portinatx\/","og_locale":"ca_ES","og_type":"article","og_title":"El PSOE de Sant Joan exigeix a l'ajuntament que acabi amb els botellots il\u00b7legals de les platges de Portinatx - Federaci\u00f3 Socialista d&#039;Eivissa","og_description":"El PSOE de Sant Joan exigeix a l&#8217;ajuntament que acabi amb els botellots il\u00b7legals que es fan a les platges de Portinatx. El secretari general socialista i portaveu municipal, Pep Torres &#8216;Peret&#8217;, critica que l&#8217;ajuntament &#8220;\u00e9s incapa\u00e7 de controlar el municipi&#8221; per evitar aquestes activitats il\u00b7legals, que actualment estan castigades amb 1.000 euros de multa.&hellip;","og_url":"https:\/\/www.psib-psoe.org\/eivissa\/el-psoe-de-sant-joan-exigeix-a-lajuntament-que-acabi-amb-els-botellots-illegals-de-les-platges-de-portinatx\/","og_site_name":"Federaci\u00f3 Socialista d&#039;Eivissa","article_published_time":"2021-08-18T06:27:17+00:00","og_image":[{"width":1024,"height":768,"url":"https:\/\/www.psib-psoe.org\/eivissa\/wp-content\/uploads\/portinatx0.jpg","type":"image\/jpeg"}],"author":"Josep Ripoll","twitter_card":"summary_large_image","twitter_misc":{"Escrit per":"Josep Ripoll","Temps estimat de lectura":"1 minut"},"schema":{"@context":"https:\/\/schema.org","@graph":[{"@type":["Article","BlogPosting"],"@id":"https:\/\/www.psib-psoe.org\/eivissa\/el-psoe-de-sant-joan-exigeix-a-lajuntament-que-acabi-amb-els-botellots-illegals-de-les-platges-de-portinatx\/#article","isPartOf":{"@id":"https:\/\/www.psib-psoe.org\/eivissa\/el-psoe-de-sant-joan-exigeix-a-lajuntament-que-acabi-amb-els-botellots-illegals-de-les-platges-de-portinatx\/"},"author":{"name":"Josep Ripoll","@id":"https:\/\/www.psib-psoe.org\/eivissa\/#\/schema\/person\/7a9d2841fb36f32e34fc0e9b245e8117"},"headline":"El PSOE de Sant Joan exigeix a l&#8217;ajuntament que acabi amb els botellots il\u00b7legals de les platges de Portinatx","datePublished":"2021-08-18T06:27:17+00:00","mainEntityOfPage":{"@id":"https:\/\/www.psib-psoe.org\/eivissa\/el-psoe-de-sant-joan-exigeix-a-lajuntament-que-acabi-amb-els-botellots-illegals-de-les-platges-de-portinatx\/"},"wordCount":186,"publisher":{"@id":"https:\/\/www.psib-psoe.org\/eivissa\/#organization"},"image":{"@id":"https:\/\/www.psib-psoe.org\/eivissa\/el-psoe-de-sant-joan-exigeix-a-lajuntament-que-acabi-amb-els-botellots-illegals-de-les-platges-de-portinatx\/#primaryimage"},"thumbnailUrl":"https:\/\/www.psib-psoe.org\/eivissa\/wp-content\/uploads\/portinatx0.jpg","articleSection":["Federaci\u00f3 d'Eivissa - Portada","Municipis","Sant Joan de Labritja"],"inLanguage":"ca"},{"@type":"WebPage","@id":"https:\/\/www.psib-psoe.org\/eivissa\/el-psoe-de-sant-joan-exigeix-a-lajuntament-que-acabi-amb-els-botellots-illegals-de-les-platges-de-portinatx\/","url":"https:\/\/www.psib-psoe.org\/eivissa\/el-psoe-de-sant-joan-exigeix-a-lajuntament-que-acabi-amb-els-botellots-illegals-de-les-platges-de-portinatx\/","name":"El PSOE de Sant Joan exigeix a l'ajuntament que acabi amb els botellots il\u00b7legals de les platges de Portinatx - Federaci\u00f3 Socialista d&#039;Eivissa","isPartOf":{"@id":"https:\/\/www.psib-psoe.org\/eivissa\/#website"},"primaryImageOfPage":{"@id":"https:\/\/www.psib-psoe.org\/eivissa\/el-psoe-de-sant-joan-exigeix-a-lajuntament-que-acabi-amb-els-botellots-illegals-de-les-platges-de-portinatx\/#primaryimage"},"image":{"@id":"https:\/\/www.psib-psoe.org\/eivissa\/el-psoe-de-sant-joan-exigeix-a-lajuntament-que-acabi-amb-els-botellots-illegals-de-les-platges-de-portinatx\/#primaryimage"},"thumbnailUrl":"https:\/\/www.psib-psoe.org\/eivissa\/wp-content\/uploads\/portinatx0.jpg","datePublished":"2021-08-18T06:27:17+00:00","breadcrumb":{"@id":"https:\/\/www.psib-psoe.org\/eivissa\/el-psoe-de-sant-joan-exigeix-a-lajuntament-que-acabi-amb-els-botellots-illegals-de-les-platges-de-portinatx\/#breadcrumb"},"inLanguage":"ca","potentialAction":[{"@type":"ReadAction","target":["https:\/\/www.psib-psoe.org\/eivissa\/el-psoe-de-sant-joan-exigeix-a-lajuntament-que-acabi-amb-els-botellots-illegals-de-les-platges-de-portinatx\/"]}]},{"@type":"ImageObject","inLanguage":"ca","@id":"https:\/\/www.psib-psoe.org\/eivissa\/el-psoe-de-sant-joan-exigeix-a-lajuntament-que-acabi-amb-els-botellots-illegals-de-les-platges-de-portinatx\/#primaryimage","url":"https:\/\/www.psib-psoe.org\/eivissa\/wp-content\/uploads\/portinatx0.jpg","contentUrl":"https:\/\/www.psib-psoe.org\/eivissa\/wp-content\/uploads\/portinatx0.jpg","width":1024,"height":768},{"@type":"BreadcrumbList","@id":"https:\/\/www.psib-psoe.org\/eivissa\/el-psoe-de-sant-joan-exigeix-a-lajuntament-que-acabi-amb-els-botellots-illegals-de-les-platges-de-portinatx\/#breadcrumb","itemListElement":[{"@type":"ListItem","position":1,"name":"Inici","item":"https:\/\/www.psib-psoe.org\/eivissa\/"},{"@type":"ListItem","position":2,"name":"El PSOE de Sant Joan exigeix a l&#8217;ajuntament que acabi amb els botellots il\u00b7legals de les platges de Portinatx"}]},{"@type":"WebSite","@id":"https:\/\/www.psib-psoe.org\/eivissa\/#website","url":"https:\/\/www.psib-psoe.org\/eivissa\/","name":"Federaci\u00f3 Socialista d'Eivissa","description":"Socialistes d&#039;Eivissa","publisher":{"@id":"https:\/\/www.psib-psoe.org\/eivissa\/#organization"},"potentialAction":[{"@type":"SearchAction","target":{"@type":"EntryPoint","urlTemplate":"https:\/\/www.psib-psoe.org\/eivissa\/?s={search_term_string}"},"query-input":{"@type":"PropertyValueSpecification","valueRequired":true,"valueName":"search_term_string"}}],"inLanguage":"ca"},{"@type":"Organization","@id":"https:\/\/www.psib-psoe.org\/eivissa\/#organization","name":"Federaci\u00f3 Socialista d'Eivissa","url":"https:\/\/www.psib-psoe.org\/eivissa\/","logo":{"@type":"ImageObject","inLanguage":"ca","@id":"https:\/\/www.psib-psoe.org\/eivissa\/#\/schema\/logo\/image\/","url":"https:\/\/www.psib-psoe.org\/eivissa\/wp-content\/uploads\/LOGO-FSE-SOCIALISTA-DEIVISSA-HORI.png","contentUrl":"https:\/\/www.psib-psoe.org\/eivissa\/wp-content\/uploads\/LOGO-FSE-SOCIALISTA-DEIVISSA-HORI.png","width":6000,"height":3104,"caption":"Federaci\u00f3 Socialista d'Eivissa"},"image":{"@id":"https:\/\/www.psib-psoe.org\/eivissa\/#\/schema\/logo\/image\/"}},{"@type":"Person","@id":"https:\/\/www.psib-psoe.org\/eivissa\/#\/schema\/person\/7a9d2841fb36f32e34fc0e9b245e8117","name":"Josep Ripoll","sameAs":["http:\/\/www.psib-psoe.org\/eivissa\/wp-login.php"],"url":"https:\/\/www.psib-psoe.org\/eivissa\/author\/josep\/"}]}},"_links":{"self":[{"href":"https:\/\/www.psib-psoe.org\/eivissa\/wp-json\/wp\/v2\/posts\/33976","targetHints":{"allow":["GET"]}}],"collection":[{"href":"https:\/\/www.psib-psoe.org\/eivissa\/wp-json\/wp\/v2\/posts"}],"about":[{"href":"https:\/\/www.psib-psoe.org\/eivissa\/wp-json\/wp\/v2\/types\/post"}],"author":[{"embeddable":true,"href":"https:\/\/www.psib-psoe.org\/eivissa\/wp-json\/wp\/v2\/users\/7"}],"replies":[{"embeddable":true,"href":"https:\/\/www.psib-psoe.org\/eivissa\/wp-json\/wp\/v2\/comments?post=33976"}],"version-history":[{"count":1,"href":"https:\/\/www.psib-psoe.org\/eivissa\/wp-json\/wp\/v2\/posts\/33976\/revisions"}],"predecessor-version":[{"id":33979,"href":"https:\/\/www.psib-psoe.org\/eivissa\/wp-json\/wp\/v2\/posts\/33976\/revisions\/33979"}],"wp:featuredmedia":[{"embeddable":true,"href":"https:\/\/www.psib-psoe.org\/eivissa\/wp-json\/wp\/v2\/media\/33977"}],"wp:attachment":[{"href":"https:\/\/www.psib-psoe.org\/eivissa\/wp-json\/wp\/v2\/media?parent=33976"}],"wp:term":[{"taxonomy":"category","embeddable":true,"href":"https:\/\/www.psib-psoe.org\/eivissa\/wp-json\/wp\/v2\/categories?post=33976"},{"taxonomy":"post_tag","embeddable":true,"href":"https:\/\/www.psib-psoe.org\/eivissa\/wp-json\/wp\/v2\/tags?post=33976"}],"curies":[{"name":"wp","href":"https:\/\/api.w.org\/{rel}","templated":true}]}}