{"id":34006,"date":"2021-08-18T09:30:56","date_gmt":"2021-08-18T07:30:56","guid":{"rendered":"https:\/\/www.psib-psoe.org\/eivissa\/?p=34006"},"modified":"2021-08-17T13:33:56","modified_gmt":"2021-08-17T11:33:56","slug":"psoe-reinicia-denuncia-el-caos-de-transit-a-cala-salada-i-lacumulacio-de-residus-a-les-platges-del-municipi-per-la-deixadesa-de-lajuntament-de-sant-antoni","status":"publish","type":"post","link":"https:\/\/www.psib-psoe.org\/eivissa\/psoe-reinicia-denuncia-el-caos-de-transit-a-cala-salada-i-lacumulacio-de-residus-a-les-platges-del-municipi-per-la-deixadesa-de-lajuntament-de-sant-antoni\/","title":{"rendered":"PSOE-Reinicia denuncia el caos de tr\u00e0nsit a Cala Salada i l&#8217;acumulaci\u00f3 de residus a les platges del municipi per la &#8220;deixadesa&#8221; de l&#8217;Ajuntament de Sant Antoni"},"content":{"rendered":"<p>PSOE-Reinicia denuncia el caos de tr\u00e0nsit a Cala Salada i l&#8217;acumulaci\u00f3 de residus a les platges del municipi per la &#8220;deixadesa&#8221; de l&#8217;Ajuntament de Sant Antoni de Portmany, com ha dit el regidor progressista Antonio Lorenzo. &#8220;Ens trobam cada dia amb una situaci\u00f3 ca\u00f2tica als accessos de Cala Salada, sense que ni l&#8217;alcalde, Marcos Serra, ni la regidora de Governaci\u00f3 i Medi Ambient, Neus Mateu, preguin mesures&#8221;. Una situaci\u00f3 que &#8220;d\u00f3na molt mala imatge i afecta no nom\u00e9s els residents a la zona, sin\u00f3 als mateixos turistes que hi volen accedir i a la seguretat de la zona&#8221;.<\/p>\n<p>El regidor de PSOE-Reinicia demana &#8220;m\u00e9s control&#8221; per part de l&#8217;ajuntament per evitar aparcaments en zones no permeses, ja que &#8220;acaben provocant una situaci\u00f3 de perillositat, ja que es podria impedir el pas als serveis d&#8217;emerg\u00e8ncia&#8221;. El Partit Popular va criticar a la passada legislatura el control als accessos de Cala Salada, una mesura en benefici d&#8217;aquest punt del municipi i per la seguretat de tots els vesins. &#8220;Ara que governen han continuat amb aquest model de control, per\u00f2 no s\u00f3n capa\u00e7os d&#8217;assegurar que funcioni correctament&#8221;, provocant &#8220;una situaci\u00f3 insostenible, que est\u00e0 acabant amb la paci\u00e8ncia dels vesins&#8221;, ha dit Lorenzo.<\/p>\n<p>PSOE-Reinicia tamb\u00e9 critica que &#8220;la brutor s&#8217;acumula en aquesta platja, sobretot al costat de Cala Saladeta, com en altres platges del municipi&#8221;. A part de l'&#8221;incivisme&#8221; de moltes persones, ens trobam tamb\u00e9 amb &#8220;un ajuntament que no fa la seua feina, de netejar de residus una de les zones m\u00e9s emblem\u00e0tiques de Sant Antoni&#8221;.<\/p>\n<p>Segons Antonio Lorenzo, &#8220;el Govern de les Illes Balears fa la seva feina de neteja del litoral, amb m\u00e9s recursos que mai amb les barques&#8221;, per\u00f2 per contra, &#8220;qui no actua en la part que li pertoca \u00e9s l&#8217;ajuntament&#8221;. El regidor Antonio Lorenzo demana a la regidora Neus Mateu &#8220;que deixi de posar excuses i netegi les platges dins de les seues compet\u00e8ncies&#8221;.<\/p>\n","protected":false},"excerpt":{"rendered":"<p>PSOE-Reinicia denuncia el caos de tr\u00e0nsit a Cala Salada i l&#8217;acumulaci\u00f3 de residus a les platges del municipi per la &#8220;deixadesa&#8221; de l&#8217;Ajuntament de Sant Antoni de Portmany, com ha dit el regidor progressista Antonio Lorenzo. &#8220;Ens trobam cada dia amb una situaci\u00f3 ca\u00f2tica als accessos de Cala Salada, sense que ni l&#8217;alcalde, Marcos Serra,&hellip;<\/p>\n","protected":false},"author":7,"featured_media":31078,"comment_status":"closed","ping_status":"closed","sticky":false,"template":"","format":"standard","meta":{"footnotes":""},"categories":[1,234,188],"tags":[],"class_list":["post-34006","post","type-post","status-publish","format-standard","has-post-thumbnail","hentry","category-federacio-de-eivissa-portada","category-municipis","category-sant-antoni-de-portmany"],"yoast_head":"<!-- This site is optimized with the Yoast SEO plugin v26.9 - https:\/\/yoast.com\/product\/yoast-seo-wordpress\/ -->\n<title>PSOE-Reinicia denuncia el caos de tr\u00e0nsit a Cala Salada i l&#039;acumulaci\u00f3 de residus a les platges del municipi per la &quot;deixadesa&quot; de l&#039;Ajuntament de Sant Antoni - Federaci\u00f3 Socialista d&#039;Eivissa<\/title>\n<meta name=\"robots\" content=\"index, follow, max-snippet:-1, max-image-preview:large, max-video-preview:-1\" \/>\n<link rel=\"canonical\" href=\"https:\/\/www.psib-psoe.org\/eivissa\/psoe-reinicia-denuncia-el-caos-de-transit-a-cala-salada-i-lacumulacio-de-residus-a-les-platges-del-municipi-per-la-deixadesa-de-lajuntament-de-sant-antoni\/\" \/>\n<meta property=\"og:locale\" content=\"ca_ES\" \/>\n<meta property=\"og:type\" content=\"article\" \/>\n<meta property=\"og:title\" content=\"PSOE-Reinicia denuncia el caos de tr\u00e0nsit a Cala Salada i l&#039;acumulaci\u00f3 de residus a les platges del municipi per la &quot;deixadesa&quot; de l&#039;Ajuntament de Sant Antoni - Federaci\u00f3 Socialista d&#039;Eivissa\" \/>\n<meta property=\"og:description\" content=\"PSOE-Reinicia denuncia el caos de tr\u00e0nsit a Cala Salada i l&#8217;acumulaci\u00f3 de residus a les platges del municipi per la &#8220;deixadesa&#8221; de l&#8217;Ajuntament de Sant Antoni de Portmany, com ha dit el regidor progressista Antonio Lorenzo. &#8220;Ens trobam cada dia amb una situaci\u00f3 ca\u00f2tica als accessos de Cala Salada, sense que ni l&#8217;alcalde, Marcos Serra,&hellip;\" \/>\n<meta property=\"og:url\" content=\"https:\/\/www.psib-psoe.org\/eivissa\/psoe-reinicia-denuncia-el-caos-de-transit-a-cala-salada-i-lacumulacio-de-residus-a-les-platges-del-municipi-per-la-deixadesa-de-lajuntament-de-sant-antoni\/\" \/>\n<meta property=\"og:site_name\" content=\"Federaci\u00f3 Socialista d&#039;Eivissa\" \/>\n<meta property=\"article:published_time\" content=\"2021-08-18T07:30:56+00:00\" \/>\n<meta property=\"og:image\" content=\"https:\/\/www.psib-psoe.org\/eivissa\/wp-content\/uploads\/IMG_8869.jpg\" \/>\n\t<meta property=\"og:image:width\" content=\"3264\" \/>\n\t<meta property=\"og:image:height\" content=\"2448\" \/>\n\t<meta property=\"og:image:type\" content=\"image\/jpeg\" \/>\n<meta name=\"author\" content=\"Josep Ripoll\" \/>\n<meta name=\"twitter:card\" content=\"summary_large_image\" \/>\n<meta name=\"twitter:label1\" content=\"Escrit per\" \/>\n\t<meta name=\"twitter:data1\" content=\"Josep Ripoll\" \/>\n\t<meta name=\"twitter:label2\" content=\"Temps estimat de lectura\" \/>\n\t<meta name=\"twitter:data2\" content=\"2 minuts\" \/>\n<script type=\"application\/ld+json\" class=\"yoast-schema-graph\">{\"@context\":\"https:\/\/schema.org\",\"@graph\":[{\"@type\":[\"Article\",\"BlogPosting\"],\"@id\":\"https:\/\/www.psib-psoe.org\/eivissa\/psoe-reinicia-denuncia-el-caos-de-transit-a-cala-salada-i-lacumulacio-de-residus-a-les-platges-del-municipi-per-la-deixadesa-de-lajuntament-de-sant-antoni\/#article\",\"isPartOf\":{\"@id\":\"https:\/\/www.psib-psoe.org\/eivissa\/psoe-reinicia-denuncia-el-caos-de-transit-a-cala-salada-i-lacumulacio-de-residus-a-les-platges-del-municipi-per-la-deixadesa-de-lajuntament-de-sant-antoni\/\"},\"author\":{\"name\":\"Josep Ripoll\",\"@id\":\"https:\/\/www.psib-psoe.org\/eivissa\/#\/schema\/person\/7a9d2841fb36f32e34fc0e9b245e8117\"},\"headline\":\"PSOE-Reinicia denuncia el caos de tr\u00e0nsit a Cala Salada i l&#8217;acumulaci\u00f3 de residus a les platges del municipi per la &#8220;deixadesa&#8221; de l&#8217;Ajuntament de Sant Antoni\",\"datePublished\":\"2021-08-18T07:30:56+00:00\",\"mainEntityOfPage\":{\"@id\":\"https:\/\/www.psib-psoe.org\/eivissa\/psoe-reinicia-denuncia-el-caos-de-transit-a-cala-salada-i-lacumulacio-de-residus-a-les-platges-del-municipi-per-la-deixadesa-de-lajuntament-de-sant-antoni\/\"},\"wordCount\":357,\"publisher\":{\"@id\":\"https:\/\/www.psib-psoe.org\/eivissa\/#organization\"},\"image\":{\"@id\":\"https:\/\/www.psib-psoe.org\/eivissa\/psoe-reinicia-denuncia-el-caos-de-transit-a-cala-salada-i-lacumulacio-de-residus-a-les-platges-del-municipi-per-la-deixadesa-de-lajuntament-de-sant-antoni\/#primaryimage\"},\"thumbnailUrl\":\"https:\/\/www.psib-psoe.org\/eivissa\/wp-content\/uploads\/IMG_8869.jpg\",\"articleSection\":[\"Federaci\u00f3 d'Eivissa - Portada\",\"Municipis\",\"Sant Antoni de Portmany\"],\"inLanguage\":\"ca\"},{\"@type\":\"WebPage\",\"@id\":\"https:\/\/www.psib-psoe.org\/eivissa\/psoe-reinicia-denuncia-el-caos-de-transit-a-cala-salada-i-lacumulacio-de-residus-a-les-platges-del-municipi-per-la-deixadesa-de-lajuntament-de-sant-antoni\/\",\"url\":\"https:\/\/www.psib-psoe.org\/eivissa\/psoe-reinicia-denuncia-el-caos-de-transit-a-cala-salada-i-lacumulacio-de-residus-a-les-platges-del-municipi-per-la-deixadesa-de-lajuntament-de-sant-antoni\/\",\"name\":\"PSOE-Reinicia denuncia el caos de tr\u00e0nsit a Cala Salada i l'acumulaci\u00f3 de residus a les platges del municipi per la \\\"deixadesa\\\" de l'Ajuntament de Sant Antoni - Federaci\u00f3 Socialista d&#039;Eivissa\",\"isPartOf\":{\"@id\":\"https:\/\/www.psib-psoe.org\/eivissa\/#website\"},\"primaryImageOfPage\":{\"@id\":\"https:\/\/www.psib-psoe.org\/eivissa\/psoe-reinicia-denuncia-el-caos-de-transit-a-cala-salada-i-lacumulacio-de-residus-a-les-platges-del-municipi-per-la-deixadesa-de-lajuntament-de-sant-antoni\/#primaryimage\"},\"image\":{\"@id\":\"https:\/\/www.psib-psoe.org\/eivissa\/psoe-reinicia-denuncia-el-caos-de-transit-a-cala-salada-i-lacumulacio-de-residus-a-les-platges-del-municipi-per-la-deixadesa-de-lajuntament-de-sant-antoni\/#primaryimage\"},\"thumbnailUrl\":\"https:\/\/www.psib-psoe.org\/eivissa\/wp-content\/uploads\/IMG_8869.jpg\",\"datePublished\":\"2021-08-18T07:30:56+00:00\",\"breadcrumb\":{\"@id\":\"https:\/\/www.psib-psoe.org\/eivissa\/psoe-reinicia-denuncia-el-caos-de-transit-a-cala-salada-i-lacumulacio-de-residus-a-les-platges-del-municipi-per-la-deixadesa-de-lajuntament-de-sant-antoni\/#breadcrumb\"},\"inLanguage\":\"ca\",\"potentialAction\":[{\"@type\":\"ReadAction\",\"target\":[\"https:\/\/www.psib-psoe.org\/eivissa\/psoe-reinicia-denuncia-el-caos-de-transit-a-cala-salada-i-lacumulacio-de-residus-a-les-platges-del-municipi-per-la-deixadesa-de-lajuntament-de-sant-antoni\/\"]}]},{\"@type\":\"ImageObject\",\"inLanguage\":\"ca\",\"@id\":\"https:\/\/www.psib-psoe.org\/eivissa\/psoe-reinicia-denuncia-el-caos-de-transit-a-cala-salada-i-lacumulacio-de-residus-a-les-platges-del-municipi-per-la-deixadesa-de-lajuntament-de-sant-antoni\/#primaryimage\",\"url\":\"https:\/\/www.psib-psoe.org\/eivissa\/wp-content\/uploads\/IMG_8869.jpg\",\"contentUrl\":\"https:\/\/www.psib-psoe.org\/eivissa\/wp-content\/uploads\/IMG_8869.jpg\",\"width\":3264,\"height\":2448},{\"@type\":\"BreadcrumbList\",\"@id\":\"https:\/\/www.psib-psoe.org\/eivissa\/psoe-reinicia-denuncia-el-caos-de-transit-a-cala-salada-i-lacumulacio-de-residus-a-les-platges-del-municipi-per-la-deixadesa-de-lajuntament-de-sant-antoni\/#breadcrumb\",\"itemListElement\":[{\"@type\":\"ListItem\",\"position\":1,\"name\":\"Inici\",\"item\":\"https:\/\/www.psib-psoe.org\/eivissa\/\"},{\"@type\":\"ListItem\",\"position\":2,\"name\":\"PSOE-Reinicia denuncia el caos de tr\u00e0nsit a Cala Salada i l&#8217;acumulaci\u00f3 de residus a les platges del municipi per la &#8220;deixadesa&#8221; de l&#8217;Ajuntament de Sant Antoni\"}]},{\"@type\":\"WebSite\",\"@id\":\"https:\/\/www.psib-psoe.org\/eivissa\/#website\",\"url\":\"https:\/\/www.psib-psoe.org\/eivissa\/\",\"name\":\"Federaci\u00f3 Socialista d'Eivissa\",\"description\":\"Socialistes d&#039;Eivissa\",\"publisher\":{\"@id\":\"https:\/\/www.psib-psoe.org\/eivissa\/#organization\"},\"potentialAction\":[{\"@type\":\"SearchAction\",\"target\":{\"@type\":\"EntryPoint\",\"urlTemplate\":\"https:\/\/www.psib-psoe.org\/eivissa\/?s={search_term_string}\"},\"query-input\":{\"@type\":\"PropertyValueSpecification\",\"valueRequired\":true,\"valueName\":\"search_term_string\"}}],\"inLanguage\":\"ca\"},{\"@type\":\"Organization\",\"@id\":\"https:\/\/www.psib-psoe.org\/eivissa\/#organization\",\"name\":\"Federaci\u00f3 Socialista d'Eivissa\",\"url\":\"https:\/\/www.psib-psoe.org\/eivissa\/\",\"logo\":{\"@type\":\"ImageObject\",\"inLanguage\":\"ca\",\"@id\":\"https:\/\/www.psib-psoe.org\/eivissa\/#\/schema\/logo\/image\/\",\"url\":\"https:\/\/www.psib-psoe.org\/eivissa\/wp-content\/uploads\/LOGO-FSE-SOCIALISTA-DEIVISSA-HORI.png\",\"contentUrl\":\"https:\/\/www.psib-psoe.org\/eivissa\/wp-content\/uploads\/LOGO-FSE-SOCIALISTA-DEIVISSA-HORI.png\",\"width\":6000,\"height\":3104,\"caption\":\"Federaci\u00f3 Socialista d'Eivissa\"},\"image\":{\"@id\":\"https:\/\/www.psib-psoe.org\/eivissa\/#\/schema\/logo\/image\/\"}},{\"@type\":\"Person\",\"@id\":\"https:\/\/www.psib-psoe.org\/eivissa\/#\/schema\/person\/7a9d2841fb36f32e34fc0e9b245e8117\",\"name\":\"Josep Ripoll\",\"sameAs\":[\"http:\/\/www.psib-psoe.org\/eivissa\/wp-login.php\"],\"url\":\"https:\/\/www.psib-psoe.org\/eivissa\/author\/josep\/\"}]}<\/script>\n<!-- \/ Yoast SEO plugin. -->","yoast_head_json":{"title":"PSOE-Reinicia denuncia el caos de tr\u00e0nsit a Cala Salada i l'acumulaci\u00f3 de residus a les platges del municipi per la \"deixadesa\" de l'Ajuntament de Sant Antoni - Federaci\u00f3 Socialista d&#039;Eivissa","robots":{"index":"index","follow":"follow","max-snippet":"max-snippet:-1","max-image-preview":"max-image-preview:large","max-video-preview":"max-video-preview:-1"},"canonical":"https:\/\/www.psib-psoe.org\/eivissa\/psoe-reinicia-denuncia-el-caos-de-transit-a-cala-salada-i-lacumulacio-de-residus-a-les-platges-del-municipi-per-la-deixadesa-de-lajuntament-de-sant-antoni\/","og_locale":"ca_ES","og_type":"article","og_title":"PSOE-Reinicia denuncia el caos de tr\u00e0nsit a Cala Salada i l'acumulaci\u00f3 de residus a les platges del municipi per la \"deixadesa\" de l'Ajuntament de Sant Antoni - Federaci\u00f3 Socialista d&#039;Eivissa","og_description":"PSOE-Reinicia denuncia el caos de tr\u00e0nsit a Cala Salada i l&#8217;acumulaci\u00f3 de residus a les platges del municipi per la &#8220;deixadesa&#8221; de l&#8217;Ajuntament de Sant Antoni de Portmany, com ha dit el regidor progressista Antonio Lorenzo. &#8220;Ens trobam cada dia amb una situaci\u00f3 ca\u00f2tica als accessos de Cala Salada, sense que ni l&#8217;alcalde, Marcos Serra,&hellip;","og_url":"https:\/\/www.psib-psoe.org\/eivissa\/psoe-reinicia-denuncia-el-caos-de-transit-a-cala-salada-i-lacumulacio-de-residus-a-les-platges-del-municipi-per-la-deixadesa-de-lajuntament-de-sant-antoni\/","og_site_name":"Federaci\u00f3 Socialista d&#039;Eivissa","article_published_time":"2021-08-18T07:30:56+00:00","og_image":[{"width":3264,"height":2448,"url":"https:\/\/www.psib-psoe.org\/eivissa\/wp-content\/uploads\/IMG_8869.jpg","type":"image\/jpeg"}],"author":"Josep Ripoll","twitter_card":"summary_large_image","twitter_misc":{"Escrit per":"Josep Ripoll","Temps estimat de lectura":"2 minuts"},"schema":{"@context":"https:\/\/schema.org","@graph":[{"@type":["Article","BlogPosting"],"@id":"https:\/\/www.psib-psoe.org\/eivissa\/psoe-reinicia-denuncia-el-caos-de-transit-a-cala-salada-i-lacumulacio-de-residus-a-les-platges-del-municipi-per-la-deixadesa-de-lajuntament-de-sant-antoni\/#article","isPartOf":{"@id":"https:\/\/www.psib-psoe.org\/eivissa\/psoe-reinicia-denuncia-el-caos-de-transit-a-cala-salada-i-lacumulacio-de-residus-a-les-platges-del-municipi-per-la-deixadesa-de-lajuntament-de-sant-antoni\/"},"author":{"name":"Josep Ripoll","@id":"https:\/\/www.psib-psoe.org\/eivissa\/#\/schema\/person\/7a9d2841fb36f32e34fc0e9b245e8117"},"headline":"PSOE-Reinicia denuncia el caos de tr\u00e0nsit a Cala Salada i l&#8217;acumulaci\u00f3 de residus a les platges del municipi per la &#8220;deixadesa&#8221; de l&#8217;Ajuntament de Sant Antoni","datePublished":"2021-08-18T07:30:56+00:00","mainEntityOfPage":{"@id":"https:\/\/www.psib-psoe.org\/eivissa\/psoe-reinicia-denuncia-el-caos-de-transit-a-cala-salada-i-lacumulacio-de-residus-a-les-platges-del-municipi-per-la-deixadesa-de-lajuntament-de-sant-antoni\/"},"wordCount":357,"publisher":{"@id":"https:\/\/www.psib-psoe.org\/eivissa\/#organization"},"image":{"@id":"https:\/\/www.psib-psoe.org\/eivissa\/psoe-reinicia-denuncia-el-caos-de-transit-a-cala-salada-i-lacumulacio-de-residus-a-les-platges-del-municipi-per-la-deixadesa-de-lajuntament-de-sant-antoni\/#primaryimage"},"thumbnailUrl":"https:\/\/www.psib-psoe.org\/eivissa\/wp-content\/uploads\/IMG_8869.jpg","articleSection":["Federaci\u00f3 d'Eivissa - Portada","Municipis","Sant Antoni de Portmany"],"inLanguage":"ca"},{"@type":"WebPage","@id":"https:\/\/www.psib-psoe.org\/eivissa\/psoe-reinicia-denuncia-el-caos-de-transit-a-cala-salada-i-lacumulacio-de-residus-a-les-platges-del-municipi-per-la-deixadesa-de-lajuntament-de-sant-antoni\/","url":"https:\/\/www.psib-psoe.org\/eivissa\/psoe-reinicia-denuncia-el-caos-de-transit-a-cala-salada-i-lacumulacio-de-residus-a-les-platges-del-municipi-per-la-deixadesa-de-lajuntament-de-sant-antoni\/","name":"PSOE-Reinicia denuncia el caos de tr\u00e0nsit a Cala Salada i l'acumulaci\u00f3 de residus a les platges del municipi per la \"deixadesa\" de l'Ajuntament de Sant Antoni - Federaci\u00f3 Socialista d&#039;Eivissa","isPartOf":{"@id":"https:\/\/www.psib-psoe.org\/eivissa\/#website"},"primaryImageOfPage":{"@id":"https:\/\/www.psib-psoe.org\/eivissa\/psoe-reinicia-denuncia-el-caos-de-transit-a-cala-salada-i-lacumulacio-de-residus-a-les-platges-del-municipi-per-la-deixadesa-de-lajuntament-de-sant-antoni\/#primaryimage"},"image":{"@id":"https:\/\/www.psib-psoe.org\/eivissa\/psoe-reinicia-denuncia-el-caos-de-transit-a-cala-salada-i-lacumulacio-de-residus-a-les-platges-del-municipi-per-la-deixadesa-de-lajuntament-de-sant-antoni\/#primaryimage"},"thumbnailUrl":"https:\/\/www.psib-psoe.org\/eivissa\/wp-content\/uploads\/IMG_8869.jpg","datePublished":"2021-08-18T07:30:56+00:00","breadcrumb":{"@id":"https:\/\/www.psib-psoe.org\/eivissa\/psoe-reinicia-denuncia-el-caos-de-transit-a-cala-salada-i-lacumulacio-de-residus-a-les-platges-del-municipi-per-la-deixadesa-de-lajuntament-de-sant-antoni\/#breadcrumb"},"inLanguage":"ca","potentialAction":[{"@type":"ReadAction","target":["https:\/\/www.psib-psoe.org\/eivissa\/psoe-reinicia-denuncia-el-caos-de-transit-a-cala-salada-i-lacumulacio-de-residus-a-les-platges-del-municipi-per-la-deixadesa-de-lajuntament-de-sant-antoni\/"]}]},{"@type":"ImageObject","inLanguage":"ca","@id":"https:\/\/www.psib-psoe.org\/eivissa\/psoe-reinicia-denuncia-el-caos-de-transit-a-cala-salada-i-lacumulacio-de-residus-a-les-platges-del-municipi-per-la-deixadesa-de-lajuntament-de-sant-antoni\/#primaryimage","url":"https:\/\/www.psib-psoe.org\/eivissa\/wp-content\/uploads\/IMG_8869.jpg","contentUrl":"https:\/\/www.psib-psoe.org\/eivissa\/wp-content\/uploads\/IMG_8869.jpg","width":3264,"height":2448},{"@type":"BreadcrumbList","@id":"https:\/\/www.psib-psoe.org\/eivissa\/psoe-reinicia-denuncia-el-caos-de-transit-a-cala-salada-i-lacumulacio-de-residus-a-les-platges-del-municipi-per-la-deixadesa-de-lajuntament-de-sant-antoni\/#breadcrumb","itemListElement":[{"@type":"ListItem","position":1,"name":"Inici","item":"https:\/\/www.psib-psoe.org\/eivissa\/"},{"@type":"ListItem","position":2,"name":"PSOE-Reinicia denuncia el caos de tr\u00e0nsit a Cala Salada i l&#8217;acumulaci\u00f3 de residus a les platges del municipi per la &#8220;deixadesa&#8221; de l&#8217;Ajuntament de Sant Antoni"}]},{"@type":"WebSite","@id":"https:\/\/www.psib-psoe.org\/eivissa\/#website","url":"https:\/\/www.psib-psoe.org\/eivissa\/","name":"Federaci\u00f3 Socialista d'Eivissa","description":"Socialistes d&#039;Eivissa","publisher":{"@id":"https:\/\/www.psib-psoe.org\/eivissa\/#organization"},"potentialAction":[{"@type":"SearchAction","target":{"@type":"EntryPoint","urlTemplate":"https:\/\/www.psib-psoe.org\/eivissa\/?s={search_term_string}"},"query-input":{"@type":"PropertyValueSpecification","valueRequired":true,"valueName":"search_term_string"}}],"inLanguage":"ca"},{"@type":"Organization","@id":"https:\/\/www.psib-psoe.org\/eivissa\/#organization","name":"Federaci\u00f3 Socialista d'Eivissa","url":"https:\/\/www.psib-psoe.org\/eivissa\/","logo":{"@type":"ImageObject","inLanguage":"ca","@id":"https:\/\/www.psib-psoe.org\/eivissa\/#\/schema\/logo\/image\/","url":"https:\/\/www.psib-psoe.org\/eivissa\/wp-content\/uploads\/LOGO-FSE-SOCIALISTA-DEIVISSA-HORI.png","contentUrl":"https:\/\/www.psib-psoe.org\/eivissa\/wp-content\/uploads\/LOGO-FSE-SOCIALISTA-DEIVISSA-HORI.png","width":6000,"height":3104,"caption":"Federaci\u00f3 Socialista d'Eivissa"},"image":{"@id":"https:\/\/www.psib-psoe.org\/eivissa\/#\/schema\/logo\/image\/"}},{"@type":"Person","@id":"https:\/\/www.psib-psoe.org\/eivissa\/#\/schema\/person\/7a9d2841fb36f32e34fc0e9b245e8117","name":"Josep Ripoll","sameAs":["http:\/\/www.psib-psoe.org\/eivissa\/wp-login.php"],"url":"https:\/\/www.psib-psoe.org\/eivissa\/author\/josep\/"}]}},"_links":{"self":[{"href":"https:\/\/www.psib-psoe.org\/eivissa\/wp-json\/wp\/v2\/posts\/34006","targetHints":{"allow":["GET"]}}],"collection":[{"href":"https:\/\/www.psib-psoe.org\/eivissa\/wp-json\/wp\/v2\/posts"}],"about":[{"href":"https:\/\/www.psib-psoe.org\/eivissa\/wp-json\/wp\/v2\/types\/post"}],"author":[{"embeddable":true,"href":"https:\/\/www.psib-psoe.org\/eivissa\/wp-json\/wp\/v2\/users\/7"}],"replies":[{"embeddable":true,"href":"https:\/\/www.psib-psoe.org\/eivissa\/wp-json\/wp\/v2\/comments?post=34006"}],"version-history":[{"count":1,"href":"https:\/\/www.psib-psoe.org\/eivissa\/wp-json\/wp\/v2\/posts\/34006\/revisions"}],"predecessor-version":[{"id":34007,"href":"https:\/\/www.psib-psoe.org\/eivissa\/wp-json\/wp\/v2\/posts\/34006\/revisions\/34007"}],"wp:featuredmedia":[{"embeddable":true,"href":"https:\/\/www.psib-psoe.org\/eivissa\/wp-json\/wp\/v2\/media\/31078"}],"wp:attachment":[{"href":"https:\/\/www.psib-psoe.org\/eivissa\/wp-json\/wp\/v2\/media?parent=34006"}],"wp:term":[{"taxonomy":"category","embeddable":true,"href":"https:\/\/www.psib-psoe.org\/eivissa\/wp-json\/wp\/v2\/categories?post=34006"},{"taxonomy":"post_tag","embeddable":true,"href":"https:\/\/www.psib-psoe.org\/eivissa\/wp-json\/wp\/v2\/tags?post=34006"}],"curies":[{"name":"wp","href":"https:\/\/api.w.org\/{rel}","templated":true}]}}