{"id":34030,"date":"2021-08-19T11:12:32","date_gmt":"2021-08-19T09:12:32","guid":{"rendered":"https:\/\/www.psib-psoe.org\/eivissa\/?p=34030"},"modified":"2021-08-17T13:30:23","modified_gmt":"2021-08-17T11:30:23","slug":"el-grup-psoe-denuncia-el-nefast-servei-de-transport-public-deivissa-per-culpa-de-la-deixadesa-de-vicent-mari","status":"publish","type":"post","link":"https:\/\/www.psib-psoe.org\/eivissa\/el-grup-psoe-denuncia-el-nefast-servei-de-transport-public-deivissa-per-culpa-de-la-deixadesa-de-vicent-mari\/","title":{"rendered":"El grup PSOE denuncia el &#8220;nefast&#8221; servei de transport p\u00fablic d&#8217;Eivissa, per culpa de la &#8220;deixadesa&#8221; de Vicent Mar\u00ed"},"content":{"rendered":"<p>El grup PSOE denuncia el &#8220;nefast&#8221; servei de transport p\u00fablic d&#8217;Eivissa, per culpa de la &#8220;deixadesa&#8221; del Consell Insular de Vicent Mar\u00ed i del conseller responsable de l&#8217;\u00e0rea, Javier Torres. El conseller socialista V\u00edctor Torres ha criticat que &#8220;d&#8217;en\u00e7\u00e0 que governen PP i Cs, el sistema de transport va cada dia pitjor, amb multitud de problemes d&#8217;horaris, retalls de l\u00ednies i una molt deficient informaci\u00f3 als usuaris&#8221;. &#8220;Cada dia hi ha m\u00e9s cartells escrits a m\u00e0 a les parades per senyalitzar els autobusos&#8221;, explica Torres.<\/p>\n<p>El grup PSOE lamenta que &#8220;amb l&#8217;excusa de la pand\u00e8mia, el Consell Insular ha deixat que el transport p\u00fablic es degradi fins a una situaci\u00f3 l\u00edmit&#8221;, com tamb\u00e9 denuncien treballadors d&#8217;empreses concession\u00e0ries.<\/p>\n<p>El conseller socialista recorda que &#8220;acumulam m\u00e9s de dos anys de retard en les noves concessions&#8221;, ja que &#8220;el Consell Insular va aturar l&#8217;aprovaci\u00f3 del Pla de transport de la legislatura progressista, de manera totalment injustificada, per fer-ne un de nou&#8221;. V\u00edctor Torres recorda que &#8220;fa dos anys que anam denunciant el retard de les noves concessions, i mentre aquestes no arriben, el Consell Insular ha abandonat completament el transport p\u00fablic&#8221;.<\/p>\n<p>La situaci\u00f3 d&#8217;abandonament del transport p\u00fablic \u00e9s &#8220;una mostra m\u00e9s de la par\u00e0lisi de Vicent Mar\u00ed respecte als projectes de millora de la mobilitat que necessita la nostra illa&#8221;, ha criticat el conseller del PSOE, qui ha posat altres exemples: &#8220;Fa dos anys que tramiten el projecte de xarxa insular de carrils bici, per\u00f2 no hi ha manera que tiri endavant. Fa dos anys que prometen la regulaci\u00f3 d&#8217;entrada de vehicles a l&#8217;illa, i en tot aquest temps, tampoc han fet res.&#8221;<\/p>\n","protected":false},"excerpt":{"rendered":"<p>El grup PSOE denuncia el &#8220;nefast&#8221; servei de transport p\u00fablic d&#8217;Eivissa, per culpa de la &#8220;deixadesa&#8221; del Consell Insular de Vicent Mar\u00ed i del conseller responsable de l&#8217;\u00e0rea, Javier Torres. El conseller socialista V\u00edctor Torres ha criticat que &#8220;d&#8217;en\u00e7\u00e0 que governen PP i Cs, el sistema de transport va cada dia pitjor, amb multitud de&hellip;<\/p>\n","protected":false},"author":7,"featured_media":34031,"comment_status":"closed","ping_status":"closed","sticky":false,"template":"","format":"standard","meta":{"footnotes":""},"categories":[192,1],"tags":[],"class_list":["post-34030","post","type-post","status-publish","format-standard","has-post-thumbnail","hentry","category-consell-deivissa","category-federacio-de-eivissa-portada"],"yoast_head":"<!-- This site is optimized with the Yoast SEO plugin v26.9 - https:\/\/yoast.com\/product\/yoast-seo-wordpress\/ -->\n<title>El grup PSOE denuncia el &quot;nefast&quot; servei de transport p\u00fablic d&#039;Eivissa, per culpa de la &quot;deixadesa&quot; de Vicent Mar\u00ed - Federaci\u00f3 Socialista d&#039;Eivissa<\/title>\n<meta name=\"robots\" content=\"index, follow, max-snippet:-1, max-image-preview:large, max-video-preview:-1\" \/>\n<link rel=\"canonical\" href=\"https:\/\/www.psib-psoe.org\/eivissa\/el-grup-psoe-denuncia-el-nefast-servei-de-transport-public-deivissa-per-culpa-de-la-deixadesa-de-vicent-mari\/\" \/>\n<meta property=\"og:locale\" content=\"ca_ES\" \/>\n<meta property=\"og:type\" content=\"article\" \/>\n<meta property=\"og:title\" content=\"El grup PSOE denuncia el &quot;nefast&quot; servei de transport p\u00fablic d&#039;Eivissa, per culpa de la &quot;deixadesa&quot; de Vicent Mar\u00ed - Federaci\u00f3 Socialista d&#039;Eivissa\" \/>\n<meta property=\"og:description\" content=\"El grup PSOE denuncia el &#8220;nefast&#8221; servei de transport p\u00fablic d&#8217;Eivissa, per culpa de la &#8220;deixadesa&#8221; del Consell Insular de Vicent Mar\u00ed i del conseller responsable de l&#8217;\u00e0rea, Javier Torres. El conseller socialista V\u00edctor Torres ha criticat que &#8220;d&#8217;en\u00e7\u00e0 que governen PP i Cs, el sistema de transport va cada dia pitjor, amb multitud de&hellip;\" \/>\n<meta property=\"og:url\" content=\"https:\/\/www.psib-psoe.org\/eivissa\/el-grup-psoe-denuncia-el-nefast-servei-de-transport-public-deivissa-per-culpa-de-la-deixadesa-de-vicent-mari\/\" \/>\n<meta property=\"og:site_name\" content=\"Federaci\u00f3 Socialista d&#039;Eivissa\" \/>\n<meta property=\"article:published_time\" content=\"2021-08-19T09:12:32+00:00\" \/>\n<meta property=\"og:image\" content=\"https:\/\/www.psib-psoe.org\/eivissa\/wp-content\/uploads\/foto-parada-bus.png\" \/>\n\t<meta property=\"og:image:width\" content=\"525\" \/>\n\t<meta property=\"og:image:height\" content=\"348\" \/>\n\t<meta property=\"og:image:type\" content=\"image\/png\" \/>\n<meta name=\"author\" content=\"Josep Ripoll\" \/>\n<meta name=\"twitter:card\" content=\"summary_large_image\" \/>\n<meta name=\"twitter:label1\" content=\"Escrit per\" \/>\n\t<meta name=\"twitter:data1\" content=\"Josep Ripoll\" \/>\n\t<meta name=\"twitter:label2\" content=\"Temps estimat de lectura\" \/>\n\t<meta name=\"twitter:data2\" content=\"1 minut\" \/>\n<script type=\"application\/ld+json\" class=\"yoast-schema-graph\">{\"@context\":\"https:\/\/schema.org\",\"@graph\":[{\"@type\":[\"Article\",\"BlogPosting\"],\"@id\":\"https:\/\/www.psib-psoe.org\/eivissa\/el-grup-psoe-denuncia-el-nefast-servei-de-transport-public-deivissa-per-culpa-de-la-deixadesa-de-vicent-mari\/#article\",\"isPartOf\":{\"@id\":\"https:\/\/www.psib-psoe.org\/eivissa\/el-grup-psoe-denuncia-el-nefast-servei-de-transport-public-deivissa-per-culpa-de-la-deixadesa-de-vicent-mari\/\"},\"author\":{\"name\":\"Josep Ripoll\",\"@id\":\"https:\/\/www.psib-psoe.org\/eivissa\/#\/schema\/person\/7a9d2841fb36f32e34fc0e9b245e8117\"},\"headline\":\"El grup PSOE denuncia el &#8220;nefast&#8221; servei de transport p\u00fablic d&#8217;Eivissa, per culpa de la &#8220;deixadesa&#8221; de Vicent Mar\u00ed\",\"datePublished\":\"2021-08-19T09:12:32+00:00\",\"mainEntityOfPage\":{\"@id\":\"https:\/\/www.psib-psoe.org\/eivissa\/el-grup-psoe-denuncia-el-nefast-servei-de-transport-public-deivissa-per-culpa-de-la-deixadesa-de-vicent-mari\/\"},\"wordCount\":305,\"publisher\":{\"@id\":\"https:\/\/www.psib-psoe.org\/eivissa\/#organization\"},\"image\":{\"@id\":\"https:\/\/www.psib-psoe.org\/eivissa\/el-grup-psoe-denuncia-el-nefast-servei-de-transport-public-deivissa-per-culpa-de-la-deixadesa-de-vicent-mari\/#primaryimage\"},\"thumbnailUrl\":\"https:\/\/www.psib-psoe.org\/eivissa\/wp-content\/uploads\/foto-parada-bus.png\",\"articleSection\":[\"Consell d'Eivissa\",\"Federaci\u00f3 d'Eivissa - Portada\"],\"inLanguage\":\"ca\"},{\"@type\":\"WebPage\",\"@id\":\"https:\/\/www.psib-psoe.org\/eivissa\/el-grup-psoe-denuncia-el-nefast-servei-de-transport-public-deivissa-per-culpa-de-la-deixadesa-de-vicent-mari\/\",\"url\":\"https:\/\/www.psib-psoe.org\/eivissa\/el-grup-psoe-denuncia-el-nefast-servei-de-transport-public-deivissa-per-culpa-de-la-deixadesa-de-vicent-mari\/\",\"name\":\"El grup PSOE denuncia el \\\"nefast\\\" servei de transport p\u00fablic d'Eivissa, per culpa de la \\\"deixadesa\\\" de Vicent Mar\u00ed - Federaci\u00f3 Socialista d&#039;Eivissa\",\"isPartOf\":{\"@id\":\"https:\/\/www.psib-psoe.org\/eivissa\/#website\"},\"primaryImageOfPage\":{\"@id\":\"https:\/\/www.psib-psoe.org\/eivissa\/el-grup-psoe-denuncia-el-nefast-servei-de-transport-public-deivissa-per-culpa-de-la-deixadesa-de-vicent-mari\/#primaryimage\"},\"image\":{\"@id\":\"https:\/\/www.psib-psoe.org\/eivissa\/el-grup-psoe-denuncia-el-nefast-servei-de-transport-public-deivissa-per-culpa-de-la-deixadesa-de-vicent-mari\/#primaryimage\"},\"thumbnailUrl\":\"https:\/\/www.psib-psoe.org\/eivissa\/wp-content\/uploads\/foto-parada-bus.png\",\"datePublished\":\"2021-08-19T09:12:32+00:00\",\"breadcrumb\":{\"@id\":\"https:\/\/www.psib-psoe.org\/eivissa\/el-grup-psoe-denuncia-el-nefast-servei-de-transport-public-deivissa-per-culpa-de-la-deixadesa-de-vicent-mari\/#breadcrumb\"},\"inLanguage\":\"ca\",\"potentialAction\":[{\"@type\":\"ReadAction\",\"target\":[\"https:\/\/www.psib-psoe.org\/eivissa\/el-grup-psoe-denuncia-el-nefast-servei-de-transport-public-deivissa-per-culpa-de-la-deixadesa-de-vicent-mari\/\"]}]},{\"@type\":\"ImageObject\",\"inLanguage\":\"ca\",\"@id\":\"https:\/\/www.psib-psoe.org\/eivissa\/el-grup-psoe-denuncia-el-nefast-servei-de-transport-public-deivissa-per-culpa-de-la-deixadesa-de-vicent-mari\/#primaryimage\",\"url\":\"https:\/\/www.psib-psoe.org\/eivissa\/wp-content\/uploads\/foto-parada-bus.png\",\"contentUrl\":\"https:\/\/www.psib-psoe.org\/eivissa\/wp-content\/uploads\/foto-parada-bus.png\",\"width\":525,\"height\":348},{\"@type\":\"BreadcrumbList\",\"@id\":\"https:\/\/www.psib-psoe.org\/eivissa\/el-grup-psoe-denuncia-el-nefast-servei-de-transport-public-deivissa-per-culpa-de-la-deixadesa-de-vicent-mari\/#breadcrumb\",\"itemListElement\":[{\"@type\":\"ListItem\",\"position\":1,\"name\":\"Inici\",\"item\":\"https:\/\/www.psib-psoe.org\/eivissa\/\"},{\"@type\":\"ListItem\",\"position\":2,\"name\":\"El grup PSOE denuncia el &#8220;nefast&#8221; servei de transport p\u00fablic d&#8217;Eivissa, per culpa de la &#8220;deixadesa&#8221; de Vicent Mar\u00ed\"}]},{\"@type\":\"WebSite\",\"@id\":\"https:\/\/www.psib-psoe.org\/eivissa\/#website\",\"url\":\"https:\/\/www.psib-psoe.org\/eivissa\/\",\"name\":\"Federaci\u00f3 Socialista d'Eivissa\",\"description\":\"Socialistes d&#039;Eivissa\",\"publisher\":{\"@id\":\"https:\/\/www.psib-psoe.org\/eivissa\/#organization\"},\"potentialAction\":[{\"@type\":\"SearchAction\",\"target\":{\"@type\":\"EntryPoint\",\"urlTemplate\":\"https:\/\/www.psib-psoe.org\/eivissa\/?s={search_term_string}\"},\"query-input\":{\"@type\":\"PropertyValueSpecification\",\"valueRequired\":true,\"valueName\":\"search_term_string\"}}],\"inLanguage\":\"ca\"},{\"@type\":\"Organization\",\"@id\":\"https:\/\/www.psib-psoe.org\/eivissa\/#organization\",\"name\":\"Federaci\u00f3 Socialista d'Eivissa\",\"url\":\"https:\/\/www.psib-psoe.org\/eivissa\/\",\"logo\":{\"@type\":\"ImageObject\",\"inLanguage\":\"ca\",\"@id\":\"https:\/\/www.psib-psoe.org\/eivissa\/#\/schema\/logo\/image\/\",\"url\":\"https:\/\/www.psib-psoe.org\/eivissa\/wp-content\/uploads\/LOGO-FSE-SOCIALISTA-DEIVISSA-HORI.png\",\"contentUrl\":\"https:\/\/www.psib-psoe.org\/eivissa\/wp-content\/uploads\/LOGO-FSE-SOCIALISTA-DEIVISSA-HORI.png\",\"width\":6000,\"height\":3104,\"caption\":\"Federaci\u00f3 Socialista d'Eivissa\"},\"image\":{\"@id\":\"https:\/\/www.psib-psoe.org\/eivissa\/#\/schema\/logo\/image\/\"}},{\"@type\":\"Person\",\"@id\":\"https:\/\/www.psib-psoe.org\/eivissa\/#\/schema\/person\/7a9d2841fb36f32e34fc0e9b245e8117\",\"name\":\"Josep Ripoll\",\"sameAs\":[\"http:\/\/www.psib-psoe.org\/eivissa\/wp-login.php\"],\"url\":\"https:\/\/www.psib-psoe.org\/eivissa\/author\/josep\/\"}]}<\/script>\n<!-- \/ Yoast SEO plugin. -->","yoast_head_json":{"title":"El grup PSOE denuncia el \"nefast\" servei de transport p\u00fablic d'Eivissa, per culpa de la \"deixadesa\" de Vicent Mar\u00ed - Federaci\u00f3 Socialista d&#039;Eivissa","robots":{"index":"index","follow":"follow","max-snippet":"max-snippet:-1","max-image-preview":"max-image-preview:large","max-video-preview":"max-video-preview:-1"},"canonical":"https:\/\/www.psib-psoe.org\/eivissa\/el-grup-psoe-denuncia-el-nefast-servei-de-transport-public-deivissa-per-culpa-de-la-deixadesa-de-vicent-mari\/","og_locale":"ca_ES","og_type":"article","og_title":"El grup PSOE denuncia el \"nefast\" servei de transport p\u00fablic d'Eivissa, per culpa de la \"deixadesa\" de Vicent Mar\u00ed - Federaci\u00f3 Socialista d&#039;Eivissa","og_description":"El grup PSOE denuncia el &#8220;nefast&#8221; servei de transport p\u00fablic d&#8217;Eivissa, per culpa de la &#8220;deixadesa&#8221; del Consell Insular de Vicent Mar\u00ed i del conseller responsable de l&#8217;\u00e0rea, Javier Torres. El conseller socialista V\u00edctor Torres ha criticat que &#8220;d&#8217;en\u00e7\u00e0 que governen PP i Cs, el sistema de transport va cada dia pitjor, amb multitud de&hellip;","og_url":"https:\/\/www.psib-psoe.org\/eivissa\/el-grup-psoe-denuncia-el-nefast-servei-de-transport-public-deivissa-per-culpa-de-la-deixadesa-de-vicent-mari\/","og_site_name":"Federaci\u00f3 Socialista d&#039;Eivissa","article_published_time":"2021-08-19T09:12:32+00:00","og_image":[{"width":525,"height":348,"url":"https:\/\/www.psib-psoe.org\/eivissa\/wp-content\/uploads\/foto-parada-bus.png","type":"image\/png"}],"author":"Josep Ripoll","twitter_card":"summary_large_image","twitter_misc":{"Escrit per":"Josep Ripoll","Temps estimat de lectura":"1 minut"},"schema":{"@context":"https:\/\/schema.org","@graph":[{"@type":["Article","BlogPosting"],"@id":"https:\/\/www.psib-psoe.org\/eivissa\/el-grup-psoe-denuncia-el-nefast-servei-de-transport-public-deivissa-per-culpa-de-la-deixadesa-de-vicent-mari\/#article","isPartOf":{"@id":"https:\/\/www.psib-psoe.org\/eivissa\/el-grup-psoe-denuncia-el-nefast-servei-de-transport-public-deivissa-per-culpa-de-la-deixadesa-de-vicent-mari\/"},"author":{"name":"Josep Ripoll","@id":"https:\/\/www.psib-psoe.org\/eivissa\/#\/schema\/person\/7a9d2841fb36f32e34fc0e9b245e8117"},"headline":"El grup PSOE denuncia el &#8220;nefast&#8221; servei de transport p\u00fablic d&#8217;Eivissa, per culpa de la &#8220;deixadesa&#8221; de Vicent Mar\u00ed","datePublished":"2021-08-19T09:12:32+00:00","mainEntityOfPage":{"@id":"https:\/\/www.psib-psoe.org\/eivissa\/el-grup-psoe-denuncia-el-nefast-servei-de-transport-public-deivissa-per-culpa-de-la-deixadesa-de-vicent-mari\/"},"wordCount":305,"publisher":{"@id":"https:\/\/www.psib-psoe.org\/eivissa\/#organization"},"image":{"@id":"https:\/\/www.psib-psoe.org\/eivissa\/el-grup-psoe-denuncia-el-nefast-servei-de-transport-public-deivissa-per-culpa-de-la-deixadesa-de-vicent-mari\/#primaryimage"},"thumbnailUrl":"https:\/\/www.psib-psoe.org\/eivissa\/wp-content\/uploads\/foto-parada-bus.png","articleSection":["Consell d'Eivissa","Federaci\u00f3 d'Eivissa - Portada"],"inLanguage":"ca"},{"@type":"WebPage","@id":"https:\/\/www.psib-psoe.org\/eivissa\/el-grup-psoe-denuncia-el-nefast-servei-de-transport-public-deivissa-per-culpa-de-la-deixadesa-de-vicent-mari\/","url":"https:\/\/www.psib-psoe.org\/eivissa\/el-grup-psoe-denuncia-el-nefast-servei-de-transport-public-deivissa-per-culpa-de-la-deixadesa-de-vicent-mari\/","name":"El grup PSOE denuncia el \"nefast\" servei de transport p\u00fablic d'Eivissa, per culpa de la \"deixadesa\" de Vicent Mar\u00ed - Federaci\u00f3 Socialista d&#039;Eivissa","isPartOf":{"@id":"https:\/\/www.psib-psoe.org\/eivissa\/#website"},"primaryImageOfPage":{"@id":"https:\/\/www.psib-psoe.org\/eivissa\/el-grup-psoe-denuncia-el-nefast-servei-de-transport-public-deivissa-per-culpa-de-la-deixadesa-de-vicent-mari\/#primaryimage"},"image":{"@id":"https:\/\/www.psib-psoe.org\/eivissa\/el-grup-psoe-denuncia-el-nefast-servei-de-transport-public-deivissa-per-culpa-de-la-deixadesa-de-vicent-mari\/#primaryimage"},"thumbnailUrl":"https:\/\/www.psib-psoe.org\/eivissa\/wp-content\/uploads\/foto-parada-bus.png","datePublished":"2021-08-19T09:12:32+00:00","breadcrumb":{"@id":"https:\/\/www.psib-psoe.org\/eivissa\/el-grup-psoe-denuncia-el-nefast-servei-de-transport-public-deivissa-per-culpa-de-la-deixadesa-de-vicent-mari\/#breadcrumb"},"inLanguage":"ca","potentialAction":[{"@type":"ReadAction","target":["https:\/\/www.psib-psoe.org\/eivissa\/el-grup-psoe-denuncia-el-nefast-servei-de-transport-public-deivissa-per-culpa-de-la-deixadesa-de-vicent-mari\/"]}]},{"@type":"ImageObject","inLanguage":"ca","@id":"https:\/\/www.psib-psoe.org\/eivissa\/el-grup-psoe-denuncia-el-nefast-servei-de-transport-public-deivissa-per-culpa-de-la-deixadesa-de-vicent-mari\/#primaryimage","url":"https:\/\/www.psib-psoe.org\/eivissa\/wp-content\/uploads\/foto-parada-bus.png","contentUrl":"https:\/\/www.psib-psoe.org\/eivissa\/wp-content\/uploads\/foto-parada-bus.png","width":525,"height":348},{"@type":"BreadcrumbList","@id":"https:\/\/www.psib-psoe.org\/eivissa\/el-grup-psoe-denuncia-el-nefast-servei-de-transport-public-deivissa-per-culpa-de-la-deixadesa-de-vicent-mari\/#breadcrumb","itemListElement":[{"@type":"ListItem","position":1,"name":"Inici","item":"https:\/\/www.psib-psoe.org\/eivissa\/"},{"@type":"ListItem","position":2,"name":"El grup PSOE denuncia el &#8220;nefast&#8221; servei de transport p\u00fablic d&#8217;Eivissa, per culpa de la &#8220;deixadesa&#8221; de Vicent Mar\u00ed"}]},{"@type":"WebSite","@id":"https:\/\/www.psib-psoe.org\/eivissa\/#website","url":"https:\/\/www.psib-psoe.org\/eivissa\/","name":"Federaci\u00f3 Socialista d'Eivissa","description":"Socialistes d&#039;Eivissa","publisher":{"@id":"https:\/\/www.psib-psoe.org\/eivissa\/#organization"},"potentialAction":[{"@type":"SearchAction","target":{"@type":"EntryPoint","urlTemplate":"https:\/\/www.psib-psoe.org\/eivissa\/?s={search_term_string}"},"query-input":{"@type":"PropertyValueSpecification","valueRequired":true,"valueName":"search_term_string"}}],"inLanguage":"ca"},{"@type":"Organization","@id":"https:\/\/www.psib-psoe.org\/eivissa\/#organization","name":"Federaci\u00f3 Socialista d'Eivissa","url":"https:\/\/www.psib-psoe.org\/eivissa\/","logo":{"@type":"ImageObject","inLanguage":"ca","@id":"https:\/\/www.psib-psoe.org\/eivissa\/#\/schema\/logo\/image\/","url":"https:\/\/www.psib-psoe.org\/eivissa\/wp-content\/uploads\/LOGO-FSE-SOCIALISTA-DEIVISSA-HORI.png","contentUrl":"https:\/\/www.psib-psoe.org\/eivissa\/wp-content\/uploads\/LOGO-FSE-SOCIALISTA-DEIVISSA-HORI.png","width":6000,"height":3104,"caption":"Federaci\u00f3 Socialista d'Eivissa"},"image":{"@id":"https:\/\/www.psib-psoe.org\/eivissa\/#\/schema\/logo\/image\/"}},{"@type":"Person","@id":"https:\/\/www.psib-psoe.org\/eivissa\/#\/schema\/person\/7a9d2841fb36f32e34fc0e9b245e8117","name":"Josep Ripoll","sameAs":["http:\/\/www.psib-psoe.org\/eivissa\/wp-login.php"],"url":"https:\/\/www.psib-psoe.org\/eivissa\/author\/josep\/"}]}},"_links":{"self":[{"href":"https:\/\/www.psib-psoe.org\/eivissa\/wp-json\/wp\/v2\/posts\/34030","targetHints":{"allow":["GET"]}}],"collection":[{"href":"https:\/\/www.psib-psoe.org\/eivissa\/wp-json\/wp\/v2\/posts"}],"about":[{"href":"https:\/\/www.psib-psoe.org\/eivissa\/wp-json\/wp\/v2\/types\/post"}],"author":[{"embeddable":true,"href":"https:\/\/www.psib-psoe.org\/eivissa\/wp-json\/wp\/v2\/users\/7"}],"replies":[{"embeddable":true,"href":"https:\/\/www.psib-psoe.org\/eivissa\/wp-json\/wp\/v2\/comments?post=34030"}],"version-history":[{"count":2,"href":"https:\/\/www.psib-psoe.org\/eivissa\/wp-json\/wp\/v2\/posts\/34030\/revisions"}],"predecessor-version":[{"id":34036,"href":"https:\/\/www.psib-psoe.org\/eivissa\/wp-json\/wp\/v2\/posts\/34030\/revisions\/34036"}],"wp:featuredmedia":[{"embeddable":true,"href":"https:\/\/www.psib-psoe.org\/eivissa\/wp-json\/wp\/v2\/media\/34031"}],"wp:attachment":[{"href":"https:\/\/www.psib-psoe.org\/eivissa\/wp-json\/wp\/v2\/media?parent=34030"}],"wp:term":[{"taxonomy":"category","embeddable":true,"href":"https:\/\/www.psib-psoe.org\/eivissa\/wp-json\/wp\/v2\/categories?post=34030"},{"taxonomy":"post_tag","embeddable":true,"href":"https:\/\/www.psib-psoe.org\/eivissa\/wp-json\/wp\/v2\/tags?post=34030"}],"curies":[{"name":"wp","href":"https:\/\/api.w.org\/{rel}","templated":true}]}}