{"id":34166,"date":"2021-09-17T10:25:57","date_gmt":"2021-09-17T08:25:57","guid":{"rendered":"https:\/\/www.psib-psoe.org\/eivissa\/?p=34166"},"modified":"2021-09-06T13:36:33","modified_gmt":"2021-09-06T11:36:33","slug":"la-fse-reune-cargos-instituciones-y-las-ejecutivas-de-las-agrupaciones-a-para-iniciar-el-nuevo-curso-politico","status":"publish","type":"post","link":"https:\/\/www.psib-psoe.org\/eivissa\/la-fse-reune-cargos-instituciones-y-las-ejecutivas-de-las-agrupaciones-a-para-iniciar-el-nuevo-curso-politico\/","title":{"rendered":"La FSE re\u00fane cargos instituciones y las ejecutivas de las agrupaciones a para iniciar el nuevo curso pol\u00edtico"},"content":{"rendered":"<p><strong>La Federaci\u00f3n Socialista de Eivissa, en un acto al que asisti\u00f3 la secretar\u00eda general del PSIB-PSOE y presidenta del Gobierno de las Islas Baleares, Francina Armengol, ha iniciado el nuevo curso pol\u00edtico con el primer encuentro de cargos institucionales y ejecutivas de las agrupaciones de la FSE.<\/strong><\/p>\n<p>El Secretario General de la Agrupaci\u00f3n Socialista de la ciudad de Eivissa y alcalde de Eivissa, Rafa Ruiz, dio la bienvenida al acto y lanz\u00f3 un mensaje del proyecto en com\u00fan que tiene el Partido Socialista, &#8216;recordamos que tenemos un proyecto en com\u00fan. Que si no estamos naltros, hay mucha gente que no tiene voz, a quien no la representa nadie. Que somos los que no defendemos los intereses de nadie porque defendemos los intereses de todos. Que somos los que salimos de las crisis con ayudas a los aut\u00f3nomos, a los estudiantes, los que impulsamos pol\u00edticas de empleo, los que construimos viviendas p\u00fablicas, ponemos medios para mejorar la sanidad y la educaci\u00f3n, los que fortalecemos la red de recursos para las personas con m\u00e1s dificultades &#8216;.<\/p>\n<p>Ruiz tambi\u00e9n dio &#8216;palabras de \u00e1nimo, de empuje, para recordar que estamos justo en el ecuador de la legislatura y que queda mucho trabajo por hacer para acabar de superar esta dif\u00edcil situaci\u00f3n que hemos tenido que enfrentar&#8217;.<\/p>\n<p>Durante las intervenciones, el secretario general de la FSE-PSOE, Josep Mar\u00ed Ribas, destac\u00f3 que &#8216;los socialistas tenemos un compromiso social y este es nuestro sentido como partido. Debemos continuar siguiendo afrontando esta crisis desde el di\u00e1logo constante con sindicatos y sector empresarial, as\u00ed como lo estamos haciendo, y de manera abierta, participativa y centrados en la ciudadan\u00eda para que nadie quede atr\u00e1s&#8217;.<\/p>\n<p>Por su parte, la secretar\u00eda general del PSIB-PSOE y presidenta del Gobierno de las Islas Baleares, Francina Armengol, tuvo palabras de reconocimiento hacia el trabajo realizado por el PSOE en Baleares, ha sido un a\u00f1o muy complicado y todo lo nuestro entorno ha sufrido. Quer\u00eda Ver y darles las gracias y deciros que estoy muy orgullosa de nuestro partido y de todos vosotros. En este tiempo, hemos tomado decisiones muy duras pero hemos conseguido que la ciudadan\u00eda sufra menos esta crisis afrontando la pandemia en dos claves fundamentales: proteger a las personas y mantener viv\u00eda la econom\u00eda de Baleares &#8216;.<\/p>\n<p>&#8216;Las medidas econ\u00f3micas y el trabajo realizado desde nuestro partido ha marcado la diferencia en la gesti\u00f3n de esta pandemia, se han puesto en marcha los ERTE apoyando la ciudadan\u00eda en probablemente el momento m\u00e1s dif\u00edcil de los \u00faltimos a\u00f1os, contamos con los fondos europeos que dar\u00e1n soporte a diferentes proyectos en las islas y hemos invertido en sanidad contratante casi 4.000 profesionales para la sanidad p\u00fablica. En definitiva, la administraci\u00f3n, gracias a los progresistas, se ha puesto al servicio de la ciudadan\u00eda &#8216;.<\/p>\n<p>La secretar\u00eda general del PSIB-PSOE, Francina Armengol, ha dicho tambi\u00e9n hemos protegido y seguimos invirtiendo en plantear un presente y un futuro para la ciudadan\u00eda de las islas Baleares, atendiendo a los temas que importan, lo primero de todo protegiendo la salud de la ciudadan\u00eda, continuando con las pol\u00edticas contra las violencias machistas, atendiendo a la gente mayor, que lo han pasado muy mal durante estos a\u00f1os, formulando propuestas a los j\u00f3venes para proporcionar un futuro mejor invirtiendo en educaciones para que tengan mejores oportunidades para tener una mejor vida &#8216;.<\/p>\n<p>Francina Armengol ha destacado tambi\u00e9n el trabajo de los ayuntamientos socialistas y de los grupos de la oposici\u00f3n donde no gobiernan. &#8216;No pensamos en nosotros, pensamos como el partido puede ser un instrumento \u00fatil para la ciudadan\u00eda&#8217;.<\/p>\n<p>El PSIB-PSOE celebrar\u00e1 pr\u00f3ximamente su 14 congreso donde se aprobar\u00e1 la ponencia marco, un documenta que marcar\u00e1 la hoja de ruta de las pol\u00edticas del partido en las Islas Baleares.<\/p>\n","protected":false},"excerpt":{"rendered":"<p>La Federaci\u00f3n Socialista de Eivissa, en un acto al que asisti\u00f3 la secretar\u00eda general del PSIB-PSOE y presidenta del Gobierno de las Islas Baleares, Francina Armengol, ha iniciado el nuevo curso pol\u00edtico con el primer encuentro de cargos institucionales y ejecutivas de las agrupaciones de la FSE. El Secretario General de la Agrupaci\u00f3n Socialista de&hellip;<\/p>\n","protected":false},"author":12,"featured_media":34164,"comment_status":"closed","ping_status":"closed","sticky":false,"template":"","format":"standard","meta":{"footnotes":""},"categories":[212],"tags":[],"class_list":["post-34166","post","type-post","status-publish","format-standard","has-post-thumbnail","hentry","category-fse-psoe"],"yoast_head":"<!-- This site is optimized with the Yoast SEO plugin v26.9 - https:\/\/yoast.com\/product\/yoast-seo-wordpress\/ -->\n<title>La FSE re\u00fane cargos instituciones y las ejecutivas de las agrupaciones a para iniciar el nuevo curso pol\u00edtico - Federaci\u00f3 Socialista d&#039;Eivissa<\/title>\n<meta name=\"robots\" content=\"index, follow, max-snippet:-1, max-image-preview:large, max-video-preview:-1\" \/>\n<link rel=\"canonical\" href=\"https:\/\/www.psib-psoe.org\/eivissa\/la-fse-reune-cargos-instituciones-y-las-ejecutivas-de-las-agrupaciones-a-para-iniciar-el-nuevo-curso-politico\/\" \/>\n<meta property=\"og:locale\" content=\"ca_ES\" \/>\n<meta property=\"og:type\" content=\"article\" \/>\n<meta property=\"og:title\" content=\"La FSE re\u00fane cargos instituciones y las ejecutivas de las agrupaciones a para iniciar el nuevo curso pol\u00edtico - Federaci\u00f3 Socialista d&#039;Eivissa\" \/>\n<meta property=\"og:description\" content=\"La Federaci\u00f3n Socialista de Eivissa, en un acto al que asisti\u00f3 la secretar\u00eda general del PSIB-PSOE y presidenta del Gobierno de las Islas Baleares, Francina Armengol, ha iniciado el nuevo curso pol\u00edtico con el primer encuentro de cargos institucionales y ejecutivas de las agrupaciones de la FSE. El Secretario General de la Agrupaci\u00f3n Socialista de&hellip;\" \/>\n<meta property=\"og:url\" content=\"https:\/\/www.psib-psoe.org\/eivissa\/la-fse-reune-cargos-instituciones-y-las-ejecutivas-de-las-agrupaciones-a-para-iniciar-el-nuevo-curso-politico\/\" \/>\n<meta property=\"og:site_name\" content=\"Federaci\u00f3 Socialista d&#039;Eivissa\" \/>\n<meta property=\"article:published_time\" content=\"2021-09-17T08:25:57+00:00\" \/>\n<meta property=\"og:image\" content=\"https:\/\/www.psib-psoe.org\/eivissa\/wp-content\/uploads\/WhatsApp-Image-2021-08-31-at-11.43.52.jpeg\" \/>\n\t<meta property=\"og:image:width\" content=\"2048\" \/>\n\t<meta property=\"og:image:height\" content=\"1364\" \/>\n\t<meta property=\"og:image:type\" content=\"image\/jpeg\" \/>\n<meta name=\"author\" content=\"Azahara\" \/>\n<meta name=\"twitter:card\" content=\"summary_large_image\" \/>\n<meta name=\"twitter:label1\" content=\"Escrit per\" \/>\n\t<meta name=\"twitter:data1\" content=\"Azahara\" \/>\n\t<meta name=\"twitter:label2\" content=\"Temps estimat de lectura\" \/>\n\t<meta name=\"twitter:data2\" content=\"3 minuts\" \/>\n<script type=\"application\/ld+json\" class=\"yoast-schema-graph\">{\"@context\":\"https:\/\/schema.org\",\"@graph\":[{\"@type\":[\"Article\",\"BlogPosting\"],\"@id\":\"https:\/\/www.psib-psoe.org\/eivissa\/la-fse-reune-cargos-instituciones-y-las-ejecutivas-de-las-agrupaciones-a-para-iniciar-el-nuevo-curso-politico\/#article\",\"isPartOf\":{\"@id\":\"https:\/\/www.psib-psoe.org\/eivissa\/la-fse-reune-cargos-instituciones-y-las-ejecutivas-de-las-agrupaciones-a-para-iniciar-el-nuevo-curso-politico\/\"},\"author\":{\"name\":\"Azahara\",\"@id\":\"https:\/\/www.psib-psoe.org\/eivissa\/#\/schema\/person\/68066b276b53995e2bd8dac00f0bc415\"},\"headline\":\"La FSE re\u00fane cargos instituciones y las ejecutivas de las agrupaciones a para iniciar el nuevo curso pol\u00edtico\",\"datePublished\":\"2021-09-17T08:25:57+00:00\",\"mainEntityOfPage\":{\"@id\":\"https:\/\/www.psib-psoe.org\/eivissa\/la-fse-reune-cargos-instituciones-y-las-ejecutivas-de-las-agrupaciones-a-para-iniciar-el-nuevo-curso-politico\/\"},\"wordCount\":679,\"publisher\":{\"@id\":\"https:\/\/www.psib-psoe.org\/eivissa\/#organization\"},\"image\":{\"@id\":\"https:\/\/www.psib-psoe.org\/eivissa\/la-fse-reune-cargos-instituciones-y-las-ejecutivas-de-las-agrupaciones-a-para-iniciar-el-nuevo-curso-politico\/#primaryimage\"},\"thumbnailUrl\":\"https:\/\/www.psib-psoe.org\/eivissa\/wp-content\/uploads\/WhatsApp-Image-2021-08-31-at-11.43.52.jpeg\",\"articleSection\":[\"FSE-PSOE\"],\"inLanguage\":\"ca\"},{\"@type\":\"WebPage\",\"@id\":\"https:\/\/www.psib-psoe.org\/eivissa\/la-fse-reune-cargos-instituciones-y-las-ejecutivas-de-las-agrupaciones-a-para-iniciar-el-nuevo-curso-politico\/\",\"url\":\"https:\/\/www.psib-psoe.org\/eivissa\/la-fse-reune-cargos-instituciones-y-las-ejecutivas-de-las-agrupaciones-a-para-iniciar-el-nuevo-curso-politico\/\",\"name\":\"La FSE re\u00fane cargos instituciones y las ejecutivas de las agrupaciones a para iniciar el nuevo curso pol\u00edtico - Federaci\u00f3 Socialista d&#039;Eivissa\",\"isPartOf\":{\"@id\":\"https:\/\/www.psib-psoe.org\/eivissa\/#website\"},\"primaryImageOfPage\":{\"@id\":\"https:\/\/www.psib-psoe.org\/eivissa\/la-fse-reune-cargos-instituciones-y-las-ejecutivas-de-las-agrupaciones-a-para-iniciar-el-nuevo-curso-politico\/#primaryimage\"},\"image\":{\"@id\":\"https:\/\/www.psib-psoe.org\/eivissa\/la-fse-reune-cargos-instituciones-y-las-ejecutivas-de-las-agrupaciones-a-para-iniciar-el-nuevo-curso-politico\/#primaryimage\"},\"thumbnailUrl\":\"https:\/\/www.psib-psoe.org\/eivissa\/wp-content\/uploads\/WhatsApp-Image-2021-08-31-at-11.43.52.jpeg\",\"datePublished\":\"2021-09-17T08:25:57+00:00\",\"breadcrumb\":{\"@id\":\"https:\/\/www.psib-psoe.org\/eivissa\/la-fse-reune-cargos-instituciones-y-las-ejecutivas-de-las-agrupaciones-a-para-iniciar-el-nuevo-curso-politico\/#breadcrumb\"},\"inLanguage\":\"ca\",\"potentialAction\":[{\"@type\":\"ReadAction\",\"target\":[\"https:\/\/www.psib-psoe.org\/eivissa\/la-fse-reune-cargos-instituciones-y-las-ejecutivas-de-las-agrupaciones-a-para-iniciar-el-nuevo-curso-politico\/\"]}]},{\"@type\":\"ImageObject\",\"inLanguage\":\"ca\",\"@id\":\"https:\/\/www.psib-psoe.org\/eivissa\/la-fse-reune-cargos-instituciones-y-las-ejecutivas-de-las-agrupaciones-a-para-iniciar-el-nuevo-curso-politico\/#primaryimage\",\"url\":\"https:\/\/www.psib-psoe.org\/eivissa\/wp-content\/uploads\/WhatsApp-Image-2021-08-31-at-11.43.52.jpeg\",\"contentUrl\":\"https:\/\/www.psib-psoe.org\/eivissa\/wp-content\/uploads\/WhatsApp-Image-2021-08-31-at-11.43.52.jpeg\",\"width\":2048,\"height\":1364},{\"@type\":\"BreadcrumbList\",\"@id\":\"https:\/\/www.psib-psoe.org\/eivissa\/la-fse-reune-cargos-instituciones-y-las-ejecutivas-de-las-agrupaciones-a-para-iniciar-el-nuevo-curso-politico\/#breadcrumb\",\"itemListElement\":[{\"@type\":\"ListItem\",\"position\":1,\"name\":\"Inici\",\"item\":\"https:\/\/www.psib-psoe.org\/eivissa\/\"},{\"@type\":\"ListItem\",\"position\":2,\"name\":\"La FSE re\u00fane cargos instituciones y las ejecutivas de las agrupaciones a para iniciar el nuevo curso pol\u00edtico\"}]},{\"@type\":\"WebSite\",\"@id\":\"https:\/\/www.psib-psoe.org\/eivissa\/#website\",\"url\":\"https:\/\/www.psib-psoe.org\/eivissa\/\",\"name\":\"Federaci\u00f3 Socialista d'Eivissa\",\"description\":\"Socialistes d&#039;Eivissa\",\"publisher\":{\"@id\":\"https:\/\/www.psib-psoe.org\/eivissa\/#organization\"},\"potentialAction\":[{\"@type\":\"SearchAction\",\"target\":{\"@type\":\"EntryPoint\",\"urlTemplate\":\"https:\/\/www.psib-psoe.org\/eivissa\/?s={search_term_string}\"},\"query-input\":{\"@type\":\"PropertyValueSpecification\",\"valueRequired\":true,\"valueName\":\"search_term_string\"}}],\"inLanguage\":\"ca\"},{\"@type\":\"Organization\",\"@id\":\"https:\/\/www.psib-psoe.org\/eivissa\/#organization\",\"name\":\"Federaci\u00f3 Socialista d'Eivissa\",\"url\":\"https:\/\/www.psib-psoe.org\/eivissa\/\",\"logo\":{\"@type\":\"ImageObject\",\"inLanguage\":\"ca\",\"@id\":\"https:\/\/www.psib-psoe.org\/eivissa\/#\/schema\/logo\/image\/\",\"url\":\"https:\/\/www.psib-psoe.org\/eivissa\/wp-content\/uploads\/LOGO-FSE-SOCIALISTA-DEIVISSA-HORI.png\",\"contentUrl\":\"https:\/\/www.psib-psoe.org\/eivissa\/wp-content\/uploads\/LOGO-FSE-SOCIALISTA-DEIVISSA-HORI.png\",\"width\":6000,\"height\":3104,\"caption\":\"Federaci\u00f3 Socialista d'Eivissa\"},\"image\":{\"@id\":\"https:\/\/www.psib-psoe.org\/eivissa\/#\/schema\/logo\/image\/\"}},{\"@type\":\"Person\",\"@id\":\"https:\/\/www.psib-psoe.org\/eivissa\/#\/schema\/person\/68066b276b53995e2bd8dac00f0bc415\",\"name\":\"Azahara\",\"url\":\"https:\/\/www.psib-psoe.org\/eivissa\/author\/azahara\/\"}]}<\/script>\n<!-- \/ Yoast SEO plugin. -->","yoast_head_json":{"title":"La FSE re\u00fane cargos instituciones y las ejecutivas de las agrupaciones a para iniciar el nuevo curso pol\u00edtico - Federaci\u00f3 Socialista d&#039;Eivissa","robots":{"index":"index","follow":"follow","max-snippet":"max-snippet:-1","max-image-preview":"max-image-preview:large","max-video-preview":"max-video-preview:-1"},"canonical":"https:\/\/www.psib-psoe.org\/eivissa\/la-fse-reune-cargos-instituciones-y-las-ejecutivas-de-las-agrupaciones-a-para-iniciar-el-nuevo-curso-politico\/","og_locale":"ca_ES","og_type":"article","og_title":"La FSE re\u00fane cargos instituciones y las ejecutivas de las agrupaciones a para iniciar el nuevo curso pol\u00edtico - Federaci\u00f3 Socialista d&#039;Eivissa","og_description":"La Federaci\u00f3n Socialista de Eivissa, en un acto al que asisti\u00f3 la secretar\u00eda general del PSIB-PSOE y presidenta del Gobierno de las Islas Baleares, Francina Armengol, ha iniciado el nuevo curso pol\u00edtico con el primer encuentro de cargos institucionales y ejecutivas de las agrupaciones de la FSE. El Secretario General de la Agrupaci\u00f3n Socialista de&hellip;","og_url":"https:\/\/www.psib-psoe.org\/eivissa\/la-fse-reune-cargos-instituciones-y-las-ejecutivas-de-las-agrupaciones-a-para-iniciar-el-nuevo-curso-politico\/","og_site_name":"Federaci\u00f3 Socialista d&#039;Eivissa","article_published_time":"2021-09-17T08:25:57+00:00","og_image":[{"width":2048,"height":1364,"url":"https:\/\/www.psib-psoe.org\/eivissa\/wp-content\/uploads\/WhatsApp-Image-2021-08-31-at-11.43.52.jpeg","type":"image\/jpeg"}],"author":"Azahara","twitter_card":"summary_large_image","twitter_misc":{"Escrit per":"Azahara","Temps estimat de lectura":"3 minuts"},"schema":{"@context":"https:\/\/schema.org","@graph":[{"@type":["Article","BlogPosting"],"@id":"https:\/\/www.psib-psoe.org\/eivissa\/la-fse-reune-cargos-instituciones-y-las-ejecutivas-de-las-agrupaciones-a-para-iniciar-el-nuevo-curso-politico\/#article","isPartOf":{"@id":"https:\/\/www.psib-psoe.org\/eivissa\/la-fse-reune-cargos-instituciones-y-las-ejecutivas-de-las-agrupaciones-a-para-iniciar-el-nuevo-curso-politico\/"},"author":{"name":"Azahara","@id":"https:\/\/www.psib-psoe.org\/eivissa\/#\/schema\/person\/68066b276b53995e2bd8dac00f0bc415"},"headline":"La FSE re\u00fane cargos instituciones y las ejecutivas de las agrupaciones a para iniciar el nuevo curso pol\u00edtico","datePublished":"2021-09-17T08:25:57+00:00","mainEntityOfPage":{"@id":"https:\/\/www.psib-psoe.org\/eivissa\/la-fse-reune-cargos-instituciones-y-las-ejecutivas-de-las-agrupaciones-a-para-iniciar-el-nuevo-curso-politico\/"},"wordCount":679,"publisher":{"@id":"https:\/\/www.psib-psoe.org\/eivissa\/#organization"},"image":{"@id":"https:\/\/www.psib-psoe.org\/eivissa\/la-fse-reune-cargos-instituciones-y-las-ejecutivas-de-las-agrupaciones-a-para-iniciar-el-nuevo-curso-politico\/#primaryimage"},"thumbnailUrl":"https:\/\/www.psib-psoe.org\/eivissa\/wp-content\/uploads\/WhatsApp-Image-2021-08-31-at-11.43.52.jpeg","articleSection":["FSE-PSOE"],"inLanguage":"ca"},{"@type":"WebPage","@id":"https:\/\/www.psib-psoe.org\/eivissa\/la-fse-reune-cargos-instituciones-y-las-ejecutivas-de-las-agrupaciones-a-para-iniciar-el-nuevo-curso-politico\/","url":"https:\/\/www.psib-psoe.org\/eivissa\/la-fse-reune-cargos-instituciones-y-las-ejecutivas-de-las-agrupaciones-a-para-iniciar-el-nuevo-curso-politico\/","name":"La FSE re\u00fane cargos instituciones y las ejecutivas de las agrupaciones a para iniciar el nuevo curso pol\u00edtico - Federaci\u00f3 Socialista d&#039;Eivissa","isPartOf":{"@id":"https:\/\/www.psib-psoe.org\/eivissa\/#website"},"primaryImageOfPage":{"@id":"https:\/\/www.psib-psoe.org\/eivissa\/la-fse-reune-cargos-instituciones-y-las-ejecutivas-de-las-agrupaciones-a-para-iniciar-el-nuevo-curso-politico\/#primaryimage"},"image":{"@id":"https:\/\/www.psib-psoe.org\/eivissa\/la-fse-reune-cargos-instituciones-y-las-ejecutivas-de-las-agrupaciones-a-para-iniciar-el-nuevo-curso-politico\/#primaryimage"},"thumbnailUrl":"https:\/\/www.psib-psoe.org\/eivissa\/wp-content\/uploads\/WhatsApp-Image-2021-08-31-at-11.43.52.jpeg","datePublished":"2021-09-17T08:25:57+00:00","breadcrumb":{"@id":"https:\/\/www.psib-psoe.org\/eivissa\/la-fse-reune-cargos-instituciones-y-las-ejecutivas-de-las-agrupaciones-a-para-iniciar-el-nuevo-curso-politico\/#breadcrumb"},"inLanguage":"ca","potentialAction":[{"@type":"ReadAction","target":["https:\/\/www.psib-psoe.org\/eivissa\/la-fse-reune-cargos-instituciones-y-las-ejecutivas-de-las-agrupaciones-a-para-iniciar-el-nuevo-curso-politico\/"]}]},{"@type":"ImageObject","inLanguage":"ca","@id":"https:\/\/www.psib-psoe.org\/eivissa\/la-fse-reune-cargos-instituciones-y-las-ejecutivas-de-las-agrupaciones-a-para-iniciar-el-nuevo-curso-politico\/#primaryimage","url":"https:\/\/www.psib-psoe.org\/eivissa\/wp-content\/uploads\/WhatsApp-Image-2021-08-31-at-11.43.52.jpeg","contentUrl":"https:\/\/www.psib-psoe.org\/eivissa\/wp-content\/uploads\/WhatsApp-Image-2021-08-31-at-11.43.52.jpeg","width":2048,"height":1364},{"@type":"BreadcrumbList","@id":"https:\/\/www.psib-psoe.org\/eivissa\/la-fse-reune-cargos-instituciones-y-las-ejecutivas-de-las-agrupaciones-a-para-iniciar-el-nuevo-curso-politico\/#breadcrumb","itemListElement":[{"@type":"ListItem","position":1,"name":"Inici","item":"https:\/\/www.psib-psoe.org\/eivissa\/"},{"@type":"ListItem","position":2,"name":"La FSE re\u00fane cargos instituciones y las ejecutivas de las agrupaciones a para iniciar el nuevo curso pol\u00edtico"}]},{"@type":"WebSite","@id":"https:\/\/www.psib-psoe.org\/eivissa\/#website","url":"https:\/\/www.psib-psoe.org\/eivissa\/","name":"Federaci\u00f3 Socialista d'Eivissa","description":"Socialistes d&#039;Eivissa","publisher":{"@id":"https:\/\/www.psib-psoe.org\/eivissa\/#organization"},"potentialAction":[{"@type":"SearchAction","target":{"@type":"EntryPoint","urlTemplate":"https:\/\/www.psib-psoe.org\/eivissa\/?s={search_term_string}"},"query-input":{"@type":"PropertyValueSpecification","valueRequired":true,"valueName":"search_term_string"}}],"inLanguage":"ca"},{"@type":"Organization","@id":"https:\/\/www.psib-psoe.org\/eivissa\/#organization","name":"Federaci\u00f3 Socialista d'Eivissa","url":"https:\/\/www.psib-psoe.org\/eivissa\/","logo":{"@type":"ImageObject","inLanguage":"ca","@id":"https:\/\/www.psib-psoe.org\/eivissa\/#\/schema\/logo\/image\/","url":"https:\/\/www.psib-psoe.org\/eivissa\/wp-content\/uploads\/LOGO-FSE-SOCIALISTA-DEIVISSA-HORI.png","contentUrl":"https:\/\/www.psib-psoe.org\/eivissa\/wp-content\/uploads\/LOGO-FSE-SOCIALISTA-DEIVISSA-HORI.png","width":6000,"height":3104,"caption":"Federaci\u00f3 Socialista d'Eivissa"},"image":{"@id":"https:\/\/www.psib-psoe.org\/eivissa\/#\/schema\/logo\/image\/"}},{"@type":"Person","@id":"https:\/\/www.psib-psoe.org\/eivissa\/#\/schema\/person\/68066b276b53995e2bd8dac00f0bc415","name":"Azahara","url":"https:\/\/www.psib-psoe.org\/eivissa\/author\/azahara\/"}]}},"_links":{"self":[{"href":"https:\/\/www.psib-psoe.org\/eivissa\/wp-json\/wp\/v2\/posts\/34166","targetHints":{"allow":["GET"]}}],"collection":[{"href":"https:\/\/www.psib-psoe.org\/eivissa\/wp-json\/wp\/v2\/posts"}],"about":[{"href":"https:\/\/www.psib-psoe.org\/eivissa\/wp-json\/wp\/v2\/types\/post"}],"author":[{"embeddable":true,"href":"https:\/\/www.psib-psoe.org\/eivissa\/wp-json\/wp\/v2\/users\/12"}],"replies":[{"embeddable":true,"href":"https:\/\/www.psib-psoe.org\/eivissa\/wp-json\/wp\/v2\/comments?post=34166"}],"version-history":[{"count":2,"href":"https:\/\/www.psib-psoe.org\/eivissa\/wp-json\/wp\/v2\/posts\/34166\/revisions"}],"predecessor-version":[{"id":34197,"href":"https:\/\/www.psib-psoe.org\/eivissa\/wp-json\/wp\/v2\/posts\/34166\/revisions\/34197"}],"wp:featuredmedia":[{"embeddable":true,"href":"https:\/\/www.psib-psoe.org\/eivissa\/wp-json\/wp\/v2\/media\/34164"}],"wp:attachment":[{"href":"https:\/\/www.psib-psoe.org\/eivissa\/wp-json\/wp\/v2\/media?parent=34166"}],"wp:term":[{"taxonomy":"category","embeddable":true,"href":"https:\/\/www.psib-psoe.org\/eivissa\/wp-json\/wp\/v2\/categories?post=34166"},{"taxonomy":"post_tag","embeddable":true,"href":"https:\/\/www.psib-psoe.org\/eivissa\/wp-json\/wp\/v2\/tags?post=34166"}],"curies":[{"name":"wp","href":"https:\/\/api.w.org\/{rel}","templated":true}]}}