{"id":34184,"date":"2021-09-15T13:08:56","date_gmt":"2021-09-15T11:08:56","guid":{"rendered":"https:\/\/www.psib-psoe.org\/eivissa\/?p=34184"},"modified":"2021-09-16T12:25:26","modified_gmt":"2021-09-16T10:25:26","slug":"el-psoe-manifesta-la-seua-alegria-per-labsolucio-daida-alcaraz-i-exigeix-al-pp-disculpes-publiques-i-el-cessament-del-cap-de-la-policia-local-de-sant-antoni","status":"publish","type":"post","link":"https:\/\/www.psib-psoe.org\/eivissa\/el-psoe-manifesta-la-seua-alegria-per-labsolucio-daida-alcaraz-i-exigeix-al-pp-disculpes-publiques-i-el-cessament-del-cap-de-la-policia-local-de-sant-antoni\/","title":{"rendered":"El PSOE manifesta la\u00a0seua\u00a0alegria per l&#8217;absoluci\u00f3 d&#8217;A\u00edda\u00a0Alcaraz i exigeix al PP disculpes p\u00fabliques i el cessament del cap de la Policia Local de Sant\u00a0Antoni"},"content":{"rendered":"<p>El PSOE ha manifestat p\u00fablicament la <span class=\"hiddenGreenError\">seua<\/span>\u00a0alegria per l&#8217;absoluci\u00f3 d&#8217;<span class=\"hiddenSpellError\">A\u00edda<\/span> Alcaraz i li ha transm\u00e8s tot el suport i reconeixement, despr\u00e9s que hagi estat durant quatre anys injustament acusada d&#8217;assetjament per part del cap de la Policia Local de Sant Antoni de Portmany, <span class=\"hiddenSpellError\">Javier<\/span>\u00a0<span class=\"hiddenSpellError\">Verdurgo<\/span>. La sent\u00e8ncia \u00e9s contundent: No nom\u00e9s\u00a0<span class=\"hiddenSpellError\">A\u00edda<\/span>\u00a0Alcaraz sempre va actuar correctament com a regidora de Governaci\u00f3, sin\u00f3 que va ser,\u00a0precisament, el cap de la Policia qui va\u00a0cometre\u00a0&#8220;greus irregularitats&#8221;.<\/p>\n<p>En nom de la Federaci\u00f3 Socialista d&#8217;Eivissa, Pilar Costa i el secretari general de Sant Antoni, Antonio\u00a0<span class=\"hiddenSpellError\">Lorenzo<\/span>, han comparegut en roda de premsa per valorar la\u00a0sent\u00e8ncia, manifestant en primer lloc l&#8217;alegria per l&#8217;absoluci\u00f3 d&#8217;<span class=\"hiddenSpellError\">A\u00edda<\/span>\u00a0Alcaraz i lamentant que durant tots\u00a0<span class=\"hiddenGreenError\">aquestos<\/span> anys hagi estat injustament acusada. Segons Pilar Costa, l&#8217;exregidora socialista de Sant Antoni &#8220;va pagar personalment la\u00a0<span class=\"hiddenGreenError\">seua<\/span>\u00a0determinaci\u00f3 a posar ordre al servei de la Policia Local i acabar amb algunes pr\u00e0ctiques que es va considerar que no eren les correctes&#8221;.<\/p>\n<p>Pilar Costa ha exigit al Partit Popular, i molt concretament a l&#8217;alcalde de Sant Antoni,\u00a0<span class=\"hiddenSpellError\">Marcos<\/span>\u00a0Serra, que assumeixi &#8220;responsabilitats pol\u00edtiques&#8221; i &#8220;disculpes p\u00fabliques per l&#8217;assetjament i les acusacions&#8221; contra l&#8217;exregidora socialista durant aquest temps. A m\u00e9s, el PSOE exigeix el cessament del cap de la Policia Local de Sant Antoni, despr\u00e9s que la mateixa sent\u00e8ncia conclogui que\u00a0<span class=\"hiddenSpellError\">Verdugo<\/span>\u00a0va cometre &#8220;greus irregularitats&#8221;.<\/p>\n<p>Per la\u00a0<span class=\"hiddenGreenError\">seua<\/span>\u00a0part, Antonio\u00a0<span class=\"hiddenSpellError\">Lorenzo<\/span>\u00a0ha manifestat que &#8220;la sent\u00e8ncia reafirma la bona feina del PSOE i de la companya Aida a l&#8217;ajuntament&#8221;. &#8220;Des d&#8217;aqu\u00ed enviem, un cop m\u00e9s, tot el nostre suport a Aida per l&#8217;assetjament i enderrocament que ella s\u00ed que ha patit al llarg d&#8217;aquests quatre anys&#8221;.\u00a0<span class=\"hiddenSpellError\">Lorenzo<\/span> tamb\u00e9 ha dit que &#8220;la sent\u00e8ncia publicada deixa clar en mans de qui est\u00e0 la Policia Local de Sant Antoni: Qui comet una irregularitat ja s&#8217;humilia ell sol&#8221;, diu la sent\u00e8ncia, ha explicat el secretari general socialista.<\/p>\n<p>Antonio\u00a0<span class=\"hiddenSpellError\">Lorenzo<\/span>\u00a0ha recordat que &#8220;quan els socialistes vam arribar al govern municipal el 2015, nom\u00e9s ten\u00edem un objectiu, que era posar ordre a l&#8217;ajuntament, despr\u00e9s de tota una vida\u00a0<span class=\"hiddenGrammarError\" style=\"padding-bottom: 2px; background-image: url('..\/..\/..\/..\/..\/images\/squiggle.png'); background-repeat: repeat-x; background-position: left bottom; cursor: default; color: #000000; font-family: 'Open Sans', Helvetica, Arial, sans-serif; font-size: 16px; font-style: normal; font-variant-ligatures: normal; font-variant-caps: normal; font-weight: 300; letter-spacing: normal; orphans: 2; text-align: start; text-indent: 0px; text-transform: none; white-space: normal; widows: 2; word-spacing: 0px; -webkit-text-stroke-width: 0px; text-decoration-thickness: initial; text-decoration-style: initial; text-decoration-color: initial;\">governat<\/span>\u00a0pels conservadors de forma err\u00e0tica&#8221;.<\/p>\n<p>&#8220;Queda demostrat qui va actuar malament, queda demostrat quin tipus de persona dirigeix \u200b\u200bla policia de Sant Antoni i queda demostrat que totes les acusacions abocades sobre <span class=\"hiddenSpellError\">A\u00edda<\/span>\u00a0i aquest partit eren falses, cortines de fum per tapar la bona gesti\u00f3 que s&#8217;estava desenvolupant&#8221;. Antonio\u00a0<span class=\"hiddenSpellError\">Lorenzo<\/span> ha insistit a reclamar a Marcos Serra la destituci\u00f3 del cap de la policia: &#8220;En cas contrari, l&#8217;alcalde est\u00e0 avalant les seves pr\u00e0ctiques irregulars passades i futures. <span class=\"hiddenSpellError\">Javier<\/span>\u00a0<span class=\"hiddenSpellError\">Verdugo<\/span> no pot estar ni un minut m\u00e9s al capdavant de la policia local. Com pot confiar, la ciutadania, en una persona que, segons la jutge, ha faltat a la veritat i fa pr\u00e0ctiques irregulars? No pot seguir ni un minut m\u00e9s en la prefectura&#8221;, ha concl\u00f2s Antonio <span class=\"hiddenSpellError\">Lorenzo<\/span>.<\/p>\n","protected":false},"excerpt":{"rendered":"<p>El PSOE ha manifestat p\u00fablicament la seua\u00a0alegria per l&#8217;absoluci\u00f3 d&#8217;A\u00edda Alcaraz i li ha transm\u00e8s tot el suport i reconeixement, despr\u00e9s que hagi estat durant quatre anys injustament acusada d&#8217;assetjament per part del cap de la Policia Local de Sant Antoni de Portmany, Javier\u00a0Verdurgo. La sent\u00e8ncia \u00e9s contundent: No nom\u00e9s\u00a0A\u00edda\u00a0Alcaraz sempre va actuar correctament com&hellip;<\/p>\n","protected":false},"author":7,"featured_media":34185,"comment_status":"closed","ping_status":"closed","sticky":false,"template":"","format":"standard","meta":{"footnotes":""},"categories":[1,188],"tags":[],"class_list":["post-34184","post","type-post","status-publish","format-standard","has-post-thumbnail","hentry","category-federacio-de-eivissa-portada","category-sant-antoni-de-portmany"],"yoast_head":"<!-- This site is optimized with the Yoast SEO plugin v26.9 - https:\/\/yoast.com\/product\/yoast-seo-wordpress\/ -->\n<title>El PSOE manifesta la\u00a0seua\u00a0alegria per l&#039;absoluci\u00f3 d&#039;A\u00edda\u00a0Alcaraz i exigeix al PP disculpes p\u00fabliques i el cessament del cap de la Policia Local de Sant\u00a0Antoni - Federaci\u00f3 Socialista d&#039;Eivissa<\/title>\n<meta name=\"robots\" content=\"index, follow, max-snippet:-1, max-image-preview:large, max-video-preview:-1\" \/>\n<link rel=\"canonical\" href=\"https:\/\/www.psib-psoe.org\/eivissa\/el-psoe-manifesta-la-seua-alegria-per-labsolucio-daida-alcaraz-i-exigeix-al-pp-disculpes-publiques-i-el-cessament-del-cap-de-la-policia-local-de-sant-antoni\/\" \/>\n<meta property=\"og:locale\" content=\"ca_ES\" \/>\n<meta property=\"og:type\" content=\"article\" \/>\n<meta property=\"og:title\" content=\"El PSOE manifesta la\u00a0seua\u00a0alegria per l&#039;absoluci\u00f3 d&#039;A\u00edda\u00a0Alcaraz i exigeix al PP disculpes p\u00fabliques i el cessament del cap de la Policia Local de Sant\u00a0Antoni - Federaci\u00f3 Socialista d&#039;Eivissa\" \/>\n<meta property=\"og:description\" content=\"El PSOE ha manifestat p\u00fablicament la seua\u00a0alegria per l&#8217;absoluci\u00f3 d&#8217;A\u00edda Alcaraz i li ha transm\u00e8s tot el suport i reconeixement, despr\u00e9s que hagi estat durant quatre anys injustament acusada d&#8217;assetjament per part del cap de la Policia Local de Sant Antoni de Portmany, Javier\u00a0Verdurgo. La sent\u00e8ncia \u00e9s contundent: No nom\u00e9s\u00a0A\u00edda\u00a0Alcaraz sempre va actuar correctament com&hellip;\" \/>\n<meta property=\"og:url\" content=\"https:\/\/www.psib-psoe.org\/eivissa\/el-psoe-manifesta-la-seua-alegria-per-labsolucio-daida-alcaraz-i-exigeix-al-pp-disculpes-publiques-i-el-cessament-del-cap-de-la-policia-local-de-sant-antoni\/\" \/>\n<meta property=\"og:site_name\" content=\"Federaci\u00f3 Socialista d&#039;Eivissa\" \/>\n<meta property=\"article:published_time\" content=\"2021-09-15T11:08:56+00:00\" \/>\n<meta property=\"article:modified_time\" content=\"2021-09-16T10:25:26+00:00\" \/>\n<meta property=\"og:image\" content=\"https:\/\/www.psib-psoe.org\/eivissa\/wp-content\/uploads\/Captura-de-Pantalla-2021-09-06-a-les-13.10.16.png\" \/>\n\t<meta property=\"og:image:width\" content=\"926\" \/>\n\t<meta property=\"og:image:height\" content=\"519\" \/>\n\t<meta property=\"og:image:type\" content=\"image\/png\" \/>\n<meta name=\"author\" content=\"Josep Ripoll\" \/>\n<meta name=\"twitter:card\" content=\"summary_large_image\" \/>\n<meta name=\"twitter:label1\" content=\"Escrit per\" \/>\n\t<meta name=\"twitter:data1\" content=\"Josep Ripoll\" \/>\n\t<meta name=\"twitter:label2\" content=\"Temps estimat de lectura\" \/>\n\t<meta name=\"twitter:data2\" content=\"3 minuts\" \/>\n<script type=\"application\/ld+json\" class=\"yoast-schema-graph\">{\"@context\":\"https:\/\/schema.org\",\"@graph\":[{\"@type\":[\"Article\",\"BlogPosting\"],\"@id\":\"https:\/\/www.psib-psoe.org\/eivissa\/el-psoe-manifesta-la-seua-alegria-per-labsolucio-daida-alcaraz-i-exigeix-al-pp-disculpes-publiques-i-el-cessament-del-cap-de-la-policia-local-de-sant-antoni\/#article\",\"isPartOf\":{\"@id\":\"https:\/\/www.psib-psoe.org\/eivissa\/el-psoe-manifesta-la-seua-alegria-per-labsolucio-daida-alcaraz-i-exigeix-al-pp-disculpes-publiques-i-el-cessament-del-cap-de-la-policia-local-de-sant-antoni\/\"},\"author\":{\"name\":\"Josep Ripoll\",\"@id\":\"https:\/\/www.psib-psoe.org\/eivissa\/#\/schema\/person\/7a9d2841fb36f32e34fc0e9b245e8117\"},\"headline\":\"El PSOE manifesta la\u00a0seua\u00a0alegria per l&#8217;absoluci\u00f3 d&#8217;A\u00edda\u00a0Alcaraz i exigeix al PP disculpes p\u00fabliques i el cessament del cap de la Policia Local de Sant\u00a0Antoni\",\"datePublished\":\"2021-09-15T11:08:56+00:00\",\"dateModified\":\"2021-09-16T10:25:26+00:00\",\"mainEntityOfPage\":{\"@id\":\"https:\/\/www.psib-psoe.org\/eivissa\/el-psoe-manifesta-la-seua-alegria-per-labsolucio-daida-alcaraz-i-exigeix-al-pp-disculpes-publiques-i-el-cessament-del-cap-de-la-policia-local-de-sant-antoni\/\"},\"wordCount\":532,\"publisher\":{\"@id\":\"https:\/\/www.psib-psoe.org\/eivissa\/#organization\"},\"image\":{\"@id\":\"https:\/\/www.psib-psoe.org\/eivissa\/el-psoe-manifesta-la-seua-alegria-per-labsolucio-daida-alcaraz-i-exigeix-al-pp-disculpes-publiques-i-el-cessament-del-cap-de-la-policia-local-de-sant-antoni\/#primaryimage\"},\"thumbnailUrl\":\"https:\/\/www.psib-psoe.org\/eivissa\/wp-content\/uploads\/Captura-de-Pantalla-2021-09-06-a-les-13.10.16.png\",\"articleSection\":[\"Federaci\u00f3 d'Eivissa - Portada\",\"Sant Antoni de Portmany\"],\"inLanguage\":\"ca\"},{\"@type\":\"WebPage\",\"@id\":\"https:\/\/www.psib-psoe.org\/eivissa\/el-psoe-manifesta-la-seua-alegria-per-labsolucio-daida-alcaraz-i-exigeix-al-pp-disculpes-publiques-i-el-cessament-del-cap-de-la-policia-local-de-sant-antoni\/\",\"url\":\"https:\/\/www.psib-psoe.org\/eivissa\/el-psoe-manifesta-la-seua-alegria-per-labsolucio-daida-alcaraz-i-exigeix-al-pp-disculpes-publiques-i-el-cessament-del-cap-de-la-policia-local-de-sant-antoni\/\",\"name\":\"El PSOE manifesta la\u00a0seua\u00a0alegria per l'absoluci\u00f3 d'A\u00edda\u00a0Alcaraz i exigeix al PP disculpes p\u00fabliques i el cessament del cap de la Policia Local de Sant\u00a0Antoni - Federaci\u00f3 Socialista d&#039;Eivissa\",\"isPartOf\":{\"@id\":\"https:\/\/www.psib-psoe.org\/eivissa\/#website\"},\"primaryImageOfPage\":{\"@id\":\"https:\/\/www.psib-psoe.org\/eivissa\/el-psoe-manifesta-la-seua-alegria-per-labsolucio-daida-alcaraz-i-exigeix-al-pp-disculpes-publiques-i-el-cessament-del-cap-de-la-policia-local-de-sant-antoni\/#primaryimage\"},\"image\":{\"@id\":\"https:\/\/www.psib-psoe.org\/eivissa\/el-psoe-manifesta-la-seua-alegria-per-labsolucio-daida-alcaraz-i-exigeix-al-pp-disculpes-publiques-i-el-cessament-del-cap-de-la-policia-local-de-sant-antoni\/#primaryimage\"},\"thumbnailUrl\":\"https:\/\/www.psib-psoe.org\/eivissa\/wp-content\/uploads\/Captura-de-Pantalla-2021-09-06-a-les-13.10.16.png\",\"datePublished\":\"2021-09-15T11:08:56+00:00\",\"dateModified\":\"2021-09-16T10:25:26+00:00\",\"breadcrumb\":{\"@id\":\"https:\/\/www.psib-psoe.org\/eivissa\/el-psoe-manifesta-la-seua-alegria-per-labsolucio-daida-alcaraz-i-exigeix-al-pp-disculpes-publiques-i-el-cessament-del-cap-de-la-policia-local-de-sant-antoni\/#breadcrumb\"},\"inLanguage\":\"ca\",\"potentialAction\":[{\"@type\":\"ReadAction\",\"target\":[\"https:\/\/www.psib-psoe.org\/eivissa\/el-psoe-manifesta-la-seua-alegria-per-labsolucio-daida-alcaraz-i-exigeix-al-pp-disculpes-publiques-i-el-cessament-del-cap-de-la-policia-local-de-sant-antoni\/\"]}]},{\"@type\":\"ImageObject\",\"inLanguage\":\"ca\",\"@id\":\"https:\/\/www.psib-psoe.org\/eivissa\/el-psoe-manifesta-la-seua-alegria-per-labsolucio-daida-alcaraz-i-exigeix-al-pp-disculpes-publiques-i-el-cessament-del-cap-de-la-policia-local-de-sant-antoni\/#primaryimage\",\"url\":\"https:\/\/www.psib-psoe.org\/eivissa\/wp-content\/uploads\/Captura-de-Pantalla-2021-09-06-a-les-13.10.16.png\",\"contentUrl\":\"https:\/\/www.psib-psoe.org\/eivissa\/wp-content\/uploads\/Captura-de-Pantalla-2021-09-06-a-les-13.10.16.png\",\"width\":926,\"height\":519},{\"@type\":\"BreadcrumbList\",\"@id\":\"https:\/\/www.psib-psoe.org\/eivissa\/el-psoe-manifesta-la-seua-alegria-per-labsolucio-daida-alcaraz-i-exigeix-al-pp-disculpes-publiques-i-el-cessament-del-cap-de-la-policia-local-de-sant-antoni\/#breadcrumb\",\"itemListElement\":[{\"@type\":\"ListItem\",\"position\":1,\"name\":\"Inici\",\"item\":\"https:\/\/www.psib-psoe.org\/eivissa\/\"},{\"@type\":\"ListItem\",\"position\":2,\"name\":\"El PSOE manifesta la\u00a0seua\u00a0alegria per l&#8217;absoluci\u00f3 d&#8217;A\u00edda\u00a0Alcaraz i exigeix al PP disculpes p\u00fabliques i el cessament del cap de la Policia Local de Sant\u00a0Antoni\"}]},{\"@type\":\"WebSite\",\"@id\":\"https:\/\/www.psib-psoe.org\/eivissa\/#website\",\"url\":\"https:\/\/www.psib-psoe.org\/eivissa\/\",\"name\":\"Federaci\u00f3 Socialista d'Eivissa\",\"description\":\"Socialistes d&#039;Eivissa\",\"publisher\":{\"@id\":\"https:\/\/www.psib-psoe.org\/eivissa\/#organization\"},\"potentialAction\":[{\"@type\":\"SearchAction\",\"target\":{\"@type\":\"EntryPoint\",\"urlTemplate\":\"https:\/\/www.psib-psoe.org\/eivissa\/?s={search_term_string}\"},\"query-input\":{\"@type\":\"PropertyValueSpecification\",\"valueRequired\":true,\"valueName\":\"search_term_string\"}}],\"inLanguage\":\"ca\"},{\"@type\":\"Organization\",\"@id\":\"https:\/\/www.psib-psoe.org\/eivissa\/#organization\",\"name\":\"Federaci\u00f3 Socialista d'Eivissa\",\"url\":\"https:\/\/www.psib-psoe.org\/eivissa\/\",\"logo\":{\"@type\":\"ImageObject\",\"inLanguage\":\"ca\",\"@id\":\"https:\/\/www.psib-psoe.org\/eivissa\/#\/schema\/logo\/image\/\",\"url\":\"https:\/\/www.psib-psoe.org\/eivissa\/wp-content\/uploads\/LOGO-FSE-SOCIALISTA-DEIVISSA-HORI.png\",\"contentUrl\":\"https:\/\/www.psib-psoe.org\/eivissa\/wp-content\/uploads\/LOGO-FSE-SOCIALISTA-DEIVISSA-HORI.png\",\"width\":6000,\"height\":3104,\"caption\":\"Federaci\u00f3 Socialista d'Eivissa\"},\"image\":{\"@id\":\"https:\/\/www.psib-psoe.org\/eivissa\/#\/schema\/logo\/image\/\"}},{\"@type\":\"Person\",\"@id\":\"https:\/\/www.psib-psoe.org\/eivissa\/#\/schema\/person\/7a9d2841fb36f32e34fc0e9b245e8117\",\"name\":\"Josep Ripoll\",\"sameAs\":[\"http:\/\/www.psib-psoe.org\/eivissa\/wp-login.php\"],\"url\":\"https:\/\/www.psib-psoe.org\/eivissa\/author\/josep\/\"}]}<\/script>\n<!-- \/ Yoast SEO plugin. -->","yoast_head_json":{"title":"El PSOE manifesta la\u00a0seua\u00a0alegria per l'absoluci\u00f3 d'A\u00edda\u00a0Alcaraz i exigeix al PP disculpes p\u00fabliques i el cessament del cap de la Policia Local de Sant\u00a0Antoni - Federaci\u00f3 Socialista d&#039;Eivissa","robots":{"index":"index","follow":"follow","max-snippet":"max-snippet:-1","max-image-preview":"max-image-preview:large","max-video-preview":"max-video-preview:-1"},"canonical":"https:\/\/www.psib-psoe.org\/eivissa\/el-psoe-manifesta-la-seua-alegria-per-labsolucio-daida-alcaraz-i-exigeix-al-pp-disculpes-publiques-i-el-cessament-del-cap-de-la-policia-local-de-sant-antoni\/","og_locale":"ca_ES","og_type":"article","og_title":"El PSOE manifesta la\u00a0seua\u00a0alegria per l'absoluci\u00f3 d'A\u00edda\u00a0Alcaraz i exigeix al PP disculpes p\u00fabliques i el cessament del cap de la Policia Local de Sant\u00a0Antoni - Federaci\u00f3 Socialista d&#039;Eivissa","og_description":"El PSOE ha manifestat p\u00fablicament la seua\u00a0alegria per l&#8217;absoluci\u00f3 d&#8217;A\u00edda Alcaraz i li ha transm\u00e8s tot el suport i reconeixement, despr\u00e9s que hagi estat durant quatre anys injustament acusada d&#8217;assetjament per part del cap de la Policia Local de Sant Antoni de Portmany, Javier\u00a0Verdurgo. La sent\u00e8ncia \u00e9s contundent: No nom\u00e9s\u00a0A\u00edda\u00a0Alcaraz sempre va actuar correctament com&hellip;","og_url":"https:\/\/www.psib-psoe.org\/eivissa\/el-psoe-manifesta-la-seua-alegria-per-labsolucio-daida-alcaraz-i-exigeix-al-pp-disculpes-publiques-i-el-cessament-del-cap-de-la-policia-local-de-sant-antoni\/","og_site_name":"Federaci\u00f3 Socialista d&#039;Eivissa","article_published_time":"2021-09-15T11:08:56+00:00","article_modified_time":"2021-09-16T10:25:26+00:00","og_image":[{"width":926,"height":519,"url":"https:\/\/www.psib-psoe.org\/eivissa\/wp-content\/uploads\/Captura-de-Pantalla-2021-09-06-a-les-13.10.16.png","type":"image\/png"}],"author":"Josep Ripoll","twitter_card":"summary_large_image","twitter_misc":{"Escrit per":"Josep Ripoll","Temps estimat de lectura":"3 minuts"},"schema":{"@context":"https:\/\/schema.org","@graph":[{"@type":["Article","BlogPosting"],"@id":"https:\/\/www.psib-psoe.org\/eivissa\/el-psoe-manifesta-la-seua-alegria-per-labsolucio-daida-alcaraz-i-exigeix-al-pp-disculpes-publiques-i-el-cessament-del-cap-de-la-policia-local-de-sant-antoni\/#article","isPartOf":{"@id":"https:\/\/www.psib-psoe.org\/eivissa\/el-psoe-manifesta-la-seua-alegria-per-labsolucio-daida-alcaraz-i-exigeix-al-pp-disculpes-publiques-i-el-cessament-del-cap-de-la-policia-local-de-sant-antoni\/"},"author":{"name":"Josep Ripoll","@id":"https:\/\/www.psib-psoe.org\/eivissa\/#\/schema\/person\/7a9d2841fb36f32e34fc0e9b245e8117"},"headline":"El PSOE manifesta la\u00a0seua\u00a0alegria per l&#8217;absoluci\u00f3 d&#8217;A\u00edda\u00a0Alcaraz i exigeix al PP disculpes p\u00fabliques i el cessament del cap de la Policia Local de Sant\u00a0Antoni","datePublished":"2021-09-15T11:08:56+00:00","dateModified":"2021-09-16T10:25:26+00:00","mainEntityOfPage":{"@id":"https:\/\/www.psib-psoe.org\/eivissa\/el-psoe-manifesta-la-seua-alegria-per-labsolucio-daida-alcaraz-i-exigeix-al-pp-disculpes-publiques-i-el-cessament-del-cap-de-la-policia-local-de-sant-antoni\/"},"wordCount":532,"publisher":{"@id":"https:\/\/www.psib-psoe.org\/eivissa\/#organization"},"image":{"@id":"https:\/\/www.psib-psoe.org\/eivissa\/el-psoe-manifesta-la-seua-alegria-per-labsolucio-daida-alcaraz-i-exigeix-al-pp-disculpes-publiques-i-el-cessament-del-cap-de-la-policia-local-de-sant-antoni\/#primaryimage"},"thumbnailUrl":"https:\/\/www.psib-psoe.org\/eivissa\/wp-content\/uploads\/Captura-de-Pantalla-2021-09-06-a-les-13.10.16.png","articleSection":["Federaci\u00f3 d'Eivissa - Portada","Sant Antoni de Portmany"],"inLanguage":"ca"},{"@type":"WebPage","@id":"https:\/\/www.psib-psoe.org\/eivissa\/el-psoe-manifesta-la-seua-alegria-per-labsolucio-daida-alcaraz-i-exigeix-al-pp-disculpes-publiques-i-el-cessament-del-cap-de-la-policia-local-de-sant-antoni\/","url":"https:\/\/www.psib-psoe.org\/eivissa\/el-psoe-manifesta-la-seua-alegria-per-labsolucio-daida-alcaraz-i-exigeix-al-pp-disculpes-publiques-i-el-cessament-del-cap-de-la-policia-local-de-sant-antoni\/","name":"El PSOE manifesta la\u00a0seua\u00a0alegria per l'absoluci\u00f3 d'A\u00edda\u00a0Alcaraz i exigeix al PP disculpes p\u00fabliques i el cessament del cap de la Policia Local de Sant\u00a0Antoni - Federaci\u00f3 Socialista d&#039;Eivissa","isPartOf":{"@id":"https:\/\/www.psib-psoe.org\/eivissa\/#website"},"primaryImageOfPage":{"@id":"https:\/\/www.psib-psoe.org\/eivissa\/el-psoe-manifesta-la-seua-alegria-per-labsolucio-daida-alcaraz-i-exigeix-al-pp-disculpes-publiques-i-el-cessament-del-cap-de-la-policia-local-de-sant-antoni\/#primaryimage"},"image":{"@id":"https:\/\/www.psib-psoe.org\/eivissa\/el-psoe-manifesta-la-seua-alegria-per-labsolucio-daida-alcaraz-i-exigeix-al-pp-disculpes-publiques-i-el-cessament-del-cap-de-la-policia-local-de-sant-antoni\/#primaryimage"},"thumbnailUrl":"https:\/\/www.psib-psoe.org\/eivissa\/wp-content\/uploads\/Captura-de-Pantalla-2021-09-06-a-les-13.10.16.png","datePublished":"2021-09-15T11:08:56+00:00","dateModified":"2021-09-16T10:25:26+00:00","breadcrumb":{"@id":"https:\/\/www.psib-psoe.org\/eivissa\/el-psoe-manifesta-la-seua-alegria-per-labsolucio-daida-alcaraz-i-exigeix-al-pp-disculpes-publiques-i-el-cessament-del-cap-de-la-policia-local-de-sant-antoni\/#breadcrumb"},"inLanguage":"ca","potentialAction":[{"@type":"ReadAction","target":["https:\/\/www.psib-psoe.org\/eivissa\/el-psoe-manifesta-la-seua-alegria-per-labsolucio-daida-alcaraz-i-exigeix-al-pp-disculpes-publiques-i-el-cessament-del-cap-de-la-policia-local-de-sant-antoni\/"]}]},{"@type":"ImageObject","inLanguage":"ca","@id":"https:\/\/www.psib-psoe.org\/eivissa\/el-psoe-manifesta-la-seua-alegria-per-labsolucio-daida-alcaraz-i-exigeix-al-pp-disculpes-publiques-i-el-cessament-del-cap-de-la-policia-local-de-sant-antoni\/#primaryimage","url":"https:\/\/www.psib-psoe.org\/eivissa\/wp-content\/uploads\/Captura-de-Pantalla-2021-09-06-a-les-13.10.16.png","contentUrl":"https:\/\/www.psib-psoe.org\/eivissa\/wp-content\/uploads\/Captura-de-Pantalla-2021-09-06-a-les-13.10.16.png","width":926,"height":519},{"@type":"BreadcrumbList","@id":"https:\/\/www.psib-psoe.org\/eivissa\/el-psoe-manifesta-la-seua-alegria-per-labsolucio-daida-alcaraz-i-exigeix-al-pp-disculpes-publiques-i-el-cessament-del-cap-de-la-policia-local-de-sant-antoni\/#breadcrumb","itemListElement":[{"@type":"ListItem","position":1,"name":"Inici","item":"https:\/\/www.psib-psoe.org\/eivissa\/"},{"@type":"ListItem","position":2,"name":"El PSOE manifesta la\u00a0seua\u00a0alegria per l&#8217;absoluci\u00f3 d&#8217;A\u00edda\u00a0Alcaraz i exigeix al PP disculpes p\u00fabliques i el cessament del cap de la Policia Local de Sant\u00a0Antoni"}]},{"@type":"WebSite","@id":"https:\/\/www.psib-psoe.org\/eivissa\/#website","url":"https:\/\/www.psib-psoe.org\/eivissa\/","name":"Federaci\u00f3 Socialista d'Eivissa","description":"Socialistes d&#039;Eivissa","publisher":{"@id":"https:\/\/www.psib-psoe.org\/eivissa\/#organization"},"potentialAction":[{"@type":"SearchAction","target":{"@type":"EntryPoint","urlTemplate":"https:\/\/www.psib-psoe.org\/eivissa\/?s={search_term_string}"},"query-input":{"@type":"PropertyValueSpecification","valueRequired":true,"valueName":"search_term_string"}}],"inLanguage":"ca"},{"@type":"Organization","@id":"https:\/\/www.psib-psoe.org\/eivissa\/#organization","name":"Federaci\u00f3 Socialista d'Eivissa","url":"https:\/\/www.psib-psoe.org\/eivissa\/","logo":{"@type":"ImageObject","inLanguage":"ca","@id":"https:\/\/www.psib-psoe.org\/eivissa\/#\/schema\/logo\/image\/","url":"https:\/\/www.psib-psoe.org\/eivissa\/wp-content\/uploads\/LOGO-FSE-SOCIALISTA-DEIVISSA-HORI.png","contentUrl":"https:\/\/www.psib-psoe.org\/eivissa\/wp-content\/uploads\/LOGO-FSE-SOCIALISTA-DEIVISSA-HORI.png","width":6000,"height":3104,"caption":"Federaci\u00f3 Socialista d'Eivissa"},"image":{"@id":"https:\/\/www.psib-psoe.org\/eivissa\/#\/schema\/logo\/image\/"}},{"@type":"Person","@id":"https:\/\/www.psib-psoe.org\/eivissa\/#\/schema\/person\/7a9d2841fb36f32e34fc0e9b245e8117","name":"Josep Ripoll","sameAs":["http:\/\/www.psib-psoe.org\/eivissa\/wp-login.php"],"url":"https:\/\/www.psib-psoe.org\/eivissa\/author\/josep\/"}]}},"_links":{"self":[{"href":"https:\/\/www.psib-psoe.org\/eivissa\/wp-json\/wp\/v2\/posts\/34184","targetHints":{"allow":["GET"]}}],"collection":[{"href":"https:\/\/www.psib-psoe.org\/eivissa\/wp-json\/wp\/v2\/posts"}],"about":[{"href":"https:\/\/www.psib-psoe.org\/eivissa\/wp-json\/wp\/v2\/types\/post"}],"author":[{"embeddable":true,"href":"https:\/\/www.psib-psoe.org\/eivissa\/wp-json\/wp\/v2\/users\/7"}],"replies":[{"embeddable":true,"href":"https:\/\/www.psib-psoe.org\/eivissa\/wp-json\/wp\/v2\/comments?post=34184"}],"version-history":[{"count":3,"href":"https:\/\/www.psib-psoe.org\/eivissa\/wp-json\/wp\/v2\/posts\/34184\/revisions"}],"predecessor-version":[{"id":34191,"href":"https:\/\/www.psib-psoe.org\/eivissa\/wp-json\/wp\/v2\/posts\/34184\/revisions\/34191"}],"wp:featuredmedia":[{"embeddable":true,"href":"https:\/\/www.psib-psoe.org\/eivissa\/wp-json\/wp\/v2\/media\/34185"}],"wp:attachment":[{"href":"https:\/\/www.psib-psoe.org\/eivissa\/wp-json\/wp\/v2\/media?parent=34184"}],"wp:term":[{"taxonomy":"category","embeddable":true,"href":"https:\/\/www.psib-psoe.org\/eivissa\/wp-json\/wp\/v2\/categories?post=34184"},{"taxonomy":"post_tag","embeddable":true,"href":"https:\/\/www.psib-psoe.org\/eivissa\/wp-json\/wp\/v2\/tags?post=34184"}],"curies":[{"name":"wp","href":"https:\/\/api.w.org\/{rel}","templated":true}]}}