{"id":34188,"date":"2021-09-15T13:08:56","date_gmt":"2021-09-15T11:08:56","guid":{"rendered":"https:\/\/www.psib-psoe.org\/eivissa\/?p=34188"},"modified":"2021-09-06T13:16:37","modified_gmt":"2021-09-06T11:16:37","slug":"el-psoe-manifiesta-su-alegria-por-la-absolucion-de-aida-alcaraz-y-exige-al-pp-disculpas-publicas-y-el-cese-del-jefe-de-la-policia-local-de-sant-antoni","status":"publish","type":"post","link":"https:\/\/www.psib-psoe.org\/eivissa\/el-psoe-manifiesta-su-alegria-por-la-absolucion-de-aida-alcaraz-y-exige-al-pp-disculpas-publicas-y-el-cese-del-jefe-de-la-policia-local-de-sant-antoni\/","title":{"rendered":"El PSOE manifiesta su alegr\u00eda por la absoluci\u00f3n de A\u00edda Alcaraz y exige al PP disculpas p\u00fablicas y el cese del jefe de la Polic\u00eda Local de Sant Antoni"},"content":{"rendered":"<p>El PSOE ha manifestado p\u00fablicamente su alegr\u00eda por la absoluci\u00f3n de A\u00edda Alcaraz y le ha transmitido todo el apoyo y reconocimiento, despu\u00e9s de que haya sido durante cuatro a\u00f1os injustamente acusada de acoso por parte del jefe de la Polic\u00eda Local de Sant Antoni de Portmany, Javier Verdurgo. La sentencia es contundente: No s\u00f3lo A\u00edda Alcaraz siempre actu\u00f3 correctamente como concejala de Gobernaci\u00f3n, sino que fue, precisamente, el jefe de la Polic\u00eda quien cometi\u00f3 &#8220;graves irregularidades&#8221;.<\/p>\n<p>En nombre de la Federaci\u00f3n Socialista de Eivissa, Pilar Costa y el secretario general de Sant Antoni, Antonio Lorenzo, han comparecido en rueda de prensa para valorar la sentencia, manifestando en primer lugar la alegr\u00eda por la absoluci\u00f3n de A\u00edda Alcaraz y lamentando que durante todos estos a\u00f1os haya sido injustamente acusada. Seg\u00fan Pilar Costa, la ex concejal socialista de Sant Antoni &#8220;pag\u00f3 personalmente su determinaci\u00f3n a poner orden en el servicio de la Polic\u00eda Local y terminar con algunas pr\u00e1cticas que se consider\u00f3 que no eran las correctas&#8221;.<\/p>\n<p>Pilar Costa ha exigido al PP, y muy concretamente al alcalde de Sant Antoni, Marcos Sierra, que asuma &#8220;responsabilidades pol\u00edticas&#8221; y &#8220;disculpas p\u00fablicas por el acoso y las acusaciones&#8221; contra la ex concejal socialista durante este tiempo. Adem\u00e1s, el PSOE exige el cese del jefe de la Polic\u00eda Local de Sant Antoni, despu\u00e9s de que la misma sentencia concluya que Verdugo cometi\u00f3 &#8220;graves irregularidades&#8221;.<\/p>\n<p>Por su parte, Antonio Lorenzo ha manifestado que &#8220;la sentencia reafirma el buen trabajo del PSOE y de la compa\u00f1era Aida en el ayuntamiento&#8221;. &#8220;Desde aqu\u00ed enviamos, una vez m\u00e1s, todo nuestro apoyo a Aida por el acoso y derribo que ella s\u00ed que ha sufrido a lo largo de estos cuatro a\u00f1os&#8221;. Lorenzo tambi\u00e9n ha dicho que &#8220;la sentencia publicada deja claro en manos de qui\u00e9n est\u00e1 la Polic\u00eda Local de San Antonio: Quien comete una irregularidad ya humilla \u00e9l solo&#8221;, dice la sentencia, ha explicado el secretario general socialista.<\/p>\n<p>Antonio Lorenzo ha recordado que &#8220;cuando los socialistas llegamos al gobierno municipal en 2015 s\u00f3lo ten\u00edamos un objetivo, que era poner orden en el ayuntamiento despu\u00e9s de toda una vida gobernada por los conservadores de forma err\u00e1tica&#8221;.<\/p>\n<p>&#8220;Queda demostrado qui\u00e9n actu\u00f3 mal, queda demostrado qu\u00e9 tipo de persona dirige la polic\u00eda de Sant Antoni y queda demostrado que todas las acusaciones vertidas sobre A\u00edda y este partido eran falsas, cortinas de humo para tapar la buena gesti\u00f3n que se estaba desarrollando&#8221;. Antonio Lorenzo ha insistido en reclamar a Marcos Serra la destituci\u00f3n del jefe de la polic\u00eda: &#8220;En caso contrario, el alcalde est\u00e1 avalando sus pr\u00e1cticas irregulares pasadas y futuras. Javier Verdugo no puede estar ni un minuto m\u00e1s al frente de la polic\u00eda local . \u00bfComo podemos confiar, la ciudadan\u00eda, en una persona que, seg\u00fan la juez, ha faltado a la verdad y hace pr\u00e1cticas irregulares? No puede seguir ni un minuto m\u00e1s en la jefatura&#8221;, concluy\u00f3 Antonio Lorenzo.<\/p>\n","protected":false},"excerpt":{"rendered":"<p>El PSOE ha manifestado p\u00fablicamente su alegr\u00eda por la absoluci\u00f3n de A\u00edda Alcaraz y le ha transmitido todo el apoyo y reconocimiento, despu\u00e9s de que haya sido durante cuatro a\u00f1os injustamente acusada de acoso por parte del jefe de la Polic\u00eda Local de Sant Antoni de Portmany, Javier Verdurgo. La sentencia es contundente: No s\u00f3lo&hellip;<\/p>\n","protected":false},"author":7,"featured_media":34186,"comment_status":"closed","ping_status":"closed","sticky":false,"template":"","format":"standard","meta":{"footnotes":""},"categories":[212],"tags":[],"class_list":["post-34188","post","type-post","status-publish","format-standard","has-post-thumbnail","hentry","category-fse-psoe"],"yoast_head":"<!-- This site is optimized with the Yoast SEO plugin v26.9 - https:\/\/yoast.com\/product\/yoast-seo-wordpress\/ -->\n<title>El PSOE manifiesta su alegr\u00eda por la absoluci\u00f3n de A\u00edda Alcaraz y exige al PP disculpas p\u00fablicas y el cese del jefe de la Polic\u00eda Local de Sant Antoni - Federaci\u00f3 Socialista d&#039;Eivissa<\/title>\n<meta name=\"robots\" content=\"index, follow, max-snippet:-1, max-image-preview:large, max-video-preview:-1\" \/>\n<link rel=\"canonical\" href=\"https:\/\/www.psib-psoe.org\/eivissa\/el-psoe-manifiesta-su-alegria-por-la-absolucion-de-aida-alcaraz-y-exige-al-pp-disculpas-publicas-y-el-cese-del-jefe-de-la-policia-local-de-sant-antoni\/\" \/>\n<meta property=\"og:locale\" content=\"ca_ES\" \/>\n<meta property=\"og:type\" content=\"article\" \/>\n<meta property=\"og:title\" content=\"El PSOE manifiesta su alegr\u00eda por la absoluci\u00f3n de A\u00edda Alcaraz y exige al PP disculpas p\u00fablicas y el cese del jefe de la Polic\u00eda Local de Sant Antoni - Federaci\u00f3 Socialista d&#039;Eivissa\" \/>\n<meta property=\"og:description\" content=\"El PSOE ha manifestado p\u00fablicamente su alegr\u00eda por la absoluci\u00f3n de A\u00edda Alcaraz y le ha transmitido todo el apoyo y reconocimiento, despu\u00e9s de que haya sido durante cuatro a\u00f1os injustamente acusada de acoso por parte del jefe de la Polic\u00eda Local de Sant Antoni de Portmany, Javier Verdurgo. La sentencia es contundente: No s\u00f3lo&hellip;\" \/>\n<meta property=\"og:url\" content=\"https:\/\/www.psib-psoe.org\/eivissa\/el-psoe-manifiesta-su-alegria-por-la-absolucion-de-aida-alcaraz-y-exige-al-pp-disculpas-publicas-y-el-cese-del-jefe-de-la-policia-local-de-sant-antoni\/\" \/>\n<meta property=\"og:site_name\" content=\"Federaci\u00f3 Socialista d&#039;Eivissa\" \/>\n<meta property=\"article:published_time\" content=\"2021-09-15T11:08:56+00:00\" \/>\n<meta property=\"og:image\" content=\"https:\/\/www.psib-psoe.org\/eivissa\/wp-content\/uploads\/Captura-de-Pantalla-2021-09-06-a-les-13.10.16.png\" \/>\n\t<meta property=\"og:image:width\" content=\"926\" \/>\n\t<meta property=\"og:image:height\" content=\"519\" \/>\n\t<meta property=\"og:image:type\" content=\"image\/png\" \/>\n<meta name=\"author\" content=\"Josep Ripoll\" \/>\n<meta name=\"twitter:card\" content=\"summary_large_image\" \/>\n<meta name=\"twitter:label1\" content=\"Escrit per\" \/>\n\t<meta name=\"twitter:data1\" content=\"Josep Ripoll\" \/>\n\t<meta name=\"twitter:label2\" content=\"Temps estimat de lectura\" \/>\n\t<meta name=\"twitter:data2\" content=\"3 minuts\" \/>\n<script type=\"application\/ld+json\" class=\"yoast-schema-graph\">{\"@context\":\"https:\/\/schema.org\",\"@graph\":[{\"@type\":[\"Article\",\"BlogPosting\"],\"@id\":\"https:\/\/www.psib-psoe.org\/eivissa\/el-psoe-manifiesta-su-alegria-por-la-absolucion-de-aida-alcaraz-y-exige-al-pp-disculpas-publicas-y-el-cese-del-jefe-de-la-policia-local-de-sant-antoni\/#article\",\"isPartOf\":{\"@id\":\"https:\/\/www.psib-psoe.org\/eivissa\/el-psoe-manifiesta-su-alegria-por-la-absolucion-de-aida-alcaraz-y-exige-al-pp-disculpas-publicas-y-el-cese-del-jefe-de-la-policia-local-de-sant-antoni\/\"},\"author\":{\"name\":\"Josep Ripoll\",\"@id\":\"https:\/\/www.psib-psoe.org\/eivissa\/#\/schema\/person\/7a9d2841fb36f32e34fc0e9b245e8117\"},\"headline\":\"El PSOE manifiesta su alegr\u00eda por la absoluci\u00f3n de A\u00edda Alcaraz y exige al PP disculpas p\u00fablicas y el cese del jefe de la Polic\u00eda Local de Sant Antoni\",\"datePublished\":\"2021-09-15T11:08:56+00:00\",\"mainEntityOfPage\":{\"@id\":\"https:\/\/www.psib-psoe.org\/eivissa\/el-psoe-manifiesta-su-alegria-por-la-absolucion-de-aida-alcaraz-y-exige-al-pp-disculpas-publicas-y-el-cese-del-jefe-de-la-policia-local-de-sant-antoni\/\"},\"wordCount\":561,\"publisher\":{\"@id\":\"https:\/\/www.psib-psoe.org\/eivissa\/#organization\"},\"image\":{\"@id\":\"https:\/\/www.psib-psoe.org\/eivissa\/el-psoe-manifiesta-su-alegria-por-la-absolucion-de-aida-alcaraz-y-exige-al-pp-disculpas-publicas-y-el-cese-del-jefe-de-la-policia-local-de-sant-antoni\/#primaryimage\"},\"thumbnailUrl\":\"https:\/\/www.psib-psoe.org\/eivissa\/wp-content\/uploads\/Captura-de-Pantalla-2021-09-06-a-les-13.10.16.png\",\"articleSection\":[\"FSE-PSOE\"],\"inLanguage\":\"ca\"},{\"@type\":\"WebPage\",\"@id\":\"https:\/\/www.psib-psoe.org\/eivissa\/el-psoe-manifiesta-su-alegria-por-la-absolucion-de-aida-alcaraz-y-exige-al-pp-disculpas-publicas-y-el-cese-del-jefe-de-la-policia-local-de-sant-antoni\/\",\"url\":\"https:\/\/www.psib-psoe.org\/eivissa\/el-psoe-manifiesta-su-alegria-por-la-absolucion-de-aida-alcaraz-y-exige-al-pp-disculpas-publicas-y-el-cese-del-jefe-de-la-policia-local-de-sant-antoni\/\",\"name\":\"El PSOE manifiesta su alegr\u00eda por la absoluci\u00f3n de A\u00edda Alcaraz y exige al PP disculpas p\u00fablicas y el cese del jefe de la Polic\u00eda Local de Sant Antoni - Federaci\u00f3 Socialista d&#039;Eivissa\",\"isPartOf\":{\"@id\":\"https:\/\/www.psib-psoe.org\/eivissa\/#website\"},\"primaryImageOfPage\":{\"@id\":\"https:\/\/www.psib-psoe.org\/eivissa\/el-psoe-manifiesta-su-alegria-por-la-absolucion-de-aida-alcaraz-y-exige-al-pp-disculpas-publicas-y-el-cese-del-jefe-de-la-policia-local-de-sant-antoni\/#primaryimage\"},\"image\":{\"@id\":\"https:\/\/www.psib-psoe.org\/eivissa\/el-psoe-manifiesta-su-alegria-por-la-absolucion-de-aida-alcaraz-y-exige-al-pp-disculpas-publicas-y-el-cese-del-jefe-de-la-policia-local-de-sant-antoni\/#primaryimage\"},\"thumbnailUrl\":\"https:\/\/www.psib-psoe.org\/eivissa\/wp-content\/uploads\/Captura-de-Pantalla-2021-09-06-a-les-13.10.16.png\",\"datePublished\":\"2021-09-15T11:08:56+00:00\",\"breadcrumb\":{\"@id\":\"https:\/\/www.psib-psoe.org\/eivissa\/el-psoe-manifiesta-su-alegria-por-la-absolucion-de-aida-alcaraz-y-exige-al-pp-disculpas-publicas-y-el-cese-del-jefe-de-la-policia-local-de-sant-antoni\/#breadcrumb\"},\"inLanguage\":\"ca\",\"potentialAction\":[{\"@type\":\"ReadAction\",\"target\":[\"https:\/\/www.psib-psoe.org\/eivissa\/el-psoe-manifiesta-su-alegria-por-la-absolucion-de-aida-alcaraz-y-exige-al-pp-disculpas-publicas-y-el-cese-del-jefe-de-la-policia-local-de-sant-antoni\/\"]}]},{\"@type\":\"ImageObject\",\"inLanguage\":\"ca\",\"@id\":\"https:\/\/www.psib-psoe.org\/eivissa\/el-psoe-manifiesta-su-alegria-por-la-absolucion-de-aida-alcaraz-y-exige-al-pp-disculpas-publicas-y-el-cese-del-jefe-de-la-policia-local-de-sant-antoni\/#primaryimage\",\"url\":\"https:\/\/www.psib-psoe.org\/eivissa\/wp-content\/uploads\/Captura-de-Pantalla-2021-09-06-a-les-13.10.16.png\",\"contentUrl\":\"https:\/\/www.psib-psoe.org\/eivissa\/wp-content\/uploads\/Captura-de-Pantalla-2021-09-06-a-les-13.10.16.png\",\"width\":926,\"height\":519},{\"@type\":\"BreadcrumbList\",\"@id\":\"https:\/\/www.psib-psoe.org\/eivissa\/el-psoe-manifiesta-su-alegria-por-la-absolucion-de-aida-alcaraz-y-exige-al-pp-disculpas-publicas-y-el-cese-del-jefe-de-la-policia-local-de-sant-antoni\/#breadcrumb\",\"itemListElement\":[{\"@type\":\"ListItem\",\"position\":1,\"name\":\"Inici\",\"item\":\"https:\/\/www.psib-psoe.org\/eivissa\/\"},{\"@type\":\"ListItem\",\"position\":2,\"name\":\"El PSOE manifiesta su alegr\u00eda por la absoluci\u00f3n de A\u00edda Alcaraz y exige al PP disculpas p\u00fablicas y el cese del jefe de la Polic\u00eda Local de Sant Antoni\"}]},{\"@type\":\"WebSite\",\"@id\":\"https:\/\/www.psib-psoe.org\/eivissa\/#website\",\"url\":\"https:\/\/www.psib-psoe.org\/eivissa\/\",\"name\":\"Federaci\u00f3 Socialista d'Eivissa\",\"description\":\"Socialistes d&#039;Eivissa\",\"publisher\":{\"@id\":\"https:\/\/www.psib-psoe.org\/eivissa\/#organization\"},\"potentialAction\":[{\"@type\":\"SearchAction\",\"target\":{\"@type\":\"EntryPoint\",\"urlTemplate\":\"https:\/\/www.psib-psoe.org\/eivissa\/?s={search_term_string}\"},\"query-input\":{\"@type\":\"PropertyValueSpecification\",\"valueRequired\":true,\"valueName\":\"search_term_string\"}}],\"inLanguage\":\"ca\"},{\"@type\":\"Organization\",\"@id\":\"https:\/\/www.psib-psoe.org\/eivissa\/#organization\",\"name\":\"Federaci\u00f3 Socialista d'Eivissa\",\"url\":\"https:\/\/www.psib-psoe.org\/eivissa\/\",\"logo\":{\"@type\":\"ImageObject\",\"inLanguage\":\"ca\",\"@id\":\"https:\/\/www.psib-psoe.org\/eivissa\/#\/schema\/logo\/image\/\",\"url\":\"https:\/\/www.psib-psoe.org\/eivissa\/wp-content\/uploads\/LOGO-FSE-SOCIALISTA-DEIVISSA-HORI.png\",\"contentUrl\":\"https:\/\/www.psib-psoe.org\/eivissa\/wp-content\/uploads\/LOGO-FSE-SOCIALISTA-DEIVISSA-HORI.png\",\"width\":6000,\"height\":3104,\"caption\":\"Federaci\u00f3 Socialista d'Eivissa\"},\"image\":{\"@id\":\"https:\/\/www.psib-psoe.org\/eivissa\/#\/schema\/logo\/image\/\"}},{\"@type\":\"Person\",\"@id\":\"https:\/\/www.psib-psoe.org\/eivissa\/#\/schema\/person\/7a9d2841fb36f32e34fc0e9b245e8117\",\"name\":\"Josep Ripoll\",\"sameAs\":[\"http:\/\/www.psib-psoe.org\/eivissa\/wp-login.php\"],\"url\":\"https:\/\/www.psib-psoe.org\/eivissa\/author\/josep\/\"}]}<\/script>\n<!-- \/ Yoast SEO plugin. -->","yoast_head_json":{"title":"El PSOE manifiesta su alegr\u00eda por la absoluci\u00f3n de A\u00edda Alcaraz y exige al PP disculpas p\u00fablicas y el cese del jefe de la Polic\u00eda Local de Sant Antoni - Federaci\u00f3 Socialista d&#039;Eivissa","robots":{"index":"index","follow":"follow","max-snippet":"max-snippet:-1","max-image-preview":"max-image-preview:large","max-video-preview":"max-video-preview:-1"},"canonical":"https:\/\/www.psib-psoe.org\/eivissa\/el-psoe-manifiesta-su-alegria-por-la-absolucion-de-aida-alcaraz-y-exige-al-pp-disculpas-publicas-y-el-cese-del-jefe-de-la-policia-local-de-sant-antoni\/","og_locale":"ca_ES","og_type":"article","og_title":"El PSOE manifiesta su alegr\u00eda por la absoluci\u00f3n de A\u00edda Alcaraz y exige al PP disculpas p\u00fablicas y el cese del jefe de la Polic\u00eda Local de Sant Antoni - Federaci\u00f3 Socialista d&#039;Eivissa","og_description":"El PSOE ha manifestado p\u00fablicamente su alegr\u00eda por la absoluci\u00f3n de A\u00edda Alcaraz y le ha transmitido todo el apoyo y reconocimiento, despu\u00e9s de que haya sido durante cuatro a\u00f1os injustamente acusada de acoso por parte del jefe de la Polic\u00eda Local de Sant Antoni de Portmany, Javier Verdurgo. La sentencia es contundente: No s\u00f3lo&hellip;","og_url":"https:\/\/www.psib-psoe.org\/eivissa\/el-psoe-manifiesta-su-alegria-por-la-absolucion-de-aida-alcaraz-y-exige-al-pp-disculpas-publicas-y-el-cese-del-jefe-de-la-policia-local-de-sant-antoni\/","og_site_name":"Federaci\u00f3 Socialista d&#039;Eivissa","article_published_time":"2021-09-15T11:08:56+00:00","og_image":[{"width":926,"height":519,"url":"https:\/\/www.psib-psoe.org\/eivissa\/wp-content\/uploads\/Captura-de-Pantalla-2021-09-06-a-les-13.10.16.png","type":"image\/png"}],"author":"Josep Ripoll","twitter_card":"summary_large_image","twitter_misc":{"Escrit per":"Josep Ripoll","Temps estimat de lectura":"3 minuts"},"schema":{"@context":"https:\/\/schema.org","@graph":[{"@type":["Article","BlogPosting"],"@id":"https:\/\/www.psib-psoe.org\/eivissa\/el-psoe-manifiesta-su-alegria-por-la-absolucion-de-aida-alcaraz-y-exige-al-pp-disculpas-publicas-y-el-cese-del-jefe-de-la-policia-local-de-sant-antoni\/#article","isPartOf":{"@id":"https:\/\/www.psib-psoe.org\/eivissa\/el-psoe-manifiesta-su-alegria-por-la-absolucion-de-aida-alcaraz-y-exige-al-pp-disculpas-publicas-y-el-cese-del-jefe-de-la-policia-local-de-sant-antoni\/"},"author":{"name":"Josep Ripoll","@id":"https:\/\/www.psib-psoe.org\/eivissa\/#\/schema\/person\/7a9d2841fb36f32e34fc0e9b245e8117"},"headline":"El PSOE manifiesta su alegr\u00eda por la absoluci\u00f3n de A\u00edda Alcaraz y exige al PP disculpas p\u00fablicas y el cese del jefe de la Polic\u00eda Local de Sant Antoni","datePublished":"2021-09-15T11:08:56+00:00","mainEntityOfPage":{"@id":"https:\/\/www.psib-psoe.org\/eivissa\/el-psoe-manifiesta-su-alegria-por-la-absolucion-de-aida-alcaraz-y-exige-al-pp-disculpas-publicas-y-el-cese-del-jefe-de-la-policia-local-de-sant-antoni\/"},"wordCount":561,"publisher":{"@id":"https:\/\/www.psib-psoe.org\/eivissa\/#organization"},"image":{"@id":"https:\/\/www.psib-psoe.org\/eivissa\/el-psoe-manifiesta-su-alegria-por-la-absolucion-de-aida-alcaraz-y-exige-al-pp-disculpas-publicas-y-el-cese-del-jefe-de-la-policia-local-de-sant-antoni\/#primaryimage"},"thumbnailUrl":"https:\/\/www.psib-psoe.org\/eivissa\/wp-content\/uploads\/Captura-de-Pantalla-2021-09-06-a-les-13.10.16.png","articleSection":["FSE-PSOE"],"inLanguage":"ca"},{"@type":"WebPage","@id":"https:\/\/www.psib-psoe.org\/eivissa\/el-psoe-manifiesta-su-alegria-por-la-absolucion-de-aida-alcaraz-y-exige-al-pp-disculpas-publicas-y-el-cese-del-jefe-de-la-policia-local-de-sant-antoni\/","url":"https:\/\/www.psib-psoe.org\/eivissa\/el-psoe-manifiesta-su-alegria-por-la-absolucion-de-aida-alcaraz-y-exige-al-pp-disculpas-publicas-y-el-cese-del-jefe-de-la-policia-local-de-sant-antoni\/","name":"El PSOE manifiesta su alegr\u00eda por la absoluci\u00f3n de A\u00edda Alcaraz y exige al PP disculpas p\u00fablicas y el cese del jefe de la Polic\u00eda Local de Sant Antoni - Federaci\u00f3 Socialista d&#039;Eivissa","isPartOf":{"@id":"https:\/\/www.psib-psoe.org\/eivissa\/#website"},"primaryImageOfPage":{"@id":"https:\/\/www.psib-psoe.org\/eivissa\/el-psoe-manifiesta-su-alegria-por-la-absolucion-de-aida-alcaraz-y-exige-al-pp-disculpas-publicas-y-el-cese-del-jefe-de-la-policia-local-de-sant-antoni\/#primaryimage"},"image":{"@id":"https:\/\/www.psib-psoe.org\/eivissa\/el-psoe-manifiesta-su-alegria-por-la-absolucion-de-aida-alcaraz-y-exige-al-pp-disculpas-publicas-y-el-cese-del-jefe-de-la-policia-local-de-sant-antoni\/#primaryimage"},"thumbnailUrl":"https:\/\/www.psib-psoe.org\/eivissa\/wp-content\/uploads\/Captura-de-Pantalla-2021-09-06-a-les-13.10.16.png","datePublished":"2021-09-15T11:08:56+00:00","breadcrumb":{"@id":"https:\/\/www.psib-psoe.org\/eivissa\/el-psoe-manifiesta-su-alegria-por-la-absolucion-de-aida-alcaraz-y-exige-al-pp-disculpas-publicas-y-el-cese-del-jefe-de-la-policia-local-de-sant-antoni\/#breadcrumb"},"inLanguage":"ca","potentialAction":[{"@type":"ReadAction","target":["https:\/\/www.psib-psoe.org\/eivissa\/el-psoe-manifiesta-su-alegria-por-la-absolucion-de-aida-alcaraz-y-exige-al-pp-disculpas-publicas-y-el-cese-del-jefe-de-la-policia-local-de-sant-antoni\/"]}]},{"@type":"ImageObject","inLanguage":"ca","@id":"https:\/\/www.psib-psoe.org\/eivissa\/el-psoe-manifiesta-su-alegria-por-la-absolucion-de-aida-alcaraz-y-exige-al-pp-disculpas-publicas-y-el-cese-del-jefe-de-la-policia-local-de-sant-antoni\/#primaryimage","url":"https:\/\/www.psib-psoe.org\/eivissa\/wp-content\/uploads\/Captura-de-Pantalla-2021-09-06-a-les-13.10.16.png","contentUrl":"https:\/\/www.psib-psoe.org\/eivissa\/wp-content\/uploads\/Captura-de-Pantalla-2021-09-06-a-les-13.10.16.png","width":926,"height":519},{"@type":"BreadcrumbList","@id":"https:\/\/www.psib-psoe.org\/eivissa\/el-psoe-manifiesta-su-alegria-por-la-absolucion-de-aida-alcaraz-y-exige-al-pp-disculpas-publicas-y-el-cese-del-jefe-de-la-policia-local-de-sant-antoni\/#breadcrumb","itemListElement":[{"@type":"ListItem","position":1,"name":"Inici","item":"https:\/\/www.psib-psoe.org\/eivissa\/"},{"@type":"ListItem","position":2,"name":"El PSOE manifiesta su alegr\u00eda por la absoluci\u00f3n de A\u00edda Alcaraz y exige al PP disculpas p\u00fablicas y el cese del jefe de la Polic\u00eda Local de Sant Antoni"}]},{"@type":"WebSite","@id":"https:\/\/www.psib-psoe.org\/eivissa\/#website","url":"https:\/\/www.psib-psoe.org\/eivissa\/","name":"Federaci\u00f3 Socialista d'Eivissa","description":"Socialistes d&#039;Eivissa","publisher":{"@id":"https:\/\/www.psib-psoe.org\/eivissa\/#organization"},"potentialAction":[{"@type":"SearchAction","target":{"@type":"EntryPoint","urlTemplate":"https:\/\/www.psib-psoe.org\/eivissa\/?s={search_term_string}"},"query-input":{"@type":"PropertyValueSpecification","valueRequired":true,"valueName":"search_term_string"}}],"inLanguage":"ca"},{"@type":"Organization","@id":"https:\/\/www.psib-psoe.org\/eivissa\/#organization","name":"Federaci\u00f3 Socialista d'Eivissa","url":"https:\/\/www.psib-psoe.org\/eivissa\/","logo":{"@type":"ImageObject","inLanguage":"ca","@id":"https:\/\/www.psib-psoe.org\/eivissa\/#\/schema\/logo\/image\/","url":"https:\/\/www.psib-psoe.org\/eivissa\/wp-content\/uploads\/LOGO-FSE-SOCIALISTA-DEIVISSA-HORI.png","contentUrl":"https:\/\/www.psib-psoe.org\/eivissa\/wp-content\/uploads\/LOGO-FSE-SOCIALISTA-DEIVISSA-HORI.png","width":6000,"height":3104,"caption":"Federaci\u00f3 Socialista d'Eivissa"},"image":{"@id":"https:\/\/www.psib-psoe.org\/eivissa\/#\/schema\/logo\/image\/"}},{"@type":"Person","@id":"https:\/\/www.psib-psoe.org\/eivissa\/#\/schema\/person\/7a9d2841fb36f32e34fc0e9b245e8117","name":"Josep Ripoll","sameAs":["http:\/\/www.psib-psoe.org\/eivissa\/wp-login.php"],"url":"https:\/\/www.psib-psoe.org\/eivissa\/author\/josep\/"}]}},"_links":{"self":[{"href":"https:\/\/www.psib-psoe.org\/eivissa\/wp-json\/wp\/v2\/posts\/34188","targetHints":{"allow":["GET"]}}],"collection":[{"href":"https:\/\/www.psib-psoe.org\/eivissa\/wp-json\/wp\/v2\/posts"}],"about":[{"href":"https:\/\/www.psib-psoe.org\/eivissa\/wp-json\/wp\/v2\/types\/post"}],"author":[{"embeddable":true,"href":"https:\/\/www.psib-psoe.org\/eivissa\/wp-json\/wp\/v2\/users\/7"}],"replies":[{"embeddable":true,"href":"https:\/\/www.psib-psoe.org\/eivissa\/wp-json\/wp\/v2\/comments?post=34188"}],"version-history":[{"count":1,"href":"https:\/\/www.psib-psoe.org\/eivissa\/wp-json\/wp\/v2\/posts\/34188\/revisions"}],"predecessor-version":[{"id":34189,"href":"https:\/\/www.psib-psoe.org\/eivissa\/wp-json\/wp\/v2\/posts\/34188\/revisions\/34189"}],"wp:featuredmedia":[{"embeddable":true,"href":"https:\/\/www.psib-psoe.org\/eivissa\/wp-json\/wp\/v2\/media\/34186"}],"wp:attachment":[{"href":"https:\/\/www.psib-psoe.org\/eivissa\/wp-json\/wp\/v2\/media?parent=34188"}],"wp:term":[{"taxonomy":"category","embeddable":true,"href":"https:\/\/www.psib-psoe.org\/eivissa\/wp-json\/wp\/v2\/categories?post=34188"},{"taxonomy":"post_tag","embeddable":true,"href":"https:\/\/www.psib-psoe.org\/eivissa\/wp-json\/wp\/v2\/tags?post=34188"}],"curies":[{"name":"wp","href":"https:\/\/api.w.org\/{rel}","templated":true}]}}