{"id":34203,"date":"2021-09-07T12:00:55","date_gmt":"2021-09-07T10:00:55","guid":{"rendered":"https:\/\/www.psib-psoe.org\/eivissa\/?p=34203"},"modified":"2021-09-16T12:24:56","modified_gmt":"2021-09-16T10:24:56","slug":"psoe-reinicia-presenta-allegacions-a-la-nova-ordenanca-docupacio-de-la-via-publica-de-sant-antoni-per-la-seva-afectacio-a-la-mobilitat-de-les-persones-i-perque-no-ajuda-a-el-canvi-de-model-turistic","status":"publish","type":"post","link":"https:\/\/www.psib-psoe.org\/eivissa\/psoe-reinicia-presenta-allegacions-a-la-nova-ordenanca-docupacio-de-la-via-publica-de-sant-antoni-per-la-seva-afectacio-a-la-mobilitat-de-les-persones-i-perque-no-ajuda-a-el-canvi-de-model-turistic\/","title":{"rendered":"PSOE-Reinicia presenta al\u00b7legacions a la nova ordenan\u00e7a d&#8217;ocupaci\u00f3 de la via p\u00fablica de Sant Antoni per la seva afectaci\u00f3 a la mobilitat de les persones i perqu\u00e8 no ajuda a el canvi de model tur\u00edstic del municipi"},"content":{"rendered":"<p>El grup municipal PSOE-Reinicia ha presentat al\u00b7legacions a la nova ordenan\u00e7a d&#8217;ocupaci\u00f3 de la via p\u00fablica de l&#8217;Ajuntament de Sant Antoni de Portmany, per la seva afectaci\u00f3 a la seguretat i perqu\u00e8 perjudica la mobilitat de les persones, especialment les que tenen discapacitat. El portaveu de grup municipal, Sim\u00f3 Planells, afirma que l&#8217;equip de govern, amb la nova ordenan\u00e7a, &#8220;est\u00e0 creant un municipi menys accessible, sobretot per a aquelles persones amb mobilitat redu\u00efda&#8221;. PSOE-Reinicia presenta les al\u00b7legacions despr\u00e9s de votar en contra de l&#8217;aprovaci\u00f3 inicial de l&#8217;ordenan\u00e7a, en el ple de l&#8217;passat mes de juliol.<\/p>\n<p>PSOE-Reinicia considera que l&#8217;ordenan\u00e7a d&#8217;ocupaci\u00f3 de via p\u00fablica hauria de ser &#8220;una eina per incentivar el canvi de model i per a ordenar la imatge d&#8217;un municipi&#8221;. Tot i aix\u00f2, &#8220;la modificaci\u00f3 que preveu l&#8217;ajuntament no t\u00e9 elements que dirigeixin l&#8217;economia de Sant Antoni a el nou model d&#8217;inclusivitat i restauraci\u00f3&#8221;, lamenta Sim\u00f3n Planells.<\/p>\n<p>En concret, PSOE-Reinicia demana la modificaci\u00f3 de l&#8217;article 17, que estableix la possibilitat de &#8220;excepcionalment, permetre estrenyiments puntuals&#8221; de la carrers fins als 1,5 metres. L&#8217;article incompleix la normativa sobre accessibilitat i no discriminaci\u00f3 per a l&#8217;acc\u00e9s i utilitzaci\u00f3 dels espais p\u00fablics urbanitzats, que estableix que els elements vinculats a activitats comercials disponibles a les \u00e0rees d&#8217;\u00fas de vianants &#8220;han de ser accessibles a totes les persones&#8221; i que &#8220;en cap cas envairan o alteraran l&#8217;itinerari peatonal accessible &#8220;.<\/p>\n<p>Segons Sim\u00f3n Planells, l&#8217;article 17 &#8220;contraposa els interessos dels vianants de la via p\u00fablica, a l&#8217;considerar l&#8217;excepci\u00f3 en la pr\u00f2pia ordenan\u00e7a&#8221;. &#8220;L&#8217;ordenan\u00e7a proposta no compleix amb la legalitat vigent, a l&#8217;prioritzar els usos comercials davant el dret innegable de tr\u00e0nsit accessible per a les persones&#8221;, afirma Planells. &#8220;En cap moment s&#8217;hauria de prioritzar l&#8217;\u00fas comercial de l&#8217;espai p\u00fablic per sobre de el dret d&#8217;un vianant a el pas, la normativa \u00e9s clara&#8221;.<\/p>\n<p>PSOE-Reinicia tamb\u00e9 critica que l&#8217;ordenan\u00e7a estableix un horari d&#8217;ocupaci\u00f3 de via p\u00fablica de 8 a 2 hores, sense establir cap diferenciaci\u00f3 per tipus d&#8217;activitat. Sim\u00f3n Planells considera que l&#8217;ordenan\u00e7a hauria d&#8217;establir una diferenciaci\u00f3 per ep\u00edgrafs per a l&#8217;horari d&#8217;ocupaci\u00f3 de via p\u00fablica, donant aix\u00ed incentius a la creaci\u00f3 d&#8217;activitats de restauraci\u00f3. El grup progressista considera que &#8220;l&#8217;Ajuntament de Sant Antoni hauria de continuar amb la transici\u00f3 a un model basat en activitats sostenibles i d&#8217;alt valor afegit com la restauraci\u00f3, tal com marca el Pla Estrat\u00e8gic 2016-2030 aprovat en la legislatura progressista&#8221;.<\/p>\n<p>PSOE-Reinicia seguir\u00e0 defensant un model econ\u00f2mic &#8220;de qualitat i sostenible&#8221; per Sant Antoni &#8220;, prioritzant&#8221; activitats d&#8217;alt valor afegit, per sobre de les activitats perjudicials per a la ciutadania &#8220;.<\/p>\n","protected":false},"excerpt":{"rendered":"<p>El grup municipal PSOE-Reinicia ha presentat al\u00b7legacions a la nova ordenan\u00e7a d&#8217;ocupaci\u00f3 de la via p\u00fablica de l&#8217;Ajuntament de Sant Antoni de Portmany, per la seva afectaci\u00f3 a la seguretat i perqu\u00e8 perjudica la mobilitat de les persones, especialment les que tenen discapacitat. El portaveu de grup municipal, Sim\u00f3 Planells, afirma que l&#8217;equip de govern,&hellip;<\/p>\n","protected":false},"author":12,"featured_media":27018,"comment_status":"closed","ping_status":"closed","sticky":false,"template":"","format":"standard","meta":{"footnotes":""},"categories":[1,188],"tags":[],"class_list":["post-34203","post","type-post","status-publish","format-standard","has-post-thumbnail","hentry","category-federacio-de-eivissa-portada","category-sant-antoni-de-portmany"],"yoast_head":"<!-- This site is optimized with the Yoast SEO plugin v26.9 - https:\/\/yoast.com\/product\/yoast-seo-wordpress\/ -->\n<title>PSOE-Reinicia presenta al\u00b7legacions a la nova ordenan\u00e7a d&#039;ocupaci\u00f3 de la via p\u00fablica de Sant Antoni per la seva afectaci\u00f3 a la mobilitat de les persones i perqu\u00e8 no ajuda a el canvi de model tur\u00edstic del municipi - Federaci\u00f3 Socialista d&#039;Eivissa<\/title>\n<meta name=\"robots\" content=\"index, follow, max-snippet:-1, max-image-preview:large, max-video-preview:-1\" \/>\n<link rel=\"canonical\" href=\"https:\/\/www.psib-psoe.org\/eivissa\/psoe-reinicia-presenta-allegacions-a-la-nova-ordenanca-docupacio-de-la-via-publica-de-sant-antoni-per-la-seva-afectacio-a-la-mobilitat-de-les-persones-i-perque-no-ajuda-a-el-canvi-de-model-turistic\/\" \/>\n<meta property=\"og:locale\" content=\"ca_ES\" \/>\n<meta property=\"og:type\" content=\"article\" \/>\n<meta property=\"og:title\" content=\"PSOE-Reinicia presenta al\u00b7legacions a la nova ordenan\u00e7a d&#039;ocupaci\u00f3 de la via p\u00fablica de Sant Antoni per la seva afectaci\u00f3 a la mobilitat de les persones i perqu\u00e8 no ajuda a el canvi de model tur\u00edstic del municipi - Federaci\u00f3 Socialista d&#039;Eivissa\" \/>\n<meta property=\"og:description\" content=\"El grup municipal PSOE-Reinicia ha presentat al\u00b7legacions a la nova ordenan\u00e7a d&#8217;ocupaci\u00f3 de la via p\u00fablica de l&#8217;Ajuntament de Sant Antoni de Portmany, per la seva afectaci\u00f3 a la seguretat i perqu\u00e8 perjudica la mobilitat de les persones, especialment les que tenen discapacitat. El portaveu de grup municipal, Sim\u00f3 Planells, afirma que l&#8217;equip de govern,&hellip;\" \/>\n<meta property=\"og:url\" content=\"https:\/\/www.psib-psoe.org\/eivissa\/psoe-reinicia-presenta-allegacions-a-la-nova-ordenanca-docupacio-de-la-via-publica-de-sant-antoni-per-la-seva-afectacio-a-la-mobilitat-de-les-persones-i-perque-no-ajuda-a-el-canvi-de-model-turistic\/\" \/>\n<meta property=\"og:site_name\" content=\"Federaci\u00f3 Socialista d&#039;Eivissa\" \/>\n<meta property=\"article:published_time\" content=\"2021-09-07T10:00:55+00:00\" \/>\n<meta property=\"article:modified_time\" content=\"2021-09-16T10:24:56+00:00\" \/>\n<meta property=\"og:image\" content=\"https:\/\/www.psib-psoe.org\/eivissa\/wp-content\/uploads\/WhatsApp-Image-2019-09-26-at-12.04.48-1024x768.jpeg\" \/>\n\t<meta property=\"og:image:width\" content=\"1024\" \/>\n\t<meta property=\"og:image:height\" content=\"768\" \/>\n\t<meta property=\"og:image:type\" content=\"image\/jpeg\" \/>\n<meta name=\"author\" content=\"Azahara\" \/>\n<meta name=\"twitter:card\" content=\"summary_large_image\" \/>\n<meta name=\"twitter:label1\" content=\"Escrit per\" \/>\n\t<meta name=\"twitter:data1\" content=\"Azahara\" \/>\n\t<meta name=\"twitter:label2\" content=\"Temps estimat de lectura\" \/>\n\t<meta name=\"twitter:data2\" content=\"2 minuts\" \/>\n<script type=\"application\/ld+json\" class=\"yoast-schema-graph\">{\"@context\":\"https:\/\/schema.org\",\"@graph\":[{\"@type\":[\"Article\",\"BlogPosting\"],\"@id\":\"https:\/\/www.psib-psoe.org\/eivissa\/psoe-reinicia-presenta-allegacions-a-la-nova-ordenanca-docupacio-de-la-via-publica-de-sant-antoni-per-la-seva-afectacio-a-la-mobilitat-de-les-persones-i-perque-no-ajuda-a-el-canvi-de-model-turistic\/#article\",\"isPartOf\":{\"@id\":\"https:\/\/www.psib-psoe.org\/eivissa\/psoe-reinicia-presenta-allegacions-a-la-nova-ordenanca-docupacio-de-la-via-publica-de-sant-antoni-per-la-seva-afectacio-a-la-mobilitat-de-les-persones-i-perque-no-ajuda-a-el-canvi-de-model-turistic\/\"},\"author\":{\"name\":\"Azahara\",\"@id\":\"https:\/\/www.psib-psoe.org\/eivissa\/#\/schema\/person\/68066b276b53995e2bd8dac00f0bc415\"},\"headline\":\"PSOE-Reinicia presenta al\u00b7legacions a la nova ordenan\u00e7a d&#8217;ocupaci\u00f3 de la via p\u00fablica de Sant Antoni per la seva afectaci\u00f3 a la mobilitat de les persones i perqu\u00e8 no ajuda a el canvi de model tur\u00edstic del municipi\",\"datePublished\":\"2021-09-07T10:00:55+00:00\",\"dateModified\":\"2021-09-16T10:24:56+00:00\",\"mainEntityOfPage\":{\"@id\":\"https:\/\/www.psib-psoe.org\/eivissa\/psoe-reinicia-presenta-allegacions-a-la-nova-ordenanca-docupacio-de-la-via-publica-de-sant-antoni-per-la-seva-afectacio-a-la-mobilitat-de-les-persones-i-perque-no-ajuda-a-el-canvi-de-model-turistic\/\"},\"wordCount\":485,\"publisher\":{\"@id\":\"https:\/\/www.psib-psoe.org\/eivissa\/#organization\"},\"image\":{\"@id\":\"https:\/\/www.psib-psoe.org\/eivissa\/psoe-reinicia-presenta-allegacions-a-la-nova-ordenanca-docupacio-de-la-via-publica-de-sant-antoni-per-la-seva-afectacio-a-la-mobilitat-de-les-persones-i-perque-no-ajuda-a-el-canvi-de-model-turistic\/#primaryimage\"},\"thumbnailUrl\":\"https:\/\/www.psib-psoe.org\/eivissa\/wp-content\/uploads\/WhatsApp-Image-2019-09-26-at-12.04.48-1024x768.jpeg\",\"articleSection\":[\"Federaci\u00f3 d'Eivissa - Portada\",\"Sant Antoni de Portmany\"],\"inLanguage\":\"ca\"},{\"@type\":\"WebPage\",\"@id\":\"https:\/\/www.psib-psoe.org\/eivissa\/psoe-reinicia-presenta-allegacions-a-la-nova-ordenanca-docupacio-de-la-via-publica-de-sant-antoni-per-la-seva-afectacio-a-la-mobilitat-de-les-persones-i-perque-no-ajuda-a-el-canvi-de-model-turistic\/\",\"url\":\"https:\/\/www.psib-psoe.org\/eivissa\/psoe-reinicia-presenta-allegacions-a-la-nova-ordenanca-docupacio-de-la-via-publica-de-sant-antoni-per-la-seva-afectacio-a-la-mobilitat-de-les-persones-i-perque-no-ajuda-a-el-canvi-de-model-turistic\/\",\"name\":\"PSOE-Reinicia presenta al\u00b7legacions a la nova ordenan\u00e7a d'ocupaci\u00f3 de la via p\u00fablica de Sant Antoni per la seva afectaci\u00f3 a la mobilitat de les persones i perqu\u00e8 no ajuda a el canvi de model tur\u00edstic del municipi - Federaci\u00f3 Socialista d&#039;Eivissa\",\"isPartOf\":{\"@id\":\"https:\/\/www.psib-psoe.org\/eivissa\/#website\"},\"primaryImageOfPage\":{\"@id\":\"https:\/\/www.psib-psoe.org\/eivissa\/psoe-reinicia-presenta-allegacions-a-la-nova-ordenanca-docupacio-de-la-via-publica-de-sant-antoni-per-la-seva-afectacio-a-la-mobilitat-de-les-persones-i-perque-no-ajuda-a-el-canvi-de-model-turistic\/#primaryimage\"},\"image\":{\"@id\":\"https:\/\/www.psib-psoe.org\/eivissa\/psoe-reinicia-presenta-allegacions-a-la-nova-ordenanca-docupacio-de-la-via-publica-de-sant-antoni-per-la-seva-afectacio-a-la-mobilitat-de-les-persones-i-perque-no-ajuda-a-el-canvi-de-model-turistic\/#primaryimage\"},\"thumbnailUrl\":\"https:\/\/www.psib-psoe.org\/eivissa\/wp-content\/uploads\/WhatsApp-Image-2019-09-26-at-12.04.48-1024x768.jpeg\",\"datePublished\":\"2021-09-07T10:00:55+00:00\",\"dateModified\":\"2021-09-16T10:24:56+00:00\",\"breadcrumb\":{\"@id\":\"https:\/\/www.psib-psoe.org\/eivissa\/psoe-reinicia-presenta-allegacions-a-la-nova-ordenanca-docupacio-de-la-via-publica-de-sant-antoni-per-la-seva-afectacio-a-la-mobilitat-de-les-persones-i-perque-no-ajuda-a-el-canvi-de-model-turistic\/#breadcrumb\"},\"inLanguage\":\"ca\",\"potentialAction\":[{\"@type\":\"ReadAction\",\"target\":[\"https:\/\/www.psib-psoe.org\/eivissa\/psoe-reinicia-presenta-allegacions-a-la-nova-ordenanca-docupacio-de-la-via-publica-de-sant-antoni-per-la-seva-afectacio-a-la-mobilitat-de-les-persones-i-perque-no-ajuda-a-el-canvi-de-model-turistic\/\"]}]},{\"@type\":\"ImageObject\",\"inLanguage\":\"ca\",\"@id\":\"https:\/\/www.psib-psoe.org\/eivissa\/psoe-reinicia-presenta-allegacions-a-la-nova-ordenanca-docupacio-de-la-via-publica-de-sant-antoni-per-la-seva-afectacio-a-la-mobilitat-de-les-persones-i-perque-no-ajuda-a-el-canvi-de-model-turistic\/#primaryimage\",\"url\":\"https:\/\/www.psib-psoe.org\/eivissa\/wp-content\/uploads\/WhatsApp-Image-2019-09-26-at-12.04.48-1024x768.jpeg\",\"contentUrl\":\"https:\/\/www.psib-psoe.org\/eivissa\/wp-content\/uploads\/WhatsApp-Image-2019-09-26-at-12.04.48-1024x768.jpeg\",\"width\":1024,\"height\":768},{\"@type\":\"BreadcrumbList\",\"@id\":\"https:\/\/www.psib-psoe.org\/eivissa\/psoe-reinicia-presenta-allegacions-a-la-nova-ordenanca-docupacio-de-la-via-publica-de-sant-antoni-per-la-seva-afectacio-a-la-mobilitat-de-les-persones-i-perque-no-ajuda-a-el-canvi-de-model-turistic\/#breadcrumb\",\"itemListElement\":[{\"@type\":\"ListItem\",\"position\":1,\"name\":\"Inici\",\"item\":\"https:\/\/www.psib-psoe.org\/eivissa\/\"},{\"@type\":\"ListItem\",\"position\":2,\"name\":\"PSOE-Reinicia presenta al\u00b7legacions a la nova ordenan\u00e7a d&#8217;ocupaci\u00f3 de la via p\u00fablica de Sant Antoni per la seva afectaci\u00f3 a la mobilitat de les persones i perqu\u00e8 no ajuda a el canvi de model tur\u00edstic del municipi\"}]},{\"@type\":\"WebSite\",\"@id\":\"https:\/\/www.psib-psoe.org\/eivissa\/#website\",\"url\":\"https:\/\/www.psib-psoe.org\/eivissa\/\",\"name\":\"Federaci\u00f3 Socialista d'Eivissa\",\"description\":\"Socialistes d&#039;Eivissa\",\"publisher\":{\"@id\":\"https:\/\/www.psib-psoe.org\/eivissa\/#organization\"},\"potentialAction\":[{\"@type\":\"SearchAction\",\"target\":{\"@type\":\"EntryPoint\",\"urlTemplate\":\"https:\/\/www.psib-psoe.org\/eivissa\/?s={search_term_string}\"},\"query-input\":{\"@type\":\"PropertyValueSpecification\",\"valueRequired\":true,\"valueName\":\"search_term_string\"}}],\"inLanguage\":\"ca\"},{\"@type\":\"Organization\",\"@id\":\"https:\/\/www.psib-psoe.org\/eivissa\/#organization\",\"name\":\"Federaci\u00f3 Socialista d'Eivissa\",\"url\":\"https:\/\/www.psib-psoe.org\/eivissa\/\",\"logo\":{\"@type\":\"ImageObject\",\"inLanguage\":\"ca\",\"@id\":\"https:\/\/www.psib-psoe.org\/eivissa\/#\/schema\/logo\/image\/\",\"url\":\"https:\/\/www.psib-psoe.org\/eivissa\/wp-content\/uploads\/LOGO-FSE-SOCIALISTA-DEIVISSA-HORI.png\",\"contentUrl\":\"https:\/\/www.psib-psoe.org\/eivissa\/wp-content\/uploads\/LOGO-FSE-SOCIALISTA-DEIVISSA-HORI.png\",\"width\":6000,\"height\":3104,\"caption\":\"Federaci\u00f3 Socialista d'Eivissa\"},\"image\":{\"@id\":\"https:\/\/www.psib-psoe.org\/eivissa\/#\/schema\/logo\/image\/\"}},{\"@type\":\"Person\",\"@id\":\"https:\/\/www.psib-psoe.org\/eivissa\/#\/schema\/person\/68066b276b53995e2bd8dac00f0bc415\",\"name\":\"Azahara\",\"url\":\"https:\/\/www.psib-psoe.org\/eivissa\/author\/azahara\/\"}]}<\/script>\n<!-- \/ Yoast SEO plugin. -->","yoast_head_json":{"title":"PSOE-Reinicia presenta al\u00b7legacions a la nova ordenan\u00e7a d'ocupaci\u00f3 de la via p\u00fablica de Sant Antoni per la seva afectaci\u00f3 a la mobilitat de les persones i perqu\u00e8 no ajuda a el canvi de model tur\u00edstic del municipi - Federaci\u00f3 Socialista d&#039;Eivissa","robots":{"index":"index","follow":"follow","max-snippet":"max-snippet:-1","max-image-preview":"max-image-preview:large","max-video-preview":"max-video-preview:-1"},"canonical":"https:\/\/www.psib-psoe.org\/eivissa\/psoe-reinicia-presenta-allegacions-a-la-nova-ordenanca-docupacio-de-la-via-publica-de-sant-antoni-per-la-seva-afectacio-a-la-mobilitat-de-les-persones-i-perque-no-ajuda-a-el-canvi-de-model-turistic\/","og_locale":"ca_ES","og_type":"article","og_title":"PSOE-Reinicia presenta al\u00b7legacions a la nova ordenan\u00e7a d'ocupaci\u00f3 de la via p\u00fablica de Sant Antoni per la seva afectaci\u00f3 a la mobilitat de les persones i perqu\u00e8 no ajuda a el canvi de model tur\u00edstic del municipi - Federaci\u00f3 Socialista d&#039;Eivissa","og_description":"El grup municipal PSOE-Reinicia ha presentat al\u00b7legacions a la nova ordenan\u00e7a d&#8217;ocupaci\u00f3 de la via p\u00fablica de l&#8217;Ajuntament de Sant Antoni de Portmany, per la seva afectaci\u00f3 a la seguretat i perqu\u00e8 perjudica la mobilitat de les persones, especialment les que tenen discapacitat. El portaveu de grup municipal, Sim\u00f3 Planells, afirma que l&#8217;equip de govern,&hellip;","og_url":"https:\/\/www.psib-psoe.org\/eivissa\/psoe-reinicia-presenta-allegacions-a-la-nova-ordenanca-docupacio-de-la-via-publica-de-sant-antoni-per-la-seva-afectacio-a-la-mobilitat-de-les-persones-i-perque-no-ajuda-a-el-canvi-de-model-turistic\/","og_site_name":"Federaci\u00f3 Socialista d&#039;Eivissa","article_published_time":"2021-09-07T10:00:55+00:00","article_modified_time":"2021-09-16T10:24:56+00:00","og_image":[{"width":1024,"height":768,"url":"https:\/\/www.psib-psoe.org\/eivissa\/wp-content\/uploads\/WhatsApp-Image-2019-09-26-at-12.04.48-1024x768.jpeg","type":"image\/jpeg"}],"author":"Azahara","twitter_card":"summary_large_image","twitter_misc":{"Escrit per":"Azahara","Temps estimat de lectura":"2 minuts"},"schema":{"@context":"https:\/\/schema.org","@graph":[{"@type":["Article","BlogPosting"],"@id":"https:\/\/www.psib-psoe.org\/eivissa\/psoe-reinicia-presenta-allegacions-a-la-nova-ordenanca-docupacio-de-la-via-publica-de-sant-antoni-per-la-seva-afectacio-a-la-mobilitat-de-les-persones-i-perque-no-ajuda-a-el-canvi-de-model-turistic\/#article","isPartOf":{"@id":"https:\/\/www.psib-psoe.org\/eivissa\/psoe-reinicia-presenta-allegacions-a-la-nova-ordenanca-docupacio-de-la-via-publica-de-sant-antoni-per-la-seva-afectacio-a-la-mobilitat-de-les-persones-i-perque-no-ajuda-a-el-canvi-de-model-turistic\/"},"author":{"name":"Azahara","@id":"https:\/\/www.psib-psoe.org\/eivissa\/#\/schema\/person\/68066b276b53995e2bd8dac00f0bc415"},"headline":"PSOE-Reinicia presenta al\u00b7legacions a la nova ordenan\u00e7a d&#8217;ocupaci\u00f3 de la via p\u00fablica de Sant Antoni per la seva afectaci\u00f3 a la mobilitat de les persones i perqu\u00e8 no ajuda a el canvi de model tur\u00edstic del municipi","datePublished":"2021-09-07T10:00:55+00:00","dateModified":"2021-09-16T10:24:56+00:00","mainEntityOfPage":{"@id":"https:\/\/www.psib-psoe.org\/eivissa\/psoe-reinicia-presenta-allegacions-a-la-nova-ordenanca-docupacio-de-la-via-publica-de-sant-antoni-per-la-seva-afectacio-a-la-mobilitat-de-les-persones-i-perque-no-ajuda-a-el-canvi-de-model-turistic\/"},"wordCount":485,"publisher":{"@id":"https:\/\/www.psib-psoe.org\/eivissa\/#organization"},"image":{"@id":"https:\/\/www.psib-psoe.org\/eivissa\/psoe-reinicia-presenta-allegacions-a-la-nova-ordenanca-docupacio-de-la-via-publica-de-sant-antoni-per-la-seva-afectacio-a-la-mobilitat-de-les-persones-i-perque-no-ajuda-a-el-canvi-de-model-turistic\/#primaryimage"},"thumbnailUrl":"https:\/\/www.psib-psoe.org\/eivissa\/wp-content\/uploads\/WhatsApp-Image-2019-09-26-at-12.04.48-1024x768.jpeg","articleSection":["Federaci\u00f3 d'Eivissa - Portada","Sant Antoni de Portmany"],"inLanguage":"ca"},{"@type":"WebPage","@id":"https:\/\/www.psib-psoe.org\/eivissa\/psoe-reinicia-presenta-allegacions-a-la-nova-ordenanca-docupacio-de-la-via-publica-de-sant-antoni-per-la-seva-afectacio-a-la-mobilitat-de-les-persones-i-perque-no-ajuda-a-el-canvi-de-model-turistic\/","url":"https:\/\/www.psib-psoe.org\/eivissa\/psoe-reinicia-presenta-allegacions-a-la-nova-ordenanca-docupacio-de-la-via-publica-de-sant-antoni-per-la-seva-afectacio-a-la-mobilitat-de-les-persones-i-perque-no-ajuda-a-el-canvi-de-model-turistic\/","name":"PSOE-Reinicia presenta al\u00b7legacions a la nova ordenan\u00e7a d'ocupaci\u00f3 de la via p\u00fablica de Sant Antoni per la seva afectaci\u00f3 a la mobilitat de les persones i perqu\u00e8 no ajuda a el canvi de model tur\u00edstic del municipi - Federaci\u00f3 Socialista d&#039;Eivissa","isPartOf":{"@id":"https:\/\/www.psib-psoe.org\/eivissa\/#website"},"primaryImageOfPage":{"@id":"https:\/\/www.psib-psoe.org\/eivissa\/psoe-reinicia-presenta-allegacions-a-la-nova-ordenanca-docupacio-de-la-via-publica-de-sant-antoni-per-la-seva-afectacio-a-la-mobilitat-de-les-persones-i-perque-no-ajuda-a-el-canvi-de-model-turistic\/#primaryimage"},"image":{"@id":"https:\/\/www.psib-psoe.org\/eivissa\/psoe-reinicia-presenta-allegacions-a-la-nova-ordenanca-docupacio-de-la-via-publica-de-sant-antoni-per-la-seva-afectacio-a-la-mobilitat-de-les-persones-i-perque-no-ajuda-a-el-canvi-de-model-turistic\/#primaryimage"},"thumbnailUrl":"https:\/\/www.psib-psoe.org\/eivissa\/wp-content\/uploads\/WhatsApp-Image-2019-09-26-at-12.04.48-1024x768.jpeg","datePublished":"2021-09-07T10:00:55+00:00","dateModified":"2021-09-16T10:24:56+00:00","breadcrumb":{"@id":"https:\/\/www.psib-psoe.org\/eivissa\/psoe-reinicia-presenta-allegacions-a-la-nova-ordenanca-docupacio-de-la-via-publica-de-sant-antoni-per-la-seva-afectacio-a-la-mobilitat-de-les-persones-i-perque-no-ajuda-a-el-canvi-de-model-turistic\/#breadcrumb"},"inLanguage":"ca","potentialAction":[{"@type":"ReadAction","target":["https:\/\/www.psib-psoe.org\/eivissa\/psoe-reinicia-presenta-allegacions-a-la-nova-ordenanca-docupacio-de-la-via-publica-de-sant-antoni-per-la-seva-afectacio-a-la-mobilitat-de-les-persones-i-perque-no-ajuda-a-el-canvi-de-model-turistic\/"]}]},{"@type":"ImageObject","inLanguage":"ca","@id":"https:\/\/www.psib-psoe.org\/eivissa\/psoe-reinicia-presenta-allegacions-a-la-nova-ordenanca-docupacio-de-la-via-publica-de-sant-antoni-per-la-seva-afectacio-a-la-mobilitat-de-les-persones-i-perque-no-ajuda-a-el-canvi-de-model-turistic\/#primaryimage","url":"https:\/\/www.psib-psoe.org\/eivissa\/wp-content\/uploads\/WhatsApp-Image-2019-09-26-at-12.04.48-1024x768.jpeg","contentUrl":"https:\/\/www.psib-psoe.org\/eivissa\/wp-content\/uploads\/WhatsApp-Image-2019-09-26-at-12.04.48-1024x768.jpeg","width":1024,"height":768},{"@type":"BreadcrumbList","@id":"https:\/\/www.psib-psoe.org\/eivissa\/psoe-reinicia-presenta-allegacions-a-la-nova-ordenanca-docupacio-de-la-via-publica-de-sant-antoni-per-la-seva-afectacio-a-la-mobilitat-de-les-persones-i-perque-no-ajuda-a-el-canvi-de-model-turistic\/#breadcrumb","itemListElement":[{"@type":"ListItem","position":1,"name":"Inici","item":"https:\/\/www.psib-psoe.org\/eivissa\/"},{"@type":"ListItem","position":2,"name":"PSOE-Reinicia presenta al\u00b7legacions a la nova ordenan\u00e7a d&#8217;ocupaci\u00f3 de la via p\u00fablica de Sant Antoni per la seva afectaci\u00f3 a la mobilitat de les persones i perqu\u00e8 no ajuda a el canvi de model tur\u00edstic del municipi"}]},{"@type":"WebSite","@id":"https:\/\/www.psib-psoe.org\/eivissa\/#website","url":"https:\/\/www.psib-psoe.org\/eivissa\/","name":"Federaci\u00f3 Socialista d'Eivissa","description":"Socialistes d&#039;Eivissa","publisher":{"@id":"https:\/\/www.psib-psoe.org\/eivissa\/#organization"},"potentialAction":[{"@type":"SearchAction","target":{"@type":"EntryPoint","urlTemplate":"https:\/\/www.psib-psoe.org\/eivissa\/?s={search_term_string}"},"query-input":{"@type":"PropertyValueSpecification","valueRequired":true,"valueName":"search_term_string"}}],"inLanguage":"ca"},{"@type":"Organization","@id":"https:\/\/www.psib-psoe.org\/eivissa\/#organization","name":"Federaci\u00f3 Socialista d'Eivissa","url":"https:\/\/www.psib-psoe.org\/eivissa\/","logo":{"@type":"ImageObject","inLanguage":"ca","@id":"https:\/\/www.psib-psoe.org\/eivissa\/#\/schema\/logo\/image\/","url":"https:\/\/www.psib-psoe.org\/eivissa\/wp-content\/uploads\/LOGO-FSE-SOCIALISTA-DEIVISSA-HORI.png","contentUrl":"https:\/\/www.psib-psoe.org\/eivissa\/wp-content\/uploads\/LOGO-FSE-SOCIALISTA-DEIVISSA-HORI.png","width":6000,"height":3104,"caption":"Federaci\u00f3 Socialista d'Eivissa"},"image":{"@id":"https:\/\/www.psib-psoe.org\/eivissa\/#\/schema\/logo\/image\/"}},{"@type":"Person","@id":"https:\/\/www.psib-psoe.org\/eivissa\/#\/schema\/person\/68066b276b53995e2bd8dac00f0bc415","name":"Azahara","url":"https:\/\/www.psib-psoe.org\/eivissa\/author\/azahara\/"}]}},"_links":{"self":[{"href":"https:\/\/www.psib-psoe.org\/eivissa\/wp-json\/wp\/v2\/posts\/34203","targetHints":{"allow":["GET"]}}],"collection":[{"href":"https:\/\/www.psib-psoe.org\/eivissa\/wp-json\/wp\/v2\/posts"}],"about":[{"href":"https:\/\/www.psib-psoe.org\/eivissa\/wp-json\/wp\/v2\/types\/post"}],"author":[{"embeddable":true,"href":"https:\/\/www.psib-psoe.org\/eivissa\/wp-json\/wp\/v2\/users\/12"}],"replies":[{"embeddable":true,"href":"https:\/\/www.psib-psoe.org\/eivissa\/wp-json\/wp\/v2\/comments?post=34203"}],"version-history":[{"count":1,"href":"https:\/\/www.psib-psoe.org\/eivissa\/wp-json\/wp\/v2\/posts\/34203\/revisions"}],"predecessor-version":[{"id":34204,"href":"https:\/\/www.psib-psoe.org\/eivissa\/wp-json\/wp\/v2\/posts\/34203\/revisions\/34204"}],"wp:featuredmedia":[{"embeddable":true,"href":"https:\/\/www.psib-psoe.org\/eivissa\/wp-json\/wp\/v2\/media\/27018"}],"wp:attachment":[{"href":"https:\/\/www.psib-psoe.org\/eivissa\/wp-json\/wp\/v2\/media?parent=34203"}],"wp:term":[{"taxonomy":"category","embeddable":true,"href":"https:\/\/www.psib-psoe.org\/eivissa\/wp-json\/wp\/v2\/categories?post=34203"},{"taxonomy":"post_tag","embeddable":true,"href":"https:\/\/www.psib-psoe.org\/eivissa\/wp-json\/wp\/v2\/tags?post=34203"}],"curies":[{"name":"wp","href":"https:\/\/api.w.org\/{rel}","templated":true}]}}