{"id":34207,"date":"2021-09-07T10:40:06","date_gmt":"2021-09-07T08:40:06","guid":{"rendered":"https:\/\/www.psib-psoe.org\/eivissa\/?p=34207"},"modified":"2021-09-16T12:24:45","modified_gmt":"2021-09-16T10:24:45","slug":"el-psoe-de-santa-eularia-critica-la-falta-dactuacio-de-lajuntament-contra-els-botellots-i-les-carreres-de-motos-que-es-produeixen-as-puig-den-valls-i-es-canar","status":"publish","type":"post","link":"https:\/\/www.psib-psoe.org\/eivissa\/el-psoe-de-santa-eularia-critica-la-falta-dactuacio-de-lajuntament-contra-els-botellots-i-les-carreres-de-motos-que-es-produeixen-as-puig-den-valls-i-es-canar\/","title":{"rendered":"El PSOE de Santa Eul\u00e0ria critica la falta d&#8217;actuaci\u00f3 de l&#8217;ajuntament contra els botellots i les carreres de motos que es produeixen as Puig d&#8217;en Valls i es Canar"},"content":{"rendered":"<p>El grup PSOE de Santa Eul\u00e0ria critica la falta d&#8217;actuaci\u00f3 de l&#8217;ajuntament per evitar els botellots i les carreres de motos que es fan a diferents punts del municipi, com es Puig d&#8217;en Valls i es Canar, per una escassetat d&#8217;efectius de la Policia Local. El grup socialista responsabilitza l&#8217;alcaldessa, Carmen Ferrer, de la situaci\u00f3 de &#8220;descontrol&#8221; que viu el municipi, per la situaci\u00f3 &#8220;prec\u00e0ria&#8221; de la policia, com ha criticat el portaveu, Vicent Torres &#8216;Benet&#8217;, recordant que durant l&#8217;anterior legislatura la mateixa Ferrer era la responsable municipal de pol\u00edtica interior.<\/p>\n<p>&#8220;Aquesta situaci\u00f3 que pateix el municipi \u00e9s fruit de pol\u00edtiques err\u00e0tiques d&#8217;uns equips de govern del PP que no prioritzen mesures d&#8217;estabilitat laboral adequades i que donin garanties per conservar una plantilla de personal que doni resposta a les necessitats del municipi, d&#8217;una gran extensi\u00f3 i que cada vegada t\u00e9 m\u00e9s poblaci\u00f3&#8221;. &#8220;Quina \u00e9s la planificaci\u00f3 i previsi\u00f3 que ha fet l&#8217;equip de govern tant el d&#8217;ara com el d&#8217;abans presidit per l&#8217;anterior alcalde Vicent Mar\u00ed&#8221;, pregunta el portaveu municipal Vicent Torres \u2018Benet\u2019.<\/p>\n<p>&#8220;Ara s\u00f3n els ve\u00efns i les vesines de Puig d&#8217;en Valls que es queixen dels botellots que es formen pr\u00e0cticament cada dia a la pla\u00e7a de darrera de l&#8217;esgl\u00e9sia, la qual cosa suposa moltes mol\u00e8sties per a tothom, i tamb\u00e9 la remor que provoquen les carreres de motos que es celebren ass\u00edduament al voltant del Mol\u00ed des Puig d&#8217;en Valls&#8221;. Una situaci\u00f3 de descontrol que tamb\u00e9 es d\u00f3na en altres punts de Santa Eul\u00e0ria, com per exemple as Canar, com han denunciat els mateixos vesins de la zona, i a la qual \u201cCarmen Ferrer i el seu equip s\u00f3n incapa\u00e7os de posar remei, per una falta total de planificaci\u00f3 i previsi\u00f3\u201d.<\/p>\n<p>Per combatre aquesta problem\u00e0tica, el grup municipal socialista ha presentat diverses iniciatives i ha demanat la millora de la plantilla de personal de Policia Local, sense que des de l&#8217;equip de govern s&#8217;hagin fet actuacions, com critica &#8216;Benet&#8217;. &#8220;La provisi\u00f3 de places de car\u00e0cter fix ho ven l&#8217;equip de govern com una gran millora, quan el que necessitam \u00e9s incrementar el nombre total d&#8217;efectius, com anam reclamant des del PSOE en cada exercici pressupostari&#8221;, aix\u00ed com la necessitat de &#8220;treballar en pol\u00edtiques laborals que assegurin una estabilitat de la plantilla i eviti la fuga d&#8217;efectius cap a altres municipis, com est\u00e0 passant&#8221;.<\/p>\n<p>La situaci\u00f3 \u00e9s &#8220;molt preocupant&#8221;, afirma el portaveu socialista, ja que &#8220;no nom\u00e9s perdem efectius, sin\u00f3 que sabem que l&#8217;actual plantilla \u00e9s totalment insuficient&#8221;. A m\u00e9s a m\u00e9s, &#8220;si a aix\u00f2 li sumam baixes laborals i vacacions sense cobrir, l&#8217;excessiva prolongaci\u00f3 de la jornada laboral provoca situacions d&#8217;esgotament entre els efectius existents&#8221;, denuncia Vicent Torres &#8216;Benet&#8217;.<\/p>\n<p>&#8220;Ara s\u00f3n els vesins i vesines des Puig d&#8217;en Valls i es Canar els que denuncien aquesta situaci\u00f3, per\u00f2 a tot aix\u00f2 li hem de sumar la problem\u00e0tica de les festes il\u00b7legals que anam patint durant tot l&#8217;estiu, o les acampades il\u00b7legals en diversos punts del municipi, entre altres situacions que nom\u00e9s comporten perill i malestar entre la ciutadania de Santa Eul\u00e0ria des Riu&#8221;, ha explicat.<\/p>\n<p>El PSOE de Santa Eul\u00e0ria reclama a Carmen Ferrer &#8220;que es posi a treballar i que als pr\u00f2xims pressupostos municipals incorpori un increment de plantilla que pugui donar resposta a les necessitats del municipi&#8221;. &#8220;Tot \u00e9s q\u00fcesti\u00f3 de marcar prioritats, i un municipi que durant els mesos de temporada tur\u00edstica triplica, pr\u00e0cticament, la seua poblaci\u00f3, ha de disposar dels serveis adients, com \u00e9s una correcta dotaci\u00f3 del servei de Policia Local&#8221;, ha insistit el portaveu socialista.<\/p>\n","protected":false},"excerpt":{"rendered":"<p>El grup PSOE de Santa Eul\u00e0ria critica la falta d&#8217;actuaci\u00f3 de l&#8217;ajuntament per evitar els botellots i les carreres de motos que es fan a diferents punts del municipi, com es Puig d&#8217;en Valls i es Canar, per una escassetat d&#8217;efectius de la Policia Local. El grup socialista responsabilitza l&#8217;alcaldessa, Carmen Ferrer, de la situaci\u00f3&hellip;<\/p>\n","protected":false},"author":7,"featured_media":34208,"comment_status":"closed","ping_status":"closed","sticky":false,"template":"","format":"standard","meta":{"footnotes":""},"categories":[1,234,186],"tags":[],"class_list":["post-34207","post","type-post","status-publish","format-standard","has-post-thumbnail","hentry","category-federacio-de-eivissa-portada","category-municipis","category-santa-eularia-des-riu"],"yoast_head":"<!-- This site is optimized with the Yoast SEO plugin v26.9 - https:\/\/yoast.com\/product\/yoast-seo-wordpress\/ -->\n<title>El PSOE de Santa Eul\u00e0ria critica la falta d&#039;actuaci\u00f3 de l&#039;ajuntament contra els botellots i les carreres de motos que es produeixen as Puig d&#039;en Valls i es Canar - Federaci\u00f3 Socialista d&#039;Eivissa<\/title>\n<meta name=\"robots\" content=\"index, follow, max-snippet:-1, max-image-preview:large, max-video-preview:-1\" \/>\n<link rel=\"canonical\" href=\"https:\/\/www.psib-psoe.org\/eivissa\/el-psoe-de-santa-eularia-critica-la-falta-dactuacio-de-lajuntament-contra-els-botellots-i-les-carreres-de-motos-que-es-produeixen-as-puig-den-valls-i-es-canar\/\" \/>\n<meta property=\"og:locale\" content=\"ca_ES\" \/>\n<meta property=\"og:type\" content=\"article\" \/>\n<meta property=\"og:title\" content=\"El PSOE de Santa Eul\u00e0ria critica la falta d&#039;actuaci\u00f3 de l&#039;ajuntament contra els botellots i les carreres de motos que es produeixen as Puig d&#039;en Valls i es Canar - Federaci\u00f3 Socialista d&#039;Eivissa\" \/>\n<meta property=\"og:description\" content=\"El grup PSOE de Santa Eul\u00e0ria critica la falta d&#8217;actuaci\u00f3 de l&#8217;ajuntament per evitar els botellots i les carreres de motos que es fan a diferents punts del municipi, com es Puig d&#8217;en Valls i es Canar, per una escassetat d&#8217;efectius de la Policia Local. El grup socialista responsabilitza l&#8217;alcaldessa, Carmen Ferrer, de la situaci\u00f3&hellip;\" \/>\n<meta property=\"og:url\" content=\"https:\/\/www.psib-psoe.org\/eivissa\/el-psoe-de-santa-eularia-critica-la-falta-dactuacio-de-lajuntament-contra-els-botellots-i-les-carreres-de-motos-que-es-produeixen-as-puig-den-valls-i-es-canar\/\" \/>\n<meta property=\"og:site_name\" content=\"Federaci\u00f3 Socialista d&#039;Eivissa\" \/>\n<meta property=\"article:published_time\" content=\"2021-09-07T08:40:06+00:00\" \/>\n<meta property=\"article:modified_time\" content=\"2021-09-16T10:24:45+00:00\" \/>\n<meta property=\"og:image\" content=\"https:\/\/www.psib-psoe.org\/eivissa\/wp-content\/uploads\/moli-puig-den-valls-1024x556.png\" \/>\n\t<meta property=\"og:image:width\" content=\"1024\" \/>\n\t<meta property=\"og:image:height\" content=\"556\" \/>\n\t<meta property=\"og:image:type\" content=\"image\/png\" \/>\n<meta name=\"author\" content=\"Josep Ripoll\" \/>\n<meta name=\"twitter:card\" content=\"summary_large_image\" \/>\n<meta name=\"twitter:label1\" content=\"Escrit per\" \/>\n\t<meta name=\"twitter:data1\" content=\"Josep Ripoll\" \/>\n\t<meta name=\"twitter:label2\" content=\"Temps estimat de lectura\" \/>\n\t<meta name=\"twitter:data2\" content=\"3 minuts\" \/>\n<script type=\"application\/ld+json\" class=\"yoast-schema-graph\">{\"@context\":\"https:\/\/schema.org\",\"@graph\":[{\"@type\":[\"Article\",\"BlogPosting\"],\"@id\":\"https:\/\/www.psib-psoe.org\/eivissa\/el-psoe-de-santa-eularia-critica-la-falta-dactuacio-de-lajuntament-contra-els-botellots-i-les-carreres-de-motos-que-es-produeixen-as-puig-den-valls-i-es-canar\/#article\",\"isPartOf\":{\"@id\":\"https:\/\/www.psib-psoe.org\/eivissa\/el-psoe-de-santa-eularia-critica-la-falta-dactuacio-de-lajuntament-contra-els-botellots-i-les-carreres-de-motos-que-es-produeixen-as-puig-den-valls-i-es-canar\/\"},\"author\":{\"name\":\"Josep Ripoll\",\"@id\":\"https:\/\/www.psib-psoe.org\/eivissa\/#\/schema\/person\/7a9d2841fb36f32e34fc0e9b245e8117\"},\"headline\":\"El PSOE de Santa Eul\u00e0ria critica la falta d&#8217;actuaci\u00f3 de l&#8217;ajuntament contra els botellots i les carreres de motos que es produeixen as Puig d&#8217;en Valls i es Canar\",\"datePublished\":\"2021-09-07T08:40:06+00:00\",\"dateModified\":\"2021-09-16T10:24:45+00:00\",\"mainEntityOfPage\":{\"@id\":\"https:\/\/www.psib-psoe.org\/eivissa\/el-psoe-de-santa-eularia-critica-la-falta-dactuacio-de-lajuntament-contra-els-botellots-i-les-carreres-de-motos-que-es-produeixen-as-puig-den-valls-i-es-canar\/\"},\"wordCount\":649,\"publisher\":{\"@id\":\"https:\/\/www.psib-psoe.org\/eivissa\/#organization\"},\"image\":{\"@id\":\"https:\/\/www.psib-psoe.org\/eivissa\/el-psoe-de-santa-eularia-critica-la-falta-dactuacio-de-lajuntament-contra-els-botellots-i-les-carreres-de-motos-que-es-produeixen-as-puig-den-valls-i-es-canar\/#primaryimage\"},\"thumbnailUrl\":\"https:\/\/www.psib-psoe.org\/eivissa\/wp-content\/uploads\/moli-puig-den-valls.png\",\"articleSection\":[\"Federaci\u00f3 d'Eivissa - Portada\",\"Municipis\",\"Santa Eul\u00e0ria des Riu\"],\"inLanguage\":\"ca\"},{\"@type\":\"WebPage\",\"@id\":\"https:\/\/www.psib-psoe.org\/eivissa\/el-psoe-de-santa-eularia-critica-la-falta-dactuacio-de-lajuntament-contra-els-botellots-i-les-carreres-de-motos-que-es-produeixen-as-puig-den-valls-i-es-canar\/\",\"url\":\"https:\/\/www.psib-psoe.org\/eivissa\/el-psoe-de-santa-eularia-critica-la-falta-dactuacio-de-lajuntament-contra-els-botellots-i-les-carreres-de-motos-que-es-produeixen-as-puig-den-valls-i-es-canar\/\",\"name\":\"El PSOE de Santa Eul\u00e0ria critica la falta d'actuaci\u00f3 de l'ajuntament contra els botellots i les carreres de motos que es produeixen as Puig d'en Valls i es Canar - Federaci\u00f3 Socialista d&#039;Eivissa\",\"isPartOf\":{\"@id\":\"https:\/\/www.psib-psoe.org\/eivissa\/#website\"},\"primaryImageOfPage\":{\"@id\":\"https:\/\/www.psib-psoe.org\/eivissa\/el-psoe-de-santa-eularia-critica-la-falta-dactuacio-de-lajuntament-contra-els-botellots-i-les-carreres-de-motos-que-es-produeixen-as-puig-den-valls-i-es-canar\/#primaryimage\"},\"image\":{\"@id\":\"https:\/\/www.psib-psoe.org\/eivissa\/el-psoe-de-santa-eularia-critica-la-falta-dactuacio-de-lajuntament-contra-els-botellots-i-les-carreres-de-motos-que-es-produeixen-as-puig-den-valls-i-es-canar\/#primaryimage\"},\"thumbnailUrl\":\"https:\/\/www.psib-psoe.org\/eivissa\/wp-content\/uploads\/moli-puig-den-valls.png\",\"datePublished\":\"2021-09-07T08:40:06+00:00\",\"dateModified\":\"2021-09-16T10:24:45+00:00\",\"breadcrumb\":{\"@id\":\"https:\/\/www.psib-psoe.org\/eivissa\/el-psoe-de-santa-eularia-critica-la-falta-dactuacio-de-lajuntament-contra-els-botellots-i-les-carreres-de-motos-que-es-produeixen-as-puig-den-valls-i-es-canar\/#breadcrumb\"},\"inLanguage\":\"ca\",\"potentialAction\":[{\"@type\":\"ReadAction\",\"target\":[\"https:\/\/www.psib-psoe.org\/eivissa\/el-psoe-de-santa-eularia-critica-la-falta-dactuacio-de-lajuntament-contra-els-botellots-i-les-carreres-de-motos-que-es-produeixen-as-puig-den-valls-i-es-canar\/\"]}]},{\"@type\":\"ImageObject\",\"inLanguage\":\"ca\",\"@id\":\"https:\/\/www.psib-psoe.org\/eivissa\/el-psoe-de-santa-eularia-critica-la-falta-dactuacio-de-lajuntament-contra-els-botellots-i-les-carreres-de-motos-que-es-produeixen-as-puig-den-valls-i-es-canar\/#primaryimage\",\"url\":\"https:\/\/www.psib-psoe.org\/eivissa\/wp-content\/uploads\/moli-puig-den-valls.png\",\"contentUrl\":\"https:\/\/www.psib-psoe.org\/eivissa\/wp-content\/uploads\/moli-puig-den-valls.png\",\"width\":1828,\"height\":992},{\"@type\":\"BreadcrumbList\",\"@id\":\"https:\/\/www.psib-psoe.org\/eivissa\/el-psoe-de-santa-eularia-critica-la-falta-dactuacio-de-lajuntament-contra-els-botellots-i-les-carreres-de-motos-que-es-produeixen-as-puig-den-valls-i-es-canar\/#breadcrumb\",\"itemListElement\":[{\"@type\":\"ListItem\",\"position\":1,\"name\":\"Inici\",\"item\":\"https:\/\/www.psib-psoe.org\/eivissa\/\"},{\"@type\":\"ListItem\",\"position\":2,\"name\":\"El PSOE de Santa Eul\u00e0ria critica la falta d&#8217;actuaci\u00f3 de l&#8217;ajuntament contra els botellots i les carreres de motos que es produeixen as Puig d&#8217;en Valls i es Canar\"}]},{\"@type\":\"WebSite\",\"@id\":\"https:\/\/www.psib-psoe.org\/eivissa\/#website\",\"url\":\"https:\/\/www.psib-psoe.org\/eivissa\/\",\"name\":\"Federaci\u00f3 Socialista d'Eivissa\",\"description\":\"Socialistes d&#039;Eivissa\",\"publisher\":{\"@id\":\"https:\/\/www.psib-psoe.org\/eivissa\/#organization\"},\"potentialAction\":[{\"@type\":\"SearchAction\",\"target\":{\"@type\":\"EntryPoint\",\"urlTemplate\":\"https:\/\/www.psib-psoe.org\/eivissa\/?s={search_term_string}\"},\"query-input\":{\"@type\":\"PropertyValueSpecification\",\"valueRequired\":true,\"valueName\":\"search_term_string\"}}],\"inLanguage\":\"ca\"},{\"@type\":\"Organization\",\"@id\":\"https:\/\/www.psib-psoe.org\/eivissa\/#organization\",\"name\":\"Federaci\u00f3 Socialista d'Eivissa\",\"url\":\"https:\/\/www.psib-psoe.org\/eivissa\/\",\"logo\":{\"@type\":\"ImageObject\",\"inLanguage\":\"ca\",\"@id\":\"https:\/\/www.psib-psoe.org\/eivissa\/#\/schema\/logo\/image\/\",\"url\":\"https:\/\/www.psib-psoe.org\/eivissa\/wp-content\/uploads\/LOGO-FSE-SOCIALISTA-DEIVISSA-HORI.png\",\"contentUrl\":\"https:\/\/www.psib-psoe.org\/eivissa\/wp-content\/uploads\/LOGO-FSE-SOCIALISTA-DEIVISSA-HORI.png\",\"width\":6000,\"height\":3104,\"caption\":\"Federaci\u00f3 Socialista d'Eivissa\"},\"image\":{\"@id\":\"https:\/\/www.psib-psoe.org\/eivissa\/#\/schema\/logo\/image\/\"}},{\"@type\":\"Person\",\"@id\":\"https:\/\/www.psib-psoe.org\/eivissa\/#\/schema\/person\/7a9d2841fb36f32e34fc0e9b245e8117\",\"name\":\"Josep Ripoll\",\"sameAs\":[\"http:\/\/www.psib-psoe.org\/eivissa\/wp-login.php\"],\"url\":\"https:\/\/www.psib-psoe.org\/eivissa\/author\/josep\/\"}]}<\/script>\n<!-- \/ Yoast SEO plugin. -->","yoast_head_json":{"title":"El PSOE de Santa Eul\u00e0ria critica la falta d'actuaci\u00f3 de l'ajuntament contra els botellots i les carreres de motos que es produeixen as Puig d'en Valls i es Canar - Federaci\u00f3 Socialista d&#039;Eivissa","robots":{"index":"index","follow":"follow","max-snippet":"max-snippet:-1","max-image-preview":"max-image-preview:large","max-video-preview":"max-video-preview:-1"},"canonical":"https:\/\/www.psib-psoe.org\/eivissa\/el-psoe-de-santa-eularia-critica-la-falta-dactuacio-de-lajuntament-contra-els-botellots-i-les-carreres-de-motos-que-es-produeixen-as-puig-den-valls-i-es-canar\/","og_locale":"ca_ES","og_type":"article","og_title":"El PSOE de Santa Eul\u00e0ria critica la falta d'actuaci\u00f3 de l'ajuntament contra els botellots i les carreres de motos que es produeixen as Puig d'en Valls i es Canar - Federaci\u00f3 Socialista d&#039;Eivissa","og_description":"El grup PSOE de Santa Eul\u00e0ria critica la falta d&#8217;actuaci\u00f3 de l&#8217;ajuntament per evitar els botellots i les carreres de motos que es fan a diferents punts del municipi, com es Puig d&#8217;en Valls i es Canar, per una escassetat d&#8217;efectius de la Policia Local. El grup socialista responsabilitza l&#8217;alcaldessa, Carmen Ferrer, de la situaci\u00f3&hellip;","og_url":"https:\/\/www.psib-psoe.org\/eivissa\/el-psoe-de-santa-eularia-critica-la-falta-dactuacio-de-lajuntament-contra-els-botellots-i-les-carreres-de-motos-que-es-produeixen-as-puig-den-valls-i-es-canar\/","og_site_name":"Federaci\u00f3 Socialista d&#039;Eivissa","article_published_time":"2021-09-07T08:40:06+00:00","article_modified_time":"2021-09-16T10:24:45+00:00","og_image":[{"width":1024,"height":556,"url":"https:\/\/www.psib-psoe.org\/eivissa\/wp-content\/uploads\/moli-puig-den-valls-1024x556.png","type":"image\/png"}],"author":"Josep Ripoll","twitter_card":"summary_large_image","twitter_misc":{"Escrit per":"Josep Ripoll","Temps estimat de lectura":"3 minuts"},"schema":{"@context":"https:\/\/schema.org","@graph":[{"@type":["Article","BlogPosting"],"@id":"https:\/\/www.psib-psoe.org\/eivissa\/el-psoe-de-santa-eularia-critica-la-falta-dactuacio-de-lajuntament-contra-els-botellots-i-les-carreres-de-motos-que-es-produeixen-as-puig-den-valls-i-es-canar\/#article","isPartOf":{"@id":"https:\/\/www.psib-psoe.org\/eivissa\/el-psoe-de-santa-eularia-critica-la-falta-dactuacio-de-lajuntament-contra-els-botellots-i-les-carreres-de-motos-que-es-produeixen-as-puig-den-valls-i-es-canar\/"},"author":{"name":"Josep Ripoll","@id":"https:\/\/www.psib-psoe.org\/eivissa\/#\/schema\/person\/7a9d2841fb36f32e34fc0e9b245e8117"},"headline":"El PSOE de Santa Eul\u00e0ria critica la falta d&#8217;actuaci\u00f3 de l&#8217;ajuntament contra els botellots i les carreres de motos que es produeixen as Puig d&#8217;en Valls i es Canar","datePublished":"2021-09-07T08:40:06+00:00","dateModified":"2021-09-16T10:24:45+00:00","mainEntityOfPage":{"@id":"https:\/\/www.psib-psoe.org\/eivissa\/el-psoe-de-santa-eularia-critica-la-falta-dactuacio-de-lajuntament-contra-els-botellots-i-les-carreres-de-motos-que-es-produeixen-as-puig-den-valls-i-es-canar\/"},"wordCount":649,"publisher":{"@id":"https:\/\/www.psib-psoe.org\/eivissa\/#organization"},"image":{"@id":"https:\/\/www.psib-psoe.org\/eivissa\/el-psoe-de-santa-eularia-critica-la-falta-dactuacio-de-lajuntament-contra-els-botellots-i-les-carreres-de-motos-que-es-produeixen-as-puig-den-valls-i-es-canar\/#primaryimage"},"thumbnailUrl":"https:\/\/www.psib-psoe.org\/eivissa\/wp-content\/uploads\/moli-puig-den-valls.png","articleSection":["Federaci\u00f3 d'Eivissa - Portada","Municipis","Santa Eul\u00e0ria des Riu"],"inLanguage":"ca"},{"@type":"WebPage","@id":"https:\/\/www.psib-psoe.org\/eivissa\/el-psoe-de-santa-eularia-critica-la-falta-dactuacio-de-lajuntament-contra-els-botellots-i-les-carreres-de-motos-que-es-produeixen-as-puig-den-valls-i-es-canar\/","url":"https:\/\/www.psib-psoe.org\/eivissa\/el-psoe-de-santa-eularia-critica-la-falta-dactuacio-de-lajuntament-contra-els-botellots-i-les-carreres-de-motos-que-es-produeixen-as-puig-den-valls-i-es-canar\/","name":"El PSOE de Santa Eul\u00e0ria critica la falta d'actuaci\u00f3 de l'ajuntament contra els botellots i les carreres de motos que es produeixen as Puig d'en Valls i es Canar - Federaci\u00f3 Socialista d&#039;Eivissa","isPartOf":{"@id":"https:\/\/www.psib-psoe.org\/eivissa\/#website"},"primaryImageOfPage":{"@id":"https:\/\/www.psib-psoe.org\/eivissa\/el-psoe-de-santa-eularia-critica-la-falta-dactuacio-de-lajuntament-contra-els-botellots-i-les-carreres-de-motos-que-es-produeixen-as-puig-den-valls-i-es-canar\/#primaryimage"},"image":{"@id":"https:\/\/www.psib-psoe.org\/eivissa\/el-psoe-de-santa-eularia-critica-la-falta-dactuacio-de-lajuntament-contra-els-botellots-i-les-carreres-de-motos-que-es-produeixen-as-puig-den-valls-i-es-canar\/#primaryimage"},"thumbnailUrl":"https:\/\/www.psib-psoe.org\/eivissa\/wp-content\/uploads\/moli-puig-den-valls.png","datePublished":"2021-09-07T08:40:06+00:00","dateModified":"2021-09-16T10:24:45+00:00","breadcrumb":{"@id":"https:\/\/www.psib-psoe.org\/eivissa\/el-psoe-de-santa-eularia-critica-la-falta-dactuacio-de-lajuntament-contra-els-botellots-i-les-carreres-de-motos-que-es-produeixen-as-puig-den-valls-i-es-canar\/#breadcrumb"},"inLanguage":"ca","potentialAction":[{"@type":"ReadAction","target":["https:\/\/www.psib-psoe.org\/eivissa\/el-psoe-de-santa-eularia-critica-la-falta-dactuacio-de-lajuntament-contra-els-botellots-i-les-carreres-de-motos-que-es-produeixen-as-puig-den-valls-i-es-canar\/"]}]},{"@type":"ImageObject","inLanguage":"ca","@id":"https:\/\/www.psib-psoe.org\/eivissa\/el-psoe-de-santa-eularia-critica-la-falta-dactuacio-de-lajuntament-contra-els-botellots-i-les-carreres-de-motos-que-es-produeixen-as-puig-den-valls-i-es-canar\/#primaryimage","url":"https:\/\/www.psib-psoe.org\/eivissa\/wp-content\/uploads\/moli-puig-den-valls.png","contentUrl":"https:\/\/www.psib-psoe.org\/eivissa\/wp-content\/uploads\/moli-puig-den-valls.png","width":1828,"height":992},{"@type":"BreadcrumbList","@id":"https:\/\/www.psib-psoe.org\/eivissa\/el-psoe-de-santa-eularia-critica-la-falta-dactuacio-de-lajuntament-contra-els-botellots-i-les-carreres-de-motos-que-es-produeixen-as-puig-den-valls-i-es-canar\/#breadcrumb","itemListElement":[{"@type":"ListItem","position":1,"name":"Inici","item":"https:\/\/www.psib-psoe.org\/eivissa\/"},{"@type":"ListItem","position":2,"name":"El PSOE de Santa Eul\u00e0ria critica la falta d&#8217;actuaci\u00f3 de l&#8217;ajuntament contra els botellots i les carreres de motos que es produeixen as Puig d&#8217;en Valls i es Canar"}]},{"@type":"WebSite","@id":"https:\/\/www.psib-psoe.org\/eivissa\/#website","url":"https:\/\/www.psib-psoe.org\/eivissa\/","name":"Federaci\u00f3 Socialista d'Eivissa","description":"Socialistes d&#039;Eivissa","publisher":{"@id":"https:\/\/www.psib-psoe.org\/eivissa\/#organization"},"potentialAction":[{"@type":"SearchAction","target":{"@type":"EntryPoint","urlTemplate":"https:\/\/www.psib-psoe.org\/eivissa\/?s={search_term_string}"},"query-input":{"@type":"PropertyValueSpecification","valueRequired":true,"valueName":"search_term_string"}}],"inLanguage":"ca"},{"@type":"Organization","@id":"https:\/\/www.psib-psoe.org\/eivissa\/#organization","name":"Federaci\u00f3 Socialista d'Eivissa","url":"https:\/\/www.psib-psoe.org\/eivissa\/","logo":{"@type":"ImageObject","inLanguage":"ca","@id":"https:\/\/www.psib-psoe.org\/eivissa\/#\/schema\/logo\/image\/","url":"https:\/\/www.psib-psoe.org\/eivissa\/wp-content\/uploads\/LOGO-FSE-SOCIALISTA-DEIVISSA-HORI.png","contentUrl":"https:\/\/www.psib-psoe.org\/eivissa\/wp-content\/uploads\/LOGO-FSE-SOCIALISTA-DEIVISSA-HORI.png","width":6000,"height":3104,"caption":"Federaci\u00f3 Socialista d'Eivissa"},"image":{"@id":"https:\/\/www.psib-psoe.org\/eivissa\/#\/schema\/logo\/image\/"}},{"@type":"Person","@id":"https:\/\/www.psib-psoe.org\/eivissa\/#\/schema\/person\/7a9d2841fb36f32e34fc0e9b245e8117","name":"Josep Ripoll","sameAs":["http:\/\/www.psib-psoe.org\/eivissa\/wp-login.php"],"url":"https:\/\/www.psib-psoe.org\/eivissa\/author\/josep\/"}]}},"_links":{"self":[{"href":"https:\/\/www.psib-psoe.org\/eivissa\/wp-json\/wp\/v2\/posts\/34207","targetHints":{"allow":["GET"]}}],"collection":[{"href":"https:\/\/www.psib-psoe.org\/eivissa\/wp-json\/wp\/v2\/posts"}],"about":[{"href":"https:\/\/www.psib-psoe.org\/eivissa\/wp-json\/wp\/v2\/types\/post"}],"author":[{"embeddable":true,"href":"https:\/\/www.psib-psoe.org\/eivissa\/wp-json\/wp\/v2\/users\/7"}],"replies":[{"embeddable":true,"href":"https:\/\/www.psib-psoe.org\/eivissa\/wp-json\/wp\/v2\/comments?post=34207"}],"version-history":[{"count":1,"href":"https:\/\/www.psib-psoe.org\/eivissa\/wp-json\/wp\/v2\/posts\/34207\/revisions"}],"predecessor-version":[{"id":34210,"href":"https:\/\/www.psib-psoe.org\/eivissa\/wp-json\/wp\/v2\/posts\/34207\/revisions\/34210"}],"wp:featuredmedia":[{"embeddable":true,"href":"https:\/\/www.psib-psoe.org\/eivissa\/wp-json\/wp\/v2\/media\/34208"}],"wp:attachment":[{"href":"https:\/\/www.psib-psoe.org\/eivissa\/wp-json\/wp\/v2\/media?parent=34207"}],"wp:term":[{"taxonomy":"category","embeddable":true,"href":"https:\/\/www.psib-psoe.org\/eivissa\/wp-json\/wp\/v2\/categories?post=34207"},{"taxonomy":"post_tag","embeddable":true,"href":"https:\/\/www.psib-psoe.org\/eivissa\/wp-json\/wp\/v2\/tags?post=34207"}],"curies":[{"name":"wp","href":"https:\/\/api.w.org\/{rel}","templated":true}]}}