{"id":34334,"date":"2021-10-07T10:00:51","date_gmt":"2021-10-07T08:00:51","guid":{"rendered":"https:\/\/www.psib-psoe.org\/eivissa\/?p=34334"},"modified":"2021-10-06T13:01:05","modified_gmt":"2021-10-06T11:01:05","slug":"psoe-reinicia-critica-el-urbanismo-cortoplacista-y-a-la-carta-del-alcalde-de-sant-antoni","status":"publish","type":"post","link":"https:\/\/www.psib-psoe.org\/eivissa\/psoe-reinicia-critica-el-urbanismo-cortoplacista-y-a-la-carta-del-alcalde-de-sant-antoni\/","title":{"rendered":"PSOE-Reinicia critica el urbanismo &#8220;a la carta&#8221; del alcalde de Sant Antoni"},"content":{"rendered":"<p>El grupo PSOE-Reinicia lamenta que el alcalde de Sant Antoni de Portmany, Marcos Serra, haya abandonado la pol\u00edtica urban\u00edstica iniciada en la pasada legislatura. Seg\u00fan el portavoz progresista, Sim\u00f3n Planells, el alcalde practica un urbanismo\u00a0&#8220;cortoplacista y a la carta&#8221;, tras &#8220;desmontar&#8221; el departamento de Urbanismo del ayuntamiento al quitar a la t\u00e9cnico que ocupa la jefatura y dejarlo sin arquitectos.<\/p>\n<p>El portavoz progresista, Sim\u00f3n Planells, lamenta que &#8220;despu\u00e9s de que en la \u00faltima legislatura se apostara por la planificaci\u00f3n y la soluci\u00f3n de problemas hist\u00f3ricos como pol\u00edtica urban\u00edstica, ahora se opta por modificaciones puntuales que no ponen un rumbo claro al urbanismo del municipio&#8221;.Mientras, hay &#8220;numerosos problemas urban\u00edsticos que siguen sin solucionarse&#8221;, como denuncia Sim\u00f3n Planells: \u201cEn la legislatura anterior se contrataron varios arquitectos en plantilla y se contrataron servicios externos para solucionar el problema del pol\u00edgono industrial de Montecristo, pero a d\u00eda de hoy sigue sin estar recepcionado por parte del ayuntamiento, al carecer de alcantarillado ni alumbrado\u201d.<\/p>\n<p>En Can Llaudis, como exponen sus vecinos, la acumulaci\u00f3n de agua supone un serio peligro para la zona: &#8220;No es normal que no se est\u00e9 realizando ning\u00fan tipo de movimiento administrativo para poner en orden una zona donde se dan licencias sin estar recepcionada. Se pone en peligro a los vecinos y sus viviendas cuando existen lluvias intensas\u201d, advierte Planells, como ejemplos de la par\u00e1lisis actual que sufre Sant Antoni en materia urban\u00edstica.<\/p>\n<p>Por \u00faltimo, el grupo progresista anima al equipo de gobierno a convocar unas nuevas oposiciones de arquitecto para cubrir las plazas vacantes y no depender de informes externos, los cuales suponen un incremento del coste para el ciudadano.<\/p>\n","protected":false},"excerpt":{"rendered":"<p>El grupo PSOE-Reinicia lamenta que el alcalde de Sant Antoni de Portmany, Marcos Serra, haya abandonado la pol\u00edtica urban\u00edstica iniciada en la pasada legislatura. Seg\u00fan el portavoz progresista, Sim\u00f3n Planells, el alcalde practica un urbanismo\u00a0&#8220;cortoplacista y a la carta&#8221;, tras &#8220;desmontar&#8221; el departamento de Urbanismo del ayuntamiento al quitar a la t\u00e9cnico que ocupa la&hellip;<\/p>\n","protected":false},"author":7,"featured_media":27101,"comment_status":"closed","ping_status":"closed","sticky":false,"template":"","format":"standard","meta":{"footnotes":""},"categories":[212],"tags":[],"class_list":["post-34334","post","type-post","status-publish","format-standard","has-post-thumbnail","hentry","category-fse-psoe"],"yoast_head":"<!-- This site is optimized with the Yoast SEO plugin v26.9 - https:\/\/yoast.com\/product\/yoast-seo-wordpress\/ -->\n<title>PSOE-Reinicia critica el urbanismo &quot;a la carta&quot; del alcalde de Sant Antoni - Federaci\u00f3 Socialista d&#039;Eivissa<\/title>\n<meta name=\"robots\" content=\"index, follow, max-snippet:-1, max-image-preview:large, max-video-preview:-1\" \/>\n<link rel=\"canonical\" href=\"https:\/\/www.psib-psoe.org\/eivissa\/psoe-reinicia-critica-el-urbanismo-cortoplacista-y-a-la-carta-del-alcalde-de-sant-antoni\/\" \/>\n<meta property=\"og:locale\" content=\"ca_ES\" \/>\n<meta property=\"og:type\" content=\"article\" \/>\n<meta property=\"og:title\" content=\"PSOE-Reinicia critica el urbanismo &quot;a la carta&quot; del alcalde de Sant Antoni - Federaci\u00f3 Socialista d&#039;Eivissa\" \/>\n<meta property=\"og:description\" content=\"El grupo PSOE-Reinicia lamenta que el alcalde de Sant Antoni de Portmany, Marcos Serra, haya abandonado la pol\u00edtica urban\u00edstica iniciada en la pasada legislatura. Seg\u00fan el portavoz progresista, Sim\u00f3n Planells, el alcalde practica un urbanismo\u00a0&#8220;cortoplacista y a la carta&#8221;, tras &#8220;desmontar&#8221; el departamento de Urbanismo del ayuntamiento al quitar a la t\u00e9cnico que ocupa la&hellip;\" \/>\n<meta property=\"og:url\" content=\"https:\/\/www.psib-psoe.org\/eivissa\/psoe-reinicia-critica-el-urbanismo-cortoplacista-y-a-la-carta-del-alcalde-de-sant-antoni\/\" \/>\n<meta property=\"og:site_name\" content=\"Federaci\u00f3 Socialista d&#039;Eivissa\" \/>\n<meta property=\"article:published_time\" content=\"2021-10-07T08:00:51+00:00\" \/>\n<meta property=\"og:image\" content=\"https:\/\/www.psib-psoe.org\/eivissa\/wp-content\/uploads\/Captura-de-Pantalla-2020-02-03-a-les-12.58.25.png\" \/>\n\t<meta property=\"og:image:width\" content=\"1230\" \/>\n\t<meta property=\"og:image:height\" content=\"689\" \/>\n\t<meta property=\"og:image:type\" content=\"image\/png\" \/>\n<meta name=\"author\" content=\"Josep Ripoll\" \/>\n<meta name=\"twitter:card\" content=\"summary_large_image\" \/>\n<meta name=\"twitter:label1\" content=\"Escrit per\" \/>\n\t<meta name=\"twitter:data1\" content=\"Josep Ripoll\" \/>\n\t<meta name=\"twitter:label2\" content=\"Temps estimat de lectura\" \/>\n\t<meta name=\"twitter:data2\" content=\"1 minut\" \/>\n<script type=\"application\/ld+json\" class=\"yoast-schema-graph\">{\"@context\":\"https:\/\/schema.org\",\"@graph\":[{\"@type\":[\"Article\",\"BlogPosting\"],\"@id\":\"https:\/\/www.psib-psoe.org\/eivissa\/psoe-reinicia-critica-el-urbanismo-cortoplacista-y-a-la-carta-del-alcalde-de-sant-antoni\/#article\",\"isPartOf\":{\"@id\":\"https:\/\/www.psib-psoe.org\/eivissa\/psoe-reinicia-critica-el-urbanismo-cortoplacista-y-a-la-carta-del-alcalde-de-sant-antoni\/\"},\"author\":{\"name\":\"Josep Ripoll\",\"@id\":\"https:\/\/www.psib-psoe.org\/eivissa\/#\/schema\/person\/7a9d2841fb36f32e34fc0e9b245e8117\"},\"headline\":\"PSOE-Reinicia critica el urbanismo &#8220;a la carta&#8221; del alcalde de Sant Antoni\",\"datePublished\":\"2021-10-07T08:00:51+00:00\",\"mainEntityOfPage\":{\"@id\":\"https:\/\/www.psib-psoe.org\/eivissa\/psoe-reinicia-critica-el-urbanismo-cortoplacista-y-a-la-carta-del-alcalde-de-sant-antoni\/\"},\"wordCount\":304,\"publisher\":{\"@id\":\"https:\/\/www.psib-psoe.org\/eivissa\/#organization\"},\"image\":{\"@id\":\"https:\/\/www.psib-psoe.org\/eivissa\/psoe-reinicia-critica-el-urbanismo-cortoplacista-y-a-la-carta-del-alcalde-de-sant-antoni\/#primaryimage\"},\"thumbnailUrl\":\"https:\/\/www.psib-psoe.org\/eivissa\/wp-content\/uploads\/Captura-de-Pantalla-2020-02-03-a-les-12.58.25.png\",\"articleSection\":[\"FSE-PSOE\"],\"inLanguage\":\"ca\"},{\"@type\":\"WebPage\",\"@id\":\"https:\/\/www.psib-psoe.org\/eivissa\/psoe-reinicia-critica-el-urbanismo-cortoplacista-y-a-la-carta-del-alcalde-de-sant-antoni\/\",\"url\":\"https:\/\/www.psib-psoe.org\/eivissa\/psoe-reinicia-critica-el-urbanismo-cortoplacista-y-a-la-carta-del-alcalde-de-sant-antoni\/\",\"name\":\"PSOE-Reinicia critica el urbanismo \\\"a la carta\\\" del alcalde de Sant Antoni - Federaci\u00f3 Socialista d&#039;Eivissa\",\"isPartOf\":{\"@id\":\"https:\/\/www.psib-psoe.org\/eivissa\/#website\"},\"primaryImageOfPage\":{\"@id\":\"https:\/\/www.psib-psoe.org\/eivissa\/psoe-reinicia-critica-el-urbanismo-cortoplacista-y-a-la-carta-del-alcalde-de-sant-antoni\/#primaryimage\"},\"image\":{\"@id\":\"https:\/\/www.psib-psoe.org\/eivissa\/psoe-reinicia-critica-el-urbanismo-cortoplacista-y-a-la-carta-del-alcalde-de-sant-antoni\/#primaryimage\"},\"thumbnailUrl\":\"https:\/\/www.psib-psoe.org\/eivissa\/wp-content\/uploads\/Captura-de-Pantalla-2020-02-03-a-les-12.58.25.png\",\"datePublished\":\"2021-10-07T08:00:51+00:00\",\"breadcrumb\":{\"@id\":\"https:\/\/www.psib-psoe.org\/eivissa\/psoe-reinicia-critica-el-urbanismo-cortoplacista-y-a-la-carta-del-alcalde-de-sant-antoni\/#breadcrumb\"},\"inLanguage\":\"ca\",\"potentialAction\":[{\"@type\":\"ReadAction\",\"target\":[\"https:\/\/www.psib-psoe.org\/eivissa\/psoe-reinicia-critica-el-urbanismo-cortoplacista-y-a-la-carta-del-alcalde-de-sant-antoni\/\"]}]},{\"@type\":\"ImageObject\",\"inLanguage\":\"ca\",\"@id\":\"https:\/\/www.psib-psoe.org\/eivissa\/psoe-reinicia-critica-el-urbanismo-cortoplacista-y-a-la-carta-del-alcalde-de-sant-antoni\/#primaryimage\",\"url\":\"https:\/\/www.psib-psoe.org\/eivissa\/wp-content\/uploads\/Captura-de-Pantalla-2020-02-03-a-les-12.58.25.png\",\"contentUrl\":\"https:\/\/www.psib-psoe.org\/eivissa\/wp-content\/uploads\/Captura-de-Pantalla-2020-02-03-a-les-12.58.25.png\",\"width\":1230,\"height\":689},{\"@type\":\"BreadcrumbList\",\"@id\":\"https:\/\/www.psib-psoe.org\/eivissa\/psoe-reinicia-critica-el-urbanismo-cortoplacista-y-a-la-carta-del-alcalde-de-sant-antoni\/#breadcrumb\",\"itemListElement\":[{\"@type\":\"ListItem\",\"position\":1,\"name\":\"Inici\",\"item\":\"https:\/\/www.psib-psoe.org\/eivissa\/\"},{\"@type\":\"ListItem\",\"position\":2,\"name\":\"PSOE-Reinicia critica el urbanismo &#8220;a la carta&#8221; del alcalde de Sant Antoni\"}]},{\"@type\":\"WebSite\",\"@id\":\"https:\/\/www.psib-psoe.org\/eivissa\/#website\",\"url\":\"https:\/\/www.psib-psoe.org\/eivissa\/\",\"name\":\"Federaci\u00f3 Socialista d'Eivissa\",\"description\":\"Socialistes d&#039;Eivissa\",\"publisher\":{\"@id\":\"https:\/\/www.psib-psoe.org\/eivissa\/#organization\"},\"potentialAction\":[{\"@type\":\"SearchAction\",\"target\":{\"@type\":\"EntryPoint\",\"urlTemplate\":\"https:\/\/www.psib-psoe.org\/eivissa\/?s={search_term_string}\"},\"query-input\":{\"@type\":\"PropertyValueSpecification\",\"valueRequired\":true,\"valueName\":\"search_term_string\"}}],\"inLanguage\":\"ca\"},{\"@type\":\"Organization\",\"@id\":\"https:\/\/www.psib-psoe.org\/eivissa\/#organization\",\"name\":\"Federaci\u00f3 Socialista d'Eivissa\",\"url\":\"https:\/\/www.psib-psoe.org\/eivissa\/\",\"logo\":{\"@type\":\"ImageObject\",\"inLanguage\":\"ca\",\"@id\":\"https:\/\/www.psib-psoe.org\/eivissa\/#\/schema\/logo\/image\/\",\"url\":\"https:\/\/www.psib-psoe.org\/eivissa\/wp-content\/uploads\/LOGO-FSE-SOCIALISTA-DEIVISSA-HORI.png\",\"contentUrl\":\"https:\/\/www.psib-psoe.org\/eivissa\/wp-content\/uploads\/LOGO-FSE-SOCIALISTA-DEIVISSA-HORI.png\",\"width\":6000,\"height\":3104,\"caption\":\"Federaci\u00f3 Socialista d'Eivissa\"},\"image\":{\"@id\":\"https:\/\/www.psib-psoe.org\/eivissa\/#\/schema\/logo\/image\/\"}},{\"@type\":\"Person\",\"@id\":\"https:\/\/www.psib-psoe.org\/eivissa\/#\/schema\/person\/7a9d2841fb36f32e34fc0e9b245e8117\",\"name\":\"Josep Ripoll\",\"sameAs\":[\"http:\/\/www.psib-psoe.org\/eivissa\/wp-login.php\"],\"url\":\"https:\/\/www.psib-psoe.org\/eivissa\/author\/josep\/\"}]}<\/script>\n<!-- \/ Yoast SEO plugin. -->","yoast_head_json":{"title":"PSOE-Reinicia critica el urbanismo \"a la carta\" del alcalde de Sant Antoni - Federaci\u00f3 Socialista d&#039;Eivissa","robots":{"index":"index","follow":"follow","max-snippet":"max-snippet:-1","max-image-preview":"max-image-preview:large","max-video-preview":"max-video-preview:-1"},"canonical":"https:\/\/www.psib-psoe.org\/eivissa\/psoe-reinicia-critica-el-urbanismo-cortoplacista-y-a-la-carta-del-alcalde-de-sant-antoni\/","og_locale":"ca_ES","og_type":"article","og_title":"PSOE-Reinicia critica el urbanismo \"a la carta\" del alcalde de Sant Antoni - Federaci\u00f3 Socialista d&#039;Eivissa","og_description":"El grupo PSOE-Reinicia lamenta que el alcalde de Sant Antoni de Portmany, Marcos Serra, haya abandonado la pol\u00edtica urban\u00edstica iniciada en la pasada legislatura. Seg\u00fan el portavoz progresista, Sim\u00f3n Planells, el alcalde practica un urbanismo\u00a0&#8220;cortoplacista y a la carta&#8221;, tras &#8220;desmontar&#8221; el departamento de Urbanismo del ayuntamiento al quitar a la t\u00e9cnico que ocupa la&hellip;","og_url":"https:\/\/www.psib-psoe.org\/eivissa\/psoe-reinicia-critica-el-urbanismo-cortoplacista-y-a-la-carta-del-alcalde-de-sant-antoni\/","og_site_name":"Federaci\u00f3 Socialista d&#039;Eivissa","article_published_time":"2021-10-07T08:00:51+00:00","og_image":[{"width":1230,"height":689,"url":"https:\/\/www.psib-psoe.org\/eivissa\/wp-content\/uploads\/Captura-de-Pantalla-2020-02-03-a-les-12.58.25.png","type":"image\/png"}],"author":"Josep Ripoll","twitter_card":"summary_large_image","twitter_misc":{"Escrit per":"Josep Ripoll","Temps estimat de lectura":"1 minut"},"schema":{"@context":"https:\/\/schema.org","@graph":[{"@type":["Article","BlogPosting"],"@id":"https:\/\/www.psib-psoe.org\/eivissa\/psoe-reinicia-critica-el-urbanismo-cortoplacista-y-a-la-carta-del-alcalde-de-sant-antoni\/#article","isPartOf":{"@id":"https:\/\/www.psib-psoe.org\/eivissa\/psoe-reinicia-critica-el-urbanismo-cortoplacista-y-a-la-carta-del-alcalde-de-sant-antoni\/"},"author":{"name":"Josep Ripoll","@id":"https:\/\/www.psib-psoe.org\/eivissa\/#\/schema\/person\/7a9d2841fb36f32e34fc0e9b245e8117"},"headline":"PSOE-Reinicia critica el urbanismo &#8220;a la carta&#8221; del alcalde de Sant Antoni","datePublished":"2021-10-07T08:00:51+00:00","mainEntityOfPage":{"@id":"https:\/\/www.psib-psoe.org\/eivissa\/psoe-reinicia-critica-el-urbanismo-cortoplacista-y-a-la-carta-del-alcalde-de-sant-antoni\/"},"wordCount":304,"publisher":{"@id":"https:\/\/www.psib-psoe.org\/eivissa\/#organization"},"image":{"@id":"https:\/\/www.psib-psoe.org\/eivissa\/psoe-reinicia-critica-el-urbanismo-cortoplacista-y-a-la-carta-del-alcalde-de-sant-antoni\/#primaryimage"},"thumbnailUrl":"https:\/\/www.psib-psoe.org\/eivissa\/wp-content\/uploads\/Captura-de-Pantalla-2020-02-03-a-les-12.58.25.png","articleSection":["FSE-PSOE"],"inLanguage":"ca"},{"@type":"WebPage","@id":"https:\/\/www.psib-psoe.org\/eivissa\/psoe-reinicia-critica-el-urbanismo-cortoplacista-y-a-la-carta-del-alcalde-de-sant-antoni\/","url":"https:\/\/www.psib-psoe.org\/eivissa\/psoe-reinicia-critica-el-urbanismo-cortoplacista-y-a-la-carta-del-alcalde-de-sant-antoni\/","name":"PSOE-Reinicia critica el urbanismo \"a la carta\" del alcalde de Sant Antoni - Federaci\u00f3 Socialista d&#039;Eivissa","isPartOf":{"@id":"https:\/\/www.psib-psoe.org\/eivissa\/#website"},"primaryImageOfPage":{"@id":"https:\/\/www.psib-psoe.org\/eivissa\/psoe-reinicia-critica-el-urbanismo-cortoplacista-y-a-la-carta-del-alcalde-de-sant-antoni\/#primaryimage"},"image":{"@id":"https:\/\/www.psib-psoe.org\/eivissa\/psoe-reinicia-critica-el-urbanismo-cortoplacista-y-a-la-carta-del-alcalde-de-sant-antoni\/#primaryimage"},"thumbnailUrl":"https:\/\/www.psib-psoe.org\/eivissa\/wp-content\/uploads\/Captura-de-Pantalla-2020-02-03-a-les-12.58.25.png","datePublished":"2021-10-07T08:00:51+00:00","breadcrumb":{"@id":"https:\/\/www.psib-psoe.org\/eivissa\/psoe-reinicia-critica-el-urbanismo-cortoplacista-y-a-la-carta-del-alcalde-de-sant-antoni\/#breadcrumb"},"inLanguage":"ca","potentialAction":[{"@type":"ReadAction","target":["https:\/\/www.psib-psoe.org\/eivissa\/psoe-reinicia-critica-el-urbanismo-cortoplacista-y-a-la-carta-del-alcalde-de-sant-antoni\/"]}]},{"@type":"ImageObject","inLanguage":"ca","@id":"https:\/\/www.psib-psoe.org\/eivissa\/psoe-reinicia-critica-el-urbanismo-cortoplacista-y-a-la-carta-del-alcalde-de-sant-antoni\/#primaryimage","url":"https:\/\/www.psib-psoe.org\/eivissa\/wp-content\/uploads\/Captura-de-Pantalla-2020-02-03-a-les-12.58.25.png","contentUrl":"https:\/\/www.psib-psoe.org\/eivissa\/wp-content\/uploads\/Captura-de-Pantalla-2020-02-03-a-les-12.58.25.png","width":1230,"height":689},{"@type":"BreadcrumbList","@id":"https:\/\/www.psib-psoe.org\/eivissa\/psoe-reinicia-critica-el-urbanismo-cortoplacista-y-a-la-carta-del-alcalde-de-sant-antoni\/#breadcrumb","itemListElement":[{"@type":"ListItem","position":1,"name":"Inici","item":"https:\/\/www.psib-psoe.org\/eivissa\/"},{"@type":"ListItem","position":2,"name":"PSOE-Reinicia critica el urbanismo &#8220;a la carta&#8221; del alcalde de Sant Antoni"}]},{"@type":"WebSite","@id":"https:\/\/www.psib-psoe.org\/eivissa\/#website","url":"https:\/\/www.psib-psoe.org\/eivissa\/","name":"Federaci\u00f3 Socialista d'Eivissa","description":"Socialistes d&#039;Eivissa","publisher":{"@id":"https:\/\/www.psib-psoe.org\/eivissa\/#organization"},"potentialAction":[{"@type":"SearchAction","target":{"@type":"EntryPoint","urlTemplate":"https:\/\/www.psib-psoe.org\/eivissa\/?s={search_term_string}"},"query-input":{"@type":"PropertyValueSpecification","valueRequired":true,"valueName":"search_term_string"}}],"inLanguage":"ca"},{"@type":"Organization","@id":"https:\/\/www.psib-psoe.org\/eivissa\/#organization","name":"Federaci\u00f3 Socialista d'Eivissa","url":"https:\/\/www.psib-psoe.org\/eivissa\/","logo":{"@type":"ImageObject","inLanguage":"ca","@id":"https:\/\/www.psib-psoe.org\/eivissa\/#\/schema\/logo\/image\/","url":"https:\/\/www.psib-psoe.org\/eivissa\/wp-content\/uploads\/LOGO-FSE-SOCIALISTA-DEIVISSA-HORI.png","contentUrl":"https:\/\/www.psib-psoe.org\/eivissa\/wp-content\/uploads\/LOGO-FSE-SOCIALISTA-DEIVISSA-HORI.png","width":6000,"height":3104,"caption":"Federaci\u00f3 Socialista d'Eivissa"},"image":{"@id":"https:\/\/www.psib-psoe.org\/eivissa\/#\/schema\/logo\/image\/"}},{"@type":"Person","@id":"https:\/\/www.psib-psoe.org\/eivissa\/#\/schema\/person\/7a9d2841fb36f32e34fc0e9b245e8117","name":"Josep Ripoll","sameAs":["http:\/\/www.psib-psoe.org\/eivissa\/wp-login.php"],"url":"https:\/\/www.psib-psoe.org\/eivissa\/author\/josep\/"}]}},"_links":{"self":[{"href":"https:\/\/www.psib-psoe.org\/eivissa\/wp-json\/wp\/v2\/posts\/34334","targetHints":{"allow":["GET"]}}],"collection":[{"href":"https:\/\/www.psib-psoe.org\/eivissa\/wp-json\/wp\/v2\/posts"}],"about":[{"href":"https:\/\/www.psib-psoe.org\/eivissa\/wp-json\/wp\/v2\/types\/post"}],"author":[{"embeddable":true,"href":"https:\/\/www.psib-psoe.org\/eivissa\/wp-json\/wp\/v2\/users\/7"}],"replies":[{"embeddable":true,"href":"https:\/\/www.psib-psoe.org\/eivissa\/wp-json\/wp\/v2\/comments?post=34334"}],"version-history":[{"count":4,"href":"https:\/\/www.psib-psoe.org\/eivissa\/wp-json\/wp\/v2\/posts\/34334\/revisions"}],"predecessor-version":[{"id":34425,"href":"https:\/\/www.psib-psoe.org\/eivissa\/wp-json\/wp\/v2\/posts\/34334\/revisions\/34425"}],"wp:featuredmedia":[{"embeddable":true,"href":"https:\/\/www.psib-psoe.org\/eivissa\/wp-json\/wp\/v2\/media\/27101"}],"wp:attachment":[{"href":"https:\/\/www.psib-psoe.org\/eivissa\/wp-json\/wp\/v2\/media?parent=34334"}],"wp:term":[{"taxonomy":"category","embeddable":true,"href":"https:\/\/www.psib-psoe.org\/eivissa\/wp-json\/wp\/v2\/categories?post=34334"},{"taxonomy":"post_tag","embeddable":true,"href":"https:\/\/www.psib-psoe.org\/eivissa\/wp-json\/wp\/v2\/tags?post=34334"}],"curies":[{"name":"wp","href":"https:\/\/api.w.org\/{rel}","templated":true}]}}