{"id":34500,"date":"2021-10-22T09:00:28","date_gmt":"2021-10-22T07:00:28","guid":{"rendered":"https:\/\/www.psib-psoe.org\/eivissa\/?p=34500"},"modified":"2021-10-18T12:42:16","modified_gmt":"2021-10-18T10:42:16","slug":"pilar-costa-celebra-celebra-la-inversio-als-pge-2020-ja-que-per-primera-vegada-les-balears-arriben-a-la-mitjana-estatal","status":"publish","type":"post","link":"https:\/\/www.psib-psoe.org\/eivissa\/pilar-costa-celebra-celebra-la-inversio-als-pge-2020-ja-que-per-primera-vegada-les-balears-arriben-a-la-mitjana-estatal\/","title":{"rendered":"Pilar Costa celebra celebra la inversi\u00f3 als PGE 2020, ja que per primera vegada les Balears arriben a la mitjana estatal"},"content":{"rendered":"<p>La portaveu del Grup Parlamentari Socialista, Pilar Costa, ha celebrat la inversi\u00f3 de l\u2019Estat als Pressupostos Generals per al 2022, ja que \u201cper primera vegada les Illes Balears arriben a la mitjana estatal gr\u00e0cies al factor d\u2019insularitat incl\u00f2s al R\u00e8gim Especial de Balears\u201d. Aix\u00ed, les Illes Balears rebr\u00e0 el pr\u00f2xim any un total de 355.120.000 milions d\u2019euros d\u2019inversions estatals.<\/p>\n<p>D\u2019aquesta manera, Costa ha expressat que \u201creiteram la nostra satisfacci\u00f3 perqu\u00e8 gr\u00e0cies a l\u2019acord hist\u00f2ric de fa unes setmanes on es va acordar el factor d\u2019insularitat entre el Govern d\u2019Espanya i el Govern de les Illes Balears veim reflectit aquest factor d\u2019insularitat en els Pressupostos Generals de l\u2019Estat\u201d. <\/p>\n<p>\u201c\u00c9s la primera vegada que la inclusi\u00f3 del factor d\u2019insularitat ens permet tenir unes inversions concretes territorialitzades de 355 milions d\u2019euros, el que suposa una compensaci\u00f3 amb el d\u00e8ficit d\u2019inversi\u00f3 per part de l\u2019Estat amb les Illes Balears\u201d, ha exposat la socialista despr\u00e9s de la Junta de Portaveus al Parlament de les Illes Balears. <\/p>\n<p>A m\u00e9s a m\u00e9s, Costa ha incidit que \u201camb aquesta xifra, les Balears es situen per damunt de la mitjana estatal pel que fa a les inversions\u201d, i hi ha afegit \u201c\u00e9s un fet molt positiu que hem de destacar, ja que hem escoltat les darreres hores que la inversi\u00f3 \u00e9s insuficient o que el REB \u00e9s un engany, per\u00f2 el que \u00e9s una realitat objectiva s\u00f3n les dades dels pressupostos que contemplen 355 milions per a Balears\u201d.<\/p>\n<p>Costa ha recordat que \u201csi an\u00e9ssim enrere, a l\u2019\u00e8poca del president del PP Mariano Rajoy ens trobar\u00edem xifres que eren la meitat dels 355 milions d\u2019ara, i que, com dic, suposen una inversi\u00f3 per sobre de la mitjana estatal perqu\u00e8 serien 303 euros per c\u00e0pita, quan la mitjana a les altres comunitats aut\u00f2nomes \u00e9s de 275 euros per c\u00e0pita d\u2019inversi\u00f3\u201d. <\/p>\n<p>En la mateixa l\u00ednia, la portaveu socialista ha subratllat que \u201cno nom\u00e9s sumam aquesta inversi\u00f3, sin\u00f3 que hem de sumar els ERTO, la prestaci\u00f3 per a fixos discontinus, la prestaci\u00f3 per als aut\u00f2noms, a m\u00e9s de les ajudes directes de 855 milions d\u2019euros a empreses i aut\u00f2noms. <\/p>\n<p>Pel que fa a altres temes, Costa ha comentat els punts que aniran al pr\u00f2xim ple del Parlament de les Illes Balears. \u201cTindrem l\u2019oportunitat de parlar del projecte de Llei d\u2019Educaci\u00f3, ja que hi ha una esmena a la totalitat que ha presentat l\u2019ultradreta i \u00e9s l\u2019\u00fanica esmena a la totalitat que existeix\u201d. <\/p>\n<p>Finalment, la portaveu socialista ha  valorat positivament \u201cel naixement d\u2019aquesta llei educativa que ara inicia una segona part del cam\u00ed que va encetar fa anys amb el projecte Illes per un Pacte per cercar el m\u00e0xim consens possible i que governi qui governi hi hagi estabilitat en el m\u00f3n educatiu\u201d, ha concl\u00f2s. <\/p>\n","protected":false},"excerpt":{"rendered":"<p>La portaveu del Grup Parlamentari Socialista, Pilar Costa, ha celebrat la inversi\u00f3 de l\u2019Estat als Pressupostos Generals per al 2022, ja que \u201cper primera vegada les Illes Balears arriben a la mitjana estatal gr\u00e0cies al factor d\u2019insularitat incl\u00f2s al R\u00e8gim Especial de Balears\u201d. Aix\u00ed, les Illes Balears rebr\u00e0 el pr\u00f2xim any un total de 355.120.000&hellip;<\/p>\n","protected":false},"author":7,"featured_media":34501,"comment_status":"closed","ping_status":"closed","sticky":false,"template":"","format":"standard","meta":{"footnotes":""},"categories":[1,191],"tags":[],"class_list":["post-34500","post","type-post","status-publish","format-standard","has-post-thumbnail","hentry","category-federacio-de-eivissa-portada","category-govern-de-les-illes-balears-parlament"],"yoast_head":"<!-- This site is optimized with the Yoast SEO plugin v26.9 - https:\/\/yoast.com\/product\/yoast-seo-wordpress\/ -->\n<title>Pilar Costa celebra celebra la inversi\u00f3 als PGE 2020, ja que per primera vegada les Balears arriben a la mitjana estatal - Federaci\u00f3 Socialista d&#039;Eivissa<\/title>\n<meta name=\"robots\" content=\"index, follow, max-snippet:-1, max-image-preview:large, max-video-preview:-1\" \/>\n<link rel=\"canonical\" href=\"https:\/\/www.psib-psoe.org\/eivissa\/pilar-costa-celebra-celebra-la-inversio-als-pge-2020-ja-que-per-primera-vegada-les-balears-arriben-a-la-mitjana-estatal\/\" \/>\n<meta property=\"og:locale\" content=\"ca_ES\" \/>\n<meta property=\"og:type\" content=\"article\" \/>\n<meta property=\"og:title\" content=\"Pilar Costa celebra celebra la inversi\u00f3 als PGE 2020, ja que per primera vegada les Balears arriben a la mitjana estatal - Federaci\u00f3 Socialista d&#039;Eivissa\" \/>\n<meta property=\"og:description\" content=\"La portaveu del Grup Parlamentari Socialista, Pilar Costa, ha celebrat la inversi\u00f3 de l\u2019Estat als Pressupostos Generals per al 2022, ja que \u201cper primera vegada les Illes Balears arriben a la mitjana estatal gr\u00e0cies al factor d\u2019insularitat incl\u00f2s al R\u00e8gim Especial de Balears\u201d. Aix\u00ed, les Illes Balears rebr\u00e0 el pr\u00f2xim any un total de 355.120.000&hellip;\" \/>\n<meta property=\"og:url\" content=\"https:\/\/www.psib-psoe.org\/eivissa\/pilar-costa-celebra-celebra-la-inversio-als-pge-2020-ja-que-per-primera-vegada-les-balears-arriben-a-la-mitjana-estatal\/\" \/>\n<meta property=\"og:site_name\" content=\"Federaci\u00f3 Socialista d&#039;Eivissa\" \/>\n<meta property=\"article:published_time\" content=\"2021-10-22T07:00:28+00:00\" \/>\n<meta property=\"og:image\" content=\"https:\/\/www.psib-psoe.org\/eivissa\/wp-content\/uploads\/PILAR-COSTA.jpeg\" \/>\n\t<meta property=\"og:image:width\" content=\"3275\" \/>\n\t<meta property=\"og:image:height\" content=\"2714\" \/>\n\t<meta property=\"og:image:type\" content=\"image\/jpeg\" \/>\n<meta name=\"author\" content=\"Josep Ripoll\" \/>\n<meta name=\"twitter:card\" content=\"summary_large_image\" \/>\n<meta name=\"twitter:label1\" content=\"Escrit per\" \/>\n\t<meta name=\"twitter:data1\" content=\"Josep Ripoll\" \/>\n\t<meta name=\"twitter:label2\" content=\"Temps estimat de lectura\" \/>\n\t<meta name=\"twitter:data2\" content=\"2 minuts\" \/>\n<script type=\"application\/ld+json\" class=\"yoast-schema-graph\">{\"@context\":\"https:\/\/schema.org\",\"@graph\":[{\"@type\":[\"Article\",\"BlogPosting\"],\"@id\":\"https:\/\/www.psib-psoe.org\/eivissa\/pilar-costa-celebra-celebra-la-inversio-als-pge-2020-ja-que-per-primera-vegada-les-balears-arriben-a-la-mitjana-estatal\/#article\",\"isPartOf\":{\"@id\":\"https:\/\/www.psib-psoe.org\/eivissa\/pilar-costa-celebra-celebra-la-inversio-als-pge-2020-ja-que-per-primera-vegada-les-balears-arriben-a-la-mitjana-estatal\/\"},\"author\":{\"name\":\"Josep Ripoll\",\"@id\":\"https:\/\/www.psib-psoe.org\/eivissa\/#\/schema\/person\/7a9d2841fb36f32e34fc0e9b245e8117\"},\"headline\":\"Pilar Costa celebra celebra la inversi\u00f3 als PGE 2020, ja que per primera vegada les Balears arriben a la mitjana estatal\",\"datePublished\":\"2021-10-22T07:00:28+00:00\",\"mainEntityOfPage\":{\"@id\":\"https:\/\/www.psib-psoe.org\/eivissa\/pilar-costa-celebra-celebra-la-inversio-als-pge-2020-ja-que-per-primera-vegada-les-balears-arriben-a-la-mitjana-estatal\/\"},\"wordCount\":511,\"publisher\":{\"@id\":\"https:\/\/www.psib-psoe.org\/eivissa\/#organization\"},\"image\":{\"@id\":\"https:\/\/www.psib-psoe.org\/eivissa\/pilar-costa-celebra-celebra-la-inversio-als-pge-2020-ja-que-per-primera-vegada-les-balears-arriben-a-la-mitjana-estatal\/#primaryimage\"},\"thumbnailUrl\":\"https:\/\/www.psib-psoe.org\/eivissa\/wp-content\/uploads\/PILAR-COSTA.jpeg\",\"articleSection\":[\"Federaci\u00f3 d'Eivissa - Portada\",\"Govern de les Illes Balears - Parlament - PSIB-PSOE\"],\"inLanguage\":\"ca\"},{\"@type\":\"WebPage\",\"@id\":\"https:\/\/www.psib-psoe.org\/eivissa\/pilar-costa-celebra-celebra-la-inversio-als-pge-2020-ja-que-per-primera-vegada-les-balears-arriben-a-la-mitjana-estatal\/\",\"url\":\"https:\/\/www.psib-psoe.org\/eivissa\/pilar-costa-celebra-celebra-la-inversio-als-pge-2020-ja-que-per-primera-vegada-les-balears-arriben-a-la-mitjana-estatal\/\",\"name\":\"Pilar Costa celebra celebra la inversi\u00f3 als PGE 2020, ja que per primera vegada les Balears arriben a la mitjana estatal - Federaci\u00f3 Socialista d&#039;Eivissa\",\"isPartOf\":{\"@id\":\"https:\/\/www.psib-psoe.org\/eivissa\/#website\"},\"primaryImageOfPage\":{\"@id\":\"https:\/\/www.psib-psoe.org\/eivissa\/pilar-costa-celebra-celebra-la-inversio-als-pge-2020-ja-que-per-primera-vegada-les-balears-arriben-a-la-mitjana-estatal\/#primaryimage\"},\"image\":{\"@id\":\"https:\/\/www.psib-psoe.org\/eivissa\/pilar-costa-celebra-celebra-la-inversio-als-pge-2020-ja-que-per-primera-vegada-les-balears-arriben-a-la-mitjana-estatal\/#primaryimage\"},\"thumbnailUrl\":\"https:\/\/www.psib-psoe.org\/eivissa\/wp-content\/uploads\/PILAR-COSTA.jpeg\",\"datePublished\":\"2021-10-22T07:00:28+00:00\",\"breadcrumb\":{\"@id\":\"https:\/\/www.psib-psoe.org\/eivissa\/pilar-costa-celebra-celebra-la-inversio-als-pge-2020-ja-que-per-primera-vegada-les-balears-arriben-a-la-mitjana-estatal\/#breadcrumb\"},\"inLanguage\":\"ca\",\"potentialAction\":[{\"@type\":\"ReadAction\",\"target\":[\"https:\/\/www.psib-psoe.org\/eivissa\/pilar-costa-celebra-celebra-la-inversio-als-pge-2020-ja-que-per-primera-vegada-les-balears-arriben-a-la-mitjana-estatal\/\"]}]},{\"@type\":\"ImageObject\",\"inLanguage\":\"ca\",\"@id\":\"https:\/\/www.psib-psoe.org\/eivissa\/pilar-costa-celebra-celebra-la-inversio-als-pge-2020-ja-que-per-primera-vegada-les-balears-arriben-a-la-mitjana-estatal\/#primaryimage\",\"url\":\"https:\/\/www.psib-psoe.org\/eivissa\/wp-content\/uploads\/PILAR-COSTA.jpeg\",\"contentUrl\":\"https:\/\/www.psib-psoe.org\/eivissa\/wp-content\/uploads\/PILAR-COSTA.jpeg\",\"width\":3275,\"height\":2714},{\"@type\":\"BreadcrumbList\",\"@id\":\"https:\/\/www.psib-psoe.org\/eivissa\/pilar-costa-celebra-celebra-la-inversio-als-pge-2020-ja-que-per-primera-vegada-les-balears-arriben-a-la-mitjana-estatal\/#breadcrumb\",\"itemListElement\":[{\"@type\":\"ListItem\",\"position\":1,\"name\":\"Inici\",\"item\":\"https:\/\/www.psib-psoe.org\/eivissa\/\"},{\"@type\":\"ListItem\",\"position\":2,\"name\":\"Pilar Costa celebra celebra la inversi\u00f3 als PGE 2020, ja que per primera vegada les Balears arriben a la mitjana estatal\"}]},{\"@type\":\"WebSite\",\"@id\":\"https:\/\/www.psib-psoe.org\/eivissa\/#website\",\"url\":\"https:\/\/www.psib-psoe.org\/eivissa\/\",\"name\":\"Federaci\u00f3 Socialista d'Eivissa\",\"description\":\"Socialistes d&#039;Eivissa\",\"publisher\":{\"@id\":\"https:\/\/www.psib-psoe.org\/eivissa\/#organization\"},\"potentialAction\":[{\"@type\":\"SearchAction\",\"target\":{\"@type\":\"EntryPoint\",\"urlTemplate\":\"https:\/\/www.psib-psoe.org\/eivissa\/?s={search_term_string}\"},\"query-input\":{\"@type\":\"PropertyValueSpecification\",\"valueRequired\":true,\"valueName\":\"search_term_string\"}}],\"inLanguage\":\"ca\"},{\"@type\":\"Organization\",\"@id\":\"https:\/\/www.psib-psoe.org\/eivissa\/#organization\",\"name\":\"Federaci\u00f3 Socialista d'Eivissa\",\"url\":\"https:\/\/www.psib-psoe.org\/eivissa\/\",\"logo\":{\"@type\":\"ImageObject\",\"inLanguage\":\"ca\",\"@id\":\"https:\/\/www.psib-psoe.org\/eivissa\/#\/schema\/logo\/image\/\",\"url\":\"https:\/\/www.psib-psoe.org\/eivissa\/wp-content\/uploads\/LOGO-FSE-SOCIALISTA-DEIVISSA-HORI.png\",\"contentUrl\":\"https:\/\/www.psib-psoe.org\/eivissa\/wp-content\/uploads\/LOGO-FSE-SOCIALISTA-DEIVISSA-HORI.png\",\"width\":6000,\"height\":3104,\"caption\":\"Federaci\u00f3 Socialista d'Eivissa\"},\"image\":{\"@id\":\"https:\/\/www.psib-psoe.org\/eivissa\/#\/schema\/logo\/image\/\"}},{\"@type\":\"Person\",\"@id\":\"https:\/\/www.psib-psoe.org\/eivissa\/#\/schema\/person\/7a9d2841fb36f32e34fc0e9b245e8117\",\"name\":\"Josep Ripoll\",\"sameAs\":[\"http:\/\/www.psib-psoe.org\/eivissa\/wp-login.php\"],\"url\":\"https:\/\/www.psib-psoe.org\/eivissa\/author\/josep\/\"}]}<\/script>\n<!-- \/ Yoast SEO plugin. -->","yoast_head_json":{"title":"Pilar Costa celebra celebra la inversi\u00f3 als PGE 2020, ja que per primera vegada les Balears arriben a la mitjana estatal - Federaci\u00f3 Socialista d&#039;Eivissa","robots":{"index":"index","follow":"follow","max-snippet":"max-snippet:-1","max-image-preview":"max-image-preview:large","max-video-preview":"max-video-preview:-1"},"canonical":"https:\/\/www.psib-psoe.org\/eivissa\/pilar-costa-celebra-celebra-la-inversio-als-pge-2020-ja-que-per-primera-vegada-les-balears-arriben-a-la-mitjana-estatal\/","og_locale":"ca_ES","og_type":"article","og_title":"Pilar Costa celebra celebra la inversi\u00f3 als PGE 2020, ja que per primera vegada les Balears arriben a la mitjana estatal - Federaci\u00f3 Socialista d&#039;Eivissa","og_description":"La portaveu del Grup Parlamentari Socialista, Pilar Costa, ha celebrat la inversi\u00f3 de l\u2019Estat als Pressupostos Generals per al 2022, ja que \u201cper primera vegada les Illes Balears arriben a la mitjana estatal gr\u00e0cies al factor d\u2019insularitat incl\u00f2s al R\u00e8gim Especial de Balears\u201d. Aix\u00ed, les Illes Balears rebr\u00e0 el pr\u00f2xim any un total de 355.120.000&hellip;","og_url":"https:\/\/www.psib-psoe.org\/eivissa\/pilar-costa-celebra-celebra-la-inversio-als-pge-2020-ja-que-per-primera-vegada-les-balears-arriben-a-la-mitjana-estatal\/","og_site_name":"Federaci\u00f3 Socialista d&#039;Eivissa","article_published_time":"2021-10-22T07:00:28+00:00","og_image":[{"width":3275,"height":2714,"url":"https:\/\/www.psib-psoe.org\/eivissa\/wp-content\/uploads\/PILAR-COSTA.jpeg","type":"image\/jpeg"}],"author":"Josep Ripoll","twitter_card":"summary_large_image","twitter_misc":{"Escrit per":"Josep Ripoll","Temps estimat de lectura":"2 minuts"},"schema":{"@context":"https:\/\/schema.org","@graph":[{"@type":["Article","BlogPosting"],"@id":"https:\/\/www.psib-psoe.org\/eivissa\/pilar-costa-celebra-celebra-la-inversio-als-pge-2020-ja-que-per-primera-vegada-les-balears-arriben-a-la-mitjana-estatal\/#article","isPartOf":{"@id":"https:\/\/www.psib-psoe.org\/eivissa\/pilar-costa-celebra-celebra-la-inversio-als-pge-2020-ja-que-per-primera-vegada-les-balears-arriben-a-la-mitjana-estatal\/"},"author":{"name":"Josep Ripoll","@id":"https:\/\/www.psib-psoe.org\/eivissa\/#\/schema\/person\/7a9d2841fb36f32e34fc0e9b245e8117"},"headline":"Pilar Costa celebra celebra la inversi\u00f3 als PGE 2020, ja que per primera vegada les Balears arriben a la mitjana estatal","datePublished":"2021-10-22T07:00:28+00:00","mainEntityOfPage":{"@id":"https:\/\/www.psib-psoe.org\/eivissa\/pilar-costa-celebra-celebra-la-inversio-als-pge-2020-ja-que-per-primera-vegada-les-balears-arriben-a-la-mitjana-estatal\/"},"wordCount":511,"publisher":{"@id":"https:\/\/www.psib-psoe.org\/eivissa\/#organization"},"image":{"@id":"https:\/\/www.psib-psoe.org\/eivissa\/pilar-costa-celebra-celebra-la-inversio-als-pge-2020-ja-que-per-primera-vegada-les-balears-arriben-a-la-mitjana-estatal\/#primaryimage"},"thumbnailUrl":"https:\/\/www.psib-psoe.org\/eivissa\/wp-content\/uploads\/PILAR-COSTA.jpeg","articleSection":["Federaci\u00f3 d'Eivissa - Portada","Govern de les Illes Balears - Parlament - PSIB-PSOE"],"inLanguage":"ca"},{"@type":"WebPage","@id":"https:\/\/www.psib-psoe.org\/eivissa\/pilar-costa-celebra-celebra-la-inversio-als-pge-2020-ja-que-per-primera-vegada-les-balears-arriben-a-la-mitjana-estatal\/","url":"https:\/\/www.psib-psoe.org\/eivissa\/pilar-costa-celebra-celebra-la-inversio-als-pge-2020-ja-que-per-primera-vegada-les-balears-arriben-a-la-mitjana-estatal\/","name":"Pilar Costa celebra celebra la inversi\u00f3 als PGE 2020, ja que per primera vegada les Balears arriben a la mitjana estatal - Federaci\u00f3 Socialista d&#039;Eivissa","isPartOf":{"@id":"https:\/\/www.psib-psoe.org\/eivissa\/#website"},"primaryImageOfPage":{"@id":"https:\/\/www.psib-psoe.org\/eivissa\/pilar-costa-celebra-celebra-la-inversio-als-pge-2020-ja-que-per-primera-vegada-les-balears-arriben-a-la-mitjana-estatal\/#primaryimage"},"image":{"@id":"https:\/\/www.psib-psoe.org\/eivissa\/pilar-costa-celebra-celebra-la-inversio-als-pge-2020-ja-que-per-primera-vegada-les-balears-arriben-a-la-mitjana-estatal\/#primaryimage"},"thumbnailUrl":"https:\/\/www.psib-psoe.org\/eivissa\/wp-content\/uploads\/PILAR-COSTA.jpeg","datePublished":"2021-10-22T07:00:28+00:00","breadcrumb":{"@id":"https:\/\/www.psib-psoe.org\/eivissa\/pilar-costa-celebra-celebra-la-inversio-als-pge-2020-ja-que-per-primera-vegada-les-balears-arriben-a-la-mitjana-estatal\/#breadcrumb"},"inLanguage":"ca","potentialAction":[{"@type":"ReadAction","target":["https:\/\/www.psib-psoe.org\/eivissa\/pilar-costa-celebra-celebra-la-inversio-als-pge-2020-ja-que-per-primera-vegada-les-balears-arriben-a-la-mitjana-estatal\/"]}]},{"@type":"ImageObject","inLanguage":"ca","@id":"https:\/\/www.psib-psoe.org\/eivissa\/pilar-costa-celebra-celebra-la-inversio-als-pge-2020-ja-que-per-primera-vegada-les-balears-arriben-a-la-mitjana-estatal\/#primaryimage","url":"https:\/\/www.psib-psoe.org\/eivissa\/wp-content\/uploads\/PILAR-COSTA.jpeg","contentUrl":"https:\/\/www.psib-psoe.org\/eivissa\/wp-content\/uploads\/PILAR-COSTA.jpeg","width":3275,"height":2714},{"@type":"BreadcrumbList","@id":"https:\/\/www.psib-psoe.org\/eivissa\/pilar-costa-celebra-celebra-la-inversio-als-pge-2020-ja-que-per-primera-vegada-les-balears-arriben-a-la-mitjana-estatal\/#breadcrumb","itemListElement":[{"@type":"ListItem","position":1,"name":"Inici","item":"https:\/\/www.psib-psoe.org\/eivissa\/"},{"@type":"ListItem","position":2,"name":"Pilar Costa celebra celebra la inversi\u00f3 als PGE 2020, ja que per primera vegada les Balears arriben a la mitjana estatal"}]},{"@type":"WebSite","@id":"https:\/\/www.psib-psoe.org\/eivissa\/#website","url":"https:\/\/www.psib-psoe.org\/eivissa\/","name":"Federaci\u00f3 Socialista d'Eivissa","description":"Socialistes d&#039;Eivissa","publisher":{"@id":"https:\/\/www.psib-psoe.org\/eivissa\/#organization"},"potentialAction":[{"@type":"SearchAction","target":{"@type":"EntryPoint","urlTemplate":"https:\/\/www.psib-psoe.org\/eivissa\/?s={search_term_string}"},"query-input":{"@type":"PropertyValueSpecification","valueRequired":true,"valueName":"search_term_string"}}],"inLanguage":"ca"},{"@type":"Organization","@id":"https:\/\/www.psib-psoe.org\/eivissa\/#organization","name":"Federaci\u00f3 Socialista d'Eivissa","url":"https:\/\/www.psib-psoe.org\/eivissa\/","logo":{"@type":"ImageObject","inLanguage":"ca","@id":"https:\/\/www.psib-psoe.org\/eivissa\/#\/schema\/logo\/image\/","url":"https:\/\/www.psib-psoe.org\/eivissa\/wp-content\/uploads\/LOGO-FSE-SOCIALISTA-DEIVISSA-HORI.png","contentUrl":"https:\/\/www.psib-psoe.org\/eivissa\/wp-content\/uploads\/LOGO-FSE-SOCIALISTA-DEIVISSA-HORI.png","width":6000,"height":3104,"caption":"Federaci\u00f3 Socialista d'Eivissa"},"image":{"@id":"https:\/\/www.psib-psoe.org\/eivissa\/#\/schema\/logo\/image\/"}},{"@type":"Person","@id":"https:\/\/www.psib-psoe.org\/eivissa\/#\/schema\/person\/7a9d2841fb36f32e34fc0e9b245e8117","name":"Josep Ripoll","sameAs":["http:\/\/www.psib-psoe.org\/eivissa\/wp-login.php"],"url":"https:\/\/www.psib-psoe.org\/eivissa\/author\/josep\/"}]}},"_links":{"self":[{"href":"https:\/\/www.psib-psoe.org\/eivissa\/wp-json\/wp\/v2\/posts\/34500","targetHints":{"allow":["GET"]}}],"collection":[{"href":"https:\/\/www.psib-psoe.org\/eivissa\/wp-json\/wp\/v2\/posts"}],"about":[{"href":"https:\/\/www.psib-psoe.org\/eivissa\/wp-json\/wp\/v2\/types\/post"}],"author":[{"embeddable":true,"href":"https:\/\/www.psib-psoe.org\/eivissa\/wp-json\/wp\/v2\/users\/7"}],"replies":[{"embeddable":true,"href":"https:\/\/www.psib-psoe.org\/eivissa\/wp-json\/wp\/v2\/comments?post=34500"}],"version-history":[{"count":1,"href":"https:\/\/www.psib-psoe.org\/eivissa\/wp-json\/wp\/v2\/posts\/34500\/revisions"}],"predecessor-version":[{"id":34503,"href":"https:\/\/www.psib-psoe.org\/eivissa\/wp-json\/wp\/v2\/posts\/34500\/revisions\/34503"}],"wp:featuredmedia":[{"embeddable":true,"href":"https:\/\/www.psib-psoe.org\/eivissa\/wp-json\/wp\/v2\/media\/34501"}],"wp:attachment":[{"href":"https:\/\/www.psib-psoe.org\/eivissa\/wp-json\/wp\/v2\/media?parent=34500"}],"wp:term":[{"taxonomy":"category","embeddable":true,"href":"https:\/\/www.psib-psoe.org\/eivissa\/wp-json\/wp\/v2\/categories?post=34500"},{"taxonomy":"post_tag","embeddable":true,"href":"https:\/\/www.psib-psoe.org\/eivissa\/wp-json\/wp\/v2\/tags?post=34500"}],"curies":[{"name":"wp","href":"https:\/\/api.w.org\/{rel}","templated":true}]}}