{"id":34532,"date":"2021-10-19T12:14:54","date_gmt":"2021-10-19T10:14:54","guid":{"rendered":"https:\/\/www.psib-psoe.org\/eivissa\/?p=34532"},"modified":"2021-10-21T13:17:09","modified_gmt":"2021-10-21T11:17:09","slug":"el-psib-psoe-vota-a-favor-del-sostre-de-despesa-mes-alt-de-la-historia-a-balears-per-sortir-de-la-crisi-sense-retallades-ni-imposicions","status":"publish","type":"post","link":"https:\/\/www.psib-psoe.org\/eivissa\/el-psib-psoe-vota-a-favor-del-sostre-de-despesa-mes-alt-de-la-historia-a-balears-per-sortir-de-la-crisi-sense-retallades-ni-imposicions\/","title":{"rendered":"El PSIB-PSOE vota a favor del sostre de despesa m\u00e9s alt de la hist\u00f2ria a Balears per sortir de la crisi \u201csense retallades ni imposicions\u201d"},"content":{"rendered":"<p>El Parlament de les Illes Balears ha aprovat el sostre de despesa no financera per a 2022 amb el vot a favor del Grup Parlamentari Socialista, el qual ha defensat la xifra marcada per la Conselleria d\u2019Hisenda i Relacions Exterior, at\u00e8s que evidencia \u201cque una altra sortida de la crisi \u00e9s possible, sense retallades ni imposicions\u201d.<\/p>\n<p>Aix\u00ed ho ha exposat el diputat socialista Jordi Mar\u00ed, qui ha destacat que la xifra de 5.177 milions d\u2019euros per al sostre de despesa no financera per a 2022 \u201cdona un missatge clar i parla per si mateixa\u201d.<\/p>\n<p>\u201c\u00c9s el sostre de despesa no financera m\u00e9s alta de la hist\u00f2ria per recuperar la nostra economia, malmenada per una pand\u00e8mia mundial que ning\u00fa no s\u2019esperava, i per fer front a la crisi sanit\u00e0ria i social derivada\u201d, ha explicat Mar\u00ed, recordant que s\u00f3n \u201c5.177 milions d\u2019euros per sortir d\u2019una manera diferent de la crisi, sense retallades ni imposicions\u201d.<\/p>\n<p>El diputat socialista, a m\u00e9s a m\u00e9s, ha explicat que aquest sostre de despesa compleix amb all\u00f2 que havia demanat la Uni\u00f3 Europea als Estats Membres, que no era altra cosa que \u201celaborar pressupostos expansius\u201d.<\/p>\n<p>\u201cEl sostre de despesa augmenta en un moment en qu\u00e8 \u00e9s necessari que ho faci i recollint les recomanacions de la Uni\u00f3 Europea, que va entendre que era necessari suspendre les regles fiscals i demanar als governs que fessin pressupostos expansius\u201d, ha emfasitzat Mar\u00ed.<\/p>\n<p>En aquest sentit, el socialista ha remarcat que \u201caquest \u00e9s el cam\u00ed correcte\u201d i que demostra \u201cuna altra manera de fer pol\u00edtica, posant per davant les persones, les fam\u00edlies, les petites i mitjanes empreses i els aut\u00f2noms\u201d.<\/p>\n<p>Mar\u00ed, aix\u00ed mateix, ha ressaltat que, per primera vegada, els comptes p\u00fablics de la Comunitat Aut\u00f2noma inclouran els fons europeus provinents del programa Next Generation i tamb\u00e9 els 183 milions d\u2019euros del factor d\u2019insularitat.<\/p>\n<p>D\u2019aquest darrer instrument, Mar\u00ed ha posat de relleu que es tracta d\u2019una \u201ceina imprescindible per comen\u00e7ar a corregir les dificultats que provoca la insularitat a les illes i que, encara que la dreta no ho vulgui recon\u00e8ixer, \u00e9s un \u00e8xit\u201d.<\/p>\n<p>Tot plegat, a parer del socialista, \u201cforma part de la resposta sense precedents que ha donat l\u2019administraci\u00f3 a aquesta crisi i que \u00e9s molt diferent de l\u2019anterior, que es va caracteritzar per les retallades i els salvi\u2019s qui pugui\u201d.<\/p>\n<p>Finalment, el diputat ha criticat el discurs \u201cprofundament incoherent\u201d de la dreta, especialment del Partit Popular, en refer\u00e8ncia a la seva proposta d\u2019abaixar els impostos.<\/p>\n<p>\u201cQu\u00e8 vol la dreta? Menys serveis p\u00fablics? Reclamen cada dia un major esfor\u00e7 a aquest govern, per\u00f2 si no \u00e9s mobilitzant recursos, com pensen que s\u2019hauria de fer? Tenen un discurs profundament incoherent, ja que quan arriba l\u2019hora de traduir tot el que demanen en un pressupost, resulta que hi estan en contra\u201d.<\/p>\n","protected":false},"excerpt":{"rendered":"<p>El Parlament de les Illes Balears ha aprovat el sostre de despesa no financera per a 2022 amb el vot a favor del Grup Parlamentari Socialista, el qual ha defensat la xifra marcada per la Conselleria d\u2019Hisenda i Relacions Exterior, at\u00e8s que evidencia \u201cque una altra sortida de la crisi \u00e9s possible, sense retallades ni&hellip;<\/p>\n","protected":false},"author":7,"featured_media":34533,"comment_status":"closed","ping_status":"closed","sticky":false,"template":"","format":"standard","meta":{"footnotes":""},"categories":[1,191],"tags":[],"class_list":["post-34532","post","type-post","status-publish","format-standard","has-post-thumbnail","hentry","category-federacio-de-eivissa-portada","category-govern-de-les-illes-balears-parlament"],"yoast_head":"<!-- This site is optimized with the Yoast SEO plugin v26.9 - https:\/\/yoast.com\/product\/yoast-seo-wordpress\/ -->\n<title>El PSIB-PSOE vota a favor del sostre de despesa m\u00e9s alt de la hist\u00f2ria a Balears per sortir de la crisi \u201csense retallades ni imposicions\u201d - Federaci\u00f3 Socialista d&#039;Eivissa<\/title>\n<meta name=\"robots\" content=\"index, follow, max-snippet:-1, max-image-preview:large, max-video-preview:-1\" \/>\n<link rel=\"canonical\" href=\"https:\/\/www.psib-psoe.org\/eivissa\/el-psib-psoe-vota-a-favor-del-sostre-de-despesa-mes-alt-de-la-historia-a-balears-per-sortir-de-la-crisi-sense-retallades-ni-imposicions\/\" \/>\n<meta property=\"og:locale\" content=\"ca_ES\" \/>\n<meta property=\"og:type\" content=\"article\" \/>\n<meta property=\"og:title\" content=\"El PSIB-PSOE vota a favor del sostre de despesa m\u00e9s alt de la hist\u00f2ria a Balears per sortir de la crisi \u201csense retallades ni imposicions\u201d - Federaci\u00f3 Socialista d&#039;Eivissa\" \/>\n<meta property=\"og:description\" content=\"El Parlament de les Illes Balears ha aprovat el sostre de despesa no financera per a 2022 amb el vot a favor del Grup Parlamentari Socialista, el qual ha defensat la xifra marcada per la Conselleria d\u2019Hisenda i Relacions Exterior, at\u00e8s que evidencia \u201cque una altra sortida de la crisi \u00e9s possible, sense retallades ni&hellip;\" \/>\n<meta property=\"og:url\" content=\"https:\/\/www.psib-psoe.org\/eivissa\/el-psib-psoe-vota-a-favor-del-sostre-de-despesa-mes-alt-de-la-historia-a-balears-per-sortir-de-la-crisi-sense-retallades-ni-imposicions\/\" \/>\n<meta property=\"og:site_name\" content=\"Federaci\u00f3 Socialista d&#039;Eivissa\" \/>\n<meta property=\"article:published_time\" content=\"2021-10-19T10:14:54+00:00\" \/>\n<meta property=\"article:modified_time\" content=\"2021-10-21T11:17:09+00:00\" \/>\n<meta property=\"og:image\" content=\"https:\/\/www.psib-psoe.org\/eivissa\/wp-content\/uploads\/20211013_SOSTRE-DESPESA-JORDI-MARI.jpeg\" \/>\n\t<meta property=\"og:image:width\" content=\"2368\" \/>\n\t<meta property=\"og:image:height\" content=\"1579\" \/>\n\t<meta property=\"og:image:type\" content=\"image\/jpeg\" \/>\n<meta name=\"author\" content=\"Josep Ripoll\" \/>\n<meta name=\"twitter:card\" content=\"summary_large_image\" \/>\n<meta name=\"twitter:label1\" content=\"Escrit per\" \/>\n\t<meta name=\"twitter:data1\" content=\"Josep Ripoll\" \/>\n\t<meta name=\"twitter:label2\" content=\"Temps estimat de lectura\" \/>\n\t<meta name=\"twitter:data2\" content=\"2 minuts\" \/>\n<script type=\"application\/ld+json\" class=\"yoast-schema-graph\">{\"@context\":\"https:\/\/schema.org\",\"@graph\":[{\"@type\":[\"Article\",\"BlogPosting\"],\"@id\":\"https:\/\/www.psib-psoe.org\/eivissa\/el-psib-psoe-vota-a-favor-del-sostre-de-despesa-mes-alt-de-la-historia-a-balears-per-sortir-de-la-crisi-sense-retallades-ni-imposicions\/#article\",\"isPartOf\":{\"@id\":\"https:\/\/www.psib-psoe.org\/eivissa\/el-psib-psoe-vota-a-favor-del-sostre-de-despesa-mes-alt-de-la-historia-a-balears-per-sortir-de-la-crisi-sense-retallades-ni-imposicions\/\"},\"author\":{\"name\":\"Josep Ripoll\",\"@id\":\"https:\/\/www.psib-psoe.org\/eivissa\/#\/schema\/person\/7a9d2841fb36f32e34fc0e9b245e8117\"},\"headline\":\"El PSIB-PSOE vota a favor del sostre de despesa m\u00e9s alt de la hist\u00f2ria a Balears per sortir de la crisi \u201csense retallades ni imposicions\u201d\",\"datePublished\":\"2021-10-19T10:14:54+00:00\",\"dateModified\":\"2021-10-21T11:17:09+00:00\",\"mainEntityOfPage\":{\"@id\":\"https:\/\/www.psib-psoe.org\/eivissa\/el-psib-psoe-vota-a-favor-del-sostre-de-despesa-mes-alt-de-la-historia-a-balears-per-sortir-de-la-crisi-sense-retallades-ni-imposicions\/\"},\"wordCount\":513,\"publisher\":{\"@id\":\"https:\/\/www.psib-psoe.org\/eivissa\/#organization\"},\"image\":{\"@id\":\"https:\/\/www.psib-psoe.org\/eivissa\/el-psib-psoe-vota-a-favor-del-sostre-de-despesa-mes-alt-de-la-historia-a-balears-per-sortir-de-la-crisi-sense-retallades-ni-imposicions\/#primaryimage\"},\"thumbnailUrl\":\"https:\/\/www.psib-psoe.org\/eivissa\/wp-content\/uploads\/20211013_SOSTRE-DESPESA-JORDI-MARI.jpeg\",\"articleSection\":[\"Federaci\u00f3 d'Eivissa - Portada\",\"Govern de les Illes Balears - Parlament - PSIB-PSOE\"],\"inLanguage\":\"ca\"},{\"@type\":\"WebPage\",\"@id\":\"https:\/\/www.psib-psoe.org\/eivissa\/el-psib-psoe-vota-a-favor-del-sostre-de-despesa-mes-alt-de-la-historia-a-balears-per-sortir-de-la-crisi-sense-retallades-ni-imposicions\/\",\"url\":\"https:\/\/www.psib-psoe.org\/eivissa\/el-psib-psoe-vota-a-favor-del-sostre-de-despesa-mes-alt-de-la-historia-a-balears-per-sortir-de-la-crisi-sense-retallades-ni-imposicions\/\",\"name\":\"El PSIB-PSOE vota a favor del sostre de despesa m\u00e9s alt de la hist\u00f2ria a Balears per sortir de la crisi \u201csense retallades ni imposicions\u201d - Federaci\u00f3 Socialista d&#039;Eivissa\",\"isPartOf\":{\"@id\":\"https:\/\/www.psib-psoe.org\/eivissa\/#website\"},\"primaryImageOfPage\":{\"@id\":\"https:\/\/www.psib-psoe.org\/eivissa\/el-psib-psoe-vota-a-favor-del-sostre-de-despesa-mes-alt-de-la-historia-a-balears-per-sortir-de-la-crisi-sense-retallades-ni-imposicions\/#primaryimage\"},\"image\":{\"@id\":\"https:\/\/www.psib-psoe.org\/eivissa\/el-psib-psoe-vota-a-favor-del-sostre-de-despesa-mes-alt-de-la-historia-a-balears-per-sortir-de-la-crisi-sense-retallades-ni-imposicions\/#primaryimage\"},\"thumbnailUrl\":\"https:\/\/www.psib-psoe.org\/eivissa\/wp-content\/uploads\/20211013_SOSTRE-DESPESA-JORDI-MARI.jpeg\",\"datePublished\":\"2021-10-19T10:14:54+00:00\",\"dateModified\":\"2021-10-21T11:17:09+00:00\",\"breadcrumb\":{\"@id\":\"https:\/\/www.psib-psoe.org\/eivissa\/el-psib-psoe-vota-a-favor-del-sostre-de-despesa-mes-alt-de-la-historia-a-balears-per-sortir-de-la-crisi-sense-retallades-ni-imposicions\/#breadcrumb\"},\"inLanguage\":\"ca\",\"potentialAction\":[{\"@type\":\"ReadAction\",\"target\":[\"https:\/\/www.psib-psoe.org\/eivissa\/el-psib-psoe-vota-a-favor-del-sostre-de-despesa-mes-alt-de-la-historia-a-balears-per-sortir-de-la-crisi-sense-retallades-ni-imposicions\/\"]}]},{\"@type\":\"ImageObject\",\"inLanguage\":\"ca\",\"@id\":\"https:\/\/www.psib-psoe.org\/eivissa\/el-psib-psoe-vota-a-favor-del-sostre-de-despesa-mes-alt-de-la-historia-a-balears-per-sortir-de-la-crisi-sense-retallades-ni-imposicions\/#primaryimage\",\"url\":\"https:\/\/www.psib-psoe.org\/eivissa\/wp-content\/uploads\/20211013_SOSTRE-DESPESA-JORDI-MARI.jpeg\",\"contentUrl\":\"https:\/\/www.psib-psoe.org\/eivissa\/wp-content\/uploads\/20211013_SOSTRE-DESPESA-JORDI-MARI.jpeg\",\"width\":2368,\"height\":1579},{\"@type\":\"BreadcrumbList\",\"@id\":\"https:\/\/www.psib-psoe.org\/eivissa\/el-psib-psoe-vota-a-favor-del-sostre-de-despesa-mes-alt-de-la-historia-a-balears-per-sortir-de-la-crisi-sense-retallades-ni-imposicions\/#breadcrumb\",\"itemListElement\":[{\"@type\":\"ListItem\",\"position\":1,\"name\":\"Inici\",\"item\":\"https:\/\/www.psib-psoe.org\/eivissa\/\"},{\"@type\":\"ListItem\",\"position\":2,\"name\":\"El PSIB-PSOE vota a favor del sostre de despesa m\u00e9s alt de la hist\u00f2ria a Balears per sortir de la crisi \u201csense retallades ni imposicions\u201d\"}]},{\"@type\":\"WebSite\",\"@id\":\"https:\/\/www.psib-psoe.org\/eivissa\/#website\",\"url\":\"https:\/\/www.psib-psoe.org\/eivissa\/\",\"name\":\"Federaci\u00f3 Socialista d'Eivissa\",\"description\":\"Socialistes d&#039;Eivissa\",\"publisher\":{\"@id\":\"https:\/\/www.psib-psoe.org\/eivissa\/#organization\"},\"potentialAction\":[{\"@type\":\"SearchAction\",\"target\":{\"@type\":\"EntryPoint\",\"urlTemplate\":\"https:\/\/www.psib-psoe.org\/eivissa\/?s={search_term_string}\"},\"query-input\":{\"@type\":\"PropertyValueSpecification\",\"valueRequired\":true,\"valueName\":\"search_term_string\"}}],\"inLanguage\":\"ca\"},{\"@type\":\"Organization\",\"@id\":\"https:\/\/www.psib-psoe.org\/eivissa\/#organization\",\"name\":\"Federaci\u00f3 Socialista d'Eivissa\",\"url\":\"https:\/\/www.psib-psoe.org\/eivissa\/\",\"logo\":{\"@type\":\"ImageObject\",\"inLanguage\":\"ca\",\"@id\":\"https:\/\/www.psib-psoe.org\/eivissa\/#\/schema\/logo\/image\/\",\"url\":\"https:\/\/www.psib-psoe.org\/eivissa\/wp-content\/uploads\/LOGO-FSE-SOCIALISTA-DEIVISSA-HORI.png\",\"contentUrl\":\"https:\/\/www.psib-psoe.org\/eivissa\/wp-content\/uploads\/LOGO-FSE-SOCIALISTA-DEIVISSA-HORI.png\",\"width\":6000,\"height\":3104,\"caption\":\"Federaci\u00f3 Socialista d'Eivissa\"},\"image\":{\"@id\":\"https:\/\/www.psib-psoe.org\/eivissa\/#\/schema\/logo\/image\/\"}},{\"@type\":\"Person\",\"@id\":\"https:\/\/www.psib-psoe.org\/eivissa\/#\/schema\/person\/7a9d2841fb36f32e34fc0e9b245e8117\",\"name\":\"Josep Ripoll\",\"sameAs\":[\"http:\/\/www.psib-psoe.org\/eivissa\/wp-login.php\"],\"url\":\"https:\/\/www.psib-psoe.org\/eivissa\/author\/josep\/\"}]}<\/script>\n<!-- \/ Yoast SEO plugin. -->","yoast_head_json":{"title":"El PSIB-PSOE vota a favor del sostre de despesa m\u00e9s alt de la hist\u00f2ria a Balears per sortir de la crisi \u201csense retallades ni imposicions\u201d - Federaci\u00f3 Socialista d&#039;Eivissa","robots":{"index":"index","follow":"follow","max-snippet":"max-snippet:-1","max-image-preview":"max-image-preview:large","max-video-preview":"max-video-preview:-1"},"canonical":"https:\/\/www.psib-psoe.org\/eivissa\/el-psib-psoe-vota-a-favor-del-sostre-de-despesa-mes-alt-de-la-historia-a-balears-per-sortir-de-la-crisi-sense-retallades-ni-imposicions\/","og_locale":"ca_ES","og_type":"article","og_title":"El PSIB-PSOE vota a favor del sostre de despesa m\u00e9s alt de la hist\u00f2ria a Balears per sortir de la crisi \u201csense retallades ni imposicions\u201d - Federaci\u00f3 Socialista d&#039;Eivissa","og_description":"El Parlament de les Illes Balears ha aprovat el sostre de despesa no financera per a 2022 amb el vot a favor del Grup Parlamentari Socialista, el qual ha defensat la xifra marcada per la Conselleria d\u2019Hisenda i Relacions Exterior, at\u00e8s que evidencia \u201cque una altra sortida de la crisi \u00e9s possible, sense retallades ni&hellip;","og_url":"https:\/\/www.psib-psoe.org\/eivissa\/el-psib-psoe-vota-a-favor-del-sostre-de-despesa-mes-alt-de-la-historia-a-balears-per-sortir-de-la-crisi-sense-retallades-ni-imposicions\/","og_site_name":"Federaci\u00f3 Socialista d&#039;Eivissa","article_published_time":"2021-10-19T10:14:54+00:00","article_modified_time":"2021-10-21T11:17:09+00:00","og_image":[{"width":2368,"height":1579,"url":"https:\/\/www.psib-psoe.org\/eivissa\/wp-content\/uploads\/20211013_SOSTRE-DESPESA-JORDI-MARI.jpeg","type":"image\/jpeg"}],"author":"Josep Ripoll","twitter_card":"summary_large_image","twitter_misc":{"Escrit per":"Josep Ripoll","Temps estimat de lectura":"2 minuts"},"schema":{"@context":"https:\/\/schema.org","@graph":[{"@type":["Article","BlogPosting"],"@id":"https:\/\/www.psib-psoe.org\/eivissa\/el-psib-psoe-vota-a-favor-del-sostre-de-despesa-mes-alt-de-la-historia-a-balears-per-sortir-de-la-crisi-sense-retallades-ni-imposicions\/#article","isPartOf":{"@id":"https:\/\/www.psib-psoe.org\/eivissa\/el-psib-psoe-vota-a-favor-del-sostre-de-despesa-mes-alt-de-la-historia-a-balears-per-sortir-de-la-crisi-sense-retallades-ni-imposicions\/"},"author":{"name":"Josep Ripoll","@id":"https:\/\/www.psib-psoe.org\/eivissa\/#\/schema\/person\/7a9d2841fb36f32e34fc0e9b245e8117"},"headline":"El PSIB-PSOE vota a favor del sostre de despesa m\u00e9s alt de la hist\u00f2ria a Balears per sortir de la crisi \u201csense retallades ni imposicions\u201d","datePublished":"2021-10-19T10:14:54+00:00","dateModified":"2021-10-21T11:17:09+00:00","mainEntityOfPage":{"@id":"https:\/\/www.psib-psoe.org\/eivissa\/el-psib-psoe-vota-a-favor-del-sostre-de-despesa-mes-alt-de-la-historia-a-balears-per-sortir-de-la-crisi-sense-retallades-ni-imposicions\/"},"wordCount":513,"publisher":{"@id":"https:\/\/www.psib-psoe.org\/eivissa\/#organization"},"image":{"@id":"https:\/\/www.psib-psoe.org\/eivissa\/el-psib-psoe-vota-a-favor-del-sostre-de-despesa-mes-alt-de-la-historia-a-balears-per-sortir-de-la-crisi-sense-retallades-ni-imposicions\/#primaryimage"},"thumbnailUrl":"https:\/\/www.psib-psoe.org\/eivissa\/wp-content\/uploads\/20211013_SOSTRE-DESPESA-JORDI-MARI.jpeg","articleSection":["Federaci\u00f3 d'Eivissa - Portada","Govern de les Illes Balears - Parlament - PSIB-PSOE"],"inLanguage":"ca"},{"@type":"WebPage","@id":"https:\/\/www.psib-psoe.org\/eivissa\/el-psib-psoe-vota-a-favor-del-sostre-de-despesa-mes-alt-de-la-historia-a-balears-per-sortir-de-la-crisi-sense-retallades-ni-imposicions\/","url":"https:\/\/www.psib-psoe.org\/eivissa\/el-psib-psoe-vota-a-favor-del-sostre-de-despesa-mes-alt-de-la-historia-a-balears-per-sortir-de-la-crisi-sense-retallades-ni-imposicions\/","name":"El PSIB-PSOE vota a favor del sostre de despesa m\u00e9s alt de la hist\u00f2ria a Balears per sortir de la crisi \u201csense retallades ni imposicions\u201d - Federaci\u00f3 Socialista d&#039;Eivissa","isPartOf":{"@id":"https:\/\/www.psib-psoe.org\/eivissa\/#website"},"primaryImageOfPage":{"@id":"https:\/\/www.psib-psoe.org\/eivissa\/el-psib-psoe-vota-a-favor-del-sostre-de-despesa-mes-alt-de-la-historia-a-balears-per-sortir-de-la-crisi-sense-retallades-ni-imposicions\/#primaryimage"},"image":{"@id":"https:\/\/www.psib-psoe.org\/eivissa\/el-psib-psoe-vota-a-favor-del-sostre-de-despesa-mes-alt-de-la-historia-a-balears-per-sortir-de-la-crisi-sense-retallades-ni-imposicions\/#primaryimage"},"thumbnailUrl":"https:\/\/www.psib-psoe.org\/eivissa\/wp-content\/uploads\/20211013_SOSTRE-DESPESA-JORDI-MARI.jpeg","datePublished":"2021-10-19T10:14:54+00:00","dateModified":"2021-10-21T11:17:09+00:00","breadcrumb":{"@id":"https:\/\/www.psib-psoe.org\/eivissa\/el-psib-psoe-vota-a-favor-del-sostre-de-despesa-mes-alt-de-la-historia-a-balears-per-sortir-de-la-crisi-sense-retallades-ni-imposicions\/#breadcrumb"},"inLanguage":"ca","potentialAction":[{"@type":"ReadAction","target":["https:\/\/www.psib-psoe.org\/eivissa\/el-psib-psoe-vota-a-favor-del-sostre-de-despesa-mes-alt-de-la-historia-a-balears-per-sortir-de-la-crisi-sense-retallades-ni-imposicions\/"]}]},{"@type":"ImageObject","inLanguage":"ca","@id":"https:\/\/www.psib-psoe.org\/eivissa\/el-psib-psoe-vota-a-favor-del-sostre-de-despesa-mes-alt-de-la-historia-a-balears-per-sortir-de-la-crisi-sense-retallades-ni-imposicions\/#primaryimage","url":"https:\/\/www.psib-psoe.org\/eivissa\/wp-content\/uploads\/20211013_SOSTRE-DESPESA-JORDI-MARI.jpeg","contentUrl":"https:\/\/www.psib-psoe.org\/eivissa\/wp-content\/uploads\/20211013_SOSTRE-DESPESA-JORDI-MARI.jpeg","width":2368,"height":1579},{"@type":"BreadcrumbList","@id":"https:\/\/www.psib-psoe.org\/eivissa\/el-psib-psoe-vota-a-favor-del-sostre-de-despesa-mes-alt-de-la-historia-a-balears-per-sortir-de-la-crisi-sense-retallades-ni-imposicions\/#breadcrumb","itemListElement":[{"@type":"ListItem","position":1,"name":"Inici","item":"https:\/\/www.psib-psoe.org\/eivissa\/"},{"@type":"ListItem","position":2,"name":"El PSIB-PSOE vota a favor del sostre de despesa m\u00e9s alt de la hist\u00f2ria a Balears per sortir de la crisi \u201csense retallades ni imposicions\u201d"}]},{"@type":"WebSite","@id":"https:\/\/www.psib-psoe.org\/eivissa\/#website","url":"https:\/\/www.psib-psoe.org\/eivissa\/","name":"Federaci\u00f3 Socialista d'Eivissa","description":"Socialistes d&#039;Eivissa","publisher":{"@id":"https:\/\/www.psib-psoe.org\/eivissa\/#organization"},"potentialAction":[{"@type":"SearchAction","target":{"@type":"EntryPoint","urlTemplate":"https:\/\/www.psib-psoe.org\/eivissa\/?s={search_term_string}"},"query-input":{"@type":"PropertyValueSpecification","valueRequired":true,"valueName":"search_term_string"}}],"inLanguage":"ca"},{"@type":"Organization","@id":"https:\/\/www.psib-psoe.org\/eivissa\/#organization","name":"Federaci\u00f3 Socialista d'Eivissa","url":"https:\/\/www.psib-psoe.org\/eivissa\/","logo":{"@type":"ImageObject","inLanguage":"ca","@id":"https:\/\/www.psib-psoe.org\/eivissa\/#\/schema\/logo\/image\/","url":"https:\/\/www.psib-psoe.org\/eivissa\/wp-content\/uploads\/LOGO-FSE-SOCIALISTA-DEIVISSA-HORI.png","contentUrl":"https:\/\/www.psib-psoe.org\/eivissa\/wp-content\/uploads\/LOGO-FSE-SOCIALISTA-DEIVISSA-HORI.png","width":6000,"height":3104,"caption":"Federaci\u00f3 Socialista d'Eivissa"},"image":{"@id":"https:\/\/www.psib-psoe.org\/eivissa\/#\/schema\/logo\/image\/"}},{"@type":"Person","@id":"https:\/\/www.psib-psoe.org\/eivissa\/#\/schema\/person\/7a9d2841fb36f32e34fc0e9b245e8117","name":"Josep Ripoll","sameAs":["http:\/\/www.psib-psoe.org\/eivissa\/wp-login.php"],"url":"https:\/\/www.psib-psoe.org\/eivissa\/author\/josep\/"}]}},"_links":{"self":[{"href":"https:\/\/www.psib-psoe.org\/eivissa\/wp-json\/wp\/v2\/posts\/34532","targetHints":{"allow":["GET"]}}],"collection":[{"href":"https:\/\/www.psib-psoe.org\/eivissa\/wp-json\/wp\/v2\/posts"}],"about":[{"href":"https:\/\/www.psib-psoe.org\/eivissa\/wp-json\/wp\/v2\/types\/post"}],"author":[{"embeddable":true,"href":"https:\/\/www.psib-psoe.org\/eivissa\/wp-json\/wp\/v2\/users\/7"}],"replies":[{"embeddable":true,"href":"https:\/\/www.psib-psoe.org\/eivissa\/wp-json\/wp\/v2\/comments?post=34532"}],"version-history":[{"count":1,"href":"https:\/\/www.psib-psoe.org\/eivissa\/wp-json\/wp\/v2\/posts\/34532\/revisions"}],"predecessor-version":[{"id":34535,"href":"https:\/\/www.psib-psoe.org\/eivissa\/wp-json\/wp\/v2\/posts\/34532\/revisions\/34535"}],"wp:featuredmedia":[{"embeddable":true,"href":"https:\/\/www.psib-psoe.org\/eivissa\/wp-json\/wp\/v2\/media\/34533"}],"wp:attachment":[{"href":"https:\/\/www.psib-psoe.org\/eivissa\/wp-json\/wp\/v2\/media?parent=34532"}],"wp:term":[{"taxonomy":"category","embeddable":true,"href":"https:\/\/www.psib-psoe.org\/eivissa\/wp-json\/wp\/v2\/categories?post=34532"},{"taxonomy":"post_tag","embeddable":true,"href":"https:\/\/www.psib-psoe.org\/eivissa\/wp-json\/wp\/v2\/tags?post=34532"}],"curies":[{"name":"wp","href":"https:\/\/api.w.org\/{rel}","templated":true}]}}