{"id":34748,"date":"2021-12-03T11:00:41","date_gmt":"2021-12-03T09:00:41","guid":{"rendered":"https:\/\/www.psib-psoe.org\/eivissa\/?p=34748"},"modified":"2021-12-03T10:59:51","modified_gmt":"2021-12-03T08:59:51","slug":"el-comite-insular-de-la-fse-psoe-convoca-el-5e-congres-del-partit-per-al-29-de-gener-que-servira-per-reforcar-el-projecte-socialista-amb-lobjectiu-dampliar-majories-en-2023","status":"publish","type":"post","link":"https:\/\/www.psib-psoe.org\/eivissa\/el-comite-insular-de-la-fse-psoe-convoca-el-5e-congres-del-partit-per-al-29-de-gener-que-servira-per-reforcar-el-projecte-socialista-amb-lobjectiu-dampliar-majories-en-2023\/","title":{"rendered":"El Comit\u00e8 Insular de la FSE-PSOE convoca el 5\u00e8 Congr\u00e9s del partit per al 29 de gener, que servir\u00e0 per &#8220;refor\u00e7ar el projecte&#8221; socialista amb l&#8217;objectiu &#8220;d&#8217;ampliar majories en 2023&#8221;"},"content":{"rendered":"<p class=\"p1\">El Comit\u00e8 Insular de la Federaci\u00f3 Socialista d&#8217;Eivissa (FSE-PSOE), reunit a Sant Josep de sa Talaia, ha convocat el 5\u00e8 Congr\u00e9s del partit, que tendr\u00e0 el dia 29 de gener. Un congr\u00e9s que servir\u00e0 per &#8220;refor\u00e7ar el projecte socialista&#8221; amb l&#8217;objectiu d'&#8221;ampliar majories en 2023 a la nostra illa&#8221;, ha dit el secretari general, Josep Mar\u00ed\u00a0Ribas. <\/p>\n<p class=\"p1\">Josep Mar\u00ed\u00a0Ribas\u00a0ha explicat que el PSOE t\u00e9 com a objectiu &#8220;posar en marxa una recuperaci\u00f3 que sigui s\u00f2lida, i que serveixi per transformar, per fer avan\u00e7ar la nostra societat&#8221;. El partit vol oferir a la ciutadania una resposta a &#8220;tots els reptes de futur que tenim davant&#8221;, com s\u00f3n tamb\u00e9 &#8220;la igualtat, l&#8217;erradicaci\u00f3 de la viol\u00e8ncia contra les dones, la lluita contra els delictes d&#8217;odi, la defensa d&#8217;un habitatge digne per a tothom&#8221; i altres q\u00fcestions com &#8220;el repte demogr\u00e0fic, en un territori limitat i fr\u00e0gil com \u00e9s la nostra illa&#8221;, amb un model econ\u00f2mic de &#8220;qualitat i sostenible&#8221;.<\/p>\n<p class=\"p1\">Josep Mar\u00ed\u00a0Ribas\u00a0s&#8217;ha referit a &#8220;una falta d&#8217;un model de recuperaci\u00f3 en favor de la gent i de transformaci\u00f3 de l&#8217;illa&#8221;, per part de les institucions governades per la dreta, com \u00e9s el Consell Insular d&#8217;Eivissa: &#8220;Un exemple molt clar \u00e9s la definici\u00f3 dels projectes de recuperaci\u00f3 que poden rebre finan\u00e7ament d&#8217;Europa&#8221;, que segons el secretari general de la\u00a0FSE, no s&#8217;est\u00e0 portant a terme de manera coordinada amb els ajuntaments&#8221;. El finan\u00e7ament que vendr\u00e0 d&#8217;Europa &#8220;\u00e9s una oportunitat que no podem deixar escapar&#8221;, ha remarcat, destacant que Eivissa &#8220;necessita un lideratge per definir i impulsar\u00a0aquestos\u00a0projectes&#8221;.<\/p>\n<p class=\"p1\">Dins dels objectius de la recuperaci\u00f3, Josep Mar\u00ed\u00a0Ribas\u00a0ha destacat &#8220;l&#8217;encert de les pol\u00edtiques socialistes en favor de les persones treballadores, aut\u00f2nomes i empreses&#8221; i, especialment, de &#8220;les persones que passen per m\u00e9s dificultats i de refor\u00e7ament de la salut p\u00fablica&#8221;. Com ha dit, la crisi provocada per la pand\u00e8mia est\u00e0 sent &#8220;molt dura&#8221;, per\u00f2 &#8220;la resposta\u00a0ha\u00a0set molt diferent de la que la dreta va donar en la crisi del 2008&#8221;.<\/p>\n<p class=\"p1\">El Comit\u00e8 Insular de la FSE-PSOE, que s&#8217;ha reunit per primera vegada de manera presencial despr\u00e9s de l&#8217;inici de la pand\u00e8mia, ha comen\u00e7at amb un aplaudiment de record a totes les v\u00edctimes de la Covid-19 i de\u00a0reconeixement\u00a0al personal sanitari i als serveis essencials de l&#8217;illa d&#8217;Eivissa.<\/p>\n","protected":false},"excerpt":{"rendered":"<p>El Comit\u00e8 Insular de la Federaci\u00f3 Socialista d&#8217;Eivissa (FSE-PSOE), reunit a Sant Josep de sa Talaia, ha convocat el 5\u00e8 Congr\u00e9s del partit, que tendr\u00e0 el dia 29 de gener. Un congr\u00e9s que servir\u00e0 per &#8220;refor\u00e7ar el projecte socialista&#8221; amb l&#8217;objectiu d&#8217;&#8221;ampliar majories en 2023 a la nostra illa&#8221;, ha dit el secretari general, Josep&hellip;<\/p>\n","protected":false},"author":7,"featured_media":34749,"comment_status":"closed","ping_status":"closed","sticky":false,"template":"","format":"standard","meta":{"footnotes":""},"categories":[1],"tags":[],"class_list":["post-34748","post","type-post","status-publish","format-standard","has-post-thumbnail","hentry","category-federacio-de-eivissa-portada"],"yoast_head":"<!-- This site is optimized with the Yoast SEO plugin v26.9 - https:\/\/yoast.com\/product\/yoast-seo-wordpress\/ -->\n<title>El Comit\u00e8 Insular de la FSE-PSOE convoca el 5\u00e8 Congr\u00e9s del partit per al 29 de gener, que servir\u00e0 per &quot;refor\u00e7ar el projecte&quot; socialista amb l&#039;objectiu &quot;d&#039;ampliar majories en 2023&quot; - Federaci\u00f3 Socialista d&#039;Eivissa<\/title>\n<meta name=\"robots\" content=\"index, follow, max-snippet:-1, max-image-preview:large, max-video-preview:-1\" \/>\n<link rel=\"canonical\" href=\"https:\/\/www.psib-psoe.org\/eivissa\/el-comite-insular-de-la-fse-psoe-convoca-el-5e-congres-del-partit-per-al-29-de-gener-que-servira-per-reforcar-el-projecte-socialista-amb-lobjectiu-dampliar-majories-en-2023\/\" \/>\n<meta property=\"og:locale\" content=\"ca_ES\" \/>\n<meta property=\"og:type\" content=\"article\" \/>\n<meta property=\"og:title\" content=\"El Comit\u00e8 Insular de la FSE-PSOE convoca el 5\u00e8 Congr\u00e9s del partit per al 29 de gener, que servir\u00e0 per &quot;refor\u00e7ar el projecte&quot; socialista amb l&#039;objectiu &quot;d&#039;ampliar majories en 2023&quot; - Federaci\u00f3 Socialista d&#039;Eivissa\" \/>\n<meta property=\"og:description\" content=\"El Comit\u00e8 Insular de la Federaci\u00f3 Socialista d&#8217;Eivissa (FSE-PSOE), reunit a Sant Josep de sa Talaia, ha convocat el 5\u00e8 Congr\u00e9s del partit, que tendr\u00e0 el dia 29 de gener. Un congr\u00e9s que servir\u00e0 per &#8220;refor\u00e7ar el projecte socialista&#8221; amb l&#8217;objectiu d&#039;&#8221;ampliar majories en 2023 a la nostra illa&#8221;, ha dit el secretari general, Josep&hellip;\" \/>\n<meta property=\"og:url\" content=\"https:\/\/www.psib-psoe.org\/eivissa\/el-comite-insular-de-la-fse-psoe-convoca-el-5e-congres-del-partit-per-al-29-de-gener-que-servira-per-reforcar-el-projecte-socialista-amb-lobjectiu-dampliar-majories-en-2023\/\" \/>\n<meta property=\"og:site_name\" content=\"Federaci\u00f3 Socialista d&#039;Eivissa\" \/>\n<meta property=\"article:published_time\" content=\"2021-12-03T09:00:41+00:00\" \/>\n<meta property=\"og:image\" content=\"https:\/\/www.psib-psoe.org\/eivissa\/wp-content\/uploads\/comite-insular-fse.jpg\" \/>\n\t<meta property=\"og:image:width\" content=\"1920\" \/>\n\t<meta property=\"og:image:height\" content=\"1080\" \/>\n\t<meta property=\"og:image:type\" content=\"image\/jpeg\" \/>\n<meta name=\"author\" content=\"Josep Ripoll\" \/>\n<meta name=\"twitter:card\" content=\"summary_large_image\" \/>\n<meta name=\"twitter:label1\" content=\"Escrit per\" \/>\n\t<meta name=\"twitter:data1\" content=\"Josep Ripoll\" \/>\n\t<meta name=\"twitter:label2\" content=\"Temps estimat de lectura\" \/>\n\t<meta name=\"twitter:data2\" content=\"2 minuts\" \/>\n<script type=\"application\/ld+json\" class=\"yoast-schema-graph\">{\"@context\":\"https:\/\/schema.org\",\"@graph\":[{\"@type\":[\"Article\",\"BlogPosting\"],\"@id\":\"https:\/\/www.psib-psoe.org\/eivissa\/el-comite-insular-de-la-fse-psoe-convoca-el-5e-congres-del-partit-per-al-29-de-gener-que-servira-per-reforcar-el-projecte-socialista-amb-lobjectiu-dampliar-majories-en-2023\/#article\",\"isPartOf\":{\"@id\":\"https:\/\/www.psib-psoe.org\/eivissa\/el-comite-insular-de-la-fse-psoe-convoca-el-5e-congres-del-partit-per-al-29-de-gener-que-servira-per-reforcar-el-projecte-socialista-amb-lobjectiu-dampliar-majories-en-2023\/\"},\"author\":{\"name\":\"Josep Ripoll\",\"@id\":\"https:\/\/www.psib-psoe.org\/eivissa\/#\/schema\/person\/7a9d2841fb36f32e34fc0e9b245e8117\"},\"headline\":\"El Comit\u00e8 Insular de la FSE-PSOE convoca el 5\u00e8 Congr\u00e9s del partit per al 29 de gener, que servir\u00e0 per &#8220;refor\u00e7ar el projecte&#8221; socialista amb l&#8217;objectiu &#8220;d&#8217;ampliar majories en 2023&#8221;\",\"datePublished\":\"2021-12-03T09:00:41+00:00\",\"mainEntityOfPage\":{\"@id\":\"https:\/\/www.psib-psoe.org\/eivissa\/el-comite-insular-de-la-fse-psoe-convoca-el-5e-congres-del-partit-per-al-29-de-gener-que-servira-per-reforcar-el-projecte-socialista-amb-lobjectiu-dampliar-majories-en-2023\/\"},\"wordCount\":428,\"publisher\":{\"@id\":\"https:\/\/www.psib-psoe.org\/eivissa\/#organization\"},\"image\":{\"@id\":\"https:\/\/www.psib-psoe.org\/eivissa\/el-comite-insular-de-la-fse-psoe-convoca-el-5e-congres-del-partit-per-al-29-de-gener-que-servira-per-reforcar-el-projecte-socialista-amb-lobjectiu-dampliar-majories-en-2023\/#primaryimage\"},\"thumbnailUrl\":\"https:\/\/www.psib-psoe.org\/eivissa\/wp-content\/uploads\/comite-insular-fse.jpg\",\"articleSection\":[\"Federaci\u00f3 d'Eivissa - Portada\"],\"inLanguage\":\"ca\"},{\"@type\":\"WebPage\",\"@id\":\"https:\/\/www.psib-psoe.org\/eivissa\/el-comite-insular-de-la-fse-psoe-convoca-el-5e-congres-del-partit-per-al-29-de-gener-que-servira-per-reforcar-el-projecte-socialista-amb-lobjectiu-dampliar-majories-en-2023\/\",\"url\":\"https:\/\/www.psib-psoe.org\/eivissa\/el-comite-insular-de-la-fse-psoe-convoca-el-5e-congres-del-partit-per-al-29-de-gener-que-servira-per-reforcar-el-projecte-socialista-amb-lobjectiu-dampliar-majories-en-2023\/\",\"name\":\"El Comit\u00e8 Insular de la FSE-PSOE convoca el 5\u00e8 Congr\u00e9s del partit per al 29 de gener, que servir\u00e0 per \\\"refor\u00e7ar el projecte\\\" socialista amb l'objectiu \\\"d'ampliar majories en 2023\\\" - Federaci\u00f3 Socialista d&#039;Eivissa\",\"isPartOf\":{\"@id\":\"https:\/\/www.psib-psoe.org\/eivissa\/#website\"},\"primaryImageOfPage\":{\"@id\":\"https:\/\/www.psib-psoe.org\/eivissa\/el-comite-insular-de-la-fse-psoe-convoca-el-5e-congres-del-partit-per-al-29-de-gener-que-servira-per-reforcar-el-projecte-socialista-amb-lobjectiu-dampliar-majories-en-2023\/#primaryimage\"},\"image\":{\"@id\":\"https:\/\/www.psib-psoe.org\/eivissa\/el-comite-insular-de-la-fse-psoe-convoca-el-5e-congres-del-partit-per-al-29-de-gener-que-servira-per-reforcar-el-projecte-socialista-amb-lobjectiu-dampliar-majories-en-2023\/#primaryimage\"},\"thumbnailUrl\":\"https:\/\/www.psib-psoe.org\/eivissa\/wp-content\/uploads\/comite-insular-fse.jpg\",\"datePublished\":\"2021-12-03T09:00:41+00:00\",\"breadcrumb\":{\"@id\":\"https:\/\/www.psib-psoe.org\/eivissa\/el-comite-insular-de-la-fse-psoe-convoca-el-5e-congres-del-partit-per-al-29-de-gener-que-servira-per-reforcar-el-projecte-socialista-amb-lobjectiu-dampliar-majories-en-2023\/#breadcrumb\"},\"inLanguage\":\"ca\",\"potentialAction\":[{\"@type\":\"ReadAction\",\"target\":[\"https:\/\/www.psib-psoe.org\/eivissa\/el-comite-insular-de-la-fse-psoe-convoca-el-5e-congres-del-partit-per-al-29-de-gener-que-servira-per-reforcar-el-projecte-socialista-amb-lobjectiu-dampliar-majories-en-2023\/\"]}]},{\"@type\":\"ImageObject\",\"inLanguage\":\"ca\",\"@id\":\"https:\/\/www.psib-psoe.org\/eivissa\/el-comite-insular-de-la-fse-psoe-convoca-el-5e-congres-del-partit-per-al-29-de-gener-que-servira-per-reforcar-el-projecte-socialista-amb-lobjectiu-dampliar-majories-en-2023\/#primaryimage\",\"url\":\"https:\/\/www.psib-psoe.org\/eivissa\/wp-content\/uploads\/comite-insular-fse.jpg\",\"contentUrl\":\"https:\/\/www.psib-psoe.org\/eivissa\/wp-content\/uploads\/comite-insular-fse.jpg\",\"width\":1920,\"height\":1080},{\"@type\":\"BreadcrumbList\",\"@id\":\"https:\/\/www.psib-psoe.org\/eivissa\/el-comite-insular-de-la-fse-psoe-convoca-el-5e-congres-del-partit-per-al-29-de-gener-que-servira-per-reforcar-el-projecte-socialista-amb-lobjectiu-dampliar-majories-en-2023\/#breadcrumb\",\"itemListElement\":[{\"@type\":\"ListItem\",\"position\":1,\"name\":\"Inici\",\"item\":\"https:\/\/www.psib-psoe.org\/eivissa\/\"},{\"@type\":\"ListItem\",\"position\":2,\"name\":\"El Comit\u00e8 Insular de la FSE-PSOE convoca el 5\u00e8 Congr\u00e9s del partit per al 29 de gener, que servir\u00e0 per &#8220;refor\u00e7ar el projecte&#8221; socialista amb l&#8217;objectiu &#8220;d&#8217;ampliar majories en 2023&#8221;\"}]},{\"@type\":\"WebSite\",\"@id\":\"https:\/\/www.psib-psoe.org\/eivissa\/#website\",\"url\":\"https:\/\/www.psib-psoe.org\/eivissa\/\",\"name\":\"Federaci\u00f3 Socialista d'Eivissa\",\"description\":\"Socialistes d&#039;Eivissa\",\"publisher\":{\"@id\":\"https:\/\/www.psib-psoe.org\/eivissa\/#organization\"},\"potentialAction\":[{\"@type\":\"SearchAction\",\"target\":{\"@type\":\"EntryPoint\",\"urlTemplate\":\"https:\/\/www.psib-psoe.org\/eivissa\/?s={search_term_string}\"},\"query-input\":{\"@type\":\"PropertyValueSpecification\",\"valueRequired\":true,\"valueName\":\"search_term_string\"}}],\"inLanguage\":\"ca\"},{\"@type\":\"Organization\",\"@id\":\"https:\/\/www.psib-psoe.org\/eivissa\/#organization\",\"name\":\"Federaci\u00f3 Socialista d'Eivissa\",\"url\":\"https:\/\/www.psib-psoe.org\/eivissa\/\",\"logo\":{\"@type\":\"ImageObject\",\"inLanguage\":\"ca\",\"@id\":\"https:\/\/www.psib-psoe.org\/eivissa\/#\/schema\/logo\/image\/\",\"url\":\"https:\/\/www.psib-psoe.org\/eivissa\/wp-content\/uploads\/LOGO-FSE-SOCIALISTA-DEIVISSA-HORI.png\",\"contentUrl\":\"https:\/\/www.psib-psoe.org\/eivissa\/wp-content\/uploads\/LOGO-FSE-SOCIALISTA-DEIVISSA-HORI.png\",\"width\":6000,\"height\":3104,\"caption\":\"Federaci\u00f3 Socialista d'Eivissa\"},\"image\":{\"@id\":\"https:\/\/www.psib-psoe.org\/eivissa\/#\/schema\/logo\/image\/\"}},{\"@type\":\"Person\",\"@id\":\"https:\/\/www.psib-psoe.org\/eivissa\/#\/schema\/person\/7a9d2841fb36f32e34fc0e9b245e8117\",\"name\":\"Josep Ripoll\",\"sameAs\":[\"http:\/\/www.psib-psoe.org\/eivissa\/wp-login.php\"],\"url\":\"https:\/\/www.psib-psoe.org\/eivissa\/author\/josep\/\"}]}<\/script>\n<!-- \/ Yoast SEO plugin. -->","yoast_head_json":{"title":"El Comit\u00e8 Insular de la FSE-PSOE convoca el 5\u00e8 Congr\u00e9s del partit per al 29 de gener, que servir\u00e0 per \"refor\u00e7ar el projecte\" socialista amb l'objectiu \"d'ampliar majories en 2023\" - Federaci\u00f3 Socialista d&#039;Eivissa","robots":{"index":"index","follow":"follow","max-snippet":"max-snippet:-1","max-image-preview":"max-image-preview:large","max-video-preview":"max-video-preview:-1"},"canonical":"https:\/\/www.psib-psoe.org\/eivissa\/el-comite-insular-de-la-fse-psoe-convoca-el-5e-congres-del-partit-per-al-29-de-gener-que-servira-per-reforcar-el-projecte-socialista-amb-lobjectiu-dampliar-majories-en-2023\/","og_locale":"ca_ES","og_type":"article","og_title":"El Comit\u00e8 Insular de la FSE-PSOE convoca el 5\u00e8 Congr\u00e9s del partit per al 29 de gener, que servir\u00e0 per \"refor\u00e7ar el projecte\" socialista amb l'objectiu \"d'ampliar majories en 2023\" - Federaci\u00f3 Socialista d&#039;Eivissa","og_description":"El Comit\u00e8 Insular de la Federaci\u00f3 Socialista d&#8217;Eivissa (FSE-PSOE), reunit a Sant Josep de sa Talaia, ha convocat el 5\u00e8 Congr\u00e9s del partit, que tendr\u00e0 el dia 29 de gener. Un congr\u00e9s que servir\u00e0 per &#8220;refor\u00e7ar el projecte socialista&#8221; amb l&#8217;objectiu d'&#8221;ampliar majories en 2023 a la nostra illa&#8221;, ha dit el secretari general, Josep&hellip;","og_url":"https:\/\/www.psib-psoe.org\/eivissa\/el-comite-insular-de-la-fse-psoe-convoca-el-5e-congres-del-partit-per-al-29-de-gener-que-servira-per-reforcar-el-projecte-socialista-amb-lobjectiu-dampliar-majories-en-2023\/","og_site_name":"Federaci\u00f3 Socialista d&#039;Eivissa","article_published_time":"2021-12-03T09:00:41+00:00","og_image":[{"width":1920,"height":1080,"url":"https:\/\/www.psib-psoe.org\/eivissa\/wp-content\/uploads\/comite-insular-fse.jpg","type":"image\/jpeg"}],"author":"Josep Ripoll","twitter_card":"summary_large_image","twitter_misc":{"Escrit per":"Josep Ripoll","Temps estimat de lectura":"2 minuts"},"schema":{"@context":"https:\/\/schema.org","@graph":[{"@type":["Article","BlogPosting"],"@id":"https:\/\/www.psib-psoe.org\/eivissa\/el-comite-insular-de-la-fse-psoe-convoca-el-5e-congres-del-partit-per-al-29-de-gener-que-servira-per-reforcar-el-projecte-socialista-amb-lobjectiu-dampliar-majories-en-2023\/#article","isPartOf":{"@id":"https:\/\/www.psib-psoe.org\/eivissa\/el-comite-insular-de-la-fse-psoe-convoca-el-5e-congres-del-partit-per-al-29-de-gener-que-servira-per-reforcar-el-projecte-socialista-amb-lobjectiu-dampliar-majories-en-2023\/"},"author":{"name":"Josep Ripoll","@id":"https:\/\/www.psib-psoe.org\/eivissa\/#\/schema\/person\/7a9d2841fb36f32e34fc0e9b245e8117"},"headline":"El Comit\u00e8 Insular de la FSE-PSOE convoca el 5\u00e8 Congr\u00e9s del partit per al 29 de gener, que servir\u00e0 per &#8220;refor\u00e7ar el projecte&#8221; socialista amb l&#8217;objectiu &#8220;d&#8217;ampliar majories en 2023&#8221;","datePublished":"2021-12-03T09:00:41+00:00","mainEntityOfPage":{"@id":"https:\/\/www.psib-psoe.org\/eivissa\/el-comite-insular-de-la-fse-psoe-convoca-el-5e-congres-del-partit-per-al-29-de-gener-que-servira-per-reforcar-el-projecte-socialista-amb-lobjectiu-dampliar-majories-en-2023\/"},"wordCount":428,"publisher":{"@id":"https:\/\/www.psib-psoe.org\/eivissa\/#organization"},"image":{"@id":"https:\/\/www.psib-psoe.org\/eivissa\/el-comite-insular-de-la-fse-psoe-convoca-el-5e-congres-del-partit-per-al-29-de-gener-que-servira-per-reforcar-el-projecte-socialista-amb-lobjectiu-dampliar-majories-en-2023\/#primaryimage"},"thumbnailUrl":"https:\/\/www.psib-psoe.org\/eivissa\/wp-content\/uploads\/comite-insular-fse.jpg","articleSection":["Federaci\u00f3 d'Eivissa - Portada"],"inLanguage":"ca"},{"@type":"WebPage","@id":"https:\/\/www.psib-psoe.org\/eivissa\/el-comite-insular-de-la-fse-psoe-convoca-el-5e-congres-del-partit-per-al-29-de-gener-que-servira-per-reforcar-el-projecte-socialista-amb-lobjectiu-dampliar-majories-en-2023\/","url":"https:\/\/www.psib-psoe.org\/eivissa\/el-comite-insular-de-la-fse-psoe-convoca-el-5e-congres-del-partit-per-al-29-de-gener-que-servira-per-reforcar-el-projecte-socialista-amb-lobjectiu-dampliar-majories-en-2023\/","name":"El Comit\u00e8 Insular de la FSE-PSOE convoca el 5\u00e8 Congr\u00e9s del partit per al 29 de gener, que servir\u00e0 per \"refor\u00e7ar el projecte\" socialista amb l'objectiu \"d'ampliar majories en 2023\" - Federaci\u00f3 Socialista d&#039;Eivissa","isPartOf":{"@id":"https:\/\/www.psib-psoe.org\/eivissa\/#website"},"primaryImageOfPage":{"@id":"https:\/\/www.psib-psoe.org\/eivissa\/el-comite-insular-de-la-fse-psoe-convoca-el-5e-congres-del-partit-per-al-29-de-gener-que-servira-per-reforcar-el-projecte-socialista-amb-lobjectiu-dampliar-majories-en-2023\/#primaryimage"},"image":{"@id":"https:\/\/www.psib-psoe.org\/eivissa\/el-comite-insular-de-la-fse-psoe-convoca-el-5e-congres-del-partit-per-al-29-de-gener-que-servira-per-reforcar-el-projecte-socialista-amb-lobjectiu-dampliar-majories-en-2023\/#primaryimage"},"thumbnailUrl":"https:\/\/www.psib-psoe.org\/eivissa\/wp-content\/uploads\/comite-insular-fse.jpg","datePublished":"2021-12-03T09:00:41+00:00","breadcrumb":{"@id":"https:\/\/www.psib-psoe.org\/eivissa\/el-comite-insular-de-la-fse-psoe-convoca-el-5e-congres-del-partit-per-al-29-de-gener-que-servira-per-reforcar-el-projecte-socialista-amb-lobjectiu-dampliar-majories-en-2023\/#breadcrumb"},"inLanguage":"ca","potentialAction":[{"@type":"ReadAction","target":["https:\/\/www.psib-psoe.org\/eivissa\/el-comite-insular-de-la-fse-psoe-convoca-el-5e-congres-del-partit-per-al-29-de-gener-que-servira-per-reforcar-el-projecte-socialista-amb-lobjectiu-dampliar-majories-en-2023\/"]}]},{"@type":"ImageObject","inLanguage":"ca","@id":"https:\/\/www.psib-psoe.org\/eivissa\/el-comite-insular-de-la-fse-psoe-convoca-el-5e-congres-del-partit-per-al-29-de-gener-que-servira-per-reforcar-el-projecte-socialista-amb-lobjectiu-dampliar-majories-en-2023\/#primaryimage","url":"https:\/\/www.psib-psoe.org\/eivissa\/wp-content\/uploads\/comite-insular-fse.jpg","contentUrl":"https:\/\/www.psib-psoe.org\/eivissa\/wp-content\/uploads\/comite-insular-fse.jpg","width":1920,"height":1080},{"@type":"BreadcrumbList","@id":"https:\/\/www.psib-psoe.org\/eivissa\/el-comite-insular-de-la-fse-psoe-convoca-el-5e-congres-del-partit-per-al-29-de-gener-que-servira-per-reforcar-el-projecte-socialista-amb-lobjectiu-dampliar-majories-en-2023\/#breadcrumb","itemListElement":[{"@type":"ListItem","position":1,"name":"Inici","item":"https:\/\/www.psib-psoe.org\/eivissa\/"},{"@type":"ListItem","position":2,"name":"El Comit\u00e8 Insular de la FSE-PSOE convoca el 5\u00e8 Congr\u00e9s del partit per al 29 de gener, que servir\u00e0 per &#8220;refor\u00e7ar el projecte&#8221; socialista amb l&#8217;objectiu &#8220;d&#8217;ampliar majories en 2023&#8221;"}]},{"@type":"WebSite","@id":"https:\/\/www.psib-psoe.org\/eivissa\/#website","url":"https:\/\/www.psib-psoe.org\/eivissa\/","name":"Federaci\u00f3 Socialista d'Eivissa","description":"Socialistes d&#039;Eivissa","publisher":{"@id":"https:\/\/www.psib-psoe.org\/eivissa\/#organization"},"potentialAction":[{"@type":"SearchAction","target":{"@type":"EntryPoint","urlTemplate":"https:\/\/www.psib-psoe.org\/eivissa\/?s={search_term_string}"},"query-input":{"@type":"PropertyValueSpecification","valueRequired":true,"valueName":"search_term_string"}}],"inLanguage":"ca"},{"@type":"Organization","@id":"https:\/\/www.psib-psoe.org\/eivissa\/#organization","name":"Federaci\u00f3 Socialista d'Eivissa","url":"https:\/\/www.psib-psoe.org\/eivissa\/","logo":{"@type":"ImageObject","inLanguage":"ca","@id":"https:\/\/www.psib-psoe.org\/eivissa\/#\/schema\/logo\/image\/","url":"https:\/\/www.psib-psoe.org\/eivissa\/wp-content\/uploads\/LOGO-FSE-SOCIALISTA-DEIVISSA-HORI.png","contentUrl":"https:\/\/www.psib-psoe.org\/eivissa\/wp-content\/uploads\/LOGO-FSE-SOCIALISTA-DEIVISSA-HORI.png","width":6000,"height":3104,"caption":"Federaci\u00f3 Socialista d'Eivissa"},"image":{"@id":"https:\/\/www.psib-psoe.org\/eivissa\/#\/schema\/logo\/image\/"}},{"@type":"Person","@id":"https:\/\/www.psib-psoe.org\/eivissa\/#\/schema\/person\/7a9d2841fb36f32e34fc0e9b245e8117","name":"Josep Ripoll","sameAs":["http:\/\/www.psib-psoe.org\/eivissa\/wp-login.php"],"url":"https:\/\/www.psib-psoe.org\/eivissa\/author\/josep\/"}]}},"_links":{"self":[{"href":"https:\/\/www.psib-psoe.org\/eivissa\/wp-json\/wp\/v2\/posts\/34748","targetHints":{"allow":["GET"]}}],"collection":[{"href":"https:\/\/www.psib-psoe.org\/eivissa\/wp-json\/wp\/v2\/posts"}],"about":[{"href":"https:\/\/www.psib-psoe.org\/eivissa\/wp-json\/wp\/v2\/types\/post"}],"author":[{"embeddable":true,"href":"https:\/\/www.psib-psoe.org\/eivissa\/wp-json\/wp\/v2\/users\/7"}],"replies":[{"embeddable":true,"href":"https:\/\/www.psib-psoe.org\/eivissa\/wp-json\/wp\/v2\/comments?post=34748"}],"version-history":[{"count":2,"href":"https:\/\/www.psib-psoe.org\/eivissa\/wp-json\/wp\/v2\/posts\/34748\/revisions"}],"predecessor-version":[{"id":34822,"href":"https:\/\/www.psib-psoe.org\/eivissa\/wp-json\/wp\/v2\/posts\/34748\/revisions\/34822"}],"wp:featuredmedia":[{"embeddable":true,"href":"https:\/\/www.psib-psoe.org\/eivissa\/wp-json\/wp\/v2\/media\/34749"}],"wp:attachment":[{"href":"https:\/\/www.psib-psoe.org\/eivissa\/wp-json\/wp\/v2\/media?parent=34748"}],"wp:term":[{"taxonomy":"category","embeddable":true,"href":"https:\/\/www.psib-psoe.org\/eivissa\/wp-json\/wp\/v2\/categories?post=34748"},{"taxonomy":"post_tag","embeddable":true,"href":"https:\/\/www.psib-psoe.org\/eivissa\/wp-json\/wp\/v2\/tags?post=34748"}],"curies":[{"name":"wp","href":"https:\/\/api.w.org\/{rel}","templated":true}]}}